{"id":7273,"date":"2026-08-28T12:57:55","date_gmt":"2026-08-28T12:57:55","guid":{"rendered":"https:\/\/mznoticia.com.br\/jaguariaiva\/?p=7273"},"modified":"2026-08-28T12:57:55","modified_gmt":"2026-08-28T12:57:55","slug":"prefeitos-dos-campos-gerais-se-reunem-em-ponta-grossa-para-discutir-acoes-regionais","status":"publish","type":"post","link":"https:\/\/mznoticia.com.br\/jaguariaiva\/prefeitos-dos-campos-gerais-se-reunem-em-ponta-grossa-para-discutir-acoes-regionais\/","title":{"rendered":"Prefeitos dos Campos Gerais se re\u00fanem em Ponta Grossa para discutir a\u00e7\u00f5es regionais"},"content":{"rendered":"<h2>Encontro da AMCG reuniu gestores nesta quarta-feira (26) e debateu preven\u00e7\u00e3o a eventos clim\u00e1ticos, turismo, integra\u00e7\u00e3o entre munic\u00edpios e demandas regionais<\/h2>\n<h2>Defesa Civil \u00e9 destaque na reuni\u00e3o<\/h2>\n<p class=\"isSelectedEnd\">A Associa\u00e7\u00e3o dos Munic\u00edpios dos Campos Gerais (AMCG) realizou, nesta quarta-feira (26), em Ponta Grossa, mais uma Reuni\u00e3o Ordin\u00e1ria com a participa\u00e7\u00e3o de prefeitos, prefeitas e representantes dos munic\u00edpios associados.<\/p>\n<p class=\"isSelectedEnd\">O encontro teve como objetivo fortalecer a articula\u00e7\u00e3o entre os gestores e avan\u00e7ar em pautas de interesse regional.<\/p>\n<p class=\"isSelectedEnd\">Um dos principais assuntos foi a prepara\u00e7\u00e3o dos munic\u00edpios para eventos clim\u00e1ticos. Os gestores participaram de um di\u00e1logo com o 2\u00ba N\u00facleo de Atua\u00e7\u00e3o Regional da Defesa Civil, representado pelo 2\u00ba Tenente Edson Aparecido Roque.<\/p>\n<p class=\"isSelectedEnd\">Durante a reuni\u00e3o, foram discutidas a\u00e7\u00f5es de preven\u00e7\u00e3o e prepara\u00e7\u00e3o das equipes municipais diante da possibilidade de eventos clim\u00e1ticos extremos.<\/p>\n<h2>Munic\u00edpios refor\u00e7am import\u00e2ncia da preven\u00e7\u00e3o<\/h2>\n<p class=\"isSelectedEnd\">O presidente da AMCG e prefeito de Seng\u00e9s, Gerson Nunes, destacou a import\u00e2ncia da atua\u00e7\u00e3o conjunta dos munic\u00edpios e da prepara\u00e7\u00e3o das equipes para situa\u00e7\u00f5es de emerg\u00eancia.<\/p>\n<p class=\"isSelectedEnd\">Segundo ele, os munic\u00edpios dos Campos Gerais est\u00e3o atentos \u00e0s orienta\u00e7\u00f5es da Defesa Civil e \u00e0s condi\u00e7\u00f5es clim\u00e1ticas previstas para a regi\u00e3o.<\/p>\n<p class=\"isSelectedEnd\">O vice-presidente da AMCG e prefeito de Ipiranga, Douglas Modesto, tamb\u00e9m ressaltou a necessidade de uni\u00e3o entre as administra\u00e7\u00f5es municipais tanto na preven\u00e7\u00e3o quanto na recupera\u00e7\u00e3o ap\u00f3s ocorr\u00eancias clim\u00e1ticas.<\/p>\n<p class=\"isSelectedEnd\">A secret\u00e1ria da AMCG e prefeita de Carambe\u00ed, Elisangela Pedroso, refor\u00e7ou que o di\u00e1logo entre os gestores permite a constru\u00e7\u00e3o de a\u00e7\u00f5es integradas para enfrentar os desafios dos munic\u00edpios.<\/p>\n<p class=\"isSelectedEnd\">J\u00e1 o tesoureiro da entidade e prefeito de Palmeira, Altamir Sanson, destacou a import\u00e2ncia de manter a articula\u00e7\u00e3o regional para buscar solu\u00e7\u00f5es conjuntas e preparar as cidades para situa\u00e7\u00f5es de emerg\u00eancia.<\/p>\n<h2>Ponta Grossa apresenta a\u00e7\u00f5es de preven\u00e7\u00e3o<\/h2>\n<p class=\"isSelectedEnd\">Anfitri\u00e3 do encontro, a prefeita de Ponta Grossa, Elizabeth Schmidt, destacou o papel da AMCG na integra\u00e7\u00e3o dos munic\u00edpios e na discuss\u00e3o de pol\u00edticas p\u00fablicas de interesse regional.<\/p>\n<p class=\"isSelectedEnd\">Durante a reuni\u00e3o, foram apresentadas algumas a\u00e7\u00f5es desenvolvidas em Ponta Grossa, incluindo o fortalecimento da Defesa Civil e iniciativas de microdrenagem voltadas \u00e0 redu\u00e7\u00e3o de riscos de alagamentos.<\/p>\n<p class=\"isSelectedEnd\">O cen\u00e1rio relacionado aos eventos clim\u00e1ticos tamb\u00e9m foi discutido pelos gestores, especialmente diante dos impactos registrados em munic\u00edpios da regi\u00e3o.<\/p>\n<h2>Reserva relata a\u00e7\u00f5es ap\u00f3s eventos clim\u00e1ticos<\/h2>\n<p class=\"isSelectedEnd\">O prefeito de Reserva, Lucas Machado, relatou aos demais gestores as dificuldades enfrentadas pelo munic\u00edpio ap\u00f3s eventos clim\u00e1ticos que provocaram impactos na cidade.<\/p>\n<p class=\"isSelectedEnd\">Segundo ele, o munic\u00edpio chegou a decretar situa\u00e7\u00e3o de emerg\u00eancia e precisou mobilizar equipes para atender as fam\u00edlias afetadas.<\/p>\n<p class=\"isSelectedEnd\">O gestor destacou a import\u00e2ncia da atua\u00e7\u00e3o r\u00e1pida da Defesa Civil e da prepara\u00e7\u00e3o das equipes municipais para agilizar o atendimento em situa\u00e7\u00f5es emergenciais.<\/p>\n<p class=\"isSelectedEnd\">Entre as a\u00e7\u00f5es realizadas, foram citadas a reconstru\u00e7\u00e3o de casas, que j\u00e1 estava em fase final, e a entrega de telhas iniciada ap\u00f3s a ocorr\u00eancia de granizo.<\/p>\n<h2>Turismo tamb\u00e9m entra na pauta<\/h2>\n<p class=\"isSelectedEnd\">Outro destaque da reuni\u00e3o foi o turismo regional. Os gestores acompanharam a apresenta\u00e7\u00e3o do projeto <strong>Visite os Campos Gerais<\/strong>, desenvolvido pela RPC em parceria com a AMCG.<\/p>\n<p class=\"isSelectedEnd\">A iniciativa busca ampliar a divulga\u00e7\u00e3o dos atrativos tur\u00edsticos e valorizar os munic\u00edpios da regi\u00e3o como destinos para visitantes.<\/p>\n<p class=\"isSelectedEnd\">A parceria pretende fortalecer a promo\u00e7\u00e3o dos atrativos naturais, culturais, hist\u00f3ricos e gastron\u00f4micos existentes nos Campos Gerais.<\/p>\n<h2>M\u00fcnchenFest 2026 \u00e9 divulgada<\/h2>\n<p class=\"isSelectedEnd\">Ao final do encontro, tamb\u00e9m foi realizada a divulga\u00e7\u00e3o da <strong>35\u00aa edi\u00e7\u00e3o da M\u00fcnchenFest<\/strong>, tradicional festa de Ponta Grossa que re\u00fane visitantes de diferentes munic\u00edpios da regi\u00e3o.<\/p>\n<p class=\"isSelectedEnd\">Os prefeitos e representantes ainda deram sequ\u00eancia \u00e0s discuss\u00f5es de assuntos gerais e demandas municipais, refor\u00e7ando a import\u00e2ncia da atua\u00e7\u00e3o conjunta para o desenvolvimento dos Campos Gerais.<\/p>\n<p>Al\u00e9m dos prefeitos e prefeitas, participaram do encontro o vice-prefeito de Imba\u00fa, Davi Antunes; as secret\u00e1rias municipais de Tibagi, Maxsuelly Lipke, do Esporte, e Raquel Benitez Kruger, da Assist\u00eancia Social; e o chefe de gabinete de S\u00e3o Jo\u00e3o do Triunfo, Acir Vagner.<\/p>\n","protected":false},"excerpt":{"rendered":"<p>Encontro da AMCG reuniu gestores nesta quarta-feira (26) e debateu preven\u00e7\u00e3o a eventos clim\u00e1ticos, turismo, integra\u00e7\u00e3o entre munic\u00edpios e demandas regionais Defesa Civil \u00e9 destaque na reuni\u00e3o A Associa\u00e7\u00e3o dos Munic\u00edpios dos Campos Gerais (AMCG) realizou, nesta quarta-feira (26), em Ponta Grossa, mais uma Reuni\u00e3o Ordin\u00e1ria com a participa\u00e7\u00e3o de prefeitos, prefeitas e representantes dos [&hellip;]<\/p>\n","protected":false},"author":16,"featured_media":7274,"comment_status":"open","ping_status":"open","sticky":false,"template":"","format":"standard","meta":{"footnotes":""},"categories":[8],"tags":[680,314,580,1363,2751,547,24,2951,326],"class_list":["post-7273","post","type-post","status-publish","format-standard","has-post-thumbnail","hentry","category-campos-gerais","tag-amcg","tag-campos-gerais","tag-defesa-civil","tag-eventos-climaticos","tag-munchenfest","tag-municipios","tag-ponta-grossa","tag-prefeitos","tag-turismo"],"yoast_head":"<!-- This site is optimized with the Yoast SEO plugin v28.1 - https:\/\/yoast.com\/product\/yoast-seo-wordpress\/ -->\n<title>Prefeitos dos Campos Gerais se re\u00fanem em Ponta Grossa para discutir a\u00e7\u00f5es regionais - Mz Not\u00edcias<\/title>\n<meta name=\"description\" content=\"Reuni\u00e3o da AMCG em Ponta Grossa debateu preven\u00e7\u00e3o a eventos clim\u00e1ticos, Defesa Civil, turismo e integra\u00e7\u00e3o entre munic\u00edpios dos Campos Gerais.\" \/>\n<meta name=\"robots\" content=\"index, follow, max-snippet:-1, max-image-preview:large, max-video-preview:-1\" \/>\n<link rel=\"canonical\" href=\"https:\/\/mznoticia.com.br\/jaguariaiva\/prefeitos-dos-campos-gerais-se-reunem-em-ponta-grossa-para-discutir-acoes-regionais\/\" \/>\n<meta property=\"og:locale\" content=\"pt_BR\" \/>\n<meta property=\"og:type\" content=\"article\" \/>\n<meta property=\"og:title\" content=\"Prefeitos dos Campos Gerais se re\u00fanem em Ponta Grossa para discutir a\u00e7\u00f5es regionais - Mz Not\u00edcias\" \/>\n<meta property=\"og:description\" content=\"Reuni\u00e3o da AMCG em Ponta Grossa debateu preven\u00e7\u00e3o a eventos clim\u00e1ticos, Defesa Civil, turismo e integra\u00e7\u00e3o entre munic\u00edpios dos Campos Gerais.\" \/>\n<meta property=\"og:url\" content=\"https:\/\/mznoticia.com.br\/jaguariaiva\/prefeitos-dos-campos-gerais-se-reunem-em-ponta-grossa-para-discutir-acoes-regionais\/\" \/>\n<meta property=\"og:site_name\" content=\"Mz Not\u00edcias\" \/>\n<meta property=\"article:publisher\" content=\"https:\/\/www.facebook.com\/profile.php?id=61573479951222\" \/>\n<meta property=\"article:published_time\" content=\"2026-08-28T12:57:55+00:00\" \/>\n<meta property=\"og:image\" content=\"https:\/\/mznoticia.com.br\/jaguariaiva\/wp-content\/uploads\/2026\/08\/10-32.jpg\" \/>\n\t<meta property=\"og:image:width\" content=\"750\" \/>\n\t<meta property=\"og:image:height\" content=\"430\" \/>\n\t<meta property=\"og:image:type\" content=\"image\/jpeg\" \/>\n<meta name=\"author\" content=\"Redacao mz\" \/>\n<meta name=\"twitter:card\" content=\"summary_large_image\" \/>\n<meta name=\"twitter:label1\" content=\"Escrito por\" \/>\n\t<meta name=\"twitter:data1\" content=\"Redacao mz\" \/>\n\t<meta name=\"twitter:label2\" content=\"Est. tempo de leitura\" \/>\n\t<meta name=\"twitter:data2\" content=\"4 minutos\" \/>\n<script type=\"application\/ld+json\" class=\"yoast-schema-graph\">{\"@context\":\"https:\\\/\\\/schema.org\",\"@graph\":[{\"@type\":\"Article\",\"@id\":\"https:\\\/\\\/mznoticia.com.br\\\/jaguariaiva\\\/prefeitos-dos-campos-gerais-se-reunem-em-ponta-grossa-para-discutir-acoes-regionais\\\/#article\",\"isPartOf\":{\"@id\":\"https:\\\/\\\/mznoticia.com.br\\\/jaguariaiva\\\/prefeitos-dos-campos-gerais-se-reunem-em-ponta-grossa-para-discutir-acoes-regionais\\\/\"},\"author\":{\"name\":\"Redacao mz\",\"@id\":\"https:\\\/\\\/mznoticia.com.br\\\/jaguariaiva\\\/#\\\/schema\\\/person\\\/84012d827247b3f42f37b550da79cd03\"},\"headline\":\"Prefeitos dos Campos Gerais se re\u00fanem em Ponta Grossa para discutir a\u00e7\u00f5es regionais\",\"datePublished\":\"2026-08-28T12:57:55+00:00\",\"mainEntityOfPage\":{\"@id\":\"https:\\\/\\\/mznoticia.com.br\\\/jaguariaiva\\\/prefeitos-dos-campos-gerais-se-reunem-em-ponta-grossa-para-discutir-acoes-regionais\\\/\"},\"wordCount\":750,\"commentCount\":0,\"publisher\":{\"@id\":\"https:\\\/\\\/mznoticia.com.br\\\/jaguariaiva\\\/#organization\"},\"image\":{\"@id\":\"https:\\\/\\\/mznoticia.com.br\\\/jaguariaiva\\\/prefeitos-dos-campos-gerais-se-reunem-em-ponta-grossa-para-discutir-acoes-regionais\\\/#primaryimage\"},\"thumbnailUrl\":\"https:\\\/\\\/mznoticia.com.br\\\/jaguariaiva\\\/wp-content\\\/uploads\\\/2026\\\/08\\\/10-32.jpg\",\"keywords\":[\"AMCG\",\"Campos Gerais\",\"defesa civil\",\"Eventos Clim\u00e1ticos\",\"M\u00fcnchenfest\",\"Munic\u00edpios\",\"Ponta Grossa\",\"Prefeitos\",\"Turismo\"],\"articleSection\":[\"Campos Gerais\"],\"inLanguage\":\"pt-BR\",\"potentialAction\":[{\"@type\":\"CommentAction\",\"name\":\"Comment\",\"target\":[\"https:\\\/\\\/mznoticia.com.br\\\/jaguariaiva\\\/prefeitos-dos-campos-gerais-se-reunem-em-ponta-grossa-para-discutir-acoes-regionais\\\/#respond\"]}]},{\"@type\":\"WebPage\",\"@id\":\"https:\\\/\\\/mznoticia.com.br\\\/jaguariaiva\\\/prefeitos-dos-campos-gerais-se-reunem-em-ponta-grossa-para-discutir-acoes-regionais\\\/\",\"url\":\"https:\\\/\\\/mznoticia.com.br\\\/jaguariaiva\\\/prefeitos-dos-campos-gerais-se-reunem-em-ponta-grossa-para-discutir-acoes-regionais\\\/\",\"name\":\"Prefeitos dos Campos Gerais se re\u00fanem em Ponta Grossa para discutir a\u00e7\u00f5es regionais - Mz Not\u00edcias\",\"isPartOf\":{\"@id\":\"https:\\\/\\\/mznoticia.com.br\\\/jaguariaiva\\\/#website\"},\"primaryImageOfPage\":{\"@id\":\"https:\\\/\\\/mznoticia.com.br\\\/jaguariaiva\\\/prefeitos-dos-campos-gerais-se-reunem-em-ponta-grossa-para-discutir-acoes-regionais\\\/#primaryimage\"},\"image\":{\"@id\":\"https:\\\/\\\/mznoticia.com.br\\\/jaguariaiva\\\/prefeitos-dos-campos-gerais-se-reunem-em-ponta-grossa-para-discutir-acoes-regionais\\\/#primaryimage\"},\"thumbnailUrl\":\"https:\\\/\\\/mznoticia.com.br\\\/jaguariaiva\\\/wp-content\\\/uploads\\\/2026\\\/08\\\/10-32.jpg\",\"datePublished\":\"2026-08-28T12:57:55+00:00\",\"description\":\"Reuni\u00e3o da AMCG em Ponta Grossa debateu preven\u00e7\u00e3o a eventos clim\u00e1ticos, Defesa Civil, turismo e integra\u00e7\u00e3o entre munic\u00edpios dos Campos Gerais.\",\"breadcrumb\":{\"@id\":\"https:\\\/\\\/mznoticia.com.br\\\/jaguariaiva\\\/prefeitos-dos-campos-gerais-se-reunem-em-ponta-grossa-para-discutir-acoes-regionais\\\/#breadcrumb\"},\"inLanguage\":\"pt-BR\",\"potentialAction\":[{\"@type\":\"ReadAction\",\"target\":[\"https:\\\/\\\/mznoticia.com.br\\\/jaguariaiva\\\/prefeitos-dos-campos-gerais-se-reunem-em-ponta-grossa-para-discutir-acoes-regionais\\\/\"]}]},{\"@type\":\"ImageObject\",\"inLanguage\":\"pt-BR\",\"@id\":\"https:\\\/\\\/mznoticia.com.br\\\/jaguariaiva\\\/prefeitos-dos-campos-gerais-se-reunem-em-ponta-grossa-para-discutir-acoes-regionais\\\/#primaryimage\",\"url\":\"https:\\\/\\\/mznoticia.com.br\\\/jaguariaiva\\\/wp-content\\\/uploads\\\/2026\\\/08\\\/10-32.jpg\",\"contentUrl\":\"https:\\\/\\\/mznoticia.com.br\\\/jaguariaiva\\\/wp-content\\\/uploads\\\/2026\\\/08\\\/10-32.jpg\",\"width\":750,\"height\":430},{\"@type\":\"BreadcrumbList\",\"@id\":\"https:\\\/\\\/mznoticia.com.br\\\/jaguariaiva\\\/prefeitos-dos-campos-gerais-se-reunem-em-ponta-grossa-para-discutir-acoes-regionais\\\/#breadcrumb\",\"itemListElement\":[{\"@type\":\"ListItem\",\"position\":1,\"name\":\"Home\",\"item\":\"https:\\\/\\\/mznoticia.com.br\\\/jaguariaiva\\\/\"},{\"@type\":\"ListItem\",\"position\":2,\"name\":\"Prefeitos dos Campos Gerais se re\u00fanem em Ponta Grossa para discutir a\u00e7\u00f5es regionais\"}]},{\"@type\":\"WebSite\",\"@id\":\"https:\\\/\\\/mznoticia.com.br\\\/jaguariaiva\\\/#website\",\"url\":\"https:\\\/\\\/mznoticia.com.br\\\/jaguariaiva\\\/\",\"name\":\"Mz Not\u00edcia\",\"description\":\"A informa\u00e7\u00e3o que voc\u00ea precisa na hora certa!\",\"publisher\":{\"@id\":\"https:\\\/\\\/mznoticia.com.br\\\/jaguariaiva\\\/#organization\"},\"potentialAction\":[{\"@type\":\"SearchAction\",\"target\":{\"@type\":\"EntryPoint\",\"urlTemplate\":\"https:\\\/\\\/mznoticia.com.br\\\/jaguariaiva\\\/?s={search_term_string}\"},\"query-input\":{\"@type\":\"PropertyValueSpecification\",\"valueRequired\":true,\"valueName\":\"search_term_string\"}}],\"inLanguage\":\"pt-BR\"},{\"@type\":\"Organization\",\"@id\":\"https:\\\/\\\/mznoticia.com.br\\\/jaguariaiva\\\/#organization\",\"name\":\"Mz Not\u00edcia\",\"url\":\"https:\\\/\\\/mznoticia.com.br\\\/jaguariaiva\\\/\",\"logo\":{\"@type\":\"ImageObject\",\"inLanguage\":\"pt-BR\",\"@id\":\"https:\\\/\\\/mznoticia.com.br\\\/jaguariaiva\\\/#\\\/schema\\\/logo\\\/image\\\/\",\"url\":\"https:\\\/\\\/mznoticia.com.br\\\/jaguariaiva\\\/wp-content\\\/uploads\\\/2025\\\/03\\\/Design-sem-nome-4-e1741200616392.png\",\"contentUrl\":\"https:\\\/\\\/mznoticia.com.br\\\/jaguariaiva\\\/wp-content\\\/uploads\\\/2025\\\/03\\\/Design-sem-nome-4-e1741200616392.png\",\"width\":750,\"height\":563,\"caption\":\"Mz Not\u00edcia\"},\"image\":{\"@id\":\"https:\\\/\\\/mznoticia.com.br\\\/jaguariaiva\\\/#\\\/schema\\\/logo\\\/image\\\/\"},\"sameAs\":[\"https:\\\/\\\/www.facebook.com\\\/profile.php?id=61573479951222\",\"https:\\\/\\\/www.instagram.com\\\/mz.jaguariaiva\\\/\"]},{\"@type\":\"Person\",\"@id\":\"https:\\\/\\\/mznoticia.com.br\\\/jaguariaiva\\\/#\\\/schema\\\/person\\\/84012d827247b3f42f37b550da79cd03\",\"name\":\"Redacao mz\",\"image\":{\"@type\":\"ImageObject\",\"inLanguage\":\"pt-BR\",\"@id\":\"https:\\\/\\\/mznoticia.com.br\\\/jaguariaiva\\\/wp-content\\\/uploads\\\/2025\\\/02\\\/mznoticia_jaguariaiva_coluna-150x150.png\",\"url\":\"https:\\\/\\\/mznoticia.com.br\\\/jaguariaiva\\\/wp-content\\\/uploads\\\/2025\\\/02\\\/mznoticia_jaguariaiva_coluna-150x150.png\",\"contentUrl\":\"https:\\\/\\\/mznoticia.com.br\\\/jaguariaiva\\\/wp-content\\\/uploads\\\/2025\\\/02\\\/mznoticia_jaguariaiva_coluna-150x150.png\",\"caption\":\"Redacao mz\"},\"sameAs\":[\"http:\\\/\\\/mznoticia.com.br\"],\"url\":\"https:\\\/\\\/mznoticia.com.br\\\/jaguariaiva\\\/author\\\/lucimara\\\/\"}]}<\/script>\n<!-- \/ Yoast SEO plugin. -->","yoast_head_json":{"title":"Prefeitos dos Campos Gerais se re\u00fanem em Ponta Grossa para discutir a\u00e7\u00f5es regionais - Mz Not\u00edcias","description":"Reuni\u00e3o da AMCG em Ponta Grossa debateu preven\u00e7\u00e3o a eventos clim\u00e1ticos, Defesa Civil, turismo e integra\u00e7\u00e3o entre munic\u00edpios dos Campos Gerais.","robots":{"index":"index","follow":"follow","max-snippet":"max-snippet:-1","max-image-preview":"max-image-preview:large","max-video-preview":"max-video-preview:-1"},"canonical":"https:\/\/mznoticia.com.br\/jaguariaiva\/prefeitos-dos-campos-gerais-se-reunem-em-ponta-grossa-para-discutir-acoes-regionais\/","og_locale":"pt_BR","og_type":"article","og_title":"Prefeitos dos Campos Gerais se re\u00fanem em Ponta Grossa para discutir a\u00e7\u00f5es regionais - Mz Not\u00edcias","og_description":"Reuni\u00e3o da AMCG em Ponta Grossa debateu preven\u00e7\u00e3o a eventos clim\u00e1ticos, Defesa Civil, turismo e integra\u00e7\u00e3o entre munic\u00edpios dos Campos Gerais.","og_url":"https:\/\/mznoticia.com.br\/jaguariaiva\/prefeitos-dos-campos-gerais-se-reunem-em-ponta-grossa-para-discutir-acoes-regionais\/","og_site_name":"Mz Not\u00edcias","article_publisher":"https:\/\/www.facebook.com\/profile.php?id=61573479951222","article_published_time":"2026-08-28T12:57:55+00:00","og_image":[{"width":750,"height":430,"url":"https:\/\/mznoticia.com.br\/jaguariaiva\/wp-content\/uploads\/2026\/08\/10-32.jpg","type":"image\/jpeg"}],"author":"Redacao mz","twitter_card":"summary_large_image","twitter_misc":{"Escrito por":"Redacao mz","Est. tempo de leitura":"4 minutos"},"schema":{"@context":"https:\/\/schema.org","@graph":[{"@type":"Article","@id":"https:\/\/mznoticia.com.br\/jaguariaiva\/prefeitos-dos-campos-gerais-se-reunem-em-ponta-grossa-para-discutir-acoes-regionais\/#article","isPartOf":{"@id":"https:\/\/mznoticia.com.br\/jaguariaiva\/prefeitos-dos-campos-gerais-se-reunem-em-ponta-grossa-para-discutir-acoes-regionais\/"},"author":{"name":"Redacao mz","@id":"https:\/\/mznoticia.com.br\/jaguariaiva\/#\/schema\/person\/84012d827247b3f42f37b550da79cd03"},"headline":"Prefeitos dos Campos Gerais se re\u00fanem em Ponta Grossa para discutir a\u00e7\u00f5es regionais","datePublished":"2026-08-28T12:57:55+00:00","mainEntityOfPage":{"@id":"https:\/\/mznoticia.com.br\/jaguariaiva\/prefeitos-dos-campos-gerais-se-reunem-em-ponta-grossa-para-discutir-acoes-regionais\/"},"wordCount":750,"commentCount":0,"publisher":{"@id":"https:\/\/mznoticia.com.br\/jaguariaiva\/#organization"},"image":{"@id":"https:\/\/mznoticia.com.br\/jaguariaiva\/prefeitos-dos-campos-gerais-se-reunem-em-ponta-grossa-para-discutir-acoes-regionais\/#primaryimage"},"thumbnailUrl":"https:\/\/mznoticia.com.br\/jaguariaiva\/wp-content\/uploads\/2026\/08\/10-32.jpg","keywords":["AMCG","Campos Gerais","defesa civil","Eventos Clim\u00e1ticos","M\u00fcnchenfest","Munic\u00edpios","Ponta Grossa","Prefeitos","Turismo"],"articleSection":["Campos Gerais"],"inLanguage":"pt-BR","potentialAction":[{"@type":"CommentAction","name":"Comment","target":["https:\/\/mznoticia.com.br\/jaguariaiva\/prefeitos-dos-campos-gerais-se-reunem-em-ponta-grossa-para-discutir-acoes-regionais\/#respond"]}]},{"@type":"WebPage","@id":"https:\/\/mznoticia.com.br\/jaguariaiva\/prefeitos-dos-campos-gerais-se-reunem-em-ponta-grossa-para-discutir-acoes-regionais\/","url":"https:\/\/mznoticia.com.br\/jaguariaiva\/prefeitos-dos-campos-gerais-se-reunem-em-ponta-grossa-para-discutir-acoes-regionais\/","name":"Prefeitos dos Campos Gerais se re\u00fanem em Ponta Grossa para discutir a\u00e7\u00f5es regionais - Mz Not\u00edcias","isPartOf":{"@id":"https:\/\/mznoticia.com.br\/jaguariaiva\/#website"},"primaryImageOfPage":{"@id":"https:\/\/mznoticia.com.br\/jaguariaiva\/prefeitos-dos-campos-gerais-se-reunem-em-ponta-grossa-para-discutir-acoes-regionais\/#primaryimage"},"image":{"@id":"https:\/\/mznoticia.com.br\/jaguariaiva\/prefeitos-dos-campos-gerais-se-reunem-em-ponta-grossa-para-discutir-acoes-regionais\/#primaryimage"},"thumbnailUrl":"https:\/\/mznoticia.com.br\/jaguariaiva\/wp-content\/uploads\/2026\/08\/10-32.jpg","datePublished":"2026-08-28T12:57:55+00:00","description":"Reuni\u00e3o da AMCG em Ponta Grossa debateu preven\u00e7\u00e3o a eventos clim\u00e1ticos, Defesa Civil, turismo e integra\u00e7\u00e3o entre munic\u00edpios dos Campos Gerais.","breadcrumb":{"@id":"https:\/\/mznoticia.com.br\/jaguariaiva\/prefeitos-dos-campos-gerais-se-reunem-em-ponta-grossa-para-discutir-acoes-regionais\/#breadcrumb"},"inLanguage":"pt-BR","potentialAction":[{"@type":"ReadAction","target":["https:\/\/mznoticia.com.br\/jaguariaiva\/prefeitos-dos-campos-gerais-se-reunem-em-ponta-grossa-para-discutir-acoes-regionais\/"]}]},{"@type":"ImageObject","inLanguage":"pt-BR","@id":"https:\/\/mznoticia.com.br\/jaguariaiva\/prefeitos-dos-campos-gerais-se-reunem-em-ponta-grossa-para-discutir-acoes-regionais\/#primaryimage","url":"https:\/\/mznoticia.com.br\/jaguariaiva\/wp-content\/uploads\/2026\/08\/10-32.jpg","contentUrl":"https:\/\/mznoticia.com.br\/jaguariaiva\/wp-content\/uploads\/2026\/08\/10-32.jpg","width":750,"height":430},{"@type":"BreadcrumbList","@id":"https:\/\/mznoticia.com.br\/jaguariaiva\/prefeitos-dos-campos-gerais-se-reunem-em-ponta-grossa-para-discutir-acoes-regionais\/#breadcrumb","itemListElement":[{"@type":"ListItem","position":1,"name":"Home","item":"https:\/\/mznoticia.com.br\/jaguariaiva\/"},{"@type":"ListItem","position":2,"name":"Prefeitos dos Campos Gerais se re\u00fanem em Ponta Grossa para discutir a\u00e7\u00f5es regionais"}]},{"@type":"WebSite","@id":"https:\/\/mznoticia.com.br\/jaguariaiva\/#website","url":"https:\/\/mznoticia.com.br\/jaguariaiva\/","name":"Mz Not\u00edcia","description":"A informa\u00e7\u00e3o que voc\u00ea precisa na hora certa!","publisher":{"@id":"https:\/\/mznoticia.com.br\/jaguariaiva\/#organization"},"potentialAction":[{"@type":"SearchAction","target":{"@type":"EntryPoint","urlTemplate":"https:\/\/mznoticia.com.br\/jaguariaiva\/?s={search_term_string}"},"query-input":{"@type":"PropertyValueSpecification","valueRequired":true,"valueName":"search_term_string"}}],"inLanguage":"pt-BR"},{"@type":"Organization","@id":"https:\/\/mznoticia.com.br\/jaguariaiva\/#organization","name":"Mz Not\u00edcia","url":"https:\/\/mznoticia.com.br\/jaguariaiva\/","logo":{"@type":"ImageObject","inLanguage":"pt-BR","@id":"https:\/\/mznoticia.com.br\/jaguariaiva\/#\/schema\/logo\/image\/","url":"https:\/\/mznoticia.com.br\/jaguariaiva\/wp-content\/uploads\/2025\/03\/Design-sem-nome-4-e1741200616392.png","contentUrl":"https:\/\/mznoticia.com.br\/jaguariaiva\/wp-content\/uploads\/2025\/03\/Design-sem-nome-4-e1741200616392.png","width":750,"height":563,"caption":"Mz Not\u00edcia"},"image":{"@id":"https:\/\/mznoticia.com.br\/jaguariaiva\/#\/schema\/logo\/image\/"},"sameAs":["https:\/\/www.facebook.com\/profile.php?id=61573479951222","https:\/\/www.instagram.com\/mz.jaguariaiva\/"]},{"@type":"Person","@id":"https:\/\/mznoticia.com.br\/jaguariaiva\/#\/schema\/person\/84012d827247b3f42f37b550da79cd03","name":"Redacao mz","image":{"@type":"ImageObject","inLanguage":"pt-BR","@id":"https:\/\/mznoticia.com.br\/jaguariaiva\/wp-content\/uploads\/2025\/02\/mznoticia_jaguariaiva_coluna-150x150.png","url":"https:\/\/mznoticia.com.br\/jaguariaiva\/wp-content\/uploads\/2025\/02\/mznoticia_jaguariaiva_coluna-150x150.png","contentUrl":"https:\/\/mznoticia.com.br\/jaguariaiva\/wp-content\/uploads\/2025\/02\/mznoticia_jaguariaiva_coluna-150x150.png","caption":"Redacao mz"},"sameAs":["http:\/\/mznoticia.com.br"],"url":"https:\/\/mznoticia.com.br\/jaguariaiva\/author\/lucimara\/"}]}},"_links":{"self":[{"href":"https:\/\/mznoticia.com.br\/jaguariaiva\/wp-json\/wp\/v2\/posts\/7273","targetHints":{"allow":["GET"]}}],"collection":[{"href":"https:\/\/mznoticia.com.br\/jaguariaiva\/wp-json\/wp\/v2\/posts"}],"about":[{"href":"https:\/\/mznoticia.com.br\/jaguariaiva\/wp-json\/wp\/v2\/types\/post"}],"author":[{"embeddable":true,"href":"https:\/\/mznoticia.com.br\/jaguariaiva\/wp-json\/wp\/v2\/users\/16"}],"replies":[{"embeddable":true,"href":"https:\/\/mznoticia.com.br\/jaguariaiva\/wp-json\/wp\/v2\/comments?post=7273"}],"version-history":[{"count":1,"href":"https:\/\/mznoticia.com.br\/jaguariaiva\/wp-json\/wp\/v2\/posts\/7273\/revisions"}],"predecessor-version":[{"id":7275,"href":"https:\/\/mznoticia.com.br\/jaguariaiva\/wp-json\/wp\/v2\/posts\/7273\/revisions\/7275"}],"wp:featuredmedia":[{"embeddable":true,"href":"https:\/\/mznoticia.com.br\/jaguariaiva\/wp-json\/wp\/v2\/media\/7274"}],"wp:attachment":[{"href":"https:\/\/mznoticia.com.br\/jaguariaiva\/wp-json\/wp\/v2\/media?parent=7273"}],"wp:term":[{"taxonomy":"category","embeddable":true,"href":"https:\/\/mznoticia.com.br\/jaguariaiva\/wp-json\/wp\/v2\/categories?post=7273"},{"taxonomy":"post_tag","embeddable":true,"href":"https:\/\/mznoticia.com.br\/jaguariaiva\/wp-json\/wp\/v2\/tags?post=7273"}],"curies":[{"name":"wp","href":"https:\/\/api.w.org\/{rel}","templated":true}]}}