{"id":7283,"date":"2026-08-28T13:50:29","date_gmt":"2026-08-28T13:50:29","guid":{"rendered":"https:\/\/mznoticia.com.br\/jaguariaiva\/?p=7283"},"modified":"2026-08-28T13:50:29","modified_gmt":"2026-08-28T13:50:29","slug":"brasileira-de-21-anos-se-torna-a-bilionaria-mais-jovem-do-mundo-segundo-a-forbes","status":"publish","type":"post","link":"https:\/\/mznoticia.com.br\/jaguariaiva\/brasileira-de-21-anos-se-torna-a-bilionaria-mais-jovem-do-mundo-segundo-a-forbes\/","title":{"rendered":"Brasileira de 21 anos se torna a bilion\u00e1ria mais jovem do mundo, segundo a Forbes"},"content":{"rendered":"<h2>Am\u00e9lie Voigt Trejes, herdeira da WEG, tem patrim\u00f4nio estimado em R$ 6,7 bilh\u00f5es e superou um herdeiro alem\u00e3o por apenas sete semanas de diferen\u00e7a de idade<\/h2>\n<h2>Herdeira da WEG<\/h2>\n<p class=\"isSelectedEnd\">A catarinense Am\u00e9lie Voigt Trejes, de 21 anos, tornou-se a bilion\u00e1ria mais jovem do mundo, segundo o ranking anual da Forbes divulgado nesta quinta-feira (27). O patrim\u00f4nio da jovem \u00e9 estimado em R$ 6,7 bilh\u00f5es.<\/p>\n<p class=\"isSelectedEnd\">Am\u00e9lie superou o alem\u00e3o Johannes von Baumbach, herdeiro da farmac\u00eautica Boehringer Ingelheim, por apenas sete semanas de diferen\u00e7a de idade.<\/p>\n<p class=\"isSelectedEnd\">Discreta e distante dos holofotes, a brasileira pertence \u00e0 terceira gera\u00e7\u00e3o de uma das fam\u00edlias fundadoras da WEG, multinacional de Jaragu\u00e1 do Sul, em Santa Catarina, especializada na fabrica\u00e7\u00e3o de motores el\u00e9tricos, equipamentos para gera\u00e7\u00e3o e transmiss\u00e3o de energia e solu\u00e7\u00f5es industriais.<\/p>\n<p class=\"isSelectedEnd\">A fortuna da jovem est\u00e1 diretamente relacionada \u00e0 sua participa\u00e7\u00e3o acion\u00e1ria na companhia, uma das empresas mais valiosas da Bolsa brasileira.<\/p>\n<h2>Participa\u00e7\u00e3o na companhia<\/h2>\n<p class=\"isSelectedEnd\">Am\u00e9lie \u00e9 descendente de Werner Ricardo Voigt, um dos tr\u00eas fundadores da WEG. A empresa foi criada em 1961, em Jaragu\u00e1 do Sul, ao lado de Eggon Jo\u00e3o da Silva e Geraldo Werninghaus. As iniciais dos tr\u00eas deram origem ao nome WEG.<\/p>\n<p class=\"isSelectedEnd\">Apesar de n\u00e3o ocupar cargo executivo na empresa, Am\u00e9lie integra o grupo de acionistas controladores por meio da estrutura societ\u00e1ria mantida pela fam\u00edlia.<\/p>\n<p class=\"isSelectedEnd\">Segundo os registros societ\u00e1rios apresentados no levantamento, ela possui 5.282.602 a\u00e7\u00f5es ordin\u00e1rias diretamente em seu nome, equivalentes a aproximadamente 0,126% do capital da companhia.<\/p>\n<p class=\"isSelectedEnd\">A jovem tamb\u00e9m possui participa\u00e7\u00e3o de 33,33% na Cladis Voigt Trejes Administradora Ltda., holding familiar dividida igualmente entre ela e os irm\u00e3os Felipe e Pedro, al\u00e9m de participa\u00e7\u00e3o de 33,33% na Clica Voigt Administradora Ltda.<\/p>\n<p class=\"isSelectedEnd\">Considerando as participa\u00e7\u00f5es diretas e indiretas, Am\u00e9lie controla aproximadamente 106,7 milh\u00f5es de a\u00e7\u00f5es da WEG, o equivalente a cerca de 2,54% do capital da empresa.<\/p>\n<p class=\"isSelectedEnd\">Ela tamb\u00e9m integra o bloco controlador da WPA Participa\u00e7\u00f5es e Servi\u00e7os S.A., holding que re\u00fane as fam\u00edlias dos fundadores e det\u00e9m pouco mais de 50% da WEG.<\/p>\n<h2>Fam\u00edlia concentra jovens bilion\u00e1rios<\/h2>\n<p class=\"isSelectedEnd\">A WEG passou a ser chamada nos \u00faltimos anos de uma esp\u00e9cie de \u201cf\u00e1brica de bilion\u00e1rios\u201d, em raz\u00e3o do n\u00famero de integrantes das fam\u00edlias fundadoras que aparecem entre os brasileiros mais ricos.<\/p>\n<p class=\"isSelectedEnd\">Cinco dos seis brasileiros mais jovens presentes no ranking de bilion\u00e1rios da Forbes pertencem \u00e0 fam\u00edlia Voigt:<\/p>\n<ul data-spread=\"false\">\n<li>Dora Voigt de Assis, 28 anos: patrim\u00f4nio de US$ 1,4 bilh\u00e3o;<\/li>\n<li>Felipe Voigt Trejes, 23 anos: US$ 1,1 bilh\u00e3o;<\/li>\n<li>Pedro Voigt Trejes, 23 anos: US$ 1,1 bilh\u00e3o;<\/li>\n<li>L\u00edvia Voigt de Assis, 21 anos: US$ 1,4 bilh\u00e3o;<\/li>\n<li>Am\u00e9lie Voigt Trejes, 21 anos: US$ 1,1 bilh\u00e3o.<\/li>\n<\/ul>\n<p class=\"isSelectedEnd\">Felipe e Pedro s\u00e3o irm\u00e3os g\u00eameos de Am\u00e9lie e dividem com ela participa\u00e7\u00f5es em holdings familiares relacionadas ao controle da empresa.<\/p>\n<h2>De motores el\u00e9tricos a solu\u00e7\u00f5es industriais<\/h2>\n<p class=\"isSelectedEnd\">Fundada em 1961, em Jaragu\u00e1 do Sul, a WEG iniciou suas atividades produzindo motores el\u00e9tricos. Ao longo das d\u00e9cadas, a companhia ampliou sua atua\u00e7\u00e3o e passou a fabricar uma ampla variedade de equipamentos para os setores el\u00e9trico e industrial.<\/p>\n<p class=\"isSelectedEnd\">Entre os produtos fabricados pela multinacional est\u00e3o:<\/p>\n<ul data-spread=\"false\">\n<li>motores el\u00e9tricos;<\/li>\n<li>geradores;<\/li>\n<li>transformadores;<\/li>\n<li>turbinas;<\/li>\n<li>pain\u00e9is el\u00e9tricos;<\/li>\n<li>sistemas de automa\u00e7\u00e3o industrial;<\/li>\n<li>equipamentos para gera\u00e7\u00e3o, transmiss\u00e3o e distribui\u00e7\u00e3o de energia;<\/li>\n<li>carregadores para ve\u00edculos el\u00e9tricos;<\/li>\n<li>tintas industriais e automotivas;<\/li>\n<li>componentes el\u00e9tricos.<\/li>\n<\/ul>\n<p class=\"isSelectedEnd\">Segundo a pr\u00f3pria empresa, o portf\u00f3lio re\u00fane mais de 1,5 mil linhas de produtos.<\/p>\n<p class=\"isSelectedEnd\">A multinacional est\u00e1 presente em 41 pa\u00edses, emprega mais de 45 mil colaboradores no mundo e mant\u00e9m f\u00e1bricas, centros de distribui\u00e7\u00e3o e unidades comerciais nos cinco continentes.<\/p>\n<p class=\"isSelectedEnd\">Em 2024, a empresa tamb\u00e9m registrou um marco ao nomear, pela primeira vez no Brasil, uma mulher para sua diretoria executiva.<\/p>\n<h2>Fortuna acompanha valoriza\u00e7\u00e3o da WEG<\/h2>\n<p class=\"isSelectedEnd\">A riqueza de Am\u00e9lie est\u00e1 ligada principalmente \u00e0 valoriza\u00e7\u00e3o das a\u00e7\u00f5es da WEG ao longo dos anos.<\/p>\n<p class=\"isSelectedEnd\">A companhia se consolidou como uma das maiores fabricantes globais de equipamentos el\u00e9tricos e tamb\u00e9m como uma das empresas de maior valor de mercado da Bolsa brasileira.<\/p>\n<p>A combina\u00e7\u00e3o entre o crescimento da empresa e a estrutura societ\u00e1ria mantida pelas fam\u00edlias fundadoras permitiu que diferentes herdeiros acumulassem grandes patrim\u00f4nios por meio de suas participa\u00e7\u00f5es acion\u00e1rias, mesmo sem necessariamente ocuparem cargos de gest\u00e3o na companhia.<\/p>\n","protected":false},"excerpt":{"rendered":"<p>Am\u00e9lie Voigt Trejes, herdeira da WEG, tem patrim\u00f4nio estimado em R$ 6,7 bilh\u00f5es e superou um herdeiro alem\u00e3o por apenas sete semanas de diferen\u00e7a de idade Herdeira da WEG A catarinense Am\u00e9lie Voigt Trejes, de 21 anos, tornou-se a bilion\u00e1ria mais jovem do mundo, segundo o ranking anual da Forbes divulgado nesta quinta-feira (27). O [&hellip;]<\/p>\n","protected":false},"author":16,"featured_media":7284,"comment_status":"open","ping_status":"open","sticky":false,"template":"","format":"standard","meta":{"footnotes":""},"categories":[12],"tags":[2955,2958,47,478,88,2959,2956,2960,2857,573,2957],"class_list":["post-7283","post","type-post","status-publish","format-standard","has-post-thumbnail","hentry","category-geral","tag-amelie-voigt-trejes","tag-bilionarios","tag-destaque","tag-economia","tag-empresas","tag-familia-voigt","tag-forbes","tag-fortuna","tag-jaragua-do-sul","tag-santa-catarina","tag-weg"],"yoast_head":"<!-- This site is optimized with the Yoast SEO plugin v28.1 - https:\/\/yoast.com\/product\/yoast-seo-wordpress\/ -->\n<title>Brasileira de 21 anos se torna a bilion\u00e1ria mais jovem do mundo, segundo a Forbes - Mz Not\u00edcias<\/title>\n<meta name=\"description\" content=\"Am\u00e9lie Voigt Trejes, herdeira da WEG, tem 21 anos e patrim\u00f4nio estimado em R$ 6,7 bilh\u00f5es, segundo ranking da Forbes.\" \/>\n<meta name=\"robots\" content=\"index, follow, max-snippet:-1, max-image-preview:large, max-video-preview:-1\" \/>\n<link rel=\"canonical\" href=\"https:\/\/mznoticia.com.br\/jaguariaiva\/brasileira-de-21-anos-se-torna-a-bilionaria-mais-jovem-do-mundo-segundo-a-forbes\/\" \/>\n<meta property=\"og:locale\" content=\"pt_BR\" \/>\n<meta property=\"og:type\" content=\"article\" \/>\n<meta property=\"og:title\" content=\"Brasileira de 21 anos se torna a bilion\u00e1ria mais jovem do mundo, segundo a Forbes - Mz Not\u00edcias\" \/>\n<meta property=\"og:description\" content=\"Am\u00e9lie Voigt Trejes, herdeira da WEG, tem 21 anos e patrim\u00f4nio estimado em R$ 6,7 bilh\u00f5es, segundo ranking da Forbes.\" \/>\n<meta property=\"og:url\" content=\"https:\/\/mznoticia.com.br\/jaguariaiva\/brasileira-de-21-anos-se-torna-a-bilionaria-mais-jovem-do-mundo-segundo-a-forbes\/\" \/>\n<meta property=\"og:site_name\" content=\"Mz Not\u00edcias\" \/>\n<meta property=\"article:publisher\" content=\"https:\/\/www.facebook.com\/profile.php?id=61573479951222\" \/>\n<meta property=\"article:published_time\" content=\"2026-08-28T13:50:29+00:00\" \/>\n<meta property=\"og:image\" content=\"https:\/\/mznoticia.com.br\/jaguariaiva\/wp-content\/uploads\/2026\/08\/30-3.jpg\" \/>\n\t<meta property=\"og:image:width\" content=\"1200\" \/>\n\t<meta property=\"og:image:height\" content=\"800\" \/>\n\t<meta property=\"og:image:type\" content=\"image\/jpeg\" \/>\n<meta name=\"author\" content=\"Redacao mz\" \/>\n<meta name=\"twitter:card\" content=\"summary_large_image\" \/>\n<meta name=\"twitter:label1\" content=\"Escrito por\" \/>\n\t<meta name=\"twitter:data1\" content=\"Redacao mz\" \/>\n\t<meta name=\"twitter:label2\" content=\"Est. tempo de leitura\" \/>\n\t<meta name=\"twitter:data2\" content=\"4 minutos\" \/>\n<script type=\"application\/ld+json\" class=\"yoast-schema-graph\">{\"@context\":\"https:\\\/\\\/schema.org\",\"@graph\":[{\"@type\":\"Article\",\"@id\":\"https:\\\/\\\/mznoticia.com.br\\\/jaguariaiva\\\/brasileira-de-21-anos-se-torna-a-bilionaria-mais-jovem-do-mundo-segundo-a-forbes\\\/#article\",\"isPartOf\":{\"@id\":\"https:\\\/\\\/mznoticia.com.br\\\/jaguariaiva\\\/brasileira-de-21-anos-se-torna-a-bilionaria-mais-jovem-do-mundo-segundo-a-forbes\\\/\"},\"author\":{\"name\":\"Redacao mz\",\"@id\":\"https:\\\/\\\/mznoticia.com.br\\\/jaguariaiva\\\/#\\\/schema\\\/person\\\/84012d827247b3f42f37b550da79cd03\"},\"headline\":\"Brasileira de 21 anos se torna a bilion\u00e1ria mais jovem do mundo, segundo a Forbes\",\"datePublished\":\"2026-08-28T13:50:29+00:00\",\"mainEntityOfPage\":{\"@id\":\"https:\\\/\\\/mznoticia.com.br\\\/jaguariaiva\\\/brasileira-de-21-anos-se-torna-a-bilionaria-mais-jovem-do-mundo-segundo-a-forbes\\\/\"},\"wordCount\":766,\"commentCount\":0,\"publisher\":{\"@id\":\"https:\\\/\\\/mznoticia.com.br\\\/jaguariaiva\\\/#organization\"},\"image\":{\"@id\":\"https:\\\/\\\/mznoticia.com.br\\\/jaguariaiva\\\/brasileira-de-21-anos-se-torna-a-bilionaria-mais-jovem-do-mundo-segundo-a-forbes\\\/#primaryimage\"},\"thumbnailUrl\":\"https:\\\/\\\/mznoticia.com.br\\\/jaguariaiva\\\/wp-content\\\/uploads\\\/2026\\\/08\\\/30-3.jpg\",\"keywords\":[\"Am\u00e9lie Voigt Trejes\",\"Bilion\u00e1rios\",\"destaque\",\"Economia\",\"empresas\",\"Fam\u00edlia Voigt\",\"Forbes\",\"Fortuna\",\"Jaragu\u00e1 do Sul\",\"Santa Catarina\",\"WEG\"],\"articleSection\":[\"Geral\"],\"inLanguage\":\"pt-BR\",\"potentialAction\":[{\"@type\":\"CommentAction\",\"name\":\"Comment\",\"target\":[\"https:\\\/\\\/mznoticia.com.br\\\/jaguariaiva\\\/brasileira-de-21-anos-se-torna-a-bilionaria-mais-jovem-do-mundo-segundo-a-forbes\\\/#respond\"]}]},{\"@type\":\"WebPage\",\"@id\":\"https:\\\/\\\/mznoticia.com.br\\\/jaguariaiva\\\/brasileira-de-21-anos-se-torna-a-bilionaria-mais-jovem-do-mundo-segundo-a-forbes\\\/\",\"url\":\"https:\\\/\\\/mznoticia.com.br\\\/jaguariaiva\\\/brasileira-de-21-anos-se-torna-a-bilionaria-mais-jovem-do-mundo-segundo-a-forbes\\\/\",\"name\":\"Brasileira de 21 anos se torna a bilion\u00e1ria mais jovem do mundo, segundo a Forbes - Mz Not\u00edcias\",\"isPartOf\":{\"@id\":\"https:\\\/\\\/mznoticia.com.br\\\/jaguariaiva\\\/#website\"},\"primaryImageOfPage\":{\"@id\":\"https:\\\/\\\/mznoticia.com.br\\\/jaguariaiva\\\/brasileira-de-21-anos-se-torna-a-bilionaria-mais-jovem-do-mundo-segundo-a-forbes\\\/#primaryimage\"},\"image\":{\"@id\":\"https:\\\/\\\/mznoticia.com.br\\\/jaguariaiva\\\/brasileira-de-21-anos-se-torna-a-bilionaria-mais-jovem-do-mundo-segundo-a-forbes\\\/#primaryimage\"},\"thumbnailUrl\":\"https:\\\/\\\/mznoticia.com.br\\\/jaguariaiva\\\/wp-content\\\/uploads\\\/2026\\\/08\\\/30-3.jpg\",\"datePublished\":\"2026-08-28T13:50:29+00:00\",\"description\":\"Am\u00e9lie Voigt Trejes, herdeira da WEG, tem 21 anos e patrim\u00f4nio estimado em R$ 6,7 bilh\u00f5es, segundo ranking da Forbes.\",\"breadcrumb\":{\"@id\":\"https:\\\/\\\/mznoticia.com.br\\\/jaguariaiva\\\/brasileira-de-21-anos-se-torna-a-bilionaria-mais-jovem-do-mundo-segundo-a-forbes\\\/#breadcrumb\"},\"inLanguage\":\"pt-BR\",\"potentialAction\":[{\"@type\":\"ReadAction\",\"target\":[\"https:\\\/\\\/mznoticia.com.br\\\/jaguariaiva\\\/brasileira-de-21-anos-se-torna-a-bilionaria-mais-jovem-do-mundo-segundo-a-forbes\\\/\"]}]},{\"@type\":\"ImageObject\",\"inLanguage\":\"pt-BR\",\"@id\":\"https:\\\/\\\/mznoticia.com.br\\\/jaguariaiva\\\/brasileira-de-21-anos-se-torna-a-bilionaria-mais-jovem-do-mundo-segundo-a-forbes\\\/#primaryimage\",\"url\":\"https:\\\/\\\/mznoticia.com.br\\\/jaguariaiva\\\/wp-content\\\/uploads\\\/2026\\\/08\\\/30-3.jpg\",\"contentUrl\":\"https:\\\/\\\/mznoticia.com.br\\\/jaguariaiva\\\/wp-content\\\/uploads\\\/2026\\\/08\\\/30-3.jpg\",\"width\":1200,\"height\":800},{\"@type\":\"BreadcrumbList\",\"@id\":\"https:\\\/\\\/mznoticia.com.br\\\/jaguariaiva\\\/brasileira-de-21-anos-se-torna-a-bilionaria-mais-jovem-do-mundo-segundo-a-forbes\\\/#breadcrumb\",\"itemListElement\":[{\"@type\":\"ListItem\",\"position\":1,\"name\":\"Home\",\"item\":\"https:\\\/\\\/mznoticia.com.br\\\/jaguariaiva\\\/\"},{\"@type\":\"ListItem\",\"position\":2,\"name\":\"Brasileira de 21 anos se torna a bilion\u00e1ria mais jovem do mundo, segundo a Forbes\"}]},{\"@type\":\"WebSite\",\"@id\":\"https:\\\/\\\/mznoticia.com.br\\\/jaguariaiva\\\/#website\",\"url\":\"https:\\\/\\\/mznoticia.com.br\\\/jaguariaiva\\\/\",\"name\":\"Mz Not\u00edcia\",\"description\":\"A informa\u00e7\u00e3o que voc\u00ea precisa na hora certa!\",\"publisher\":{\"@id\":\"https:\\\/\\\/mznoticia.com.br\\\/jaguariaiva\\\/#organization\"},\"potentialAction\":[{\"@type\":\"SearchAction\",\"target\":{\"@type\":\"EntryPoint\",\"urlTemplate\":\"https:\\\/\\\/mznoticia.com.br\\\/jaguariaiva\\\/?s={search_term_string}\"},\"query-input\":{\"@type\":\"PropertyValueSpecification\",\"valueRequired\":true,\"valueName\":\"search_term_string\"}}],\"inLanguage\":\"pt-BR\"},{\"@type\":\"Organization\",\"@id\":\"https:\\\/\\\/mznoticia.com.br\\\/jaguariaiva\\\/#organization\",\"name\":\"Mz Not\u00edcia\",\"url\":\"https:\\\/\\\/mznoticia.com.br\\\/jaguariaiva\\\/\",\"logo\":{\"@type\":\"ImageObject\",\"inLanguage\":\"pt-BR\",\"@id\":\"https:\\\/\\\/mznoticia.com.br\\\/jaguariaiva\\\/#\\\/schema\\\/logo\\\/image\\\/\",\"url\":\"https:\\\/\\\/mznoticia.com.br\\\/jaguariaiva\\\/wp-content\\\/uploads\\\/2025\\\/03\\\/Design-sem-nome-4-e1741200616392.png\",\"contentUrl\":\"https:\\\/\\\/mznoticia.com.br\\\/jaguariaiva\\\/wp-content\\\/uploads\\\/2025\\\/03\\\/Design-sem-nome-4-e1741200616392.png\",\"width\":750,\"height\":563,\"caption\":\"Mz Not\u00edcia\"},\"image\":{\"@id\":\"https:\\\/\\\/mznoticia.com.br\\\/jaguariaiva\\\/#\\\/schema\\\/logo\\\/image\\\/\"},\"sameAs\":[\"https:\\\/\\\/www.facebook.com\\\/profile.php?id=61573479951222\",\"https:\\\/\\\/www.instagram.com\\\/mz.jaguariaiva\\\/\"]},{\"@type\":\"Person\",\"@id\":\"https:\\\/\\\/mznoticia.com.br\\\/jaguariaiva\\\/#\\\/schema\\\/person\\\/84012d827247b3f42f37b550da79cd03\",\"name\":\"Redacao mz\",\"image\":{\"@type\":\"ImageObject\",\"inLanguage\":\"pt-BR\",\"@id\":\"https:\\\/\\\/mznoticia.com.br\\\/jaguariaiva\\\/wp-content\\\/uploads\\\/2025\\\/02\\\/mznoticia_jaguariaiva_coluna-150x150.png\",\"url\":\"https:\\\/\\\/mznoticia.com.br\\\/jaguariaiva\\\/wp-content\\\/uploads\\\/2025\\\/02\\\/mznoticia_jaguariaiva_coluna-150x150.png\",\"contentUrl\":\"https:\\\/\\\/mznoticia.com.br\\\/jaguariaiva\\\/wp-content\\\/uploads\\\/2025\\\/02\\\/mznoticia_jaguariaiva_coluna-150x150.png\",\"caption\":\"Redacao mz\"},\"sameAs\":[\"http:\\\/\\\/mznoticia.com.br\"],\"url\":\"https:\\\/\\\/mznoticia.com.br\\\/jaguariaiva\\\/author\\\/lucimara\\\/\"}]}<\/script>\n<!-- \/ Yoast SEO plugin. -->","yoast_head_json":{"title":"Brasileira de 21 anos se torna a bilion\u00e1ria mais jovem do mundo, segundo a Forbes - Mz Not\u00edcias","description":"Am\u00e9lie Voigt Trejes, herdeira da WEG, tem 21 anos e patrim\u00f4nio estimado em R$ 6,7 bilh\u00f5es, segundo ranking da Forbes.","robots":{"index":"index","follow":"follow","max-snippet":"max-snippet:-1","max-image-preview":"max-image-preview:large","max-video-preview":"max-video-preview:-1"},"canonical":"https:\/\/mznoticia.com.br\/jaguariaiva\/brasileira-de-21-anos-se-torna-a-bilionaria-mais-jovem-do-mundo-segundo-a-forbes\/","og_locale":"pt_BR","og_type":"article","og_title":"Brasileira de 21 anos se torna a bilion\u00e1ria mais jovem do mundo, segundo a Forbes - Mz Not\u00edcias","og_description":"Am\u00e9lie Voigt Trejes, herdeira da WEG, tem 21 anos e patrim\u00f4nio estimado em R$ 6,7 bilh\u00f5es, segundo ranking da Forbes.","og_url":"https:\/\/mznoticia.com.br\/jaguariaiva\/brasileira-de-21-anos-se-torna-a-bilionaria-mais-jovem-do-mundo-segundo-a-forbes\/","og_site_name":"Mz Not\u00edcias","article_publisher":"https:\/\/www.facebook.com\/profile.php?id=61573479951222","article_published_time":"2026-08-28T13:50:29+00:00","og_image":[{"width":1200,"height":800,"url":"https:\/\/mznoticia.com.br\/jaguariaiva\/wp-content\/uploads\/2026\/08\/30-3.jpg","type":"image\/jpeg"}],"author":"Redacao mz","twitter_card":"summary_large_image","twitter_misc":{"Escrito por":"Redacao mz","Est. tempo de leitura":"4 minutos"},"schema":{"@context":"https:\/\/schema.org","@graph":[{"@type":"Article","@id":"https:\/\/mznoticia.com.br\/jaguariaiva\/brasileira-de-21-anos-se-torna-a-bilionaria-mais-jovem-do-mundo-segundo-a-forbes\/#article","isPartOf":{"@id":"https:\/\/mznoticia.com.br\/jaguariaiva\/brasileira-de-21-anos-se-torna-a-bilionaria-mais-jovem-do-mundo-segundo-a-forbes\/"},"author":{"name":"Redacao mz","@id":"https:\/\/mznoticia.com.br\/jaguariaiva\/#\/schema\/person\/84012d827247b3f42f37b550da79cd03"},"headline":"Brasileira de 21 anos se torna a bilion\u00e1ria mais jovem do mundo, segundo a Forbes","datePublished":"2026-08-28T13:50:29+00:00","mainEntityOfPage":{"@id":"https:\/\/mznoticia.com.br\/jaguariaiva\/brasileira-de-21-anos-se-torna-a-bilionaria-mais-jovem-do-mundo-segundo-a-forbes\/"},"wordCount":766,"commentCount":0,"publisher":{"@id":"https:\/\/mznoticia.com.br\/jaguariaiva\/#organization"},"image":{"@id":"https:\/\/mznoticia.com.br\/jaguariaiva\/brasileira-de-21-anos-se-torna-a-bilionaria-mais-jovem-do-mundo-segundo-a-forbes\/#primaryimage"},"thumbnailUrl":"https:\/\/mznoticia.com.br\/jaguariaiva\/wp-content\/uploads\/2026\/08\/30-3.jpg","keywords":["Am\u00e9lie Voigt Trejes","Bilion\u00e1rios","destaque","Economia","empresas","Fam\u00edlia Voigt","Forbes","Fortuna","Jaragu\u00e1 do Sul","Santa Catarina","WEG"],"articleSection":["Geral"],"inLanguage":"pt-BR","potentialAction":[{"@type":"CommentAction","name":"Comment","target":["https:\/\/mznoticia.com.br\/jaguariaiva\/brasileira-de-21-anos-se-torna-a-bilionaria-mais-jovem-do-mundo-segundo-a-forbes\/#respond"]}]},{"@type":"WebPage","@id":"https:\/\/mznoticia.com.br\/jaguariaiva\/brasileira-de-21-anos-se-torna-a-bilionaria-mais-jovem-do-mundo-segundo-a-forbes\/","url":"https:\/\/mznoticia.com.br\/jaguariaiva\/brasileira-de-21-anos-se-torna-a-bilionaria-mais-jovem-do-mundo-segundo-a-forbes\/","name":"Brasileira de 21 anos se torna a bilion\u00e1ria mais jovem do mundo, segundo a Forbes - Mz Not\u00edcias","isPartOf":{"@id":"https:\/\/mznoticia.com.br\/jaguariaiva\/#website"},"primaryImageOfPage":{"@id":"https:\/\/mznoticia.com.br\/jaguariaiva\/brasileira-de-21-anos-se-torna-a-bilionaria-mais-jovem-do-mundo-segundo-a-forbes\/#primaryimage"},"image":{"@id":"https:\/\/mznoticia.com.br\/jaguariaiva\/brasileira-de-21-anos-se-torna-a-bilionaria-mais-jovem-do-mundo-segundo-a-forbes\/#primaryimage"},"thumbnailUrl":"https:\/\/mznoticia.com.br\/jaguariaiva\/wp-content\/uploads\/2026\/08\/30-3.jpg","datePublished":"2026-08-28T13:50:29+00:00","description":"Am\u00e9lie Voigt Trejes, herdeira da WEG, tem 21 anos e patrim\u00f4nio estimado em R$ 6,7 bilh\u00f5es, segundo ranking da Forbes.","breadcrumb":{"@id":"https:\/\/mznoticia.com.br\/jaguariaiva\/brasileira-de-21-anos-se-torna-a-bilionaria-mais-jovem-do-mundo-segundo-a-forbes\/#breadcrumb"},"inLanguage":"pt-BR","potentialAction":[{"@type":"ReadAction","target":["https:\/\/mznoticia.com.br\/jaguariaiva\/brasileira-de-21-anos-se-torna-a-bilionaria-mais-jovem-do-mundo-segundo-a-forbes\/"]}]},{"@type":"ImageObject","inLanguage":"pt-BR","@id":"https:\/\/mznoticia.com.br\/jaguariaiva\/brasileira-de-21-anos-se-torna-a-bilionaria-mais-jovem-do-mundo-segundo-a-forbes\/#primaryimage","url":"https:\/\/mznoticia.com.br\/jaguariaiva\/wp-content\/uploads\/2026\/08\/30-3.jpg","contentUrl":"https:\/\/mznoticia.com.br\/jaguariaiva\/wp-content\/uploads\/2026\/08\/30-3.jpg","width":1200,"height":800},{"@type":"BreadcrumbList","@id":"https:\/\/mznoticia.com.br\/jaguariaiva\/brasileira-de-21-anos-se-torna-a-bilionaria-mais-jovem-do-mundo-segundo-a-forbes\/#breadcrumb","itemListElement":[{"@type":"ListItem","position":1,"name":"Home","item":"https:\/\/mznoticia.com.br\/jaguariaiva\/"},{"@type":"ListItem","position":2,"name":"Brasileira de 21 anos se torna a bilion\u00e1ria mais jovem do mundo, segundo a Forbes"}]},{"@type":"WebSite","@id":"https:\/\/mznoticia.com.br\/jaguariaiva\/#website","url":"https:\/\/mznoticia.com.br\/jaguariaiva\/","name":"Mz Not\u00edcia","description":"A informa\u00e7\u00e3o que voc\u00ea precisa na hora certa!","publisher":{"@id":"https:\/\/mznoticia.com.br\/jaguariaiva\/#organization"},"potentialAction":[{"@type":"SearchAction","target":{"@type":"EntryPoint","urlTemplate":"https:\/\/mznoticia.com.br\/jaguariaiva\/?s={search_term_string}"},"query-input":{"@type":"PropertyValueSpecification","valueRequired":true,"valueName":"search_term_string"}}],"inLanguage":"pt-BR"},{"@type":"Organization","@id":"https:\/\/mznoticia.com.br\/jaguariaiva\/#organization","name":"Mz Not\u00edcia","url":"https:\/\/mznoticia.com.br\/jaguariaiva\/","logo":{"@type":"ImageObject","inLanguage":"pt-BR","@id":"https:\/\/mznoticia.com.br\/jaguariaiva\/#\/schema\/logo\/image\/","url":"https:\/\/mznoticia.com.br\/jaguariaiva\/wp-content\/uploads\/2025\/03\/Design-sem-nome-4-e1741200616392.png","contentUrl":"https:\/\/mznoticia.com.br\/jaguariaiva\/wp-content\/uploads\/2025\/03\/Design-sem-nome-4-e1741200616392.png","width":750,"height":563,"caption":"Mz Not\u00edcia"},"image":{"@id":"https:\/\/mznoticia.com.br\/jaguariaiva\/#\/schema\/logo\/image\/"},"sameAs":["https:\/\/www.facebook.com\/profile.php?id=61573479951222","https:\/\/www.instagram.com\/mz.jaguariaiva\/"]},{"@type":"Person","@id":"https:\/\/mznoticia.com.br\/jaguariaiva\/#\/schema\/person\/84012d827247b3f42f37b550da79cd03","name":"Redacao mz","image":{"@type":"ImageObject","inLanguage":"pt-BR","@id":"https:\/\/mznoticia.com.br\/jaguariaiva\/wp-content\/uploads\/2025\/02\/mznoticia_jaguariaiva_coluna-150x150.png","url":"https:\/\/mznoticia.com.br\/jaguariaiva\/wp-content\/uploads\/2025\/02\/mznoticia_jaguariaiva_coluna-150x150.png","contentUrl":"https:\/\/mznoticia.com.br\/jaguariaiva\/wp-content\/uploads\/2025\/02\/mznoticia_jaguariaiva_coluna-150x150.png","caption":"Redacao mz"},"sameAs":["http:\/\/mznoticia.com.br"],"url":"https:\/\/mznoticia.com.br\/jaguariaiva\/author\/lucimara\/"}]}},"_links":{"self":[{"href":"https:\/\/mznoticia.com.br\/jaguariaiva\/wp-json\/wp\/v2\/posts\/7283","targetHints":{"allow":["GET"]}}],"collection":[{"href":"https:\/\/mznoticia.com.br\/jaguariaiva\/wp-json\/wp\/v2\/posts"}],"about":[{"href":"https:\/\/mznoticia.com.br\/jaguariaiva\/wp-json\/wp\/v2\/types\/post"}],"author":[{"embeddable":true,"href":"https:\/\/mznoticia.com.br\/jaguariaiva\/wp-json\/wp\/v2\/users\/16"}],"replies":[{"embeddable":true,"href":"https:\/\/mznoticia.com.br\/jaguariaiva\/wp-json\/wp\/v2\/comments?post=7283"}],"version-history":[{"count":1,"href":"https:\/\/mznoticia.com.br\/jaguariaiva\/wp-json\/wp\/v2\/posts\/7283\/revisions"}],"predecessor-version":[{"id":7285,"href":"https:\/\/mznoticia.com.br\/jaguariaiva\/wp-json\/wp\/v2\/posts\/7283\/revisions\/7285"}],"wp:featuredmedia":[{"embeddable":true,"href":"https:\/\/mznoticia.com.br\/jaguariaiva\/wp-json\/wp\/v2\/media\/7284"}],"wp:attachment":[{"href":"https:\/\/mznoticia.com.br\/jaguariaiva\/wp-json\/wp\/v2\/media?parent=7283"}],"wp:term":[{"taxonomy":"category","embeddable":true,"href":"https:\/\/mznoticia.com.br\/jaguariaiva\/wp-json\/wp\/v2\/categories?post=7283"},{"taxonomy":"post_tag","embeddable":true,"href":"https:\/\/mznoticia.com.br\/jaguariaiva\/wp-json\/wp\/v2\/tags?post=7283"}],"curies":[{"name":"wp","href":"https:\/\/api.w.org\/{rel}","templated":true}]}}