{"id":7292,"date":"2026-08-28T14:56:13","date_gmt":"2026-08-28T14:56:13","guid":{"rendered":"https:\/\/mznoticia.com.br\/jaguariaiva\/?p=7292"},"modified":"2026-08-28T14:56:13","modified_gmt":"2026-08-28T14:56:13","slug":"rg-antigo-documento-deixa-de-valer-no-brasil-em-2032-veja-o-prazo","status":"publish","type":"post","link":"https:\/\/mznoticia.com.br\/jaguariaiva\/rg-antigo-documento-deixa-de-valer-no-brasil-em-2032-veja-o-prazo\/","title":{"rendered":"RG antigo: documento deixa de valer no Brasil em 2032; veja o prazo"},"content":{"rendered":"<h2>Modelo tradicional da carteira de identidade poder\u00e1 ser utilizado at\u00e9 28 de fevereiro de 2032; nova Carteira de Identidade Nacional j\u00e1 pode ser emitida<\/h2>\n<p class=\"isSelectedEnd\">O antigo Registro Geral (RG) tem data definida para deixar de valer em todo o Brasil. O documento tradicional poder\u00e1 ser utilizado nacionalmente at\u00e9 28 de fevereiro de 2032.<\/p>\n<p class=\"isSelectedEnd\">A partir de 1\u00ba de mar\u00e7o de 2032, a Carteira de Identidade Nacional (CIN) ser\u00e1 o novo padr\u00e3o de identifica\u00e7\u00e3o dos brasileiros.<\/p>\n<p class=\"isSelectedEnd\">Apesar da mudan\u00e7a, quem ainda possui o RG antigo n\u00e3o precisa fazer a troca imediatamente. A substitui\u00e7\u00e3o acontece de forma gradual, permitindo que a popula\u00e7\u00e3o e os \u00f3rg\u00e3os respons\u00e1veis pela emiss\u00e3o se adaptem ao novo modelo.<\/p>\n<p class=\"isSelectedEnd\">A nova identidade j\u00e1 est\u00e1 dispon\u00edvel para emiss\u00e3o e tem como uma das principais mudan\u00e7as a utiliza\u00e7\u00e3o do CPF como n\u00famero \u00fanico de identifica\u00e7\u00e3o.<\/p>\n<h3>At\u00e9 quando o RG antigo ser\u00e1 aceito?<\/h3>\n<p class=\"isSelectedEnd\">O modelo tradicional permanece v\u00e1lido at\u00e9 28 de fevereiro de 2032, conforme as regras estabelecidas pelo Decreto Federal n\u00ba 10.977\/2022.<\/p>\n<p class=\"isSelectedEnd\">Isso significa que os brasileiros ainda t\u00eam alguns anos para realizar a substitui\u00e7\u00e3o. A partir de 1\u00ba de mar\u00e7o de 2032, a CIN passa a ser o padr\u00e3o nacional de identifica\u00e7\u00e3o.<\/p>\n<p class=\"isSelectedEnd\">A mudan\u00e7a tem como objetivo modernizar o sistema de identifica\u00e7\u00e3o civil, ampliar a seguran\u00e7a dos documentos e dificultar fraudes.<\/p>\n<h3>CPF passa a ser o n\u00famero de identifica\u00e7\u00e3o<\/h3>\n<p class=\"isSelectedEnd\">Uma das principais diferen\u00e7as da Carteira de Identidade Nacional \u00e9 a ado\u00e7\u00e3o do CPF como n\u00famero \u00fanico.<\/p>\n<p class=\"isSelectedEnd\">No modelo antigo, uma mesma pessoa poderia ter n\u00fameros de RG diferentes dependendo do estado onde o documento fosse emitido. Com a CIN, o CPF passa a ser utilizado como refer\u00eancia nacional.<\/p>\n<p class=\"isSelectedEnd\">A nova identidade tamb\u00e9m possui uma vers\u00e3o digital, ampliando as formas de acesso e utiliza\u00e7\u00e3o do documento.<\/p>\n<h3>Qual \u00e9 a validade da CIN?<\/h3>\n<p class=\"isSelectedEnd\">O prazo de validade da Carteira de Identidade Nacional varia de acordo com a idade do titular:<\/p>\n<ul data-spread=\"false\">\n<li>At\u00e9 11 anos: validade de 5 anos;<\/li>\n<li>De 12 a 59 anos: validade de 10 anos;<\/li>\n<li>60 anos ou mais: validade indeterminada.<\/li>\n<\/ul>\n<p class=\"isSelectedEnd\">Por isso, mesmo quem j\u00e1 possui a nova identidade deve ficar atento ao prazo de validade indicado para sua faixa et\u00e1ria.<\/p>\n<h3>O que \u00e9 necess\u00e1rio para emitir a nova identidade?<\/h3>\n<p class=\"isSelectedEnd\">Os procedimentos podem variar de acordo com o estado. De maneira geral, \u00e9 necess\u00e1rio apresentar certid\u00e3o de nascimento ou casamento e CPF regularizado.<\/p>\n<p class=\"isSelectedEnd\">Dependendo do local de emiss\u00e3o, tamb\u00e9m pode ser solicitado um comprovante de resid\u00eancia atualizado.<\/p>\n<p class=\"isSelectedEnd\">A CIN permite ainda a inclus\u00e3o de determinadas informa\u00e7\u00f5es adicionais, de acordo com as regras e a documenta\u00e7\u00e3o apresentada pelo cidad\u00e3o.<\/p>\n<p class=\"isSelectedEnd\">A solicita\u00e7\u00e3o deve ser feita junto ao \u00f3rg\u00e3o respons\u00e1vel pela identifica\u00e7\u00e3o civil em cada estado.<\/p>\n<h3>\u00c9 preciso trocar o RG agora?<\/h3>\n<p class=\"isSelectedEnd\">N\u00e3o. Quem possui o RG antigo dentro da validade pode continuar utilizando o documento durante o per\u00edodo de transi\u00e7\u00e3o.<\/p>\n<p>O prazo que deve ser observado \u00e9 28 de fevereiro de 2032, data prevista como \u00faltimo dia de validade do modelo antigo. A partir do dia seguinte, a Carteira de Identidade Nacional passa a ser o padr\u00e3o de identifica\u00e7\u00e3o no pa\u00eds.<\/p>\n","protected":false},"excerpt":{"rendered":"<p>Modelo tradicional da carteira de identidade poder\u00e1 ser utilizado at\u00e9 28 de fevereiro de 2032; nova Carteira de Identidade Nacional j\u00e1 pode ser emitida O antigo Registro Geral (RG) tem data definida para deixar de valer em todo o Brasil. O documento tradicional poder\u00e1 ser utilizado nacionalmente at\u00e9 28 de fevereiro de 2032. A partir [&hellip;]<\/p>\n","protected":false},"author":16,"featured_media":7293,"comment_status":"open","ping_status":"open","sticky":false,"template":"","format":"standard","meta":{"footnotes":""},"categories":[5],"tags":[82,2965,2964,2966,2967,2968,2963,2969],"class_list":["post-7292","post","type-post","status-publish","format-standard","has-post-thumbnail","hentry","category-brasil","tag-brasil","tag-carteira-de-identidade","tag-cin","tag-cpf","tag-documentos","tag-governo","tag-rg","tag-servicos"],"yoast_head":"<!-- This site is optimized with the Yoast SEO plugin v28.1 - https:\/\/yoast.com\/product\/yoast-seo-wordpress\/ -->\n<title>RG antigo: documento deixa de valer no Brasil em 2032; veja o prazo - Mz Not\u00edcias<\/title>\n<meta name=\"description\" content=\"RG antigo ser\u00e1 aceito at\u00e9 28 de fevereiro de 2032. Veja quando a CIN passa a ser obrigat\u00f3ria, como emitir e qual a validade da nova identidade.\" \/>\n<meta name=\"robots\" content=\"index, follow, max-snippet:-1, max-image-preview:large, max-video-preview:-1\" \/>\n<link rel=\"canonical\" href=\"https:\/\/mznoticia.com.br\/jaguariaiva\/rg-antigo-documento-deixa-de-valer-no-brasil-em-2032-veja-o-prazo\/\" \/>\n<meta property=\"og:locale\" content=\"pt_BR\" \/>\n<meta property=\"og:type\" content=\"article\" \/>\n<meta property=\"og:title\" content=\"RG antigo: documento deixa de valer no Brasil em 2032; veja o prazo - Mz Not\u00edcias\" \/>\n<meta property=\"og:description\" content=\"RG antigo ser\u00e1 aceito at\u00e9 28 de fevereiro de 2032. Veja quando a CIN passa a ser obrigat\u00f3ria, como emitir e qual a validade da nova identidade.\" \/>\n<meta property=\"og:url\" content=\"https:\/\/mznoticia.com.br\/jaguariaiva\/rg-antigo-documento-deixa-de-valer-no-brasil-em-2032-veja-o-prazo\/\" \/>\n<meta property=\"og:site_name\" content=\"Mz Not\u00edcias\" \/>\n<meta property=\"article:publisher\" content=\"https:\/\/www.facebook.com\/profile.php?id=61573479951222\" \/>\n<meta property=\"article:published_time\" content=\"2026-08-28T14:56:13+00:00\" \/>\n<meta property=\"og:image\" content=\"https:\/\/mznoticia.com.br\/jaguariaiva\/wp-content\/uploads\/2026\/08\/200-1.jpg\" \/>\n\t<meta property=\"og:image:width\" content=\"800\" \/>\n\t<meta property=\"og:image:height\" content=\"479\" \/>\n\t<meta property=\"og:image:type\" content=\"image\/jpeg\" \/>\n<meta name=\"author\" content=\"Redacao mz\" \/>\n<meta name=\"twitter:card\" content=\"summary_large_image\" \/>\n<meta name=\"twitter:label1\" content=\"Escrito por\" \/>\n\t<meta name=\"twitter:data1\" content=\"Redacao mz\" \/>\n\t<meta name=\"twitter:label2\" content=\"Est. tempo de leitura\" \/>\n\t<meta name=\"twitter:data2\" content=\"3 minutos\" \/>\n<script type=\"application\/ld+json\" class=\"yoast-schema-graph\">{\"@context\":\"https:\\\/\\\/schema.org\",\"@graph\":[{\"@type\":\"Article\",\"@id\":\"https:\\\/\\\/mznoticia.com.br\\\/jaguariaiva\\\/rg-antigo-documento-deixa-de-valer-no-brasil-em-2032-veja-o-prazo\\\/#article\",\"isPartOf\":{\"@id\":\"https:\\\/\\\/mznoticia.com.br\\\/jaguariaiva\\\/rg-antigo-documento-deixa-de-valer-no-brasil-em-2032-veja-o-prazo\\\/\"},\"author\":{\"name\":\"Redacao mz\",\"@id\":\"https:\\\/\\\/mznoticia.com.br\\\/jaguariaiva\\\/#\\\/schema\\\/person\\\/84012d827247b3f42f37b550da79cd03\"},\"headline\":\"RG antigo: documento deixa de valer no Brasil em 2032; veja o prazo\",\"datePublished\":\"2026-08-28T14:56:13+00:00\",\"mainEntityOfPage\":{\"@id\":\"https:\\\/\\\/mznoticia.com.br\\\/jaguariaiva\\\/rg-antigo-documento-deixa-de-valer-no-brasil-em-2032-veja-o-prazo\\\/\"},\"wordCount\":543,\"commentCount\":0,\"publisher\":{\"@id\":\"https:\\\/\\\/mznoticia.com.br\\\/jaguariaiva\\\/#organization\"},\"image\":{\"@id\":\"https:\\\/\\\/mznoticia.com.br\\\/jaguariaiva\\\/rg-antigo-documento-deixa-de-valer-no-brasil-em-2032-veja-o-prazo\\\/#primaryimage\"},\"thumbnailUrl\":\"https:\\\/\\\/mznoticia.com.br\\\/jaguariaiva\\\/wp-content\\\/uploads\\\/2026\\\/08\\\/200-1.jpg\",\"keywords\":[\"brasil\",\"Carteira de Identidade\",\"CIN\",\"CPF\",\"Documentos\",\"Governo\",\"RG\",\"Servi\u00e7os\"],\"articleSection\":[\"Brasil\"],\"inLanguage\":\"pt-BR\",\"potentialAction\":[{\"@type\":\"CommentAction\",\"name\":\"Comment\",\"target\":[\"https:\\\/\\\/mznoticia.com.br\\\/jaguariaiva\\\/rg-antigo-documento-deixa-de-valer-no-brasil-em-2032-veja-o-prazo\\\/#respond\"]}]},{\"@type\":\"WebPage\",\"@id\":\"https:\\\/\\\/mznoticia.com.br\\\/jaguariaiva\\\/rg-antigo-documento-deixa-de-valer-no-brasil-em-2032-veja-o-prazo\\\/\",\"url\":\"https:\\\/\\\/mznoticia.com.br\\\/jaguariaiva\\\/rg-antigo-documento-deixa-de-valer-no-brasil-em-2032-veja-o-prazo\\\/\",\"name\":\"RG antigo: documento deixa de valer no Brasil em 2032; veja o prazo - Mz Not\u00edcias\",\"isPartOf\":{\"@id\":\"https:\\\/\\\/mznoticia.com.br\\\/jaguariaiva\\\/#website\"},\"primaryImageOfPage\":{\"@id\":\"https:\\\/\\\/mznoticia.com.br\\\/jaguariaiva\\\/rg-antigo-documento-deixa-de-valer-no-brasil-em-2032-veja-o-prazo\\\/#primaryimage\"},\"image\":{\"@id\":\"https:\\\/\\\/mznoticia.com.br\\\/jaguariaiva\\\/rg-antigo-documento-deixa-de-valer-no-brasil-em-2032-veja-o-prazo\\\/#primaryimage\"},\"thumbnailUrl\":\"https:\\\/\\\/mznoticia.com.br\\\/jaguariaiva\\\/wp-content\\\/uploads\\\/2026\\\/08\\\/200-1.jpg\",\"datePublished\":\"2026-08-28T14:56:13+00:00\",\"description\":\"RG antigo ser\u00e1 aceito at\u00e9 28 de fevereiro de 2032. Veja quando a CIN passa a ser obrigat\u00f3ria, como emitir e qual a validade da nova identidade.\",\"breadcrumb\":{\"@id\":\"https:\\\/\\\/mznoticia.com.br\\\/jaguariaiva\\\/rg-antigo-documento-deixa-de-valer-no-brasil-em-2032-veja-o-prazo\\\/#breadcrumb\"},\"inLanguage\":\"pt-BR\",\"potentialAction\":[{\"@type\":\"ReadAction\",\"target\":[\"https:\\\/\\\/mznoticia.com.br\\\/jaguariaiva\\\/rg-antigo-documento-deixa-de-valer-no-brasil-em-2032-veja-o-prazo\\\/\"]}]},{\"@type\":\"ImageObject\",\"inLanguage\":\"pt-BR\",\"@id\":\"https:\\\/\\\/mznoticia.com.br\\\/jaguariaiva\\\/rg-antigo-documento-deixa-de-valer-no-brasil-em-2032-veja-o-prazo\\\/#primaryimage\",\"url\":\"https:\\\/\\\/mznoticia.com.br\\\/jaguariaiva\\\/wp-content\\\/uploads\\\/2026\\\/08\\\/200-1.jpg\",\"contentUrl\":\"https:\\\/\\\/mznoticia.com.br\\\/jaguariaiva\\\/wp-content\\\/uploads\\\/2026\\\/08\\\/200-1.jpg\",\"width\":800,\"height\":479},{\"@type\":\"BreadcrumbList\",\"@id\":\"https:\\\/\\\/mznoticia.com.br\\\/jaguariaiva\\\/rg-antigo-documento-deixa-de-valer-no-brasil-em-2032-veja-o-prazo\\\/#breadcrumb\",\"itemListElement\":[{\"@type\":\"ListItem\",\"position\":1,\"name\":\"Home\",\"item\":\"https:\\\/\\\/mznoticia.com.br\\\/jaguariaiva\\\/\"},{\"@type\":\"ListItem\",\"position\":2,\"name\":\"RG antigo: documento deixa de valer no Brasil em 2032; veja o prazo\"}]},{\"@type\":\"WebSite\",\"@id\":\"https:\\\/\\\/mznoticia.com.br\\\/jaguariaiva\\\/#website\",\"url\":\"https:\\\/\\\/mznoticia.com.br\\\/jaguariaiva\\\/\",\"name\":\"Mz Not\u00edcia\",\"description\":\"A informa\u00e7\u00e3o que voc\u00ea precisa na hora certa!\",\"publisher\":{\"@id\":\"https:\\\/\\\/mznoticia.com.br\\\/jaguariaiva\\\/#organization\"},\"potentialAction\":[{\"@type\":\"SearchAction\",\"target\":{\"@type\":\"EntryPoint\",\"urlTemplate\":\"https:\\\/\\\/mznoticia.com.br\\\/jaguariaiva\\\/?s={search_term_string}\"},\"query-input\":{\"@type\":\"PropertyValueSpecification\",\"valueRequired\":true,\"valueName\":\"search_term_string\"}}],\"inLanguage\":\"pt-BR\"},{\"@type\":\"Organization\",\"@id\":\"https:\\\/\\\/mznoticia.com.br\\\/jaguariaiva\\\/#organization\",\"name\":\"Mz Not\u00edcia\",\"url\":\"https:\\\/\\\/mznoticia.com.br\\\/jaguariaiva\\\/\",\"logo\":{\"@type\":\"ImageObject\",\"inLanguage\":\"pt-BR\",\"@id\":\"https:\\\/\\\/mznoticia.com.br\\\/jaguariaiva\\\/#\\\/schema\\\/logo\\\/image\\\/\",\"url\":\"https:\\\/\\\/mznoticia.com.br\\\/jaguariaiva\\\/wp-content\\\/uploads\\\/2025\\\/03\\\/Design-sem-nome-4-e1741200616392.png\",\"contentUrl\":\"https:\\\/\\\/mznoticia.com.br\\\/jaguariaiva\\\/wp-content\\\/uploads\\\/2025\\\/03\\\/Design-sem-nome-4-e1741200616392.png\",\"width\":750,\"height\":563,\"caption\":\"Mz Not\u00edcia\"},\"image\":{\"@id\":\"https:\\\/\\\/mznoticia.com.br\\\/jaguariaiva\\\/#\\\/schema\\\/logo\\\/image\\\/\"},\"sameAs\":[\"https:\\\/\\\/www.facebook.com\\\/profile.php?id=61573479951222\",\"https:\\\/\\\/www.instagram.com\\\/mz.jaguariaiva\\\/\"]},{\"@type\":\"Person\",\"@id\":\"https:\\\/\\\/mznoticia.com.br\\\/jaguariaiva\\\/#\\\/schema\\\/person\\\/84012d827247b3f42f37b550da79cd03\",\"name\":\"Redacao mz\",\"image\":{\"@type\":\"ImageObject\",\"inLanguage\":\"pt-BR\",\"@id\":\"https:\\\/\\\/mznoticia.com.br\\\/jaguariaiva\\\/wp-content\\\/uploads\\\/2025\\\/02\\\/mznoticia_jaguariaiva_coluna-150x150.png\",\"url\":\"https:\\\/\\\/mznoticia.com.br\\\/jaguariaiva\\\/wp-content\\\/uploads\\\/2025\\\/02\\\/mznoticia_jaguariaiva_coluna-150x150.png\",\"contentUrl\":\"https:\\\/\\\/mznoticia.com.br\\\/jaguariaiva\\\/wp-content\\\/uploads\\\/2025\\\/02\\\/mznoticia_jaguariaiva_coluna-150x150.png\",\"caption\":\"Redacao mz\"},\"sameAs\":[\"http:\\\/\\\/mznoticia.com.br\"],\"url\":\"https:\\\/\\\/mznoticia.com.br\\\/jaguariaiva\\\/author\\\/lucimara\\\/\"}]}<\/script>\n<!-- \/ Yoast SEO plugin. -->","yoast_head_json":{"title":"RG antigo: documento deixa de valer no Brasil em 2032; veja o prazo - Mz Not\u00edcias","description":"RG antigo ser\u00e1 aceito at\u00e9 28 de fevereiro de 2032. Veja quando a CIN passa a ser obrigat\u00f3ria, como emitir e qual a validade da nova identidade.","robots":{"index":"index","follow":"follow","max-snippet":"max-snippet:-1","max-image-preview":"max-image-preview:large","max-video-preview":"max-video-preview:-1"},"canonical":"https:\/\/mznoticia.com.br\/jaguariaiva\/rg-antigo-documento-deixa-de-valer-no-brasil-em-2032-veja-o-prazo\/","og_locale":"pt_BR","og_type":"article","og_title":"RG antigo: documento deixa de valer no Brasil em 2032; veja o prazo - Mz Not\u00edcias","og_description":"RG antigo ser\u00e1 aceito at\u00e9 28 de fevereiro de 2032. Veja quando a CIN passa a ser obrigat\u00f3ria, como emitir e qual a validade da nova identidade.","og_url":"https:\/\/mznoticia.com.br\/jaguariaiva\/rg-antigo-documento-deixa-de-valer-no-brasil-em-2032-veja-o-prazo\/","og_site_name":"Mz Not\u00edcias","article_publisher":"https:\/\/www.facebook.com\/profile.php?id=61573479951222","article_published_time":"2026-08-28T14:56:13+00:00","og_image":[{"width":800,"height":479,"url":"https:\/\/mznoticia.com.br\/jaguariaiva\/wp-content\/uploads\/2026\/08\/200-1.jpg","type":"image\/jpeg"}],"author":"Redacao mz","twitter_card":"summary_large_image","twitter_misc":{"Escrito por":"Redacao mz","Est. tempo de leitura":"3 minutos"},"schema":{"@context":"https:\/\/schema.org","@graph":[{"@type":"Article","@id":"https:\/\/mznoticia.com.br\/jaguariaiva\/rg-antigo-documento-deixa-de-valer-no-brasil-em-2032-veja-o-prazo\/#article","isPartOf":{"@id":"https:\/\/mznoticia.com.br\/jaguariaiva\/rg-antigo-documento-deixa-de-valer-no-brasil-em-2032-veja-o-prazo\/"},"author":{"name":"Redacao mz","@id":"https:\/\/mznoticia.com.br\/jaguariaiva\/#\/schema\/person\/84012d827247b3f42f37b550da79cd03"},"headline":"RG antigo: documento deixa de valer no Brasil em 2032; veja o prazo","datePublished":"2026-08-28T14:56:13+00:00","mainEntityOfPage":{"@id":"https:\/\/mznoticia.com.br\/jaguariaiva\/rg-antigo-documento-deixa-de-valer-no-brasil-em-2032-veja-o-prazo\/"},"wordCount":543,"commentCount":0,"publisher":{"@id":"https:\/\/mznoticia.com.br\/jaguariaiva\/#organization"},"image":{"@id":"https:\/\/mznoticia.com.br\/jaguariaiva\/rg-antigo-documento-deixa-de-valer-no-brasil-em-2032-veja-o-prazo\/#primaryimage"},"thumbnailUrl":"https:\/\/mznoticia.com.br\/jaguariaiva\/wp-content\/uploads\/2026\/08\/200-1.jpg","keywords":["brasil","Carteira de Identidade","CIN","CPF","Documentos","Governo","RG","Servi\u00e7os"],"articleSection":["Brasil"],"inLanguage":"pt-BR","potentialAction":[{"@type":"CommentAction","name":"Comment","target":["https:\/\/mznoticia.com.br\/jaguariaiva\/rg-antigo-documento-deixa-de-valer-no-brasil-em-2032-veja-o-prazo\/#respond"]}]},{"@type":"WebPage","@id":"https:\/\/mznoticia.com.br\/jaguariaiva\/rg-antigo-documento-deixa-de-valer-no-brasil-em-2032-veja-o-prazo\/","url":"https:\/\/mznoticia.com.br\/jaguariaiva\/rg-antigo-documento-deixa-de-valer-no-brasil-em-2032-veja-o-prazo\/","name":"RG antigo: documento deixa de valer no Brasil em 2032; veja o prazo - Mz Not\u00edcias","isPartOf":{"@id":"https:\/\/mznoticia.com.br\/jaguariaiva\/#website"},"primaryImageOfPage":{"@id":"https:\/\/mznoticia.com.br\/jaguariaiva\/rg-antigo-documento-deixa-de-valer-no-brasil-em-2032-veja-o-prazo\/#primaryimage"},"image":{"@id":"https:\/\/mznoticia.com.br\/jaguariaiva\/rg-antigo-documento-deixa-de-valer-no-brasil-em-2032-veja-o-prazo\/#primaryimage"},"thumbnailUrl":"https:\/\/mznoticia.com.br\/jaguariaiva\/wp-content\/uploads\/2026\/08\/200-1.jpg","datePublished":"2026-08-28T14:56:13+00:00","description":"RG antigo ser\u00e1 aceito at\u00e9 28 de fevereiro de 2032. Veja quando a CIN passa a ser obrigat\u00f3ria, como emitir e qual a validade da nova identidade.","breadcrumb":{"@id":"https:\/\/mznoticia.com.br\/jaguariaiva\/rg-antigo-documento-deixa-de-valer-no-brasil-em-2032-veja-o-prazo\/#breadcrumb"},"inLanguage":"pt-BR","potentialAction":[{"@type":"ReadAction","target":["https:\/\/mznoticia.com.br\/jaguariaiva\/rg-antigo-documento-deixa-de-valer-no-brasil-em-2032-veja-o-prazo\/"]}]},{"@type":"ImageObject","inLanguage":"pt-BR","@id":"https:\/\/mznoticia.com.br\/jaguariaiva\/rg-antigo-documento-deixa-de-valer-no-brasil-em-2032-veja-o-prazo\/#primaryimage","url":"https:\/\/mznoticia.com.br\/jaguariaiva\/wp-content\/uploads\/2026\/08\/200-1.jpg","contentUrl":"https:\/\/mznoticia.com.br\/jaguariaiva\/wp-content\/uploads\/2026\/08\/200-1.jpg","width":800,"height":479},{"@type":"BreadcrumbList","@id":"https:\/\/mznoticia.com.br\/jaguariaiva\/rg-antigo-documento-deixa-de-valer-no-brasil-em-2032-veja-o-prazo\/#breadcrumb","itemListElement":[{"@type":"ListItem","position":1,"name":"Home","item":"https:\/\/mznoticia.com.br\/jaguariaiva\/"},{"@type":"ListItem","position":2,"name":"RG antigo: documento deixa de valer no Brasil em 2032; veja o prazo"}]},{"@type":"WebSite","@id":"https:\/\/mznoticia.com.br\/jaguariaiva\/#website","url":"https:\/\/mznoticia.com.br\/jaguariaiva\/","name":"Mz Not\u00edcia","description":"A informa\u00e7\u00e3o que voc\u00ea precisa na hora certa!","publisher":{"@id":"https:\/\/mznoticia.com.br\/jaguariaiva\/#organization"},"potentialAction":[{"@type":"SearchAction","target":{"@type":"EntryPoint","urlTemplate":"https:\/\/mznoticia.com.br\/jaguariaiva\/?s={search_term_string}"},"query-input":{"@type":"PropertyValueSpecification","valueRequired":true,"valueName":"search_term_string"}}],"inLanguage":"pt-BR"},{"@type":"Organization","@id":"https:\/\/mznoticia.com.br\/jaguariaiva\/#organization","name":"Mz Not\u00edcia","url":"https:\/\/mznoticia.com.br\/jaguariaiva\/","logo":{"@type":"ImageObject","inLanguage":"pt-BR","@id":"https:\/\/mznoticia.com.br\/jaguariaiva\/#\/schema\/logo\/image\/","url":"https:\/\/mznoticia.com.br\/jaguariaiva\/wp-content\/uploads\/2025\/03\/Design-sem-nome-4-e1741200616392.png","contentUrl":"https:\/\/mznoticia.com.br\/jaguariaiva\/wp-content\/uploads\/2025\/03\/Design-sem-nome-4-e1741200616392.png","width":750,"height":563,"caption":"Mz Not\u00edcia"},"image":{"@id":"https:\/\/mznoticia.com.br\/jaguariaiva\/#\/schema\/logo\/image\/"},"sameAs":["https:\/\/www.facebook.com\/profile.php?id=61573479951222","https:\/\/www.instagram.com\/mz.jaguariaiva\/"]},{"@type":"Person","@id":"https:\/\/mznoticia.com.br\/jaguariaiva\/#\/schema\/person\/84012d827247b3f42f37b550da79cd03","name":"Redacao mz","image":{"@type":"ImageObject","inLanguage":"pt-BR","@id":"https:\/\/mznoticia.com.br\/jaguariaiva\/wp-content\/uploads\/2025\/02\/mznoticia_jaguariaiva_coluna-150x150.png","url":"https:\/\/mznoticia.com.br\/jaguariaiva\/wp-content\/uploads\/2025\/02\/mznoticia_jaguariaiva_coluna-150x150.png","contentUrl":"https:\/\/mznoticia.com.br\/jaguariaiva\/wp-content\/uploads\/2025\/02\/mznoticia_jaguariaiva_coluna-150x150.png","caption":"Redacao mz"},"sameAs":["http:\/\/mznoticia.com.br"],"url":"https:\/\/mznoticia.com.br\/jaguariaiva\/author\/lucimara\/"}]}},"_links":{"self":[{"href":"https:\/\/mznoticia.com.br\/jaguariaiva\/wp-json\/wp\/v2\/posts\/7292","targetHints":{"allow":["GET"]}}],"collection":[{"href":"https:\/\/mznoticia.com.br\/jaguariaiva\/wp-json\/wp\/v2\/posts"}],"about":[{"href":"https:\/\/mznoticia.com.br\/jaguariaiva\/wp-json\/wp\/v2\/types\/post"}],"author":[{"embeddable":true,"href":"https:\/\/mznoticia.com.br\/jaguariaiva\/wp-json\/wp\/v2\/users\/16"}],"replies":[{"embeddable":true,"href":"https:\/\/mznoticia.com.br\/jaguariaiva\/wp-json\/wp\/v2\/comments?post=7292"}],"version-history":[{"count":1,"href":"https:\/\/mznoticia.com.br\/jaguariaiva\/wp-json\/wp\/v2\/posts\/7292\/revisions"}],"predecessor-version":[{"id":7294,"href":"https:\/\/mznoticia.com.br\/jaguariaiva\/wp-json\/wp\/v2\/posts\/7292\/revisions\/7294"}],"wp:featuredmedia":[{"embeddable":true,"href":"https:\/\/mznoticia.com.br\/jaguariaiva\/wp-json\/wp\/v2\/media\/7293"}],"wp:attachment":[{"href":"https:\/\/mznoticia.com.br\/jaguariaiva\/wp-json\/wp\/v2\/media?parent=7292"}],"wp:term":[{"taxonomy":"category","embeddable":true,"href":"https:\/\/mznoticia.com.br\/jaguariaiva\/wp-json\/wp\/v2\/categories?post=7292"},{"taxonomy":"post_tag","embeddable":true,"href":"https:\/\/mznoticia.com.br\/jaguariaiva\/wp-json\/wp\/v2\/tags?post=7292"}],"curies":[{"name":"wp","href":"https:\/\/api.w.org\/{rel}","templated":true}]}}