{"id":7298,"date":"2026-08-28T16:16:46","date_gmt":"2026-08-28T16:16:46","guid":{"rendered":"https:\/\/mznoticia.com.br\/jaguariaiva\/?p=7298"},"modified":"2026-08-28T16:16:46","modified_gmt":"2026-08-28T16:16:46","slug":"pm-apreende-quase-27-toneladas-de-maconha-avaliadas-em-mais-de-r-5-milhoes-no-parana","status":"publish","type":"post","link":"https:\/\/mznoticia.com.br\/jaguariaiva\/pm-apreende-quase-27-toneladas-de-maconha-avaliadas-em-mais-de-r-5-milhoes-no-parana\/","title":{"rendered":"PM apreende quase 2,7 toneladas de maconha avaliadas em mais de R$ 5 milh\u00f5es no Paran\u00e1"},"content":{"rendered":"<h2>Droga foi encontrada em dois ve\u00edculos durante opera\u00e7\u00e3o conjunta da Pol\u00edcia Militar e Pol\u00edcia Federal em Foz do Igua\u00e7u<\/h2>\n<p class=\"isSelectedEnd\">Uma opera\u00e7\u00e3o conjunta da Pol\u00edcia Militar do Paran\u00e1 (PMPR) e da Pol\u00edcia Federal resultou na apreens\u00e3o de <strong>2.679,8 quilos de maconha<\/strong> na noite desta quinta-feira (27), em Foz do Igua\u00e7u, no Oeste do Paran\u00e1. A carga, que corresponde a quase 2,7 toneladas, estava escondida em dois ve\u00edculos.<\/p>\n<p class=\"isSelectedEnd\">A a\u00e7\u00e3o contou com equipes do Batalh\u00e3o de Pol\u00edcia de Fronteira (BPFRON) e do N\u00facleo Especial de Pol\u00edcia Mar\u00edtima da Pol\u00edcia Federal. Segundo as for\u00e7as de seguran\u00e7a, a apreens\u00e3o representa um preju\u00edzo estimado em <strong>R$ 5,36 milh\u00f5es ao crime organizado<\/strong>.<\/p>\n<h2>Movimenta\u00e7\u00e3o suspeita chamou aten\u00e7\u00e3o dos policiais<\/h2>\n<p class=\"isSelectedEnd\">As equipes realizavam patrulhamento quando perceberam uma movimenta\u00e7\u00e3o considerada suspeita nas proximidades de uma resid\u00eancia. Algumas pessoas que estavam em frente ao im\u00f3vel deixaram o local rapidamente ao notar a aproxima\u00e7\u00e3o dos policiais.<\/p>\n<p class=\"isSelectedEnd\">Durante a averigua\u00e7\u00e3o, os agentes conseguiram visualizar, por cima do muro da resid\u00eancia, dois ve\u00edculos que aparentavam estar carregados com tabletes de maconha.<\/p>\n<p class=\"isSelectedEnd\">Os policiais tamb\u00e9m identificaram diversos volumes semelhantes nos fundos do im\u00f3vel e entraram na propriedade para verificar a situa\u00e7\u00e3o.<\/p>\n<h2>Dois ve\u00edculos estavam carregados com drogas<\/h2>\n<p class=\"isSelectedEnd\">Dentro da resid\u00eancia, foram encontrados um <strong>Volkswagen Gol<\/strong> e uma <strong>Fiat Toro<\/strong>, ambos carregados com grande quantidade de entorpecentes.<\/p>\n<p class=\"isSelectedEnd\">Ap\u00f3s a retirada e pesagem do material, a quantidade total de maconha apreendida chegou a <strong>2.679,8 quilos<\/strong>.<\/p>\n<p class=\"isSelectedEnd\">Al\u00e9m da droga, os dois ve\u00edculos utilizados para armazenar ou transportar o entorpecente tamb\u00e9m foram recolhidos.<\/p>\n<h2>Preju\u00edzo ao crime passa de R$ 5 milh\u00f5es<\/h2>\n<p class=\"isSelectedEnd\">A estimativa das for\u00e7as de seguran\u00e7a \u00e9 de que a apreens\u00e3o tenha causado um preju\u00edzo de aproximadamente <strong>R$ 5,36 milh\u00f5es ao crime organizado<\/strong>.<\/p>\n<p class=\"isSelectedEnd\">Todo o material apreendido foi encaminhado para a Delegacia da Pol\u00edcia Federal em Foz do Igua\u00e7u, onde foram realizados os procedimentos legais relacionados \u00e0 ocorr\u00eancia.<\/p>\n<p class=\"isSelectedEnd\">At\u00e9 o momento, <strong>n\u00e3o foram divulgadas informa\u00e7\u00f5es sobre pris\u00f5es diretamente relacionadas \u00e0 apreens\u00e3o<\/strong>.<\/p>\n<h2>Opera\u00e7\u00e3o refor\u00e7a fiscaliza\u00e7\u00e3o na regi\u00e3o de fronteira<\/h2>\n<p class=\"isSelectedEnd\">Foz do Igua\u00e7u est\u00e1 localizada em uma importante regi\u00e3o de fronteira do Paran\u00e1, pr\u00f3xima ao Paraguai e \u00e0 Argentina. Por conta da localiza\u00e7\u00e3o estrat\u00e9gica, a\u00e7\u00f5es integradas entre for\u00e7as estaduais e federais s\u00e3o realizadas com frequ\u00eancia para combater o tr\u00e1fico de drogas, o contrabando e o descaminho.<\/p>\n<p>A ocorr\u00eancia dever\u00e1 continuar sendo acompanhada pelas autoridades respons\u00e1veis.<\/p>\n","protected":false},"excerpt":{"rendered":"<p>Droga foi encontrada em dois ve\u00edculos durante opera\u00e7\u00e3o conjunta da Pol\u00edcia Militar e Pol\u00edcia Federal em Foz do Igua\u00e7u Uma opera\u00e7\u00e3o conjunta da Pol\u00edcia Militar do Paran\u00e1 (PMPR) e da Pol\u00edcia Federal resultou na apreens\u00e3o de 2.679,8 quilos de maconha na noite desta quinta-feira (27), em Foz do Igua\u00e7u, no Oeste do Paran\u00e1. A carga, [&hellip;]<\/p>\n","protected":false},"author":16,"featured_media":7299,"comment_status":"open","ping_status":"open","sticky":false,"template":"","format":"standard","meta":{"footnotes":""},"categories":[328,4],"tags":[1147,47,877,397,77,892,265,455,24,316,396],"class_list":["post-7298","post","type-post","status-publish","format-standard","has-post-thumbnail","hentry","category-parana","category-policial","tag-bpfron","tag-destaque","tag-foz-do-iguacu","tag-maconha","tag-parana","tag-pmpr","tag-policia","tag-policia-federal","tag-ponta-grossa","tag-seguranca-publica","tag-trafico-de-drogas"],"yoast_head":"<!-- This site is optimized with the Yoast SEO plugin v28.1 - https:\/\/yoast.com\/product\/yoast-seo-wordpress\/ -->\n<title>PM apreende quase 2,7 toneladas de maconha avaliadas em mais de R$ 5 milh\u00f5es no Paran\u00e1 - Mz Not\u00edcias<\/title>\n<meta name=\"description\" content=\"PM e Pol\u00edcia Federal apreendem 2.679,8 kg de maconha em Foz do Igua\u00e7u. Carga foi avaliada em mais de R$ 5,3 milh\u00f5es.\" \/>\n<meta name=\"robots\" content=\"index, follow, max-snippet:-1, max-image-preview:large, max-video-preview:-1\" \/>\n<link rel=\"canonical\" href=\"https:\/\/mznoticia.com.br\/jaguariaiva\/pm-apreende-quase-27-toneladas-de-maconha-avaliadas-em-mais-de-r-5-milhoes-no-parana\/\" \/>\n<meta property=\"og:locale\" content=\"pt_BR\" \/>\n<meta property=\"og:type\" content=\"article\" \/>\n<meta property=\"og:title\" content=\"PM apreende quase 2,7 toneladas de maconha avaliadas em mais de R$ 5 milh\u00f5es no Paran\u00e1 - Mz Not\u00edcias\" \/>\n<meta property=\"og:description\" content=\"PM e Pol\u00edcia Federal apreendem 2.679,8 kg de maconha em Foz do Igua\u00e7u. Carga foi avaliada em mais de R$ 5,3 milh\u00f5es.\" \/>\n<meta property=\"og:url\" content=\"https:\/\/mznoticia.com.br\/jaguariaiva\/pm-apreende-quase-27-toneladas-de-maconha-avaliadas-em-mais-de-r-5-milhoes-no-parana\/\" \/>\n<meta property=\"og:site_name\" content=\"Mz Not\u00edcias\" \/>\n<meta property=\"article:publisher\" content=\"https:\/\/www.facebook.com\/profile.php?id=61573479951222\" \/>\n<meta property=\"article:published_time\" content=\"2026-08-28T16:16:46+00:00\" \/>\n<meta name=\"author\" content=\"Redacao mz\" \/>\n<meta name=\"twitter:card\" content=\"summary_large_image\" \/>\n<meta name=\"twitter:label1\" content=\"Escrito por\" \/>\n\t<meta name=\"twitter:data1\" content=\"Redacao mz\" \/>\n\t<meta name=\"twitter:label2\" content=\"Est. tempo de leitura\" \/>\n\t<meta name=\"twitter:data2\" content=\"3 minutos\" \/>\n<script type=\"application\/ld+json\" class=\"yoast-schema-graph\">{\"@context\":\"https:\\\/\\\/schema.org\",\"@graph\":[{\"@type\":\"Article\",\"@id\":\"https:\\\/\\\/mznoticia.com.br\\\/jaguariaiva\\\/pm-apreende-quase-27-toneladas-de-maconha-avaliadas-em-mais-de-r-5-milhoes-no-parana\\\/#article\",\"isPartOf\":{\"@id\":\"https:\\\/\\\/mznoticia.com.br\\\/jaguariaiva\\\/pm-apreende-quase-27-toneladas-de-maconha-avaliadas-em-mais-de-r-5-milhoes-no-parana\\\/\"},\"author\":{\"name\":\"Redacao mz\",\"@id\":\"https:\\\/\\\/mznoticia.com.br\\\/jaguariaiva\\\/#\\\/schema\\\/person\\\/84012d827247b3f42f37b550da79cd03\"},\"headline\":\"PM apreende quase 2,7 toneladas de maconha avaliadas em mais de R$ 5 milh\u00f5es no Paran\u00e1\",\"datePublished\":\"2026-08-28T16:16:46+00:00\",\"mainEntityOfPage\":{\"@id\":\"https:\\\/\\\/mznoticia.com.br\\\/jaguariaiva\\\/pm-apreende-quase-27-toneladas-de-maconha-avaliadas-em-mais-de-r-5-milhoes-no-parana\\\/\"},\"wordCount\":451,\"commentCount\":0,\"publisher\":{\"@id\":\"https:\\\/\\\/mznoticia.com.br\\\/jaguariaiva\\\/#organization\"},\"image\":{\"@id\":\"https:\\\/\\\/mznoticia.com.br\\\/jaguariaiva\\\/pm-apreende-quase-27-toneladas-de-maconha-avaliadas-em-mais-de-r-5-milhoes-no-parana\\\/#primaryimage\"},\"thumbnailUrl\":\"https:\\\/\\\/mznoticia.com.br\\\/jaguariaiva\\\/wp-content\\\/uploads\\\/2026\\\/08\\\/200.avif\",\"keywords\":[\"BPFron\",\"destaque\",\"Foz do Igua\u00e7u\",\"Maconha\",\"parana\",\"PMPR\",\"POLICIA\",\"Pol\u00edcia Federal\",\"Ponta Grossa\",\"Seguran\u00e7a P\u00fablica\",\"Tr\u00e1fico de Drogas\"],\"articleSection\":[\"Paran\u00e1\",\"Policial\"],\"inLanguage\":\"pt-BR\",\"potentialAction\":[{\"@type\":\"CommentAction\",\"name\":\"Comment\",\"target\":[\"https:\\\/\\\/mznoticia.com.br\\\/jaguariaiva\\\/pm-apreende-quase-27-toneladas-de-maconha-avaliadas-em-mais-de-r-5-milhoes-no-parana\\\/#respond\"]}]},{\"@type\":\"WebPage\",\"@id\":\"https:\\\/\\\/mznoticia.com.br\\\/jaguariaiva\\\/pm-apreende-quase-27-toneladas-de-maconha-avaliadas-em-mais-de-r-5-milhoes-no-parana\\\/\",\"url\":\"https:\\\/\\\/mznoticia.com.br\\\/jaguariaiva\\\/pm-apreende-quase-27-toneladas-de-maconha-avaliadas-em-mais-de-r-5-milhoes-no-parana\\\/\",\"name\":\"PM apreende quase 2,7 toneladas de maconha avaliadas em mais de R$ 5 milh\u00f5es no Paran\u00e1 - Mz Not\u00edcias\",\"isPartOf\":{\"@id\":\"https:\\\/\\\/mznoticia.com.br\\\/jaguariaiva\\\/#website\"},\"primaryImageOfPage\":{\"@id\":\"https:\\\/\\\/mznoticia.com.br\\\/jaguariaiva\\\/pm-apreende-quase-27-toneladas-de-maconha-avaliadas-em-mais-de-r-5-milhoes-no-parana\\\/#primaryimage\"},\"image\":{\"@id\":\"https:\\\/\\\/mznoticia.com.br\\\/jaguariaiva\\\/pm-apreende-quase-27-toneladas-de-maconha-avaliadas-em-mais-de-r-5-milhoes-no-parana\\\/#primaryimage\"},\"thumbnailUrl\":\"https:\\\/\\\/mznoticia.com.br\\\/jaguariaiva\\\/wp-content\\\/uploads\\\/2026\\\/08\\\/200.avif\",\"datePublished\":\"2026-08-28T16:16:46+00:00\",\"description\":\"PM e Pol\u00edcia Federal apreendem 2.679,8 kg de maconha em Foz do Igua\u00e7u. Carga foi avaliada em mais de R$ 5,3 milh\u00f5es.\",\"breadcrumb\":{\"@id\":\"https:\\\/\\\/mznoticia.com.br\\\/jaguariaiva\\\/pm-apreende-quase-27-toneladas-de-maconha-avaliadas-em-mais-de-r-5-milhoes-no-parana\\\/#breadcrumb\"},\"inLanguage\":\"pt-BR\",\"potentialAction\":[{\"@type\":\"ReadAction\",\"target\":[\"https:\\\/\\\/mznoticia.com.br\\\/jaguariaiva\\\/pm-apreende-quase-27-toneladas-de-maconha-avaliadas-em-mais-de-r-5-milhoes-no-parana\\\/\"]}]},{\"@type\":\"ImageObject\",\"inLanguage\":\"pt-BR\",\"@id\":\"https:\\\/\\\/mznoticia.com.br\\\/jaguariaiva\\\/pm-apreende-quase-27-toneladas-de-maconha-avaliadas-em-mais-de-r-5-milhoes-no-parana\\\/#primaryimage\",\"url\":\"https:\\\/\\\/mznoticia.com.br\\\/jaguariaiva\\\/wp-content\\\/uploads\\\/2026\\\/08\\\/200.avif\",\"contentUrl\":\"https:\\\/\\\/mznoticia.com.br\\\/jaguariaiva\\\/wp-content\\\/uploads\\\/2026\\\/08\\\/200.avif\",\"width\":1080,\"height\":608},{\"@type\":\"BreadcrumbList\",\"@id\":\"https:\\\/\\\/mznoticia.com.br\\\/jaguariaiva\\\/pm-apreende-quase-27-toneladas-de-maconha-avaliadas-em-mais-de-r-5-milhoes-no-parana\\\/#breadcrumb\",\"itemListElement\":[{\"@type\":\"ListItem\",\"position\":1,\"name\":\"Home\",\"item\":\"https:\\\/\\\/mznoticia.com.br\\\/jaguariaiva\\\/\"},{\"@type\":\"ListItem\",\"position\":2,\"name\":\"PM apreende quase 2,7 toneladas de maconha avaliadas em mais de R$ 5 milh\u00f5es no Paran\u00e1\"}]},{\"@type\":\"WebSite\",\"@id\":\"https:\\\/\\\/mznoticia.com.br\\\/jaguariaiva\\\/#website\",\"url\":\"https:\\\/\\\/mznoticia.com.br\\\/jaguariaiva\\\/\",\"name\":\"Mz Not\u00edcia\",\"description\":\"A informa\u00e7\u00e3o que voc\u00ea precisa na hora certa!\",\"publisher\":{\"@id\":\"https:\\\/\\\/mznoticia.com.br\\\/jaguariaiva\\\/#organization\"},\"potentialAction\":[{\"@type\":\"SearchAction\",\"target\":{\"@type\":\"EntryPoint\",\"urlTemplate\":\"https:\\\/\\\/mznoticia.com.br\\\/jaguariaiva\\\/?s={search_term_string}\"},\"query-input\":{\"@type\":\"PropertyValueSpecification\",\"valueRequired\":true,\"valueName\":\"search_term_string\"}}],\"inLanguage\":\"pt-BR\"},{\"@type\":\"Organization\",\"@id\":\"https:\\\/\\\/mznoticia.com.br\\\/jaguariaiva\\\/#organization\",\"name\":\"Mz Not\u00edcia\",\"url\":\"https:\\\/\\\/mznoticia.com.br\\\/jaguariaiva\\\/\",\"logo\":{\"@type\":\"ImageObject\",\"inLanguage\":\"pt-BR\",\"@id\":\"https:\\\/\\\/mznoticia.com.br\\\/jaguariaiva\\\/#\\\/schema\\\/logo\\\/image\\\/\",\"url\":\"https:\\\/\\\/mznoticia.com.br\\\/jaguariaiva\\\/wp-content\\\/uploads\\\/2025\\\/03\\\/Design-sem-nome-4-e1741200616392.png\",\"contentUrl\":\"https:\\\/\\\/mznoticia.com.br\\\/jaguariaiva\\\/wp-content\\\/uploads\\\/2025\\\/03\\\/Design-sem-nome-4-e1741200616392.png\",\"width\":750,\"height\":563,\"caption\":\"Mz Not\u00edcia\"},\"image\":{\"@id\":\"https:\\\/\\\/mznoticia.com.br\\\/jaguariaiva\\\/#\\\/schema\\\/logo\\\/image\\\/\"},\"sameAs\":[\"https:\\\/\\\/www.facebook.com\\\/profile.php?id=61573479951222\",\"https:\\\/\\\/www.instagram.com\\\/mz.jaguariaiva\\\/\"]},{\"@type\":\"Person\",\"@id\":\"https:\\\/\\\/mznoticia.com.br\\\/jaguariaiva\\\/#\\\/schema\\\/person\\\/84012d827247b3f42f37b550da79cd03\",\"name\":\"Redacao mz\",\"image\":{\"@type\":\"ImageObject\",\"inLanguage\":\"pt-BR\",\"@id\":\"https:\\\/\\\/mznoticia.com.br\\\/jaguariaiva\\\/wp-content\\\/uploads\\\/2025\\\/02\\\/mznoticia_jaguariaiva_coluna-150x150.png\",\"url\":\"https:\\\/\\\/mznoticia.com.br\\\/jaguariaiva\\\/wp-content\\\/uploads\\\/2025\\\/02\\\/mznoticia_jaguariaiva_coluna-150x150.png\",\"contentUrl\":\"https:\\\/\\\/mznoticia.com.br\\\/jaguariaiva\\\/wp-content\\\/uploads\\\/2025\\\/02\\\/mznoticia_jaguariaiva_coluna-150x150.png\",\"caption\":\"Redacao mz\"},\"sameAs\":[\"http:\\\/\\\/mznoticia.com.br\"],\"url\":\"https:\\\/\\\/mznoticia.com.br\\\/jaguariaiva\\\/author\\\/lucimara\\\/\"}]}<\/script>\n<!-- \/ Yoast SEO plugin. -->","yoast_head_json":{"title":"PM apreende quase 2,7 toneladas de maconha avaliadas em mais de R$ 5 milh\u00f5es no Paran\u00e1 - Mz Not\u00edcias","description":"PM e Pol\u00edcia Federal apreendem 2.679,8 kg de maconha em Foz do Igua\u00e7u. Carga foi avaliada em mais de R$ 5,3 milh\u00f5es.","robots":{"index":"index","follow":"follow","max-snippet":"max-snippet:-1","max-image-preview":"max-image-preview:large","max-video-preview":"max-video-preview:-1"},"canonical":"https:\/\/mznoticia.com.br\/jaguariaiva\/pm-apreende-quase-27-toneladas-de-maconha-avaliadas-em-mais-de-r-5-milhoes-no-parana\/","og_locale":"pt_BR","og_type":"article","og_title":"PM apreende quase 2,7 toneladas de maconha avaliadas em mais de R$ 5 milh\u00f5es no Paran\u00e1 - Mz Not\u00edcias","og_description":"PM e Pol\u00edcia Federal apreendem 2.679,8 kg de maconha em Foz do Igua\u00e7u. Carga foi avaliada em mais de R$ 5,3 milh\u00f5es.","og_url":"https:\/\/mznoticia.com.br\/jaguariaiva\/pm-apreende-quase-27-toneladas-de-maconha-avaliadas-em-mais-de-r-5-milhoes-no-parana\/","og_site_name":"Mz Not\u00edcias","article_publisher":"https:\/\/www.facebook.com\/profile.php?id=61573479951222","article_published_time":"2026-08-28T16:16:46+00:00","author":"Redacao mz","twitter_card":"summary_large_image","twitter_misc":{"Escrito por":"Redacao mz","Est. tempo de leitura":"3 minutos"},"schema":{"@context":"https:\/\/schema.org","@graph":[{"@type":"Article","@id":"https:\/\/mznoticia.com.br\/jaguariaiva\/pm-apreende-quase-27-toneladas-de-maconha-avaliadas-em-mais-de-r-5-milhoes-no-parana\/#article","isPartOf":{"@id":"https:\/\/mznoticia.com.br\/jaguariaiva\/pm-apreende-quase-27-toneladas-de-maconha-avaliadas-em-mais-de-r-5-milhoes-no-parana\/"},"author":{"name":"Redacao mz","@id":"https:\/\/mznoticia.com.br\/jaguariaiva\/#\/schema\/person\/84012d827247b3f42f37b550da79cd03"},"headline":"PM apreende quase 2,7 toneladas de maconha avaliadas em mais de R$ 5 milh\u00f5es no Paran\u00e1","datePublished":"2026-08-28T16:16:46+00:00","mainEntityOfPage":{"@id":"https:\/\/mznoticia.com.br\/jaguariaiva\/pm-apreende-quase-27-toneladas-de-maconha-avaliadas-em-mais-de-r-5-milhoes-no-parana\/"},"wordCount":451,"commentCount":0,"publisher":{"@id":"https:\/\/mznoticia.com.br\/jaguariaiva\/#organization"},"image":{"@id":"https:\/\/mznoticia.com.br\/jaguariaiva\/pm-apreende-quase-27-toneladas-de-maconha-avaliadas-em-mais-de-r-5-milhoes-no-parana\/#primaryimage"},"thumbnailUrl":"https:\/\/mznoticia.com.br\/jaguariaiva\/wp-content\/uploads\/2026\/08\/200.avif","keywords":["BPFron","destaque","Foz do Igua\u00e7u","Maconha","parana","PMPR","POLICIA","Pol\u00edcia Federal","Ponta Grossa","Seguran\u00e7a P\u00fablica","Tr\u00e1fico de Drogas"],"articleSection":["Paran\u00e1","Policial"],"inLanguage":"pt-BR","potentialAction":[{"@type":"CommentAction","name":"Comment","target":["https:\/\/mznoticia.com.br\/jaguariaiva\/pm-apreende-quase-27-toneladas-de-maconha-avaliadas-em-mais-de-r-5-milhoes-no-parana\/#respond"]}]},{"@type":"WebPage","@id":"https:\/\/mznoticia.com.br\/jaguariaiva\/pm-apreende-quase-27-toneladas-de-maconha-avaliadas-em-mais-de-r-5-milhoes-no-parana\/","url":"https:\/\/mznoticia.com.br\/jaguariaiva\/pm-apreende-quase-27-toneladas-de-maconha-avaliadas-em-mais-de-r-5-milhoes-no-parana\/","name":"PM apreende quase 2,7 toneladas de maconha avaliadas em mais de R$ 5 milh\u00f5es no Paran\u00e1 - Mz Not\u00edcias","isPartOf":{"@id":"https:\/\/mznoticia.com.br\/jaguariaiva\/#website"},"primaryImageOfPage":{"@id":"https:\/\/mznoticia.com.br\/jaguariaiva\/pm-apreende-quase-27-toneladas-de-maconha-avaliadas-em-mais-de-r-5-milhoes-no-parana\/#primaryimage"},"image":{"@id":"https:\/\/mznoticia.com.br\/jaguariaiva\/pm-apreende-quase-27-toneladas-de-maconha-avaliadas-em-mais-de-r-5-milhoes-no-parana\/#primaryimage"},"thumbnailUrl":"https:\/\/mznoticia.com.br\/jaguariaiva\/wp-content\/uploads\/2026\/08\/200.avif","datePublished":"2026-08-28T16:16:46+00:00","description":"PM e Pol\u00edcia Federal apreendem 2.679,8 kg de maconha em Foz do Igua\u00e7u. Carga foi avaliada em mais de R$ 5,3 milh\u00f5es.","breadcrumb":{"@id":"https:\/\/mznoticia.com.br\/jaguariaiva\/pm-apreende-quase-27-toneladas-de-maconha-avaliadas-em-mais-de-r-5-milhoes-no-parana\/#breadcrumb"},"inLanguage":"pt-BR","potentialAction":[{"@type":"ReadAction","target":["https:\/\/mznoticia.com.br\/jaguariaiva\/pm-apreende-quase-27-toneladas-de-maconha-avaliadas-em-mais-de-r-5-milhoes-no-parana\/"]}]},{"@type":"ImageObject","inLanguage":"pt-BR","@id":"https:\/\/mznoticia.com.br\/jaguariaiva\/pm-apreende-quase-27-toneladas-de-maconha-avaliadas-em-mais-de-r-5-milhoes-no-parana\/#primaryimage","url":"https:\/\/mznoticia.com.br\/jaguariaiva\/wp-content\/uploads\/2026\/08\/200.avif","contentUrl":"https:\/\/mznoticia.com.br\/jaguariaiva\/wp-content\/uploads\/2026\/08\/200.avif","width":1080,"height":608},{"@type":"BreadcrumbList","@id":"https:\/\/mznoticia.com.br\/jaguariaiva\/pm-apreende-quase-27-toneladas-de-maconha-avaliadas-em-mais-de-r-5-milhoes-no-parana\/#breadcrumb","itemListElement":[{"@type":"ListItem","position":1,"name":"Home","item":"https:\/\/mznoticia.com.br\/jaguariaiva\/"},{"@type":"ListItem","position":2,"name":"PM apreende quase 2,7 toneladas de maconha avaliadas em mais de R$ 5 milh\u00f5es no Paran\u00e1"}]},{"@type":"WebSite","@id":"https:\/\/mznoticia.com.br\/jaguariaiva\/#website","url":"https:\/\/mznoticia.com.br\/jaguariaiva\/","name":"Mz Not\u00edcia","description":"A informa\u00e7\u00e3o que voc\u00ea precisa na hora certa!","publisher":{"@id":"https:\/\/mznoticia.com.br\/jaguariaiva\/#organization"},"potentialAction":[{"@type":"SearchAction","target":{"@type":"EntryPoint","urlTemplate":"https:\/\/mznoticia.com.br\/jaguariaiva\/?s={search_term_string}"},"query-input":{"@type":"PropertyValueSpecification","valueRequired":true,"valueName":"search_term_string"}}],"inLanguage":"pt-BR"},{"@type":"Organization","@id":"https:\/\/mznoticia.com.br\/jaguariaiva\/#organization","name":"Mz Not\u00edcia","url":"https:\/\/mznoticia.com.br\/jaguariaiva\/","logo":{"@type":"ImageObject","inLanguage":"pt-BR","@id":"https:\/\/mznoticia.com.br\/jaguariaiva\/#\/schema\/logo\/image\/","url":"https:\/\/mznoticia.com.br\/jaguariaiva\/wp-content\/uploads\/2025\/03\/Design-sem-nome-4-e1741200616392.png","contentUrl":"https:\/\/mznoticia.com.br\/jaguariaiva\/wp-content\/uploads\/2025\/03\/Design-sem-nome-4-e1741200616392.png","width":750,"height":563,"caption":"Mz Not\u00edcia"},"image":{"@id":"https:\/\/mznoticia.com.br\/jaguariaiva\/#\/schema\/logo\/image\/"},"sameAs":["https:\/\/www.facebook.com\/profile.php?id=61573479951222","https:\/\/www.instagram.com\/mz.jaguariaiva\/"]},{"@type":"Person","@id":"https:\/\/mznoticia.com.br\/jaguariaiva\/#\/schema\/person\/84012d827247b3f42f37b550da79cd03","name":"Redacao mz","image":{"@type":"ImageObject","inLanguage":"pt-BR","@id":"https:\/\/mznoticia.com.br\/jaguariaiva\/wp-content\/uploads\/2025\/02\/mznoticia_jaguariaiva_coluna-150x150.png","url":"https:\/\/mznoticia.com.br\/jaguariaiva\/wp-content\/uploads\/2025\/02\/mznoticia_jaguariaiva_coluna-150x150.png","contentUrl":"https:\/\/mznoticia.com.br\/jaguariaiva\/wp-content\/uploads\/2025\/02\/mznoticia_jaguariaiva_coluna-150x150.png","caption":"Redacao mz"},"sameAs":["http:\/\/mznoticia.com.br"],"url":"https:\/\/mznoticia.com.br\/jaguariaiva\/author\/lucimara\/"}]}},"_links":{"self":[{"href":"https:\/\/mznoticia.com.br\/jaguariaiva\/wp-json\/wp\/v2\/posts\/7298","targetHints":{"allow":["GET"]}}],"collection":[{"href":"https:\/\/mznoticia.com.br\/jaguariaiva\/wp-json\/wp\/v2\/posts"}],"about":[{"href":"https:\/\/mznoticia.com.br\/jaguariaiva\/wp-json\/wp\/v2\/types\/post"}],"author":[{"embeddable":true,"href":"https:\/\/mznoticia.com.br\/jaguariaiva\/wp-json\/wp\/v2\/users\/16"}],"replies":[{"embeddable":true,"href":"https:\/\/mznoticia.com.br\/jaguariaiva\/wp-json\/wp\/v2\/comments?post=7298"}],"version-history":[{"count":1,"href":"https:\/\/mznoticia.com.br\/jaguariaiva\/wp-json\/wp\/v2\/posts\/7298\/revisions"}],"predecessor-version":[{"id":7300,"href":"https:\/\/mznoticia.com.br\/jaguariaiva\/wp-json\/wp\/v2\/posts\/7298\/revisions\/7300"}],"wp:featuredmedia":[{"embeddable":true,"href":"https:\/\/mznoticia.com.br\/jaguariaiva\/wp-json\/wp\/v2\/media\/7299"}],"wp:attachment":[{"href":"https:\/\/mznoticia.com.br\/jaguariaiva\/wp-json\/wp\/v2\/media?parent=7298"}],"wp:term":[{"taxonomy":"category","embeddable":true,"href":"https:\/\/mznoticia.com.br\/jaguariaiva\/wp-json\/wp\/v2\/categories?post=7298"},{"taxonomy":"post_tag","embeddable":true,"href":"https:\/\/mznoticia.com.br\/jaguariaiva\/wp-json\/wp\/v2\/tags?post=7298"}],"curies":[{"name":"wp","href":"https:\/\/api.w.org\/{rel}","templated":true}]}}