{"id":7312,"date":"2026-08-28T18:19:13","date_gmt":"2026-08-28T18:19:13","guid":{"rendered":"https:\/\/mznoticia.com.br\/jaguariaiva\/?p=7312"},"modified":"2026-08-28T18:19:13","modified_gmt":"2026-08-28T18:19:13","slug":"quaest-mostra-flavio-bolsonaro-na-lideranca-para-presidente-no-parana-e-moro-a-frente-para-governador","status":"publish","type":"post","link":"https:\/\/mznoticia.com.br\/jaguariaiva\/quaest-mostra-flavio-bolsonaro-na-lideranca-para-presidente-no-parana-e-moro-a-frente-para-governador\/","title":{"rendered":"Quaest mostra Fl\u00e1vio Bolsonaro na lideran\u00e7a para presidente no Paran\u00e1 e Moro \u00e0 frente para governador"},"content":{"rendered":"<h2>Pesquisa divulgada em 24 de agosto aponta vantagem de Fl\u00e1vio sobre Lula no Estado e lideran\u00e7a de Sergio Moro na disputa pelo Governo do Paran\u00e1<\/h2>\n<p class=\"isSelectedEnd\">A pesquisa Quaest divulgada em 24 de agosto de 2026 mostra um cen\u00e1rio de vantagem para candidatos do PL nas disputas para presidente da Rep\u00fablica e governador do Paran\u00e1.<\/p>\n<p class=\"isSelectedEnd\">Na corrida presidencial dentro do Estado, Fl\u00e1vio Bolsonaro aparece na lideran\u00e7a, com 44% das inten\u00e7\u00f5es de voto, enquanto o presidente Luiz In\u00e1cio Lula da Silva registra 30%.<\/p>\n<h2>Fl\u00e1vio lidera disputa presidencial no Paran\u00e1<\/h2>\n<p class=\"isSelectedEnd\">No cen\u00e1rio de primeiro turno para presidente entre os eleitores paranaenses, Fl\u00e1vio Bolsonaro aparece com 44%.<\/p>\n<p class=\"isSelectedEnd\">Lula vem na segunda coloca\u00e7\u00e3o, com 30%. Na sequ\u00eancia est\u00e3o Renan Santos, Pablo Mar\u00e7al e Ronaldo Caiado, todos com 4%. Romeu Zema aparece com 2%.<\/p>\n<p class=\"isSelectedEnd\">Brancos, nulos e eleitores indecisos somam 10%.<\/p>\n<h2>Moro lidera corrida pelo Governo do Paran\u00e1<\/h2>\n<p class=\"isSelectedEnd\">Na disputa pelo Governo do Paran\u00e1, Sergio Moro aparece na primeira posi\u00e7\u00e3o, com 37% das inten\u00e7\u00f5es de voto.<\/p>\n<p class=\"isSelectedEnd\">Requi\u00e3o Filho ocupa o segundo lugar, com 21%, seguido por Sandro Alex, que registra 15%.<\/p>\n<p class=\"isSelectedEnd\">Luiz Fran\u00e7a e Tayn\u00e1 Miessa aparecem com 1% cada. Brancos e nulos somam 7%, enquanto 18% dos entrevistados ainda n\u00e3o decidiram em quem votar.<\/p>\n<h2>Cen\u00e1rio eleitoral se aproxima do primeiro turno<\/h2>\n<p class=\"isSelectedEnd\">Os n\u00fameros mostram um cen\u00e1rio ainda em forma\u00e7\u00e3o, principalmente diante do percentual de eleitores indecisos na disputa estadual.<\/p>\n<p class=\"isSelectedEnd\">A pesquisa tamb\u00e9m serve como um retrato do momento eleitoral no Paran\u00e1 e pode sofrer altera\u00e7\u00f5es ao longo das pr\u00f3ximas semanas, com o avan\u00e7o da campanha, debates e propaganda eleitoral.<\/p>\n<p>As elei\u00e7\u00f5es de 2026 ter\u00e3o o primeiro turno em 4 de outubro.<\/p>\n","protected":false},"excerpt":{"rendered":"<p>Pesquisa divulgada em 24 de agosto aponta vantagem de Fl\u00e1vio sobre Lula no Estado e lideran\u00e7a de Sergio Moro na disputa pelo Governo do Paran\u00e1 A pesquisa Quaest divulgada em 24 de agosto de 2026 mostra um cen\u00e1rio de vantagem para candidatos do PL nas disputas para presidente da Rep\u00fablica e governador do Paran\u00e1. Na [&hellip;]<\/p>\n","protected":false},"author":16,"featured_media":0,"comment_status":"open","ping_status":"open","sticky":false,"template":"","format":"standard","meta":{"footnotes":""},"categories":[372],"tags":[416,415,414,77,194,2980,1823,1764,1758],"class_list":["post-7312","post","type-post","status-publish","format-standard","hentry","category-eleicoes","tag-eleicoes-2026","tag-flavio-bolsonaro","tag-lula","tag-parana","tag-politica","tag-quaest","tag-requiao-filho","tag-sandro-alex","tag-sergio-moro"],"yoast_head":"<!-- This site is optimized with the Yoast SEO plugin v28.1 - https:\/\/yoast.com\/product\/yoast-seo-wordpress\/ -->\n<title>Quaest mostra Fl\u00e1vio Bolsonaro na lideran\u00e7a para presidente no Paran\u00e1 e Moro \u00e0 frente para governador - Mz Not\u00edcias<\/title>\n<meta name=\"robots\" content=\"index, follow, max-snippet:-1, max-image-preview:large, max-video-preview:-1\" \/>\n<link rel=\"canonical\" href=\"https:\/\/mznoticia.com.br\/jaguariaiva\/quaest-mostra-flavio-bolsonaro-na-lideranca-para-presidente-no-parana-e-moro-a-frente-para-governador\/\" \/>\n<meta property=\"og:locale\" content=\"pt_BR\" \/>\n<meta property=\"og:type\" content=\"article\" \/>\n<meta property=\"og:title\" content=\"Quaest mostra Fl\u00e1vio Bolsonaro na lideran\u00e7a para presidente no Paran\u00e1 e Moro \u00e0 frente para governador - Mz Not\u00edcias\" \/>\n<meta property=\"og:description\" content=\"Pesquisa divulgada em 24 de agosto aponta vantagem de Fl\u00e1vio sobre Lula no Estado e lideran\u00e7a de Sergio Moro na disputa pelo Governo do Paran\u00e1 A pesquisa Quaest divulgada em 24 de agosto de 2026 mostra um cen\u00e1rio de vantagem para candidatos do PL nas disputas para presidente da Rep\u00fablica e governador do Paran\u00e1. Na [&hellip;]\" \/>\n<meta property=\"og:url\" content=\"https:\/\/mznoticia.com.br\/jaguariaiva\/quaest-mostra-flavio-bolsonaro-na-lideranca-para-presidente-no-parana-e-moro-a-frente-para-governador\/\" \/>\n<meta property=\"og:site_name\" content=\"Mz Not\u00edcias\" \/>\n<meta property=\"article:publisher\" content=\"https:\/\/www.facebook.com\/profile.php?id=61573479951222\" \/>\n<meta property=\"article:published_time\" content=\"2026-08-28T18:19:13+00:00\" \/>\n<meta name=\"author\" content=\"Redacao mz\" \/>\n<meta name=\"twitter:card\" content=\"summary_large_image\" \/>\n<meta name=\"twitter:label1\" content=\"Escrito por\" \/>\n\t<meta name=\"twitter:data1\" content=\"Redacao mz\" \/>\n\t<meta name=\"twitter:label2\" content=\"Est. tempo de leitura\" \/>\n\t<meta name=\"twitter:data2\" content=\"2 minutos\" \/>\n<script type=\"application\/ld+json\" class=\"yoast-schema-graph\">{\"@context\":\"https:\\\/\\\/schema.org\",\"@graph\":[{\"@type\":\"Article\",\"@id\":\"https:\\\/\\\/mznoticia.com.br\\\/jaguariaiva\\\/quaest-mostra-flavio-bolsonaro-na-lideranca-para-presidente-no-parana-e-moro-a-frente-para-governador\\\/#article\",\"isPartOf\":{\"@id\":\"https:\\\/\\\/mznoticia.com.br\\\/jaguariaiva\\\/quaest-mostra-flavio-bolsonaro-na-lideranca-para-presidente-no-parana-e-moro-a-frente-para-governador\\\/\"},\"author\":{\"name\":\"Redacao mz\",\"@id\":\"https:\\\/\\\/mznoticia.com.br\\\/jaguariaiva\\\/#\\\/schema\\\/person\\\/84012d827247b3f42f37b550da79cd03\"},\"headline\":\"Quaest mostra Fl\u00e1vio Bolsonaro na lideran\u00e7a para presidente no Paran\u00e1 e Moro \u00e0 frente para governador\",\"datePublished\":\"2026-08-28T18:19:13+00:00\",\"mainEntityOfPage\":{\"@id\":\"https:\\\/\\\/mznoticia.com.br\\\/jaguariaiva\\\/quaest-mostra-flavio-bolsonaro-na-lideranca-para-presidente-no-parana-e-moro-a-frente-para-governador\\\/\"},\"wordCount\":295,\"commentCount\":0,\"publisher\":{\"@id\":\"https:\\\/\\\/mznoticia.com.br\\\/jaguariaiva\\\/#organization\"},\"keywords\":[\"Elei\u00e7\u00f5es 2026\",\"Fl\u00e1vio Bolsonaro\",\"Lula\",\"parana\",\"politica\",\"Quaest\",\"Requi\u00e3o Filho\",\"Sandro Alex\",\"Sergio Moro\"],\"articleSection\":[\"Elei\u00e7\u00f5es\"],\"inLanguage\":\"pt-BR\",\"potentialAction\":[{\"@type\":\"CommentAction\",\"name\":\"Comment\",\"target\":[\"https:\\\/\\\/mznoticia.com.br\\\/jaguariaiva\\\/quaest-mostra-flavio-bolsonaro-na-lideranca-para-presidente-no-parana-e-moro-a-frente-para-governador\\\/#respond\"]}]},{\"@type\":\"WebPage\",\"@id\":\"https:\\\/\\\/mznoticia.com.br\\\/jaguariaiva\\\/quaest-mostra-flavio-bolsonaro-na-lideranca-para-presidente-no-parana-e-moro-a-frente-para-governador\\\/\",\"url\":\"https:\\\/\\\/mznoticia.com.br\\\/jaguariaiva\\\/quaest-mostra-flavio-bolsonaro-na-lideranca-para-presidente-no-parana-e-moro-a-frente-para-governador\\\/\",\"name\":\"Quaest mostra Fl\u00e1vio Bolsonaro na lideran\u00e7a para presidente no Paran\u00e1 e Moro \u00e0 frente para governador - Mz Not\u00edcias\",\"isPartOf\":{\"@id\":\"https:\\\/\\\/mznoticia.com.br\\\/jaguariaiva\\\/#website\"},\"datePublished\":\"2026-08-28T18:19:13+00:00\",\"breadcrumb\":{\"@id\":\"https:\\\/\\\/mznoticia.com.br\\\/jaguariaiva\\\/quaest-mostra-flavio-bolsonaro-na-lideranca-para-presidente-no-parana-e-moro-a-frente-para-governador\\\/#breadcrumb\"},\"inLanguage\":\"pt-BR\",\"potentialAction\":[{\"@type\":\"ReadAction\",\"target\":[\"https:\\\/\\\/mznoticia.com.br\\\/jaguariaiva\\\/quaest-mostra-flavio-bolsonaro-na-lideranca-para-presidente-no-parana-e-moro-a-frente-para-governador\\\/\"]}]},{\"@type\":\"BreadcrumbList\",\"@id\":\"https:\\\/\\\/mznoticia.com.br\\\/jaguariaiva\\\/quaest-mostra-flavio-bolsonaro-na-lideranca-para-presidente-no-parana-e-moro-a-frente-para-governador\\\/#breadcrumb\",\"itemListElement\":[{\"@type\":\"ListItem\",\"position\":1,\"name\":\"Home\",\"item\":\"https:\\\/\\\/mznoticia.com.br\\\/jaguariaiva\\\/\"},{\"@type\":\"ListItem\",\"position\":2,\"name\":\"Quaest mostra Fl\u00e1vio Bolsonaro na lideran\u00e7a para presidente no Paran\u00e1 e Moro \u00e0 frente para governador\"}]},{\"@type\":\"WebSite\",\"@id\":\"https:\\\/\\\/mznoticia.com.br\\\/jaguariaiva\\\/#website\",\"url\":\"https:\\\/\\\/mznoticia.com.br\\\/jaguariaiva\\\/\",\"name\":\"Mz Not\u00edcia\",\"description\":\"A informa\u00e7\u00e3o que voc\u00ea precisa na hora certa!\",\"publisher\":{\"@id\":\"https:\\\/\\\/mznoticia.com.br\\\/jaguariaiva\\\/#organization\"},\"potentialAction\":[{\"@type\":\"SearchAction\",\"target\":{\"@type\":\"EntryPoint\",\"urlTemplate\":\"https:\\\/\\\/mznoticia.com.br\\\/jaguariaiva\\\/?s={search_term_string}\"},\"query-input\":{\"@type\":\"PropertyValueSpecification\",\"valueRequired\":true,\"valueName\":\"search_term_string\"}}],\"inLanguage\":\"pt-BR\"},{\"@type\":\"Organization\",\"@id\":\"https:\\\/\\\/mznoticia.com.br\\\/jaguariaiva\\\/#organization\",\"name\":\"Mz Not\u00edcia\",\"url\":\"https:\\\/\\\/mznoticia.com.br\\\/jaguariaiva\\\/\",\"logo\":{\"@type\":\"ImageObject\",\"inLanguage\":\"pt-BR\",\"@id\":\"https:\\\/\\\/mznoticia.com.br\\\/jaguariaiva\\\/#\\\/schema\\\/logo\\\/image\\\/\",\"url\":\"https:\\\/\\\/mznoticia.com.br\\\/jaguariaiva\\\/wp-content\\\/uploads\\\/2025\\\/03\\\/Design-sem-nome-4-e1741200616392.png\",\"contentUrl\":\"https:\\\/\\\/mznoticia.com.br\\\/jaguariaiva\\\/wp-content\\\/uploads\\\/2025\\\/03\\\/Design-sem-nome-4-e1741200616392.png\",\"width\":750,\"height\":563,\"caption\":\"Mz Not\u00edcia\"},\"image\":{\"@id\":\"https:\\\/\\\/mznoticia.com.br\\\/jaguariaiva\\\/#\\\/schema\\\/logo\\\/image\\\/\"},\"sameAs\":[\"https:\\\/\\\/www.facebook.com\\\/profile.php?id=61573479951222\",\"https:\\\/\\\/www.instagram.com\\\/mz.jaguariaiva\\\/\"]},{\"@type\":\"Person\",\"@id\":\"https:\\\/\\\/mznoticia.com.br\\\/jaguariaiva\\\/#\\\/schema\\\/person\\\/84012d827247b3f42f37b550da79cd03\",\"name\":\"Redacao mz\",\"image\":{\"@type\":\"ImageObject\",\"inLanguage\":\"pt-BR\",\"@id\":\"https:\\\/\\\/mznoticia.com.br\\\/jaguariaiva\\\/wp-content\\\/uploads\\\/2025\\\/02\\\/mznoticia_jaguariaiva_coluna-150x150.png\",\"url\":\"https:\\\/\\\/mznoticia.com.br\\\/jaguariaiva\\\/wp-content\\\/uploads\\\/2025\\\/02\\\/mznoticia_jaguariaiva_coluna-150x150.png\",\"contentUrl\":\"https:\\\/\\\/mznoticia.com.br\\\/jaguariaiva\\\/wp-content\\\/uploads\\\/2025\\\/02\\\/mznoticia_jaguariaiva_coluna-150x150.png\",\"caption\":\"Redacao mz\"},\"sameAs\":[\"http:\\\/\\\/mznoticia.com.br\"],\"url\":\"https:\\\/\\\/mznoticia.com.br\\\/jaguariaiva\\\/author\\\/lucimara\\\/\"}]}<\/script>\n<!-- \/ Yoast SEO plugin. -->","yoast_head_json":{"title":"Quaest mostra Fl\u00e1vio Bolsonaro na lideran\u00e7a para presidente no Paran\u00e1 e Moro \u00e0 frente para governador - Mz Not\u00edcias","robots":{"index":"index","follow":"follow","max-snippet":"max-snippet:-1","max-image-preview":"max-image-preview:large","max-video-preview":"max-video-preview:-1"},"canonical":"https:\/\/mznoticia.com.br\/jaguariaiva\/quaest-mostra-flavio-bolsonaro-na-lideranca-para-presidente-no-parana-e-moro-a-frente-para-governador\/","og_locale":"pt_BR","og_type":"article","og_title":"Quaest mostra Fl\u00e1vio Bolsonaro na lideran\u00e7a para presidente no Paran\u00e1 e Moro \u00e0 frente para governador - Mz Not\u00edcias","og_description":"Pesquisa divulgada em 24 de agosto aponta vantagem de Fl\u00e1vio sobre Lula no Estado e lideran\u00e7a de Sergio Moro na disputa pelo Governo do Paran\u00e1 A pesquisa Quaest divulgada em 24 de agosto de 2026 mostra um cen\u00e1rio de vantagem para candidatos do PL nas disputas para presidente da Rep\u00fablica e governador do Paran\u00e1. Na [&hellip;]","og_url":"https:\/\/mznoticia.com.br\/jaguariaiva\/quaest-mostra-flavio-bolsonaro-na-lideranca-para-presidente-no-parana-e-moro-a-frente-para-governador\/","og_site_name":"Mz Not\u00edcias","article_publisher":"https:\/\/www.facebook.com\/profile.php?id=61573479951222","article_published_time":"2026-08-28T18:19:13+00:00","author":"Redacao mz","twitter_card":"summary_large_image","twitter_misc":{"Escrito por":"Redacao mz","Est. tempo de leitura":"2 minutos"},"schema":{"@context":"https:\/\/schema.org","@graph":[{"@type":"Article","@id":"https:\/\/mznoticia.com.br\/jaguariaiva\/quaest-mostra-flavio-bolsonaro-na-lideranca-para-presidente-no-parana-e-moro-a-frente-para-governador\/#article","isPartOf":{"@id":"https:\/\/mznoticia.com.br\/jaguariaiva\/quaest-mostra-flavio-bolsonaro-na-lideranca-para-presidente-no-parana-e-moro-a-frente-para-governador\/"},"author":{"name":"Redacao mz","@id":"https:\/\/mznoticia.com.br\/jaguariaiva\/#\/schema\/person\/84012d827247b3f42f37b550da79cd03"},"headline":"Quaest mostra Fl\u00e1vio Bolsonaro na lideran\u00e7a para presidente no Paran\u00e1 e Moro \u00e0 frente para governador","datePublished":"2026-08-28T18:19:13+00:00","mainEntityOfPage":{"@id":"https:\/\/mznoticia.com.br\/jaguariaiva\/quaest-mostra-flavio-bolsonaro-na-lideranca-para-presidente-no-parana-e-moro-a-frente-para-governador\/"},"wordCount":295,"commentCount":0,"publisher":{"@id":"https:\/\/mznoticia.com.br\/jaguariaiva\/#organization"},"keywords":["Elei\u00e7\u00f5es 2026","Fl\u00e1vio Bolsonaro","Lula","parana","politica","Quaest","Requi\u00e3o Filho","Sandro Alex","Sergio Moro"],"articleSection":["Elei\u00e7\u00f5es"],"inLanguage":"pt-BR","potentialAction":[{"@type":"CommentAction","name":"Comment","target":["https:\/\/mznoticia.com.br\/jaguariaiva\/quaest-mostra-flavio-bolsonaro-na-lideranca-para-presidente-no-parana-e-moro-a-frente-para-governador\/#respond"]}]},{"@type":"WebPage","@id":"https:\/\/mznoticia.com.br\/jaguariaiva\/quaest-mostra-flavio-bolsonaro-na-lideranca-para-presidente-no-parana-e-moro-a-frente-para-governador\/","url":"https:\/\/mznoticia.com.br\/jaguariaiva\/quaest-mostra-flavio-bolsonaro-na-lideranca-para-presidente-no-parana-e-moro-a-frente-para-governador\/","name":"Quaest mostra Fl\u00e1vio Bolsonaro na lideran\u00e7a para presidente no Paran\u00e1 e Moro \u00e0 frente para governador - Mz Not\u00edcias","isPartOf":{"@id":"https:\/\/mznoticia.com.br\/jaguariaiva\/#website"},"datePublished":"2026-08-28T18:19:13+00:00","breadcrumb":{"@id":"https:\/\/mznoticia.com.br\/jaguariaiva\/quaest-mostra-flavio-bolsonaro-na-lideranca-para-presidente-no-parana-e-moro-a-frente-para-governador\/#breadcrumb"},"inLanguage":"pt-BR","potentialAction":[{"@type":"ReadAction","target":["https:\/\/mznoticia.com.br\/jaguariaiva\/quaest-mostra-flavio-bolsonaro-na-lideranca-para-presidente-no-parana-e-moro-a-frente-para-governador\/"]}]},{"@type":"BreadcrumbList","@id":"https:\/\/mznoticia.com.br\/jaguariaiva\/quaest-mostra-flavio-bolsonaro-na-lideranca-para-presidente-no-parana-e-moro-a-frente-para-governador\/#breadcrumb","itemListElement":[{"@type":"ListItem","position":1,"name":"Home","item":"https:\/\/mznoticia.com.br\/jaguariaiva\/"},{"@type":"ListItem","position":2,"name":"Quaest mostra Fl\u00e1vio Bolsonaro na lideran\u00e7a para presidente no Paran\u00e1 e Moro \u00e0 frente para governador"}]},{"@type":"WebSite","@id":"https:\/\/mznoticia.com.br\/jaguariaiva\/#website","url":"https:\/\/mznoticia.com.br\/jaguariaiva\/","name":"Mz Not\u00edcia","description":"A informa\u00e7\u00e3o que voc\u00ea precisa na hora certa!","publisher":{"@id":"https:\/\/mznoticia.com.br\/jaguariaiva\/#organization"},"potentialAction":[{"@type":"SearchAction","target":{"@type":"EntryPoint","urlTemplate":"https:\/\/mznoticia.com.br\/jaguariaiva\/?s={search_term_string}"},"query-input":{"@type":"PropertyValueSpecification","valueRequired":true,"valueName":"search_term_string"}}],"inLanguage":"pt-BR"},{"@type":"Organization","@id":"https:\/\/mznoticia.com.br\/jaguariaiva\/#organization","name":"Mz Not\u00edcia","url":"https:\/\/mznoticia.com.br\/jaguariaiva\/","logo":{"@type":"ImageObject","inLanguage":"pt-BR","@id":"https:\/\/mznoticia.com.br\/jaguariaiva\/#\/schema\/logo\/image\/","url":"https:\/\/mznoticia.com.br\/jaguariaiva\/wp-content\/uploads\/2025\/03\/Design-sem-nome-4-e1741200616392.png","contentUrl":"https:\/\/mznoticia.com.br\/jaguariaiva\/wp-content\/uploads\/2025\/03\/Design-sem-nome-4-e1741200616392.png","width":750,"height":563,"caption":"Mz Not\u00edcia"},"image":{"@id":"https:\/\/mznoticia.com.br\/jaguariaiva\/#\/schema\/logo\/image\/"},"sameAs":["https:\/\/www.facebook.com\/profile.php?id=61573479951222","https:\/\/www.instagram.com\/mz.jaguariaiva\/"]},{"@type":"Person","@id":"https:\/\/mznoticia.com.br\/jaguariaiva\/#\/schema\/person\/84012d827247b3f42f37b550da79cd03","name":"Redacao mz","image":{"@type":"ImageObject","inLanguage":"pt-BR","@id":"https:\/\/mznoticia.com.br\/jaguariaiva\/wp-content\/uploads\/2025\/02\/mznoticia_jaguariaiva_coluna-150x150.png","url":"https:\/\/mznoticia.com.br\/jaguariaiva\/wp-content\/uploads\/2025\/02\/mznoticia_jaguariaiva_coluna-150x150.png","contentUrl":"https:\/\/mznoticia.com.br\/jaguariaiva\/wp-content\/uploads\/2025\/02\/mznoticia_jaguariaiva_coluna-150x150.png","caption":"Redacao mz"},"sameAs":["http:\/\/mznoticia.com.br"],"url":"https:\/\/mznoticia.com.br\/jaguariaiva\/author\/lucimara\/"}]}},"_links":{"self":[{"href":"https:\/\/mznoticia.com.br\/jaguariaiva\/wp-json\/wp\/v2\/posts\/7312","targetHints":{"allow":["GET"]}}],"collection":[{"href":"https:\/\/mznoticia.com.br\/jaguariaiva\/wp-json\/wp\/v2\/posts"}],"about":[{"href":"https:\/\/mznoticia.com.br\/jaguariaiva\/wp-json\/wp\/v2\/types\/post"}],"author":[{"embeddable":true,"href":"https:\/\/mznoticia.com.br\/jaguariaiva\/wp-json\/wp\/v2\/users\/16"}],"replies":[{"embeddable":true,"href":"https:\/\/mznoticia.com.br\/jaguariaiva\/wp-json\/wp\/v2\/comments?post=7312"}],"version-history":[{"count":1,"href":"https:\/\/mznoticia.com.br\/jaguariaiva\/wp-json\/wp\/v2\/posts\/7312\/revisions"}],"predecessor-version":[{"id":7315,"href":"https:\/\/mznoticia.com.br\/jaguariaiva\/wp-json\/wp\/v2\/posts\/7312\/revisions\/7315"}],"wp:attachment":[{"href":"https:\/\/mznoticia.com.br\/jaguariaiva\/wp-json\/wp\/v2\/media?parent=7312"}],"wp:term":[{"taxonomy":"category","embeddable":true,"href":"https:\/\/mznoticia.com.br\/jaguariaiva\/wp-json\/wp\/v2\/categories?post=7312"},{"taxonomy":"post_tag","embeddable":true,"href":"https:\/\/mznoticia.com.br\/jaguariaiva\/wp-json\/wp\/v2\/tags?post=7312"}],"curies":[{"name":"wp","href":"https:\/\/api.w.org\/{rel}","templated":true}]}}