{"id":7313,"date":"2026-08-28T18:26:09","date_gmt":"2026-08-28T18:26:09","guid":{"rendered":"https:\/\/mznoticia.com.br\/jaguariaiva\/?p=7313"},"modified":"2026-08-28T18:26:09","modified_gmt":"2026-08-28T18:26:09","slug":"lancamento-de-vigas-e-concluido-e-transito-na-br-376-volta-ao-normal-em-ponta-grossa","status":"publish","type":"post","link":"https:\/\/mznoticia.com.br\/jaguariaiva\/lancamento-de-vigas-e-concluido-e-transito-na-br-376-volta-ao-normal-em-ponta-grossa\/","title":{"rendered":"Lan\u00e7amento de vigas \u00e9 conclu\u00eddo e tr\u00e2nsito na BR-376 volta ao normal em Ponta Grossa"},"content":{"rendered":"<h1>Lan\u00e7amento de vigas \u00e9 conclu\u00eddo e tr\u00e2nsito na BR-376 volta ao normal em Ponta Grossa<\/h1>\n<h2>Opera\u00e7\u00e3o para constru\u00e7\u00e3o de novo viaduto terminou antes do prazo previsto, e restri\u00e7\u00f5es noturnas de tr\u00e1fego foram suspensas<\/h2>\n<p class=\"isSelectedEnd\">A opera\u00e7\u00e3o de lan\u00e7amento de vigas para a constru\u00e7\u00e3o de um novo viaduto sobre o km 494 da BR-376, em Ponta Grossa, foi conclu\u00edda de forma antecipada na madrugada desta sexta-feira (28).<\/p>\n<p class=\"isSelectedEnd\">Os trabalhos fazem parte das obras de duplica\u00e7\u00e3o da PR-151, na regi\u00e3o dos bairros Car\u00e1-Car\u00e1 e Col\u00f4nia Dona Luiza.<\/p>\n<h3>Obras terminaram antes do prazo previsto<\/h3>\n<p class=\"isSelectedEnd\">A opera\u00e7\u00e3o come\u00e7ou no dia 24 de agosto e tinha previs\u00e3o inicial de durar uma semana. No entanto, os trabalhos foram finalizados antes do prazo esperado.<\/p>\n<p class=\"isSelectedEnd\">Com a conclus\u00e3o do lan\u00e7amento das vigas, todas as restri\u00e7\u00f5es de tr\u00e1fego realizadas durante o per\u00edodo noturno foram suspensas.<\/p>\n<h3>Tr\u00e2nsito volta a circular normalmente<\/h3>\n<p class=\"isSelectedEnd\">As interdi\u00e7\u00f5es afetavam a pista marginal norte, no sentido Curitiba\u2013Ponta Grossa, al\u00e9m da pista principal da BR-376 e da pista sul, no sentido Ponta Grossa\u2013Curitiba.<\/p>\n<p class=\"isSelectedEnd\">Segundo as informa\u00e7\u00f5es divulgadas sobre a opera\u00e7\u00e3o, a circula\u00e7\u00e3o de ve\u00edculos ocorre normalmente ap\u00f3s a libera\u00e7\u00e3o das vias.<\/p>\n<p>As obras integram o projeto de duplica\u00e7\u00e3o da PR-151 na regi\u00e3o e incluem a constru\u00e7\u00e3o da nova estrutura sobre a BR-376.<\/p>\n","protected":false},"excerpt":{"rendered":"<p>Lan\u00e7amento de vigas \u00e9 conclu\u00eddo e tr\u00e2nsito na BR-376 volta ao normal em Ponta Grossa Opera\u00e7\u00e3o para constru\u00e7\u00e3o de novo viaduto terminou antes do prazo previsto, e restri\u00e7\u00f5es noturnas de tr\u00e1fego foram suspensas A opera\u00e7\u00e3o de lan\u00e7amento de vigas para a constru\u00e7\u00e3o de um novo viaduto sobre o km 494 da BR-376, em Ponta Grossa, [&hellip;]<\/p>\n","protected":false},"author":18,"featured_media":7316,"comment_status":"open","ping_status":"open","sticky":false,"template":"","format":"standard","meta":{"footnotes":""},"categories":[5,328],"tags":[1413,2983,2984,47,2982,579,2981,24,177,751,590],"class_list":["post-7313","post","type-post","status-publish","format-standard","has-post-thumbnail","hentry","category-brasil","category-parana","tag-br-376","tag-cara-cara","tag-colonia-dona-luiza","tag-destaque","tag-e-restricoes-noturnas-na-br-376-foram-suspensas-em-ponta-grossa","tag-obras","tag-operacao-de-lancamento-de-vigas-para-novo-viaduto-foi-concluida-antes-do-prazo","tag-ponta-grossa","tag-pr-151","tag-rodovias","tag-transito"],"yoast_head":"<!-- This site is optimized with the Yoast SEO plugin v28.1 - https:\/\/yoast.com\/product\/yoast-seo-wordpress\/ -->\n<title>Lan\u00e7amento de vigas \u00e9 conclu\u00eddo e tr\u00e2nsito na BR-376 volta ao normal em Ponta Grossa - Mz Not\u00edcias<\/title>\n<meta name=\"description\" content=\"Opera\u00e7\u00e3o de lan\u00e7amento de vigas para novo viaduto foi conclu\u00edda antes do prazo, e restri\u00e7\u00f5es noturnas na BR-376 foram suspensas em Ponta Grossa.\" \/>\n<meta name=\"robots\" content=\"index, follow, max-snippet:-1, max-image-preview:large, max-video-preview:-1\" \/>\n<link rel=\"canonical\" href=\"https:\/\/mznoticia.com.br\/jaguariaiva\/lancamento-de-vigas-e-concluido-e-transito-na-br-376-volta-ao-normal-em-ponta-grossa\/\" \/>\n<meta property=\"og:locale\" content=\"pt_BR\" \/>\n<meta property=\"og:type\" content=\"article\" \/>\n<meta property=\"og:title\" content=\"Lan\u00e7amento de vigas \u00e9 conclu\u00eddo e tr\u00e2nsito na BR-376 volta ao normal em Ponta Grossa - Mz Not\u00edcias\" \/>\n<meta property=\"og:description\" content=\"Opera\u00e7\u00e3o de lan\u00e7amento de vigas para novo viaduto foi conclu\u00edda antes do prazo, e restri\u00e7\u00f5es noturnas na BR-376 foram suspensas em Ponta Grossa.\" \/>\n<meta property=\"og:url\" content=\"https:\/\/mznoticia.com.br\/jaguariaiva\/lancamento-de-vigas-e-concluido-e-transito-na-br-376-volta-ao-normal-em-ponta-grossa\/\" \/>\n<meta property=\"og:site_name\" content=\"Mz Not\u00edcias\" \/>\n<meta property=\"article:publisher\" content=\"https:\/\/www.facebook.com\/profile.php?id=61573479951222\" \/>\n<meta property=\"article:published_time\" content=\"2026-08-28T18:26:09+00:00\" \/>\n<meta property=\"og:image\" content=\"https:\/\/mznoticia.com.br\/jaguariaiva\/wp-content\/uploads\/2026\/08\/viga.webp\" \/>\n\t<meta property=\"og:image:width\" content=\"1000\" \/>\n\t<meta property=\"og:image:height\" content=\"500\" \/>\n\t<meta property=\"og:image:type\" content=\"image\/webp\" \/>\n<meta name=\"author\" content=\"Reda\u00e7\u00e3o MZ\" \/>\n<meta name=\"twitter:card\" content=\"summary_large_image\" \/>\n<meta name=\"twitter:label1\" content=\"Escrito por\" \/>\n\t<meta name=\"twitter:data1\" content=\"Reda\u00e7\u00e3o MZ\" \/>\n\t<meta name=\"twitter:label2\" content=\"Est. tempo de leitura\" \/>\n\t<meta name=\"twitter:data2\" content=\"2 minutos\" \/>\n<script type=\"application\/ld+json\" class=\"yoast-schema-graph\">{\"@context\":\"https:\\\/\\\/schema.org\",\"@graph\":[{\"@type\":\"Article\",\"@id\":\"https:\\\/\\\/mznoticia.com.br\\\/jaguariaiva\\\/lancamento-de-vigas-e-concluido-e-transito-na-br-376-volta-ao-normal-em-ponta-grossa\\\/#article\",\"isPartOf\":{\"@id\":\"https:\\\/\\\/mznoticia.com.br\\\/jaguariaiva\\\/lancamento-de-vigas-e-concluido-e-transito-na-br-376-volta-ao-normal-em-ponta-grossa\\\/\"},\"author\":{\"name\":\"Reda\u00e7\u00e3o MZ\",\"@id\":\"https:\\\/\\\/mznoticia.com.br\\\/jaguariaiva\\\/#\\\/schema\\\/person\\\/7ecde13ae5f5a92f0ff9b2155d7a6d6e\"},\"headline\":\"Lan\u00e7amento de vigas \u00e9 conclu\u00eddo e tr\u00e2nsito na BR-376 volta ao normal em Ponta Grossa\",\"datePublished\":\"2026-08-28T18:26:09+00:00\",\"mainEntityOfPage\":{\"@id\":\"https:\\\/\\\/mznoticia.com.br\\\/jaguariaiva\\\/lancamento-de-vigas-e-concluido-e-transito-na-br-376-volta-ao-normal-em-ponta-grossa\\\/\"},\"wordCount\":254,\"commentCount\":0,\"publisher\":{\"@id\":\"https:\\\/\\\/mznoticia.com.br\\\/jaguariaiva\\\/#organization\"},\"image\":{\"@id\":\"https:\\\/\\\/mznoticia.com.br\\\/jaguariaiva\\\/lancamento-de-vigas-e-concluido-e-transito-na-br-376-volta-ao-normal-em-ponta-grossa\\\/#primaryimage\"},\"thumbnailUrl\":\"https:\\\/\\\/mznoticia.com.br\\\/jaguariaiva\\\/wp-content\\\/uploads\\\/2026\\\/08\\\/viga.webp\",\"keywords\":[\"BR-376\",\"Car\u00e1-Car\u00e1\",\"Col\u00f4nia Dona Luiza\",\"destaque\",\"e restri\u00e7\u00f5es noturnas na BR-376 foram suspensas em Ponta Grossa.\",\"obras\",\"Opera\u00e7\u00e3o de lan\u00e7amento de vigas para novo viaduto foi conclu\u00edda antes do prazo\",\"Ponta Grossa\",\"PR-151\",\"Rodovias\",\"tr\u00e2nsito\"],\"articleSection\":[\"Brasil\",\"Paran\u00e1\"],\"inLanguage\":\"pt-BR\",\"potentialAction\":[{\"@type\":\"CommentAction\",\"name\":\"Comment\",\"target\":[\"https:\\\/\\\/mznoticia.com.br\\\/jaguariaiva\\\/lancamento-de-vigas-e-concluido-e-transito-na-br-376-volta-ao-normal-em-ponta-grossa\\\/#respond\"]}]},{\"@type\":\"WebPage\",\"@id\":\"https:\\\/\\\/mznoticia.com.br\\\/jaguariaiva\\\/lancamento-de-vigas-e-concluido-e-transito-na-br-376-volta-ao-normal-em-ponta-grossa\\\/\",\"url\":\"https:\\\/\\\/mznoticia.com.br\\\/jaguariaiva\\\/lancamento-de-vigas-e-concluido-e-transito-na-br-376-volta-ao-normal-em-ponta-grossa\\\/\",\"name\":\"Lan\u00e7amento de vigas \u00e9 conclu\u00eddo e tr\u00e2nsito na BR-376 volta ao normal em Ponta Grossa - Mz Not\u00edcias\",\"isPartOf\":{\"@id\":\"https:\\\/\\\/mznoticia.com.br\\\/jaguariaiva\\\/#website\"},\"primaryImageOfPage\":{\"@id\":\"https:\\\/\\\/mznoticia.com.br\\\/jaguariaiva\\\/lancamento-de-vigas-e-concluido-e-transito-na-br-376-volta-ao-normal-em-ponta-grossa\\\/#primaryimage\"},\"image\":{\"@id\":\"https:\\\/\\\/mznoticia.com.br\\\/jaguariaiva\\\/lancamento-de-vigas-e-concluido-e-transito-na-br-376-volta-ao-normal-em-ponta-grossa\\\/#primaryimage\"},\"thumbnailUrl\":\"https:\\\/\\\/mznoticia.com.br\\\/jaguariaiva\\\/wp-content\\\/uploads\\\/2026\\\/08\\\/viga.webp\",\"datePublished\":\"2026-08-28T18:26:09+00:00\",\"description\":\"Opera\u00e7\u00e3o de lan\u00e7amento de vigas para novo viaduto foi conclu\u00edda antes do prazo, e restri\u00e7\u00f5es noturnas na BR-376 foram suspensas em Ponta Grossa.\",\"breadcrumb\":{\"@id\":\"https:\\\/\\\/mznoticia.com.br\\\/jaguariaiva\\\/lancamento-de-vigas-e-concluido-e-transito-na-br-376-volta-ao-normal-em-ponta-grossa\\\/#breadcrumb\"},\"inLanguage\":\"pt-BR\",\"potentialAction\":[{\"@type\":\"ReadAction\",\"target\":[\"https:\\\/\\\/mznoticia.com.br\\\/jaguariaiva\\\/lancamento-de-vigas-e-concluido-e-transito-na-br-376-volta-ao-normal-em-ponta-grossa\\\/\"]}]},{\"@type\":\"ImageObject\",\"inLanguage\":\"pt-BR\",\"@id\":\"https:\\\/\\\/mznoticia.com.br\\\/jaguariaiva\\\/lancamento-de-vigas-e-concluido-e-transito-na-br-376-volta-ao-normal-em-ponta-grossa\\\/#primaryimage\",\"url\":\"https:\\\/\\\/mznoticia.com.br\\\/jaguariaiva\\\/wp-content\\\/uploads\\\/2026\\\/08\\\/viga.webp\",\"contentUrl\":\"https:\\\/\\\/mznoticia.com.br\\\/jaguariaiva\\\/wp-content\\\/uploads\\\/2026\\\/08\\\/viga.webp\",\"width\":1000,\"height\":500},{\"@type\":\"BreadcrumbList\",\"@id\":\"https:\\\/\\\/mznoticia.com.br\\\/jaguariaiva\\\/lancamento-de-vigas-e-concluido-e-transito-na-br-376-volta-ao-normal-em-ponta-grossa\\\/#breadcrumb\",\"itemListElement\":[{\"@type\":\"ListItem\",\"position\":1,\"name\":\"Home\",\"item\":\"https:\\\/\\\/mznoticia.com.br\\\/jaguariaiva\\\/\"},{\"@type\":\"ListItem\",\"position\":2,\"name\":\"Lan\u00e7amento de vigas \u00e9 conclu\u00eddo e tr\u00e2nsito na BR-376 volta ao normal em Ponta Grossa\"}]},{\"@type\":\"WebSite\",\"@id\":\"https:\\\/\\\/mznoticia.com.br\\\/jaguariaiva\\\/#website\",\"url\":\"https:\\\/\\\/mznoticia.com.br\\\/jaguariaiva\\\/\",\"name\":\"Mz Not\u00edcia\",\"description\":\"A informa\u00e7\u00e3o que voc\u00ea precisa na hora certa!\",\"publisher\":{\"@id\":\"https:\\\/\\\/mznoticia.com.br\\\/jaguariaiva\\\/#organization\"},\"potentialAction\":[{\"@type\":\"SearchAction\",\"target\":{\"@type\":\"EntryPoint\",\"urlTemplate\":\"https:\\\/\\\/mznoticia.com.br\\\/jaguariaiva\\\/?s={search_term_string}\"},\"query-input\":{\"@type\":\"PropertyValueSpecification\",\"valueRequired\":true,\"valueName\":\"search_term_string\"}}],\"inLanguage\":\"pt-BR\"},{\"@type\":\"Organization\",\"@id\":\"https:\\\/\\\/mznoticia.com.br\\\/jaguariaiva\\\/#organization\",\"name\":\"Mz Not\u00edcia\",\"url\":\"https:\\\/\\\/mznoticia.com.br\\\/jaguariaiva\\\/\",\"logo\":{\"@type\":\"ImageObject\",\"inLanguage\":\"pt-BR\",\"@id\":\"https:\\\/\\\/mznoticia.com.br\\\/jaguariaiva\\\/#\\\/schema\\\/logo\\\/image\\\/\",\"url\":\"https:\\\/\\\/mznoticia.com.br\\\/jaguariaiva\\\/wp-content\\\/uploads\\\/2025\\\/03\\\/Design-sem-nome-4-e1741200616392.png\",\"contentUrl\":\"https:\\\/\\\/mznoticia.com.br\\\/jaguariaiva\\\/wp-content\\\/uploads\\\/2025\\\/03\\\/Design-sem-nome-4-e1741200616392.png\",\"width\":750,\"height\":563,\"caption\":\"Mz Not\u00edcia\"},\"image\":{\"@id\":\"https:\\\/\\\/mznoticia.com.br\\\/jaguariaiva\\\/#\\\/schema\\\/logo\\\/image\\\/\"},\"sameAs\":[\"https:\\\/\\\/www.facebook.com\\\/profile.php?id=61573479951222\",\"https:\\\/\\\/www.instagram.com\\\/mz.jaguariaiva\\\/\"]},{\"@type\":\"Person\",\"@id\":\"https:\\\/\\\/mznoticia.com.br\\\/jaguariaiva\\\/#\\\/schema\\\/person\\\/7ecde13ae5f5a92f0ff9b2155d7a6d6e\",\"name\":\"Reda\u00e7\u00e3o MZ\",\"image\":{\"@type\":\"ImageObject\",\"inLanguage\":\"pt-BR\",\"@id\":\"https:\\\/\\\/mznoticia.com.br\\\/jaguariaiva\\\/wp-content\\\/uploads\\\/2025\\\/02\\\/mznoticia_jaguariaiva_coluna-150x150.png\",\"url\":\"https:\\\/\\\/mznoticia.com.br\\\/jaguariaiva\\\/wp-content\\\/uploads\\\/2025\\\/02\\\/mznoticia_jaguariaiva_coluna-150x150.png\",\"contentUrl\":\"https:\\\/\\\/mznoticia.com.br\\\/jaguariaiva\\\/wp-content\\\/uploads\\\/2025\\\/02\\\/mznoticia_jaguariaiva_coluna-150x150.png\",\"caption\":\"Reda\u00e7\u00e3o MZ\"},\"url\":\"https:\\\/\\\/mznoticia.com.br\\\/jaguariaiva\\\/author\\\/yan\\\/\"}]}<\/script>\n<!-- \/ Yoast SEO plugin. -->","yoast_head_json":{"title":"Lan\u00e7amento de vigas \u00e9 conclu\u00eddo e tr\u00e2nsito na BR-376 volta ao normal em Ponta Grossa - Mz Not\u00edcias","description":"Opera\u00e7\u00e3o de lan\u00e7amento de vigas para novo viaduto foi conclu\u00edda antes do prazo, e restri\u00e7\u00f5es noturnas na BR-376 foram suspensas em Ponta Grossa.","robots":{"index":"index","follow":"follow","max-snippet":"max-snippet:-1","max-image-preview":"max-image-preview:large","max-video-preview":"max-video-preview:-1"},"canonical":"https:\/\/mznoticia.com.br\/jaguariaiva\/lancamento-de-vigas-e-concluido-e-transito-na-br-376-volta-ao-normal-em-ponta-grossa\/","og_locale":"pt_BR","og_type":"article","og_title":"Lan\u00e7amento de vigas \u00e9 conclu\u00eddo e tr\u00e2nsito na BR-376 volta ao normal em Ponta Grossa - Mz Not\u00edcias","og_description":"Opera\u00e7\u00e3o de lan\u00e7amento de vigas para novo viaduto foi conclu\u00edda antes do prazo, e restri\u00e7\u00f5es noturnas na BR-376 foram suspensas em Ponta Grossa.","og_url":"https:\/\/mznoticia.com.br\/jaguariaiva\/lancamento-de-vigas-e-concluido-e-transito-na-br-376-volta-ao-normal-em-ponta-grossa\/","og_site_name":"Mz Not\u00edcias","article_publisher":"https:\/\/www.facebook.com\/profile.php?id=61573479951222","article_published_time":"2026-08-28T18:26:09+00:00","og_image":[{"width":1000,"height":500,"url":"https:\/\/mznoticia.com.br\/jaguariaiva\/wp-content\/uploads\/2026\/08\/viga.webp","type":"image\/webp"}],"author":"Reda\u00e7\u00e3o MZ","twitter_card":"summary_large_image","twitter_misc":{"Escrito por":"Reda\u00e7\u00e3o MZ","Est. tempo de leitura":"2 minutos"},"schema":{"@context":"https:\/\/schema.org","@graph":[{"@type":"Article","@id":"https:\/\/mznoticia.com.br\/jaguariaiva\/lancamento-de-vigas-e-concluido-e-transito-na-br-376-volta-ao-normal-em-ponta-grossa\/#article","isPartOf":{"@id":"https:\/\/mznoticia.com.br\/jaguariaiva\/lancamento-de-vigas-e-concluido-e-transito-na-br-376-volta-ao-normal-em-ponta-grossa\/"},"author":{"name":"Reda\u00e7\u00e3o MZ","@id":"https:\/\/mznoticia.com.br\/jaguariaiva\/#\/schema\/person\/7ecde13ae5f5a92f0ff9b2155d7a6d6e"},"headline":"Lan\u00e7amento de vigas \u00e9 conclu\u00eddo e tr\u00e2nsito na BR-376 volta ao normal em Ponta Grossa","datePublished":"2026-08-28T18:26:09+00:00","mainEntityOfPage":{"@id":"https:\/\/mznoticia.com.br\/jaguariaiva\/lancamento-de-vigas-e-concluido-e-transito-na-br-376-volta-ao-normal-em-ponta-grossa\/"},"wordCount":254,"commentCount":0,"publisher":{"@id":"https:\/\/mznoticia.com.br\/jaguariaiva\/#organization"},"image":{"@id":"https:\/\/mznoticia.com.br\/jaguariaiva\/lancamento-de-vigas-e-concluido-e-transito-na-br-376-volta-ao-normal-em-ponta-grossa\/#primaryimage"},"thumbnailUrl":"https:\/\/mznoticia.com.br\/jaguariaiva\/wp-content\/uploads\/2026\/08\/viga.webp","keywords":["BR-376","Car\u00e1-Car\u00e1","Col\u00f4nia Dona Luiza","destaque","e restri\u00e7\u00f5es noturnas na BR-376 foram suspensas em Ponta Grossa.","obras","Opera\u00e7\u00e3o de lan\u00e7amento de vigas para novo viaduto foi conclu\u00edda antes do prazo","Ponta Grossa","PR-151","Rodovias","tr\u00e2nsito"],"articleSection":["Brasil","Paran\u00e1"],"inLanguage":"pt-BR","potentialAction":[{"@type":"CommentAction","name":"Comment","target":["https:\/\/mznoticia.com.br\/jaguariaiva\/lancamento-de-vigas-e-concluido-e-transito-na-br-376-volta-ao-normal-em-ponta-grossa\/#respond"]}]},{"@type":"WebPage","@id":"https:\/\/mznoticia.com.br\/jaguariaiva\/lancamento-de-vigas-e-concluido-e-transito-na-br-376-volta-ao-normal-em-ponta-grossa\/","url":"https:\/\/mznoticia.com.br\/jaguariaiva\/lancamento-de-vigas-e-concluido-e-transito-na-br-376-volta-ao-normal-em-ponta-grossa\/","name":"Lan\u00e7amento de vigas \u00e9 conclu\u00eddo e tr\u00e2nsito na BR-376 volta ao normal em Ponta Grossa - Mz Not\u00edcias","isPartOf":{"@id":"https:\/\/mznoticia.com.br\/jaguariaiva\/#website"},"primaryImageOfPage":{"@id":"https:\/\/mznoticia.com.br\/jaguariaiva\/lancamento-de-vigas-e-concluido-e-transito-na-br-376-volta-ao-normal-em-ponta-grossa\/#primaryimage"},"image":{"@id":"https:\/\/mznoticia.com.br\/jaguariaiva\/lancamento-de-vigas-e-concluido-e-transito-na-br-376-volta-ao-normal-em-ponta-grossa\/#primaryimage"},"thumbnailUrl":"https:\/\/mznoticia.com.br\/jaguariaiva\/wp-content\/uploads\/2026\/08\/viga.webp","datePublished":"2026-08-28T18:26:09+00:00","description":"Opera\u00e7\u00e3o de lan\u00e7amento de vigas para novo viaduto foi conclu\u00edda antes do prazo, e restri\u00e7\u00f5es noturnas na BR-376 foram suspensas em Ponta Grossa.","breadcrumb":{"@id":"https:\/\/mznoticia.com.br\/jaguariaiva\/lancamento-de-vigas-e-concluido-e-transito-na-br-376-volta-ao-normal-em-ponta-grossa\/#breadcrumb"},"inLanguage":"pt-BR","potentialAction":[{"@type":"ReadAction","target":["https:\/\/mznoticia.com.br\/jaguariaiva\/lancamento-de-vigas-e-concluido-e-transito-na-br-376-volta-ao-normal-em-ponta-grossa\/"]}]},{"@type":"ImageObject","inLanguage":"pt-BR","@id":"https:\/\/mznoticia.com.br\/jaguariaiva\/lancamento-de-vigas-e-concluido-e-transito-na-br-376-volta-ao-normal-em-ponta-grossa\/#primaryimage","url":"https:\/\/mznoticia.com.br\/jaguariaiva\/wp-content\/uploads\/2026\/08\/viga.webp","contentUrl":"https:\/\/mznoticia.com.br\/jaguariaiva\/wp-content\/uploads\/2026\/08\/viga.webp","width":1000,"height":500},{"@type":"BreadcrumbList","@id":"https:\/\/mznoticia.com.br\/jaguariaiva\/lancamento-de-vigas-e-concluido-e-transito-na-br-376-volta-ao-normal-em-ponta-grossa\/#breadcrumb","itemListElement":[{"@type":"ListItem","position":1,"name":"Home","item":"https:\/\/mznoticia.com.br\/jaguariaiva\/"},{"@type":"ListItem","position":2,"name":"Lan\u00e7amento de vigas \u00e9 conclu\u00eddo e tr\u00e2nsito na BR-376 volta ao normal em Ponta Grossa"}]},{"@type":"WebSite","@id":"https:\/\/mznoticia.com.br\/jaguariaiva\/#website","url":"https:\/\/mznoticia.com.br\/jaguariaiva\/","name":"Mz Not\u00edcia","description":"A informa\u00e7\u00e3o que voc\u00ea precisa na hora certa!","publisher":{"@id":"https:\/\/mznoticia.com.br\/jaguariaiva\/#organization"},"potentialAction":[{"@type":"SearchAction","target":{"@type":"EntryPoint","urlTemplate":"https:\/\/mznoticia.com.br\/jaguariaiva\/?s={search_term_string}"},"query-input":{"@type":"PropertyValueSpecification","valueRequired":true,"valueName":"search_term_string"}}],"inLanguage":"pt-BR"},{"@type":"Organization","@id":"https:\/\/mznoticia.com.br\/jaguariaiva\/#organization","name":"Mz Not\u00edcia","url":"https:\/\/mznoticia.com.br\/jaguariaiva\/","logo":{"@type":"ImageObject","inLanguage":"pt-BR","@id":"https:\/\/mznoticia.com.br\/jaguariaiva\/#\/schema\/logo\/image\/","url":"https:\/\/mznoticia.com.br\/jaguariaiva\/wp-content\/uploads\/2025\/03\/Design-sem-nome-4-e1741200616392.png","contentUrl":"https:\/\/mznoticia.com.br\/jaguariaiva\/wp-content\/uploads\/2025\/03\/Design-sem-nome-4-e1741200616392.png","width":750,"height":563,"caption":"Mz Not\u00edcia"},"image":{"@id":"https:\/\/mznoticia.com.br\/jaguariaiva\/#\/schema\/logo\/image\/"},"sameAs":["https:\/\/www.facebook.com\/profile.php?id=61573479951222","https:\/\/www.instagram.com\/mz.jaguariaiva\/"]},{"@type":"Person","@id":"https:\/\/mznoticia.com.br\/jaguariaiva\/#\/schema\/person\/7ecde13ae5f5a92f0ff9b2155d7a6d6e","name":"Reda\u00e7\u00e3o MZ","image":{"@type":"ImageObject","inLanguage":"pt-BR","@id":"https:\/\/mznoticia.com.br\/jaguariaiva\/wp-content\/uploads\/2025\/02\/mznoticia_jaguariaiva_coluna-150x150.png","url":"https:\/\/mznoticia.com.br\/jaguariaiva\/wp-content\/uploads\/2025\/02\/mznoticia_jaguariaiva_coluna-150x150.png","contentUrl":"https:\/\/mznoticia.com.br\/jaguariaiva\/wp-content\/uploads\/2025\/02\/mznoticia_jaguariaiva_coluna-150x150.png","caption":"Reda\u00e7\u00e3o MZ"},"url":"https:\/\/mznoticia.com.br\/jaguariaiva\/author\/yan\/"}]}},"_links":{"self":[{"href":"https:\/\/mznoticia.com.br\/jaguariaiva\/wp-json\/wp\/v2\/posts\/7313","targetHints":{"allow":["GET"]}}],"collection":[{"href":"https:\/\/mznoticia.com.br\/jaguariaiva\/wp-json\/wp\/v2\/posts"}],"about":[{"href":"https:\/\/mznoticia.com.br\/jaguariaiva\/wp-json\/wp\/v2\/types\/post"}],"author":[{"embeddable":true,"href":"https:\/\/mznoticia.com.br\/jaguariaiva\/wp-json\/wp\/v2\/users\/18"}],"replies":[{"embeddable":true,"href":"https:\/\/mznoticia.com.br\/jaguariaiva\/wp-json\/wp\/v2\/comments?post=7313"}],"version-history":[{"count":1,"href":"https:\/\/mznoticia.com.br\/jaguariaiva\/wp-json\/wp\/v2\/posts\/7313\/revisions"}],"predecessor-version":[{"id":7317,"href":"https:\/\/mznoticia.com.br\/jaguariaiva\/wp-json\/wp\/v2\/posts\/7313\/revisions\/7317"}],"wp:featuredmedia":[{"embeddable":true,"href":"https:\/\/mznoticia.com.br\/jaguariaiva\/wp-json\/wp\/v2\/media\/7316"}],"wp:attachment":[{"href":"https:\/\/mznoticia.com.br\/jaguariaiva\/wp-json\/wp\/v2\/media?parent=7313"}],"wp:term":[{"taxonomy":"category","embeddable":true,"href":"https:\/\/mznoticia.com.br\/jaguariaiva\/wp-json\/wp\/v2\/categories?post=7313"},{"taxonomy":"post_tag","embeddable":true,"href":"https:\/\/mznoticia.com.br\/jaguariaiva\/wp-json\/wp\/v2\/tags?post=7313"}],"curies":[{"name":"wp","href":"https:\/\/api.w.org\/{rel}","templated":true}]}}