{"id":7318,"date":"2026-08-28T18:48:51","date_gmt":"2026-08-28T18:48:51","guid":{"rendered":"https:\/\/mznoticia.com.br\/jaguariaiva\/?p=7318"},"modified":"2026-08-28T18:48:51","modified_gmt":"2026-08-28T18:48:51","slug":"de-casa-nova-flamengo-acerta-venda-de-gonzalo-plata","status":"publish","type":"post","link":"https:\/\/mznoticia.com.br\/jaguariaiva\/de-casa-nova-flamengo-acerta-venda-de-gonzalo-plata\/","title":{"rendered":"DE CASA NOVA- Flamengo acerta venda de Gonzalo Plata"},"content":{"rendered":"<h2>Atacante equatoriano de 25 anos deixa o Rubro-Negro ap\u00f3s acordo com o clube russo; negocia\u00e7\u00e3o gira em torno de 12 milh\u00f5es de euros<\/h2>\n<p class=\"isSelectedEnd\">O Flamengo acertou a venda do atacante <strong>Gonzalo Plata<\/strong>, de 25 anos, para o <strong>D\u00ednamo Moscou<\/strong>, da R\u00fassia. A negocia\u00e7\u00e3o est\u00e1 avaliada em cerca de <strong>12 milh\u00f5es de euros, aproximadamente R$ 72 milh\u00f5es<\/strong>.<\/p>\n<p class=\"isSelectedEnd\">O acordo entre os clubes est\u00e1 definido, restando os \u00faltimos detalhes para a assinatura e conclus\u00e3o da transfer\u00eancia. Plata j\u00e1 \u00e9 esperado na R\u00fassia e n\u00e3o deve participar da pr\u00f3xima partida do Flamengo contra o Botafogo, pelo Campeonato Brasileiro.<\/p>\n<h2>Plata deixa o Flamengo ap\u00f3s 100 jogos<\/h2>\n<p class=\"isSelectedEnd\">O equatoriano chegou ao Flamengo em 2024 e deixa o clube ap\u00f3s alcan\u00e7ar a marca de <strong>100 partidas<\/strong>, com <strong>nove gols e 13 assist\u00eancias<\/strong>.<\/p>\n<p class=\"isSelectedEnd\">Um dos momentos mais marcantes de sua passagem aconteceu na final da Copa do Brasil de 2024, quando marcou um gol importante na conquista do t\u00edtulo diante do Atl\u00e9tico-MG.<\/p>\n<h2>Seis t\u00edtulos pelo Rubro-Negro<\/h2>\n<p class=\"isSelectedEnd\">Durante sua passagem pelo Flamengo, Gonzalo Plata conquistou seis t\u00edtulos, incluindo a <strong>Libertadores de 2025<\/strong>, o <strong>Campeonato Brasileiro de 2025<\/strong>, a <strong>Copa do Brasil de 2024<\/strong>, a <strong>Supercopa de 2025<\/strong> e os Campeonatos Cariocas de <strong>2025 e 2026<\/strong>.<\/p>\n<p>A sa\u00edda do atacante acontece ap\u00f3s sua valoriza\u00e7\u00e3o no mercado, especialmente depois da participa\u00e7\u00e3o pela sele\u00e7\u00e3o do Equador na Copa do Mundo de 2026.<\/p>\n","protected":false},"excerpt":{"rendered":"<p>Atacante equatoriano de 25 anos deixa o Rubro-Negro ap\u00f3s acordo com o clube russo; negocia\u00e7\u00e3o gira em torno de 12 milh\u00f5es de euros O Flamengo acertou a venda do atacante Gonzalo Plata, de 25 anos, para o D\u00ednamo Moscou, da R\u00fassia. A negocia\u00e7\u00e3o est\u00e1 avaliada em cerca de 12 milh\u00f5es de euros, aproximadamente R$ 72 [&hellip;]<\/p>\n","protected":false},"author":18,"featured_media":7319,"comment_status":"open","ping_status":"open","sticky":false,"template":"","format":"standard","meta":{"footnotes":""},"categories":[9,12],"tags":[1808,47,2986,1627,39,2985,1629,1748],"class_list":["post-7318","post","type-post","status-publish","format-standard","has-post-thumbnail","hentry","category-esportes","category-geral","tag-brasileirao","tag-destaque","tag-dinamo-moscou","tag-flamengo","tag-futebol","tag-gonzalo-plata","tag-mercado-da-bola","tag-transferencias"],"yoast_head":"<!-- This site is optimized with the Yoast SEO plugin v28.1 - https:\/\/yoast.com\/product\/yoast-seo-wordpress\/ -->\n<title>DE CASA NOVA- Flamengo acerta venda de Gonzalo Plata - Mz Not\u00edcias<\/title>\n<meta name=\"description\" content=\"Flamengo acerta a venda do atacante Gonzalo Plata ao D\u00ednamo Moscou, da R\u00fassia, em negocia\u00e7\u00e3o de cerca de R$ 72 milh\u00f5es.\" \/>\n<meta name=\"robots\" content=\"index, follow, max-snippet:-1, max-image-preview:large, max-video-preview:-1\" \/>\n<link rel=\"canonical\" href=\"https:\/\/mznoticia.com.br\/jaguariaiva\/de-casa-nova-flamengo-acerta-venda-de-gonzalo-plata\/\" \/>\n<meta property=\"og:locale\" content=\"pt_BR\" \/>\n<meta property=\"og:type\" content=\"article\" \/>\n<meta property=\"og:title\" content=\"DE CASA NOVA- Flamengo acerta venda de Gonzalo Plata - Mz Not\u00edcias\" \/>\n<meta property=\"og:description\" content=\"Flamengo acerta a venda do atacante Gonzalo Plata ao D\u00ednamo Moscou, da R\u00fassia, em negocia\u00e7\u00e3o de cerca de R$ 72 milh\u00f5es.\" \/>\n<meta property=\"og:url\" content=\"https:\/\/mznoticia.com.br\/jaguariaiva\/de-casa-nova-flamengo-acerta-venda-de-gonzalo-plata\/\" \/>\n<meta property=\"og:site_name\" content=\"Mz Not\u00edcias\" \/>\n<meta property=\"article:publisher\" content=\"https:\/\/www.facebook.com\/profile.php?id=61573479951222\" \/>\n<meta property=\"article:published_time\" content=\"2026-08-28T18:48:51+00:00\" \/>\n<meta property=\"og:image\" content=\"https:\/\/mznoticia.com.br\/jaguariaiva\/wp-content\/uploads\/2026\/08\/jogador.jpg\" \/>\n\t<meta property=\"og:image:width\" content=\"701\" \/>\n\t<meta property=\"og:image:height\" content=\"437\" \/>\n\t<meta property=\"og:image:type\" content=\"image\/jpeg\" \/>\n<meta name=\"author\" content=\"Reda\u00e7\u00e3o MZ\" \/>\n<meta name=\"twitter:card\" content=\"summary_large_image\" \/>\n<meta name=\"twitter:label1\" content=\"Escrito por\" \/>\n\t<meta name=\"twitter:data1\" content=\"Reda\u00e7\u00e3o MZ\" \/>\n\t<meta name=\"twitter:label2\" content=\"Est. tempo de leitura\" \/>\n\t<meta name=\"twitter:data2\" content=\"2 minutos\" \/>\n<script type=\"application\/ld+json\" class=\"yoast-schema-graph\">{\"@context\":\"https:\\\/\\\/schema.org\",\"@graph\":[{\"@type\":\"Article\",\"@id\":\"https:\\\/\\\/mznoticia.com.br\\\/jaguariaiva\\\/de-casa-nova-flamengo-acerta-venda-de-gonzalo-plata\\\/#article\",\"isPartOf\":{\"@id\":\"https:\\\/\\\/mznoticia.com.br\\\/jaguariaiva\\\/de-casa-nova-flamengo-acerta-venda-de-gonzalo-plata\\\/\"},\"author\":{\"name\":\"Reda\u00e7\u00e3o MZ\",\"@id\":\"https:\\\/\\\/mznoticia.com.br\\\/jaguariaiva\\\/#\\\/schema\\\/person\\\/7ecde13ae5f5a92f0ff9b2155d7a6d6e\"},\"headline\":\"DE CASA NOVA- Flamengo acerta venda de Gonzalo Plata\",\"datePublished\":\"2026-08-28T18:48:51+00:00\",\"mainEntityOfPage\":{\"@id\":\"https:\\\/\\\/mznoticia.com.br\\\/jaguariaiva\\\/de-casa-nova-flamengo-acerta-venda-de-gonzalo-plata\\\/\"},\"wordCount\":238,\"commentCount\":0,\"publisher\":{\"@id\":\"https:\\\/\\\/mznoticia.com.br\\\/jaguariaiva\\\/#organization\"},\"image\":{\"@id\":\"https:\\\/\\\/mznoticia.com.br\\\/jaguariaiva\\\/de-casa-nova-flamengo-acerta-venda-de-gonzalo-plata\\\/#primaryimage\"},\"thumbnailUrl\":\"https:\\\/\\\/mznoticia.com.br\\\/jaguariaiva\\\/wp-content\\\/uploads\\\/2026\\\/08\\\/jogador.jpg\",\"keywords\":[\"Brasileir\u00e3o\",\"destaque\",\"D\u00ednamo Moscou\",\"Flamengo\",\"futebol\",\"Gonzalo Plata\",\"Mercado da Bola\",\"Transfer\u00eancias\"],\"articleSection\":[\"Esportes\",\"Geral\"],\"inLanguage\":\"pt-BR\",\"potentialAction\":[{\"@type\":\"CommentAction\",\"name\":\"Comment\",\"target\":[\"https:\\\/\\\/mznoticia.com.br\\\/jaguariaiva\\\/de-casa-nova-flamengo-acerta-venda-de-gonzalo-plata\\\/#respond\"]}]},{\"@type\":\"WebPage\",\"@id\":\"https:\\\/\\\/mznoticia.com.br\\\/jaguariaiva\\\/de-casa-nova-flamengo-acerta-venda-de-gonzalo-plata\\\/\",\"url\":\"https:\\\/\\\/mznoticia.com.br\\\/jaguariaiva\\\/de-casa-nova-flamengo-acerta-venda-de-gonzalo-plata\\\/\",\"name\":\"DE CASA NOVA- Flamengo acerta venda de Gonzalo Plata - Mz Not\u00edcias\",\"isPartOf\":{\"@id\":\"https:\\\/\\\/mznoticia.com.br\\\/jaguariaiva\\\/#website\"},\"primaryImageOfPage\":{\"@id\":\"https:\\\/\\\/mznoticia.com.br\\\/jaguariaiva\\\/de-casa-nova-flamengo-acerta-venda-de-gonzalo-plata\\\/#primaryimage\"},\"image\":{\"@id\":\"https:\\\/\\\/mznoticia.com.br\\\/jaguariaiva\\\/de-casa-nova-flamengo-acerta-venda-de-gonzalo-plata\\\/#primaryimage\"},\"thumbnailUrl\":\"https:\\\/\\\/mznoticia.com.br\\\/jaguariaiva\\\/wp-content\\\/uploads\\\/2026\\\/08\\\/jogador.jpg\",\"datePublished\":\"2026-08-28T18:48:51+00:00\",\"description\":\"Flamengo acerta a venda do atacante Gonzalo Plata ao D\u00ednamo Moscou, da R\u00fassia, em negocia\u00e7\u00e3o de cerca de R$ 72 milh\u00f5es.\",\"breadcrumb\":{\"@id\":\"https:\\\/\\\/mznoticia.com.br\\\/jaguariaiva\\\/de-casa-nova-flamengo-acerta-venda-de-gonzalo-plata\\\/#breadcrumb\"},\"inLanguage\":\"pt-BR\",\"potentialAction\":[{\"@type\":\"ReadAction\",\"target\":[\"https:\\\/\\\/mznoticia.com.br\\\/jaguariaiva\\\/de-casa-nova-flamengo-acerta-venda-de-gonzalo-plata\\\/\"]}]},{\"@type\":\"ImageObject\",\"inLanguage\":\"pt-BR\",\"@id\":\"https:\\\/\\\/mznoticia.com.br\\\/jaguariaiva\\\/de-casa-nova-flamengo-acerta-venda-de-gonzalo-plata\\\/#primaryimage\",\"url\":\"https:\\\/\\\/mznoticia.com.br\\\/jaguariaiva\\\/wp-content\\\/uploads\\\/2026\\\/08\\\/jogador.jpg\",\"contentUrl\":\"https:\\\/\\\/mznoticia.com.br\\\/jaguariaiva\\\/wp-content\\\/uploads\\\/2026\\\/08\\\/jogador.jpg\",\"width\":701,\"height\":437},{\"@type\":\"BreadcrumbList\",\"@id\":\"https:\\\/\\\/mznoticia.com.br\\\/jaguariaiva\\\/de-casa-nova-flamengo-acerta-venda-de-gonzalo-plata\\\/#breadcrumb\",\"itemListElement\":[{\"@type\":\"ListItem\",\"position\":1,\"name\":\"Home\",\"item\":\"https:\\\/\\\/mznoticia.com.br\\\/jaguariaiva\\\/\"},{\"@type\":\"ListItem\",\"position\":2,\"name\":\"DE CASA NOVA- Flamengo acerta venda de Gonzalo Plata\"}]},{\"@type\":\"WebSite\",\"@id\":\"https:\\\/\\\/mznoticia.com.br\\\/jaguariaiva\\\/#website\",\"url\":\"https:\\\/\\\/mznoticia.com.br\\\/jaguariaiva\\\/\",\"name\":\"Mz Not\u00edcia\",\"description\":\"A informa\u00e7\u00e3o que voc\u00ea precisa na hora certa!\",\"publisher\":{\"@id\":\"https:\\\/\\\/mznoticia.com.br\\\/jaguariaiva\\\/#organization\"},\"potentialAction\":[{\"@type\":\"SearchAction\",\"target\":{\"@type\":\"EntryPoint\",\"urlTemplate\":\"https:\\\/\\\/mznoticia.com.br\\\/jaguariaiva\\\/?s={search_term_string}\"},\"query-input\":{\"@type\":\"PropertyValueSpecification\",\"valueRequired\":true,\"valueName\":\"search_term_string\"}}],\"inLanguage\":\"pt-BR\"},{\"@type\":\"Organization\",\"@id\":\"https:\\\/\\\/mznoticia.com.br\\\/jaguariaiva\\\/#organization\",\"name\":\"Mz Not\u00edcia\",\"url\":\"https:\\\/\\\/mznoticia.com.br\\\/jaguariaiva\\\/\",\"logo\":{\"@type\":\"ImageObject\",\"inLanguage\":\"pt-BR\",\"@id\":\"https:\\\/\\\/mznoticia.com.br\\\/jaguariaiva\\\/#\\\/schema\\\/logo\\\/image\\\/\",\"url\":\"https:\\\/\\\/mznoticia.com.br\\\/jaguariaiva\\\/wp-content\\\/uploads\\\/2025\\\/03\\\/Design-sem-nome-4-e1741200616392.png\",\"contentUrl\":\"https:\\\/\\\/mznoticia.com.br\\\/jaguariaiva\\\/wp-content\\\/uploads\\\/2025\\\/03\\\/Design-sem-nome-4-e1741200616392.png\",\"width\":750,\"height\":563,\"caption\":\"Mz Not\u00edcia\"},\"image\":{\"@id\":\"https:\\\/\\\/mznoticia.com.br\\\/jaguariaiva\\\/#\\\/schema\\\/logo\\\/image\\\/\"},\"sameAs\":[\"https:\\\/\\\/www.facebook.com\\\/profile.php?id=61573479951222\",\"https:\\\/\\\/www.instagram.com\\\/mz.jaguariaiva\\\/\"]},{\"@type\":\"Person\",\"@id\":\"https:\\\/\\\/mznoticia.com.br\\\/jaguariaiva\\\/#\\\/schema\\\/person\\\/7ecde13ae5f5a92f0ff9b2155d7a6d6e\",\"name\":\"Reda\u00e7\u00e3o MZ\",\"image\":{\"@type\":\"ImageObject\",\"inLanguage\":\"pt-BR\",\"@id\":\"https:\\\/\\\/mznoticia.com.br\\\/jaguariaiva\\\/wp-content\\\/uploads\\\/2025\\\/02\\\/mznoticia_jaguariaiva_coluna-150x150.png\",\"url\":\"https:\\\/\\\/mznoticia.com.br\\\/jaguariaiva\\\/wp-content\\\/uploads\\\/2025\\\/02\\\/mznoticia_jaguariaiva_coluna-150x150.png\",\"contentUrl\":\"https:\\\/\\\/mznoticia.com.br\\\/jaguariaiva\\\/wp-content\\\/uploads\\\/2025\\\/02\\\/mznoticia_jaguariaiva_coluna-150x150.png\",\"caption\":\"Reda\u00e7\u00e3o MZ\"},\"url\":\"https:\\\/\\\/mznoticia.com.br\\\/jaguariaiva\\\/author\\\/yan\\\/\"}]}<\/script>\n<!-- \/ Yoast SEO plugin. -->","yoast_head_json":{"title":"DE CASA NOVA- Flamengo acerta venda de Gonzalo Plata - Mz Not\u00edcias","description":"Flamengo acerta a venda do atacante Gonzalo Plata ao D\u00ednamo Moscou, da R\u00fassia, em negocia\u00e7\u00e3o de cerca de R$ 72 milh\u00f5es.","robots":{"index":"index","follow":"follow","max-snippet":"max-snippet:-1","max-image-preview":"max-image-preview:large","max-video-preview":"max-video-preview:-1"},"canonical":"https:\/\/mznoticia.com.br\/jaguariaiva\/de-casa-nova-flamengo-acerta-venda-de-gonzalo-plata\/","og_locale":"pt_BR","og_type":"article","og_title":"DE CASA NOVA- Flamengo acerta venda de Gonzalo Plata - Mz Not\u00edcias","og_description":"Flamengo acerta a venda do atacante Gonzalo Plata ao D\u00ednamo Moscou, da R\u00fassia, em negocia\u00e7\u00e3o de cerca de R$ 72 milh\u00f5es.","og_url":"https:\/\/mznoticia.com.br\/jaguariaiva\/de-casa-nova-flamengo-acerta-venda-de-gonzalo-plata\/","og_site_name":"Mz Not\u00edcias","article_publisher":"https:\/\/www.facebook.com\/profile.php?id=61573479951222","article_published_time":"2026-08-28T18:48:51+00:00","og_image":[{"width":701,"height":437,"url":"https:\/\/mznoticia.com.br\/jaguariaiva\/wp-content\/uploads\/2026\/08\/jogador.jpg","type":"image\/jpeg"}],"author":"Reda\u00e7\u00e3o MZ","twitter_card":"summary_large_image","twitter_misc":{"Escrito por":"Reda\u00e7\u00e3o MZ","Est. tempo de leitura":"2 minutos"},"schema":{"@context":"https:\/\/schema.org","@graph":[{"@type":"Article","@id":"https:\/\/mznoticia.com.br\/jaguariaiva\/de-casa-nova-flamengo-acerta-venda-de-gonzalo-plata\/#article","isPartOf":{"@id":"https:\/\/mznoticia.com.br\/jaguariaiva\/de-casa-nova-flamengo-acerta-venda-de-gonzalo-plata\/"},"author":{"name":"Reda\u00e7\u00e3o MZ","@id":"https:\/\/mznoticia.com.br\/jaguariaiva\/#\/schema\/person\/7ecde13ae5f5a92f0ff9b2155d7a6d6e"},"headline":"DE CASA NOVA- Flamengo acerta venda de Gonzalo Plata","datePublished":"2026-08-28T18:48:51+00:00","mainEntityOfPage":{"@id":"https:\/\/mznoticia.com.br\/jaguariaiva\/de-casa-nova-flamengo-acerta-venda-de-gonzalo-plata\/"},"wordCount":238,"commentCount":0,"publisher":{"@id":"https:\/\/mznoticia.com.br\/jaguariaiva\/#organization"},"image":{"@id":"https:\/\/mznoticia.com.br\/jaguariaiva\/de-casa-nova-flamengo-acerta-venda-de-gonzalo-plata\/#primaryimage"},"thumbnailUrl":"https:\/\/mznoticia.com.br\/jaguariaiva\/wp-content\/uploads\/2026\/08\/jogador.jpg","keywords":["Brasileir\u00e3o","destaque","D\u00ednamo Moscou","Flamengo","futebol","Gonzalo Plata","Mercado da Bola","Transfer\u00eancias"],"articleSection":["Esportes","Geral"],"inLanguage":"pt-BR","potentialAction":[{"@type":"CommentAction","name":"Comment","target":["https:\/\/mznoticia.com.br\/jaguariaiva\/de-casa-nova-flamengo-acerta-venda-de-gonzalo-plata\/#respond"]}]},{"@type":"WebPage","@id":"https:\/\/mznoticia.com.br\/jaguariaiva\/de-casa-nova-flamengo-acerta-venda-de-gonzalo-plata\/","url":"https:\/\/mznoticia.com.br\/jaguariaiva\/de-casa-nova-flamengo-acerta-venda-de-gonzalo-plata\/","name":"DE CASA NOVA- Flamengo acerta venda de Gonzalo Plata - Mz Not\u00edcias","isPartOf":{"@id":"https:\/\/mznoticia.com.br\/jaguariaiva\/#website"},"primaryImageOfPage":{"@id":"https:\/\/mznoticia.com.br\/jaguariaiva\/de-casa-nova-flamengo-acerta-venda-de-gonzalo-plata\/#primaryimage"},"image":{"@id":"https:\/\/mznoticia.com.br\/jaguariaiva\/de-casa-nova-flamengo-acerta-venda-de-gonzalo-plata\/#primaryimage"},"thumbnailUrl":"https:\/\/mznoticia.com.br\/jaguariaiva\/wp-content\/uploads\/2026\/08\/jogador.jpg","datePublished":"2026-08-28T18:48:51+00:00","description":"Flamengo acerta a venda do atacante Gonzalo Plata ao D\u00ednamo Moscou, da R\u00fassia, em negocia\u00e7\u00e3o de cerca de R$ 72 milh\u00f5es.","breadcrumb":{"@id":"https:\/\/mznoticia.com.br\/jaguariaiva\/de-casa-nova-flamengo-acerta-venda-de-gonzalo-plata\/#breadcrumb"},"inLanguage":"pt-BR","potentialAction":[{"@type":"ReadAction","target":["https:\/\/mznoticia.com.br\/jaguariaiva\/de-casa-nova-flamengo-acerta-venda-de-gonzalo-plata\/"]}]},{"@type":"ImageObject","inLanguage":"pt-BR","@id":"https:\/\/mznoticia.com.br\/jaguariaiva\/de-casa-nova-flamengo-acerta-venda-de-gonzalo-plata\/#primaryimage","url":"https:\/\/mznoticia.com.br\/jaguariaiva\/wp-content\/uploads\/2026\/08\/jogador.jpg","contentUrl":"https:\/\/mznoticia.com.br\/jaguariaiva\/wp-content\/uploads\/2026\/08\/jogador.jpg","width":701,"height":437},{"@type":"BreadcrumbList","@id":"https:\/\/mznoticia.com.br\/jaguariaiva\/de-casa-nova-flamengo-acerta-venda-de-gonzalo-plata\/#breadcrumb","itemListElement":[{"@type":"ListItem","position":1,"name":"Home","item":"https:\/\/mznoticia.com.br\/jaguariaiva\/"},{"@type":"ListItem","position":2,"name":"DE CASA NOVA- Flamengo acerta venda de Gonzalo Plata"}]},{"@type":"WebSite","@id":"https:\/\/mznoticia.com.br\/jaguariaiva\/#website","url":"https:\/\/mznoticia.com.br\/jaguariaiva\/","name":"Mz Not\u00edcia","description":"A informa\u00e7\u00e3o que voc\u00ea precisa na hora certa!","publisher":{"@id":"https:\/\/mznoticia.com.br\/jaguariaiva\/#organization"},"potentialAction":[{"@type":"SearchAction","target":{"@type":"EntryPoint","urlTemplate":"https:\/\/mznoticia.com.br\/jaguariaiva\/?s={search_term_string}"},"query-input":{"@type":"PropertyValueSpecification","valueRequired":true,"valueName":"search_term_string"}}],"inLanguage":"pt-BR"},{"@type":"Organization","@id":"https:\/\/mznoticia.com.br\/jaguariaiva\/#organization","name":"Mz Not\u00edcia","url":"https:\/\/mznoticia.com.br\/jaguariaiva\/","logo":{"@type":"ImageObject","inLanguage":"pt-BR","@id":"https:\/\/mznoticia.com.br\/jaguariaiva\/#\/schema\/logo\/image\/","url":"https:\/\/mznoticia.com.br\/jaguariaiva\/wp-content\/uploads\/2025\/03\/Design-sem-nome-4-e1741200616392.png","contentUrl":"https:\/\/mznoticia.com.br\/jaguariaiva\/wp-content\/uploads\/2025\/03\/Design-sem-nome-4-e1741200616392.png","width":750,"height":563,"caption":"Mz Not\u00edcia"},"image":{"@id":"https:\/\/mznoticia.com.br\/jaguariaiva\/#\/schema\/logo\/image\/"},"sameAs":["https:\/\/www.facebook.com\/profile.php?id=61573479951222","https:\/\/www.instagram.com\/mz.jaguariaiva\/"]},{"@type":"Person","@id":"https:\/\/mznoticia.com.br\/jaguariaiva\/#\/schema\/person\/7ecde13ae5f5a92f0ff9b2155d7a6d6e","name":"Reda\u00e7\u00e3o MZ","image":{"@type":"ImageObject","inLanguage":"pt-BR","@id":"https:\/\/mznoticia.com.br\/jaguariaiva\/wp-content\/uploads\/2025\/02\/mznoticia_jaguariaiva_coluna-150x150.png","url":"https:\/\/mznoticia.com.br\/jaguariaiva\/wp-content\/uploads\/2025\/02\/mznoticia_jaguariaiva_coluna-150x150.png","contentUrl":"https:\/\/mznoticia.com.br\/jaguariaiva\/wp-content\/uploads\/2025\/02\/mznoticia_jaguariaiva_coluna-150x150.png","caption":"Reda\u00e7\u00e3o MZ"},"url":"https:\/\/mznoticia.com.br\/jaguariaiva\/author\/yan\/"}]}},"_links":{"self":[{"href":"https:\/\/mznoticia.com.br\/jaguariaiva\/wp-json\/wp\/v2\/posts\/7318","targetHints":{"allow":["GET"]}}],"collection":[{"href":"https:\/\/mznoticia.com.br\/jaguariaiva\/wp-json\/wp\/v2\/posts"}],"about":[{"href":"https:\/\/mznoticia.com.br\/jaguariaiva\/wp-json\/wp\/v2\/types\/post"}],"author":[{"embeddable":true,"href":"https:\/\/mznoticia.com.br\/jaguariaiva\/wp-json\/wp\/v2\/users\/18"}],"replies":[{"embeddable":true,"href":"https:\/\/mznoticia.com.br\/jaguariaiva\/wp-json\/wp\/v2\/comments?post=7318"}],"version-history":[{"count":1,"href":"https:\/\/mznoticia.com.br\/jaguariaiva\/wp-json\/wp\/v2\/posts\/7318\/revisions"}],"predecessor-version":[{"id":7321,"href":"https:\/\/mznoticia.com.br\/jaguariaiva\/wp-json\/wp\/v2\/posts\/7318\/revisions\/7321"}],"wp:featuredmedia":[{"embeddable":true,"href":"https:\/\/mznoticia.com.br\/jaguariaiva\/wp-json\/wp\/v2\/media\/7319"}],"wp:attachment":[{"href":"https:\/\/mznoticia.com.br\/jaguariaiva\/wp-json\/wp\/v2\/media?parent=7318"}],"wp:term":[{"taxonomy":"category","embeddable":true,"href":"https:\/\/mznoticia.com.br\/jaguariaiva\/wp-json\/wp\/v2\/categories?post=7318"},{"taxonomy":"post_tag","embeddable":true,"href":"https:\/\/mznoticia.com.br\/jaguariaiva\/wp-json\/wp\/v2\/tags?post=7318"}],"curies":[{"name":"wp","href":"https:\/\/api.w.org\/{rel}","templated":true}]}}