{"id":7320,"date":"2026-08-28T18:51:50","date_gmt":"2026-08-28T18:51:50","guid":{"rendered":"https:\/\/mznoticia.com.br\/jaguariaiva\/?p=7320"},"modified":"2026-08-28T18:51:50","modified_gmt":"2026-08-28T18:51:50","slug":"apple-marca-evento-para-setembro-e-deve-apresentar-novos-modelos-do-iphone-18","status":"publish","type":"post","link":"https:\/\/mznoticia.com.br\/jaguariaiva\/apple-marca-evento-para-setembro-e-deve-apresentar-novos-modelos-do-iphone-18\/","title":{"rendered":"Apple marca evento para setembro e deve apresentar novos modelos do iPhone 18"},"content":{"rendered":"<h2>Evento est\u00e1 previsto para 9 de setembro; linha Pro e poss\u00edvel iPhone dobr\u00e1vel est\u00e3o entre as principais expectativas<\/h2>\n<p class=\"isSelectedEnd\">A Apple deve apresentar novidades da pr\u00f3xima gera\u00e7\u00e3o do iPhone em um evento marcado para 9 de setembro de 2026, \u00e0s 14h, no hor\u00e1rio de Bras\u00edlia.<\/p>\n<p class=\"isSelectedEnd\">Entre os aparelhos esperados para o evento est\u00e3o o iPhone 18 Pro, o iPhone 18 Pro Max e o poss\u00edvel primeiro celular dobr\u00e1vel da Apple, que vem sendo chamado de iPhone Ultra ou iPhone Fold em rumores.<\/p>\n<h2>iPhone dobr\u00e1vel \u00e9 uma das principais expectativas<\/h2>\n<p class=\"isSelectedEnd\">O poss\u00edvel lan\u00e7amento de um iPhone dobr\u00e1vel est\u00e1 entre as novidades que mais chamam aten\u00e7\u00e3o. O aparelho ainda n\u00e3o foi confirmado oficialmente pela Apple, e informa\u00e7\u00f5es sobre nome, design e especifica\u00e7\u00f5es s\u00e3o baseadas em rumores e vazamentos.<\/p>\n<p class=\"isSelectedEnd\">A expectativa \u00e9 de que o novo dispositivo represente a entrada da empresa no mercado de smartphones dobr\u00e1veis.<\/p>\n<h2>Outros modelos podem ficar para 2027<\/h2>\n<p class=\"isSelectedEnd\">Diferentemente dos modelos Pro, vers\u00f5es como o iPhone 18 tradicional, o modelo mais acess\u00edvel iPhone 18e e uma poss\u00edvel segunda gera\u00e7\u00e3o do iPhone Air s\u00e3o esperados para o in\u00edcio de 2027.<\/p>\n<p class=\"isSelectedEnd\">A estrat\u00e9gia representaria uma mudan\u00e7a no calend\u00e1rio tradicional de lan\u00e7amentos da Apple, com a apresenta\u00e7\u00e3o dos modelos mais avan\u00e7ados primeiro.<\/p>\n<h2>Novidades de desempenho e c\u00e2meras<\/h2>\n<p class=\"isSelectedEnd\">Entre as principais expectativas para a linha Pro est\u00e1 a estreia do chip Apple A20 Pro, que deve trazer melhorias de desempenho e efici\u00eancia energ\u00e9tica.<\/p>\n<p class=\"isSelectedEnd\">Tamb\u00e9m s\u00e3o esperados avan\u00e7os na bateria e no sistema de c\u00e2meras. No iPhone 18 Pro Max, rumores apontam para uma evolu\u00e7\u00e3o do zoom \u00f3ptico da c\u00e2mera telefoto.<\/p>\n<p>Apesar das informa\u00e7\u00f5es j\u00e1 divulgadas por fontes do setor, os detalhes oficiais dos aparelhos devem ser confirmados somente pela Apple durante o evento.<\/p>\n","protected":false},"excerpt":{"rendered":"<p>Evento est\u00e1 previsto para 9 de setembro; linha Pro e poss\u00edvel iPhone dobr\u00e1vel est\u00e3o entre as principais expectativas A Apple deve apresentar novidades da pr\u00f3xima gera\u00e7\u00e3o do iPhone em um evento marcado para 9 de setembro de 2026, \u00e0s 14h, no hor\u00e1rio de Bras\u00edlia. Entre os aparelhos esperados para o evento est\u00e3o o iPhone 18 [&hellip;]<\/p>\n","protected":false},"author":16,"featured_media":7322,"comment_status":"open","ping_status":"open","sticky":false,"template":"","format":"standard","meta":{"footnotes":""},"categories":[15],"tags":[724,2987,2988,2990,2989,2053,481],"class_list":["post-7320","post","type-post","status-publish","format-standard","has-post-thumbnail","hentry","category-mundo","tag-apple","tag-iphone-18","tag-iphone-18-pro","tag-iphone-dobravel","tag-iphone-pro-max","tag-smartphones","tag-tecnologia"],"yoast_head":"<!-- This site is optimized with the Yoast SEO plugin v28.1 - https:\/\/yoast.com\/product\/yoast-seo-wordpress\/ -->\n<title>Apple marca evento para setembro e deve apresentar novos modelos do iPhone 18 - Mz Not\u00edcias<\/title>\n<meta name=\"description\" content=\"Apple prepara evento para 9 de setembro de 2026, com expectativa pelo iPhone 18 Pro, Pro Max e poss\u00edvel primeiro iPhone dobr\u00e1vel.\" \/>\n<meta name=\"robots\" content=\"index, follow, max-snippet:-1, max-image-preview:large, max-video-preview:-1\" \/>\n<link rel=\"canonical\" href=\"https:\/\/mznoticia.com.br\/jaguariaiva\/apple-marca-evento-para-setembro-e-deve-apresentar-novos-modelos-do-iphone-18\/\" \/>\n<meta property=\"og:locale\" content=\"pt_BR\" \/>\n<meta property=\"og:type\" content=\"article\" \/>\n<meta property=\"og:title\" content=\"Apple marca evento para setembro e deve apresentar novos modelos do iPhone 18 - Mz Not\u00edcias\" \/>\n<meta property=\"og:description\" content=\"Apple prepara evento para 9 de setembro de 2026, com expectativa pelo iPhone 18 Pro, Pro Max e poss\u00edvel primeiro iPhone dobr\u00e1vel.\" \/>\n<meta property=\"og:url\" content=\"https:\/\/mznoticia.com.br\/jaguariaiva\/apple-marca-evento-para-setembro-e-deve-apresentar-novos-modelos-do-iphone-18\/\" \/>\n<meta property=\"og:site_name\" content=\"Mz Not\u00edcias\" \/>\n<meta property=\"article:publisher\" content=\"https:\/\/www.facebook.com\/profile.php?id=61573479951222\" \/>\n<meta property=\"article:published_time\" content=\"2026-08-28T18:51:50+00:00\" \/>\n<meta property=\"og:image\" content=\"https:\/\/mznoticia.com.br\/jaguariaiva\/wp-content\/uploads\/2026\/08\/200.png\" \/>\n\t<meta property=\"og:image:width\" content=\"939\" \/>\n\t<meta property=\"og:image:height\" content=\"659\" \/>\n\t<meta property=\"og:image:type\" content=\"image\/png\" \/>\n<meta name=\"author\" content=\"Redacao mz\" \/>\n<meta name=\"twitter:card\" content=\"summary_large_image\" \/>\n<meta name=\"twitter:label1\" content=\"Escrito por\" \/>\n\t<meta name=\"twitter:data1\" content=\"Redacao mz\" \/>\n\t<meta name=\"twitter:label2\" content=\"Est. tempo de leitura\" \/>\n\t<meta name=\"twitter:data2\" content=\"2 minutos\" \/>\n<script type=\"application\/ld+json\" class=\"yoast-schema-graph\">{\"@context\":\"https:\\\/\\\/schema.org\",\"@graph\":[{\"@type\":\"Article\",\"@id\":\"https:\\\/\\\/mznoticia.com.br\\\/jaguariaiva\\\/apple-marca-evento-para-setembro-e-deve-apresentar-novos-modelos-do-iphone-18\\\/#article\",\"isPartOf\":{\"@id\":\"https:\\\/\\\/mznoticia.com.br\\\/jaguariaiva\\\/apple-marca-evento-para-setembro-e-deve-apresentar-novos-modelos-do-iphone-18\\\/\"},\"author\":{\"name\":\"Redacao mz\",\"@id\":\"https:\\\/\\\/mznoticia.com.br\\\/jaguariaiva\\\/#\\\/schema\\\/person\\\/84012d827247b3f42f37b550da79cd03\"},\"headline\":\"Apple marca evento para setembro e deve apresentar novos modelos do iPhone 18\",\"datePublished\":\"2026-08-28T18:51:50+00:00\",\"mainEntityOfPage\":{\"@id\":\"https:\\\/\\\/mznoticia.com.br\\\/jaguariaiva\\\/apple-marca-evento-para-setembro-e-deve-apresentar-novos-modelos-do-iphone-18\\\/\"},\"wordCount\":323,\"commentCount\":0,\"publisher\":{\"@id\":\"https:\\\/\\\/mznoticia.com.br\\\/jaguariaiva\\\/#organization\"},\"image\":{\"@id\":\"https:\\\/\\\/mznoticia.com.br\\\/jaguariaiva\\\/apple-marca-evento-para-setembro-e-deve-apresentar-novos-modelos-do-iphone-18\\\/#primaryimage\"},\"thumbnailUrl\":\"https:\\\/\\\/mznoticia.com.br\\\/jaguariaiva\\\/wp-content\\\/uploads\\\/2026\\\/08\\\/200.png\",\"keywords\":[\"Apple\",\"iPhone 18\",\"iPhone 18 Pro\",\"iPhone dobr\u00e1vel\",\"iPhone Pro Max\",\"Smartphones\",\"Tecnologia\"],\"articleSection\":[\"Mundo\"],\"inLanguage\":\"pt-BR\",\"potentialAction\":[{\"@type\":\"CommentAction\",\"name\":\"Comment\",\"target\":[\"https:\\\/\\\/mznoticia.com.br\\\/jaguariaiva\\\/apple-marca-evento-para-setembro-e-deve-apresentar-novos-modelos-do-iphone-18\\\/#respond\"]}]},{\"@type\":\"WebPage\",\"@id\":\"https:\\\/\\\/mznoticia.com.br\\\/jaguariaiva\\\/apple-marca-evento-para-setembro-e-deve-apresentar-novos-modelos-do-iphone-18\\\/\",\"url\":\"https:\\\/\\\/mznoticia.com.br\\\/jaguariaiva\\\/apple-marca-evento-para-setembro-e-deve-apresentar-novos-modelos-do-iphone-18\\\/\",\"name\":\"Apple marca evento para setembro e deve apresentar novos modelos do iPhone 18 - Mz Not\u00edcias\",\"isPartOf\":{\"@id\":\"https:\\\/\\\/mznoticia.com.br\\\/jaguariaiva\\\/#website\"},\"primaryImageOfPage\":{\"@id\":\"https:\\\/\\\/mznoticia.com.br\\\/jaguariaiva\\\/apple-marca-evento-para-setembro-e-deve-apresentar-novos-modelos-do-iphone-18\\\/#primaryimage\"},\"image\":{\"@id\":\"https:\\\/\\\/mznoticia.com.br\\\/jaguariaiva\\\/apple-marca-evento-para-setembro-e-deve-apresentar-novos-modelos-do-iphone-18\\\/#primaryimage\"},\"thumbnailUrl\":\"https:\\\/\\\/mznoticia.com.br\\\/jaguariaiva\\\/wp-content\\\/uploads\\\/2026\\\/08\\\/200.png\",\"datePublished\":\"2026-08-28T18:51:50+00:00\",\"description\":\"Apple prepara evento para 9 de setembro de 2026, com expectativa pelo iPhone 18 Pro, Pro Max e poss\u00edvel primeiro iPhone dobr\u00e1vel.\",\"breadcrumb\":{\"@id\":\"https:\\\/\\\/mznoticia.com.br\\\/jaguariaiva\\\/apple-marca-evento-para-setembro-e-deve-apresentar-novos-modelos-do-iphone-18\\\/#breadcrumb\"},\"inLanguage\":\"pt-BR\",\"potentialAction\":[{\"@type\":\"ReadAction\",\"target\":[\"https:\\\/\\\/mznoticia.com.br\\\/jaguariaiva\\\/apple-marca-evento-para-setembro-e-deve-apresentar-novos-modelos-do-iphone-18\\\/\"]}]},{\"@type\":\"ImageObject\",\"inLanguage\":\"pt-BR\",\"@id\":\"https:\\\/\\\/mznoticia.com.br\\\/jaguariaiva\\\/apple-marca-evento-para-setembro-e-deve-apresentar-novos-modelos-do-iphone-18\\\/#primaryimage\",\"url\":\"https:\\\/\\\/mznoticia.com.br\\\/jaguariaiva\\\/wp-content\\\/uploads\\\/2026\\\/08\\\/200.png\",\"contentUrl\":\"https:\\\/\\\/mznoticia.com.br\\\/jaguariaiva\\\/wp-content\\\/uploads\\\/2026\\\/08\\\/200.png\",\"width\":939,\"height\":659},{\"@type\":\"BreadcrumbList\",\"@id\":\"https:\\\/\\\/mznoticia.com.br\\\/jaguariaiva\\\/apple-marca-evento-para-setembro-e-deve-apresentar-novos-modelos-do-iphone-18\\\/#breadcrumb\",\"itemListElement\":[{\"@type\":\"ListItem\",\"position\":1,\"name\":\"Home\",\"item\":\"https:\\\/\\\/mznoticia.com.br\\\/jaguariaiva\\\/\"},{\"@type\":\"ListItem\",\"position\":2,\"name\":\"Apple marca evento para setembro e deve apresentar novos modelos do iPhone 18\"}]},{\"@type\":\"WebSite\",\"@id\":\"https:\\\/\\\/mznoticia.com.br\\\/jaguariaiva\\\/#website\",\"url\":\"https:\\\/\\\/mznoticia.com.br\\\/jaguariaiva\\\/\",\"name\":\"Mz Not\u00edcia\",\"description\":\"A informa\u00e7\u00e3o que voc\u00ea precisa na hora certa!\",\"publisher\":{\"@id\":\"https:\\\/\\\/mznoticia.com.br\\\/jaguariaiva\\\/#organization\"},\"potentialAction\":[{\"@type\":\"SearchAction\",\"target\":{\"@type\":\"EntryPoint\",\"urlTemplate\":\"https:\\\/\\\/mznoticia.com.br\\\/jaguariaiva\\\/?s={search_term_string}\"},\"query-input\":{\"@type\":\"PropertyValueSpecification\",\"valueRequired\":true,\"valueName\":\"search_term_string\"}}],\"inLanguage\":\"pt-BR\"},{\"@type\":\"Organization\",\"@id\":\"https:\\\/\\\/mznoticia.com.br\\\/jaguariaiva\\\/#organization\",\"name\":\"Mz Not\u00edcia\",\"url\":\"https:\\\/\\\/mznoticia.com.br\\\/jaguariaiva\\\/\",\"logo\":{\"@type\":\"ImageObject\",\"inLanguage\":\"pt-BR\",\"@id\":\"https:\\\/\\\/mznoticia.com.br\\\/jaguariaiva\\\/#\\\/schema\\\/logo\\\/image\\\/\",\"url\":\"https:\\\/\\\/mznoticia.com.br\\\/jaguariaiva\\\/wp-content\\\/uploads\\\/2025\\\/03\\\/Design-sem-nome-4-e1741200616392.png\",\"contentUrl\":\"https:\\\/\\\/mznoticia.com.br\\\/jaguariaiva\\\/wp-content\\\/uploads\\\/2025\\\/03\\\/Design-sem-nome-4-e1741200616392.png\",\"width\":750,\"height\":563,\"caption\":\"Mz Not\u00edcia\"},\"image\":{\"@id\":\"https:\\\/\\\/mznoticia.com.br\\\/jaguariaiva\\\/#\\\/schema\\\/logo\\\/image\\\/\"},\"sameAs\":[\"https:\\\/\\\/www.facebook.com\\\/profile.php?id=61573479951222\",\"https:\\\/\\\/www.instagram.com\\\/mz.jaguariaiva\\\/\"]},{\"@type\":\"Person\",\"@id\":\"https:\\\/\\\/mznoticia.com.br\\\/jaguariaiva\\\/#\\\/schema\\\/person\\\/84012d827247b3f42f37b550da79cd03\",\"name\":\"Redacao mz\",\"image\":{\"@type\":\"ImageObject\",\"inLanguage\":\"pt-BR\",\"@id\":\"https:\\\/\\\/mznoticia.com.br\\\/jaguariaiva\\\/wp-content\\\/uploads\\\/2025\\\/02\\\/mznoticia_jaguariaiva_coluna-150x150.png\",\"url\":\"https:\\\/\\\/mznoticia.com.br\\\/jaguariaiva\\\/wp-content\\\/uploads\\\/2025\\\/02\\\/mznoticia_jaguariaiva_coluna-150x150.png\",\"contentUrl\":\"https:\\\/\\\/mznoticia.com.br\\\/jaguariaiva\\\/wp-content\\\/uploads\\\/2025\\\/02\\\/mznoticia_jaguariaiva_coluna-150x150.png\",\"caption\":\"Redacao mz\"},\"sameAs\":[\"http:\\\/\\\/mznoticia.com.br\"],\"url\":\"https:\\\/\\\/mznoticia.com.br\\\/jaguariaiva\\\/author\\\/lucimara\\\/\"}]}<\/script>\n<!-- \/ Yoast SEO plugin. -->","yoast_head_json":{"title":"Apple marca evento para setembro e deve apresentar novos modelos do iPhone 18 - Mz Not\u00edcias","description":"Apple prepara evento para 9 de setembro de 2026, com expectativa pelo iPhone 18 Pro, Pro Max e poss\u00edvel primeiro iPhone dobr\u00e1vel.","robots":{"index":"index","follow":"follow","max-snippet":"max-snippet:-1","max-image-preview":"max-image-preview:large","max-video-preview":"max-video-preview:-1"},"canonical":"https:\/\/mznoticia.com.br\/jaguariaiva\/apple-marca-evento-para-setembro-e-deve-apresentar-novos-modelos-do-iphone-18\/","og_locale":"pt_BR","og_type":"article","og_title":"Apple marca evento para setembro e deve apresentar novos modelos do iPhone 18 - Mz Not\u00edcias","og_description":"Apple prepara evento para 9 de setembro de 2026, com expectativa pelo iPhone 18 Pro, Pro Max e poss\u00edvel primeiro iPhone dobr\u00e1vel.","og_url":"https:\/\/mznoticia.com.br\/jaguariaiva\/apple-marca-evento-para-setembro-e-deve-apresentar-novos-modelos-do-iphone-18\/","og_site_name":"Mz Not\u00edcias","article_publisher":"https:\/\/www.facebook.com\/profile.php?id=61573479951222","article_published_time":"2026-08-28T18:51:50+00:00","og_image":[{"width":939,"height":659,"url":"https:\/\/mznoticia.com.br\/jaguariaiva\/wp-content\/uploads\/2026\/08\/200.png","type":"image\/png"}],"author":"Redacao mz","twitter_card":"summary_large_image","twitter_misc":{"Escrito por":"Redacao mz","Est. tempo de leitura":"2 minutos"},"schema":{"@context":"https:\/\/schema.org","@graph":[{"@type":"Article","@id":"https:\/\/mznoticia.com.br\/jaguariaiva\/apple-marca-evento-para-setembro-e-deve-apresentar-novos-modelos-do-iphone-18\/#article","isPartOf":{"@id":"https:\/\/mznoticia.com.br\/jaguariaiva\/apple-marca-evento-para-setembro-e-deve-apresentar-novos-modelos-do-iphone-18\/"},"author":{"name":"Redacao mz","@id":"https:\/\/mznoticia.com.br\/jaguariaiva\/#\/schema\/person\/84012d827247b3f42f37b550da79cd03"},"headline":"Apple marca evento para setembro e deve apresentar novos modelos do iPhone 18","datePublished":"2026-08-28T18:51:50+00:00","mainEntityOfPage":{"@id":"https:\/\/mznoticia.com.br\/jaguariaiva\/apple-marca-evento-para-setembro-e-deve-apresentar-novos-modelos-do-iphone-18\/"},"wordCount":323,"commentCount":0,"publisher":{"@id":"https:\/\/mznoticia.com.br\/jaguariaiva\/#organization"},"image":{"@id":"https:\/\/mznoticia.com.br\/jaguariaiva\/apple-marca-evento-para-setembro-e-deve-apresentar-novos-modelos-do-iphone-18\/#primaryimage"},"thumbnailUrl":"https:\/\/mznoticia.com.br\/jaguariaiva\/wp-content\/uploads\/2026\/08\/200.png","keywords":["Apple","iPhone 18","iPhone 18 Pro","iPhone dobr\u00e1vel","iPhone Pro Max","Smartphones","Tecnologia"],"articleSection":["Mundo"],"inLanguage":"pt-BR","potentialAction":[{"@type":"CommentAction","name":"Comment","target":["https:\/\/mznoticia.com.br\/jaguariaiva\/apple-marca-evento-para-setembro-e-deve-apresentar-novos-modelos-do-iphone-18\/#respond"]}]},{"@type":"WebPage","@id":"https:\/\/mznoticia.com.br\/jaguariaiva\/apple-marca-evento-para-setembro-e-deve-apresentar-novos-modelos-do-iphone-18\/","url":"https:\/\/mznoticia.com.br\/jaguariaiva\/apple-marca-evento-para-setembro-e-deve-apresentar-novos-modelos-do-iphone-18\/","name":"Apple marca evento para setembro e deve apresentar novos modelos do iPhone 18 - Mz Not\u00edcias","isPartOf":{"@id":"https:\/\/mznoticia.com.br\/jaguariaiva\/#website"},"primaryImageOfPage":{"@id":"https:\/\/mznoticia.com.br\/jaguariaiva\/apple-marca-evento-para-setembro-e-deve-apresentar-novos-modelos-do-iphone-18\/#primaryimage"},"image":{"@id":"https:\/\/mznoticia.com.br\/jaguariaiva\/apple-marca-evento-para-setembro-e-deve-apresentar-novos-modelos-do-iphone-18\/#primaryimage"},"thumbnailUrl":"https:\/\/mznoticia.com.br\/jaguariaiva\/wp-content\/uploads\/2026\/08\/200.png","datePublished":"2026-08-28T18:51:50+00:00","description":"Apple prepara evento para 9 de setembro de 2026, com expectativa pelo iPhone 18 Pro, Pro Max e poss\u00edvel primeiro iPhone dobr\u00e1vel.","breadcrumb":{"@id":"https:\/\/mznoticia.com.br\/jaguariaiva\/apple-marca-evento-para-setembro-e-deve-apresentar-novos-modelos-do-iphone-18\/#breadcrumb"},"inLanguage":"pt-BR","potentialAction":[{"@type":"ReadAction","target":["https:\/\/mznoticia.com.br\/jaguariaiva\/apple-marca-evento-para-setembro-e-deve-apresentar-novos-modelos-do-iphone-18\/"]}]},{"@type":"ImageObject","inLanguage":"pt-BR","@id":"https:\/\/mznoticia.com.br\/jaguariaiva\/apple-marca-evento-para-setembro-e-deve-apresentar-novos-modelos-do-iphone-18\/#primaryimage","url":"https:\/\/mznoticia.com.br\/jaguariaiva\/wp-content\/uploads\/2026\/08\/200.png","contentUrl":"https:\/\/mznoticia.com.br\/jaguariaiva\/wp-content\/uploads\/2026\/08\/200.png","width":939,"height":659},{"@type":"BreadcrumbList","@id":"https:\/\/mznoticia.com.br\/jaguariaiva\/apple-marca-evento-para-setembro-e-deve-apresentar-novos-modelos-do-iphone-18\/#breadcrumb","itemListElement":[{"@type":"ListItem","position":1,"name":"Home","item":"https:\/\/mznoticia.com.br\/jaguariaiva\/"},{"@type":"ListItem","position":2,"name":"Apple marca evento para setembro e deve apresentar novos modelos do iPhone 18"}]},{"@type":"WebSite","@id":"https:\/\/mznoticia.com.br\/jaguariaiva\/#website","url":"https:\/\/mznoticia.com.br\/jaguariaiva\/","name":"Mz Not\u00edcia","description":"A informa\u00e7\u00e3o que voc\u00ea precisa na hora certa!","publisher":{"@id":"https:\/\/mznoticia.com.br\/jaguariaiva\/#organization"},"potentialAction":[{"@type":"SearchAction","target":{"@type":"EntryPoint","urlTemplate":"https:\/\/mznoticia.com.br\/jaguariaiva\/?s={search_term_string}"},"query-input":{"@type":"PropertyValueSpecification","valueRequired":true,"valueName":"search_term_string"}}],"inLanguage":"pt-BR"},{"@type":"Organization","@id":"https:\/\/mznoticia.com.br\/jaguariaiva\/#organization","name":"Mz Not\u00edcia","url":"https:\/\/mznoticia.com.br\/jaguariaiva\/","logo":{"@type":"ImageObject","inLanguage":"pt-BR","@id":"https:\/\/mznoticia.com.br\/jaguariaiva\/#\/schema\/logo\/image\/","url":"https:\/\/mznoticia.com.br\/jaguariaiva\/wp-content\/uploads\/2025\/03\/Design-sem-nome-4-e1741200616392.png","contentUrl":"https:\/\/mznoticia.com.br\/jaguariaiva\/wp-content\/uploads\/2025\/03\/Design-sem-nome-4-e1741200616392.png","width":750,"height":563,"caption":"Mz Not\u00edcia"},"image":{"@id":"https:\/\/mznoticia.com.br\/jaguariaiva\/#\/schema\/logo\/image\/"},"sameAs":["https:\/\/www.facebook.com\/profile.php?id=61573479951222","https:\/\/www.instagram.com\/mz.jaguariaiva\/"]},{"@type":"Person","@id":"https:\/\/mznoticia.com.br\/jaguariaiva\/#\/schema\/person\/84012d827247b3f42f37b550da79cd03","name":"Redacao mz","image":{"@type":"ImageObject","inLanguage":"pt-BR","@id":"https:\/\/mznoticia.com.br\/jaguariaiva\/wp-content\/uploads\/2025\/02\/mznoticia_jaguariaiva_coluna-150x150.png","url":"https:\/\/mznoticia.com.br\/jaguariaiva\/wp-content\/uploads\/2025\/02\/mznoticia_jaguariaiva_coluna-150x150.png","contentUrl":"https:\/\/mznoticia.com.br\/jaguariaiva\/wp-content\/uploads\/2025\/02\/mznoticia_jaguariaiva_coluna-150x150.png","caption":"Redacao mz"},"sameAs":["http:\/\/mznoticia.com.br"],"url":"https:\/\/mznoticia.com.br\/jaguariaiva\/author\/lucimara\/"}]}},"_links":{"self":[{"href":"https:\/\/mznoticia.com.br\/jaguariaiva\/wp-json\/wp\/v2\/posts\/7320","targetHints":{"allow":["GET"]}}],"collection":[{"href":"https:\/\/mznoticia.com.br\/jaguariaiva\/wp-json\/wp\/v2\/posts"}],"about":[{"href":"https:\/\/mznoticia.com.br\/jaguariaiva\/wp-json\/wp\/v2\/types\/post"}],"author":[{"embeddable":true,"href":"https:\/\/mznoticia.com.br\/jaguariaiva\/wp-json\/wp\/v2\/users\/16"}],"replies":[{"embeddable":true,"href":"https:\/\/mznoticia.com.br\/jaguariaiva\/wp-json\/wp\/v2\/comments?post=7320"}],"version-history":[{"count":1,"href":"https:\/\/mznoticia.com.br\/jaguariaiva\/wp-json\/wp\/v2\/posts\/7320\/revisions"}],"predecessor-version":[{"id":7323,"href":"https:\/\/mznoticia.com.br\/jaguariaiva\/wp-json\/wp\/v2\/posts\/7320\/revisions\/7323"}],"wp:featuredmedia":[{"embeddable":true,"href":"https:\/\/mznoticia.com.br\/jaguariaiva\/wp-json\/wp\/v2\/media\/7322"}],"wp:attachment":[{"href":"https:\/\/mznoticia.com.br\/jaguariaiva\/wp-json\/wp\/v2\/media?parent=7320"}],"wp:term":[{"taxonomy":"category","embeddable":true,"href":"https:\/\/mznoticia.com.br\/jaguariaiva\/wp-json\/wp\/v2\/categories?post=7320"},{"taxonomy":"post_tag","embeddable":true,"href":"https:\/\/mznoticia.com.br\/jaguariaiva\/wp-json\/wp\/v2\/tags?post=7320"}],"curies":[{"name":"wp","href":"https:\/\/api.w.org\/{rel}","templated":true}]}}