{"id":7324,"date":"2026-08-28T19:09:41","date_gmt":"2026-08-28T19:09:41","guid":{"rendered":"https:\/\/mznoticia.com.br\/jaguariaiva\/?p=7324"},"modified":"2026-08-28T19:09:41","modified_gmt":"2026-08-28T19:09:41","slug":"memphis-depay-tem-clausula-em-contrato-que-proibe-envolvimento-na-politica-do-corinthians","status":"publish","type":"post","link":"https:\/\/mznoticia.com.br\/jaguariaiva\/memphis-depay-tem-clausula-em-contrato-que-proibe-envolvimento-na-politica-do-corinthians\/","title":{"rendered":"Memphis Depay tem cl\u00e1usula em contrato que pro\u00edbe envolvimento na pol\u00edtica do Corinthians"},"content":{"rendered":"<h2>Dispositivo foi confirmado pelo presidente Osmar Stabile e ganhou destaque ap\u00f3s pol\u00eamica envolvendo Memphis Depay e o lan\u00e7amento de um clipe com refer\u00eancias ao Parque S\u00e3o Jorge<\/h2>\n<p class=\"isSelectedEnd\">O contrato entre o Corinthians e o atacante Memphis Depay possui uma cl\u00e1usula que pro\u00edbe o jogador de se envolver em quest\u00f5es pol\u00edticas internas do clube. A exist\u00eancia do dispositivo foi confirmada pelo presidente Osmar Stabile.<\/p>\n<p class=\"isSelectedEnd\">Segundo o dirigente, a cl\u00e1usula passou a ser inclu\u00edda nos contratos dos atletas na temporada passada, em meio ao cen\u00e1rio pol\u00edtico turbulento vivido pelo clube.<\/p>\n<p class=\"isSelectedEnd\">\u201cExiste a cl\u00e1usula, est\u00e1 claro, e vale para os demais jogadores. Existe um envolvimento na parte pol\u00edtica, isso atrapalha. N\u00e3o d\u00e1 para envolver a parte pol\u00edtica. Passamos por momentos turbulentos no ano passado e, ainda assim, fomos campe\u00f5es da Copa do Brasil\u201d, afirmou Stabile.<\/p>\n<p class=\"isSelectedEnd\">O presidente tamb\u00e9m destacou que os jogadores s\u00e3o contratados para exercer suas fun\u00e7\u00f5es dentro de campo.<\/p>\n<p class=\"isSelectedEnd\">\u201cTodo atleta \u00e9 contratado para jogar futebol. Nosso cora\u00e7\u00e3o \u00e9 o futebol profissional. Colocamos essa cl\u00e1usula em virtude do momento que estamos passando\u201d, completou.<\/p>\n<h2>Pol\u00eamica ap\u00f3s lan\u00e7amento de clipe<\/h2>\n<p class=\"isSelectedEnd\">O assunto ganhou repercuss\u00e3o ap\u00f3s Memphis Depay divulgar, no dia 21 de agosto, o clipe da m\u00fasica \u201cDon&#8217;t Panic\u201d, que apresentou refer\u00eancias ao Corinthians.<\/p>\n<p class=\"isSelectedEnd\">Em um trecho da m\u00fasica, o jogador faz men\u00e7\u00e3o a um \u201cvice-presidente que agora \u00e9 meu inimigo\u201d, em uma poss\u00edvel refer\u00eancia ao dirigente Armando Mendon\u00e7a.<\/p>\n<p class=\"isSelectedEnd\">Na parte final do v\u00eddeo, Memphis aparece em frente ao Parque S\u00e3o Jorge, sede social do Corinthians, em uma cena que mostra o local pegando fogo.<\/p>\n<h2>Jogador se manifestou ap\u00f3s protestos<\/h2>\n<p class=\"isSelectedEnd\">Memphis esclareceu \u00e0 diretoria que o lan\u00e7amento do clipe n\u00e3o teve rela\u00e7\u00e3o com os protestos realizados em frente ao Parque S\u00e3o Jorge no \u00faltimo s\u00e1bado, dia 22.<\/p>\n<p class=\"isSelectedEnd\">Nas redes sociais, o atacante holand\u00eas tamb\u00e9m afirmou ser contra qualquer tipo de viol\u00eancia e defendeu que as manifesta\u00e7\u00f5es ocorressem de forma pac\u00edfica.<\/p>\n<p class=\"isSelectedEnd\">De acordo com Osmar Stabile, a diretoria conversou com o jogador ap\u00f3s identificar que as imagens poderiam ser interpretadas de forma negativa diante do contexto dos protestos.<\/p>\n<p class=\"isSelectedEnd\">Segundo o presidente, Memphis publicou uma manifesta\u00e7\u00e3o logo ap\u00f3s a conversa e posteriormente retirou do material uma parte que mostrava a queima do escudo do Corinthians.<\/p>\n<h2>Caso \u00e9 tratado como encerrado<\/h2>\n<p class=\"isSelectedEnd\">Memphis Depay foi multado em uma parte de seu sal\u00e1rio em raz\u00e3o da pol\u00eamica envolvendo o clipe.<\/p>\n<p>Neste momento, segundo informa\u00e7\u00f5es divulgadas pelo clube, o epis\u00f3dio \u00e9 considerado encerrado pela diretoria do Corinthians.<\/p>\n","protected":false},"excerpt":{"rendered":"<p>Dispositivo foi confirmado pelo presidente Osmar Stabile e ganhou destaque ap\u00f3s pol\u00eamica envolvendo Memphis Depay e o lan\u00e7amento de um clipe com refer\u00eancias ao Parque S\u00e3o Jorge O contrato entre o Corinthians e o atacante Memphis Depay possui uma cl\u00e1usula que pro\u00edbe o jogador de se envolver em quest\u00f5es pol\u00edticas internas do clube. A exist\u00eancia [&hellip;]<\/p>\n","protected":false},"author":18,"featured_media":7325,"comment_status":"open","ping_status":"open","sticky":false,"template":"","format":"standard","meta":{"footnotes":""},"categories":[5,9,12],"tags":[2991,47],"class_list":["post-7324","post","type-post","status-publish","format-standard","has-post-thumbnail","hentry","category-brasil","category-esportes","category-geral","tag-corinthians-memphisdepay-futebol-osmarstabile-parquesaojorge-esportes-mznoticias","tag-destaque"],"yoast_head":"<!-- This site is optimized with the Yoast SEO plugin v28.1 - https:\/\/yoast.com\/product\/yoast-seo-wordpress\/ -->\n<title>Memphis Depay tem cl\u00e1usula em contrato que pro\u00edbe envolvimento na pol\u00edtica do Corinthians - Mz Not\u00edcias<\/title>\n<meta name=\"description\" content=\"Presidente Osmar Stabile confirmou que contratos do Corinthians possuem cl\u00e1usula que impede jogadores de se envolverem em quest\u00f5es pol\u00edticas internas.\" \/>\n<meta name=\"robots\" content=\"index, follow, max-snippet:-1, max-image-preview:large, max-video-preview:-1\" \/>\n<link rel=\"canonical\" href=\"https:\/\/mznoticia.com.br\/jaguariaiva\/memphis-depay-tem-clausula-em-contrato-que-proibe-envolvimento-na-politica-do-corinthians\/\" \/>\n<meta property=\"og:locale\" content=\"pt_BR\" \/>\n<meta property=\"og:type\" content=\"article\" \/>\n<meta property=\"og:title\" content=\"Memphis Depay tem cl\u00e1usula em contrato que pro\u00edbe envolvimento na pol\u00edtica do Corinthians - Mz Not\u00edcias\" \/>\n<meta property=\"og:description\" content=\"Presidente Osmar Stabile confirmou que contratos do Corinthians possuem cl\u00e1usula que impede jogadores de se envolverem em quest\u00f5es pol\u00edticas internas.\" \/>\n<meta property=\"og:url\" content=\"https:\/\/mznoticia.com.br\/jaguariaiva\/memphis-depay-tem-clausula-em-contrato-que-proibe-envolvimento-na-politica-do-corinthians\/\" \/>\n<meta property=\"og:site_name\" content=\"Mz Not\u00edcias\" \/>\n<meta property=\"article:publisher\" content=\"https:\/\/www.facebook.com\/profile.php?id=61573479951222\" \/>\n<meta property=\"article:published_time\" content=\"2026-08-28T19:09:41+00:00\" \/>\n<meta property=\"og:image\" content=\"https:\/\/mznoticia.com.br\/jaguariaiva\/wp-content\/uploads\/2026\/08\/depay.jpg\" \/>\n\t<meta property=\"og:image:width\" content=\"531\" \/>\n\t<meta property=\"og:image:height\" content=\"376\" \/>\n\t<meta property=\"og:image:type\" content=\"image\/jpeg\" \/>\n<meta name=\"author\" content=\"Reda\u00e7\u00e3o MZ\" \/>\n<meta name=\"twitter:card\" content=\"summary_large_image\" \/>\n<meta name=\"twitter:label1\" content=\"Escrito por\" \/>\n\t<meta name=\"twitter:data1\" content=\"Reda\u00e7\u00e3o MZ\" \/>\n\t<meta name=\"twitter:label2\" content=\"Est. tempo de leitura\" \/>\n\t<meta name=\"twitter:data2\" content=\"3 minutos\" \/>\n<script type=\"application\/ld+json\" class=\"yoast-schema-graph\">{\"@context\":\"https:\\\/\\\/schema.org\",\"@graph\":[{\"@type\":\"Article\",\"@id\":\"https:\\\/\\\/mznoticia.com.br\\\/jaguariaiva\\\/memphis-depay-tem-clausula-em-contrato-que-proibe-envolvimento-na-politica-do-corinthians\\\/#article\",\"isPartOf\":{\"@id\":\"https:\\\/\\\/mznoticia.com.br\\\/jaguariaiva\\\/memphis-depay-tem-clausula-em-contrato-que-proibe-envolvimento-na-politica-do-corinthians\\\/\"},\"author\":{\"name\":\"Reda\u00e7\u00e3o MZ\",\"@id\":\"https:\\\/\\\/mznoticia.com.br\\\/jaguariaiva\\\/#\\\/schema\\\/person\\\/7ecde13ae5f5a92f0ff9b2155d7a6d6e\"},\"headline\":\"Memphis Depay tem cl\u00e1usula em contrato que pro\u00edbe envolvimento na pol\u00edtica do Corinthians\",\"datePublished\":\"2026-08-28T19:09:41+00:00\",\"mainEntityOfPage\":{\"@id\":\"https:\\\/\\\/mznoticia.com.br\\\/jaguariaiva\\\/memphis-depay-tem-clausula-em-contrato-que-proibe-envolvimento-na-politica-do-corinthians\\\/\"},\"wordCount\":463,\"commentCount\":0,\"publisher\":{\"@id\":\"https:\\\/\\\/mznoticia.com.br\\\/jaguariaiva\\\/#organization\"},\"image\":{\"@id\":\"https:\\\/\\\/mznoticia.com.br\\\/jaguariaiva\\\/memphis-depay-tem-clausula-em-contrato-que-proibe-envolvimento-na-politica-do-corinthians\\\/#primaryimage\"},\"thumbnailUrl\":\"https:\\\/\\\/mznoticia.com.br\\\/jaguariaiva\\\/wp-content\\\/uploads\\\/2026\\\/08\\\/depay.jpg\",\"keywords\":[\"#Corinthians #MemphisDepay #Futebol #OsmarStabile #ParqueS\u00e3oJorge #Esportes #MZNoticias\",\"destaque\"],\"articleSection\":[\"Brasil\",\"Esportes\",\"Geral\"],\"inLanguage\":\"pt-BR\",\"potentialAction\":[{\"@type\":\"CommentAction\",\"name\":\"Comment\",\"target\":[\"https:\\\/\\\/mznoticia.com.br\\\/jaguariaiva\\\/memphis-depay-tem-clausula-em-contrato-que-proibe-envolvimento-na-politica-do-corinthians\\\/#respond\"]}]},{\"@type\":\"WebPage\",\"@id\":\"https:\\\/\\\/mznoticia.com.br\\\/jaguariaiva\\\/memphis-depay-tem-clausula-em-contrato-que-proibe-envolvimento-na-politica-do-corinthians\\\/\",\"url\":\"https:\\\/\\\/mznoticia.com.br\\\/jaguariaiva\\\/memphis-depay-tem-clausula-em-contrato-que-proibe-envolvimento-na-politica-do-corinthians\\\/\",\"name\":\"Memphis Depay tem cl\u00e1usula em contrato que pro\u00edbe envolvimento na pol\u00edtica do Corinthians - Mz Not\u00edcias\",\"isPartOf\":{\"@id\":\"https:\\\/\\\/mznoticia.com.br\\\/jaguariaiva\\\/#website\"},\"primaryImageOfPage\":{\"@id\":\"https:\\\/\\\/mznoticia.com.br\\\/jaguariaiva\\\/memphis-depay-tem-clausula-em-contrato-que-proibe-envolvimento-na-politica-do-corinthians\\\/#primaryimage\"},\"image\":{\"@id\":\"https:\\\/\\\/mznoticia.com.br\\\/jaguariaiva\\\/memphis-depay-tem-clausula-em-contrato-que-proibe-envolvimento-na-politica-do-corinthians\\\/#primaryimage\"},\"thumbnailUrl\":\"https:\\\/\\\/mznoticia.com.br\\\/jaguariaiva\\\/wp-content\\\/uploads\\\/2026\\\/08\\\/depay.jpg\",\"datePublished\":\"2026-08-28T19:09:41+00:00\",\"description\":\"Presidente Osmar Stabile confirmou que contratos do Corinthians possuem cl\u00e1usula que impede jogadores de se envolverem em quest\u00f5es pol\u00edticas internas.\",\"breadcrumb\":{\"@id\":\"https:\\\/\\\/mznoticia.com.br\\\/jaguariaiva\\\/memphis-depay-tem-clausula-em-contrato-que-proibe-envolvimento-na-politica-do-corinthians\\\/#breadcrumb\"},\"inLanguage\":\"pt-BR\",\"potentialAction\":[{\"@type\":\"ReadAction\",\"target\":[\"https:\\\/\\\/mznoticia.com.br\\\/jaguariaiva\\\/memphis-depay-tem-clausula-em-contrato-que-proibe-envolvimento-na-politica-do-corinthians\\\/\"]}]},{\"@type\":\"ImageObject\",\"inLanguage\":\"pt-BR\",\"@id\":\"https:\\\/\\\/mznoticia.com.br\\\/jaguariaiva\\\/memphis-depay-tem-clausula-em-contrato-que-proibe-envolvimento-na-politica-do-corinthians\\\/#primaryimage\",\"url\":\"https:\\\/\\\/mznoticia.com.br\\\/jaguariaiva\\\/wp-content\\\/uploads\\\/2026\\\/08\\\/depay.jpg\",\"contentUrl\":\"https:\\\/\\\/mznoticia.com.br\\\/jaguariaiva\\\/wp-content\\\/uploads\\\/2026\\\/08\\\/depay.jpg\",\"width\":531,\"height\":376},{\"@type\":\"BreadcrumbList\",\"@id\":\"https:\\\/\\\/mznoticia.com.br\\\/jaguariaiva\\\/memphis-depay-tem-clausula-em-contrato-que-proibe-envolvimento-na-politica-do-corinthians\\\/#breadcrumb\",\"itemListElement\":[{\"@type\":\"ListItem\",\"position\":1,\"name\":\"Home\",\"item\":\"https:\\\/\\\/mznoticia.com.br\\\/jaguariaiva\\\/\"},{\"@type\":\"ListItem\",\"position\":2,\"name\":\"Memphis Depay tem cl\u00e1usula em contrato que pro\u00edbe envolvimento na pol\u00edtica do Corinthians\"}]},{\"@type\":\"WebSite\",\"@id\":\"https:\\\/\\\/mznoticia.com.br\\\/jaguariaiva\\\/#website\",\"url\":\"https:\\\/\\\/mznoticia.com.br\\\/jaguariaiva\\\/\",\"name\":\"Mz Not\u00edcia\",\"description\":\"A informa\u00e7\u00e3o que voc\u00ea precisa na hora certa!\",\"publisher\":{\"@id\":\"https:\\\/\\\/mznoticia.com.br\\\/jaguariaiva\\\/#organization\"},\"potentialAction\":[{\"@type\":\"SearchAction\",\"target\":{\"@type\":\"EntryPoint\",\"urlTemplate\":\"https:\\\/\\\/mznoticia.com.br\\\/jaguariaiva\\\/?s={search_term_string}\"},\"query-input\":{\"@type\":\"PropertyValueSpecification\",\"valueRequired\":true,\"valueName\":\"search_term_string\"}}],\"inLanguage\":\"pt-BR\"},{\"@type\":\"Organization\",\"@id\":\"https:\\\/\\\/mznoticia.com.br\\\/jaguariaiva\\\/#organization\",\"name\":\"Mz Not\u00edcia\",\"url\":\"https:\\\/\\\/mznoticia.com.br\\\/jaguariaiva\\\/\",\"logo\":{\"@type\":\"ImageObject\",\"inLanguage\":\"pt-BR\",\"@id\":\"https:\\\/\\\/mznoticia.com.br\\\/jaguariaiva\\\/#\\\/schema\\\/logo\\\/image\\\/\",\"url\":\"https:\\\/\\\/mznoticia.com.br\\\/jaguariaiva\\\/wp-content\\\/uploads\\\/2025\\\/03\\\/Design-sem-nome-4-e1741200616392.png\",\"contentUrl\":\"https:\\\/\\\/mznoticia.com.br\\\/jaguariaiva\\\/wp-content\\\/uploads\\\/2025\\\/03\\\/Design-sem-nome-4-e1741200616392.png\",\"width\":750,\"height\":563,\"caption\":\"Mz Not\u00edcia\"},\"image\":{\"@id\":\"https:\\\/\\\/mznoticia.com.br\\\/jaguariaiva\\\/#\\\/schema\\\/logo\\\/image\\\/\"},\"sameAs\":[\"https:\\\/\\\/www.facebook.com\\\/profile.php?id=61573479951222\",\"https:\\\/\\\/www.instagram.com\\\/mz.jaguariaiva\\\/\"]},{\"@type\":\"Person\",\"@id\":\"https:\\\/\\\/mznoticia.com.br\\\/jaguariaiva\\\/#\\\/schema\\\/person\\\/7ecde13ae5f5a92f0ff9b2155d7a6d6e\",\"name\":\"Reda\u00e7\u00e3o MZ\",\"image\":{\"@type\":\"ImageObject\",\"inLanguage\":\"pt-BR\",\"@id\":\"https:\\\/\\\/mznoticia.com.br\\\/jaguariaiva\\\/wp-content\\\/uploads\\\/2025\\\/02\\\/mznoticia_jaguariaiva_coluna-150x150.png\",\"url\":\"https:\\\/\\\/mznoticia.com.br\\\/jaguariaiva\\\/wp-content\\\/uploads\\\/2025\\\/02\\\/mznoticia_jaguariaiva_coluna-150x150.png\",\"contentUrl\":\"https:\\\/\\\/mznoticia.com.br\\\/jaguariaiva\\\/wp-content\\\/uploads\\\/2025\\\/02\\\/mznoticia_jaguariaiva_coluna-150x150.png\",\"caption\":\"Reda\u00e7\u00e3o MZ\"},\"url\":\"https:\\\/\\\/mznoticia.com.br\\\/jaguariaiva\\\/author\\\/yan\\\/\"}]}<\/script>\n<!-- \/ Yoast SEO plugin. -->","yoast_head_json":{"title":"Memphis Depay tem cl\u00e1usula em contrato que pro\u00edbe envolvimento na pol\u00edtica do Corinthians - Mz Not\u00edcias","description":"Presidente Osmar Stabile confirmou que contratos do Corinthians possuem cl\u00e1usula que impede jogadores de se envolverem em quest\u00f5es pol\u00edticas internas.","robots":{"index":"index","follow":"follow","max-snippet":"max-snippet:-1","max-image-preview":"max-image-preview:large","max-video-preview":"max-video-preview:-1"},"canonical":"https:\/\/mznoticia.com.br\/jaguariaiva\/memphis-depay-tem-clausula-em-contrato-que-proibe-envolvimento-na-politica-do-corinthians\/","og_locale":"pt_BR","og_type":"article","og_title":"Memphis Depay tem cl\u00e1usula em contrato que pro\u00edbe envolvimento na pol\u00edtica do Corinthians - Mz Not\u00edcias","og_description":"Presidente Osmar Stabile confirmou que contratos do Corinthians possuem cl\u00e1usula que impede jogadores de se envolverem em quest\u00f5es pol\u00edticas internas.","og_url":"https:\/\/mznoticia.com.br\/jaguariaiva\/memphis-depay-tem-clausula-em-contrato-que-proibe-envolvimento-na-politica-do-corinthians\/","og_site_name":"Mz Not\u00edcias","article_publisher":"https:\/\/www.facebook.com\/profile.php?id=61573479951222","article_published_time":"2026-08-28T19:09:41+00:00","og_image":[{"width":531,"height":376,"url":"https:\/\/mznoticia.com.br\/jaguariaiva\/wp-content\/uploads\/2026\/08\/depay.jpg","type":"image\/jpeg"}],"author":"Reda\u00e7\u00e3o MZ","twitter_card":"summary_large_image","twitter_misc":{"Escrito por":"Reda\u00e7\u00e3o MZ","Est. tempo de leitura":"3 minutos"},"schema":{"@context":"https:\/\/schema.org","@graph":[{"@type":"Article","@id":"https:\/\/mznoticia.com.br\/jaguariaiva\/memphis-depay-tem-clausula-em-contrato-que-proibe-envolvimento-na-politica-do-corinthians\/#article","isPartOf":{"@id":"https:\/\/mznoticia.com.br\/jaguariaiva\/memphis-depay-tem-clausula-em-contrato-que-proibe-envolvimento-na-politica-do-corinthians\/"},"author":{"name":"Reda\u00e7\u00e3o MZ","@id":"https:\/\/mznoticia.com.br\/jaguariaiva\/#\/schema\/person\/7ecde13ae5f5a92f0ff9b2155d7a6d6e"},"headline":"Memphis Depay tem cl\u00e1usula em contrato que pro\u00edbe envolvimento na pol\u00edtica do Corinthians","datePublished":"2026-08-28T19:09:41+00:00","mainEntityOfPage":{"@id":"https:\/\/mznoticia.com.br\/jaguariaiva\/memphis-depay-tem-clausula-em-contrato-que-proibe-envolvimento-na-politica-do-corinthians\/"},"wordCount":463,"commentCount":0,"publisher":{"@id":"https:\/\/mznoticia.com.br\/jaguariaiva\/#organization"},"image":{"@id":"https:\/\/mznoticia.com.br\/jaguariaiva\/memphis-depay-tem-clausula-em-contrato-que-proibe-envolvimento-na-politica-do-corinthians\/#primaryimage"},"thumbnailUrl":"https:\/\/mznoticia.com.br\/jaguariaiva\/wp-content\/uploads\/2026\/08\/depay.jpg","keywords":["#Corinthians #MemphisDepay #Futebol #OsmarStabile #ParqueS\u00e3oJorge #Esportes #MZNoticias","destaque"],"articleSection":["Brasil","Esportes","Geral"],"inLanguage":"pt-BR","potentialAction":[{"@type":"CommentAction","name":"Comment","target":["https:\/\/mznoticia.com.br\/jaguariaiva\/memphis-depay-tem-clausula-em-contrato-que-proibe-envolvimento-na-politica-do-corinthians\/#respond"]}]},{"@type":"WebPage","@id":"https:\/\/mznoticia.com.br\/jaguariaiva\/memphis-depay-tem-clausula-em-contrato-que-proibe-envolvimento-na-politica-do-corinthians\/","url":"https:\/\/mznoticia.com.br\/jaguariaiva\/memphis-depay-tem-clausula-em-contrato-que-proibe-envolvimento-na-politica-do-corinthians\/","name":"Memphis Depay tem cl\u00e1usula em contrato que pro\u00edbe envolvimento na pol\u00edtica do Corinthians - Mz Not\u00edcias","isPartOf":{"@id":"https:\/\/mznoticia.com.br\/jaguariaiva\/#website"},"primaryImageOfPage":{"@id":"https:\/\/mznoticia.com.br\/jaguariaiva\/memphis-depay-tem-clausula-em-contrato-que-proibe-envolvimento-na-politica-do-corinthians\/#primaryimage"},"image":{"@id":"https:\/\/mznoticia.com.br\/jaguariaiva\/memphis-depay-tem-clausula-em-contrato-que-proibe-envolvimento-na-politica-do-corinthians\/#primaryimage"},"thumbnailUrl":"https:\/\/mznoticia.com.br\/jaguariaiva\/wp-content\/uploads\/2026\/08\/depay.jpg","datePublished":"2026-08-28T19:09:41+00:00","description":"Presidente Osmar Stabile confirmou que contratos do Corinthians possuem cl\u00e1usula que impede jogadores de se envolverem em quest\u00f5es pol\u00edticas internas.","breadcrumb":{"@id":"https:\/\/mznoticia.com.br\/jaguariaiva\/memphis-depay-tem-clausula-em-contrato-que-proibe-envolvimento-na-politica-do-corinthians\/#breadcrumb"},"inLanguage":"pt-BR","potentialAction":[{"@type":"ReadAction","target":["https:\/\/mznoticia.com.br\/jaguariaiva\/memphis-depay-tem-clausula-em-contrato-que-proibe-envolvimento-na-politica-do-corinthians\/"]}]},{"@type":"ImageObject","inLanguage":"pt-BR","@id":"https:\/\/mznoticia.com.br\/jaguariaiva\/memphis-depay-tem-clausula-em-contrato-que-proibe-envolvimento-na-politica-do-corinthians\/#primaryimage","url":"https:\/\/mznoticia.com.br\/jaguariaiva\/wp-content\/uploads\/2026\/08\/depay.jpg","contentUrl":"https:\/\/mznoticia.com.br\/jaguariaiva\/wp-content\/uploads\/2026\/08\/depay.jpg","width":531,"height":376},{"@type":"BreadcrumbList","@id":"https:\/\/mznoticia.com.br\/jaguariaiva\/memphis-depay-tem-clausula-em-contrato-que-proibe-envolvimento-na-politica-do-corinthians\/#breadcrumb","itemListElement":[{"@type":"ListItem","position":1,"name":"Home","item":"https:\/\/mznoticia.com.br\/jaguariaiva\/"},{"@type":"ListItem","position":2,"name":"Memphis Depay tem cl\u00e1usula em contrato que pro\u00edbe envolvimento na pol\u00edtica do Corinthians"}]},{"@type":"WebSite","@id":"https:\/\/mznoticia.com.br\/jaguariaiva\/#website","url":"https:\/\/mznoticia.com.br\/jaguariaiva\/","name":"Mz Not\u00edcia","description":"A informa\u00e7\u00e3o que voc\u00ea precisa na hora certa!","publisher":{"@id":"https:\/\/mznoticia.com.br\/jaguariaiva\/#organization"},"potentialAction":[{"@type":"SearchAction","target":{"@type":"EntryPoint","urlTemplate":"https:\/\/mznoticia.com.br\/jaguariaiva\/?s={search_term_string}"},"query-input":{"@type":"PropertyValueSpecification","valueRequired":true,"valueName":"search_term_string"}}],"inLanguage":"pt-BR"},{"@type":"Organization","@id":"https:\/\/mznoticia.com.br\/jaguariaiva\/#organization","name":"Mz Not\u00edcia","url":"https:\/\/mznoticia.com.br\/jaguariaiva\/","logo":{"@type":"ImageObject","inLanguage":"pt-BR","@id":"https:\/\/mznoticia.com.br\/jaguariaiva\/#\/schema\/logo\/image\/","url":"https:\/\/mznoticia.com.br\/jaguariaiva\/wp-content\/uploads\/2025\/03\/Design-sem-nome-4-e1741200616392.png","contentUrl":"https:\/\/mznoticia.com.br\/jaguariaiva\/wp-content\/uploads\/2025\/03\/Design-sem-nome-4-e1741200616392.png","width":750,"height":563,"caption":"Mz Not\u00edcia"},"image":{"@id":"https:\/\/mznoticia.com.br\/jaguariaiva\/#\/schema\/logo\/image\/"},"sameAs":["https:\/\/www.facebook.com\/profile.php?id=61573479951222","https:\/\/www.instagram.com\/mz.jaguariaiva\/"]},{"@type":"Person","@id":"https:\/\/mznoticia.com.br\/jaguariaiva\/#\/schema\/person\/7ecde13ae5f5a92f0ff9b2155d7a6d6e","name":"Reda\u00e7\u00e3o MZ","image":{"@type":"ImageObject","inLanguage":"pt-BR","@id":"https:\/\/mznoticia.com.br\/jaguariaiva\/wp-content\/uploads\/2025\/02\/mznoticia_jaguariaiva_coluna-150x150.png","url":"https:\/\/mznoticia.com.br\/jaguariaiva\/wp-content\/uploads\/2025\/02\/mznoticia_jaguariaiva_coluna-150x150.png","contentUrl":"https:\/\/mznoticia.com.br\/jaguariaiva\/wp-content\/uploads\/2025\/02\/mznoticia_jaguariaiva_coluna-150x150.png","caption":"Reda\u00e7\u00e3o MZ"},"url":"https:\/\/mznoticia.com.br\/jaguariaiva\/author\/yan\/"}]}},"_links":{"self":[{"href":"https:\/\/mznoticia.com.br\/jaguariaiva\/wp-json\/wp\/v2\/posts\/7324","targetHints":{"allow":["GET"]}}],"collection":[{"href":"https:\/\/mznoticia.com.br\/jaguariaiva\/wp-json\/wp\/v2\/posts"}],"about":[{"href":"https:\/\/mznoticia.com.br\/jaguariaiva\/wp-json\/wp\/v2\/types\/post"}],"author":[{"embeddable":true,"href":"https:\/\/mznoticia.com.br\/jaguariaiva\/wp-json\/wp\/v2\/users\/18"}],"replies":[{"embeddable":true,"href":"https:\/\/mznoticia.com.br\/jaguariaiva\/wp-json\/wp\/v2\/comments?post=7324"}],"version-history":[{"count":1,"href":"https:\/\/mznoticia.com.br\/jaguariaiva\/wp-json\/wp\/v2\/posts\/7324\/revisions"}],"predecessor-version":[{"id":7326,"href":"https:\/\/mznoticia.com.br\/jaguariaiva\/wp-json\/wp\/v2\/posts\/7324\/revisions\/7326"}],"wp:featuredmedia":[{"embeddable":true,"href":"https:\/\/mznoticia.com.br\/jaguariaiva\/wp-json\/wp\/v2\/media\/7325"}],"wp:attachment":[{"href":"https:\/\/mznoticia.com.br\/jaguariaiva\/wp-json\/wp\/v2\/media?parent=7324"}],"wp:term":[{"taxonomy":"category","embeddable":true,"href":"https:\/\/mznoticia.com.br\/jaguariaiva\/wp-json\/wp\/v2\/categories?post=7324"},{"taxonomy":"post_tag","embeddable":true,"href":"https:\/\/mznoticia.com.br\/jaguariaiva\/wp-json\/wp\/v2\/tags?post=7324"}],"curies":[{"name":"wp","href":"https:\/\/api.w.org\/{rel}","templated":true}]}}