{"id":7330,"date":"2026-08-28T19:35:20","date_gmt":"2026-08-28T19:35:20","guid":{"rendered":"https:\/\/mznoticia.com.br\/jaguariaiva\/?p=7330"},"modified":"2026-08-28T19:35:20","modified_gmt":"2026-08-28T19:35:20","slug":"quem-e-o-rei-do-ovo-que-entrou-para-o-top-10-dos-bilionarios-do-brasil","status":"publish","type":"post","link":"https:\/\/mznoticia.com.br\/jaguariaiva\/quem-e-o-rei-do-ovo-que-entrou-para-o-top-10-dos-bilionarios-do-brasil\/","title":{"rendered":"Quem \u00e9 o \u2018Rei do Ovo\u2019 que entrou para o top 10 dos bilion\u00e1rios do Brasil"},"content":{"rendered":"<h2>Ricardo Faria, fundador da Granja Faria, come\u00e7ou a empreender ainda crian\u00e7a vendendo picol\u00e9s em uma praia de Santa Catarina e hoje possui patrim\u00f4nio estimado em R$ 35,1 bilh\u00f5es<\/h2>\n<p class=\"isSelectedEnd\">Ricardo Castellar de Faria, de 51 anos, conhecido nacionalmente como o <strong>\u201cRei do Ovo\u201d<\/strong>, passou a integrar o grupo dos dez brasileiros mais ricos do pa\u00eds, segundo o mais recente levantamento da Forbes.<\/p>\n<p class=\"isSelectedEnd\">Com patrim\u00f4nio estimado em <strong>R$ 35,1 bilh\u00f5es<\/strong>, o empres\u00e1rio ocupa a d\u00e9cima posi\u00e7\u00e3o no ranking e construiu sua fortuna principalmente no agroneg\u00f3cio, \u00e0 frente de neg\u00f3cios ligados \u00e0 produ\u00e7\u00e3o de ovos.<\/p>\n<p class=\"isSelectedEnd\">Nascido em Niter\u00f3i, no Rio de Janeiro, Ricardo Faria se mudou ainda crian\u00e7a para Crici\u00fama, em Santa Catarina. Foi no estado catarinense que teve suas primeiras experi\u00eancias como empreendedor.<\/p>\n<h2>De vendedor de picol\u00e9 a empres\u00e1rio bilion\u00e1rio<\/h2>\n<p class=\"isSelectedEnd\">Aos 8 anos, durante as f\u00e9rias escolares, Ricardo come\u00e7ou a vender picol\u00e9s na praia do Rinc\u00e3o utilizando um carrinho. A experi\u00eancia marcou sua vis\u00e3o sobre empreendedorismo desde a inf\u00e2ncia.<\/p>\n<p class=\"isSelectedEnd\">Anos depois, ele seguiria uma trajet\u00f3ria marcada pela cria\u00e7\u00e3o, expans\u00e3o e venda de empresas em diferentes setores at\u00e9 consolidar seu nome no agroneg\u00f3cio brasileiro.<\/p>\n<p class=\"isSelectedEnd\">Aos 15 anos, Ricardo viajou para a Calif\u00f3rnia, nos Estados Unidos, para fazer um interc\u00e2mbio. Inicialmente, pensava em seguir os passos do pai e cursar Medicina, mas o contato com a forte produ\u00e7\u00e3o agr\u00edcola da regi\u00e3o mudou seus planos.<\/p>\n<p class=\"isSelectedEnd\">Ao retornar ao Brasil, decidiu estudar Agronomia e se formou como engenheiro agr\u00f4nomo pela Universidade Federal do Rio Grande do Sul (UFRGS).<\/p>\n<h2>Primeira empresa cresceu e foi vendida<\/h2>\n<p class=\"isSelectedEnd\">Antes de consolidar sua atua\u00e7\u00e3o na produ\u00e7\u00e3o de ovos, Ricardo Faria criou a Lavebras, empresa voltada \u00e0 loca\u00e7\u00e3o e lavagem de roupas e uniformes para ind\u00fastrias.<\/p>\n<p class=\"isSelectedEnd\">O neg\u00f3cio cresceu, chegou a aproximadamente 70 unidades e despertou o interesse de grandes empresas do setor. Em 2017, a companhia foi vendida para a francesa Elis.<\/p>\n<p class=\"isSelectedEnd\">A experi\u00eancia no segmento tamb\u00e9m aproximou o empres\u00e1rio do agroneg\u00f3cio, j\u00e1 que parte dos clientes atendidos pela empresa atuava nessa \u00e1rea.<\/p>\n<h2>Imp\u00e9rio dos ovos come\u00e7ou no agroneg\u00f3cio<\/h2>\n<p class=\"isSelectedEnd\">A trajet\u00f3ria de Ricardo Faria no setor av\u00edcola ganhou for\u00e7a a partir da cria\u00e7\u00e3o de neg\u00f3cios voltados \u00e0 produ\u00e7\u00e3o de ovos.<\/p>\n<p class=\"isSelectedEnd\">Em 2007, ele abriu uma granja de ovos f\u00e9rteis em Nova Mutum, no Mato Grosso, para atender \u00e0 Perdig\u00e3o. Anos depois, ampliou seus investimentos no setor.<\/p>\n<p class=\"isSelectedEnd\">Em 2013, adquiriu a Av\u00edcola Catarinense, em Lauro M\u00fcller, no Sul de Santa Catarina, munic\u00edpio que passou a concentrar a sede jur\u00eddica da Granja Faria.<\/p>\n<p class=\"isSelectedEnd\">Fundada em 2006, a empresa se transformou em uma das principais produtoras do setor no pa\u00eds, atuando na produ\u00e7\u00e3o de ovos comerciais, ovos f\u00e9rteis e pintos de um dia.<\/p>\n<p class=\"isSelectedEnd\">Atualmente, a opera\u00e7\u00e3o conta com <strong>2.700 funcion\u00e1rios e 34 unidades produtoras<\/strong>, com produ\u00e7\u00e3o de aproximadamente <strong>16 milh\u00f5es de ovos por dia<\/strong>.<\/p>\n<h2>Expans\u00e3o internacional impulsionou os neg\u00f3cios<\/h2>\n<p class=\"isSelectedEnd\">O crescimento do grupo tamb\u00e9m avan\u00e7ou para fora do Brasil. Em 2024, Ricardo Faria adquiriu a empresa americana Hillandale Farms por US$ 1,1 bilh\u00e3o.<\/p>\n<p class=\"isSelectedEnd\">No ano seguinte, o grupo comprou o Grupo Hevo, da Espanha, ampliando sua presen\u00e7a internacional.<\/p>\n<p class=\"isSelectedEnd\">Em mar\u00e7o de 2026, a gestora Warburg Pincus adquiriu participa\u00e7\u00e3o na Global Eggs, opera\u00e7\u00e3o ligada ao grupo, em uma negocia\u00e7\u00e3o que elevou o valuation da empresa para <strong>US$ 40 bilh\u00f5es<\/strong>.<\/p>\n<h2>Patrim\u00f4nio cresceu mais de 79% em um ano<\/h2>\n<p class=\"isSelectedEnd\">Ricardo Faria apareceu pela primeira vez entre os bilion\u00e1rios brasileiros em 2024, quando seu patrim\u00f4nio era estimado em R$ 17,45 bilh\u00f5es.<\/p>\n<p class=\"isSelectedEnd\">Em 2025, o empres\u00e1rio possu\u00eda R$ 19,6 bilh\u00f5es e ocupava a 21\u00aa posi\u00e7\u00e3o no ranking. Agora, com patrim\u00f4nio calculado em R$ 35,1 bilh\u00f5es, alcan\u00e7ou o grupo dos dez brasileiros mais ricos.<\/p>\n<p class=\"isSelectedEnd\">O crescimento estimado de sua fortuna em rela\u00e7\u00e3o ao ano anterior foi de <strong>79,08%<\/strong>.<\/p>\n<p class=\"isSelectedEnd\">Al\u00e9m da Granja Faria, Ricardo tamb\u00e9m est\u00e1 ligado \u00e0 Insolo e \u00e0 RCF Capital, mantendo investimentos em diferentes \u00e1reas.<\/p>\n<p>A trajet\u00f3ria do empres\u00e1rio, que come\u00e7ou vendendo picol\u00e9s ainda crian\u00e7a no litoral catarinense, ganhou dimens\u00e3o internacional e transformou a produ\u00e7\u00e3o de ovos em um dos maiores neg\u00f3cios do agroneg\u00f3cio brasileiro.<\/p>\n","protected":false},"excerpt":{"rendered":"<p>Ricardo Faria, fundador da Granja Faria, come\u00e7ou a empreender ainda crian\u00e7a vendendo picol\u00e9s em uma praia de Santa Catarina e hoje possui patrim\u00f4nio estimado em R$ 35,1 bilh\u00f5es Ricardo Castellar de Faria, de 51 anos, conhecido nacionalmente como o \u201cRei do Ovo\u201d, passou a integrar o grupo dos dez brasileiros mais ricos do pa\u00eds, segundo [&hellip;]<\/p>\n","protected":false},"author":18,"featured_media":7331,"comment_status":"open","ping_status":"open","sticky":false,"template":"","format":"standard","meta":{"footnotes":""},"categories":[5,132,12],"tags":[2993],"class_list":["post-7330","post","type-post","status-publish","format-standard","has-post-thumbnail","hentry","category-brasil","category-economia","category-geral","tag-ricardofaria-reidoovo-granjafaria-bilionarios-brasil-agronegocio-santacatarina-economia-mznoticias"],"yoast_head":"<!-- This site is optimized with the Yoast SEO plugin v28.1 - https:\/\/yoast.com\/product\/yoast-seo-wordpress\/ -->\n<title>Quem \u00e9 o \u2018Rei do Ovo\u2019 que entrou para o top 10 dos bilion\u00e1rios do Brasil - Mz Not\u00edcias<\/title>\n<meta name=\"description\" content=\"Conhe\u00e7a Ricardo Faria, o \u201cRei do Ovo\u201d, fundador da Granja Faria, que entrou para o top 10 dos brasileiros mais ricos com patrim\u00f4nio de R$ 35,1 bilh\u00f5es.\" \/>\n<meta name=\"robots\" content=\"index, follow, max-snippet:-1, max-image-preview:large, max-video-preview:-1\" \/>\n<link rel=\"canonical\" href=\"https:\/\/mznoticia.com.br\/jaguariaiva\/quem-e-o-rei-do-ovo-que-entrou-para-o-top-10-dos-bilionarios-do-brasil\/\" \/>\n<meta property=\"og:locale\" content=\"pt_BR\" \/>\n<meta property=\"og:type\" content=\"article\" \/>\n<meta property=\"og:title\" content=\"Quem \u00e9 o \u2018Rei do Ovo\u2019 que entrou para o top 10 dos bilion\u00e1rios do Brasil - Mz Not\u00edcias\" \/>\n<meta property=\"og:description\" content=\"Conhe\u00e7a Ricardo Faria, o \u201cRei do Ovo\u201d, fundador da Granja Faria, que entrou para o top 10 dos brasileiros mais ricos com patrim\u00f4nio de R$ 35,1 bilh\u00f5es.\" \/>\n<meta property=\"og:url\" content=\"https:\/\/mznoticia.com.br\/jaguariaiva\/quem-e-o-rei-do-ovo-que-entrou-para-o-top-10-dos-bilionarios-do-brasil\/\" \/>\n<meta property=\"og:site_name\" content=\"Mz Not\u00edcias\" \/>\n<meta property=\"article:publisher\" content=\"https:\/\/www.facebook.com\/profile.php?id=61573479951222\" \/>\n<meta property=\"article:published_time\" content=\"2026-08-28T19:35:20+00:00\" \/>\n<meta name=\"author\" content=\"Reda\u00e7\u00e3o MZ\" \/>\n<meta name=\"twitter:card\" content=\"summary_large_image\" \/>\n<meta name=\"twitter:label1\" content=\"Escrito por\" \/>\n\t<meta name=\"twitter:data1\" content=\"Reda\u00e7\u00e3o MZ\" \/>\n\t<meta name=\"twitter:label2\" content=\"Est. tempo de leitura\" \/>\n\t<meta name=\"twitter:data2\" content=\"4 minutos\" \/>\n<script type=\"application\/ld+json\" class=\"yoast-schema-graph\">{\"@context\":\"https:\\\/\\\/schema.org\",\"@graph\":[{\"@type\":\"Article\",\"@id\":\"https:\\\/\\\/mznoticia.com.br\\\/jaguariaiva\\\/quem-e-o-rei-do-ovo-que-entrou-para-o-top-10-dos-bilionarios-do-brasil\\\/#article\",\"isPartOf\":{\"@id\":\"https:\\\/\\\/mznoticia.com.br\\\/jaguariaiva\\\/quem-e-o-rei-do-ovo-que-entrou-para-o-top-10-dos-bilionarios-do-brasil\\\/\"},\"author\":{\"name\":\"Reda\u00e7\u00e3o MZ\",\"@id\":\"https:\\\/\\\/mznoticia.com.br\\\/jaguariaiva\\\/#\\\/schema\\\/person\\\/7ecde13ae5f5a92f0ff9b2155d7a6d6e\"},\"headline\":\"Quem \u00e9 o \u2018Rei do Ovo\u2019 que entrou para o top 10 dos bilion\u00e1rios do Brasil\",\"datePublished\":\"2026-08-28T19:35:20+00:00\",\"mainEntityOfPage\":{\"@id\":\"https:\\\/\\\/mznoticia.com.br\\\/jaguariaiva\\\/quem-e-o-rei-do-ovo-que-entrou-para-o-top-10-dos-bilionarios-do-brasil\\\/\"},\"wordCount\":732,\"commentCount\":0,\"publisher\":{\"@id\":\"https:\\\/\\\/mznoticia.com.br\\\/jaguariaiva\\\/#organization\"},\"image\":{\"@id\":\"https:\\\/\\\/mznoticia.com.br\\\/jaguariaiva\\\/quem-e-o-rei-do-ovo-que-entrou-para-o-top-10-dos-bilionarios-do-brasil\\\/#primaryimage\"},\"thumbnailUrl\":\"https:\\\/\\\/mznoticia.com.br\\\/jaguariaiva\\\/wp-content\\\/uploads\\\/2026\\\/08\\\/rico.avif\",\"keywords\":[\"#RicardoFaria #ReiDoOvo #GranjaFaria #Bilion\u00e1rios #Brasil #Agroneg\u00f3cio #SantaCatarina #Economia #MZNot\u00edcias\"],\"articleSection\":[\"Brasil\",\"Economia\",\"Geral\"],\"inLanguage\":\"pt-BR\",\"potentialAction\":[{\"@type\":\"CommentAction\",\"name\":\"Comment\",\"target\":[\"https:\\\/\\\/mznoticia.com.br\\\/jaguariaiva\\\/quem-e-o-rei-do-ovo-que-entrou-para-o-top-10-dos-bilionarios-do-brasil\\\/#respond\"]}]},{\"@type\":\"WebPage\",\"@id\":\"https:\\\/\\\/mznoticia.com.br\\\/jaguariaiva\\\/quem-e-o-rei-do-ovo-que-entrou-para-o-top-10-dos-bilionarios-do-brasil\\\/\",\"url\":\"https:\\\/\\\/mznoticia.com.br\\\/jaguariaiva\\\/quem-e-o-rei-do-ovo-que-entrou-para-o-top-10-dos-bilionarios-do-brasil\\\/\",\"name\":\"Quem \u00e9 o \u2018Rei do Ovo\u2019 que entrou para o top 10 dos bilion\u00e1rios do Brasil - Mz Not\u00edcias\",\"isPartOf\":{\"@id\":\"https:\\\/\\\/mznoticia.com.br\\\/jaguariaiva\\\/#website\"},\"primaryImageOfPage\":{\"@id\":\"https:\\\/\\\/mznoticia.com.br\\\/jaguariaiva\\\/quem-e-o-rei-do-ovo-que-entrou-para-o-top-10-dos-bilionarios-do-brasil\\\/#primaryimage\"},\"image\":{\"@id\":\"https:\\\/\\\/mznoticia.com.br\\\/jaguariaiva\\\/quem-e-o-rei-do-ovo-que-entrou-para-o-top-10-dos-bilionarios-do-brasil\\\/#primaryimage\"},\"thumbnailUrl\":\"https:\\\/\\\/mznoticia.com.br\\\/jaguariaiva\\\/wp-content\\\/uploads\\\/2026\\\/08\\\/rico.avif\",\"datePublished\":\"2026-08-28T19:35:20+00:00\",\"description\":\"Conhe\u00e7a Ricardo Faria, o \u201cRei do Ovo\u201d, fundador da Granja Faria, que entrou para o top 10 dos brasileiros mais ricos com patrim\u00f4nio de R$ 35,1 bilh\u00f5es.\",\"breadcrumb\":{\"@id\":\"https:\\\/\\\/mznoticia.com.br\\\/jaguariaiva\\\/quem-e-o-rei-do-ovo-que-entrou-para-o-top-10-dos-bilionarios-do-brasil\\\/#breadcrumb\"},\"inLanguage\":\"pt-BR\",\"potentialAction\":[{\"@type\":\"ReadAction\",\"target\":[\"https:\\\/\\\/mznoticia.com.br\\\/jaguariaiva\\\/quem-e-o-rei-do-ovo-que-entrou-para-o-top-10-dos-bilionarios-do-brasil\\\/\"]}]},{\"@type\":\"ImageObject\",\"inLanguage\":\"pt-BR\",\"@id\":\"https:\\\/\\\/mznoticia.com.br\\\/jaguariaiva\\\/quem-e-o-rei-do-ovo-que-entrou-para-o-top-10-dos-bilionarios-do-brasil\\\/#primaryimage\",\"url\":\"https:\\\/\\\/mznoticia.com.br\\\/jaguariaiva\\\/wp-content\\\/uploads\\\/2026\\\/08\\\/rico.avif\",\"contentUrl\":\"https:\\\/\\\/mznoticia.com.br\\\/jaguariaiva\\\/wp-content\\\/uploads\\\/2026\\\/08\\\/rico.avif\",\"width\":984,\"height\":563},{\"@type\":\"BreadcrumbList\",\"@id\":\"https:\\\/\\\/mznoticia.com.br\\\/jaguariaiva\\\/quem-e-o-rei-do-ovo-que-entrou-para-o-top-10-dos-bilionarios-do-brasil\\\/#breadcrumb\",\"itemListElement\":[{\"@type\":\"ListItem\",\"position\":1,\"name\":\"Home\",\"item\":\"https:\\\/\\\/mznoticia.com.br\\\/jaguariaiva\\\/\"},{\"@type\":\"ListItem\",\"position\":2,\"name\":\"Quem \u00e9 o \u2018Rei do Ovo\u2019 que entrou para o top 10 dos bilion\u00e1rios do Brasil\"}]},{\"@type\":\"WebSite\",\"@id\":\"https:\\\/\\\/mznoticia.com.br\\\/jaguariaiva\\\/#website\",\"url\":\"https:\\\/\\\/mznoticia.com.br\\\/jaguariaiva\\\/\",\"name\":\"Mz Not\u00edcia\",\"description\":\"A informa\u00e7\u00e3o que voc\u00ea precisa na hora certa!\",\"publisher\":{\"@id\":\"https:\\\/\\\/mznoticia.com.br\\\/jaguariaiva\\\/#organization\"},\"potentialAction\":[{\"@type\":\"SearchAction\",\"target\":{\"@type\":\"EntryPoint\",\"urlTemplate\":\"https:\\\/\\\/mznoticia.com.br\\\/jaguariaiva\\\/?s={search_term_string}\"},\"query-input\":{\"@type\":\"PropertyValueSpecification\",\"valueRequired\":true,\"valueName\":\"search_term_string\"}}],\"inLanguage\":\"pt-BR\"},{\"@type\":\"Organization\",\"@id\":\"https:\\\/\\\/mznoticia.com.br\\\/jaguariaiva\\\/#organization\",\"name\":\"Mz Not\u00edcia\",\"url\":\"https:\\\/\\\/mznoticia.com.br\\\/jaguariaiva\\\/\",\"logo\":{\"@type\":\"ImageObject\",\"inLanguage\":\"pt-BR\",\"@id\":\"https:\\\/\\\/mznoticia.com.br\\\/jaguariaiva\\\/#\\\/schema\\\/logo\\\/image\\\/\",\"url\":\"https:\\\/\\\/mznoticia.com.br\\\/jaguariaiva\\\/wp-content\\\/uploads\\\/2025\\\/03\\\/Design-sem-nome-4-e1741200616392.png\",\"contentUrl\":\"https:\\\/\\\/mznoticia.com.br\\\/jaguariaiva\\\/wp-content\\\/uploads\\\/2025\\\/03\\\/Design-sem-nome-4-e1741200616392.png\",\"width\":750,\"height\":563,\"caption\":\"Mz Not\u00edcia\"},\"image\":{\"@id\":\"https:\\\/\\\/mznoticia.com.br\\\/jaguariaiva\\\/#\\\/schema\\\/logo\\\/image\\\/\"},\"sameAs\":[\"https:\\\/\\\/www.facebook.com\\\/profile.php?id=61573479951222\",\"https:\\\/\\\/www.instagram.com\\\/mz.jaguariaiva\\\/\"]},{\"@type\":\"Person\",\"@id\":\"https:\\\/\\\/mznoticia.com.br\\\/jaguariaiva\\\/#\\\/schema\\\/person\\\/7ecde13ae5f5a92f0ff9b2155d7a6d6e\",\"name\":\"Reda\u00e7\u00e3o MZ\",\"image\":{\"@type\":\"ImageObject\",\"inLanguage\":\"pt-BR\",\"@id\":\"https:\\\/\\\/mznoticia.com.br\\\/jaguariaiva\\\/wp-content\\\/uploads\\\/2025\\\/02\\\/mznoticia_jaguariaiva_coluna-150x150.png\",\"url\":\"https:\\\/\\\/mznoticia.com.br\\\/jaguariaiva\\\/wp-content\\\/uploads\\\/2025\\\/02\\\/mznoticia_jaguariaiva_coluna-150x150.png\",\"contentUrl\":\"https:\\\/\\\/mznoticia.com.br\\\/jaguariaiva\\\/wp-content\\\/uploads\\\/2025\\\/02\\\/mznoticia_jaguariaiva_coluna-150x150.png\",\"caption\":\"Reda\u00e7\u00e3o MZ\"},\"url\":\"https:\\\/\\\/mznoticia.com.br\\\/jaguariaiva\\\/author\\\/yan\\\/\"}]}<\/script>\n<!-- \/ Yoast SEO plugin. -->","yoast_head_json":{"title":"Quem \u00e9 o \u2018Rei do Ovo\u2019 que entrou para o top 10 dos bilion\u00e1rios do Brasil - Mz Not\u00edcias","description":"Conhe\u00e7a Ricardo Faria, o \u201cRei do Ovo\u201d, fundador da Granja Faria, que entrou para o top 10 dos brasileiros mais ricos com patrim\u00f4nio de R$ 35,1 bilh\u00f5es.","robots":{"index":"index","follow":"follow","max-snippet":"max-snippet:-1","max-image-preview":"max-image-preview:large","max-video-preview":"max-video-preview:-1"},"canonical":"https:\/\/mznoticia.com.br\/jaguariaiva\/quem-e-o-rei-do-ovo-que-entrou-para-o-top-10-dos-bilionarios-do-brasil\/","og_locale":"pt_BR","og_type":"article","og_title":"Quem \u00e9 o \u2018Rei do Ovo\u2019 que entrou para o top 10 dos bilion\u00e1rios do Brasil - Mz Not\u00edcias","og_description":"Conhe\u00e7a Ricardo Faria, o \u201cRei do Ovo\u201d, fundador da Granja Faria, que entrou para o top 10 dos brasileiros mais ricos com patrim\u00f4nio de R$ 35,1 bilh\u00f5es.","og_url":"https:\/\/mznoticia.com.br\/jaguariaiva\/quem-e-o-rei-do-ovo-que-entrou-para-o-top-10-dos-bilionarios-do-brasil\/","og_site_name":"Mz Not\u00edcias","article_publisher":"https:\/\/www.facebook.com\/profile.php?id=61573479951222","article_published_time":"2026-08-28T19:35:20+00:00","author":"Reda\u00e7\u00e3o MZ","twitter_card":"summary_large_image","twitter_misc":{"Escrito por":"Reda\u00e7\u00e3o MZ","Est. tempo de leitura":"4 minutos"},"schema":{"@context":"https:\/\/schema.org","@graph":[{"@type":"Article","@id":"https:\/\/mznoticia.com.br\/jaguariaiva\/quem-e-o-rei-do-ovo-que-entrou-para-o-top-10-dos-bilionarios-do-brasil\/#article","isPartOf":{"@id":"https:\/\/mznoticia.com.br\/jaguariaiva\/quem-e-o-rei-do-ovo-que-entrou-para-o-top-10-dos-bilionarios-do-brasil\/"},"author":{"name":"Reda\u00e7\u00e3o MZ","@id":"https:\/\/mznoticia.com.br\/jaguariaiva\/#\/schema\/person\/7ecde13ae5f5a92f0ff9b2155d7a6d6e"},"headline":"Quem \u00e9 o \u2018Rei do Ovo\u2019 que entrou para o top 10 dos bilion\u00e1rios do Brasil","datePublished":"2026-08-28T19:35:20+00:00","mainEntityOfPage":{"@id":"https:\/\/mznoticia.com.br\/jaguariaiva\/quem-e-o-rei-do-ovo-que-entrou-para-o-top-10-dos-bilionarios-do-brasil\/"},"wordCount":732,"commentCount":0,"publisher":{"@id":"https:\/\/mznoticia.com.br\/jaguariaiva\/#organization"},"image":{"@id":"https:\/\/mznoticia.com.br\/jaguariaiva\/quem-e-o-rei-do-ovo-que-entrou-para-o-top-10-dos-bilionarios-do-brasil\/#primaryimage"},"thumbnailUrl":"https:\/\/mznoticia.com.br\/jaguariaiva\/wp-content\/uploads\/2026\/08\/rico.avif","keywords":["#RicardoFaria #ReiDoOvo #GranjaFaria #Bilion\u00e1rios #Brasil #Agroneg\u00f3cio #SantaCatarina #Economia #MZNot\u00edcias"],"articleSection":["Brasil","Economia","Geral"],"inLanguage":"pt-BR","potentialAction":[{"@type":"CommentAction","name":"Comment","target":["https:\/\/mznoticia.com.br\/jaguariaiva\/quem-e-o-rei-do-ovo-que-entrou-para-o-top-10-dos-bilionarios-do-brasil\/#respond"]}]},{"@type":"WebPage","@id":"https:\/\/mznoticia.com.br\/jaguariaiva\/quem-e-o-rei-do-ovo-que-entrou-para-o-top-10-dos-bilionarios-do-brasil\/","url":"https:\/\/mznoticia.com.br\/jaguariaiva\/quem-e-o-rei-do-ovo-que-entrou-para-o-top-10-dos-bilionarios-do-brasil\/","name":"Quem \u00e9 o \u2018Rei do Ovo\u2019 que entrou para o top 10 dos bilion\u00e1rios do Brasil - Mz Not\u00edcias","isPartOf":{"@id":"https:\/\/mznoticia.com.br\/jaguariaiva\/#website"},"primaryImageOfPage":{"@id":"https:\/\/mznoticia.com.br\/jaguariaiva\/quem-e-o-rei-do-ovo-que-entrou-para-o-top-10-dos-bilionarios-do-brasil\/#primaryimage"},"image":{"@id":"https:\/\/mznoticia.com.br\/jaguariaiva\/quem-e-o-rei-do-ovo-que-entrou-para-o-top-10-dos-bilionarios-do-brasil\/#primaryimage"},"thumbnailUrl":"https:\/\/mznoticia.com.br\/jaguariaiva\/wp-content\/uploads\/2026\/08\/rico.avif","datePublished":"2026-08-28T19:35:20+00:00","description":"Conhe\u00e7a Ricardo Faria, o \u201cRei do Ovo\u201d, fundador da Granja Faria, que entrou para o top 10 dos brasileiros mais ricos com patrim\u00f4nio de R$ 35,1 bilh\u00f5es.","breadcrumb":{"@id":"https:\/\/mznoticia.com.br\/jaguariaiva\/quem-e-o-rei-do-ovo-que-entrou-para-o-top-10-dos-bilionarios-do-brasil\/#breadcrumb"},"inLanguage":"pt-BR","potentialAction":[{"@type":"ReadAction","target":["https:\/\/mznoticia.com.br\/jaguariaiva\/quem-e-o-rei-do-ovo-que-entrou-para-o-top-10-dos-bilionarios-do-brasil\/"]}]},{"@type":"ImageObject","inLanguage":"pt-BR","@id":"https:\/\/mznoticia.com.br\/jaguariaiva\/quem-e-o-rei-do-ovo-que-entrou-para-o-top-10-dos-bilionarios-do-brasil\/#primaryimage","url":"https:\/\/mznoticia.com.br\/jaguariaiva\/wp-content\/uploads\/2026\/08\/rico.avif","contentUrl":"https:\/\/mznoticia.com.br\/jaguariaiva\/wp-content\/uploads\/2026\/08\/rico.avif","width":984,"height":563},{"@type":"BreadcrumbList","@id":"https:\/\/mznoticia.com.br\/jaguariaiva\/quem-e-o-rei-do-ovo-que-entrou-para-o-top-10-dos-bilionarios-do-brasil\/#breadcrumb","itemListElement":[{"@type":"ListItem","position":1,"name":"Home","item":"https:\/\/mznoticia.com.br\/jaguariaiva\/"},{"@type":"ListItem","position":2,"name":"Quem \u00e9 o \u2018Rei do Ovo\u2019 que entrou para o top 10 dos bilion\u00e1rios do Brasil"}]},{"@type":"WebSite","@id":"https:\/\/mznoticia.com.br\/jaguariaiva\/#website","url":"https:\/\/mznoticia.com.br\/jaguariaiva\/","name":"Mz Not\u00edcia","description":"A informa\u00e7\u00e3o que voc\u00ea precisa na hora certa!","publisher":{"@id":"https:\/\/mznoticia.com.br\/jaguariaiva\/#organization"},"potentialAction":[{"@type":"SearchAction","target":{"@type":"EntryPoint","urlTemplate":"https:\/\/mznoticia.com.br\/jaguariaiva\/?s={search_term_string}"},"query-input":{"@type":"PropertyValueSpecification","valueRequired":true,"valueName":"search_term_string"}}],"inLanguage":"pt-BR"},{"@type":"Organization","@id":"https:\/\/mznoticia.com.br\/jaguariaiva\/#organization","name":"Mz Not\u00edcia","url":"https:\/\/mznoticia.com.br\/jaguariaiva\/","logo":{"@type":"ImageObject","inLanguage":"pt-BR","@id":"https:\/\/mznoticia.com.br\/jaguariaiva\/#\/schema\/logo\/image\/","url":"https:\/\/mznoticia.com.br\/jaguariaiva\/wp-content\/uploads\/2025\/03\/Design-sem-nome-4-e1741200616392.png","contentUrl":"https:\/\/mznoticia.com.br\/jaguariaiva\/wp-content\/uploads\/2025\/03\/Design-sem-nome-4-e1741200616392.png","width":750,"height":563,"caption":"Mz Not\u00edcia"},"image":{"@id":"https:\/\/mznoticia.com.br\/jaguariaiva\/#\/schema\/logo\/image\/"},"sameAs":["https:\/\/www.facebook.com\/profile.php?id=61573479951222","https:\/\/www.instagram.com\/mz.jaguariaiva\/"]},{"@type":"Person","@id":"https:\/\/mznoticia.com.br\/jaguariaiva\/#\/schema\/person\/7ecde13ae5f5a92f0ff9b2155d7a6d6e","name":"Reda\u00e7\u00e3o MZ","image":{"@type":"ImageObject","inLanguage":"pt-BR","@id":"https:\/\/mznoticia.com.br\/jaguariaiva\/wp-content\/uploads\/2025\/02\/mznoticia_jaguariaiva_coluna-150x150.png","url":"https:\/\/mznoticia.com.br\/jaguariaiva\/wp-content\/uploads\/2025\/02\/mznoticia_jaguariaiva_coluna-150x150.png","contentUrl":"https:\/\/mznoticia.com.br\/jaguariaiva\/wp-content\/uploads\/2025\/02\/mznoticia_jaguariaiva_coluna-150x150.png","caption":"Reda\u00e7\u00e3o MZ"},"url":"https:\/\/mznoticia.com.br\/jaguariaiva\/author\/yan\/"}]}},"_links":{"self":[{"href":"https:\/\/mznoticia.com.br\/jaguariaiva\/wp-json\/wp\/v2\/posts\/7330","targetHints":{"allow":["GET"]}}],"collection":[{"href":"https:\/\/mznoticia.com.br\/jaguariaiva\/wp-json\/wp\/v2\/posts"}],"about":[{"href":"https:\/\/mznoticia.com.br\/jaguariaiva\/wp-json\/wp\/v2\/types\/post"}],"author":[{"embeddable":true,"href":"https:\/\/mznoticia.com.br\/jaguariaiva\/wp-json\/wp\/v2\/users\/18"}],"replies":[{"embeddable":true,"href":"https:\/\/mznoticia.com.br\/jaguariaiva\/wp-json\/wp\/v2\/comments?post=7330"}],"version-history":[{"count":1,"href":"https:\/\/mznoticia.com.br\/jaguariaiva\/wp-json\/wp\/v2\/posts\/7330\/revisions"}],"predecessor-version":[{"id":7332,"href":"https:\/\/mznoticia.com.br\/jaguariaiva\/wp-json\/wp\/v2\/posts\/7330\/revisions\/7332"}],"wp:featuredmedia":[{"embeddable":true,"href":"https:\/\/mznoticia.com.br\/jaguariaiva\/wp-json\/wp\/v2\/media\/7331"}],"wp:attachment":[{"href":"https:\/\/mznoticia.com.br\/jaguariaiva\/wp-json\/wp\/v2\/media?parent=7330"}],"wp:term":[{"taxonomy":"category","embeddable":true,"href":"https:\/\/mznoticia.com.br\/jaguariaiva\/wp-json\/wp\/v2\/categories?post=7330"},{"taxonomy":"post_tag","embeddable":true,"href":"https:\/\/mznoticia.com.br\/jaguariaiva\/wp-json\/wp\/v2\/tags?post=7330"}],"curies":[{"name":"wp","href":"https:\/\/api.w.org\/{rel}","templated":true}]}}