{"id":7333,"date":"2026-08-28T19:49:57","date_gmt":"2026-08-28T19:49:57","guid":{"rendered":"https:\/\/mznoticia.com.br\/jaguariaiva\/?p=7333"},"modified":"2026-08-28T19:49:57","modified_gmt":"2026-08-28T19:49:57","slug":"pedagios-ficam-mais-caros-no-parana-veja-os-novos-valores-em-cinco-pracas","status":"publish","type":"post","link":"https:\/\/mznoticia.com.br\/jaguariaiva\/pedagios-ficam-mais-caros-no-parana-veja-os-novos-valores-em-cinco-pracas\/","title":{"rendered":"Ped\u00e1gios ficam mais caros no Paran\u00e1; veja os novos valores em cinco pra\u00e7as"},"content":{"rendered":"<h2>Reajuste m\u00e9dio de 5,3% entrou em vigor nesta sexta-feira (28) nas rodovias administradas pela Via Arauc\u00e1ria<\/h2>\n<p class=\"isSelectedEnd\">Motoristas que utilizam rodovias do Paran\u00e1 passaram a pagar mais caro nas pra\u00e7as de ped\u00e1gio administradas pela Via Arauc\u00e1ria. O reajuste das tarifas entrou em vigor \u00e0 0h desta sexta-feira (28) e atinge cinco pra\u00e7as no estado.<\/p>\n<p class=\"isSelectedEnd\">O aumento m\u00e9dio aplicado \u00e9 de 5,3% e est\u00e1 previsto no contrato de concess\u00e3o firmado entre a concession\u00e1ria e a Ag\u00eancia Nacional de Transportes Terrestres (ANTT). A atualiza\u00e7\u00e3o tamb\u00e9m foi autorizada por publica\u00e7\u00e3o no Di\u00e1rio Oficial da Uni\u00e3o.<\/p>\n<p class=\"isSelectedEnd\">As mudan\u00e7as atingem as pra\u00e7as localizadas em S\u00e3o Luiz do Purun\u00e3, Porto Amazonas, Irati, Imbituva e Lapa.<\/p>\n<h2>Confira os novos valores para ve\u00edculos leves<\/h2>\n<p class=\"isSelectedEnd\">Para autom\u00f3veis, caminhonetes e furg\u00f5es, os novos valores s\u00e3o:<\/p>\n<ul data-spread=\"false\">\n<li><strong>S\u00e3o Luiz do Purun\u00e3 (BR-277):<\/strong> de R$ 9,30 para <strong>R$ 9,80<\/strong><\/li>\n<li><strong>Porto Amazonas (BR-277):<\/strong> de R$ 11,70 para <strong>R$ 12,30<\/strong><\/li>\n<li><strong>Irati (BR-277):<\/strong> de R$ 10,90 para <strong>R$ 11,50<\/strong><\/li>\n<li><strong>Imbituva (BR-277):<\/strong> de R$ 10,70 para <strong>R$ 11,30<\/strong><\/li>\n<li><strong>Lapa (BR-476):<\/strong> de R$ 12,30 para <strong>R$ 12,90<\/strong><\/li>\n<\/ul>\n<p class=\"isSelectedEnd\">A concession\u00e1ria informou que o reajuste considera a atualiza\u00e7\u00e3o anual de \u00edndices econ\u00f4micos e outros crit\u00e9rios t\u00e9cnicos previstos no contrato de concess\u00e3o.<\/p>\n<h2>TAG garante descontos aos motoristas<\/h2>\n<p class=\"isSelectedEnd\">Mesmo com o aumento das tarifas, os motoristas que utilizam TAG eletr\u00f4nica continuam tendo acesso aos descontos previstos no sistema de concess\u00e3o.<\/p>\n<p class=\"isSelectedEnd\">O <strong>Desconto B\u00e1sico de Tarifa (DBT)<\/strong> garante redu\u00e7\u00e3o de 5% no valor do ped\u00e1gio para ve\u00edculos leves equipados com TAG.<\/p>\n<p class=\"isSelectedEnd\">Tamb\u00e9m est\u00e1 dispon\u00edvel o <strong>Desconto para Usu\u00e1rio Frequente (DUF)<\/strong>. Nesse modelo, os motoristas que passam repetidamente pela mesma pra\u00e7a durante o m\u00eas recebem descontos progressivos a cada nova passagem, conforme as regras estabelecidas para cada local.<\/p>\n<p class=\"isSelectedEnd\">O benef\u00edcio \u00e9 aplicado automaticamente aos ve\u00edculos leves cadastrados no sistema de cobran\u00e7a eletr\u00f4nica.<\/p>\n<h2>Motocicletas continuam isentas<\/h2>\n<p class=\"isSelectedEnd\">As motocicletas, motonetas e triciclos permanecem isentos da cobran\u00e7a nas pra\u00e7as administradas pela concession\u00e1ria.<\/p>\n<p>A Via Arauc\u00e1ria \u00e9 respons\u00e1vel pela opera\u00e7\u00e3o de centenas de quil\u00f4metros de rodovias federais e estaduais no Paran\u00e1, incluindo trechos importantes da BR-277 e da BR-476.<\/p>\n","protected":false},"excerpt":{"rendered":"<p>Reajuste m\u00e9dio de 5,3% entrou em vigor nesta sexta-feira (28) nas rodovias administradas pela Via Arauc\u00e1ria Motoristas que utilizam rodovias do Paran\u00e1 passaram a pagar mais caro nas pra\u00e7as de ped\u00e1gio administradas pela Via Arauc\u00e1ria. O reajuste das tarifas entrou em vigor \u00e0 0h desta sexta-feira (28) e atinge cinco pra\u00e7as no estado. O aumento [&hellip;]<\/p>\n","protected":false},"author":18,"featured_media":7334,"comment_status":"open","ping_status":"open","sticky":false,"template":"","format":"standard","meta":{"footnotes":""},"categories":[12,328],"tags":[721,2610,47,2322,905,2613,77,911,2612,751,2611,2609],"class_list":["post-7333","post","type-post","status-publish","format-standard","has-post-thumbnail","hentry","category-geral","category-parana","tag-br-277","tag-br-476","tag-destaque","tag-imbituva","tag-irati","tag-lapa","tag-parana","tag-pedagio","tag-porto-amazonas","tag-rodovias","tag-sao-luiz-do-puruna","tag-via-araucaria"],"yoast_head":"<!-- This site is optimized with the Yoast SEO plugin v28.1 - https:\/\/yoast.com\/product\/yoast-seo-wordpress\/ -->\n<title>Ped\u00e1gios ficam mais caros no Paran\u00e1; veja os novos valores em cinco pra\u00e7as - Mz Not\u00edcias<\/title>\n<meta name=\"description\" content=\"Ped\u00e1gios tiveram reajuste m\u00e9dio de 5,3% em cinco pra\u00e7as do Paran\u00e1. Confira os novos valores cobrados em S\u00e3o Luiz do Purun\u00e3, Porto Amazonas, Irati, Imbituva e Lapa.\" \/>\n<meta name=\"robots\" content=\"index, follow, max-snippet:-1, max-image-preview:large, max-video-preview:-1\" \/>\n<link rel=\"canonical\" href=\"https:\/\/mznoticia.com.br\/jaguariaiva\/pedagios-ficam-mais-caros-no-parana-veja-os-novos-valores-em-cinco-pracas\/\" \/>\n<meta property=\"og:locale\" content=\"pt_BR\" \/>\n<meta property=\"og:type\" content=\"article\" \/>\n<meta property=\"og:title\" content=\"Ped\u00e1gios ficam mais caros no Paran\u00e1; veja os novos valores em cinco pra\u00e7as - Mz Not\u00edcias\" \/>\n<meta property=\"og:description\" content=\"Ped\u00e1gios tiveram reajuste m\u00e9dio de 5,3% em cinco pra\u00e7as do Paran\u00e1. Confira os novos valores cobrados em S\u00e3o Luiz do Purun\u00e3, Porto Amazonas, Irati, Imbituva e Lapa.\" \/>\n<meta property=\"og:url\" content=\"https:\/\/mznoticia.com.br\/jaguariaiva\/pedagios-ficam-mais-caros-no-parana-veja-os-novos-valores-em-cinco-pracas\/\" \/>\n<meta property=\"og:site_name\" content=\"Mz Not\u00edcias\" \/>\n<meta property=\"article:publisher\" content=\"https:\/\/www.facebook.com\/profile.php?id=61573479951222\" \/>\n<meta property=\"article:published_time\" content=\"2026-08-28T19:49:57+00:00\" \/>\n<meta property=\"og:image\" content=\"https:\/\/mznoticia.com.br\/jaguariaiva\/wp-content\/uploads\/2026\/08\/pedagio.webp\" \/>\n\t<meta property=\"og:image:width\" content=\"1024\" \/>\n\t<meta property=\"og:image:height\" content=\"683\" \/>\n\t<meta property=\"og:image:type\" content=\"image\/webp\" \/>\n<meta name=\"author\" content=\"Reda\u00e7\u00e3o MZ\" \/>\n<meta name=\"twitter:card\" content=\"summary_large_image\" \/>\n<meta name=\"twitter:label1\" content=\"Escrito por\" \/>\n\t<meta name=\"twitter:data1\" content=\"Reda\u00e7\u00e3o MZ\" \/>\n\t<meta name=\"twitter:label2\" content=\"Est. tempo de leitura\" \/>\n\t<meta name=\"twitter:data2\" content=\"3 minutos\" \/>\n<script type=\"application\/ld+json\" class=\"yoast-schema-graph\">{\"@context\":\"https:\\\/\\\/schema.org\",\"@graph\":[{\"@type\":\"Article\",\"@id\":\"https:\\\/\\\/mznoticia.com.br\\\/jaguariaiva\\\/pedagios-ficam-mais-caros-no-parana-veja-os-novos-valores-em-cinco-pracas\\\/#article\",\"isPartOf\":{\"@id\":\"https:\\\/\\\/mznoticia.com.br\\\/jaguariaiva\\\/pedagios-ficam-mais-caros-no-parana-veja-os-novos-valores-em-cinco-pracas\\\/\"},\"author\":{\"name\":\"Reda\u00e7\u00e3o MZ\",\"@id\":\"https:\\\/\\\/mznoticia.com.br\\\/jaguariaiva\\\/#\\\/schema\\\/person\\\/7ecde13ae5f5a92f0ff9b2155d7a6d6e\"},\"headline\":\"Ped\u00e1gios ficam mais caros no Paran\u00e1; veja os novos valores em cinco pra\u00e7as\",\"datePublished\":\"2026-08-28T19:49:57+00:00\",\"mainEntityOfPage\":{\"@id\":\"https:\\\/\\\/mznoticia.com.br\\\/jaguariaiva\\\/pedagios-ficam-mais-caros-no-parana-veja-os-novos-valores-em-cinco-pracas\\\/\"},\"wordCount\":377,\"commentCount\":0,\"publisher\":{\"@id\":\"https:\\\/\\\/mznoticia.com.br\\\/jaguariaiva\\\/#organization\"},\"image\":{\"@id\":\"https:\\\/\\\/mznoticia.com.br\\\/jaguariaiva\\\/pedagios-ficam-mais-caros-no-parana-veja-os-novos-valores-em-cinco-pracas\\\/#primaryimage\"},\"thumbnailUrl\":\"https:\\\/\\\/mznoticia.com.br\\\/jaguariaiva\\\/wp-content\\\/uploads\\\/2026\\\/08\\\/pedagio.webp\",\"keywords\":[\"BR-277\",\"BR-476\",\"destaque\",\"Imbituva\",\"Irati\",\"Lapa\",\"parana\",\"Ped\u00e1gio\",\"Porto Amazonas\",\"Rodovias\",\"S\u00e3o Luiz do Purun\u00e3\",\"Via Arauc\u00e1ria\"],\"articleSection\":[\"Geral\",\"Paran\u00e1\"],\"inLanguage\":\"pt-BR\",\"potentialAction\":[{\"@type\":\"CommentAction\",\"name\":\"Comment\",\"target\":[\"https:\\\/\\\/mznoticia.com.br\\\/jaguariaiva\\\/pedagios-ficam-mais-caros-no-parana-veja-os-novos-valores-em-cinco-pracas\\\/#respond\"]}]},{\"@type\":\"WebPage\",\"@id\":\"https:\\\/\\\/mznoticia.com.br\\\/jaguariaiva\\\/pedagios-ficam-mais-caros-no-parana-veja-os-novos-valores-em-cinco-pracas\\\/\",\"url\":\"https:\\\/\\\/mznoticia.com.br\\\/jaguariaiva\\\/pedagios-ficam-mais-caros-no-parana-veja-os-novos-valores-em-cinco-pracas\\\/\",\"name\":\"Ped\u00e1gios ficam mais caros no Paran\u00e1; veja os novos valores em cinco pra\u00e7as - Mz Not\u00edcias\",\"isPartOf\":{\"@id\":\"https:\\\/\\\/mznoticia.com.br\\\/jaguariaiva\\\/#website\"},\"primaryImageOfPage\":{\"@id\":\"https:\\\/\\\/mznoticia.com.br\\\/jaguariaiva\\\/pedagios-ficam-mais-caros-no-parana-veja-os-novos-valores-em-cinco-pracas\\\/#primaryimage\"},\"image\":{\"@id\":\"https:\\\/\\\/mznoticia.com.br\\\/jaguariaiva\\\/pedagios-ficam-mais-caros-no-parana-veja-os-novos-valores-em-cinco-pracas\\\/#primaryimage\"},\"thumbnailUrl\":\"https:\\\/\\\/mznoticia.com.br\\\/jaguariaiva\\\/wp-content\\\/uploads\\\/2026\\\/08\\\/pedagio.webp\",\"datePublished\":\"2026-08-28T19:49:57+00:00\",\"description\":\"Ped\u00e1gios tiveram reajuste m\u00e9dio de 5,3% em cinco pra\u00e7as do Paran\u00e1. Confira os novos valores cobrados em S\u00e3o Luiz do Purun\u00e3, Porto Amazonas, Irati, Imbituva e Lapa.\",\"breadcrumb\":{\"@id\":\"https:\\\/\\\/mznoticia.com.br\\\/jaguariaiva\\\/pedagios-ficam-mais-caros-no-parana-veja-os-novos-valores-em-cinco-pracas\\\/#breadcrumb\"},\"inLanguage\":\"pt-BR\",\"potentialAction\":[{\"@type\":\"ReadAction\",\"target\":[\"https:\\\/\\\/mznoticia.com.br\\\/jaguariaiva\\\/pedagios-ficam-mais-caros-no-parana-veja-os-novos-valores-em-cinco-pracas\\\/\"]}]},{\"@type\":\"ImageObject\",\"inLanguage\":\"pt-BR\",\"@id\":\"https:\\\/\\\/mznoticia.com.br\\\/jaguariaiva\\\/pedagios-ficam-mais-caros-no-parana-veja-os-novos-valores-em-cinco-pracas\\\/#primaryimage\",\"url\":\"https:\\\/\\\/mznoticia.com.br\\\/jaguariaiva\\\/wp-content\\\/uploads\\\/2026\\\/08\\\/pedagio.webp\",\"contentUrl\":\"https:\\\/\\\/mznoticia.com.br\\\/jaguariaiva\\\/wp-content\\\/uploads\\\/2026\\\/08\\\/pedagio.webp\",\"width\":1024,\"height\":683},{\"@type\":\"BreadcrumbList\",\"@id\":\"https:\\\/\\\/mznoticia.com.br\\\/jaguariaiva\\\/pedagios-ficam-mais-caros-no-parana-veja-os-novos-valores-em-cinco-pracas\\\/#breadcrumb\",\"itemListElement\":[{\"@type\":\"ListItem\",\"position\":1,\"name\":\"Home\",\"item\":\"https:\\\/\\\/mznoticia.com.br\\\/jaguariaiva\\\/\"},{\"@type\":\"ListItem\",\"position\":2,\"name\":\"Ped\u00e1gios ficam mais caros no Paran\u00e1; veja os novos valores em cinco pra\u00e7as\"}]},{\"@type\":\"WebSite\",\"@id\":\"https:\\\/\\\/mznoticia.com.br\\\/jaguariaiva\\\/#website\",\"url\":\"https:\\\/\\\/mznoticia.com.br\\\/jaguariaiva\\\/\",\"name\":\"Mz Not\u00edcia\",\"description\":\"A informa\u00e7\u00e3o que voc\u00ea precisa na hora certa!\",\"publisher\":{\"@id\":\"https:\\\/\\\/mznoticia.com.br\\\/jaguariaiva\\\/#organization\"},\"potentialAction\":[{\"@type\":\"SearchAction\",\"target\":{\"@type\":\"EntryPoint\",\"urlTemplate\":\"https:\\\/\\\/mznoticia.com.br\\\/jaguariaiva\\\/?s={search_term_string}\"},\"query-input\":{\"@type\":\"PropertyValueSpecification\",\"valueRequired\":true,\"valueName\":\"search_term_string\"}}],\"inLanguage\":\"pt-BR\"},{\"@type\":\"Organization\",\"@id\":\"https:\\\/\\\/mznoticia.com.br\\\/jaguariaiva\\\/#organization\",\"name\":\"Mz Not\u00edcia\",\"url\":\"https:\\\/\\\/mznoticia.com.br\\\/jaguariaiva\\\/\",\"logo\":{\"@type\":\"ImageObject\",\"inLanguage\":\"pt-BR\",\"@id\":\"https:\\\/\\\/mznoticia.com.br\\\/jaguariaiva\\\/#\\\/schema\\\/logo\\\/image\\\/\",\"url\":\"https:\\\/\\\/mznoticia.com.br\\\/jaguariaiva\\\/wp-content\\\/uploads\\\/2025\\\/03\\\/Design-sem-nome-4-e1741200616392.png\",\"contentUrl\":\"https:\\\/\\\/mznoticia.com.br\\\/jaguariaiva\\\/wp-content\\\/uploads\\\/2025\\\/03\\\/Design-sem-nome-4-e1741200616392.png\",\"width\":750,\"height\":563,\"caption\":\"Mz Not\u00edcia\"},\"image\":{\"@id\":\"https:\\\/\\\/mznoticia.com.br\\\/jaguariaiva\\\/#\\\/schema\\\/logo\\\/image\\\/\"},\"sameAs\":[\"https:\\\/\\\/www.facebook.com\\\/profile.php?id=61573479951222\",\"https:\\\/\\\/www.instagram.com\\\/mz.jaguariaiva\\\/\"]},{\"@type\":\"Person\",\"@id\":\"https:\\\/\\\/mznoticia.com.br\\\/jaguariaiva\\\/#\\\/schema\\\/person\\\/7ecde13ae5f5a92f0ff9b2155d7a6d6e\",\"name\":\"Reda\u00e7\u00e3o MZ\",\"image\":{\"@type\":\"ImageObject\",\"inLanguage\":\"pt-BR\",\"@id\":\"https:\\\/\\\/mznoticia.com.br\\\/jaguariaiva\\\/wp-content\\\/uploads\\\/2025\\\/02\\\/mznoticia_jaguariaiva_coluna-150x150.png\",\"url\":\"https:\\\/\\\/mznoticia.com.br\\\/jaguariaiva\\\/wp-content\\\/uploads\\\/2025\\\/02\\\/mznoticia_jaguariaiva_coluna-150x150.png\",\"contentUrl\":\"https:\\\/\\\/mznoticia.com.br\\\/jaguariaiva\\\/wp-content\\\/uploads\\\/2025\\\/02\\\/mznoticia_jaguariaiva_coluna-150x150.png\",\"caption\":\"Reda\u00e7\u00e3o MZ\"},\"url\":\"https:\\\/\\\/mznoticia.com.br\\\/jaguariaiva\\\/author\\\/yan\\\/\"}]}<\/script>\n<!-- \/ Yoast SEO plugin. -->","yoast_head_json":{"title":"Ped\u00e1gios ficam mais caros no Paran\u00e1; veja os novos valores em cinco pra\u00e7as - Mz Not\u00edcias","description":"Ped\u00e1gios tiveram reajuste m\u00e9dio de 5,3% em cinco pra\u00e7as do Paran\u00e1. Confira os novos valores cobrados em S\u00e3o Luiz do Purun\u00e3, Porto Amazonas, Irati, Imbituva e Lapa.","robots":{"index":"index","follow":"follow","max-snippet":"max-snippet:-1","max-image-preview":"max-image-preview:large","max-video-preview":"max-video-preview:-1"},"canonical":"https:\/\/mznoticia.com.br\/jaguariaiva\/pedagios-ficam-mais-caros-no-parana-veja-os-novos-valores-em-cinco-pracas\/","og_locale":"pt_BR","og_type":"article","og_title":"Ped\u00e1gios ficam mais caros no Paran\u00e1; veja os novos valores em cinco pra\u00e7as - Mz Not\u00edcias","og_description":"Ped\u00e1gios tiveram reajuste m\u00e9dio de 5,3% em cinco pra\u00e7as do Paran\u00e1. Confira os novos valores cobrados em S\u00e3o Luiz do Purun\u00e3, Porto Amazonas, Irati, Imbituva e Lapa.","og_url":"https:\/\/mznoticia.com.br\/jaguariaiva\/pedagios-ficam-mais-caros-no-parana-veja-os-novos-valores-em-cinco-pracas\/","og_site_name":"Mz Not\u00edcias","article_publisher":"https:\/\/www.facebook.com\/profile.php?id=61573479951222","article_published_time":"2026-08-28T19:49:57+00:00","og_image":[{"width":1024,"height":683,"url":"https:\/\/mznoticia.com.br\/jaguariaiva\/wp-content\/uploads\/2026\/08\/pedagio.webp","type":"image\/webp"}],"author":"Reda\u00e7\u00e3o MZ","twitter_card":"summary_large_image","twitter_misc":{"Escrito por":"Reda\u00e7\u00e3o MZ","Est. tempo de leitura":"3 minutos"},"schema":{"@context":"https:\/\/schema.org","@graph":[{"@type":"Article","@id":"https:\/\/mznoticia.com.br\/jaguariaiva\/pedagios-ficam-mais-caros-no-parana-veja-os-novos-valores-em-cinco-pracas\/#article","isPartOf":{"@id":"https:\/\/mznoticia.com.br\/jaguariaiva\/pedagios-ficam-mais-caros-no-parana-veja-os-novos-valores-em-cinco-pracas\/"},"author":{"name":"Reda\u00e7\u00e3o MZ","@id":"https:\/\/mznoticia.com.br\/jaguariaiva\/#\/schema\/person\/7ecde13ae5f5a92f0ff9b2155d7a6d6e"},"headline":"Ped\u00e1gios ficam mais caros no Paran\u00e1; veja os novos valores em cinco pra\u00e7as","datePublished":"2026-08-28T19:49:57+00:00","mainEntityOfPage":{"@id":"https:\/\/mznoticia.com.br\/jaguariaiva\/pedagios-ficam-mais-caros-no-parana-veja-os-novos-valores-em-cinco-pracas\/"},"wordCount":377,"commentCount":0,"publisher":{"@id":"https:\/\/mznoticia.com.br\/jaguariaiva\/#organization"},"image":{"@id":"https:\/\/mznoticia.com.br\/jaguariaiva\/pedagios-ficam-mais-caros-no-parana-veja-os-novos-valores-em-cinco-pracas\/#primaryimage"},"thumbnailUrl":"https:\/\/mznoticia.com.br\/jaguariaiva\/wp-content\/uploads\/2026\/08\/pedagio.webp","keywords":["BR-277","BR-476","destaque","Imbituva","Irati","Lapa","parana","Ped\u00e1gio","Porto Amazonas","Rodovias","S\u00e3o Luiz do Purun\u00e3","Via Arauc\u00e1ria"],"articleSection":["Geral","Paran\u00e1"],"inLanguage":"pt-BR","potentialAction":[{"@type":"CommentAction","name":"Comment","target":["https:\/\/mznoticia.com.br\/jaguariaiva\/pedagios-ficam-mais-caros-no-parana-veja-os-novos-valores-em-cinco-pracas\/#respond"]}]},{"@type":"WebPage","@id":"https:\/\/mznoticia.com.br\/jaguariaiva\/pedagios-ficam-mais-caros-no-parana-veja-os-novos-valores-em-cinco-pracas\/","url":"https:\/\/mznoticia.com.br\/jaguariaiva\/pedagios-ficam-mais-caros-no-parana-veja-os-novos-valores-em-cinco-pracas\/","name":"Ped\u00e1gios ficam mais caros no Paran\u00e1; veja os novos valores em cinco pra\u00e7as - Mz Not\u00edcias","isPartOf":{"@id":"https:\/\/mznoticia.com.br\/jaguariaiva\/#website"},"primaryImageOfPage":{"@id":"https:\/\/mznoticia.com.br\/jaguariaiva\/pedagios-ficam-mais-caros-no-parana-veja-os-novos-valores-em-cinco-pracas\/#primaryimage"},"image":{"@id":"https:\/\/mznoticia.com.br\/jaguariaiva\/pedagios-ficam-mais-caros-no-parana-veja-os-novos-valores-em-cinco-pracas\/#primaryimage"},"thumbnailUrl":"https:\/\/mznoticia.com.br\/jaguariaiva\/wp-content\/uploads\/2026\/08\/pedagio.webp","datePublished":"2026-08-28T19:49:57+00:00","description":"Ped\u00e1gios tiveram reajuste m\u00e9dio de 5,3% em cinco pra\u00e7as do Paran\u00e1. Confira os novos valores cobrados em S\u00e3o Luiz do Purun\u00e3, Porto Amazonas, Irati, Imbituva e Lapa.","breadcrumb":{"@id":"https:\/\/mznoticia.com.br\/jaguariaiva\/pedagios-ficam-mais-caros-no-parana-veja-os-novos-valores-em-cinco-pracas\/#breadcrumb"},"inLanguage":"pt-BR","potentialAction":[{"@type":"ReadAction","target":["https:\/\/mznoticia.com.br\/jaguariaiva\/pedagios-ficam-mais-caros-no-parana-veja-os-novos-valores-em-cinco-pracas\/"]}]},{"@type":"ImageObject","inLanguage":"pt-BR","@id":"https:\/\/mznoticia.com.br\/jaguariaiva\/pedagios-ficam-mais-caros-no-parana-veja-os-novos-valores-em-cinco-pracas\/#primaryimage","url":"https:\/\/mznoticia.com.br\/jaguariaiva\/wp-content\/uploads\/2026\/08\/pedagio.webp","contentUrl":"https:\/\/mznoticia.com.br\/jaguariaiva\/wp-content\/uploads\/2026\/08\/pedagio.webp","width":1024,"height":683},{"@type":"BreadcrumbList","@id":"https:\/\/mznoticia.com.br\/jaguariaiva\/pedagios-ficam-mais-caros-no-parana-veja-os-novos-valores-em-cinco-pracas\/#breadcrumb","itemListElement":[{"@type":"ListItem","position":1,"name":"Home","item":"https:\/\/mznoticia.com.br\/jaguariaiva\/"},{"@type":"ListItem","position":2,"name":"Ped\u00e1gios ficam mais caros no Paran\u00e1; veja os novos valores em cinco pra\u00e7as"}]},{"@type":"WebSite","@id":"https:\/\/mznoticia.com.br\/jaguariaiva\/#website","url":"https:\/\/mznoticia.com.br\/jaguariaiva\/","name":"Mz Not\u00edcia","description":"A informa\u00e7\u00e3o que voc\u00ea precisa na hora certa!","publisher":{"@id":"https:\/\/mznoticia.com.br\/jaguariaiva\/#organization"},"potentialAction":[{"@type":"SearchAction","target":{"@type":"EntryPoint","urlTemplate":"https:\/\/mznoticia.com.br\/jaguariaiva\/?s={search_term_string}"},"query-input":{"@type":"PropertyValueSpecification","valueRequired":true,"valueName":"search_term_string"}}],"inLanguage":"pt-BR"},{"@type":"Organization","@id":"https:\/\/mznoticia.com.br\/jaguariaiva\/#organization","name":"Mz Not\u00edcia","url":"https:\/\/mznoticia.com.br\/jaguariaiva\/","logo":{"@type":"ImageObject","inLanguage":"pt-BR","@id":"https:\/\/mznoticia.com.br\/jaguariaiva\/#\/schema\/logo\/image\/","url":"https:\/\/mznoticia.com.br\/jaguariaiva\/wp-content\/uploads\/2025\/03\/Design-sem-nome-4-e1741200616392.png","contentUrl":"https:\/\/mznoticia.com.br\/jaguariaiva\/wp-content\/uploads\/2025\/03\/Design-sem-nome-4-e1741200616392.png","width":750,"height":563,"caption":"Mz Not\u00edcia"},"image":{"@id":"https:\/\/mznoticia.com.br\/jaguariaiva\/#\/schema\/logo\/image\/"},"sameAs":["https:\/\/www.facebook.com\/profile.php?id=61573479951222","https:\/\/www.instagram.com\/mz.jaguariaiva\/"]},{"@type":"Person","@id":"https:\/\/mznoticia.com.br\/jaguariaiva\/#\/schema\/person\/7ecde13ae5f5a92f0ff9b2155d7a6d6e","name":"Reda\u00e7\u00e3o MZ","image":{"@type":"ImageObject","inLanguage":"pt-BR","@id":"https:\/\/mznoticia.com.br\/jaguariaiva\/wp-content\/uploads\/2025\/02\/mznoticia_jaguariaiva_coluna-150x150.png","url":"https:\/\/mznoticia.com.br\/jaguariaiva\/wp-content\/uploads\/2025\/02\/mznoticia_jaguariaiva_coluna-150x150.png","contentUrl":"https:\/\/mznoticia.com.br\/jaguariaiva\/wp-content\/uploads\/2025\/02\/mznoticia_jaguariaiva_coluna-150x150.png","caption":"Reda\u00e7\u00e3o MZ"},"url":"https:\/\/mznoticia.com.br\/jaguariaiva\/author\/yan\/"}]}},"_links":{"self":[{"href":"https:\/\/mznoticia.com.br\/jaguariaiva\/wp-json\/wp\/v2\/posts\/7333","targetHints":{"allow":["GET"]}}],"collection":[{"href":"https:\/\/mznoticia.com.br\/jaguariaiva\/wp-json\/wp\/v2\/posts"}],"about":[{"href":"https:\/\/mznoticia.com.br\/jaguariaiva\/wp-json\/wp\/v2\/types\/post"}],"author":[{"embeddable":true,"href":"https:\/\/mznoticia.com.br\/jaguariaiva\/wp-json\/wp\/v2\/users\/18"}],"replies":[{"embeddable":true,"href":"https:\/\/mznoticia.com.br\/jaguariaiva\/wp-json\/wp\/v2\/comments?post=7333"}],"version-history":[{"count":1,"href":"https:\/\/mznoticia.com.br\/jaguariaiva\/wp-json\/wp\/v2\/posts\/7333\/revisions"}],"predecessor-version":[{"id":7335,"href":"https:\/\/mznoticia.com.br\/jaguariaiva\/wp-json\/wp\/v2\/posts\/7333\/revisions\/7335"}],"wp:featuredmedia":[{"embeddable":true,"href":"https:\/\/mznoticia.com.br\/jaguariaiva\/wp-json\/wp\/v2\/media\/7334"}],"wp:attachment":[{"href":"https:\/\/mznoticia.com.br\/jaguariaiva\/wp-json\/wp\/v2\/media?parent=7333"}],"wp:term":[{"taxonomy":"category","embeddable":true,"href":"https:\/\/mznoticia.com.br\/jaguariaiva\/wp-json\/wp\/v2\/categories?post=7333"},{"taxonomy":"post_tag","embeddable":true,"href":"https:\/\/mznoticia.com.br\/jaguariaiva\/wp-json\/wp\/v2\/tags?post=7333"}],"curies":[{"name":"wp","href":"https:\/\/api.w.org\/{rel}","templated":true}]}}