{"id":7336,"date":"2026-08-28T20:07:46","date_gmt":"2026-08-28T20:07:46","guid":{"rendered":"https:\/\/mznoticia.com.br\/jaguariaiva\/?p=7336"},"modified":"2026-08-28T20:07:46","modified_gmt":"2026-08-28T20:07:46","slug":"parana-entra-em-alerta-para-tempestades-e-ponta-grossa-esta-entre-as-cidades-com-risco","status":"publish","type":"post","link":"https:\/\/mznoticia.com.br\/jaguariaiva\/parana-entra-em-alerta-para-tempestades-e-ponta-grossa-esta-entre-as-cidades-com-risco\/","title":{"rendered":"Paran\u00e1 entra em alerta para tempestades e Ponta Grossa est\u00e1 entre as cidades com risco"},"content":{"rendered":"<h2>Inmet emitiu avisos para centenas de munic\u00edpios at\u00e9 domingo; algumas regi\u00f5es do estado est\u00e3o sob alerta mais severo<\/h2>\n<p class=\"isSelectedEnd\">O Paran\u00e1 est\u00e1 sob alerta para a possibilidade de tempestades entre esta sexta-feira (28) e domingo (30). Os avisos emitidos pelo Instituto Nacional de Meteorologia (Inmet) indicam condi\u00e7\u00f5es favor\u00e1veis para chuva, trovoadas e temporais em diferentes regi\u00f5es do estado.<\/p>\n<p class=\"isSelectedEnd\">Nesta sexta-feira, o alerta amarelo de perigo potencial para tempestades abrange <strong>214 munic\u00edpios<\/strong>, incluindo <strong>Ponta Grossa e outras cidades dos Campos Gerais<\/strong>.<\/p>\n<p class=\"isSelectedEnd\">A previs\u00e3o para o fim de semana amplia a \u00e1rea de aten\u00e7\u00e3o no Paran\u00e1, com alertas alcan\u00e7ando grande parte do estado. As regi\u00f5es Sul, Sudoeste e Oeste devem concentrar as condi\u00e7\u00f5es mais severas.<\/p>\n<h2>Vinte cidades est\u00e3o sob alerta laranja nesta sexta<\/h2>\n<p class=\"isSelectedEnd\">Al\u00e9m do alerta amarelo, 20 munic\u00edpios paranaenses est\u00e3o sob <strong>alerta laranja<\/strong>, que indica maior risco de tempestades.<\/p>\n<p class=\"isSelectedEnd\">As cidades inclu\u00eddas no aviso mais intenso s\u00e3o:<\/p>\n<p class=\"isSelectedEnd\">Barrac\u00e3o, Bom Jesus do Sul, Bom Sucesso do Sul, Clevel\u00e2ndia, Coronel Domingos Soares, Coronel Vivida, Flor da Serra do Sul, Francisco Beltr\u00e3o, General Carneiro, Hon\u00f3rio Serpa, Itapejara d&#8217;Oeste, Manfrin\u00f3polis, Mangueirinha, Mari\u00f3polis, Marmeleiro, Palmas, Pato Branco, Renascen\u00e7a, Salgado Filho e Vitorino.<\/p>\n<p class=\"isSelectedEnd\">Para s\u00e1bado (29) e domingo (30), o alerta laranja permanece concentrado em munic\u00edpios do Sul e Sudoeste do Paran\u00e1.<\/p>\n<h2>Calor e ventos fortes tamb\u00e9m marcam o fim de semana<\/h2>\n<p class=\"isSelectedEnd\">Segundo as previs\u00f5es meteorol\u00f3gicas, o Paran\u00e1 tamb\u00e9m deve registrar temperaturas elevadas durante o fim de semana, com marcas pr\u00f3ximas ou superiores aos <strong>30\u00b0C em diversas regi\u00f5es<\/strong>.<\/p>\n<p class=\"isSelectedEnd\">Os ventos vindos das regi\u00f5es Norte e Noroeste podem ganhar intensidade, com rajadas superiores a <strong>50 km\/h em alguns pontos do estado<\/strong>.<\/p>\n<p class=\"isSelectedEnd\">Nos Campos Gerais, h\u00e1 possibilidade de chuva localizada e r\u00e1pida durante os per\u00edodos de maior aquecimento, especialmente em \u00e1reas pr\u00f3ximas a serras e vales.<\/p>\n<p class=\"isSelectedEnd\">A instabilidade tamb\u00e9m deve avan\u00e7ar durante a noite para regi\u00f5es do Oeste, Sudoeste e Sul do Paran\u00e1.<\/p>\n<h2>Sistema frontal aumenta risco de chuva no s\u00e1bado<\/h2>\n<p class=\"isSelectedEnd\">A previs\u00e3o indica aumento da instabilidade no s\u00e1bado devido \u00e0 atua\u00e7\u00e3o de um sistema frontal no Sul do Brasil e \u00e0 presen\u00e7a de uma \u00e1rea de baixa press\u00e3o pr\u00f3xima ao Paraguai.<\/p>\n<p class=\"isSelectedEnd\">A combina\u00e7\u00e3o entre calor e umidade favorece a forma\u00e7\u00e3o de \u00e1reas de instabilidade em v\u00e1rias regi\u00f5es paranaenses.<\/p>\n<p class=\"isSelectedEnd\">A chuva pode ocorrer em diferentes momentos do dia nas \u00e1reas pr\u00f3ximas a Santa Catarina, enquanto em outras regi\u00f5es a maior possibilidade de precipita\u00e7\u00f5es deve ocorrer principalmente a partir da tarde.<\/p>\n<h2>Domingo pode ter novas tempestades<\/h2>\n<p class=\"isSelectedEnd\">No domingo, a atua\u00e7\u00e3o de um sistema de baixa press\u00e3o deve continuar favorecendo a entrada de calor e umidade no Paran\u00e1.<\/p>\n<p class=\"isSelectedEnd\">Com isso, h\u00e1 possibilidade de novas tempestades em diferentes regi\u00f5es do estado.<\/p>\n<p class=\"isSelectedEnd\">Moradores devem acompanhar as atualiza\u00e7\u00f5es dos \u00f3rg\u00e3os meteorol\u00f3gicos e ficar atentos \u00e0s mudan\u00e7as nas condi\u00e7\u00f5es do tempo durante o fim de semana.<\/p>\n<h2>Ponta Grossa est\u00e1 entre as cidades em alerta<\/h2>\n<p class=\"isSelectedEnd\">Ponta Grossa aparece entre os <strong>214 munic\u00edpios inclu\u00eddos no alerta amarelo desta sexta-feira<\/strong>.<\/p>\n<p class=\"isSelectedEnd\">Outras cidades dos Campos Gerais e regi\u00f5es pr\u00f3ximas tamb\u00e9m est\u00e3o na \u00e1rea de aten\u00e7\u00e3o, como Carambe\u00ed, Castro, Imbituva, Irati, Ipiranga, Iva\u00ed, Palmeira, Porto Amazonas, Prudent\u00f3polis, Tibagi e Teixeira Soares.<\/p>\n<p>O alerta indica possibilidade de pancadas de chuva acompanhadas de trovoadas e condi\u00e7\u00f5es de tempo inst\u00e1vel.<\/p>\n","protected":false},"excerpt":{"rendered":"<p>Inmet emitiu avisos para centenas de munic\u00edpios at\u00e9 domingo; algumas regi\u00f5es do estado est\u00e3o sob alerta mais severo O Paran\u00e1 est\u00e1 sob alerta para a possibilidade de tempestades entre esta sexta-feira (28) e domingo (30). Os avisos emitidos pelo Instituto Nacional de Meteorologia (Inmet) indicam condi\u00e7\u00f5es favor\u00e1veis para chuva, trovoadas e temporais em diferentes regi\u00f5es [&hellip;]<\/p>\n","protected":false},"author":18,"featured_media":7340,"comment_status":"open","ping_status":"open","sticky":false,"template":"","format":"standard","meta":{"footnotes":""},"categories":[12,328,1217],"tags":[1183,314,234,47,77,24,783,429,1605,1604],"class_list":["post-7336","post","type-post","status-publish","format-standard","has-post-thumbnail","hentry","category-geral","category-parana","category-previsao-do-tempo","tag-inmet","tag-campos-gerais","tag-chuva","tag-destaque","tag-parana","tag-ponta-grossa","tag-previsao-do-tempo","tag-simepar","tag-tempestades","tag-tempo"],"yoast_head":"<!-- This site is optimized with the Yoast SEO plugin v28.1 - https:\/\/yoast.com\/product\/yoast-seo-wordpress\/ -->\n<title>Paran\u00e1 entra em alerta para tempestades e Ponta Grossa est\u00e1 entre as cidades com risco - Mz Not\u00edcias<\/title>\n<meta name=\"description\" content=\"Paran\u00e1 est\u00e1 sob alerta para tempestades at\u00e9 domingo. Ponta Grossa est\u00e1 entre os munic\u00edpios inclu\u00eddos no aviso do Inmet.\" \/>\n<meta name=\"robots\" content=\"index, follow, max-snippet:-1, max-image-preview:large, max-video-preview:-1\" \/>\n<link rel=\"canonical\" href=\"https:\/\/mznoticia.com.br\/jaguariaiva\/parana-entra-em-alerta-para-tempestades-e-ponta-grossa-esta-entre-as-cidades-com-risco\/\" \/>\n<meta property=\"og:locale\" content=\"pt_BR\" \/>\n<meta property=\"og:type\" content=\"article\" \/>\n<meta property=\"og:title\" content=\"Paran\u00e1 entra em alerta para tempestades e Ponta Grossa est\u00e1 entre as cidades com risco - Mz Not\u00edcias\" \/>\n<meta property=\"og:description\" content=\"Paran\u00e1 est\u00e1 sob alerta para tempestades at\u00e9 domingo. Ponta Grossa est\u00e1 entre os munic\u00edpios inclu\u00eddos no aviso do Inmet.\" \/>\n<meta property=\"og:url\" content=\"https:\/\/mznoticia.com.br\/jaguariaiva\/parana-entra-em-alerta-para-tempestades-e-ponta-grossa-esta-entre-as-cidades-com-risco\/\" \/>\n<meta property=\"og:site_name\" content=\"Mz Not\u00edcias\" \/>\n<meta property=\"article:publisher\" content=\"https:\/\/www.facebook.com\/profile.php?id=61573479951222\" \/>\n<meta property=\"article:published_time\" content=\"2026-08-28T20:07:46+00:00\" \/>\n<meta property=\"og:image\" content=\"https:\/\/mznoticia.com.br\/jaguariaiva\/wp-content\/uploads\/2026\/08\/temporal.jpg\" \/>\n\t<meta property=\"og:image:width\" content=\"780\" \/>\n\t<meta property=\"og:image:height\" content=\"437\" \/>\n\t<meta property=\"og:image:type\" content=\"image\/jpeg\" \/>\n<meta name=\"author\" content=\"Reda\u00e7\u00e3o MZ\" \/>\n<meta name=\"twitter:card\" content=\"summary_large_image\" \/>\n<meta name=\"twitter:label1\" content=\"Escrito por\" \/>\n\t<meta name=\"twitter:data1\" content=\"Reda\u00e7\u00e3o MZ\" \/>\n\t<meta name=\"twitter:label2\" content=\"Est. tempo de leitura\" \/>\n\t<meta name=\"twitter:data2\" content=\"4 minutos\" \/>\n<script type=\"application\/ld+json\" class=\"yoast-schema-graph\">{\"@context\":\"https:\\\/\\\/schema.org\",\"@graph\":[{\"@type\":\"Article\",\"@id\":\"https:\\\/\\\/mznoticia.com.br\\\/jaguariaiva\\\/parana-entra-em-alerta-para-tempestades-e-ponta-grossa-esta-entre-as-cidades-com-risco\\\/#article\",\"isPartOf\":{\"@id\":\"https:\\\/\\\/mznoticia.com.br\\\/jaguariaiva\\\/parana-entra-em-alerta-para-tempestades-e-ponta-grossa-esta-entre-as-cidades-com-risco\\\/\"},\"author\":{\"name\":\"Reda\u00e7\u00e3o MZ\",\"@id\":\"https:\\\/\\\/mznoticia.com.br\\\/jaguariaiva\\\/#\\\/schema\\\/person\\\/7ecde13ae5f5a92f0ff9b2155d7a6d6e\"},\"headline\":\"Paran\u00e1 entra em alerta para tempestades e Ponta Grossa est\u00e1 entre as cidades com risco\",\"datePublished\":\"2026-08-28T20:07:46+00:00\",\"mainEntityOfPage\":{\"@id\":\"https:\\\/\\\/mznoticia.com.br\\\/jaguariaiva\\\/parana-entra-em-alerta-para-tempestades-e-ponta-grossa-esta-entre-as-cidades-com-risco\\\/\"},\"wordCount\":594,\"commentCount\":0,\"publisher\":{\"@id\":\"https:\\\/\\\/mznoticia.com.br\\\/jaguariaiva\\\/#organization\"},\"image\":{\"@id\":\"https:\\\/\\\/mznoticia.com.br\\\/jaguariaiva\\\/parana-entra-em-alerta-para-tempestades-e-ponta-grossa-esta-entre-as-cidades-com-risco\\\/#primaryimage\"},\"thumbnailUrl\":\"https:\\\/\\\/mznoticia.com.br\\\/jaguariaiva\\\/wp-content\\\/uploads\\\/2026\\\/08\\\/temporal.jpg\",\"keywords\":[\"#Inmet\",\"Campos Gerais\",\"chuva\",\"destaque\",\"parana\",\"Ponta Grossa\",\"Previs\u00e3o do Tempo\",\"Simepar\",\"Tempestades\",\"Tempo\"],\"articleSection\":[\"Geral\",\"Paran\u00e1\",\"Previs\u00e3o do Tempo\"],\"inLanguage\":\"pt-BR\",\"potentialAction\":[{\"@type\":\"CommentAction\",\"name\":\"Comment\",\"target\":[\"https:\\\/\\\/mznoticia.com.br\\\/jaguariaiva\\\/parana-entra-em-alerta-para-tempestades-e-ponta-grossa-esta-entre-as-cidades-com-risco\\\/#respond\"]}]},{\"@type\":\"WebPage\",\"@id\":\"https:\\\/\\\/mznoticia.com.br\\\/jaguariaiva\\\/parana-entra-em-alerta-para-tempestades-e-ponta-grossa-esta-entre-as-cidades-com-risco\\\/\",\"url\":\"https:\\\/\\\/mznoticia.com.br\\\/jaguariaiva\\\/parana-entra-em-alerta-para-tempestades-e-ponta-grossa-esta-entre-as-cidades-com-risco\\\/\",\"name\":\"Paran\u00e1 entra em alerta para tempestades e Ponta Grossa est\u00e1 entre as cidades com risco - Mz Not\u00edcias\",\"isPartOf\":{\"@id\":\"https:\\\/\\\/mznoticia.com.br\\\/jaguariaiva\\\/#website\"},\"primaryImageOfPage\":{\"@id\":\"https:\\\/\\\/mznoticia.com.br\\\/jaguariaiva\\\/parana-entra-em-alerta-para-tempestades-e-ponta-grossa-esta-entre-as-cidades-com-risco\\\/#primaryimage\"},\"image\":{\"@id\":\"https:\\\/\\\/mznoticia.com.br\\\/jaguariaiva\\\/parana-entra-em-alerta-para-tempestades-e-ponta-grossa-esta-entre-as-cidades-com-risco\\\/#primaryimage\"},\"thumbnailUrl\":\"https:\\\/\\\/mznoticia.com.br\\\/jaguariaiva\\\/wp-content\\\/uploads\\\/2026\\\/08\\\/temporal.jpg\",\"datePublished\":\"2026-08-28T20:07:46+00:00\",\"description\":\"Paran\u00e1 est\u00e1 sob alerta para tempestades at\u00e9 domingo. Ponta Grossa est\u00e1 entre os munic\u00edpios inclu\u00eddos no aviso do Inmet.\",\"breadcrumb\":{\"@id\":\"https:\\\/\\\/mznoticia.com.br\\\/jaguariaiva\\\/parana-entra-em-alerta-para-tempestades-e-ponta-grossa-esta-entre-as-cidades-com-risco\\\/#breadcrumb\"},\"inLanguage\":\"pt-BR\",\"potentialAction\":[{\"@type\":\"ReadAction\",\"target\":[\"https:\\\/\\\/mznoticia.com.br\\\/jaguariaiva\\\/parana-entra-em-alerta-para-tempestades-e-ponta-grossa-esta-entre-as-cidades-com-risco\\\/\"]}]},{\"@type\":\"ImageObject\",\"inLanguage\":\"pt-BR\",\"@id\":\"https:\\\/\\\/mznoticia.com.br\\\/jaguariaiva\\\/parana-entra-em-alerta-para-tempestades-e-ponta-grossa-esta-entre-as-cidades-com-risco\\\/#primaryimage\",\"url\":\"https:\\\/\\\/mznoticia.com.br\\\/jaguariaiva\\\/wp-content\\\/uploads\\\/2026\\\/08\\\/temporal.jpg\",\"contentUrl\":\"https:\\\/\\\/mznoticia.com.br\\\/jaguariaiva\\\/wp-content\\\/uploads\\\/2026\\\/08\\\/temporal.jpg\",\"width\":780,\"height\":437},{\"@type\":\"BreadcrumbList\",\"@id\":\"https:\\\/\\\/mznoticia.com.br\\\/jaguariaiva\\\/parana-entra-em-alerta-para-tempestades-e-ponta-grossa-esta-entre-as-cidades-com-risco\\\/#breadcrumb\",\"itemListElement\":[{\"@type\":\"ListItem\",\"position\":1,\"name\":\"Home\",\"item\":\"https:\\\/\\\/mznoticia.com.br\\\/jaguariaiva\\\/\"},{\"@type\":\"ListItem\",\"position\":2,\"name\":\"Paran\u00e1 entra em alerta para tempestades e Ponta Grossa est\u00e1 entre as cidades com risco\"}]},{\"@type\":\"WebSite\",\"@id\":\"https:\\\/\\\/mznoticia.com.br\\\/jaguariaiva\\\/#website\",\"url\":\"https:\\\/\\\/mznoticia.com.br\\\/jaguariaiva\\\/\",\"name\":\"Mz Not\u00edcia\",\"description\":\"A informa\u00e7\u00e3o que voc\u00ea precisa na hora certa!\",\"publisher\":{\"@id\":\"https:\\\/\\\/mznoticia.com.br\\\/jaguariaiva\\\/#organization\"},\"potentialAction\":[{\"@type\":\"SearchAction\",\"target\":{\"@type\":\"EntryPoint\",\"urlTemplate\":\"https:\\\/\\\/mznoticia.com.br\\\/jaguariaiva\\\/?s={search_term_string}\"},\"query-input\":{\"@type\":\"PropertyValueSpecification\",\"valueRequired\":true,\"valueName\":\"search_term_string\"}}],\"inLanguage\":\"pt-BR\"},{\"@type\":\"Organization\",\"@id\":\"https:\\\/\\\/mznoticia.com.br\\\/jaguariaiva\\\/#organization\",\"name\":\"Mz Not\u00edcia\",\"url\":\"https:\\\/\\\/mznoticia.com.br\\\/jaguariaiva\\\/\",\"logo\":{\"@type\":\"ImageObject\",\"inLanguage\":\"pt-BR\",\"@id\":\"https:\\\/\\\/mznoticia.com.br\\\/jaguariaiva\\\/#\\\/schema\\\/logo\\\/image\\\/\",\"url\":\"https:\\\/\\\/mznoticia.com.br\\\/jaguariaiva\\\/wp-content\\\/uploads\\\/2025\\\/03\\\/Design-sem-nome-4-e1741200616392.png\",\"contentUrl\":\"https:\\\/\\\/mznoticia.com.br\\\/jaguariaiva\\\/wp-content\\\/uploads\\\/2025\\\/03\\\/Design-sem-nome-4-e1741200616392.png\",\"width\":750,\"height\":563,\"caption\":\"Mz Not\u00edcia\"},\"image\":{\"@id\":\"https:\\\/\\\/mznoticia.com.br\\\/jaguariaiva\\\/#\\\/schema\\\/logo\\\/image\\\/\"},\"sameAs\":[\"https:\\\/\\\/www.facebook.com\\\/profile.php?id=61573479951222\",\"https:\\\/\\\/www.instagram.com\\\/mz.jaguariaiva\\\/\"]},{\"@type\":\"Person\",\"@id\":\"https:\\\/\\\/mznoticia.com.br\\\/jaguariaiva\\\/#\\\/schema\\\/person\\\/7ecde13ae5f5a92f0ff9b2155d7a6d6e\",\"name\":\"Reda\u00e7\u00e3o MZ\",\"image\":{\"@type\":\"ImageObject\",\"inLanguage\":\"pt-BR\",\"@id\":\"https:\\\/\\\/mznoticia.com.br\\\/jaguariaiva\\\/wp-content\\\/uploads\\\/2025\\\/02\\\/mznoticia_jaguariaiva_coluna-150x150.png\",\"url\":\"https:\\\/\\\/mznoticia.com.br\\\/jaguariaiva\\\/wp-content\\\/uploads\\\/2025\\\/02\\\/mznoticia_jaguariaiva_coluna-150x150.png\",\"contentUrl\":\"https:\\\/\\\/mznoticia.com.br\\\/jaguariaiva\\\/wp-content\\\/uploads\\\/2025\\\/02\\\/mznoticia_jaguariaiva_coluna-150x150.png\",\"caption\":\"Reda\u00e7\u00e3o MZ\"},\"url\":\"https:\\\/\\\/mznoticia.com.br\\\/jaguariaiva\\\/author\\\/yan\\\/\"}]}<\/script>\n<!-- \/ Yoast SEO plugin. -->","yoast_head_json":{"title":"Paran\u00e1 entra em alerta para tempestades e Ponta Grossa est\u00e1 entre as cidades com risco - Mz Not\u00edcias","description":"Paran\u00e1 est\u00e1 sob alerta para tempestades at\u00e9 domingo. Ponta Grossa est\u00e1 entre os munic\u00edpios inclu\u00eddos no aviso do Inmet.","robots":{"index":"index","follow":"follow","max-snippet":"max-snippet:-1","max-image-preview":"max-image-preview:large","max-video-preview":"max-video-preview:-1"},"canonical":"https:\/\/mznoticia.com.br\/jaguariaiva\/parana-entra-em-alerta-para-tempestades-e-ponta-grossa-esta-entre-as-cidades-com-risco\/","og_locale":"pt_BR","og_type":"article","og_title":"Paran\u00e1 entra em alerta para tempestades e Ponta Grossa est\u00e1 entre as cidades com risco - Mz Not\u00edcias","og_description":"Paran\u00e1 est\u00e1 sob alerta para tempestades at\u00e9 domingo. Ponta Grossa est\u00e1 entre os munic\u00edpios inclu\u00eddos no aviso do Inmet.","og_url":"https:\/\/mznoticia.com.br\/jaguariaiva\/parana-entra-em-alerta-para-tempestades-e-ponta-grossa-esta-entre-as-cidades-com-risco\/","og_site_name":"Mz Not\u00edcias","article_publisher":"https:\/\/www.facebook.com\/profile.php?id=61573479951222","article_published_time":"2026-08-28T20:07:46+00:00","og_image":[{"width":780,"height":437,"url":"https:\/\/mznoticia.com.br\/jaguariaiva\/wp-content\/uploads\/2026\/08\/temporal.jpg","type":"image\/jpeg"}],"author":"Reda\u00e7\u00e3o MZ","twitter_card":"summary_large_image","twitter_misc":{"Escrito por":"Reda\u00e7\u00e3o MZ","Est. tempo de leitura":"4 minutos"},"schema":{"@context":"https:\/\/schema.org","@graph":[{"@type":"Article","@id":"https:\/\/mznoticia.com.br\/jaguariaiva\/parana-entra-em-alerta-para-tempestades-e-ponta-grossa-esta-entre-as-cidades-com-risco\/#article","isPartOf":{"@id":"https:\/\/mznoticia.com.br\/jaguariaiva\/parana-entra-em-alerta-para-tempestades-e-ponta-grossa-esta-entre-as-cidades-com-risco\/"},"author":{"name":"Reda\u00e7\u00e3o MZ","@id":"https:\/\/mznoticia.com.br\/jaguariaiva\/#\/schema\/person\/7ecde13ae5f5a92f0ff9b2155d7a6d6e"},"headline":"Paran\u00e1 entra em alerta para tempestades e Ponta Grossa est\u00e1 entre as cidades com risco","datePublished":"2026-08-28T20:07:46+00:00","mainEntityOfPage":{"@id":"https:\/\/mznoticia.com.br\/jaguariaiva\/parana-entra-em-alerta-para-tempestades-e-ponta-grossa-esta-entre-as-cidades-com-risco\/"},"wordCount":594,"commentCount":0,"publisher":{"@id":"https:\/\/mznoticia.com.br\/jaguariaiva\/#organization"},"image":{"@id":"https:\/\/mznoticia.com.br\/jaguariaiva\/parana-entra-em-alerta-para-tempestades-e-ponta-grossa-esta-entre-as-cidades-com-risco\/#primaryimage"},"thumbnailUrl":"https:\/\/mznoticia.com.br\/jaguariaiva\/wp-content\/uploads\/2026\/08\/temporal.jpg","keywords":["#Inmet","Campos Gerais","chuva","destaque","parana","Ponta Grossa","Previs\u00e3o do Tempo","Simepar","Tempestades","Tempo"],"articleSection":["Geral","Paran\u00e1","Previs\u00e3o do Tempo"],"inLanguage":"pt-BR","potentialAction":[{"@type":"CommentAction","name":"Comment","target":["https:\/\/mznoticia.com.br\/jaguariaiva\/parana-entra-em-alerta-para-tempestades-e-ponta-grossa-esta-entre-as-cidades-com-risco\/#respond"]}]},{"@type":"WebPage","@id":"https:\/\/mznoticia.com.br\/jaguariaiva\/parana-entra-em-alerta-para-tempestades-e-ponta-grossa-esta-entre-as-cidades-com-risco\/","url":"https:\/\/mznoticia.com.br\/jaguariaiva\/parana-entra-em-alerta-para-tempestades-e-ponta-grossa-esta-entre-as-cidades-com-risco\/","name":"Paran\u00e1 entra em alerta para tempestades e Ponta Grossa est\u00e1 entre as cidades com risco - Mz Not\u00edcias","isPartOf":{"@id":"https:\/\/mznoticia.com.br\/jaguariaiva\/#website"},"primaryImageOfPage":{"@id":"https:\/\/mznoticia.com.br\/jaguariaiva\/parana-entra-em-alerta-para-tempestades-e-ponta-grossa-esta-entre-as-cidades-com-risco\/#primaryimage"},"image":{"@id":"https:\/\/mznoticia.com.br\/jaguariaiva\/parana-entra-em-alerta-para-tempestades-e-ponta-grossa-esta-entre-as-cidades-com-risco\/#primaryimage"},"thumbnailUrl":"https:\/\/mznoticia.com.br\/jaguariaiva\/wp-content\/uploads\/2026\/08\/temporal.jpg","datePublished":"2026-08-28T20:07:46+00:00","description":"Paran\u00e1 est\u00e1 sob alerta para tempestades at\u00e9 domingo. Ponta Grossa est\u00e1 entre os munic\u00edpios inclu\u00eddos no aviso do Inmet.","breadcrumb":{"@id":"https:\/\/mznoticia.com.br\/jaguariaiva\/parana-entra-em-alerta-para-tempestades-e-ponta-grossa-esta-entre-as-cidades-com-risco\/#breadcrumb"},"inLanguage":"pt-BR","potentialAction":[{"@type":"ReadAction","target":["https:\/\/mznoticia.com.br\/jaguariaiva\/parana-entra-em-alerta-para-tempestades-e-ponta-grossa-esta-entre-as-cidades-com-risco\/"]}]},{"@type":"ImageObject","inLanguage":"pt-BR","@id":"https:\/\/mznoticia.com.br\/jaguariaiva\/parana-entra-em-alerta-para-tempestades-e-ponta-grossa-esta-entre-as-cidades-com-risco\/#primaryimage","url":"https:\/\/mznoticia.com.br\/jaguariaiva\/wp-content\/uploads\/2026\/08\/temporal.jpg","contentUrl":"https:\/\/mznoticia.com.br\/jaguariaiva\/wp-content\/uploads\/2026\/08\/temporal.jpg","width":780,"height":437},{"@type":"BreadcrumbList","@id":"https:\/\/mznoticia.com.br\/jaguariaiva\/parana-entra-em-alerta-para-tempestades-e-ponta-grossa-esta-entre-as-cidades-com-risco\/#breadcrumb","itemListElement":[{"@type":"ListItem","position":1,"name":"Home","item":"https:\/\/mznoticia.com.br\/jaguariaiva\/"},{"@type":"ListItem","position":2,"name":"Paran\u00e1 entra em alerta para tempestades e Ponta Grossa est\u00e1 entre as cidades com risco"}]},{"@type":"WebSite","@id":"https:\/\/mznoticia.com.br\/jaguariaiva\/#website","url":"https:\/\/mznoticia.com.br\/jaguariaiva\/","name":"Mz Not\u00edcia","description":"A informa\u00e7\u00e3o que voc\u00ea precisa na hora certa!","publisher":{"@id":"https:\/\/mznoticia.com.br\/jaguariaiva\/#organization"},"potentialAction":[{"@type":"SearchAction","target":{"@type":"EntryPoint","urlTemplate":"https:\/\/mznoticia.com.br\/jaguariaiva\/?s={search_term_string}"},"query-input":{"@type":"PropertyValueSpecification","valueRequired":true,"valueName":"search_term_string"}}],"inLanguage":"pt-BR"},{"@type":"Organization","@id":"https:\/\/mznoticia.com.br\/jaguariaiva\/#organization","name":"Mz Not\u00edcia","url":"https:\/\/mznoticia.com.br\/jaguariaiva\/","logo":{"@type":"ImageObject","inLanguage":"pt-BR","@id":"https:\/\/mznoticia.com.br\/jaguariaiva\/#\/schema\/logo\/image\/","url":"https:\/\/mznoticia.com.br\/jaguariaiva\/wp-content\/uploads\/2025\/03\/Design-sem-nome-4-e1741200616392.png","contentUrl":"https:\/\/mznoticia.com.br\/jaguariaiva\/wp-content\/uploads\/2025\/03\/Design-sem-nome-4-e1741200616392.png","width":750,"height":563,"caption":"Mz Not\u00edcia"},"image":{"@id":"https:\/\/mznoticia.com.br\/jaguariaiva\/#\/schema\/logo\/image\/"},"sameAs":["https:\/\/www.facebook.com\/profile.php?id=61573479951222","https:\/\/www.instagram.com\/mz.jaguariaiva\/"]},{"@type":"Person","@id":"https:\/\/mznoticia.com.br\/jaguariaiva\/#\/schema\/person\/7ecde13ae5f5a92f0ff9b2155d7a6d6e","name":"Reda\u00e7\u00e3o MZ","image":{"@type":"ImageObject","inLanguage":"pt-BR","@id":"https:\/\/mznoticia.com.br\/jaguariaiva\/wp-content\/uploads\/2025\/02\/mznoticia_jaguariaiva_coluna-150x150.png","url":"https:\/\/mznoticia.com.br\/jaguariaiva\/wp-content\/uploads\/2025\/02\/mznoticia_jaguariaiva_coluna-150x150.png","contentUrl":"https:\/\/mznoticia.com.br\/jaguariaiva\/wp-content\/uploads\/2025\/02\/mznoticia_jaguariaiva_coluna-150x150.png","caption":"Reda\u00e7\u00e3o MZ"},"url":"https:\/\/mznoticia.com.br\/jaguariaiva\/author\/yan\/"}]}},"_links":{"self":[{"href":"https:\/\/mznoticia.com.br\/jaguariaiva\/wp-json\/wp\/v2\/posts\/7336","targetHints":{"allow":["GET"]}}],"collection":[{"href":"https:\/\/mznoticia.com.br\/jaguariaiva\/wp-json\/wp\/v2\/posts"}],"about":[{"href":"https:\/\/mznoticia.com.br\/jaguariaiva\/wp-json\/wp\/v2\/types\/post"}],"author":[{"embeddable":true,"href":"https:\/\/mznoticia.com.br\/jaguariaiva\/wp-json\/wp\/v2\/users\/18"}],"replies":[{"embeddable":true,"href":"https:\/\/mznoticia.com.br\/jaguariaiva\/wp-json\/wp\/v2\/comments?post=7336"}],"version-history":[{"count":1,"href":"https:\/\/mznoticia.com.br\/jaguariaiva\/wp-json\/wp\/v2\/posts\/7336\/revisions"}],"predecessor-version":[{"id":7341,"href":"https:\/\/mznoticia.com.br\/jaguariaiva\/wp-json\/wp\/v2\/posts\/7336\/revisions\/7341"}],"wp:featuredmedia":[{"embeddable":true,"href":"https:\/\/mznoticia.com.br\/jaguariaiva\/wp-json\/wp\/v2\/media\/7340"}],"wp:attachment":[{"href":"https:\/\/mznoticia.com.br\/jaguariaiva\/wp-json\/wp\/v2\/media?parent=7336"}],"wp:term":[{"taxonomy":"category","embeddable":true,"href":"https:\/\/mznoticia.com.br\/jaguariaiva\/wp-json\/wp\/v2\/categories?post=7336"},{"taxonomy":"post_tag","embeddable":true,"href":"https:\/\/mznoticia.com.br\/jaguariaiva\/wp-json\/wp\/v2\/tags?post=7336"}],"curies":[{"name":"wp","href":"https:\/\/api.w.org\/{rel}","templated":true}]}}