{"id":7342,"date":"2026-08-28T20:20:58","date_gmt":"2026-08-28T20:20:58","guid":{"rendered":"https:\/\/mznoticia.com.br\/jaguariaiva\/?p=7342"},"modified":"2026-08-28T20:20:58","modified_gmt":"2026-08-28T20:20:58","slug":"tensao-no-ar-aviao-da-embraer-se-aproxima-do-helicoptero-que-levava-trump","status":"publish","type":"post","link":"https:\/\/mznoticia.com.br\/jaguariaiva\/tensao-no-ar-aviao-da-embraer-se-aproxima-do-helicoptero-que-levava-trump\/","title":{"rendered":"TENS\u00c3O NO AR: avi\u00e3o da Embraer se aproxima do helic\u00f3ptero que levava Trump"},"content":{"rendered":"<h2>Relat\u00f3rio preliminar aponta problemas nas comunica\u00e7\u00f5es do Marine One e poss\u00edvel influ\u00eancia de obras na Casa Branca; Brasil foi notificado sobre investiga\u00e7\u00e3o<\/h2>\n<p class=\"isSelectedEnd\">Um relat\u00f3rio preliminar divulgado pelas autoridades dos Estados Unidos revelou novos detalhes sobre o incidente envolvendo o helic\u00f3ptero <strong>Marine One<\/strong>, que transportava o presidente Donald Trump, e uma aeronave comercial fabricada pela <strong>Embraer<\/strong>.<\/p>\n<p class=\"isSelectedEnd\">O epis\u00f3dio aconteceu no dia <strong>4 de agosto<\/strong>, nas proximidades do Aeroporto Nacional Ronald Reagan, em Washington. Segundo as informa\u00e7\u00f5es divulgadas, as aeronaves tiveram uma aproxima\u00e7\u00e3o considerada preocupante, chegando a ficar separadas por cerca de tr\u00eas quil\u00f4metros.<\/p>\n<p class=\"isSelectedEnd\">Os Estados Unidos notificaram oficialmente o Brasil sobre a investiga\u00e7\u00e3o. O <strong>CENIPA (Centro de Investiga\u00e7\u00e3o e Preven\u00e7\u00e3o de Acidentes Aeron\u00e1uticos)<\/strong> acompanha o caso como representante do Estado respons\u00e1vel pelo projeto da aeronave brasileira.<\/p>\n<h3>Falhas na comunica\u00e7\u00e3o<\/h3>\n<p class=\"isSelectedEnd\">De acordo com o relat\u00f3rio preliminar do <strong>NTSB<\/strong>, o Conselho Nacional de Seguran\u00e7a nos Transportes dos Estados Unidos, ocorreram problemas de comunica\u00e7\u00e3o entre o helic\u00f3ptero presidencial e o controle de tr\u00e1fego a\u00e9reo pouco antes da aproxima\u00e7\u00e3o entre as aeronaves.<\/p>\n<p class=\"isSelectedEnd\">O Marine One tentou entrar em contato com a torre de controle do aeroporto Ronald Reagan em duas ocasi\u00f5es. A primeira transmiss\u00e3o n\u00e3o foi recebida e, na segunda tentativa, o sinal chegou corrompido e completamente ileg\u00edvel.<\/p>\n<p class=\"isSelectedEnd\">A investiga\u00e7\u00e3o apontou ainda que as obras em andamento na Casa Branca podem ter contribu\u00eddo para os problemas. Na ocasi\u00e3o, o Marine One estava operando temporariamente a partir do <strong>Ellipse<\/strong>, \u00e1rea localizada ao sul da Casa Branca.<\/p>\n<p class=\"isSelectedEnd\">T\u00e9cnicos da Administra\u00e7\u00e3o Federal de Avia\u00e7\u00e3o dos Estados Unidos, a <strong>FAA<\/strong>, identificaram que n\u00e3o havia uma trajet\u00f3ria livre de obst\u00e1culos suficiente para garantir a comunica\u00e7\u00e3o adequada entre os equipamentos de r\u00e1dio e a aeronave presidencial.<\/p>\n<p class=\"isSelectedEnd\">Apesar do problema, a FAA informou que houve apenas uma <strong>perda moment\u00e2nea de separa\u00e7\u00e3o entre as aeronaves<\/strong> e que elas continuaram se afastando uma da outra. Segundo as autoridades americanas, o presidente Donald Trump n\u00e3o esteve em perigo.<\/p>\n<p class=\"isSelectedEnd\">Ap\u00f3s o incidente, a FAA anunciou medidas para melhorar a comunica\u00e7\u00e3o, incluindo a realoca\u00e7\u00e3o de uma antena e a revis\u00e3o dos procedimentos utilizados durante as opera\u00e7\u00f5es do Marine One.<\/p>\n<p class=\"isSelectedEnd\">A investiga\u00e7\u00e3o do NTSB continua em andamento.<\/p>\n<h2>O que \u00e9 o Marine One?<\/h2>\n<p class=\"isSelectedEnd\">O <strong>Marine One<\/strong> \u00e9 o nome utilizado para qualquer helic\u00f3ptero do Corpo de Fuzileiros Navais dos Estados Unidos que esteja transportando o presidente americano.<\/p>\n<p class=\"isSelectedEnd\">A frota faz parte do esquadr\u00e3o <strong>HMX-1<\/strong>, conhecido como \u201cNighthawks\u201d, e \u00e9 utilizada para transportar o presidente em Washington e durante viagens oficiais.<\/p>\n<p class=\"isSelectedEnd\">Assim como o Air Force One, o avi\u00e3o presidencial americano, os helic\u00f3pteros possuem uma pintura caracter\u00edstica, com a parte superior branca e a base em verde, al\u00e9m da bandeira dos Estados Unidos.<\/p>\n<p class=\"isSelectedEnd\">Os modelos utilizados podem transportar entre <strong>11 e 14 pessoas<\/strong> e contam com modernos sistemas de seguran\u00e7a.<\/p>\n<p class=\"isSelectedEnd\">Quando o presidente deixa Washington, \u00e9 comum utilizar o Marine One para seguir at\u00e9 a <strong>Andrews Air Force Base<\/strong>, em Maryland, onde embarca no Air Force One.<\/p>\n<p class=\"isSelectedEnd\">Os helic\u00f3pteros tamb\u00e9m s\u00e3o usados em viagens para locais como <strong>Camp David<\/strong>, o retiro presidencial, al\u00e9m de deslocamentos para \u00e1reas atingidas por desastres ou outros compromissos oficiais.<\/p>\n<p class=\"isSelectedEnd\">Por quest\u00f5es de seguran\u00e7a, o Marine One geralmente voa acompanhado por outros helic\u00f3pteros semelhantes. Durante o trajeto, as aeronaves podem realizar manobras para dificultar a identifica\u00e7\u00e3o de qual delas transporta o presidente.<\/p>\n<p class=\"isSelectedEnd\">O helic\u00f3ptero presidencial tamb\u00e9m acompanha o chefe de Estado americano em viagens internacionais, sendo transportado por aeronaves militares para ser utilizado no destino final.<\/p>\n<p class=\"isSelectedEnd\">O sistema permite deslocamentos mais r\u00e1pidos e reduz a necessidade de grandes comboios terrestres, que exigem opera\u00e7\u00f5es complexas de seguran\u00e7a e log\u00edstica.<\/p>\n<p class=\"isSelectedEnd\">O esquadr\u00e3o HMX-1 realizou uma de suas miss\u00f5es mais conhecidas em <strong>1957<\/strong>, quando o ent\u00e3o presidente Dwight D. Eisenhower precisou retornar rapidamente \u00e0 Casa Branca. Um trajeto que levaria mais de duas horas por terra foi realizado em apenas sete minutos de helic\u00f3ptero.<\/p>\n<p>Agora, o Marine One volta ao centro das aten\u00e7\u00f5es ap\u00f3s o incidente a\u00e9reo em Washington, enquanto as autoridades americanas seguem investigando as falhas de comunica\u00e7\u00e3o que antecederam a aproxima\u00e7\u00e3o com o avi\u00e3o fabricado pela Embraer.<\/p>\n","protected":false},"excerpt":{"rendered":"<p>Relat\u00f3rio preliminar aponta problemas nas comunica\u00e7\u00f5es do Marine One e poss\u00edvel influ\u00eancia de obras na Casa Branca; Brasil foi notificado sobre investiga\u00e7\u00e3o Um relat\u00f3rio preliminar divulgado pelas autoridades dos Estados Unidos revelou novos detalhes sobre o incidente envolvendo o helic\u00f3ptero Marine One, que transportava o presidente Donald Trump, e uma aeronave comercial fabricada pela Embraer. [&hellip;]<\/p>\n","protected":false},"author":18,"featured_media":7343,"comment_status":"open","ping_status":"open","sticky":false,"template":"","format":"standard","meta":{"footnotes":""},"categories":[12,15],"tags":[2994,47],"class_list":["post-7342","post","type-post","status-publish","format-standard","has-post-thumbnail","hentry","category-geral","category-mundo","tag-trump-embraer-aviacao-aviaobrasileiro-marineone-estadosunidos-washington-incidenteaereo-segurancaaerea-noticias","tag-destaque"],"yoast_head":"<!-- This site is optimized with the Yoast SEO plugin v28.1 - https:\/\/yoast.com\/product\/yoast-seo-wordpress\/ -->\n<title>TENS\u00c3O NO AR: avi\u00e3o da Embraer se aproxima do helic\u00f3ptero que levava Trump - Mz Not\u00edcias<\/title>\n<meta name=\"description\" content=\"Um avi\u00e3o comercial fabricado pela Embraer passou perto do Marine One, helic\u00f3ptero que transportava Donald Trump, em Washington. O incidente \u00e9 investigado nos EUA.\" \/>\n<meta name=\"robots\" content=\"index, follow, max-snippet:-1, max-image-preview:large, max-video-preview:-1\" \/>\n<link rel=\"canonical\" href=\"https:\/\/mznoticia.com.br\/jaguariaiva\/tensao-no-ar-aviao-da-embraer-se-aproxima-do-helicoptero-que-levava-trump\/\" \/>\n<meta property=\"og:locale\" content=\"pt_BR\" \/>\n<meta property=\"og:type\" content=\"article\" \/>\n<meta property=\"og:title\" content=\"TENS\u00c3O NO AR: avi\u00e3o da Embraer se aproxima do helic\u00f3ptero que levava Trump - Mz Not\u00edcias\" \/>\n<meta property=\"og:description\" content=\"Um avi\u00e3o comercial fabricado pela Embraer passou perto do Marine One, helic\u00f3ptero que transportava Donald Trump, em Washington. O incidente \u00e9 investigado nos EUA.\" \/>\n<meta property=\"og:url\" content=\"https:\/\/mznoticia.com.br\/jaguariaiva\/tensao-no-ar-aviao-da-embraer-se-aproxima-do-helicoptero-que-levava-trump\/\" \/>\n<meta property=\"og:site_name\" content=\"Mz Not\u00edcias\" \/>\n<meta property=\"article:publisher\" content=\"https:\/\/www.facebook.com\/profile.php?id=61573479951222\" \/>\n<meta property=\"article:published_time\" content=\"2026-08-28T20:20:58+00:00\" \/>\n<meta property=\"og:image\" content=\"https:\/\/mznoticia.com.br\/jaguariaiva\/wp-content\/uploads\/2026\/08\/marine-scaled.jpg\" \/>\n\t<meta property=\"og:image:width\" content=\"2560\" \/>\n\t<meta property=\"og:image:height\" content=\"1917\" \/>\n\t<meta property=\"og:image:type\" content=\"image\/jpeg\" \/>\n<meta name=\"author\" content=\"Reda\u00e7\u00e3o MZ\" \/>\n<meta name=\"twitter:card\" content=\"summary_large_image\" \/>\n<meta name=\"twitter:label1\" content=\"Escrito por\" \/>\n\t<meta name=\"twitter:data1\" content=\"Reda\u00e7\u00e3o MZ\" \/>\n\t<meta name=\"twitter:label2\" content=\"Est. tempo de leitura\" \/>\n\t<meta name=\"twitter:data2\" content=\"4 minutos\" \/>\n<script type=\"application\/ld+json\" class=\"yoast-schema-graph\">{\"@context\":\"https:\\\/\\\/schema.org\",\"@graph\":[{\"@type\":\"Article\",\"@id\":\"https:\\\/\\\/mznoticia.com.br\\\/jaguariaiva\\\/tensao-no-ar-aviao-da-embraer-se-aproxima-do-helicoptero-que-levava-trump\\\/#article\",\"isPartOf\":{\"@id\":\"https:\\\/\\\/mznoticia.com.br\\\/jaguariaiva\\\/tensao-no-ar-aviao-da-embraer-se-aproxima-do-helicoptero-que-levava-trump\\\/\"},\"author\":{\"name\":\"Reda\u00e7\u00e3o MZ\",\"@id\":\"https:\\\/\\\/mznoticia.com.br\\\/jaguariaiva\\\/#\\\/schema\\\/person\\\/7ecde13ae5f5a92f0ff9b2155d7a6d6e\"},\"headline\":\"TENS\u00c3O NO AR: avi\u00e3o da Embraer se aproxima do helic\u00f3ptero que levava Trump\",\"datePublished\":\"2026-08-28T20:20:58+00:00\",\"mainEntityOfPage\":{\"@id\":\"https:\\\/\\\/mznoticia.com.br\\\/jaguariaiva\\\/tensao-no-ar-aviao-da-embraer-se-aproxima-do-helicoptero-que-levava-trump\\\/\"},\"wordCount\":748,\"commentCount\":0,\"publisher\":{\"@id\":\"https:\\\/\\\/mznoticia.com.br\\\/jaguariaiva\\\/#organization\"},\"image\":{\"@id\":\"https:\\\/\\\/mznoticia.com.br\\\/jaguariaiva\\\/tensao-no-ar-aviao-da-embraer-se-aproxima-do-helicoptero-que-levava-trump\\\/#primaryimage\"},\"thumbnailUrl\":\"https:\\\/\\\/mznoticia.com.br\\\/jaguariaiva\\\/wp-content\\\/uploads\\\/2026\\\/08\\\/marine-scaled.jpg\",\"keywords\":[\"#Trump #Embraer #Avia\u00e7\u00e3o #Avi\u00e3oBrasileiro #MarineOne #EstadosUnidos #Washington #IncidenteA\u00e9reo #Seguran\u00e7aA\u00e9rea #Not\u00edcias\",\"destaque\"],\"articleSection\":[\"Geral\",\"Mundo\"],\"inLanguage\":\"pt-BR\",\"potentialAction\":[{\"@type\":\"CommentAction\",\"name\":\"Comment\",\"target\":[\"https:\\\/\\\/mznoticia.com.br\\\/jaguariaiva\\\/tensao-no-ar-aviao-da-embraer-se-aproxima-do-helicoptero-que-levava-trump\\\/#respond\"]}]},{\"@type\":\"WebPage\",\"@id\":\"https:\\\/\\\/mznoticia.com.br\\\/jaguariaiva\\\/tensao-no-ar-aviao-da-embraer-se-aproxima-do-helicoptero-que-levava-trump\\\/\",\"url\":\"https:\\\/\\\/mznoticia.com.br\\\/jaguariaiva\\\/tensao-no-ar-aviao-da-embraer-se-aproxima-do-helicoptero-que-levava-trump\\\/\",\"name\":\"TENS\u00c3O NO AR: avi\u00e3o da Embraer se aproxima do helic\u00f3ptero que levava Trump - Mz Not\u00edcias\",\"isPartOf\":{\"@id\":\"https:\\\/\\\/mznoticia.com.br\\\/jaguariaiva\\\/#website\"},\"primaryImageOfPage\":{\"@id\":\"https:\\\/\\\/mznoticia.com.br\\\/jaguariaiva\\\/tensao-no-ar-aviao-da-embraer-se-aproxima-do-helicoptero-que-levava-trump\\\/#primaryimage\"},\"image\":{\"@id\":\"https:\\\/\\\/mznoticia.com.br\\\/jaguariaiva\\\/tensao-no-ar-aviao-da-embraer-se-aproxima-do-helicoptero-que-levava-trump\\\/#primaryimage\"},\"thumbnailUrl\":\"https:\\\/\\\/mznoticia.com.br\\\/jaguariaiva\\\/wp-content\\\/uploads\\\/2026\\\/08\\\/marine-scaled.jpg\",\"datePublished\":\"2026-08-28T20:20:58+00:00\",\"description\":\"Um avi\u00e3o comercial fabricado pela Embraer passou perto do Marine One, helic\u00f3ptero que transportava Donald Trump, em Washington. O incidente \u00e9 investigado nos EUA.\",\"breadcrumb\":{\"@id\":\"https:\\\/\\\/mznoticia.com.br\\\/jaguariaiva\\\/tensao-no-ar-aviao-da-embraer-se-aproxima-do-helicoptero-que-levava-trump\\\/#breadcrumb\"},\"inLanguage\":\"pt-BR\",\"potentialAction\":[{\"@type\":\"ReadAction\",\"target\":[\"https:\\\/\\\/mznoticia.com.br\\\/jaguariaiva\\\/tensao-no-ar-aviao-da-embraer-se-aproxima-do-helicoptero-que-levava-trump\\\/\"]}]},{\"@type\":\"ImageObject\",\"inLanguage\":\"pt-BR\",\"@id\":\"https:\\\/\\\/mznoticia.com.br\\\/jaguariaiva\\\/tensao-no-ar-aviao-da-embraer-se-aproxima-do-helicoptero-que-levava-trump\\\/#primaryimage\",\"url\":\"https:\\\/\\\/mznoticia.com.br\\\/jaguariaiva\\\/wp-content\\\/uploads\\\/2026\\\/08\\\/marine-scaled.jpg\",\"contentUrl\":\"https:\\\/\\\/mznoticia.com.br\\\/jaguariaiva\\\/wp-content\\\/uploads\\\/2026\\\/08\\\/marine-scaled.jpg\",\"width\":2560,\"height\":1917,\"caption\":\"180922-M-ZY870-531 WASHINGTON (Sept. 22, 2018) Marine Helicopter Squadron (HMX) 1 conducts test flights of the new VH-92A helicopter over the South Lawn of the White House, Sept. 22, 2018, in Washington, D.C. (U.S. Marine Corps photo by Sgt. Hunter Helis\\\/Released)\"},{\"@type\":\"BreadcrumbList\",\"@id\":\"https:\\\/\\\/mznoticia.com.br\\\/jaguariaiva\\\/tensao-no-ar-aviao-da-embraer-se-aproxima-do-helicoptero-que-levava-trump\\\/#breadcrumb\",\"itemListElement\":[{\"@type\":\"ListItem\",\"position\":1,\"name\":\"Home\",\"item\":\"https:\\\/\\\/mznoticia.com.br\\\/jaguariaiva\\\/\"},{\"@type\":\"ListItem\",\"position\":2,\"name\":\"TENS\u00c3O NO AR: avi\u00e3o da Embraer se aproxima do helic\u00f3ptero que levava Trump\"}]},{\"@type\":\"WebSite\",\"@id\":\"https:\\\/\\\/mznoticia.com.br\\\/jaguariaiva\\\/#website\",\"url\":\"https:\\\/\\\/mznoticia.com.br\\\/jaguariaiva\\\/\",\"name\":\"Mz Not\u00edcia\",\"description\":\"A informa\u00e7\u00e3o que voc\u00ea precisa na hora certa!\",\"publisher\":{\"@id\":\"https:\\\/\\\/mznoticia.com.br\\\/jaguariaiva\\\/#organization\"},\"potentialAction\":[{\"@type\":\"SearchAction\",\"target\":{\"@type\":\"EntryPoint\",\"urlTemplate\":\"https:\\\/\\\/mznoticia.com.br\\\/jaguariaiva\\\/?s={search_term_string}\"},\"query-input\":{\"@type\":\"PropertyValueSpecification\",\"valueRequired\":true,\"valueName\":\"search_term_string\"}}],\"inLanguage\":\"pt-BR\"},{\"@type\":\"Organization\",\"@id\":\"https:\\\/\\\/mznoticia.com.br\\\/jaguariaiva\\\/#organization\",\"name\":\"Mz Not\u00edcia\",\"url\":\"https:\\\/\\\/mznoticia.com.br\\\/jaguariaiva\\\/\",\"logo\":{\"@type\":\"ImageObject\",\"inLanguage\":\"pt-BR\",\"@id\":\"https:\\\/\\\/mznoticia.com.br\\\/jaguariaiva\\\/#\\\/schema\\\/logo\\\/image\\\/\",\"url\":\"https:\\\/\\\/mznoticia.com.br\\\/jaguariaiva\\\/wp-content\\\/uploads\\\/2025\\\/03\\\/Design-sem-nome-4-e1741200616392.png\",\"contentUrl\":\"https:\\\/\\\/mznoticia.com.br\\\/jaguariaiva\\\/wp-content\\\/uploads\\\/2025\\\/03\\\/Design-sem-nome-4-e1741200616392.png\",\"width\":750,\"height\":563,\"caption\":\"Mz Not\u00edcia\"},\"image\":{\"@id\":\"https:\\\/\\\/mznoticia.com.br\\\/jaguariaiva\\\/#\\\/schema\\\/logo\\\/image\\\/\"},\"sameAs\":[\"https:\\\/\\\/www.facebook.com\\\/profile.php?id=61573479951222\",\"https:\\\/\\\/www.instagram.com\\\/mz.jaguariaiva\\\/\"]},{\"@type\":\"Person\",\"@id\":\"https:\\\/\\\/mznoticia.com.br\\\/jaguariaiva\\\/#\\\/schema\\\/person\\\/7ecde13ae5f5a92f0ff9b2155d7a6d6e\",\"name\":\"Reda\u00e7\u00e3o MZ\",\"image\":{\"@type\":\"ImageObject\",\"inLanguage\":\"pt-BR\",\"@id\":\"https:\\\/\\\/mznoticia.com.br\\\/jaguariaiva\\\/wp-content\\\/uploads\\\/2025\\\/02\\\/mznoticia_jaguariaiva_coluna-150x150.png\",\"url\":\"https:\\\/\\\/mznoticia.com.br\\\/jaguariaiva\\\/wp-content\\\/uploads\\\/2025\\\/02\\\/mznoticia_jaguariaiva_coluna-150x150.png\",\"contentUrl\":\"https:\\\/\\\/mznoticia.com.br\\\/jaguariaiva\\\/wp-content\\\/uploads\\\/2025\\\/02\\\/mznoticia_jaguariaiva_coluna-150x150.png\",\"caption\":\"Reda\u00e7\u00e3o MZ\"},\"url\":\"https:\\\/\\\/mznoticia.com.br\\\/jaguariaiva\\\/author\\\/yan\\\/\"}]}<\/script>\n<!-- \/ Yoast SEO plugin. -->","yoast_head_json":{"title":"TENS\u00c3O NO AR: avi\u00e3o da Embraer se aproxima do helic\u00f3ptero que levava Trump - Mz Not\u00edcias","description":"Um avi\u00e3o comercial fabricado pela Embraer passou perto do Marine One, helic\u00f3ptero que transportava Donald Trump, em Washington. O incidente \u00e9 investigado nos EUA.","robots":{"index":"index","follow":"follow","max-snippet":"max-snippet:-1","max-image-preview":"max-image-preview:large","max-video-preview":"max-video-preview:-1"},"canonical":"https:\/\/mznoticia.com.br\/jaguariaiva\/tensao-no-ar-aviao-da-embraer-se-aproxima-do-helicoptero-que-levava-trump\/","og_locale":"pt_BR","og_type":"article","og_title":"TENS\u00c3O NO AR: avi\u00e3o da Embraer se aproxima do helic\u00f3ptero que levava Trump - Mz Not\u00edcias","og_description":"Um avi\u00e3o comercial fabricado pela Embraer passou perto do Marine One, helic\u00f3ptero que transportava Donald Trump, em Washington. O incidente \u00e9 investigado nos EUA.","og_url":"https:\/\/mznoticia.com.br\/jaguariaiva\/tensao-no-ar-aviao-da-embraer-se-aproxima-do-helicoptero-que-levava-trump\/","og_site_name":"Mz Not\u00edcias","article_publisher":"https:\/\/www.facebook.com\/profile.php?id=61573479951222","article_published_time":"2026-08-28T20:20:58+00:00","og_image":[{"width":2560,"height":1917,"url":"https:\/\/mznoticia.com.br\/jaguariaiva\/wp-content\/uploads\/2026\/08\/marine-scaled.jpg","type":"image\/jpeg"}],"author":"Reda\u00e7\u00e3o MZ","twitter_card":"summary_large_image","twitter_misc":{"Escrito por":"Reda\u00e7\u00e3o MZ","Est. tempo de leitura":"4 minutos"},"schema":{"@context":"https:\/\/schema.org","@graph":[{"@type":"Article","@id":"https:\/\/mznoticia.com.br\/jaguariaiva\/tensao-no-ar-aviao-da-embraer-se-aproxima-do-helicoptero-que-levava-trump\/#article","isPartOf":{"@id":"https:\/\/mznoticia.com.br\/jaguariaiva\/tensao-no-ar-aviao-da-embraer-se-aproxima-do-helicoptero-que-levava-trump\/"},"author":{"name":"Reda\u00e7\u00e3o MZ","@id":"https:\/\/mznoticia.com.br\/jaguariaiva\/#\/schema\/person\/7ecde13ae5f5a92f0ff9b2155d7a6d6e"},"headline":"TENS\u00c3O NO AR: avi\u00e3o da Embraer se aproxima do helic\u00f3ptero que levava Trump","datePublished":"2026-08-28T20:20:58+00:00","mainEntityOfPage":{"@id":"https:\/\/mznoticia.com.br\/jaguariaiva\/tensao-no-ar-aviao-da-embraer-se-aproxima-do-helicoptero-que-levava-trump\/"},"wordCount":748,"commentCount":0,"publisher":{"@id":"https:\/\/mznoticia.com.br\/jaguariaiva\/#organization"},"image":{"@id":"https:\/\/mznoticia.com.br\/jaguariaiva\/tensao-no-ar-aviao-da-embraer-se-aproxima-do-helicoptero-que-levava-trump\/#primaryimage"},"thumbnailUrl":"https:\/\/mznoticia.com.br\/jaguariaiva\/wp-content\/uploads\/2026\/08\/marine-scaled.jpg","keywords":["#Trump #Embraer #Avia\u00e7\u00e3o #Avi\u00e3oBrasileiro #MarineOne #EstadosUnidos #Washington #IncidenteA\u00e9reo #Seguran\u00e7aA\u00e9rea #Not\u00edcias","destaque"],"articleSection":["Geral","Mundo"],"inLanguage":"pt-BR","potentialAction":[{"@type":"CommentAction","name":"Comment","target":["https:\/\/mznoticia.com.br\/jaguariaiva\/tensao-no-ar-aviao-da-embraer-se-aproxima-do-helicoptero-que-levava-trump\/#respond"]}]},{"@type":"WebPage","@id":"https:\/\/mznoticia.com.br\/jaguariaiva\/tensao-no-ar-aviao-da-embraer-se-aproxima-do-helicoptero-que-levava-trump\/","url":"https:\/\/mznoticia.com.br\/jaguariaiva\/tensao-no-ar-aviao-da-embraer-se-aproxima-do-helicoptero-que-levava-trump\/","name":"TENS\u00c3O NO AR: avi\u00e3o da Embraer se aproxima do helic\u00f3ptero que levava Trump - Mz Not\u00edcias","isPartOf":{"@id":"https:\/\/mznoticia.com.br\/jaguariaiva\/#website"},"primaryImageOfPage":{"@id":"https:\/\/mznoticia.com.br\/jaguariaiva\/tensao-no-ar-aviao-da-embraer-se-aproxima-do-helicoptero-que-levava-trump\/#primaryimage"},"image":{"@id":"https:\/\/mznoticia.com.br\/jaguariaiva\/tensao-no-ar-aviao-da-embraer-se-aproxima-do-helicoptero-que-levava-trump\/#primaryimage"},"thumbnailUrl":"https:\/\/mznoticia.com.br\/jaguariaiva\/wp-content\/uploads\/2026\/08\/marine-scaled.jpg","datePublished":"2026-08-28T20:20:58+00:00","description":"Um avi\u00e3o comercial fabricado pela Embraer passou perto do Marine One, helic\u00f3ptero que transportava Donald Trump, em Washington. O incidente \u00e9 investigado nos EUA.","breadcrumb":{"@id":"https:\/\/mznoticia.com.br\/jaguariaiva\/tensao-no-ar-aviao-da-embraer-se-aproxima-do-helicoptero-que-levava-trump\/#breadcrumb"},"inLanguage":"pt-BR","potentialAction":[{"@type":"ReadAction","target":["https:\/\/mznoticia.com.br\/jaguariaiva\/tensao-no-ar-aviao-da-embraer-se-aproxima-do-helicoptero-que-levava-trump\/"]}]},{"@type":"ImageObject","inLanguage":"pt-BR","@id":"https:\/\/mznoticia.com.br\/jaguariaiva\/tensao-no-ar-aviao-da-embraer-se-aproxima-do-helicoptero-que-levava-trump\/#primaryimage","url":"https:\/\/mznoticia.com.br\/jaguariaiva\/wp-content\/uploads\/2026\/08\/marine-scaled.jpg","contentUrl":"https:\/\/mznoticia.com.br\/jaguariaiva\/wp-content\/uploads\/2026\/08\/marine-scaled.jpg","width":2560,"height":1917,"caption":"180922-M-ZY870-531 WASHINGTON (Sept. 22, 2018) Marine Helicopter Squadron (HMX) 1 conducts test flights of the new VH-92A helicopter over the South Lawn of the White House, Sept. 22, 2018, in Washington, D.C. (U.S. Marine Corps photo by Sgt. Hunter Helis\/Released)"},{"@type":"BreadcrumbList","@id":"https:\/\/mznoticia.com.br\/jaguariaiva\/tensao-no-ar-aviao-da-embraer-se-aproxima-do-helicoptero-que-levava-trump\/#breadcrumb","itemListElement":[{"@type":"ListItem","position":1,"name":"Home","item":"https:\/\/mznoticia.com.br\/jaguariaiva\/"},{"@type":"ListItem","position":2,"name":"TENS\u00c3O NO AR: avi\u00e3o da Embraer se aproxima do helic\u00f3ptero que levava Trump"}]},{"@type":"WebSite","@id":"https:\/\/mznoticia.com.br\/jaguariaiva\/#website","url":"https:\/\/mznoticia.com.br\/jaguariaiva\/","name":"Mz Not\u00edcia","description":"A informa\u00e7\u00e3o que voc\u00ea precisa na hora certa!","publisher":{"@id":"https:\/\/mznoticia.com.br\/jaguariaiva\/#organization"},"potentialAction":[{"@type":"SearchAction","target":{"@type":"EntryPoint","urlTemplate":"https:\/\/mznoticia.com.br\/jaguariaiva\/?s={search_term_string}"},"query-input":{"@type":"PropertyValueSpecification","valueRequired":true,"valueName":"search_term_string"}}],"inLanguage":"pt-BR"},{"@type":"Organization","@id":"https:\/\/mznoticia.com.br\/jaguariaiva\/#organization","name":"Mz Not\u00edcia","url":"https:\/\/mznoticia.com.br\/jaguariaiva\/","logo":{"@type":"ImageObject","inLanguage":"pt-BR","@id":"https:\/\/mznoticia.com.br\/jaguariaiva\/#\/schema\/logo\/image\/","url":"https:\/\/mznoticia.com.br\/jaguariaiva\/wp-content\/uploads\/2025\/03\/Design-sem-nome-4-e1741200616392.png","contentUrl":"https:\/\/mznoticia.com.br\/jaguariaiva\/wp-content\/uploads\/2025\/03\/Design-sem-nome-4-e1741200616392.png","width":750,"height":563,"caption":"Mz Not\u00edcia"},"image":{"@id":"https:\/\/mznoticia.com.br\/jaguariaiva\/#\/schema\/logo\/image\/"},"sameAs":["https:\/\/www.facebook.com\/profile.php?id=61573479951222","https:\/\/www.instagram.com\/mz.jaguariaiva\/"]},{"@type":"Person","@id":"https:\/\/mznoticia.com.br\/jaguariaiva\/#\/schema\/person\/7ecde13ae5f5a92f0ff9b2155d7a6d6e","name":"Reda\u00e7\u00e3o MZ","image":{"@type":"ImageObject","inLanguage":"pt-BR","@id":"https:\/\/mznoticia.com.br\/jaguariaiva\/wp-content\/uploads\/2025\/02\/mznoticia_jaguariaiva_coluna-150x150.png","url":"https:\/\/mznoticia.com.br\/jaguariaiva\/wp-content\/uploads\/2025\/02\/mznoticia_jaguariaiva_coluna-150x150.png","contentUrl":"https:\/\/mznoticia.com.br\/jaguariaiva\/wp-content\/uploads\/2025\/02\/mznoticia_jaguariaiva_coluna-150x150.png","caption":"Reda\u00e7\u00e3o MZ"},"url":"https:\/\/mznoticia.com.br\/jaguariaiva\/author\/yan\/"}]}},"_links":{"self":[{"href":"https:\/\/mznoticia.com.br\/jaguariaiva\/wp-json\/wp\/v2\/posts\/7342","targetHints":{"allow":["GET"]}}],"collection":[{"href":"https:\/\/mznoticia.com.br\/jaguariaiva\/wp-json\/wp\/v2\/posts"}],"about":[{"href":"https:\/\/mznoticia.com.br\/jaguariaiva\/wp-json\/wp\/v2\/types\/post"}],"author":[{"embeddable":true,"href":"https:\/\/mznoticia.com.br\/jaguariaiva\/wp-json\/wp\/v2\/users\/18"}],"replies":[{"embeddable":true,"href":"https:\/\/mznoticia.com.br\/jaguariaiva\/wp-json\/wp\/v2\/comments?post=7342"}],"version-history":[{"count":1,"href":"https:\/\/mznoticia.com.br\/jaguariaiva\/wp-json\/wp\/v2\/posts\/7342\/revisions"}],"predecessor-version":[{"id":7344,"href":"https:\/\/mznoticia.com.br\/jaguariaiva\/wp-json\/wp\/v2\/posts\/7342\/revisions\/7344"}],"wp:featuredmedia":[{"embeddable":true,"href":"https:\/\/mznoticia.com.br\/jaguariaiva\/wp-json\/wp\/v2\/media\/7343"}],"wp:attachment":[{"href":"https:\/\/mznoticia.com.br\/jaguariaiva\/wp-json\/wp\/v2\/media?parent=7342"}],"wp:term":[{"taxonomy":"category","embeddable":true,"href":"https:\/\/mznoticia.com.br\/jaguariaiva\/wp-json\/wp\/v2\/categories?post=7342"},{"taxonomy":"post_tag","embeddable":true,"href":"https:\/\/mznoticia.com.br\/jaguariaiva\/wp-json\/wp\/v2\/tags?post=7342"}],"curies":[{"name":"wp","href":"https:\/\/api.w.org\/{rel}","templated":true}]}}