{"id":7348,"date":"2026-08-28T20:48:25","date_gmt":"2026-08-28T20:48:25","guid":{"rendered":"https:\/\/mznoticia.com.br\/jaguariaiva\/?p=7348"},"modified":"2026-08-28T20:48:25","modified_gmt":"2026-08-28T20:48:25","slug":"moradores-de-rua-em-ponta-grossa-comite-e-reativado-para-buscar-solucoes","status":"publish","type":"post","link":"https:\/\/mznoticia.com.br\/jaguariaiva\/moradores-de-rua-em-ponta-grossa-comite-e-reativado-para-buscar-solucoes\/","title":{"rendered":"MORADORES DE RUA EM PONTA GROSSA: COMIT\u00ca \u00c9 REATIVADO PARA BUSCAR SOLU\u00c7\u00d5ES"},"content":{"rendered":"<p class=\"isSelectedEnd\">O <strong>Comit\u00ea de Vida e Dignidade<\/strong> ser\u00e1 reativado em Ponta Grossa com o objetivo de discutir alternativas e buscar solu\u00e7\u00f5es para quest\u00f5es envolvendo pessoas em situa\u00e7\u00e3o de rua no munic\u00edpio. A retomada do grupo ser\u00e1 articulada pelo <strong>Conselho Comunit\u00e1rio de Seguran\u00e7a de Ponta Grossa (Conseg)<\/strong>.<\/p>\n<p class=\"isSelectedEnd\">A reativa\u00e7\u00e3o foi confirmada ap\u00f3s uma reuni\u00e3o realizada nesta semana, que reuniu representantes de diferentes setores da sociedade. A proposta \u00e9 promover a participa\u00e7\u00e3o do poder p\u00fablico, entidades empresariais, lideran\u00e7as religiosas e representantes da sociedade civil na discuss\u00e3o de poss\u00edveis encaminhamentos.<\/p>\n<p class=\"isSelectedEnd\">O comit\u00ea havia sido criado em 2025 para tratar especificamente da situa\u00e7\u00e3o das pessoas que vivem nas ruas, mas suas atividades ficaram interrompidas durante um per\u00edodo. Agora, o grupo passar\u00e1 por uma reformula\u00e7\u00e3o antes da retomada dos trabalhos.<\/p>\n<h2>Comit\u00ea ser\u00e1 um bra\u00e7o do Conseg<\/h2>\n<p class=\"isSelectedEnd\">De acordo com o presidente do Conselho Comunit\u00e1rio de Seguran\u00e7a, <strong>Elidio de Macedo<\/strong>, a reativa\u00e7\u00e3o do Comit\u00ea de Vida e Dignidade n\u00e3o ir\u00e1 substituir as atividades j\u00e1 realizadas pelo Conseg.<\/p>\n<p class=\"isSelectedEnd\">A proposta \u00e9 que o grupo funcione como uma frente espec\u00edfica para discutir quest\u00f5es relacionadas \u00e0 popula\u00e7\u00e3o em situa\u00e7\u00e3o de rua, enquanto o Conselho Comunit\u00e1rio de Seguran\u00e7a continuar\u00e1 desenvolvendo normalmente suas demais atividades.<\/p>\n<p class=\"isSelectedEnd\">A inten\u00e7\u00e3o \u00e9 reunir diferentes segmentos para analisar situa\u00e7\u00f5es consideradas priorit\u00e1rias e construir poss\u00edveis solu\u00e7\u00f5es de forma conjunta.<\/p>\n<h2>Paraguaizinho deve receber aten\u00e7\u00e3o especial<\/h2>\n<p class=\"isSelectedEnd\">Entre as regi\u00f5es que devem receber maior aten\u00e7\u00e3o est\u00e1 o entorno do <strong>Paraguaizinho<\/strong>. A \u00e1rea foi um dos principais pontos discutidos durante a reuni\u00e3o, que contou com representantes do poder p\u00fablico, comerciantes, lideran\u00e7as religiosas e entidades ligadas \u00e0 \u00e1rea social.<\/p>\n<p class=\"isSelectedEnd\">Segundo os participantes, comerciantes e pessoas que circulam pela regi\u00e3o t\u00eam relatado situa\u00e7\u00f5es que geram preocupa\u00e7\u00e3o.<\/p>\n<p class=\"isSelectedEnd\">Apesar de o problema ser registrado em diferentes \u00e1reas de Ponta Grossa, o Paraguaizinho dever\u00e1 estar entre as prioridades iniciais do comit\u00ea.<\/p>\n<h2>Pr\u00f3ximos passos ainda ser\u00e3o definidos<\/h2>\n<p class=\"isSelectedEnd\">Os detalhes sobre as primeiras a\u00e7\u00f5es, a composi\u00e7\u00e3o definitiva do Comit\u00ea de Vida e Dignidade e o calend\u00e1rio das pr\u00f3ximas reuni\u00f5es ainda dever\u00e3o ser divulgados.<\/p>\n<p class=\"isSelectedEnd\">A expectativa \u00e9 que o grupo articule propostas envolvendo \u00e1reas como <strong>seguran\u00e7a, assist\u00eancia social, acolhimento e atendimento \u00e0s pessoas em situa\u00e7\u00e3o de rua<\/strong>.<\/p>\n<p>A retomada do comit\u00ea busca ampliar o di\u00e1logo entre diferentes setores da cidade para discutir medidas e poss\u00edveis encaminhamentos para uma quest\u00e3o que afeta diversas regi\u00f5es de Ponta Grossa.<\/p>\n","protected":false},"excerpt":{"rendered":"<p>O Comit\u00ea de Vida e Dignidade ser\u00e1 reativado em Ponta Grossa com o objetivo de discutir alternativas e buscar solu\u00e7\u00f5es para quest\u00f5es envolvendo pessoas em situa\u00e7\u00e3o de rua no munic\u00edpio. A retomada do grupo ser\u00e1 articulada pelo Conselho Comunit\u00e1rio de Seguran\u00e7a de Ponta Grossa (Conseg). A reativa\u00e7\u00e3o foi confirmada ap\u00f3s uma reuni\u00e3o realizada nesta semana, [&hellip;]<\/p>\n","protected":false},"author":18,"featured_media":7349,"comment_status":"open","ping_status":"open","sticky":false,"template":"","format":"standard","meta":{"footnotes":""},"categories":[8,12],"tags":[3003,314,3004,3002,47,3001,3000,24,216,316],"class_list":["post-7348","post","type-post","status-publish","format-standard","has-post-thumbnail","hentry","category-campos-gerais","category-geral","tag-assistencia-social","tag-campos-gerais","tag-comite-de-vida-e-dignidade","tag-conseg","tag-destaque","tag-paraguaizinho","tag-pessoas-em-situacao-de-rua","tag-ponta-grossa","tag-prefeitura-de-ponta-grossa","tag-seguranca-publica"],"yoast_head":"<!-- This site is optimized with the Yoast SEO plugin v28.1 - https:\/\/yoast.com\/product\/yoast-seo-wordpress\/ -->\n<title>MORADORES DE RUA EM PONTA GROSSA: COMIT\u00ca \u00c9 REATIVADO PARA BUSCAR SOLU\u00c7\u00d5ES - Mz Not\u00edcias<\/title>\n<meta name=\"description\" content=\"Comit\u00ea de Vida e Dignidade ser\u00e1 reativado em Ponta Grossa para discutir solu\u00e7\u00f5es e encaminhamentos para pessoas em situa\u00e7\u00e3o de rua, com aten\u00e7\u00e3o especial ao Paraguaizinho\" \/>\n<meta name=\"robots\" content=\"index, follow, max-snippet:-1, max-image-preview:large, max-video-preview:-1\" \/>\n<link rel=\"canonical\" href=\"https:\/\/mznoticia.com.br\/jaguariaiva\/moradores-de-rua-em-ponta-grossa-comite-e-reativado-para-buscar-solucoes\/\" \/>\n<meta property=\"og:locale\" content=\"pt_BR\" \/>\n<meta property=\"og:type\" content=\"article\" \/>\n<meta property=\"og:title\" content=\"MORADORES DE RUA EM PONTA GROSSA: COMIT\u00ca \u00c9 REATIVADO PARA BUSCAR SOLU\u00c7\u00d5ES - Mz Not\u00edcias\" \/>\n<meta property=\"og:description\" content=\"Comit\u00ea de Vida e Dignidade ser\u00e1 reativado em Ponta Grossa para discutir solu\u00e7\u00f5es e encaminhamentos para pessoas em situa\u00e7\u00e3o de rua, com aten\u00e7\u00e3o especial ao Paraguaizinho\" \/>\n<meta property=\"og:url\" content=\"https:\/\/mznoticia.com.br\/jaguariaiva\/moradores-de-rua-em-ponta-grossa-comite-e-reativado-para-buscar-solucoes\/\" \/>\n<meta property=\"og:site_name\" content=\"Mz Not\u00edcias\" \/>\n<meta property=\"article:publisher\" content=\"https:\/\/www.facebook.com\/profile.php?id=61573479951222\" \/>\n<meta property=\"article:published_time\" content=\"2026-08-28T20:48:25+00:00\" \/>\n<meta property=\"og:image\" content=\"https:\/\/mznoticia.com.br\/jaguariaiva\/wp-content\/uploads\/2026\/08\/rua.jpg\" \/>\n\t<meta property=\"og:image:width\" content=\"1280\" \/>\n\t<meta property=\"og:image:height\" content=\"853\" \/>\n\t<meta property=\"og:image:type\" content=\"image\/jpeg\" \/>\n<meta name=\"author\" content=\"Reda\u00e7\u00e3o MZ\" \/>\n<meta name=\"twitter:card\" content=\"summary_large_image\" \/>\n<meta name=\"twitter:label1\" content=\"Escrito por\" \/>\n\t<meta name=\"twitter:data1\" content=\"Reda\u00e7\u00e3o MZ\" \/>\n\t<meta name=\"twitter:label2\" content=\"Est. tempo de leitura\" \/>\n\t<meta name=\"twitter:data2\" content=\"3 minutos\" \/>\n<script type=\"application\/ld+json\" class=\"yoast-schema-graph\">{\"@context\":\"https:\\\/\\\/schema.org\",\"@graph\":[{\"@type\":\"Article\",\"@id\":\"https:\\\/\\\/mznoticia.com.br\\\/jaguariaiva\\\/moradores-de-rua-em-ponta-grossa-comite-e-reativado-para-buscar-solucoes\\\/#article\",\"isPartOf\":{\"@id\":\"https:\\\/\\\/mznoticia.com.br\\\/jaguariaiva\\\/moradores-de-rua-em-ponta-grossa-comite-e-reativado-para-buscar-solucoes\\\/\"},\"author\":{\"name\":\"Reda\u00e7\u00e3o MZ\",\"@id\":\"https:\\\/\\\/mznoticia.com.br\\\/jaguariaiva\\\/#\\\/schema\\\/person\\\/7ecde13ae5f5a92f0ff9b2155d7a6d6e\"},\"headline\":\"MORADORES DE RUA EM PONTA GROSSA: COMIT\u00ca \u00c9 REATIVADO PARA BUSCAR SOLU\u00c7\u00d5ES\",\"datePublished\":\"2026-08-28T20:48:25+00:00\",\"mainEntityOfPage\":{\"@id\":\"https:\\\/\\\/mznoticia.com.br\\\/jaguariaiva\\\/moradores-de-rua-em-ponta-grossa-comite-e-reativado-para-buscar-solucoes\\\/\"},\"wordCount\":439,\"commentCount\":0,\"publisher\":{\"@id\":\"https:\\\/\\\/mznoticia.com.br\\\/jaguariaiva\\\/#organization\"},\"image\":{\"@id\":\"https:\\\/\\\/mznoticia.com.br\\\/jaguariaiva\\\/moradores-de-rua-em-ponta-grossa-comite-e-reativado-para-buscar-solucoes\\\/#primaryimage\"},\"thumbnailUrl\":\"https:\\\/\\\/mznoticia.com.br\\\/jaguariaiva\\\/wp-content\\\/uploads\\\/2026\\\/08\\\/rua.jpg\",\"keywords\":[\"Assist\u00eancia Social\",\"Campos Gerais\",\"Comit\u00ea de Vida e Dignidade\",\"Conseg\",\"destaque\",\"Paraguaizinho\",\"Pessoas em Situa\u00e7\u00e3o de Rua\",\"Ponta Grossa\",\"Prefeitura de Ponta Grossa\",\"Seguran\u00e7a P\u00fablica\"],\"articleSection\":[\"Campos Gerais\",\"Geral\"],\"inLanguage\":\"pt-BR\",\"potentialAction\":[{\"@type\":\"CommentAction\",\"name\":\"Comment\",\"target\":[\"https:\\\/\\\/mznoticia.com.br\\\/jaguariaiva\\\/moradores-de-rua-em-ponta-grossa-comite-e-reativado-para-buscar-solucoes\\\/#respond\"]}]},{\"@type\":\"WebPage\",\"@id\":\"https:\\\/\\\/mznoticia.com.br\\\/jaguariaiva\\\/moradores-de-rua-em-ponta-grossa-comite-e-reativado-para-buscar-solucoes\\\/\",\"url\":\"https:\\\/\\\/mznoticia.com.br\\\/jaguariaiva\\\/moradores-de-rua-em-ponta-grossa-comite-e-reativado-para-buscar-solucoes\\\/\",\"name\":\"MORADORES DE RUA EM PONTA GROSSA: COMIT\u00ca \u00c9 REATIVADO PARA BUSCAR SOLU\u00c7\u00d5ES - Mz Not\u00edcias\",\"isPartOf\":{\"@id\":\"https:\\\/\\\/mznoticia.com.br\\\/jaguariaiva\\\/#website\"},\"primaryImageOfPage\":{\"@id\":\"https:\\\/\\\/mznoticia.com.br\\\/jaguariaiva\\\/moradores-de-rua-em-ponta-grossa-comite-e-reativado-para-buscar-solucoes\\\/#primaryimage\"},\"image\":{\"@id\":\"https:\\\/\\\/mznoticia.com.br\\\/jaguariaiva\\\/moradores-de-rua-em-ponta-grossa-comite-e-reativado-para-buscar-solucoes\\\/#primaryimage\"},\"thumbnailUrl\":\"https:\\\/\\\/mznoticia.com.br\\\/jaguariaiva\\\/wp-content\\\/uploads\\\/2026\\\/08\\\/rua.jpg\",\"datePublished\":\"2026-08-28T20:48:25+00:00\",\"description\":\"Comit\u00ea de Vida e Dignidade ser\u00e1 reativado em Ponta Grossa para discutir solu\u00e7\u00f5es e encaminhamentos para pessoas em situa\u00e7\u00e3o de rua, com aten\u00e7\u00e3o especial ao Paraguaizinho\",\"breadcrumb\":{\"@id\":\"https:\\\/\\\/mznoticia.com.br\\\/jaguariaiva\\\/moradores-de-rua-em-ponta-grossa-comite-e-reativado-para-buscar-solucoes\\\/#breadcrumb\"},\"inLanguage\":\"pt-BR\",\"potentialAction\":[{\"@type\":\"ReadAction\",\"target\":[\"https:\\\/\\\/mznoticia.com.br\\\/jaguariaiva\\\/moradores-de-rua-em-ponta-grossa-comite-e-reativado-para-buscar-solucoes\\\/\"]}]},{\"@type\":\"ImageObject\",\"inLanguage\":\"pt-BR\",\"@id\":\"https:\\\/\\\/mznoticia.com.br\\\/jaguariaiva\\\/moradores-de-rua-em-ponta-grossa-comite-e-reativado-para-buscar-solucoes\\\/#primaryimage\",\"url\":\"https:\\\/\\\/mznoticia.com.br\\\/jaguariaiva\\\/wp-content\\\/uploads\\\/2026\\\/08\\\/rua.jpg\",\"contentUrl\":\"https:\\\/\\\/mznoticia.com.br\\\/jaguariaiva\\\/wp-content\\\/uploads\\\/2026\\\/08\\\/rua.jpg\",\"width\":1280,\"height\":853},{\"@type\":\"BreadcrumbList\",\"@id\":\"https:\\\/\\\/mznoticia.com.br\\\/jaguariaiva\\\/moradores-de-rua-em-ponta-grossa-comite-e-reativado-para-buscar-solucoes\\\/#breadcrumb\",\"itemListElement\":[{\"@type\":\"ListItem\",\"position\":1,\"name\":\"Home\",\"item\":\"https:\\\/\\\/mznoticia.com.br\\\/jaguariaiva\\\/\"},{\"@type\":\"ListItem\",\"position\":2,\"name\":\"MORADORES DE RUA EM PONTA GROSSA: COMIT\u00ca \u00c9 REATIVADO PARA BUSCAR SOLU\u00c7\u00d5ES\"}]},{\"@type\":\"WebSite\",\"@id\":\"https:\\\/\\\/mznoticia.com.br\\\/jaguariaiva\\\/#website\",\"url\":\"https:\\\/\\\/mznoticia.com.br\\\/jaguariaiva\\\/\",\"name\":\"Mz Not\u00edcia\",\"description\":\"A informa\u00e7\u00e3o que voc\u00ea precisa na hora certa!\",\"publisher\":{\"@id\":\"https:\\\/\\\/mznoticia.com.br\\\/jaguariaiva\\\/#organization\"},\"potentialAction\":[{\"@type\":\"SearchAction\",\"target\":{\"@type\":\"EntryPoint\",\"urlTemplate\":\"https:\\\/\\\/mznoticia.com.br\\\/jaguariaiva\\\/?s={search_term_string}\"},\"query-input\":{\"@type\":\"PropertyValueSpecification\",\"valueRequired\":true,\"valueName\":\"search_term_string\"}}],\"inLanguage\":\"pt-BR\"},{\"@type\":\"Organization\",\"@id\":\"https:\\\/\\\/mznoticia.com.br\\\/jaguariaiva\\\/#organization\",\"name\":\"Mz Not\u00edcia\",\"url\":\"https:\\\/\\\/mznoticia.com.br\\\/jaguariaiva\\\/\",\"logo\":{\"@type\":\"ImageObject\",\"inLanguage\":\"pt-BR\",\"@id\":\"https:\\\/\\\/mznoticia.com.br\\\/jaguariaiva\\\/#\\\/schema\\\/logo\\\/image\\\/\",\"url\":\"https:\\\/\\\/mznoticia.com.br\\\/jaguariaiva\\\/wp-content\\\/uploads\\\/2025\\\/03\\\/Design-sem-nome-4-e1741200616392.png\",\"contentUrl\":\"https:\\\/\\\/mznoticia.com.br\\\/jaguariaiva\\\/wp-content\\\/uploads\\\/2025\\\/03\\\/Design-sem-nome-4-e1741200616392.png\",\"width\":750,\"height\":563,\"caption\":\"Mz Not\u00edcia\"},\"image\":{\"@id\":\"https:\\\/\\\/mznoticia.com.br\\\/jaguariaiva\\\/#\\\/schema\\\/logo\\\/image\\\/\"},\"sameAs\":[\"https:\\\/\\\/www.facebook.com\\\/profile.php?id=61573479951222\",\"https:\\\/\\\/www.instagram.com\\\/mz.jaguariaiva\\\/\"]},{\"@type\":\"Person\",\"@id\":\"https:\\\/\\\/mznoticia.com.br\\\/jaguariaiva\\\/#\\\/schema\\\/person\\\/7ecde13ae5f5a92f0ff9b2155d7a6d6e\",\"name\":\"Reda\u00e7\u00e3o MZ\",\"image\":{\"@type\":\"ImageObject\",\"inLanguage\":\"pt-BR\",\"@id\":\"https:\\\/\\\/mznoticia.com.br\\\/jaguariaiva\\\/wp-content\\\/uploads\\\/2025\\\/02\\\/mznoticia_jaguariaiva_coluna-150x150.png\",\"url\":\"https:\\\/\\\/mznoticia.com.br\\\/jaguariaiva\\\/wp-content\\\/uploads\\\/2025\\\/02\\\/mznoticia_jaguariaiva_coluna-150x150.png\",\"contentUrl\":\"https:\\\/\\\/mznoticia.com.br\\\/jaguariaiva\\\/wp-content\\\/uploads\\\/2025\\\/02\\\/mznoticia_jaguariaiva_coluna-150x150.png\",\"caption\":\"Reda\u00e7\u00e3o MZ\"},\"url\":\"https:\\\/\\\/mznoticia.com.br\\\/jaguariaiva\\\/author\\\/yan\\\/\"}]}<\/script>\n<!-- \/ Yoast SEO plugin. -->","yoast_head_json":{"title":"MORADORES DE RUA EM PONTA GROSSA: COMIT\u00ca \u00c9 REATIVADO PARA BUSCAR SOLU\u00c7\u00d5ES - Mz Not\u00edcias","description":"Comit\u00ea de Vida e Dignidade ser\u00e1 reativado em Ponta Grossa para discutir solu\u00e7\u00f5es e encaminhamentos para pessoas em situa\u00e7\u00e3o de rua, com aten\u00e7\u00e3o especial ao Paraguaizinho","robots":{"index":"index","follow":"follow","max-snippet":"max-snippet:-1","max-image-preview":"max-image-preview:large","max-video-preview":"max-video-preview:-1"},"canonical":"https:\/\/mznoticia.com.br\/jaguariaiva\/moradores-de-rua-em-ponta-grossa-comite-e-reativado-para-buscar-solucoes\/","og_locale":"pt_BR","og_type":"article","og_title":"MORADORES DE RUA EM PONTA GROSSA: COMIT\u00ca \u00c9 REATIVADO PARA BUSCAR SOLU\u00c7\u00d5ES - Mz Not\u00edcias","og_description":"Comit\u00ea de Vida e Dignidade ser\u00e1 reativado em Ponta Grossa para discutir solu\u00e7\u00f5es e encaminhamentos para pessoas em situa\u00e7\u00e3o de rua, com aten\u00e7\u00e3o especial ao Paraguaizinho","og_url":"https:\/\/mznoticia.com.br\/jaguariaiva\/moradores-de-rua-em-ponta-grossa-comite-e-reativado-para-buscar-solucoes\/","og_site_name":"Mz Not\u00edcias","article_publisher":"https:\/\/www.facebook.com\/profile.php?id=61573479951222","article_published_time":"2026-08-28T20:48:25+00:00","og_image":[{"width":1280,"height":853,"url":"https:\/\/mznoticia.com.br\/jaguariaiva\/wp-content\/uploads\/2026\/08\/rua.jpg","type":"image\/jpeg"}],"author":"Reda\u00e7\u00e3o MZ","twitter_card":"summary_large_image","twitter_misc":{"Escrito por":"Reda\u00e7\u00e3o MZ","Est. tempo de leitura":"3 minutos"},"schema":{"@context":"https:\/\/schema.org","@graph":[{"@type":"Article","@id":"https:\/\/mznoticia.com.br\/jaguariaiva\/moradores-de-rua-em-ponta-grossa-comite-e-reativado-para-buscar-solucoes\/#article","isPartOf":{"@id":"https:\/\/mznoticia.com.br\/jaguariaiva\/moradores-de-rua-em-ponta-grossa-comite-e-reativado-para-buscar-solucoes\/"},"author":{"name":"Reda\u00e7\u00e3o MZ","@id":"https:\/\/mznoticia.com.br\/jaguariaiva\/#\/schema\/person\/7ecde13ae5f5a92f0ff9b2155d7a6d6e"},"headline":"MORADORES DE RUA EM PONTA GROSSA: COMIT\u00ca \u00c9 REATIVADO PARA BUSCAR SOLU\u00c7\u00d5ES","datePublished":"2026-08-28T20:48:25+00:00","mainEntityOfPage":{"@id":"https:\/\/mznoticia.com.br\/jaguariaiva\/moradores-de-rua-em-ponta-grossa-comite-e-reativado-para-buscar-solucoes\/"},"wordCount":439,"commentCount":0,"publisher":{"@id":"https:\/\/mznoticia.com.br\/jaguariaiva\/#organization"},"image":{"@id":"https:\/\/mznoticia.com.br\/jaguariaiva\/moradores-de-rua-em-ponta-grossa-comite-e-reativado-para-buscar-solucoes\/#primaryimage"},"thumbnailUrl":"https:\/\/mznoticia.com.br\/jaguariaiva\/wp-content\/uploads\/2026\/08\/rua.jpg","keywords":["Assist\u00eancia Social","Campos Gerais","Comit\u00ea de Vida e Dignidade","Conseg","destaque","Paraguaizinho","Pessoas em Situa\u00e7\u00e3o de Rua","Ponta Grossa","Prefeitura de Ponta Grossa","Seguran\u00e7a P\u00fablica"],"articleSection":["Campos Gerais","Geral"],"inLanguage":"pt-BR","potentialAction":[{"@type":"CommentAction","name":"Comment","target":["https:\/\/mznoticia.com.br\/jaguariaiva\/moradores-de-rua-em-ponta-grossa-comite-e-reativado-para-buscar-solucoes\/#respond"]}]},{"@type":"WebPage","@id":"https:\/\/mznoticia.com.br\/jaguariaiva\/moradores-de-rua-em-ponta-grossa-comite-e-reativado-para-buscar-solucoes\/","url":"https:\/\/mznoticia.com.br\/jaguariaiva\/moradores-de-rua-em-ponta-grossa-comite-e-reativado-para-buscar-solucoes\/","name":"MORADORES DE RUA EM PONTA GROSSA: COMIT\u00ca \u00c9 REATIVADO PARA BUSCAR SOLU\u00c7\u00d5ES - Mz Not\u00edcias","isPartOf":{"@id":"https:\/\/mznoticia.com.br\/jaguariaiva\/#website"},"primaryImageOfPage":{"@id":"https:\/\/mznoticia.com.br\/jaguariaiva\/moradores-de-rua-em-ponta-grossa-comite-e-reativado-para-buscar-solucoes\/#primaryimage"},"image":{"@id":"https:\/\/mznoticia.com.br\/jaguariaiva\/moradores-de-rua-em-ponta-grossa-comite-e-reativado-para-buscar-solucoes\/#primaryimage"},"thumbnailUrl":"https:\/\/mznoticia.com.br\/jaguariaiva\/wp-content\/uploads\/2026\/08\/rua.jpg","datePublished":"2026-08-28T20:48:25+00:00","description":"Comit\u00ea de Vida e Dignidade ser\u00e1 reativado em Ponta Grossa para discutir solu\u00e7\u00f5es e encaminhamentos para pessoas em situa\u00e7\u00e3o de rua, com aten\u00e7\u00e3o especial ao Paraguaizinho","breadcrumb":{"@id":"https:\/\/mznoticia.com.br\/jaguariaiva\/moradores-de-rua-em-ponta-grossa-comite-e-reativado-para-buscar-solucoes\/#breadcrumb"},"inLanguage":"pt-BR","potentialAction":[{"@type":"ReadAction","target":["https:\/\/mznoticia.com.br\/jaguariaiva\/moradores-de-rua-em-ponta-grossa-comite-e-reativado-para-buscar-solucoes\/"]}]},{"@type":"ImageObject","inLanguage":"pt-BR","@id":"https:\/\/mznoticia.com.br\/jaguariaiva\/moradores-de-rua-em-ponta-grossa-comite-e-reativado-para-buscar-solucoes\/#primaryimage","url":"https:\/\/mznoticia.com.br\/jaguariaiva\/wp-content\/uploads\/2026\/08\/rua.jpg","contentUrl":"https:\/\/mznoticia.com.br\/jaguariaiva\/wp-content\/uploads\/2026\/08\/rua.jpg","width":1280,"height":853},{"@type":"BreadcrumbList","@id":"https:\/\/mznoticia.com.br\/jaguariaiva\/moradores-de-rua-em-ponta-grossa-comite-e-reativado-para-buscar-solucoes\/#breadcrumb","itemListElement":[{"@type":"ListItem","position":1,"name":"Home","item":"https:\/\/mznoticia.com.br\/jaguariaiva\/"},{"@type":"ListItem","position":2,"name":"MORADORES DE RUA EM PONTA GROSSA: COMIT\u00ca \u00c9 REATIVADO PARA BUSCAR SOLU\u00c7\u00d5ES"}]},{"@type":"WebSite","@id":"https:\/\/mznoticia.com.br\/jaguariaiva\/#website","url":"https:\/\/mznoticia.com.br\/jaguariaiva\/","name":"Mz Not\u00edcia","description":"A informa\u00e7\u00e3o que voc\u00ea precisa na hora certa!","publisher":{"@id":"https:\/\/mznoticia.com.br\/jaguariaiva\/#organization"},"potentialAction":[{"@type":"SearchAction","target":{"@type":"EntryPoint","urlTemplate":"https:\/\/mznoticia.com.br\/jaguariaiva\/?s={search_term_string}"},"query-input":{"@type":"PropertyValueSpecification","valueRequired":true,"valueName":"search_term_string"}}],"inLanguage":"pt-BR"},{"@type":"Organization","@id":"https:\/\/mznoticia.com.br\/jaguariaiva\/#organization","name":"Mz Not\u00edcia","url":"https:\/\/mznoticia.com.br\/jaguariaiva\/","logo":{"@type":"ImageObject","inLanguage":"pt-BR","@id":"https:\/\/mznoticia.com.br\/jaguariaiva\/#\/schema\/logo\/image\/","url":"https:\/\/mznoticia.com.br\/jaguariaiva\/wp-content\/uploads\/2025\/03\/Design-sem-nome-4-e1741200616392.png","contentUrl":"https:\/\/mznoticia.com.br\/jaguariaiva\/wp-content\/uploads\/2025\/03\/Design-sem-nome-4-e1741200616392.png","width":750,"height":563,"caption":"Mz Not\u00edcia"},"image":{"@id":"https:\/\/mznoticia.com.br\/jaguariaiva\/#\/schema\/logo\/image\/"},"sameAs":["https:\/\/www.facebook.com\/profile.php?id=61573479951222","https:\/\/www.instagram.com\/mz.jaguariaiva\/"]},{"@type":"Person","@id":"https:\/\/mznoticia.com.br\/jaguariaiva\/#\/schema\/person\/7ecde13ae5f5a92f0ff9b2155d7a6d6e","name":"Reda\u00e7\u00e3o MZ","image":{"@type":"ImageObject","inLanguage":"pt-BR","@id":"https:\/\/mznoticia.com.br\/jaguariaiva\/wp-content\/uploads\/2025\/02\/mznoticia_jaguariaiva_coluna-150x150.png","url":"https:\/\/mznoticia.com.br\/jaguariaiva\/wp-content\/uploads\/2025\/02\/mznoticia_jaguariaiva_coluna-150x150.png","contentUrl":"https:\/\/mznoticia.com.br\/jaguariaiva\/wp-content\/uploads\/2025\/02\/mznoticia_jaguariaiva_coluna-150x150.png","caption":"Reda\u00e7\u00e3o MZ"},"url":"https:\/\/mznoticia.com.br\/jaguariaiva\/author\/yan\/"}]}},"_links":{"self":[{"href":"https:\/\/mznoticia.com.br\/jaguariaiva\/wp-json\/wp\/v2\/posts\/7348","targetHints":{"allow":["GET"]}}],"collection":[{"href":"https:\/\/mznoticia.com.br\/jaguariaiva\/wp-json\/wp\/v2\/posts"}],"about":[{"href":"https:\/\/mznoticia.com.br\/jaguariaiva\/wp-json\/wp\/v2\/types\/post"}],"author":[{"embeddable":true,"href":"https:\/\/mznoticia.com.br\/jaguariaiva\/wp-json\/wp\/v2\/users\/18"}],"replies":[{"embeddable":true,"href":"https:\/\/mznoticia.com.br\/jaguariaiva\/wp-json\/wp\/v2\/comments?post=7348"}],"version-history":[{"count":1,"href":"https:\/\/mznoticia.com.br\/jaguariaiva\/wp-json\/wp\/v2\/posts\/7348\/revisions"}],"predecessor-version":[{"id":7350,"href":"https:\/\/mznoticia.com.br\/jaguariaiva\/wp-json\/wp\/v2\/posts\/7348\/revisions\/7350"}],"wp:featuredmedia":[{"embeddable":true,"href":"https:\/\/mznoticia.com.br\/jaguariaiva\/wp-json\/wp\/v2\/media\/7349"}],"wp:attachment":[{"href":"https:\/\/mznoticia.com.br\/jaguariaiva\/wp-json\/wp\/v2\/media?parent=7348"}],"wp:term":[{"taxonomy":"category","embeddable":true,"href":"https:\/\/mznoticia.com.br\/jaguariaiva\/wp-json\/wp\/v2\/categories?post=7348"},{"taxonomy":"post_tag","embeddable":true,"href":"https:\/\/mznoticia.com.br\/jaguariaiva\/wp-json\/wp\/v2\/tags?post=7348"}],"curies":[{"name":"wp","href":"https:\/\/api.w.org\/{rel}","templated":true}]}}