{"id":7351,"date":"2026-08-28T21:04:15","date_gmt":"2026-08-28T21:04:15","guid":{"rendered":"https:\/\/mznoticia.com.br\/jaguariaiva\/?p=7351"},"modified":"2026-08-28T21:04:15","modified_gmt":"2026-08-28T21:04:15","slug":"parana-mantem-saldo-positivo-de-empregos-enquanto-industria-se-destaca-em-ponta-grossa","status":"publish","type":"post","link":"https:\/\/mznoticia.com.br\/jaguariaiva\/parana-mantem-saldo-positivo-de-empregos-enquanto-industria-se-destaca-em-ponta-grossa\/","title":{"rendered":"Paran\u00e1 mant\u00e9m saldo positivo de empregos, enquanto ind\u00fastria se destaca em Ponta Grossa"},"content":{"rendered":"<p class=\"isSelectedEnd\">O Paran\u00e1 fechou julho de 2026 com saldo positivo na gera\u00e7\u00e3o de empregos formais, segundo dados do Cadastro Geral de Empregados e Desempregados (Caged), divulgados nesta sexta-feira (28).<\/p>\n<p class=\"isSelectedEnd\">No per\u00edodo, o estado registrou <strong>523 novos postos de trabalho com carteira assinada<\/strong>. Foram aproximadamente <strong>170,7 mil admiss\u00f5es<\/strong> e <strong>170,2 mil desligamentos<\/strong>.<\/p>\n<p class=\"isSelectedEnd\">O setor de <strong>Servi\u00e7os<\/strong> foi o principal destaque no Paran\u00e1, com a cria\u00e7\u00e3o de mais de <strong>1,4 mil vagas<\/strong>. O segmento tamb\u00e9m liderou o n\u00famero de contrata\u00e7\u00f5es, somando cerca de <strong>79,1 mil admiss\u00f5es<\/strong> durante o m\u00eas.<\/p>\n<h2>Ind\u00fastria tem saldo positivo em Ponta Grossa<\/h2>\n<p class=\"isSelectedEnd\">Em Ponta Grossa, o resultado geral do mercado formal de trabalho foi negativo em julho, com saldo de <strong>-370 vagas<\/strong>.<\/p>\n<p class=\"isSelectedEnd\">Apesar disso, a <strong>Ind\u00fastria<\/strong> apresentou desempenho positivo e foi o principal destaque entre os setores do munic\u00edpio. O segmento registrou mais de <strong>1 mil contrata\u00e7\u00f5es<\/strong> e terminou o per\u00edodo com saldo positivo de <strong>140 novos empregos formais<\/strong>.<\/p>\n<p class=\"isSelectedEnd\">O setor de <strong>Servi\u00e7os<\/strong> foi o que mais contratou na cidade, com aproximadamente <strong>2,5 mil admiss\u00f5es<\/strong>. Na sequ\u00eancia aparece o <strong>Com\u00e9rcio<\/strong>, respons\u00e1vel por cerca de <strong>1,4 mil contrata\u00e7\u00f5es<\/strong>.<\/p>\n<p class=\"isSelectedEnd\">Os n\u00fameros refor\u00e7am a import\u00e2ncia da ind\u00fastria para o mercado de trabalho de Ponta Grossa, especialmente em um per\u00edodo em que o munic\u00edpio registrou saldo geral negativo na gera\u00e7\u00e3o de empregos.<\/p>\n<h2>Brasil tamb\u00e9m registra saldo positivo<\/h2>\n<p class=\"isSelectedEnd\">Em todo o pa\u00eds, o mercado formal de trabalho encerrou julho de 2026 com saldo positivo de <strong>58,5 mil vagas<\/strong>.<\/p>\n<p class=\"isSelectedEnd\">O resultado foi alcan\u00e7ado ap\u00f3s <strong>2.262.888 admiss\u00f5es<\/strong> e <strong>2.204.320 desligamentos<\/strong> registrados durante o m\u00eas.<\/p>\n<p>Com isso, o estoque de v\u00ednculos formais de trabalho no Brasil chegou a <strong>48,08 milh\u00f5es<\/strong>.<\/p>\n","protected":false},"excerpt":{"rendered":"<p>O Paran\u00e1 fechou julho de 2026 com saldo positivo na gera\u00e7\u00e3o de empregos formais, segundo dados do Cadastro Geral de Empregados e Desempregados (Caged), divulgados nesta sexta-feira (28). No per\u00edodo, o estado registrou 523 novos postos de trabalho com carteira assinada. Foram aproximadamente 170,7 mil admiss\u00f5es e 170,2 mil desligamentos. O setor de Servi\u00e7os foi [&hellip;]<\/p>\n","protected":false},"author":18,"featured_media":7352,"comment_status":"open","ping_status":"open","sticky":false,"template":"","format":"standard","meta":{"footnotes":""},"categories":[100,12],"tags":[2512,314,1039,47,1141,476,1788,77,24,2969,1655],"class_list":["post-7351","post","type-post","status-publish","format-standard","has-post-thumbnail","hentry","category-empregos","category-geral","tag-caged","tag-campos-gerais","tag-comercio","tag-destaque","tag-empregos","tag-industria","tag-mercado-de-trabalho","tag-parana","tag-ponta-grossa","tag-servicos","tag-vagas-de-emprego"],"yoast_head":"<!-- This site is optimized with the Yoast SEO plugin v28.1 - https:\/\/yoast.com\/product\/yoast-seo-wordpress\/ -->\n<title>Paran\u00e1 mant\u00e9m saldo positivo de empregos, enquanto ind\u00fastria se destaca em Ponta Grossa - Mz Not\u00edcias<\/title>\n<meta name=\"description\" content=\"Paran\u00e1 manteve saldo positivo na gera\u00e7\u00e3o de empregos formais em julho de 2026. Em Ponta Grossa, a Ind\u00fastria se destacou com saldo positivo de 140 vagas.\" \/>\n<meta name=\"robots\" content=\"index, follow, max-snippet:-1, max-image-preview:large, max-video-preview:-1\" \/>\n<link rel=\"canonical\" href=\"https:\/\/mznoticia.com.br\/jaguariaiva\/parana-mantem-saldo-positivo-de-empregos-enquanto-industria-se-destaca-em-ponta-grossa\/\" \/>\n<meta property=\"og:locale\" content=\"pt_BR\" \/>\n<meta property=\"og:type\" content=\"article\" \/>\n<meta property=\"og:title\" content=\"Paran\u00e1 mant\u00e9m saldo positivo de empregos, enquanto ind\u00fastria se destaca em Ponta Grossa - Mz Not\u00edcias\" \/>\n<meta property=\"og:description\" content=\"Paran\u00e1 manteve saldo positivo na gera\u00e7\u00e3o de empregos formais em julho de 2026. Em Ponta Grossa, a Ind\u00fastria se destacou com saldo positivo de 140 vagas.\" \/>\n<meta property=\"og:url\" content=\"https:\/\/mznoticia.com.br\/jaguariaiva\/parana-mantem-saldo-positivo-de-empregos-enquanto-industria-se-destaca-em-ponta-grossa\/\" \/>\n<meta property=\"og:site_name\" content=\"Mz Not\u00edcias\" \/>\n<meta property=\"article:publisher\" content=\"https:\/\/www.facebook.com\/profile.php?id=61573479951222\" \/>\n<meta property=\"article:published_time\" content=\"2026-08-28T21:04:15+00:00\" \/>\n<meta property=\"og:image\" content=\"https:\/\/mznoticia.com.br\/jaguariaiva\/wp-content\/uploads\/2026\/08\/carteira.jpg\" \/>\n\t<meta property=\"og:image:width\" content=\"800\" \/>\n\t<meta property=\"og:image:height\" content=\"600\" \/>\n\t<meta property=\"og:image:type\" content=\"image\/jpeg\" \/>\n<meta name=\"author\" content=\"Reda\u00e7\u00e3o MZ\" \/>\n<meta name=\"twitter:card\" content=\"summary_large_image\" \/>\n<meta name=\"twitter:label1\" content=\"Escrito por\" \/>\n\t<meta name=\"twitter:data1\" content=\"Reda\u00e7\u00e3o MZ\" \/>\n\t<meta name=\"twitter:label2\" content=\"Est. tempo de leitura\" \/>\n\t<meta name=\"twitter:data2\" content=\"2 minutos\" \/>\n<script type=\"application\/ld+json\" class=\"yoast-schema-graph\">{\"@context\":\"https:\\\/\\\/schema.org\",\"@graph\":[{\"@type\":\"Article\",\"@id\":\"https:\\\/\\\/mznoticia.com.br\\\/jaguariaiva\\\/parana-mantem-saldo-positivo-de-empregos-enquanto-industria-se-destaca-em-ponta-grossa\\\/#article\",\"isPartOf\":{\"@id\":\"https:\\\/\\\/mznoticia.com.br\\\/jaguariaiva\\\/parana-mantem-saldo-positivo-de-empregos-enquanto-industria-se-destaca-em-ponta-grossa\\\/\"},\"author\":{\"name\":\"Reda\u00e7\u00e3o MZ\",\"@id\":\"https:\\\/\\\/mznoticia.com.br\\\/jaguariaiva\\\/#\\\/schema\\\/person\\\/7ecde13ae5f5a92f0ff9b2155d7a6d6e\"},\"headline\":\"Paran\u00e1 mant\u00e9m saldo positivo de empregos, enquanto ind\u00fastria se destaca em Ponta Grossa\",\"datePublished\":\"2026-08-28T21:04:15+00:00\",\"mainEntityOfPage\":{\"@id\":\"https:\\\/\\\/mznoticia.com.br\\\/jaguariaiva\\\/parana-mantem-saldo-positivo-de-empregos-enquanto-industria-se-destaca-em-ponta-grossa\\\/\"},\"wordCount\":298,\"commentCount\":0,\"publisher\":{\"@id\":\"https:\\\/\\\/mznoticia.com.br\\\/jaguariaiva\\\/#organization\"},\"image\":{\"@id\":\"https:\\\/\\\/mznoticia.com.br\\\/jaguariaiva\\\/parana-mantem-saldo-positivo-de-empregos-enquanto-industria-se-destaca-em-ponta-grossa\\\/#primaryimage\"},\"thumbnailUrl\":\"https:\\\/\\\/mznoticia.com.br\\\/jaguariaiva\\\/wp-content\\\/uploads\\\/2026\\\/08\\\/carteira.jpg\",\"keywords\":[\"Caged\",\"Campos Gerais\",\"Com\u00e9rcio\",\"destaque\",\"Empregos\",\"Ind\u00fastria\",\"Mercado de trabalho\",\"parana\",\"Ponta Grossa\",\"Servi\u00e7os\",\"Vagas de Emprego\"],\"articleSection\":[\"Empregos\",\"Geral\"],\"inLanguage\":\"pt-BR\",\"potentialAction\":[{\"@type\":\"CommentAction\",\"name\":\"Comment\",\"target\":[\"https:\\\/\\\/mznoticia.com.br\\\/jaguariaiva\\\/parana-mantem-saldo-positivo-de-empregos-enquanto-industria-se-destaca-em-ponta-grossa\\\/#respond\"]}]},{\"@type\":\"WebPage\",\"@id\":\"https:\\\/\\\/mznoticia.com.br\\\/jaguariaiva\\\/parana-mantem-saldo-positivo-de-empregos-enquanto-industria-se-destaca-em-ponta-grossa\\\/\",\"url\":\"https:\\\/\\\/mznoticia.com.br\\\/jaguariaiva\\\/parana-mantem-saldo-positivo-de-empregos-enquanto-industria-se-destaca-em-ponta-grossa\\\/\",\"name\":\"Paran\u00e1 mant\u00e9m saldo positivo de empregos, enquanto ind\u00fastria se destaca em Ponta Grossa - Mz Not\u00edcias\",\"isPartOf\":{\"@id\":\"https:\\\/\\\/mznoticia.com.br\\\/jaguariaiva\\\/#website\"},\"primaryImageOfPage\":{\"@id\":\"https:\\\/\\\/mznoticia.com.br\\\/jaguariaiva\\\/parana-mantem-saldo-positivo-de-empregos-enquanto-industria-se-destaca-em-ponta-grossa\\\/#primaryimage\"},\"image\":{\"@id\":\"https:\\\/\\\/mznoticia.com.br\\\/jaguariaiva\\\/parana-mantem-saldo-positivo-de-empregos-enquanto-industria-se-destaca-em-ponta-grossa\\\/#primaryimage\"},\"thumbnailUrl\":\"https:\\\/\\\/mznoticia.com.br\\\/jaguariaiva\\\/wp-content\\\/uploads\\\/2026\\\/08\\\/carteira.jpg\",\"datePublished\":\"2026-08-28T21:04:15+00:00\",\"description\":\"Paran\u00e1 manteve saldo positivo na gera\u00e7\u00e3o de empregos formais em julho de 2026. Em Ponta Grossa, a Ind\u00fastria se destacou com saldo positivo de 140 vagas.\",\"breadcrumb\":{\"@id\":\"https:\\\/\\\/mznoticia.com.br\\\/jaguariaiva\\\/parana-mantem-saldo-positivo-de-empregos-enquanto-industria-se-destaca-em-ponta-grossa\\\/#breadcrumb\"},\"inLanguage\":\"pt-BR\",\"potentialAction\":[{\"@type\":\"ReadAction\",\"target\":[\"https:\\\/\\\/mznoticia.com.br\\\/jaguariaiva\\\/parana-mantem-saldo-positivo-de-empregos-enquanto-industria-se-destaca-em-ponta-grossa\\\/\"]}]},{\"@type\":\"ImageObject\",\"inLanguage\":\"pt-BR\",\"@id\":\"https:\\\/\\\/mznoticia.com.br\\\/jaguariaiva\\\/parana-mantem-saldo-positivo-de-empregos-enquanto-industria-se-destaca-em-ponta-grossa\\\/#primaryimage\",\"url\":\"https:\\\/\\\/mznoticia.com.br\\\/jaguariaiva\\\/wp-content\\\/uploads\\\/2026\\\/08\\\/carteira.jpg\",\"contentUrl\":\"https:\\\/\\\/mznoticia.com.br\\\/jaguariaiva\\\/wp-content\\\/uploads\\\/2026\\\/08\\\/carteira.jpg\",\"width\":800,\"height\":600},{\"@type\":\"BreadcrumbList\",\"@id\":\"https:\\\/\\\/mznoticia.com.br\\\/jaguariaiva\\\/parana-mantem-saldo-positivo-de-empregos-enquanto-industria-se-destaca-em-ponta-grossa\\\/#breadcrumb\",\"itemListElement\":[{\"@type\":\"ListItem\",\"position\":1,\"name\":\"Home\",\"item\":\"https:\\\/\\\/mznoticia.com.br\\\/jaguariaiva\\\/\"},{\"@type\":\"ListItem\",\"position\":2,\"name\":\"Paran\u00e1 mant\u00e9m saldo positivo de empregos, enquanto ind\u00fastria se destaca em Ponta Grossa\"}]},{\"@type\":\"WebSite\",\"@id\":\"https:\\\/\\\/mznoticia.com.br\\\/jaguariaiva\\\/#website\",\"url\":\"https:\\\/\\\/mznoticia.com.br\\\/jaguariaiva\\\/\",\"name\":\"Mz Not\u00edcia\",\"description\":\"A informa\u00e7\u00e3o que voc\u00ea precisa na hora certa!\",\"publisher\":{\"@id\":\"https:\\\/\\\/mznoticia.com.br\\\/jaguariaiva\\\/#organization\"},\"potentialAction\":[{\"@type\":\"SearchAction\",\"target\":{\"@type\":\"EntryPoint\",\"urlTemplate\":\"https:\\\/\\\/mznoticia.com.br\\\/jaguariaiva\\\/?s={search_term_string}\"},\"query-input\":{\"@type\":\"PropertyValueSpecification\",\"valueRequired\":true,\"valueName\":\"search_term_string\"}}],\"inLanguage\":\"pt-BR\"},{\"@type\":\"Organization\",\"@id\":\"https:\\\/\\\/mznoticia.com.br\\\/jaguariaiva\\\/#organization\",\"name\":\"Mz Not\u00edcia\",\"url\":\"https:\\\/\\\/mznoticia.com.br\\\/jaguariaiva\\\/\",\"logo\":{\"@type\":\"ImageObject\",\"inLanguage\":\"pt-BR\",\"@id\":\"https:\\\/\\\/mznoticia.com.br\\\/jaguariaiva\\\/#\\\/schema\\\/logo\\\/image\\\/\",\"url\":\"https:\\\/\\\/mznoticia.com.br\\\/jaguariaiva\\\/wp-content\\\/uploads\\\/2025\\\/03\\\/Design-sem-nome-4-e1741200616392.png\",\"contentUrl\":\"https:\\\/\\\/mznoticia.com.br\\\/jaguariaiva\\\/wp-content\\\/uploads\\\/2025\\\/03\\\/Design-sem-nome-4-e1741200616392.png\",\"width\":750,\"height\":563,\"caption\":\"Mz Not\u00edcia\"},\"image\":{\"@id\":\"https:\\\/\\\/mznoticia.com.br\\\/jaguariaiva\\\/#\\\/schema\\\/logo\\\/image\\\/\"},\"sameAs\":[\"https:\\\/\\\/www.facebook.com\\\/profile.php?id=61573479951222\",\"https:\\\/\\\/www.instagram.com\\\/mz.jaguariaiva\\\/\"]},{\"@type\":\"Person\",\"@id\":\"https:\\\/\\\/mznoticia.com.br\\\/jaguariaiva\\\/#\\\/schema\\\/person\\\/7ecde13ae5f5a92f0ff9b2155d7a6d6e\",\"name\":\"Reda\u00e7\u00e3o MZ\",\"image\":{\"@type\":\"ImageObject\",\"inLanguage\":\"pt-BR\",\"@id\":\"https:\\\/\\\/mznoticia.com.br\\\/jaguariaiva\\\/wp-content\\\/uploads\\\/2025\\\/02\\\/mznoticia_jaguariaiva_coluna-150x150.png\",\"url\":\"https:\\\/\\\/mznoticia.com.br\\\/jaguariaiva\\\/wp-content\\\/uploads\\\/2025\\\/02\\\/mznoticia_jaguariaiva_coluna-150x150.png\",\"contentUrl\":\"https:\\\/\\\/mznoticia.com.br\\\/jaguariaiva\\\/wp-content\\\/uploads\\\/2025\\\/02\\\/mznoticia_jaguariaiva_coluna-150x150.png\",\"caption\":\"Reda\u00e7\u00e3o MZ\"},\"url\":\"https:\\\/\\\/mznoticia.com.br\\\/jaguariaiva\\\/author\\\/yan\\\/\"}]}<\/script>\n<!-- \/ Yoast SEO plugin. -->","yoast_head_json":{"title":"Paran\u00e1 mant\u00e9m saldo positivo de empregos, enquanto ind\u00fastria se destaca em Ponta Grossa - Mz Not\u00edcias","description":"Paran\u00e1 manteve saldo positivo na gera\u00e7\u00e3o de empregos formais em julho de 2026. Em Ponta Grossa, a Ind\u00fastria se destacou com saldo positivo de 140 vagas.","robots":{"index":"index","follow":"follow","max-snippet":"max-snippet:-1","max-image-preview":"max-image-preview:large","max-video-preview":"max-video-preview:-1"},"canonical":"https:\/\/mznoticia.com.br\/jaguariaiva\/parana-mantem-saldo-positivo-de-empregos-enquanto-industria-se-destaca-em-ponta-grossa\/","og_locale":"pt_BR","og_type":"article","og_title":"Paran\u00e1 mant\u00e9m saldo positivo de empregos, enquanto ind\u00fastria se destaca em Ponta Grossa - Mz Not\u00edcias","og_description":"Paran\u00e1 manteve saldo positivo na gera\u00e7\u00e3o de empregos formais em julho de 2026. Em Ponta Grossa, a Ind\u00fastria se destacou com saldo positivo de 140 vagas.","og_url":"https:\/\/mznoticia.com.br\/jaguariaiva\/parana-mantem-saldo-positivo-de-empregos-enquanto-industria-se-destaca-em-ponta-grossa\/","og_site_name":"Mz Not\u00edcias","article_publisher":"https:\/\/www.facebook.com\/profile.php?id=61573479951222","article_published_time":"2026-08-28T21:04:15+00:00","og_image":[{"width":800,"height":600,"url":"https:\/\/mznoticia.com.br\/jaguariaiva\/wp-content\/uploads\/2026\/08\/carteira.jpg","type":"image\/jpeg"}],"author":"Reda\u00e7\u00e3o MZ","twitter_card":"summary_large_image","twitter_misc":{"Escrito por":"Reda\u00e7\u00e3o MZ","Est. tempo de leitura":"2 minutos"},"schema":{"@context":"https:\/\/schema.org","@graph":[{"@type":"Article","@id":"https:\/\/mznoticia.com.br\/jaguariaiva\/parana-mantem-saldo-positivo-de-empregos-enquanto-industria-se-destaca-em-ponta-grossa\/#article","isPartOf":{"@id":"https:\/\/mznoticia.com.br\/jaguariaiva\/parana-mantem-saldo-positivo-de-empregos-enquanto-industria-se-destaca-em-ponta-grossa\/"},"author":{"name":"Reda\u00e7\u00e3o MZ","@id":"https:\/\/mznoticia.com.br\/jaguariaiva\/#\/schema\/person\/7ecde13ae5f5a92f0ff9b2155d7a6d6e"},"headline":"Paran\u00e1 mant\u00e9m saldo positivo de empregos, enquanto ind\u00fastria se destaca em Ponta Grossa","datePublished":"2026-08-28T21:04:15+00:00","mainEntityOfPage":{"@id":"https:\/\/mznoticia.com.br\/jaguariaiva\/parana-mantem-saldo-positivo-de-empregos-enquanto-industria-se-destaca-em-ponta-grossa\/"},"wordCount":298,"commentCount":0,"publisher":{"@id":"https:\/\/mznoticia.com.br\/jaguariaiva\/#organization"},"image":{"@id":"https:\/\/mznoticia.com.br\/jaguariaiva\/parana-mantem-saldo-positivo-de-empregos-enquanto-industria-se-destaca-em-ponta-grossa\/#primaryimage"},"thumbnailUrl":"https:\/\/mznoticia.com.br\/jaguariaiva\/wp-content\/uploads\/2026\/08\/carteira.jpg","keywords":["Caged","Campos Gerais","Com\u00e9rcio","destaque","Empregos","Ind\u00fastria","Mercado de trabalho","parana","Ponta Grossa","Servi\u00e7os","Vagas de Emprego"],"articleSection":["Empregos","Geral"],"inLanguage":"pt-BR","potentialAction":[{"@type":"CommentAction","name":"Comment","target":["https:\/\/mznoticia.com.br\/jaguariaiva\/parana-mantem-saldo-positivo-de-empregos-enquanto-industria-se-destaca-em-ponta-grossa\/#respond"]}]},{"@type":"WebPage","@id":"https:\/\/mznoticia.com.br\/jaguariaiva\/parana-mantem-saldo-positivo-de-empregos-enquanto-industria-se-destaca-em-ponta-grossa\/","url":"https:\/\/mznoticia.com.br\/jaguariaiva\/parana-mantem-saldo-positivo-de-empregos-enquanto-industria-se-destaca-em-ponta-grossa\/","name":"Paran\u00e1 mant\u00e9m saldo positivo de empregos, enquanto ind\u00fastria se destaca em Ponta Grossa - Mz Not\u00edcias","isPartOf":{"@id":"https:\/\/mznoticia.com.br\/jaguariaiva\/#website"},"primaryImageOfPage":{"@id":"https:\/\/mznoticia.com.br\/jaguariaiva\/parana-mantem-saldo-positivo-de-empregos-enquanto-industria-se-destaca-em-ponta-grossa\/#primaryimage"},"image":{"@id":"https:\/\/mznoticia.com.br\/jaguariaiva\/parana-mantem-saldo-positivo-de-empregos-enquanto-industria-se-destaca-em-ponta-grossa\/#primaryimage"},"thumbnailUrl":"https:\/\/mznoticia.com.br\/jaguariaiva\/wp-content\/uploads\/2026\/08\/carteira.jpg","datePublished":"2026-08-28T21:04:15+00:00","description":"Paran\u00e1 manteve saldo positivo na gera\u00e7\u00e3o de empregos formais em julho de 2026. Em Ponta Grossa, a Ind\u00fastria se destacou com saldo positivo de 140 vagas.","breadcrumb":{"@id":"https:\/\/mznoticia.com.br\/jaguariaiva\/parana-mantem-saldo-positivo-de-empregos-enquanto-industria-se-destaca-em-ponta-grossa\/#breadcrumb"},"inLanguage":"pt-BR","potentialAction":[{"@type":"ReadAction","target":["https:\/\/mznoticia.com.br\/jaguariaiva\/parana-mantem-saldo-positivo-de-empregos-enquanto-industria-se-destaca-em-ponta-grossa\/"]}]},{"@type":"ImageObject","inLanguage":"pt-BR","@id":"https:\/\/mznoticia.com.br\/jaguariaiva\/parana-mantem-saldo-positivo-de-empregos-enquanto-industria-se-destaca-em-ponta-grossa\/#primaryimage","url":"https:\/\/mznoticia.com.br\/jaguariaiva\/wp-content\/uploads\/2026\/08\/carteira.jpg","contentUrl":"https:\/\/mznoticia.com.br\/jaguariaiva\/wp-content\/uploads\/2026\/08\/carteira.jpg","width":800,"height":600},{"@type":"BreadcrumbList","@id":"https:\/\/mznoticia.com.br\/jaguariaiva\/parana-mantem-saldo-positivo-de-empregos-enquanto-industria-se-destaca-em-ponta-grossa\/#breadcrumb","itemListElement":[{"@type":"ListItem","position":1,"name":"Home","item":"https:\/\/mznoticia.com.br\/jaguariaiva\/"},{"@type":"ListItem","position":2,"name":"Paran\u00e1 mant\u00e9m saldo positivo de empregos, enquanto ind\u00fastria se destaca em Ponta Grossa"}]},{"@type":"WebSite","@id":"https:\/\/mznoticia.com.br\/jaguariaiva\/#website","url":"https:\/\/mznoticia.com.br\/jaguariaiva\/","name":"Mz Not\u00edcia","description":"A informa\u00e7\u00e3o que voc\u00ea precisa na hora certa!","publisher":{"@id":"https:\/\/mznoticia.com.br\/jaguariaiva\/#organization"},"potentialAction":[{"@type":"SearchAction","target":{"@type":"EntryPoint","urlTemplate":"https:\/\/mznoticia.com.br\/jaguariaiva\/?s={search_term_string}"},"query-input":{"@type":"PropertyValueSpecification","valueRequired":true,"valueName":"search_term_string"}}],"inLanguage":"pt-BR"},{"@type":"Organization","@id":"https:\/\/mznoticia.com.br\/jaguariaiva\/#organization","name":"Mz Not\u00edcia","url":"https:\/\/mznoticia.com.br\/jaguariaiva\/","logo":{"@type":"ImageObject","inLanguage":"pt-BR","@id":"https:\/\/mznoticia.com.br\/jaguariaiva\/#\/schema\/logo\/image\/","url":"https:\/\/mznoticia.com.br\/jaguariaiva\/wp-content\/uploads\/2025\/03\/Design-sem-nome-4-e1741200616392.png","contentUrl":"https:\/\/mznoticia.com.br\/jaguariaiva\/wp-content\/uploads\/2025\/03\/Design-sem-nome-4-e1741200616392.png","width":750,"height":563,"caption":"Mz Not\u00edcia"},"image":{"@id":"https:\/\/mznoticia.com.br\/jaguariaiva\/#\/schema\/logo\/image\/"},"sameAs":["https:\/\/www.facebook.com\/profile.php?id=61573479951222","https:\/\/www.instagram.com\/mz.jaguariaiva\/"]},{"@type":"Person","@id":"https:\/\/mznoticia.com.br\/jaguariaiva\/#\/schema\/person\/7ecde13ae5f5a92f0ff9b2155d7a6d6e","name":"Reda\u00e7\u00e3o MZ","image":{"@type":"ImageObject","inLanguage":"pt-BR","@id":"https:\/\/mznoticia.com.br\/jaguariaiva\/wp-content\/uploads\/2025\/02\/mznoticia_jaguariaiva_coluna-150x150.png","url":"https:\/\/mznoticia.com.br\/jaguariaiva\/wp-content\/uploads\/2025\/02\/mznoticia_jaguariaiva_coluna-150x150.png","contentUrl":"https:\/\/mznoticia.com.br\/jaguariaiva\/wp-content\/uploads\/2025\/02\/mznoticia_jaguariaiva_coluna-150x150.png","caption":"Reda\u00e7\u00e3o MZ"},"url":"https:\/\/mznoticia.com.br\/jaguariaiva\/author\/yan\/"}]}},"_links":{"self":[{"href":"https:\/\/mznoticia.com.br\/jaguariaiva\/wp-json\/wp\/v2\/posts\/7351","targetHints":{"allow":["GET"]}}],"collection":[{"href":"https:\/\/mznoticia.com.br\/jaguariaiva\/wp-json\/wp\/v2\/posts"}],"about":[{"href":"https:\/\/mznoticia.com.br\/jaguariaiva\/wp-json\/wp\/v2\/types\/post"}],"author":[{"embeddable":true,"href":"https:\/\/mznoticia.com.br\/jaguariaiva\/wp-json\/wp\/v2\/users\/18"}],"replies":[{"embeddable":true,"href":"https:\/\/mznoticia.com.br\/jaguariaiva\/wp-json\/wp\/v2\/comments?post=7351"}],"version-history":[{"count":1,"href":"https:\/\/mznoticia.com.br\/jaguariaiva\/wp-json\/wp\/v2\/posts\/7351\/revisions"}],"predecessor-version":[{"id":7353,"href":"https:\/\/mznoticia.com.br\/jaguariaiva\/wp-json\/wp\/v2\/posts\/7351\/revisions\/7353"}],"wp:featuredmedia":[{"embeddable":true,"href":"https:\/\/mznoticia.com.br\/jaguariaiva\/wp-json\/wp\/v2\/media\/7352"}],"wp:attachment":[{"href":"https:\/\/mznoticia.com.br\/jaguariaiva\/wp-json\/wp\/v2\/media?parent=7351"}],"wp:term":[{"taxonomy":"category","embeddable":true,"href":"https:\/\/mznoticia.com.br\/jaguariaiva\/wp-json\/wp\/v2\/categories?post=7351"},{"taxonomy":"post_tag","embeddable":true,"href":"https:\/\/mznoticia.com.br\/jaguariaiva\/wp-json\/wp\/v2\/tags?post=7351"}],"curies":[{"name":"wp","href":"https:\/\/api.w.org\/{rel}","templated":true}]}}