{"id":7354,"date":"2026-08-28T21:17:25","date_gmt":"2026-08-28T21:17:25","guid":{"rendered":"https:\/\/mznoticia.com.br\/jaguariaiva\/?p=7354"},"modified":"2026-08-28T21:17:25","modified_gmt":"2026-08-28T21:17:25","slug":"antes-da-vinganca-confira-o-resumo-de-quem-ama-cuida-entre-29-e-31-de-setembro","status":"publish","type":"post","link":"https:\/\/mznoticia.com.br\/jaguariaiva\/antes-da-vinganca-confira-o-resumo-de-quem-ama-cuida-entre-29-e-31-de-setembro\/","title":{"rendered":"Antes da vingan\u00e7a: confira o resumo de Quem Ama Cuida entre 29 e 31 de setembro"},"content":{"rendered":"<p class=\"isSelectedEnd\"><strong>A novela entra em uma fase decisiva, com novas descobertas, conflitos familiares, amea\u00e7as e negocia\u00e7\u00f5es que podem mudar o rumo da hist\u00f3ria.<\/strong><\/p>\n<p class=\"isSelectedEnd\">Os pr\u00f3ximos cap\u00edtulos de <strong>Quem Ama Cuida<\/strong> prometem aumentar a tens\u00e3o antes dos acontecimentos que v\u00e3o marcar uma nova etapa da trama. Entre os dias <strong>29 e 31 de setembro<\/strong>, os personagens enfrentar\u00e3o negocia\u00e7\u00f5es, suspeitas, conflitos e descobertas importantes.<\/p>\n<p class=\"isSelectedEnd\">Adriana, Pedro, Lyris e Nancy discutir\u00e3o a compra da participa\u00e7\u00e3o de Ulisses na joalheria. Enquanto isso, Pedro abrir\u00e1 o cora\u00e7\u00e3o para Bruna e contar\u00e1 que n\u00e3o foi feliz durante seu casamento.<\/p>\n<p class=\"isSelectedEnd\">A situa\u00e7\u00e3o tamb\u00e9m ficar\u00e1 ainda mais tensa quando Adriana questionar Bruna sobre as amea\u00e7as feitas contra o advogado durante o per\u00edodo em que ela esteve presa.<\/p>\n<h2>Negocia\u00e7\u00e3o e novas descobertas<\/h2>\n<p class=\"isSelectedEnd\">Nancy decidir\u00e1 ajudar Adriana, enquanto a vi\u00fava de um perito entregar\u00e1 a Pedro um arquivo que havia sido guardado pelo marido.<\/p>\n<p class=\"isSelectedEnd\">Uma nova possibilidade surgir\u00e1 quando Lyris revelar que Ulisses aceitou vender sua participa\u00e7\u00e3o na empresa, abrindo caminho para mudan\u00e7as importantes nos pr\u00f3ximos cap\u00edtulos.<\/p>\n<p class=\"isSelectedEnd\">Em outro n\u00facleo da novela, Dora confessar\u00e1 a Andr\u00e9 que teme a rea\u00e7\u00e3o de Ademir caso ele descubra o romance entre os dois.<\/p>\n<h2>Flagrante causa confus\u00e3o<\/h2>\n<p class=\"isSelectedEnd\">Pilar perder\u00e1 o controle ao encontrar Ingrid no quarto de Iuri. Revoltada com a situa\u00e7\u00e3o, ela amea\u00e7ar\u00e1 demitir o seguran\u00e7a.<\/p>\n<p class=\"isSelectedEnd\">A empres\u00e1ria tamb\u00e9m aceitar\u00e1 receber Brigitte novamente, mas impor\u00e1 algumas condi\u00e7\u00f5es. A filha, no entanto, n\u00e3o aceitar\u00e1 a proposta.<\/p>\n<p class=\"isSelectedEnd\">Enquanto os conflitos aumentam entre os personagens, Elisa revelar\u00e1 que n\u00e3o tem procurado atendimento m\u00e9dico e acabar\u00e1 passando mal, deixando todos ao seu redor preocupados.<\/p>\n<p>Com negocia\u00e7\u00f5es em andamento, segredos vindo \u00e0 tona e rela\u00e7\u00f5es cada vez mais estremecidas, <strong>Quem Ama Cuida<\/strong> entra em uma fase decisiva antes dos pr\u00f3ximos acontecimentos que prometem movimentar a trama.<\/p>\n","protected":false},"excerpt":{"rendered":"<p>A novela entra em uma fase decisiva, com novas descobertas, conflitos familiares, amea\u00e7as e negocia\u00e7\u00f5es que podem mudar o rumo da hist\u00f3ria. Os pr\u00f3ximos cap\u00edtulos de Quem Ama Cuida prometem aumentar a tens\u00e3o antes dos acontecimentos que v\u00e3o marcar uma nova etapa da trama. Entre os dias 29 e 31 de setembro, os personagens enfrentar\u00e3o [&hellip;]<\/p>\n","protected":false},"author":18,"featured_media":7355,"comment_status":"open","ping_status":"open","sticky":false,"template":"","format":"standard","meta":{"footnotes":""},"categories":[1,130,12],"tags":[3006,2939,3007,3008,2225,2142,1448,2933,3005,3009],"class_list":["post-7354","post","type-post","status-publish","format-standard","has-post-thumbnail","hentry","category-cultura","category-famosos","category-geral","tag-adriana","tag-globo","tag-ingrid","tag-iuri","tag-novelas","tag-pedro","tag-pilar","tag-quem-ama-cuida","tag-resumo-de-novela","tag-televisa"],"yoast_head":"<!-- This site is optimized with the Yoast SEO plugin v28.1 - https:\/\/yoast.com\/product\/yoast-seo-wordpress\/ -->\n<title>Antes da vingan\u00e7a: confira o resumo de Quem Ama Cuida entre 29 e 31 de setembro - Mz Not\u00edcias<\/title>\n<meta name=\"description\" content=\"Confira o resumo de Quem Ama Cuida e veja o que acontece nos pr\u00f3ximos cap\u00edtulos, com conflitos, descobertas e novas reviravoltas na trama.\" \/>\n<meta name=\"robots\" content=\"index, follow, max-snippet:-1, max-image-preview:large, max-video-preview:-1\" \/>\n<link rel=\"canonical\" href=\"https:\/\/mznoticia.com.br\/jaguariaiva\/antes-da-vinganca-confira-o-resumo-de-quem-ama-cuida-entre-29-e-31-de-setembro\/\" \/>\n<meta property=\"og:locale\" content=\"pt_BR\" \/>\n<meta property=\"og:type\" content=\"article\" \/>\n<meta property=\"og:title\" content=\"Antes da vingan\u00e7a: confira o resumo de Quem Ama Cuida entre 29 e 31 de setembro - Mz Not\u00edcias\" \/>\n<meta property=\"og:description\" content=\"Confira o resumo de Quem Ama Cuida e veja o que acontece nos pr\u00f3ximos cap\u00edtulos, com conflitos, descobertas e novas reviravoltas na trama.\" \/>\n<meta property=\"og:url\" content=\"https:\/\/mznoticia.com.br\/jaguariaiva\/antes-da-vinganca-confira-o-resumo-de-quem-ama-cuida-entre-29-e-31-de-setembro\/\" \/>\n<meta property=\"og:site_name\" content=\"Mz Not\u00edcias\" \/>\n<meta property=\"article:publisher\" content=\"https:\/\/www.facebook.com\/profile.php?id=61573479951222\" \/>\n<meta property=\"article:published_time\" content=\"2026-08-28T21:17:25+00:00\" \/>\n<meta name=\"author\" content=\"Reda\u00e7\u00e3o MZ\" \/>\n<meta name=\"twitter:card\" content=\"summary_large_image\" \/>\n<meta name=\"twitter:label1\" content=\"Escrito por\" \/>\n\t<meta name=\"twitter:data1\" content=\"Reda\u00e7\u00e3o MZ\" \/>\n\t<meta name=\"twitter:label2\" content=\"Est. tempo de leitura\" \/>\n\t<meta name=\"twitter:data2\" content=\"2 minutos\" \/>\n<script type=\"application\/ld+json\" class=\"yoast-schema-graph\">{\"@context\":\"https:\\\/\\\/schema.org\",\"@graph\":[{\"@type\":\"Article\",\"@id\":\"https:\\\/\\\/mznoticia.com.br\\\/jaguariaiva\\\/antes-da-vinganca-confira-o-resumo-de-quem-ama-cuida-entre-29-e-31-de-setembro\\\/#article\",\"isPartOf\":{\"@id\":\"https:\\\/\\\/mznoticia.com.br\\\/jaguariaiva\\\/antes-da-vinganca-confira-o-resumo-de-quem-ama-cuida-entre-29-e-31-de-setembro\\\/\"},\"author\":{\"name\":\"Reda\u00e7\u00e3o MZ\",\"@id\":\"https:\\\/\\\/mznoticia.com.br\\\/jaguariaiva\\\/#\\\/schema\\\/person\\\/7ecde13ae5f5a92f0ff9b2155d7a6d6e\"},\"headline\":\"Antes da vingan\u00e7a: confira o resumo de Quem Ama Cuida entre 29 e 31 de setembro\",\"datePublished\":\"2026-08-28T21:17:25+00:00\",\"mainEntityOfPage\":{\"@id\":\"https:\\\/\\\/mznoticia.com.br\\\/jaguariaiva\\\/antes-da-vinganca-confira-o-resumo-de-quem-ama-cuida-entre-29-e-31-de-setembro\\\/\"},\"wordCount\":337,\"commentCount\":0,\"publisher\":{\"@id\":\"https:\\\/\\\/mznoticia.com.br\\\/jaguariaiva\\\/#organization\"},\"image\":{\"@id\":\"https:\\\/\\\/mznoticia.com.br\\\/jaguariaiva\\\/antes-da-vinganca-confira-o-resumo-de-quem-ama-cuida-entre-29-e-31-de-setembro\\\/#primaryimage\"},\"thumbnailUrl\":\"https:\\\/\\\/mznoticia.com.br\\\/jaguariaiva\\\/wp-content\\\/uploads\\\/2026\\\/08\\\/quem.avif\",\"keywords\":[\"Adriana\",\"Globo\",\"Ingrid\",\"Iuri\",\"novelas\",\"Pedro\",\"Pilar\",\"Quem Ama Cuida\",\"Resumo de Novela\",\"Televis\u00e3\"],\"articleSection\":[\"Cultura\",\"Famosos\",\"Geral\"],\"inLanguage\":\"pt-BR\",\"potentialAction\":[{\"@type\":\"CommentAction\",\"name\":\"Comment\",\"target\":[\"https:\\\/\\\/mznoticia.com.br\\\/jaguariaiva\\\/antes-da-vinganca-confira-o-resumo-de-quem-ama-cuida-entre-29-e-31-de-setembro\\\/#respond\"]}]},{\"@type\":\"WebPage\",\"@id\":\"https:\\\/\\\/mznoticia.com.br\\\/jaguariaiva\\\/antes-da-vinganca-confira-o-resumo-de-quem-ama-cuida-entre-29-e-31-de-setembro\\\/\",\"url\":\"https:\\\/\\\/mznoticia.com.br\\\/jaguariaiva\\\/antes-da-vinganca-confira-o-resumo-de-quem-ama-cuida-entre-29-e-31-de-setembro\\\/\",\"name\":\"Antes da vingan\u00e7a: confira o resumo de Quem Ama Cuida entre 29 e 31 de setembro - Mz Not\u00edcias\",\"isPartOf\":{\"@id\":\"https:\\\/\\\/mznoticia.com.br\\\/jaguariaiva\\\/#website\"},\"primaryImageOfPage\":{\"@id\":\"https:\\\/\\\/mznoticia.com.br\\\/jaguariaiva\\\/antes-da-vinganca-confira-o-resumo-de-quem-ama-cuida-entre-29-e-31-de-setembro\\\/#primaryimage\"},\"image\":{\"@id\":\"https:\\\/\\\/mznoticia.com.br\\\/jaguariaiva\\\/antes-da-vinganca-confira-o-resumo-de-quem-ama-cuida-entre-29-e-31-de-setembro\\\/#primaryimage\"},\"thumbnailUrl\":\"https:\\\/\\\/mznoticia.com.br\\\/jaguariaiva\\\/wp-content\\\/uploads\\\/2026\\\/08\\\/quem.avif\",\"datePublished\":\"2026-08-28T21:17:25+00:00\",\"description\":\"Confira o resumo de Quem Ama Cuida e veja o que acontece nos pr\u00f3ximos cap\u00edtulos, com conflitos, descobertas e novas reviravoltas na trama.\",\"breadcrumb\":{\"@id\":\"https:\\\/\\\/mznoticia.com.br\\\/jaguariaiva\\\/antes-da-vinganca-confira-o-resumo-de-quem-ama-cuida-entre-29-e-31-de-setembro\\\/#breadcrumb\"},\"inLanguage\":\"pt-BR\",\"potentialAction\":[{\"@type\":\"ReadAction\",\"target\":[\"https:\\\/\\\/mznoticia.com.br\\\/jaguariaiva\\\/antes-da-vinganca-confira-o-resumo-de-quem-ama-cuida-entre-29-e-31-de-setembro\\\/\"]}]},{\"@type\":\"ImageObject\",\"inLanguage\":\"pt-BR\",\"@id\":\"https:\\\/\\\/mznoticia.com.br\\\/jaguariaiva\\\/antes-da-vinganca-confira-o-resumo-de-quem-ama-cuida-entre-29-e-31-de-setembro\\\/#primaryimage\",\"url\":\"https:\\\/\\\/mznoticia.com.br\\\/jaguariaiva\\\/wp-content\\\/uploads\\\/2026\\\/08\\\/quem.avif\",\"contentUrl\":\"https:\\\/\\\/mznoticia.com.br\\\/jaguariaiva\\\/wp-content\\\/uploads\\\/2026\\\/08\\\/quem.avif\",\"width\":1280,\"height\":854},{\"@type\":\"BreadcrumbList\",\"@id\":\"https:\\\/\\\/mznoticia.com.br\\\/jaguariaiva\\\/antes-da-vinganca-confira-o-resumo-de-quem-ama-cuida-entre-29-e-31-de-setembro\\\/#breadcrumb\",\"itemListElement\":[{\"@type\":\"ListItem\",\"position\":1,\"name\":\"Home\",\"item\":\"https:\\\/\\\/mznoticia.com.br\\\/jaguariaiva\\\/\"},{\"@type\":\"ListItem\",\"position\":2,\"name\":\"Antes da vingan\u00e7a: confira o resumo de Quem Ama Cuida entre 29 e 31 de setembro\"}]},{\"@type\":\"WebSite\",\"@id\":\"https:\\\/\\\/mznoticia.com.br\\\/jaguariaiva\\\/#website\",\"url\":\"https:\\\/\\\/mznoticia.com.br\\\/jaguariaiva\\\/\",\"name\":\"Mz Not\u00edcia\",\"description\":\"A informa\u00e7\u00e3o que voc\u00ea precisa na hora certa!\",\"publisher\":{\"@id\":\"https:\\\/\\\/mznoticia.com.br\\\/jaguariaiva\\\/#organization\"},\"potentialAction\":[{\"@type\":\"SearchAction\",\"target\":{\"@type\":\"EntryPoint\",\"urlTemplate\":\"https:\\\/\\\/mznoticia.com.br\\\/jaguariaiva\\\/?s={search_term_string}\"},\"query-input\":{\"@type\":\"PropertyValueSpecification\",\"valueRequired\":true,\"valueName\":\"search_term_string\"}}],\"inLanguage\":\"pt-BR\"},{\"@type\":\"Organization\",\"@id\":\"https:\\\/\\\/mznoticia.com.br\\\/jaguariaiva\\\/#organization\",\"name\":\"Mz Not\u00edcia\",\"url\":\"https:\\\/\\\/mznoticia.com.br\\\/jaguariaiva\\\/\",\"logo\":{\"@type\":\"ImageObject\",\"inLanguage\":\"pt-BR\",\"@id\":\"https:\\\/\\\/mznoticia.com.br\\\/jaguariaiva\\\/#\\\/schema\\\/logo\\\/image\\\/\",\"url\":\"https:\\\/\\\/mznoticia.com.br\\\/jaguariaiva\\\/wp-content\\\/uploads\\\/2025\\\/03\\\/Design-sem-nome-4-e1741200616392.png\",\"contentUrl\":\"https:\\\/\\\/mznoticia.com.br\\\/jaguariaiva\\\/wp-content\\\/uploads\\\/2025\\\/03\\\/Design-sem-nome-4-e1741200616392.png\",\"width\":750,\"height\":563,\"caption\":\"Mz Not\u00edcia\"},\"image\":{\"@id\":\"https:\\\/\\\/mznoticia.com.br\\\/jaguariaiva\\\/#\\\/schema\\\/logo\\\/image\\\/\"},\"sameAs\":[\"https:\\\/\\\/www.facebook.com\\\/profile.php?id=61573479951222\",\"https:\\\/\\\/www.instagram.com\\\/mz.jaguariaiva\\\/\"]},{\"@type\":\"Person\",\"@id\":\"https:\\\/\\\/mznoticia.com.br\\\/jaguariaiva\\\/#\\\/schema\\\/person\\\/7ecde13ae5f5a92f0ff9b2155d7a6d6e\",\"name\":\"Reda\u00e7\u00e3o MZ\",\"image\":{\"@type\":\"ImageObject\",\"inLanguage\":\"pt-BR\",\"@id\":\"https:\\\/\\\/mznoticia.com.br\\\/jaguariaiva\\\/wp-content\\\/uploads\\\/2025\\\/02\\\/mznoticia_jaguariaiva_coluna-150x150.png\",\"url\":\"https:\\\/\\\/mznoticia.com.br\\\/jaguariaiva\\\/wp-content\\\/uploads\\\/2025\\\/02\\\/mznoticia_jaguariaiva_coluna-150x150.png\",\"contentUrl\":\"https:\\\/\\\/mznoticia.com.br\\\/jaguariaiva\\\/wp-content\\\/uploads\\\/2025\\\/02\\\/mznoticia_jaguariaiva_coluna-150x150.png\",\"caption\":\"Reda\u00e7\u00e3o MZ\"},\"url\":\"https:\\\/\\\/mznoticia.com.br\\\/jaguariaiva\\\/author\\\/yan\\\/\"}]}<\/script>\n<!-- \/ Yoast SEO plugin. -->","yoast_head_json":{"title":"Antes da vingan\u00e7a: confira o resumo de Quem Ama Cuida entre 29 e 31 de setembro - Mz Not\u00edcias","description":"Confira o resumo de Quem Ama Cuida e veja o que acontece nos pr\u00f3ximos cap\u00edtulos, com conflitos, descobertas e novas reviravoltas na trama.","robots":{"index":"index","follow":"follow","max-snippet":"max-snippet:-1","max-image-preview":"max-image-preview:large","max-video-preview":"max-video-preview:-1"},"canonical":"https:\/\/mznoticia.com.br\/jaguariaiva\/antes-da-vinganca-confira-o-resumo-de-quem-ama-cuida-entre-29-e-31-de-setembro\/","og_locale":"pt_BR","og_type":"article","og_title":"Antes da vingan\u00e7a: confira o resumo de Quem Ama Cuida entre 29 e 31 de setembro - Mz Not\u00edcias","og_description":"Confira o resumo de Quem Ama Cuida e veja o que acontece nos pr\u00f3ximos cap\u00edtulos, com conflitos, descobertas e novas reviravoltas na trama.","og_url":"https:\/\/mznoticia.com.br\/jaguariaiva\/antes-da-vinganca-confira-o-resumo-de-quem-ama-cuida-entre-29-e-31-de-setembro\/","og_site_name":"Mz Not\u00edcias","article_publisher":"https:\/\/www.facebook.com\/profile.php?id=61573479951222","article_published_time":"2026-08-28T21:17:25+00:00","author":"Reda\u00e7\u00e3o MZ","twitter_card":"summary_large_image","twitter_misc":{"Escrito por":"Reda\u00e7\u00e3o MZ","Est. tempo de leitura":"2 minutos"},"schema":{"@context":"https:\/\/schema.org","@graph":[{"@type":"Article","@id":"https:\/\/mznoticia.com.br\/jaguariaiva\/antes-da-vinganca-confira-o-resumo-de-quem-ama-cuida-entre-29-e-31-de-setembro\/#article","isPartOf":{"@id":"https:\/\/mznoticia.com.br\/jaguariaiva\/antes-da-vinganca-confira-o-resumo-de-quem-ama-cuida-entre-29-e-31-de-setembro\/"},"author":{"name":"Reda\u00e7\u00e3o MZ","@id":"https:\/\/mznoticia.com.br\/jaguariaiva\/#\/schema\/person\/7ecde13ae5f5a92f0ff9b2155d7a6d6e"},"headline":"Antes da vingan\u00e7a: confira o resumo de Quem Ama Cuida entre 29 e 31 de setembro","datePublished":"2026-08-28T21:17:25+00:00","mainEntityOfPage":{"@id":"https:\/\/mznoticia.com.br\/jaguariaiva\/antes-da-vinganca-confira-o-resumo-de-quem-ama-cuida-entre-29-e-31-de-setembro\/"},"wordCount":337,"commentCount":0,"publisher":{"@id":"https:\/\/mznoticia.com.br\/jaguariaiva\/#organization"},"image":{"@id":"https:\/\/mznoticia.com.br\/jaguariaiva\/antes-da-vinganca-confira-o-resumo-de-quem-ama-cuida-entre-29-e-31-de-setembro\/#primaryimage"},"thumbnailUrl":"https:\/\/mznoticia.com.br\/jaguariaiva\/wp-content\/uploads\/2026\/08\/quem.avif","keywords":["Adriana","Globo","Ingrid","Iuri","novelas","Pedro","Pilar","Quem Ama Cuida","Resumo de Novela","Televis\u00e3"],"articleSection":["Cultura","Famosos","Geral"],"inLanguage":"pt-BR","potentialAction":[{"@type":"CommentAction","name":"Comment","target":["https:\/\/mznoticia.com.br\/jaguariaiva\/antes-da-vinganca-confira-o-resumo-de-quem-ama-cuida-entre-29-e-31-de-setembro\/#respond"]}]},{"@type":"WebPage","@id":"https:\/\/mznoticia.com.br\/jaguariaiva\/antes-da-vinganca-confira-o-resumo-de-quem-ama-cuida-entre-29-e-31-de-setembro\/","url":"https:\/\/mznoticia.com.br\/jaguariaiva\/antes-da-vinganca-confira-o-resumo-de-quem-ama-cuida-entre-29-e-31-de-setembro\/","name":"Antes da vingan\u00e7a: confira o resumo de Quem Ama Cuida entre 29 e 31 de setembro - Mz Not\u00edcias","isPartOf":{"@id":"https:\/\/mznoticia.com.br\/jaguariaiva\/#website"},"primaryImageOfPage":{"@id":"https:\/\/mznoticia.com.br\/jaguariaiva\/antes-da-vinganca-confira-o-resumo-de-quem-ama-cuida-entre-29-e-31-de-setembro\/#primaryimage"},"image":{"@id":"https:\/\/mznoticia.com.br\/jaguariaiva\/antes-da-vinganca-confira-o-resumo-de-quem-ama-cuida-entre-29-e-31-de-setembro\/#primaryimage"},"thumbnailUrl":"https:\/\/mznoticia.com.br\/jaguariaiva\/wp-content\/uploads\/2026\/08\/quem.avif","datePublished":"2026-08-28T21:17:25+00:00","description":"Confira o resumo de Quem Ama Cuida e veja o que acontece nos pr\u00f3ximos cap\u00edtulos, com conflitos, descobertas e novas reviravoltas na trama.","breadcrumb":{"@id":"https:\/\/mznoticia.com.br\/jaguariaiva\/antes-da-vinganca-confira-o-resumo-de-quem-ama-cuida-entre-29-e-31-de-setembro\/#breadcrumb"},"inLanguage":"pt-BR","potentialAction":[{"@type":"ReadAction","target":["https:\/\/mznoticia.com.br\/jaguariaiva\/antes-da-vinganca-confira-o-resumo-de-quem-ama-cuida-entre-29-e-31-de-setembro\/"]}]},{"@type":"ImageObject","inLanguage":"pt-BR","@id":"https:\/\/mznoticia.com.br\/jaguariaiva\/antes-da-vinganca-confira-o-resumo-de-quem-ama-cuida-entre-29-e-31-de-setembro\/#primaryimage","url":"https:\/\/mznoticia.com.br\/jaguariaiva\/wp-content\/uploads\/2026\/08\/quem.avif","contentUrl":"https:\/\/mznoticia.com.br\/jaguariaiva\/wp-content\/uploads\/2026\/08\/quem.avif","width":1280,"height":854},{"@type":"BreadcrumbList","@id":"https:\/\/mznoticia.com.br\/jaguariaiva\/antes-da-vinganca-confira-o-resumo-de-quem-ama-cuida-entre-29-e-31-de-setembro\/#breadcrumb","itemListElement":[{"@type":"ListItem","position":1,"name":"Home","item":"https:\/\/mznoticia.com.br\/jaguariaiva\/"},{"@type":"ListItem","position":2,"name":"Antes da vingan\u00e7a: confira o resumo de Quem Ama Cuida entre 29 e 31 de setembro"}]},{"@type":"WebSite","@id":"https:\/\/mznoticia.com.br\/jaguariaiva\/#website","url":"https:\/\/mznoticia.com.br\/jaguariaiva\/","name":"Mz Not\u00edcia","description":"A informa\u00e7\u00e3o que voc\u00ea precisa na hora certa!","publisher":{"@id":"https:\/\/mznoticia.com.br\/jaguariaiva\/#organization"},"potentialAction":[{"@type":"SearchAction","target":{"@type":"EntryPoint","urlTemplate":"https:\/\/mznoticia.com.br\/jaguariaiva\/?s={search_term_string}"},"query-input":{"@type":"PropertyValueSpecification","valueRequired":true,"valueName":"search_term_string"}}],"inLanguage":"pt-BR"},{"@type":"Organization","@id":"https:\/\/mznoticia.com.br\/jaguariaiva\/#organization","name":"Mz Not\u00edcia","url":"https:\/\/mznoticia.com.br\/jaguariaiva\/","logo":{"@type":"ImageObject","inLanguage":"pt-BR","@id":"https:\/\/mznoticia.com.br\/jaguariaiva\/#\/schema\/logo\/image\/","url":"https:\/\/mznoticia.com.br\/jaguariaiva\/wp-content\/uploads\/2025\/03\/Design-sem-nome-4-e1741200616392.png","contentUrl":"https:\/\/mznoticia.com.br\/jaguariaiva\/wp-content\/uploads\/2025\/03\/Design-sem-nome-4-e1741200616392.png","width":750,"height":563,"caption":"Mz Not\u00edcia"},"image":{"@id":"https:\/\/mznoticia.com.br\/jaguariaiva\/#\/schema\/logo\/image\/"},"sameAs":["https:\/\/www.facebook.com\/profile.php?id=61573479951222","https:\/\/www.instagram.com\/mz.jaguariaiva\/"]},{"@type":"Person","@id":"https:\/\/mznoticia.com.br\/jaguariaiva\/#\/schema\/person\/7ecde13ae5f5a92f0ff9b2155d7a6d6e","name":"Reda\u00e7\u00e3o MZ","image":{"@type":"ImageObject","inLanguage":"pt-BR","@id":"https:\/\/mznoticia.com.br\/jaguariaiva\/wp-content\/uploads\/2025\/02\/mznoticia_jaguariaiva_coluna-150x150.png","url":"https:\/\/mznoticia.com.br\/jaguariaiva\/wp-content\/uploads\/2025\/02\/mznoticia_jaguariaiva_coluna-150x150.png","contentUrl":"https:\/\/mznoticia.com.br\/jaguariaiva\/wp-content\/uploads\/2025\/02\/mznoticia_jaguariaiva_coluna-150x150.png","caption":"Reda\u00e7\u00e3o MZ"},"url":"https:\/\/mznoticia.com.br\/jaguariaiva\/author\/yan\/"}]}},"_links":{"self":[{"href":"https:\/\/mznoticia.com.br\/jaguariaiva\/wp-json\/wp\/v2\/posts\/7354","targetHints":{"allow":["GET"]}}],"collection":[{"href":"https:\/\/mznoticia.com.br\/jaguariaiva\/wp-json\/wp\/v2\/posts"}],"about":[{"href":"https:\/\/mznoticia.com.br\/jaguariaiva\/wp-json\/wp\/v2\/types\/post"}],"author":[{"embeddable":true,"href":"https:\/\/mznoticia.com.br\/jaguariaiva\/wp-json\/wp\/v2\/users\/18"}],"replies":[{"embeddable":true,"href":"https:\/\/mznoticia.com.br\/jaguariaiva\/wp-json\/wp\/v2\/comments?post=7354"}],"version-history":[{"count":1,"href":"https:\/\/mznoticia.com.br\/jaguariaiva\/wp-json\/wp\/v2\/posts\/7354\/revisions"}],"predecessor-version":[{"id":7356,"href":"https:\/\/mznoticia.com.br\/jaguariaiva\/wp-json\/wp\/v2\/posts\/7354\/revisions\/7356"}],"wp:featuredmedia":[{"embeddable":true,"href":"https:\/\/mznoticia.com.br\/jaguariaiva\/wp-json\/wp\/v2\/media\/7355"}],"wp:attachment":[{"href":"https:\/\/mznoticia.com.br\/jaguariaiva\/wp-json\/wp\/v2\/media?parent=7354"}],"wp:term":[{"taxonomy":"category","embeddable":true,"href":"https:\/\/mznoticia.com.br\/jaguariaiva\/wp-json\/wp\/v2\/categories?post=7354"},{"taxonomy":"post_tag","embeddable":true,"href":"https:\/\/mznoticia.com.br\/jaguariaiva\/wp-json\/wp\/v2\/tags?post=7354"}],"curies":[{"name":"wp","href":"https:\/\/api.w.org\/{rel}","templated":true}]}}