{"id":7357,"date":"2026-08-28T21:31:05","date_gmt":"2026-08-28T21:31:05","guid":{"rendered":"https:\/\/mznoticia.com.br\/jaguariaiva\/?p=7357"},"modified":"2026-08-28T21:31:05","modified_gmt":"2026-08-28T21:31:05","slug":"operario-reencontra-fortaleza-apos-empate-no-primeiro-turno-da-serie-b","status":"publish","type":"post","link":"https:\/\/mznoticia.com.br\/jaguariaiva\/operario-reencontra-fortaleza-apos-empate-no-primeiro-turno-da-serie-b\/","title":{"rendered":"Oper\u00e1rio reencontra Fortaleza ap\u00f3s empate no primeiro turno da S\u00e9rie B"},"content":{"rendered":"<p class=\"isSelectedEnd\"><strong>Fantasma volta a enfrentar o time cearense na pr\u00f3xima segunda-feira, no Castel\u00e3o, quatro meses depois do empate sem gols em Ponta Grossa.<\/strong><\/p>\n<p class=\"isSelectedEnd\">O Oper\u00e1rio Ferrovi\u00e1rio volta a campo na pr\u00f3xima segunda-feira (31) para mais um importante compromisso pela S\u00e9rie B do Campeonato Brasileiro. O Fantasma enfrenta o Fortaleza, \u00e0s 19h30, na Arena Castel\u00e3o, em duelo v\u00e1lido pela 25\u00aa rodada da competi\u00e7\u00e3o.<\/p>\n<p class=\"isSelectedEnd\">O confronto marca o reencontro das equipes quatro meses ap\u00f3s a partida do primeiro turno. Na ocasi\u00e3o, Oper\u00e1rio e Fortaleza ficaram no empate em <strong>0 a 0<\/strong>, no Est\u00e1dio Germano Kr\u00fcger, em Ponta Grossa, pela sexta rodada da S\u00e9rie B.<\/p>\n<p class=\"isSelectedEnd\">Agora, o cen\u00e1rio ser\u00e1 diferente. O duelo acontece em Fortaleza e o advers\u00e1rio do Fantasma passou por diversas mudan\u00e7as desde o \u00faltimo encontro entre os clubes.<\/p>\n<h2>Fortaleza mudou desde o duelo em Ponta Grossa<\/h2>\n<p class=\"isSelectedEnd\">Uma das principais mudan\u00e7as no Fortaleza aconteceu no comando t\u00e9cnico. O clube cearense deixou de contar com Thiago Carpini e passou a ser comandado por Paulo Autuori.<\/p>\n<p class=\"isSelectedEnd\">Dentro de campo, a equipe tamb\u00e9m deve apresentar uma forma\u00e7\u00e3o bastante diferente daquela que enfrentou o Oper\u00e1rio no Germano Kr\u00fcger.<\/p>\n<p class=\"isSelectedEnd\">Jogadores que come\u00e7aram a partida em abril, como Br\u00edtez e Pochettino, n\u00e3o fazem mais parte do elenco. Al\u00e9m disso, o Fortaleza alterou seu sistema defensivo e deve entrar em campo com uma forma\u00e7\u00e3o diferente da utilizada no primeiro turno.<\/p>\n<h2>Oper\u00e1rio busca resultado fora de casa<\/h2>\n<p class=\"isSelectedEnd\">Para o Oper\u00e1rio, o confronto representa mais uma oportunidade de conquistar pontos importantes na sequ\u00eancia da S\u00e9rie B.<\/p>\n<p class=\"isSelectedEnd\">O Fantasma ter\u00e1 pela frente um advers\u00e1rio que conhece desde o empate em Ponta Grossa, mas encontrar\u00e1 uma equipe modificada tanto no comando t\u00e9cnico quanto dentro das quatro linhas.<\/p>\n<p class=\"isSelectedEnd\">A partida promete ser um desafio importante para o time de Ponta Grossa, especialmente por acontecer fora de casa, diante do Fortaleza e de sua torcida na Arena Castel\u00e3o.<\/p>\n<p class=\"isSelectedEnd\">No primeiro encontro entre as equipes, nenhuma delas conseguiu balan\u00e7ar as redes. Agora, pela 25\u00aa rodada, Oper\u00e1rio e Fortaleza voltam a se enfrentar em busca de um resultado importante na reta da competi\u00e7\u00e3o.<\/p>\n<p><strong>Fortaleza x Oper\u00e1rio<\/strong> acontece na pr\u00f3xima <strong>segunda-feira (31), \u00e0s 19h30, na Arena Castel\u00e3o<\/strong>, pela S\u00e9rie B do Campeonato Brasileiro.<\/p>\n","protected":false},"excerpt":{"rendered":"<p>Fantasma volta a enfrentar o time cearense na pr\u00f3xima segunda-feira, no Castel\u00e3o, quatro meses depois do empate sem gols em Ponta Grossa. O Oper\u00e1rio Ferrovi\u00e1rio volta a campo na pr\u00f3xima segunda-feira (31) para mais um importante compromisso pela S\u00e9rie B do Campeonato Brasileiro. O Fantasma enfrenta o Fortaleza, \u00e0s 19h30, na Arena Castel\u00e3o, em duelo [&hellip;]<\/p>\n","protected":false},"author":18,"featured_media":7358,"comment_status":"open","ping_status":"open","sticky":false,"template":"","format":"standard","meta":{"footnotes":""},"categories":[9,12],"tags":[3010,863,47,534,39,765,2617,761,24,763],"class_list":["post-7357","post","type-post","status-publish","format-standard","has-post-thumbnail","hentry","category-esportes","category-geral","tag-arena-castelao","tag-campeonato-brasileiro","tag-destaque","tag-fortaleza","tag-futebol","tag-germano-kruger","tag-operario","tag-operario-ferroviario","tag-ponta-grossa","tag-serie-b"],"yoast_head":"<!-- This site is optimized with the Yoast SEO plugin v28.1 - https:\/\/yoast.com\/product\/yoast-seo-wordpress\/ -->\n<title>Oper\u00e1rio reencontra Fortaleza ap\u00f3s empate no primeiro turno da S\u00e9rie B - Mz Not\u00edcias<\/title>\n<meta name=\"description\" content=\"Oper\u00e1rio reencontra o Fortaleza pela S\u00e9rie B ap\u00f3s empate no primeiro turno. Equipe paranaense enfrenta advers\u00e1rio com mudan\u00e7as no elenco e comando t\u00e9cnico.\" \/>\n<meta name=\"robots\" content=\"index, follow, max-snippet:-1, max-image-preview:large, max-video-preview:-1\" \/>\n<link rel=\"canonical\" href=\"https:\/\/mznoticia.com.br\/jaguariaiva\/operario-reencontra-fortaleza-apos-empate-no-primeiro-turno-da-serie-b\/\" \/>\n<meta property=\"og:locale\" content=\"pt_BR\" \/>\n<meta property=\"og:type\" content=\"article\" \/>\n<meta property=\"og:title\" content=\"Oper\u00e1rio reencontra Fortaleza ap\u00f3s empate no primeiro turno da S\u00e9rie B - Mz Not\u00edcias\" \/>\n<meta property=\"og:description\" content=\"Oper\u00e1rio reencontra o Fortaleza pela S\u00e9rie B ap\u00f3s empate no primeiro turno. Equipe paranaense enfrenta advers\u00e1rio com mudan\u00e7as no elenco e comando t\u00e9cnico.\" \/>\n<meta property=\"og:url\" content=\"https:\/\/mznoticia.com.br\/jaguariaiva\/operario-reencontra-fortaleza-apos-empate-no-primeiro-turno-da-serie-b\/\" \/>\n<meta property=\"og:site_name\" content=\"Mz Not\u00edcias\" \/>\n<meta property=\"article:publisher\" content=\"https:\/\/www.facebook.com\/profile.php?id=61573479951222\" \/>\n<meta property=\"article:published_time\" content=\"2026-08-28T21:31:05+00:00\" \/>\n<meta property=\"og:image\" content=\"https:\/\/mznoticia.com.br\/jaguariaiva\/wp-content\/uploads\/2026\/08\/fort.png\" \/>\n\t<meta property=\"og:image:width\" content=\"400\" \/>\n\t<meta property=\"og:image:height\" content=\"400\" \/>\n\t<meta property=\"og:image:type\" content=\"image\/png\" \/>\n<meta name=\"author\" content=\"Reda\u00e7\u00e3o MZ\" \/>\n<meta name=\"twitter:card\" content=\"summary_large_image\" \/>\n<meta name=\"twitter:label1\" content=\"Escrito por\" \/>\n\t<meta name=\"twitter:data1\" content=\"Reda\u00e7\u00e3o MZ\" \/>\n\t<meta name=\"twitter:label2\" content=\"Est. tempo de leitura\" \/>\n\t<meta name=\"twitter:data2\" content=\"3 minutos\" \/>\n<script type=\"application\/ld+json\" class=\"yoast-schema-graph\">{\"@context\":\"https:\\\/\\\/schema.org\",\"@graph\":[{\"@type\":\"Article\",\"@id\":\"https:\\\/\\\/mznoticia.com.br\\\/jaguariaiva\\\/operario-reencontra-fortaleza-apos-empate-no-primeiro-turno-da-serie-b\\\/#article\",\"isPartOf\":{\"@id\":\"https:\\\/\\\/mznoticia.com.br\\\/jaguariaiva\\\/operario-reencontra-fortaleza-apos-empate-no-primeiro-turno-da-serie-b\\\/\"},\"author\":{\"name\":\"Reda\u00e7\u00e3o MZ\",\"@id\":\"https:\\\/\\\/mznoticia.com.br\\\/jaguariaiva\\\/#\\\/schema\\\/person\\\/7ecde13ae5f5a92f0ff9b2155d7a6d6e\"},\"headline\":\"Oper\u00e1rio reencontra Fortaleza ap\u00f3s empate no primeiro turno da S\u00e9rie B\",\"datePublished\":\"2026-08-28T21:31:05+00:00\",\"mainEntityOfPage\":{\"@id\":\"https:\\\/\\\/mznoticia.com.br\\\/jaguariaiva\\\/operario-reencontra-fortaleza-apos-empate-no-primeiro-turno-da-serie-b\\\/\"},\"wordCount\":406,\"commentCount\":0,\"publisher\":{\"@id\":\"https:\\\/\\\/mznoticia.com.br\\\/jaguariaiva\\\/#organization\"},\"image\":{\"@id\":\"https:\\\/\\\/mznoticia.com.br\\\/jaguariaiva\\\/operario-reencontra-fortaleza-apos-empate-no-primeiro-turno-da-serie-b\\\/#primaryimage\"},\"thumbnailUrl\":\"https:\\\/\\\/mznoticia.com.br\\\/jaguariaiva\\\/wp-content\\\/uploads\\\/2026\\\/08\\\/fort.png\",\"keywords\":[\"Arena Castel\u00e3o\",\"Campeonato Brasileiro\",\"destaque\",\"Fortaleza\",\"futebol\",\"Germano Kr\u00fcger\",\"Oper\u00e1rio\",\"Oper\u00e1rio Ferrovi\u00e1rio\",\"Ponta Grossa\",\"S\u00e9rie B\"],\"articleSection\":[\"Esportes\",\"Geral\"],\"inLanguage\":\"pt-BR\",\"potentialAction\":[{\"@type\":\"CommentAction\",\"name\":\"Comment\",\"target\":[\"https:\\\/\\\/mznoticia.com.br\\\/jaguariaiva\\\/operario-reencontra-fortaleza-apos-empate-no-primeiro-turno-da-serie-b\\\/#respond\"]}]},{\"@type\":\"WebPage\",\"@id\":\"https:\\\/\\\/mznoticia.com.br\\\/jaguariaiva\\\/operario-reencontra-fortaleza-apos-empate-no-primeiro-turno-da-serie-b\\\/\",\"url\":\"https:\\\/\\\/mznoticia.com.br\\\/jaguariaiva\\\/operario-reencontra-fortaleza-apos-empate-no-primeiro-turno-da-serie-b\\\/\",\"name\":\"Oper\u00e1rio reencontra Fortaleza ap\u00f3s empate no primeiro turno da S\u00e9rie B - Mz Not\u00edcias\",\"isPartOf\":{\"@id\":\"https:\\\/\\\/mznoticia.com.br\\\/jaguariaiva\\\/#website\"},\"primaryImageOfPage\":{\"@id\":\"https:\\\/\\\/mznoticia.com.br\\\/jaguariaiva\\\/operario-reencontra-fortaleza-apos-empate-no-primeiro-turno-da-serie-b\\\/#primaryimage\"},\"image\":{\"@id\":\"https:\\\/\\\/mznoticia.com.br\\\/jaguariaiva\\\/operario-reencontra-fortaleza-apos-empate-no-primeiro-turno-da-serie-b\\\/#primaryimage\"},\"thumbnailUrl\":\"https:\\\/\\\/mznoticia.com.br\\\/jaguariaiva\\\/wp-content\\\/uploads\\\/2026\\\/08\\\/fort.png\",\"datePublished\":\"2026-08-28T21:31:05+00:00\",\"description\":\"Oper\u00e1rio reencontra o Fortaleza pela S\u00e9rie B ap\u00f3s empate no primeiro turno. Equipe paranaense enfrenta advers\u00e1rio com mudan\u00e7as no elenco e comando t\u00e9cnico.\",\"breadcrumb\":{\"@id\":\"https:\\\/\\\/mznoticia.com.br\\\/jaguariaiva\\\/operario-reencontra-fortaleza-apos-empate-no-primeiro-turno-da-serie-b\\\/#breadcrumb\"},\"inLanguage\":\"pt-BR\",\"potentialAction\":[{\"@type\":\"ReadAction\",\"target\":[\"https:\\\/\\\/mznoticia.com.br\\\/jaguariaiva\\\/operario-reencontra-fortaleza-apos-empate-no-primeiro-turno-da-serie-b\\\/\"]}]},{\"@type\":\"ImageObject\",\"inLanguage\":\"pt-BR\",\"@id\":\"https:\\\/\\\/mznoticia.com.br\\\/jaguariaiva\\\/operario-reencontra-fortaleza-apos-empate-no-primeiro-turno-da-serie-b\\\/#primaryimage\",\"url\":\"https:\\\/\\\/mznoticia.com.br\\\/jaguariaiva\\\/wp-content\\\/uploads\\\/2026\\\/08\\\/fort.png\",\"contentUrl\":\"https:\\\/\\\/mznoticia.com.br\\\/jaguariaiva\\\/wp-content\\\/uploads\\\/2026\\\/08\\\/fort.png\",\"width\":400,\"height\":400},{\"@type\":\"BreadcrumbList\",\"@id\":\"https:\\\/\\\/mznoticia.com.br\\\/jaguariaiva\\\/operario-reencontra-fortaleza-apos-empate-no-primeiro-turno-da-serie-b\\\/#breadcrumb\",\"itemListElement\":[{\"@type\":\"ListItem\",\"position\":1,\"name\":\"Home\",\"item\":\"https:\\\/\\\/mznoticia.com.br\\\/jaguariaiva\\\/\"},{\"@type\":\"ListItem\",\"position\":2,\"name\":\"Oper\u00e1rio reencontra Fortaleza ap\u00f3s empate no primeiro turno da S\u00e9rie B\"}]},{\"@type\":\"WebSite\",\"@id\":\"https:\\\/\\\/mznoticia.com.br\\\/jaguariaiva\\\/#website\",\"url\":\"https:\\\/\\\/mznoticia.com.br\\\/jaguariaiva\\\/\",\"name\":\"Mz Not\u00edcia\",\"description\":\"A informa\u00e7\u00e3o que voc\u00ea precisa na hora certa!\",\"publisher\":{\"@id\":\"https:\\\/\\\/mznoticia.com.br\\\/jaguariaiva\\\/#organization\"},\"potentialAction\":[{\"@type\":\"SearchAction\",\"target\":{\"@type\":\"EntryPoint\",\"urlTemplate\":\"https:\\\/\\\/mznoticia.com.br\\\/jaguariaiva\\\/?s={search_term_string}\"},\"query-input\":{\"@type\":\"PropertyValueSpecification\",\"valueRequired\":true,\"valueName\":\"search_term_string\"}}],\"inLanguage\":\"pt-BR\"},{\"@type\":\"Organization\",\"@id\":\"https:\\\/\\\/mznoticia.com.br\\\/jaguariaiva\\\/#organization\",\"name\":\"Mz Not\u00edcia\",\"url\":\"https:\\\/\\\/mznoticia.com.br\\\/jaguariaiva\\\/\",\"logo\":{\"@type\":\"ImageObject\",\"inLanguage\":\"pt-BR\",\"@id\":\"https:\\\/\\\/mznoticia.com.br\\\/jaguariaiva\\\/#\\\/schema\\\/logo\\\/image\\\/\",\"url\":\"https:\\\/\\\/mznoticia.com.br\\\/jaguariaiva\\\/wp-content\\\/uploads\\\/2025\\\/03\\\/Design-sem-nome-4-e1741200616392.png\",\"contentUrl\":\"https:\\\/\\\/mznoticia.com.br\\\/jaguariaiva\\\/wp-content\\\/uploads\\\/2025\\\/03\\\/Design-sem-nome-4-e1741200616392.png\",\"width\":750,\"height\":563,\"caption\":\"Mz Not\u00edcia\"},\"image\":{\"@id\":\"https:\\\/\\\/mznoticia.com.br\\\/jaguariaiva\\\/#\\\/schema\\\/logo\\\/image\\\/\"},\"sameAs\":[\"https:\\\/\\\/www.facebook.com\\\/profile.php?id=61573479951222\",\"https:\\\/\\\/www.instagram.com\\\/mz.jaguariaiva\\\/\"]},{\"@type\":\"Person\",\"@id\":\"https:\\\/\\\/mznoticia.com.br\\\/jaguariaiva\\\/#\\\/schema\\\/person\\\/7ecde13ae5f5a92f0ff9b2155d7a6d6e\",\"name\":\"Reda\u00e7\u00e3o MZ\",\"image\":{\"@type\":\"ImageObject\",\"inLanguage\":\"pt-BR\",\"@id\":\"https:\\\/\\\/mznoticia.com.br\\\/jaguariaiva\\\/wp-content\\\/uploads\\\/2025\\\/02\\\/mznoticia_jaguariaiva_coluna-150x150.png\",\"url\":\"https:\\\/\\\/mznoticia.com.br\\\/jaguariaiva\\\/wp-content\\\/uploads\\\/2025\\\/02\\\/mznoticia_jaguariaiva_coluna-150x150.png\",\"contentUrl\":\"https:\\\/\\\/mznoticia.com.br\\\/jaguariaiva\\\/wp-content\\\/uploads\\\/2025\\\/02\\\/mznoticia_jaguariaiva_coluna-150x150.png\",\"caption\":\"Reda\u00e7\u00e3o MZ\"},\"url\":\"https:\\\/\\\/mznoticia.com.br\\\/jaguariaiva\\\/author\\\/yan\\\/\"}]}<\/script>\n<!-- \/ Yoast SEO plugin. -->","yoast_head_json":{"title":"Oper\u00e1rio reencontra Fortaleza ap\u00f3s empate no primeiro turno da S\u00e9rie B - Mz Not\u00edcias","description":"Oper\u00e1rio reencontra o Fortaleza pela S\u00e9rie B ap\u00f3s empate no primeiro turno. Equipe paranaense enfrenta advers\u00e1rio com mudan\u00e7as no elenco e comando t\u00e9cnico.","robots":{"index":"index","follow":"follow","max-snippet":"max-snippet:-1","max-image-preview":"max-image-preview:large","max-video-preview":"max-video-preview:-1"},"canonical":"https:\/\/mznoticia.com.br\/jaguariaiva\/operario-reencontra-fortaleza-apos-empate-no-primeiro-turno-da-serie-b\/","og_locale":"pt_BR","og_type":"article","og_title":"Oper\u00e1rio reencontra Fortaleza ap\u00f3s empate no primeiro turno da S\u00e9rie B - Mz Not\u00edcias","og_description":"Oper\u00e1rio reencontra o Fortaleza pela S\u00e9rie B ap\u00f3s empate no primeiro turno. Equipe paranaense enfrenta advers\u00e1rio com mudan\u00e7as no elenco e comando t\u00e9cnico.","og_url":"https:\/\/mznoticia.com.br\/jaguariaiva\/operario-reencontra-fortaleza-apos-empate-no-primeiro-turno-da-serie-b\/","og_site_name":"Mz Not\u00edcias","article_publisher":"https:\/\/www.facebook.com\/profile.php?id=61573479951222","article_published_time":"2026-08-28T21:31:05+00:00","og_image":[{"width":400,"height":400,"url":"https:\/\/mznoticia.com.br\/jaguariaiva\/wp-content\/uploads\/2026\/08\/fort.png","type":"image\/png"}],"author":"Reda\u00e7\u00e3o MZ","twitter_card":"summary_large_image","twitter_misc":{"Escrito por":"Reda\u00e7\u00e3o MZ","Est. tempo de leitura":"3 minutos"},"schema":{"@context":"https:\/\/schema.org","@graph":[{"@type":"Article","@id":"https:\/\/mznoticia.com.br\/jaguariaiva\/operario-reencontra-fortaleza-apos-empate-no-primeiro-turno-da-serie-b\/#article","isPartOf":{"@id":"https:\/\/mznoticia.com.br\/jaguariaiva\/operario-reencontra-fortaleza-apos-empate-no-primeiro-turno-da-serie-b\/"},"author":{"name":"Reda\u00e7\u00e3o MZ","@id":"https:\/\/mznoticia.com.br\/jaguariaiva\/#\/schema\/person\/7ecde13ae5f5a92f0ff9b2155d7a6d6e"},"headline":"Oper\u00e1rio reencontra Fortaleza ap\u00f3s empate no primeiro turno da S\u00e9rie B","datePublished":"2026-08-28T21:31:05+00:00","mainEntityOfPage":{"@id":"https:\/\/mznoticia.com.br\/jaguariaiva\/operario-reencontra-fortaleza-apos-empate-no-primeiro-turno-da-serie-b\/"},"wordCount":406,"commentCount":0,"publisher":{"@id":"https:\/\/mznoticia.com.br\/jaguariaiva\/#organization"},"image":{"@id":"https:\/\/mznoticia.com.br\/jaguariaiva\/operario-reencontra-fortaleza-apos-empate-no-primeiro-turno-da-serie-b\/#primaryimage"},"thumbnailUrl":"https:\/\/mznoticia.com.br\/jaguariaiva\/wp-content\/uploads\/2026\/08\/fort.png","keywords":["Arena Castel\u00e3o","Campeonato Brasileiro","destaque","Fortaleza","futebol","Germano Kr\u00fcger","Oper\u00e1rio","Oper\u00e1rio Ferrovi\u00e1rio","Ponta Grossa","S\u00e9rie B"],"articleSection":["Esportes","Geral"],"inLanguage":"pt-BR","potentialAction":[{"@type":"CommentAction","name":"Comment","target":["https:\/\/mznoticia.com.br\/jaguariaiva\/operario-reencontra-fortaleza-apos-empate-no-primeiro-turno-da-serie-b\/#respond"]}]},{"@type":"WebPage","@id":"https:\/\/mznoticia.com.br\/jaguariaiva\/operario-reencontra-fortaleza-apos-empate-no-primeiro-turno-da-serie-b\/","url":"https:\/\/mznoticia.com.br\/jaguariaiva\/operario-reencontra-fortaleza-apos-empate-no-primeiro-turno-da-serie-b\/","name":"Oper\u00e1rio reencontra Fortaleza ap\u00f3s empate no primeiro turno da S\u00e9rie B - Mz Not\u00edcias","isPartOf":{"@id":"https:\/\/mznoticia.com.br\/jaguariaiva\/#website"},"primaryImageOfPage":{"@id":"https:\/\/mznoticia.com.br\/jaguariaiva\/operario-reencontra-fortaleza-apos-empate-no-primeiro-turno-da-serie-b\/#primaryimage"},"image":{"@id":"https:\/\/mznoticia.com.br\/jaguariaiva\/operario-reencontra-fortaleza-apos-empate-no-primeiro-turno-da-serie-b\/#primaryimage"},"thumbnailUrl":"https:\/\/mznoticia.com.br\/jaguariaiva\/wp-content\/uploads\/2026\/08\/fort.png","datePublished":"2026-08-28T21:31:05+00:00","description":"Oper\u00e1rio reencontra o Fortaleza pela S\u00e9rie B ap\u00f3s empate no primeiro turno. Equipe paranaense enfrenta advers\u00e1rio com mudan\u00e7as no elenco e comando t\u00e9cnico.","breadcrumb":{"@id":"https:\/\/mznoticia.com.br\/jaguariaiva\/operario-reencontra-fortaleza-apos-empate-no-primeiro-turno-da-serie-b\/#breadcrumb"},"inLanguage":"pt-BR","potentialAction":[{"@type":"ReadAction","target":["https:\/\/mznoticia.com.br\/jaguariaiva\/operario-reencontra-fortaleza-apos-empate-no-primeiro-turno-da-serie-b\/"]}]},{"@type":"ImageObject","inLanguage":"pt-BR","@id":"https:\/\/mznoticia.com.br\/jaguariaiva\/operario-reencontra-fortaleza-apos-empate-no-primeiro-turno-da-serie-b\/#primaryimage","url":"https:\/\/mznoticia.com.br\/jaguariaiva\/wp-content\/uploads\/2026\/08\/fort.png","contentUrl":"https:\/\/mznoticia.com.br\/jaguariaiva\/wp-content\/uploads\/2026\/08\/fort.png","width":400,"height":400},{"@type":"BreadcrumbList","@id":"https:\/\/mznoticia.com.br\/jaguariaiva\/operario-reencontra-fortaleza-apos-empate-no-primeiro-turno-da-serie-b\/#breadcrumb","itemListElement":[{"@type":"ListItem","position":1,"name":"Home","item":"https:\/\/mznoticia.com.br\/jaguariaiva\/"},{"@type":"ListItem","position":2,"name":"Oper\u00e1rio reencontra Fortaleza ap\u00f3s empate no primeiro turno da S\u00e9rie B"}]},{"@type":"WebSite","@id":"https:\/\/mznoticia.com.br\/jaguariaiva\/#website","url":"https:\/\/mznoticia.com.br\/jaguariaiva\/","name":"Mz Not\u00edcia","description":"A informa\u00e7\u00e3o que voc\u00ea precisa na hora certa!","publisher":{"@id":"https:\/\/mznoticia.com.br\/jaguariaiva\/#organization"},"potentialAction":[{"@type":"SearchAction","target":{"@type":"EntryPoint","urlTemplate":"https:\/\/mznoticia.com.br\/jaguariaiva\/?s={search_term_string}"},"query-input":{"@type":"PropertyValueSpecification","valueRequired":true,"valueName":"search_term_string"}}],"inLanguage":"pt-BR"},{"@type":"Organization","@id":"https:\/\/mznoticia.com.br\/jaguariaiva\/#organization","name":"Mz Not\u00edcia","url":"https:\/\/mznoticia.com.br\/jaguariaiva\/","logo":{"@type":"ImageObject","inLanguage":"pt-BR","@id":"https:\/\/mznoticia.com.br\/jaguariaiva\/#\/schema\/logo\/image\/","url":"https:\/\/mznoticia.com.br\/jaguariaiva\/wp-content\/uploads\/2025\/03\/Design-sem-nome-4-e1741200616392.png","contentUrl":"https:\/\/mznoticia.com.br\/jaguariaiva\/wp-content\/uploads\/2025\/03\/Design-sem-nome-4-e1741200616392.png","width":750,"height":563,"caption":"Mz Not\u00edcia"},"image":{"@id":"https:\/\/mznoticia.com.br\/jaguariaiva\/#\/schema\/logo\/image\/"},"sameAs":["https:\/\/www.facebook.com\/profile.php?id=61573479951222","https:\/\/www.instagram.com\/mz.jaguariaiva\/"]},{"@type":"Person","@id":"https:\/\/mznoticia.com.br\/jaguariaiva\/#\/schema\/person\/7ecde13ae5f5a92f0ff9b2155d7a6d6e","name":"Reda\u00e7\u00e3o MZ","image":{"@type":"ImageObject","inLanguage":"pt-BR","@id":"https:\/\/mznoticia.com.br\/jaguariaiva\/wp-content\/uploads\/2025\/02\/mznoticia_jaguariaiva_coluna-150x150.png","url":"https:\/\/mznoticia.com.br\/jaguariaiva\/wp-content\/uploads\/2025\/02\/mznoticia_jaguariaiva_coluna-150x150.png","contentUrl":"https:\/\/mznoticia.com.br\/jaguariaiva\/wp-content\/uploads\/2025\/02\/mznoticia_jaguariaiva_coluna-150x150.png","caption":"Reda\u00e7\u00e3o MZ"},"url":"https:\/\/mznoticia.com.br\/jaguariaiva\/author\/yan\/"}]}},"_links":{"self":[{"href":"https:\/\/mznoticia.com.br\/jaguariaiva\/wp-json\/wp\/v2\/posts\/7357","targetHints":{"allow":["GET"]}}],"collection":[{"href":"https:\/\/mznoticia.com.br\/jaguariaiva\/wp-json\/wp\/v2\/posts"}],"about":[{"href":"https:\/\/mznoticia.com.br\/jaguariaiva\/wp-json\/wp\/v2\/types\/post"}],"author":[{"embeddable":true,"href":"https:\/\/mznoticia.com.br\/jaguariaiva\/wp-json\/wp\/v2\/users\/18"}],"replies":[{"embeddable":true,"href":"https:\/\/mznoticia.com.br\/jaguariaiva\/wp-json\/wp\/v2\/comments?post=7357"}],"version-history":[{"count":1,"href":"https:\/\/mznoticia.com.br\/jaguariaiva\/wp-json\/wp\/v2\/posts\/7357\/revisions"}],"predecessor-version":[{"id":7359,"href":"https:\/\/mznoticia.com.br\/jaguariaiva\/wp-json\/wp\/v2\/posts\/7357\/revisions\/7359"}],"wp:featuredmedia":[{"embeddable":true,"href":"https:\/\/mznoticia.com.br\/jaguariaiva\/wp-json\/wp\/v2\/media\/7358"}],"wp:attachment":[{"href":"https:\/\/mznoticia.com.br\/jaguariaiva\/wp-json\/wp\/v2\/media?parent=7357"}],"wp:term":[{"taxonomy":"category","embeddable":true,"href":"https:\/\/mznoticia.com.br\/jaguariaiva\/wp-json\/wp\/v2\/categories?post=7357"},{"taxonomy":"post_tag","embeddable":true,"href":"https:\/\/mznoticia.com.br\/jaguariaiva\/wp-json\/wp\/v2\/tags?post=7357"}],"curies":[{"name":"wp","href":"https:\/\/api.w.org\/{rel}","templated":true}]}}