{"id":7360,"date":"2026-08-28T21:45:13","date_gmt":"2026-08-28T21:45:13","guid":{"rendered":"https:\/\/mznoticia.com.br\/jaguariaiva\/?p=7360"},"modified":"2026-08-28T21:45:13","modified_gmt":"2026-08-28T21:45:13","slug":"exposicao-imersiva-de-van-gogh-chega-a-ponta-grossa-com-projecoes-em-360o","status":"publish","type":"post","link":"https:\/\/mznoticia.com.br\/jaguariaiva\/exposicao-imersiva-de-van-gogh-chega-a-ponta-grossa-com-projecoes-em-360o\/","title":{"rendered":"Exposi\u00e7\u00e3o imersiva de Van Gogh chega a Ponta Grossa com proje\u00e7\u00f5es em 360\u00ba"},"content":{"rendered":"<p class=\"isSelectedEnd\"><strong>Sucesso em diversas cidades brasileiras, Van Gogh &amp; Impressionistas estreia no Plaza Campos Gerais em setembro e promete levar o p\u00fablico para dentro das obras de grandes artistas.<\/strong><\/p>\n<p class=\"isSelectedEnd\">Ponta Grossa receber\u00e1, a partir do dia <strong>25 de setembro<\/strong>, a exposi\u00e7\u00e3o imersiva <strong>Van Gogh &amp; Impressionistas<\/strong>, uma experi\u00eancia que une arte, tecnologia e emo\u00e7\u00e3o por meio de proje\u00e7\u00f5es em alta defini\u00e7\u00e3o e instala\u00e7\u00f5es interativas.<\/p>\n<p class=\"isSelectedEnd\">A atra\u00e7\u00e3o ser\u00e1 instalada em um complexo especialmente preparado no <strong>Plaza Campos Gerais<\/strong>, na regi\u00e3o da Ronda, e ficar\u00e1 na cidade por uma temporada limitada.<\/p>\n<p class=\"isSelectedEnd\">O p\u00fablico poder\u00e1 conhecer uma nova forma de apreciar algumas das obras mais famosas da hist\u00f3ria da arte. A exposi\u00e7\u00e3o utiliza recursos de videografismo, movimentos e proje\u00e7\u00f5es em <strong>360 graus<\/strong>, transformando paredes, pisos e outras estruturas em grandes telas.<\/p>\n<h2>Obras famosas ganham uma nova experi\u00eancia<\/h2>\n<p class=\"isSelectedEnd\">A exposi\u00e7\u00e3o apresenta releituras de algumas das obras mais conhecidas de <strong>Vincent van Gogh<\/strong>, incluindo <strong>A Noite Estrelada<\/strong>, <strong>Girass\u00f3is<\/strong>, <strong>Quarto em Arles<\/strong>, <strong>Amendoeira em Flor<\/strong> e diferentes autorretratos do artista holand\u00eas.<\/p>\n<p class=\"isSelectedEnd\">Al\u00e9m de Van Gogh, a experi\u00eancia tamb\u00e9m leva os visitantes ao universo de outros grandes nomes do impressionismo e p\u00f3s-impressionismo.<\/p>\n<p class=\"isSelectedEnd\">Entre os artistas presentes est\u00e3o <strong>Claude Monet, Pierre-Auguste Renoir, Paul Gauguin e Paul C\u00e9zanne<\/strong>.<\/p>\n<p class=\"isSelectedEnd\">A proposta \u00e9 transportar o visitante para dentro das obras, utilizando imagens em movimento, efeitos visuais e uma trilha sonora baseada em grandes cl\u00e1ssicos da m\u00fasica universal.<\/p>\n<h2>Labirinto, instala\u00e7\u00f5es e espa\u00e7o para fotos<\/h2>\n<p class=\"isSelectedEnd\">Al\u00e9m do grande ambiente de proje\u00e7\u00f5es, a atra\u00e7\u00e3o contar\u00e1 com um <strong>labirinto instagram\u00e1vel<\/strong>, instala\u00e7\u00f5es art\u00edsticas e espa\u00e7os dedicados a curiosidades sobre a vida e a obra dos artistas.<\/p>\n<p class=\"isSelectedEnd\">O p\u00fablico tamb\u00e9m encontrar\u00e1 um atelier imersivo, onde as proje\u00e7\u00f5es ocupam grandes pared\u00f5es, o piso e outras estruturas do ambiente.<\/p>\n<p class=\"isSelectedEnd\">A exposi\u00e7\u00e3o ainda ter\u00e1 uma loja de souvenirs para os visitantes.<\/p>\n<p class=\"isSelectedEnd\">Segundo a organiza\u00e7\u00e3o, a atra\u00e7\u00e3o j\u00e1 passou por diversas cidades brasileiras e ultrapassou a marca de <strong>1 milh\u00e3o de ingressos vendidos no pa\u00eds<\/strong>.<\/p>\n<h2>Exposi\u00e7\u00e3o tamb\u00e9m recebe grupos escolares<\/h2>\n<p class=\"isSelectedEnd\">A experi\u00eancia tamb\u00e9m ter\u00e1 op\u00e7\u00f5es especiais para escolas e grupos de estudantes.<\/p>\n<p class=\"isSelectedEnd\">Institui\u00e7\u00f5es interessadas em pacotes e sess\u00f5es exclusivas poder\u00e3o consultar condi\u00e7\u00f5es especiais junto \u00e0 organiza\u00e7\u00e3o do evento.<\/p>\n<p class=\"isSelectedEnd\">A proposta \u00e9 unir arte, conhecimento, tecnologia e entretenimento em uma experi\u00eancia voltada para p\u00fablicos de diferentes idades.<\/p>\n<h2>Confira os valores dos ingressos<\/h2>\n<p class=\"isSelectedEnd\">Os pre\u00e7os variam conforme o dia e o hor\u00e1rio da visita.<\/p>\n<p class=\"isSelectedEnd\"><strong>De ter\u00e7a a sexta-feira, durante o per\u00edodo diurno:<\/strong><\/p>\n<ul data-spread=\"false\">\n<li>Inteira: <strong>R$ 70<\/strong><\/li>\n<li>Meia-entrada: <strong>R$ 35<\/strong><\/li>\n<\/ul>\n<p class=\"isSelectedEnd\"><strong>De ter\u00e7a a sexta-feira, a partir das 18h:<\/strong><\/p>\n<ul data-spread=\"false\">\n<li>Inteira: <strong>R$ 80<\/strong><\/li>\n<li>Meia-entrada: <strong>R$ 40<\/strong><\/li>\n<\/ul>\n<p class=\"isSelectedEnd\"><strong>Finais de semana e feriados:<\/strong><\/p>\n<ul data-spread=\"false\">\n<li>Inteira: <strong>R$ 95<\/strong><\/li>\n<li>Meia-entrada: <strong>R$ 47,50<\/strong><\/li>\n<\/ul>\n<p class=\"isSelectedEnd\">Crian\u00e7as de at\u00e9 <strong>4 anos<\/strong> ter\u00e3o entrada gratuita.<\/p>\n<h2>Servi\u00e7o<\/h2>\n<p class=\"isSelectedEnd\"><strong>Van Gogh &amp; Impressionistas<\/strong><\/p>\n<p class=\"isSelectedEnd\">&#x1f4c5; <strong>A partir de 25 de setembro de 2026<\/strong><\/p>\n<p class=\"isSelectedEnd\">&#x1f4cd; <strong>Plaza Campos Gerais<\/strong><br \/>\nAvenida Visconde de Taunay, 2023, Ronda, Ponta Grossa<\/p>\n<p class=\"isSelectedEnd\">&#x1f559; <strong>Ter\u00e7a a s\u00e1bado:<\/strong> das 10h \u00e0s 22h<br \/>\n&#x1f55a; <strong>Domingos e feriados:<\/strong> das 11h \u00e0s 22h<\/p>\n<p class=\"isSelectedEnd\">A exposi\u00e7\u00e3o n\u00e3o funciona \u00e0s segundas-feiras. O \u00faltimo hor\u00e1rio de entrada ser\u00e1 \u00e0s 21h.<\/p>\n<p>Os ingressos est\u00e3o dispon\u00edveis para compra online e a exposi\u00e7\u00e3o ficar\u00e1 em Ponta Grossa por uma temporada limitada.<\/p>\n","protected":false},"excerpt":{"rendered":"<p>Sucesso em diversas cidades brasileiras, Van Gogh &amp; Impressionistas estreia no Plaza Campos Gerais em setembro e promete levar o p\u00fablico para dentro das obras de grandes artistas. Ponta Grossa receber\u00e1, a partir do dia 25 de setembro, a exposi\u00e7\u00e3o imersiva Van Gogh &amp; Impressionistas, uma experi\u00eancia que une arte, tecnologia e emo\u00e7\u00e3o por meio [&hellip;]<\/p>\n","protected":false},"author":18,"featured_media":7361,"comment_status":"open","ping_status":"open","sticky":false,"template":"","format":"standard","meta":{"footnotes":""},"categories":[8,1,12],"tags":[3014,314,84,47,327,3013,3012,3015,24,3011],"class_list":["post-7360","post","type-post","status-publish","format-standard","has-post-thumbnail","hentry","category-campos-gerais","category-cultura","category-geral","tag-arte","tag-campos-gerais","tag-cultura","tag-destaque","tag-eventos","tag-exposicao","tag-impressionistas","tag-plaza-campos-gerais","tag-ponta-grossa","tag-van-gogh"],"yoast_head":"<!-- This site is optimized with the Yoast SEO plugin v28.1 - https:\/\/yoast.com\/product\/yoast-seo-wordpress\/ -->\n<title>Exposi\u00e7\u00e3o imersiva de Van Gogh chega a Ponta Grossa com proje\u00e7\u00f5es em 360\u00ba - Mz Not\u00edcias<\/title>\n<meta name=\"description\" content=\"Exposi\u00e7\u00e3o imersiva Van Gogh &amp; Impressionistas chega a Ponta Grossa em setembro com proje\u00e7\u00f5es 360\u00ba, obras famosas e experi\u00eancias interativas.\" \/>\n<meta name=\"robots\" content=\"index, follow, max-snippet:-1, max-image-preview:large, max-video-preview:-1\" \/>\n<link rel=\"canonical\" href=\"https:\/\/mznoticia.com.br\/jaguariaiva\/exposicao-imersiva-de-van-gogh-chega-a-ponta-grossa-com-projecoes-em-360o\/\" \/>\n<meta property=\"og:locale\" content=\"pt_BR\" \/>\n<meta property=\"og:type\" content=\"article\" \/>\n<meta property=\"og:title\" content=\"Exposi\u00e7\u00e3o imersiva de Van Gogh chega a Ponta Grossa com proje\u00e7\u00f5es em 360\u00ba - Mz Not\u00edcias\" \/>\n<meta property=\"og:description\" content=\"Exposi\u00e7\u00e3o imersiva Van Gogh &amp; Impressionistas chega a Ponta Grossa em setembro com proje\u00e7\u00f5es 360\u00ba, obras famosas e experi\u00eancias interativas.\" \/>\n<meta property=\"og:url\" content=\"https:\/\/mznoticia.com.br\/jaguariaiva\/exposicao-imersiva-de-van-gogh-chega-a-ponta-grossa-com-projecoes-em-360o\/\" \/>\n<meta property=\"og:site_name\" content=\"Mz Not\u00edcias\" \/>\n<meta property=\"article:publisher\" content=\"https:\/\/www.facebook.com\/profile.php?id=61573479951222\" \/>\n<meta property=\"article:published_time\" content=\"2026-08-28T21:45:13+00:00\" \/>\n<meta property=\"og:image\" content=\"https:\/\/mznoticia.com.br\/jaguariaiva\/wp-content\/uploads\/2026\/08\/expo.webp\" \/>\n\t<meta property=\"og:image:width\" content=\"1284\" \/>\n\t<meta property=\"og:image:height\" content=\"856\" \/>\n\t<meta property=\"og:image:type\" content=\"image\/webp\" \/>\n<meta name=\"author\" content=\"Reda\u00e7\u00e3o MZ\" \/>\n<meta name=\"twitter:card\" content=\"summary_large_image\" \/>\n<meta name=\"twitter:label1\" content=\"Escrito por\" \/>\n\t<meta name=\"twitter:data1\" content=\"Reda\u00e7\u00e3o MZ\" \/>\n\t<meta name=\"twitter:label2\" content=\"Est. tempo de leitura\" \/>\n\t<meta name=\"twitter:data2\" content=\"3 minutos\" \/>\n<script type=\"application\/ld+json\" class=\"yoast-schema-graph\">{\"@context\":\"https:\\\/\\\/schema.org\",\"@graph\":[{\"@type\":\"Article\",\"@id\":\"https:\\\/\\\/mznoticia.com.br\\\/jaguariaiva\\\/exposicao-imersiva-de-van-gogh-chega-a-ponta-grossa-com-projecoes-em-360o\\\/#article\",\"isPartOf\":{\"@id\":\"https:\\\/\\\/mznoticia.com.br\\\/jaguariaiva\\\/exposicao-imersiva-de-van-gogh-chega-a-ponta-grossa-com-projecoes-em-360o\\\/\"},\"author\":{\"name\":\"Reda\u00e7\u00e3o MZ\",\"@id\":\"https:\\\/\\\/mznoticia.com.br\\\/jaguariaiva\\\/#\\\/schema\\\/person\\\/7ecde13ae5f5a92f0ff9b2155d7a6d6e\"},\"headline\":\"Exposi\u00e7\u00e3o imersiva de Van Gogh chega a Ponta Grossa com proje\u00e7\u00f5es em 360\u00ba\",\"datePublished\":\"2026-08-28T21:45:13+00:00\",\"mainEntityOfPage\":{\"@id\":\"https:\\\/\\\/mznoticia.com.br\\\/jaguariaiva\\\/exposicao-imersiva-de-van-gogh-chega-a-ponta-grossa-com-projecoes-em-360o\\\/\"},\"wordCount\":577,\"commentCount\":0,\"publisher\":{\"@id\":\"https:\\\/\\\/mznoticia.com.br\\\/jaguariaiva\\\/#organization\"},\"image\":{\"@id\":\"https:\\\/\\\/mznoticia.com.br\\\/jaguariaiva\\\/exposicao-imersiva-de-van-gogh-chega-a-ponta-grossa-com-projecoes-em-360o\\\/#primaryimage\"},\"thumbnailUrl\":\"https:\\\/\\\/mznoticia.com.br\\\/jaguariaiva\\\/wp-content\\\/uploads\\\/2026\\\/08\\\/expo.webp\",\"keywords\":[\"Arte\",\"Campos Gerais\",\"cultura\",\"destaque\",\"Eventos\",\"Exposi\u00e7\u00e3o\",\"Impressionistas\",\"Plaza Campos Gerais\",\"Ponta Grossa\",\"Van Gogh\"],\"articleSection\":[\"Campos Gerais\",\"Cultura\",\"Geral\"],\"inLanguage\":\"pt-BR\",\"potentialAction\":[{\"@type\":\"CommentAction\",\"name\":\"Comment\",\"target\":[\"https:\\\/\\\/mznoticia.com.br\\\/jaguariaiva\\\/exposicao-imersiva-de-van-gogh-chega-a-ponta-grossa-com-projecoes-em-360o\\\/#respond\"]}]},{\"@type\":\"WebPage\",\"@id\":\"https:\\\/\\\/mznoticia.com.br\\\/jaguariaiva\\\/exposicao-imersiva-de-van-gogh-chega-a-ponta-grossa-com-projecoes-em-360o\\\/\",\"url\":\"https:\\\/\\\/mznoticia.com.br\\\/jaguariaiva\\\/exposicao-imersiva-de-van-gogh-chega-a-ponta-grossa-com-projecoes-em-360o\\\/\",\"name\":\"Exposi\u00e7\u00e3o imersiva de Van Gogh chega a Ponta Grossa com proje\u00e7\u00f5es em 360\u00ba - Mz Not\u00edcias\",\"isPartOf\":{\"@id\":\"https:\\\/\\\/mznoticia.com.br\\\/jaguariaiva\\\/#website\"},\"primaryImageOfPage\":{\"@id\":\"https:\\\/\\\/mznoticia.com.br\\\/jaguariaiva\\\/exposicao-imersiva-de-van-gogh-chega-a-ponta-grossa-com-projecoes-em-360o\\\/#primaryimage\"},\"image\":{\"@id\":\"https:\\\/\\\/mznoticia.com.br\\\/jaguariaiva\\\/exposicao-imersiva-de-van-gogh-chega-a-ponta-grossa-com-projecoes-em-360o\\\/#primaryimage\"},\"thumbnailUrl\":\"https:\\\/\\\/mznoticia.com.br\\\/jaguariaiva\\\/wp-content\\\/uploads\\\/2026\\\/08\\\/expo.webp\",\"datePublished\":\"2026-08-28T21:45:13+00:00\",\"description\":\"Exposi\u00e7\u00e3o imersiva Van Gogh & Impressionistas chega a Ponta Grossa em setembro com proje\u00e7\u00f5es 360\u00ba, obras famosas e experi\u00eancias interativas.\",\"breadcrumb\":{\"@id\":\"https:\\\/\\\/mznoticia.com.br\\\/jaguariaiva\\\/exposicao-imersiva-de-van-gogh-chega-a-ponta-grossa-com-projecoes-em-360o\\\/#breadcrumb\"},\"inLanguage\":\"pt-BR\",\"potentialAction\":[{\"@type\":\"ReadAction\",\"target\":[\"https:\\\/\\\/mznoticia.com.br\\\/jaguariaiva\\\/exposicao-imersiva-de-van-gogh-chega-a-ponta-grossa-com-projecoes-em-360o\\\/\"]}]},{\"@type\":\"ImageObject\",\"inLanguage\":\"pt-BR\",\"@id\":\"https:\\\/\\\/mznoticia.com.br\\\/jaguariaiva\\\/exposicao-imersiva-de-van-gogh-chega-a-ponta-grossa-com-projecoes-em-360o\\\/#primaryimage\",\"url\":\"https:\\\/\\\/mznoticia.com.br\\\/jaguariaiva\\\/wp-content\\\/uploads\\\/2026\\\/08\\\/expo.webp\",\"contentUrl\":\"https:\\\/\\\/mznoticia.com.br\\\/jaguariaiva\\\/wp-content\\\/uploads\\\/2026\\\/08\\\/expo.webp\",\"width\":1284,\"height\":856},{\"@type\":\"BreadcrumbList\",\"@id\":\"https:\\\/\\\/mznoticia.com.br\\\/jaguariaiva\\\/exposicao-imersiva-de-van-gogh-chega-a-ponta-grossa-com-projecoes-em-360o\\\/#breadcrumb\",\"itemListElement\":[{\"@type\":\"ListItem\",\"position\":1,\"name\":\"Home\",\"item\":\"https:\\\/\\\/mznoticia.com.br\\\/jaguariaiva\\\/\"},{\"@type\":\"ListItem\",\"position\":2,\"name\":\"Exposi\u00e7\u00e3o imersiva de Van Gogh chega a Ponta Grossa com proje\u00e7\u00f5es em 360\u00ba\"}]},{\"@type\":\"WebSite\",\"@id\":\"https:\\\/\\\/mznoticia.com.br\\\/jaguariaiva\\\/#website\",\"url\":\"https:\\\/\\\/mznoticia.com.br\\\/jaguariaiva\\\/\",\"name\":\"Mz Not\u00edcia\",\"description\":\"A informa\u00e7\u00e3o que voc\u00ea precisa na hora certa!\",\"publisher\":{\"@id\":\"https:\\\/\\\/mznoticia.com.br\\\/jaguariaiva\\\/#organization\"},\"potentialAction\":[{\"@type\":\"SearchAction\",\"target\":{\"@type\":\"EntryPoint\",\"urlTemplate\":\"https:\\\/\\\/mznoticia.com.br\\\/jaguariaiva\\\/?s={search_term_string}\"},\"query-input\":{\"@type\":\"PropertyValueSpecification\",\"valueRequired\":true,\"valueName\":\"search_term_string\"}}],\"inLanguage\":\"pt-BR\"},{\"@type\":\"Organization\",\"@id\":\"https:\\\/\\\/mznoticia.com.br\\\/jaguariaiva\\\/#organization\",\"name\":\"Mz Not\u00edcia\",\"url\":\"https:\\\/\\\/mznoticia.com.br\\\/jaguariaiva\\\/\",\"logo\":{\"@type\":\"ImageObject\",\"inLanguage\":\"pt-BR\",\"@id\":\"https:\\\/\\\/mznoticia.com.br\\\/jaguariaiva\\\/#\\\/schema\\\/logo\\\/image\\\/\",\"url\":\"https:\\\/\\\/mznoticia.com.br\\\/jaguariaiva\\\/wp-content\\\/uploads\\\/2025\\\/03\\\/Design-sem-nome-4-e1741200616392.png\",\"contentUrl\":\"https:\\\/\\\/mznoticia.com.br\\\/jaguariaiva\\\/wp-content\\\/uploads\\\/2025\\\/03\\\/Design-sem-nome-4-e1741200616392.png\",\"width\":750,\"height\":563,\"caption\":\"Mz Not\u00edcia\"},\"image\":{\"@id\":\"https:\\\/\\\/mznoticia.com.br\\\/jaguariaiva\\\/#\\\/schema\\\/logo\\\/image\\\/\"},\"sameAs\":[\"https:\\\/\\\/www.facebook.com\\\/profile.php?id=61573479951222\",\"https:\\\/\\\/www.instagram.com\\\/mz.jaguariaiva\\\/\"]},{\"@type\":\"Person\",\"@id\":\"https:\\\/\\\/mznoticia.com.br\\\/jaguariaiva\\\/#\\\/schema\\\/person\\\/7ecde13ae5f5a92f0ff9b2155d7a6d6e\",\"name\":\"Reda\u00e7\u00e3o MZ\",\"image\":{\"@type\":\"ImageObject\",\"inLanguage\":\"pt-BR\",\"@id\":\"https:\\\/\\\/mznoticia.com.br\\\/jaguariaiva\\\/wp-content\\\/uploads\\\/2025\\\/02\\\/mznoticia_jaguariaiva_coluna-150x150.png\",\"url\":\"https:\\\/\\\/mznoticia.com.br\\\/jaguariaiva\\\/wp-content\\\/uploads\\\/2025\\\/02\\\/mznoticia_jaguariaiva_coluna-150x150.png\",\"contentUrl\":\"https:\\\/\\\/mznoticia.com.br\\\/jaguariaiva\\\/wp-content\\\/uploads\\\/2025\\\/02\\\/mznoticia_jaguariaiva_coluna-150x150.png\",\"caption\":\"Reda\u00e7\u00e3o MZ\"},\"url\":\"https:\\\/\\\/mznoticia.com.br\\\/jaguariaiva\\\/author\\\/yan\\\/\"}]}<\/script>\n<!-- \/ Yoast SEO plugin. -->","yoast_head_json":{"title":"Exposi\u00e7\u00e3o imersiva de Van Gogh chega a Ponta Grossa com proje\u00e7\u00f5es em 360\u00ba - Mz Not\u00edcias","description":"Exposi\u00e7\u00e3o imersiva Van Gogh & Impressionistas chega a Ponta Grossa em setembro com proje\u00e7\u00f5es 360\u00ba, obras famosas e experi\u00eancias interativas.","robots":{"index":"index","follow":"follow","max-snippet":"max-snippet:-1","max-image-preview":"max-image-preview:large","max-video-preview":"max-video-preview:-1"},"canonical":"https:\/\/mznoticia.com.br\/jaguariaiva\/exposicao-imersiva-de-van-gogh-chega-a-ponta-grossa-com-projecoes-em-360o\/","og_locale":"pt_BR","og_type":"article","og_title":"Exposi\u00e7\u00e3o imersiva de Van Gogh chega a Ponta Grossa com proje\u00e7\u00f5es em 360\u00ba - Mz Not\u00edcias","og_description":"Exposi\u00e7\u00e3o imersiva Van Gogh & Impressionistas chega a Ponta Grossa em setembro com proje\u00e7\u00f5es 360\u00ba, obras famosas e experi\u00eancias interativas.","og_url":"https:\/\/mznoticia.com.br\/jaguariaiva\/exposicao-imersiva-de-van-gogh-chega-a-ponta-grossa-com-projecoes-em-360o\/","og_site_name":"Mz Not\u00edcias","article_publisher":"https:\/\/www.facebook.com\/profile.php?id=61573479951222","article_published_time":"2026-08-28T21:45:13+00:00","og_image":[{"width":1284,"height":856,"url":"https:\/\/mznoticia.com.br\/jaguariaiva\/wp-content\/uploads\/2026\/08\/expo.webp","type":"image\/webp"}],"author":"Reda\u00e7\u00e3o MZ","twitter_card":"summary_large_image","twitter_misc":{"Escrito por":"Reda\u00e7\u00e3o MZ","Est. tempo de leitura":"3 minutos"},"schema":{"@context":"https:\/\/schema.org","@graph":[{"@type":"Article","@id":"https:\/\/mznoticia.com.br\/jaguariaiva\/exposicao-imersiva-de-van-gogh-chega-a-ponta-grossa-com-projecoes-em-360o\/#article","isPartOf":{"@id":"https:\/\/mznoticia.com.br\/jaguariaiva\/exposicao-imersiva-de-van-gogh-chega-a-ponta-grossa-com-projecoes-em-360o\/"},"author":{"name":"Reda\u00e7\u00e3o MZ","@id":"https:\/\/mznoticia.com.br\/jaguariaiva\/#\/schema\/person\/7ecde13ae5f5a92f0ff9b2155d7a6d6e"},"headline":"Exposi\u00e7\u00e3o imersiva de Van Gogh chega a Ponta Grossa com proje\u00e7\u00f5es em 360\u00ba","datePublished":"2026-08-28T21:45:13+00:00","mainEntityOfPage":{"@id":"https:\/\/mznoticia.com.br\/jaguariaiva\/exposicao-imersiva-de-van-gogh-chega-a-ponta-grossa-com-projecoes-em-360o\/"},"wordCount":577,"commentCount":0,"publisher":{"@id":"https:\/\/mznoticia.com.br\/jaguariaiva\/#organization"},"image":{"@id":"https:\/\/mznoticia.com.br\/jaguariaiva\/exposicao-imersiva-de-van-gogh-chega-a-ponta-grossa-com-projecoes-em-360o\/#primaryimage"},"thumbnailUrl":"https:\/\/mznoticia.com.br\/jaguariaiva\/wp-content\/uploads\/2026\/08\/expo.webp","keywords":["Arte","Campos Gerais","cultura","destaque","Eventos","Exposi\u00e7\u00e3o","Impressionistas","Plaza Campos Gerais","Ponta Grossa","Van Gogh"],"articleSection":["Campos Gerais","Cultura","Geral"],"inLanguage":"pt-BR","potentialAction":[{"@type":"CommentAction","name":"Comment","target":["https:\/\/mznoticia.com.br\/jaguariaiva\/exposicao-imersiva-de-van-gogh-chega-a-ponta-grossa-com-projecoes-em-360o\/#respond"]}]},{"@type":"WebPage","@id":"https:\/\/mznoticia.com.br\/jaguariaiva\/exposicao-imersiva-de-van-gogh-chega-a-ponta-grossa-com-projecoes-em-360o\/","url":"https:\/\/mznoticia.com.br\/jaguariaiva\/exposicao-imersiva-de-van-gogh-chega-a-ponta-grossa-com-projecoes-em-360o\/","name":"Exposi\u00e7\u00e3o imersiva de Van Gogh chega a Ponta Grossa com proje\u00e7\u00f5es em 360\u00ba - Mz Not\u00edcias","isPartOf":{"@id":"https:\/\/mznoticia.com.br\/jaguariaiva\/#website"},"primaryImageOfPage":{"@id":"https:\/\/mznoticia.com.br\/jaguariaiva\/exposicao-imersiva-de-van-gogh-chega-a-ponta-grossa-com-projecoes-em-360o\/#primaryimage"},"image":{"@id":"https:\/\/mznoticia.com.br\/jaguariaiva\/exposicao-imersiva-de-van-gogh-chega-a-ponta-grossa-com-projecoes-em-360o\/#primaryimage"},"thumbnailUrl":"https:\/\/mznoticia.com.br\/jaguariaiva\/wp-content\/uploads\/2026\/08\/expo.webp","datePublished":"2026-08-28T21:45:13+00:00","description":"Exposi\u00e7\u00e3o imersiva Van Gogh & Impressionistas chega a Ponta Grossa em setembro com proje\u00e7\u00f5es 360\u00ba, obras famosas e experi\u00eancias interativas.","breadcrumb":{"@id":"https:\/\/mznoticia.com.br\/jaguariaiva\/exposicao-imersiva-de-van-gogh-chega-a-ponta-grossa-com-projecoes-em-360o\/#breadcrumb"},"inLanguage":"pt-BR","potentialAction":[{"@type":"ReadAction","target":["https:\/\/mznoticia.com.br\/jaguariaiva\/exposicao-imersiva-de-van-gogh-chega-a-ponta-grossa-com-projecoes-em-360o\/"]}]},{"@type":"ImageObject","inLanguage":"pt-BR","@id":"https:\/\/mznoticia.com.br\/jaguariaiva\/exposicao-imersiva-de-van-gogh-chega-a-ponta-grossa-com-projecoes-em-360o\/#primaryimage","url":"https:\/\/mznoticia.com.br\/jaguariaiva\/wp-content\/uploads\/2026\/08\/expo.webp","contentUrl":"https:\/\/mznoticia.com.br\/jaguariaiva\/wp-content\/uploads\/2026\/08\/expo.webp","width":1284,"height":856},{"@type":"BreadcrumbList","@id":"https:\/\/mznoticia.com.br\/jaguariaiva\/exposicao-imersiva-de-van-gogh-chega-a-ponta-grossa-com-projecoes-em-360o\/#breadcrumb","itemListElement":[{"@type":"ListItem","position":1,"name":"Home","item":"https:\/\/mznoticia.com.br\/jaguariaiva\/"},{"@type":"ListItem","position":2,"name":"Exposi\u00e7\u00e3o imersiva de Van Gogh chega a Ponta Grossa com proje\u00e7\u00f5es em 360\u00ba"}]},{"@type":"WebSite","@id":"https:\/\/mznoticia.com.br\/jaguariaiva\/#website","url":"https:\/\/mznoticia.com.br\/jaguariaiva\/","name":"Mz Not\u00edcia","description":"A informa\u00e7\u00e3o que voc\u00ea precisa na hora certa!","publisher":{"@id":"https:\/\/mznoticia.com.br\/jaguariaiva\/#organization"},"potentialAction":[{"@type":"SearchAction","target":{"@type":"EntryPoint","urlTemplate":"https:\/\/mznoticia.com.br\/jaguariaiva\/?s={search_term_string}"},"query-input":{"@type":"PropertyValueSpecification","valueRequired":true,"valueName":"search_term_string"}}],"inLanguage":"pt-BR"},{"@type":"Organization","@id":"https:\/\/mznoticia.com.br\/jaguariaiva\/#organization","name":"Mz Not\u00edcia","url":"https:\/\/mznoticia.com.br\/jaguariaiva\/","logo":{"@type":"ImageObject","inLanguage":"pt-BR","@id":"https:\/\/mznoticia.com.br\/jaguariaiva\/#\/schema\/logo\/image\/","url":"https:\/\/mznoticia.com.br\/jaguariaiva\/wp-content\/uploads\/2025\/03\/Design-sem-nome-4-e1741200616392.png","contentUrl":"https:\/\/mznoticia.com.br\/jaguariaiva\/wp-content\/uploads\/2025\/03\/Design-sem-nome-4-e1741200616392.png","width":750,"height":563,"caption":"Mz Not\u00edcia"},"image":{"@id":"https:\/\/mznoticia.com.br\/jaguariaiva\/#\/schema\/logo\/image\/"},"sameAs":["https:\/\/www.facebook.com\/profile.php?id=61573479951222","https:\/\/www.instagram.com\/mz.jaguariaiva\/"]},{"@type":"Person","@id":"https:\/\/mznoticia.com.br\/jaguariaiva\/#\/schema\/person\/7ecde13ae5f5a92f0ff9b2155d7a6d6e","name":"Reda\u00e7\u00e3o MZ","image":{"@type":"ImageObject","inLanguage":"pt-BR","@id":"https:\/\/mznoticia.com.br\/jaguariaiva\/wp-content\/uploads\/2025\/02\/mznoticia_jaguariaiva_coluna-150x150.png","url":"https:\/\/mznoticia.com.br\/jaguariaiva\/wp-content\/uploads\/2025\/02\/mznoticia_jaguariaiva_coluna-150x150.png","contentUrl":"https:\/\/mznoticia.com.br\/jaguariaiva\/wp-content\/uploads\/2025\/02\/mznoticia_jaguariaiva_coluna-150x150.png","caption":"Reda\u00e7\u00e3o MZ"},"url":"https:\/\/mznoticia.com.br\/jaguariaiva\/author\/yan\/"}]}},"_links":{"self":[{"href":"https:\/\/mznoticia.com.br\/jaguariaiva\/wp-json\/wp\/v2\/posts\/7360","targetHints":{"allow":["GET"]}}],"collection":[{"href":"https:\/\/mznoticia.com.br\/jaguariaiva\/wp-json\/wp\/v2\/posts"}],"about":[{"href":"https:\/\/mznoticia.com.br\/jaguariaiva\/wp-json\/wp\/v2\/types\/post"}],"author":[{"embeddable":true,"href":"https:\/\/mznoticia.com.br\/jaguariaiva\/wp-json\/wp\/v2\/users\/18"}],"replies":[{"embeddable":true,"href":"https:\/\/mznoticia.com.br\/jaguariaiva\/wp-json\/wp\/v2\/comments?post=7360"}],"version-history":[{"count":1,"href":"https:\/\/mznoticia.com.br\/jaguariaiva\/wp-json\/wp\/v2\/posts\/7360\/revisions"}],"predecessor-version":[{"id":7362,"href":"https:\/\/mznoticia.com.br\/jaguariaiva\/wp-json\/wp\/v2\/posts\/7360\/revisions\/7362"}],"wp:featuredmedia":[{"embeddable":true,"href":"https:\/\/mznoticia.com.br\/jaguariaiva\/wp-json\/wp\/v2\/media\/7361"}],"wp:attachment":[{"href":"https:\/\/mznoticia.com.br\/jaguariaiva\/wp-json\/wp\/v2\/media?parent=7360"}],"wp:term":[{"taxonomy":"category","embeddable":true,"href":"https:\/\/mznoticia.com.br\/jaguariaiva\/wp-json\/wp\/v2\/categories?post=7360"},{"taxonomy":"post_tag","embeddable":true,"href":"https:\/\/mznoticia.com.br\/jaguariaiva\/wp-json\/wp\/v2\/tags?post=7360"}],"curies":[{"name":"wp","href":"https:\/\/api.w.org\/{rel}","templated":true}]}}