{"id":7371,"date":"2026-08-31T12:29:46","date_gmt":"2026-08-31T12:29:46","guid":{"rendered":"https:\/\/mznoticia.com.br\/jaguariaiva\/?p=7371"},"modified":"2026-08-31T12:29:46","modified_gmt":"2026-08-31T12:29:46","slug":"onibus-bate-na-traseira-de-carreta-e-deixa-14-feridos-na-br-376-em-ortigueira","status":"publish","type":"post","link":"https:\/\/mznoticia.com.br\/jaguariaiva\/onibus-bate-na-traseira-de-carreta-e-deixa-14-feridos-na-br-376-em-ortigueira\/","title":{"rendered":"\u00d4nibus bate na traseira de carreta e deixa 14 feridos na BR-376, em Ortigueira"},"content":{"rendered":"<h2>Acidente aconteceu durante a madrugada desta segunda-feira (31), entre Imba\u00fa e Ortigueira; 13 passageiros e o motorista tiveram ferimentos leves<\/h2>\n<p class=\"isSelectedEnd\">Um acidente envolvendo um \u00f4nibus de passageiros e uma carreta carregada com milho deixou 14 pessoas feridas na madrugada desta segunda-feira (31), na BR-376, entre Imba\u00fa e Ortigueira, nos Campos Gerais do Paran\u00e1.<\/p>\n<p class=\"isSelectedEnd\">A colis\u00e3o aconteceu por volta das 2h, no km 360 da rodovia. Conforme informa\u00e7\u00f5es preliminares, o acidente foi uma colis\u00e3o traseira.<\/p>\n<h3>\u00d4nibus seguia de Umuarama para Curitiba<\/h3>\n<p class=\"isSelectedEnd\">O \u00f4nibus fazia o trajeto entre Umuarama e Curitiba quando atingiu a traseira da carreta, que seguia pela faixa da direita.<\/p>\n<p class=\"isSelectedEnd\">Entre os feridos est\u00e3o 13 passageiros e o motorista do \u00f4nibus. Todos sofreram ferimentos leves e foram encaminhados para atendimento m\u00e9dico em Ortigueira.<\/p>\n<h3>Equipes atuaram no atendimento<\/h3>\n<p class=\"isSelectedEnd\">Equipes da Pol\u00edcia Rodovi\u00e1ria Federal (PRF), Corpo de Bombeiros e da concession\u00e1ria CCR PR Vias foram mobilizadas para atender a ocorr\u00eancia.<\/p>\n<p class=\"isSelectedEnd\">Devido ao n\u00famero de v\u00edtimas, foi acionado o protocolo de Acidente com M\u00faltiplas V\u00edtimas (AMUV).<\/p>\n<h3>Acidente provoca congestionamento<\/h3>\n<p class=\"isSelectedEnd\">A colis\u00e3o provocou congestionamento na BR-376 durante a madrugada. Um motorista que passava pelo trecho relatou ter permanecido parado por aproximadamente duas horas em raz\u00e3o do bloqueio da rodovia.<\/p>\n<p>A pista foi totalmente liberada por volta das 6h45 desta segunda-feira (31).<\/p>\n","protected":false},"excerpt":{"rendered":"<p>Acidente aconteceu durante a madrugada desta segunda-feira (31), entre Imba\u00fa e Ortigueira; 13 passageiros e o motorista tiveram ferimentos leves Um acidente envolvendo um \u00f4nibus de passageiros e uma carreta carregada com milho deixou 14 pessoas feridas na madrugada desta segunda-feira (31), na BR-376, entre Imba\u00fa e Ortigueira, nos Campos Gerais do Paran\u00e1. A colis\u00e3o [&hellip;]<\/p>\n","protected":false},"author":16,"featured_media":7372,"comment_status":"open","ping_status":"open","sticky":false,"template":"","format":"standard","meta":{"footnotes":""},"categories":[140],"tags":[1195,31,1413,314,1761,2167,1570,183,495,590],"class_list":["post-7371","post","type-post","status-publish","format-standard","has-post-thumbnail","hentry","category-acidente","tag-ortigueira","tag-acidente","tag-br-376","tag-campos-gerais","tag-carreta","tag-feridos","tag-imbau","tag-onibus","tag-prf","tag-transito"],"yoast_head":"<!-- This site is optimized with the Yoast SEO plugin v28.1 - https:\/\/yoast.com\/product\/yoast-seo-wordpress\/ -->\n<title>\u00d4nibus bate na traseira de carreta e deixa 14 feridos na BR-376, em Ortigueira - Mz Not\u00edcias<\/title>\n<meta name=\"description\" content=\"\u00d4nibus bate na traseira de carreta na BR-376, entre Imba\u00fa e Ortigueira, e deixa 14 pessoas feridas. V\u00edtimas tiveram ferimentos leves.\" \/>\n<meta name=\"robots\" content=\"index, follow, max-snippet:-1, max-image-preview:large, max-video-preview:-1\" \/>\n<link rel=\"canonical\" href=\"https:\/\/mznoticia.com.br\/jaguariaiva\/onibus-bate-na-traseira-de-carreta-e-deixa-14-feridos-na-br-376-em-ortigueira\/\" \/>\n<meta property=\"og:locale\" content=\"pt_BR\" \/>\n<meta property=\"og:type\" content=\"article\" \/>\n<meta property=\"og:title\" content=\"\u00d4nibus bate na traseira de carreta e deixa 14 feridos na BR-376, em Ortigueira - Mz Not\u00edcias\" \/>\n<meta property=\"og:description\" content=\"\u00d4nibus bate na traseira de carreta na BR-376, entre Imba\u00fa e Ortigueira, e deixa 14 pessoas feridas. V\u00edtimas tiveram ferimentos leves.\" \/>\n<meta property=\"og:url\" content=\"https:\/\/mznoticia.com.br\/jaguariaiva\/onibus-bate-na-traseira-de-carreta-e-deixa-14-feridos-na-br-376-em-ortigueira\/\" \/>\n<meta property=\"og:site_name\" content=\"Mz Not\u00edcias\" \/>\n<meta property=\"article:publisher\" content=\"https:\/\/www.facebook.com\/profile.php?id=61573479951222\" \/>\n<meta property=\"article:published_time\" content=\"2026-08-31T12:29:46+00:00\" \/>\n<meta property=\"og:image\" content=\"https:\/\/mznoticia.com.br\/jaguariaiva\/wp-content\/uploads\/2026\/08\/20-4.webp\" \/>\n\t<meta property=\"og:image:width\" content=\"1000\" \/>\n\t<meta property=\"og:image:height\" content=\"500\" \/>\n\t<meta property=\"og:image:type\" content=\"image\/webp\" \/>\n<meta name=\"author\" content=\"Redacao mz\" \/>\n<meta name=\"twitter:card\" content=\"summary_large_image\" \/>\n<meta name=\"twitter:label1\" content=\"Escrito por\" \/>\n\t<meta name=\"twitter:data1\" content=\"Redacao mz\" \/>\n\t<meta name=\"twitter:label2\" content=\"Est. tempo de leitura\" \/>\n\t<meta name=\"twitter:data2\" content=\"2 minutos\" \/>\n<script type=\"application\/ld+json\" class=\"yoast-schema-graph\">{\"@context\":\"https:\\\/\\\/schema.org\",\"@graph\":[{\"@type\":\"Article\",\"@id\":\"https:\\\/\\\/mznoticia.com.br\\\/jaguariaiva\\\/onibus-bate-na-traseira-de-carreta-e-deixa-14-feridos-na-br-376-em-ortigueira\\\/#article\",\"isPartOf\":{\"@id\":\"https:\\\/\\\/mznoticia.com.br\\\/jaguariaiva\\\/onibus-bate-na-traseira-de-carreta-e-deixa-14-feridos-na-br-376-em-ortigueira\\\/\"},\"author\":{\"name\":\"Redacao mz\",\"@id\":\"https:\\\/\\\/mznoticia.com.br\\\/jaguariaiva\\\/#\\\/schema\\\/person\\\/84012d827247b3f42f37b550da79cd03\"},\"headline\":\"\u00d4nibus bate na traseira de carreta e deixa 14 feridos na BR-376, em Ortigueira\",\"datePublished\":\"2026-08-31T12:29:46+00:00\",\"mainEntityOfPage\":{\"@id\":\"https:\\\/\\\/mznoticia.com.br\\\/jaguariaiva\\\/onibus-bate-na-traseira-de-carreta-e-deixa-14-feridos-na-br-376-em-ortigueira\\\/\"},\"wordCount\":229,\"commentCount\":0,\"publisher\":{\"@id\":\"https:\\\/\\\/mznoticia.com.br\\\/jaguariaiva\\\/#organization\"},\"image\":{\"@id\":\"https:\\\/\\\/mznoticia.com.br\\\/jaguariaiva\\\/onibus-bate-na-traseira-de-carreta-e-deixa-14-feridos-na-br-376-em-ortigueira\\\/#primaryimage\"},\"thumbnailUrl\":\"https:\\\/\\\/mznoticia.com.br\\\/jaguariaiva\\\/wp-content\\\/uploads\\\/2026\\\/08\\\/20-4.webp\",\"keywords\":[\"#Ortigueira\",\"acidente\",\"BR-376\",\"Campos Gerais\",\"Carreta\",\"feridos\",\"Imba\u00fa\",\"onibus\",\"PRF\",\"tr\u00e2nsito\"],\"articleSection\":[\"Acidente\"],\"inLanguage\":\"pt-BR\",\"potentialAction\":[{\"@type\":\"CommentAction\",\"name\":\"Comment\",\"target\":[\"https:\\\/\\\/mznoticia.com.br\\\/jaguariaiva\\\/onibus-bate-na-traseira-de-carreta-e-deixa-14-feridos-na-br-376-em-ortigueira\\\/#respond\"]}]},{\"@type\":\"WebPage\",\"@id\":\"https:\\\/\\\/mznoticia.com.br\\\/jaguariaiva\\\/onibus-bate-na-traseira-de-carreta-e-deixa-14-feridos-na-br-376-em-ortigueira\\\/\",\"url\":\"https:\\\/\\\/mznoticia.com.br\\\/jaguariaiva\\\/onibus-bate-na-traseira-de-carreta-e-deixa-14-feridos-na-br-376-em-ortigueira\\\/\",\"name\":\"\u00d4nibus bate na traseira de carreta e deixa 14 feridos na BR-376, em Ortigueira - Mz Not\u00edcias\",\"isPartOf\":{\"@id\":\"https:\\\/\\\/mznoticia.com.br\\\/jaguariaiva\\\/#website\"},\"primaryImageOfPage\":{\"@id\":\"https:\\\/\\\/mznoticia.com.br\\\/jaguariaiva\\\/onibus-bate-na-traseira-de-carreta-e-deixa-14-feridos-na-br-376-em-ortigueira\\\/#primaryimage\"},\"image\":{\"@id\":\"https:\\\/\\\/mznoticia.com.br\\\/jaguariaiva\\\/onibus-bate-na-traseira-de-carreta-e-deixa-14-feridos-na-br-376-em-ortigueira\\\/#primaryimage\"},\"thumbnailUrl\":\"https:\\\/\\\/mznoticia.com.br\\\/jaguariaiva\\\/wp-content\\\/uploads\\\/2026\\\/08\\\/20-4.webp\",\"datePublished\":\"2026-08-31T12:29:46+00:00\",\"description\":\"\u00d4nibus bate na traseira de carreta na BR-376, entre Imba\u00fa e Ortigueira, e deixa 14 pessoas feridas. V\u00edtimas tiveram ferimentos leves.\",\"breadcrumb\":{\"@id\":\"https:\\\/\\\/mznoticia.com.br\\\/jaguariaiva\\\/onibus-bate-na-traseira-de-carreta-e-deixa-14-feridos-na-br-376-em-ortigueira\\\/#breadcrumb\"},\"inLanguage\":\"pt-BR\",\"potentialAction\":[{\"@type\":\"ReadAction\",\"target\":[\"https:\\\/\\\/mznoticia.com.br\\\/jaguariaiva\\\/onibus-bate-na-traseira-de-carreta-e-deixa-14-feridos-na-br-376-em-ortigueira\\\/\"]}]},{\"@type\":\"ImageObject\",\"inLanguage\":\"pt-BR\",\"@id\":\"https:\\\/\\\/mznoticia.com.br\\\/jaguariaiva\\\/onibus-bate-na-traseira-de-carreta-e-deixa-14-feridos-na-br-376-em-ortigueira\\\/#primaryimage\",\"url\":\"https:\\\/\\\/mznoticia.com.br\\\/jaguariaiva\\\/wp-content\\\/uploads\\\/2026\\\/08\\\/20-4.webp\",\"contentUrl\":\"https:\\\/\\\/mznoticia.com.br\\\/jaguariaiva\\\/wp-content\\\/uploads\\\/2026\\\/08\\\/20-4.webp\",\"width\":1000,\"height\":500},{\"@type\":\"BreadcrumbList\",\"@id\":\"https:\\\/\\\/mznoticia.com.br\\\/jaguariaiva\\\/onibus-bate-na-traseira-de-carreta-e-deixa-14-feridos-na-br-376-em-ortigueira\\\/#breadcrumb\",\"itemListElement\":[{\"@type\":\"ListItem\",\"position\":1,\"name\":\"Home\",\"item\":\"https:\\\/\\\/mznoticia.com.br\\\/jaguariaiva\\\/\"},{\"@type\":\"ListItem\",\"position\":2,\"name\":\"\u00d4nibus bate na traseira de carreta e deixa 14 feridos na BR-376, em Ortigueira\"}]},{\"@type\":\"WebSite\",\"@id\":\"https:\\\/\\\/mznoticia.com.br\\\/jaguariaiva\\\/#website\",\"url\":\"https:\\\/\\\/mznoticia.com.br\\\/jaguariaiva\\\/\",\"name\":\"Mz Not\u00edcia\",\"description\":\"A informa\u00e7\u00e3o que voc\u00ea precisa na hora certa!\",\"publisher\":{\"@id\":\"https:\\\/\\\/mznoticia.com.br\\\/jaguariaiva\\\/#organization\"},\"potentialAction\":[{\"@type\":\"SearchAction\",\"target\":{\"@type\":\"EntryPoint\",\"urlTemplate\":\"https:\\\/\\\/mznoticia.com.br\\\/jaguariaiva\\\/?s={search_term_string}\"},\"query-input\":{\"@type\":\"PropertyValueSpecification\",\"valueRequired\":true,\"valueName\":\"search_term_string\"}}],\"inLanguage\":\"pt-BR\"},{\"@type\":\"Organization\",\"@id\":\"https:\\\/\\\/mznoticia.com.br\\\/jaguariaiva\\\/#organization\",\"name\":\"Mz Not\u00edcia\",\"url\":\"https:\\\/\\\/mznoticia.com.br\\\/jaguariaiva\\\/\",\"logo\":{\"@type\":\"ImageObject\",\"inLanguage\":\"pt-BR\",\"@id\":\"https:\\\/\\\/mznoticia.com.br\\\/jaguariaiva\\\/#\\\/schema\\\/logo\\\/image\\\/\",\"url\":\"https:\\\/\\\/mznoticia.com.br\\\/jaguariaiva\\\/wp-content\\\/uploads\\\/2025\\\/03\\\/Design-sem-nome-4-e1741200616392.png\",\"contentUrl\":\"https:\\\/\\\/mznoticia.com.br\\\/jaguariaiva\\\/wp-content\\\/uploads\\\/2025\\\/03\\\/Design-sem-nome-4-e1741200616392.png\",\"width\":750,\"height\":563,\"caption\":\"Mz Not\u00edcia\"},\"image\":{\"@id\":\"https:\\\/\\\/mznoticia.com.br\\\/jaguariaiva\\\/#\\\/schema\\\/logo\\\/image\\\/\"},\"sameAs\":[\"https:\\\/\\\/www.facebook.com\\\/profile.php?id=61573479951222\",\"https:\\\/\\\/www.instagram.com\\\/mz.jaguariaiva\\\/\"]},{\"@type\":\"Person\",\"@id\":\"https:\\\/\\\/mznoticia.com.br\\\/jaguariaiva\\\/#\\\/schema\\\/person\\\/84012d827247b3f42f37b550da79cd03\",\"name\":\"Redacao mz\",\"image\":{\"@type\":\"ImageObject\",\"inLanguage\":\"pt-BR\",\"@id\":\"https:\\\/\\\/mznoticia.com.br\\\/jaguariaiva\\\/wp-content\\\/uploads\\\/2025\\\/02\\\/mznoticia_jaguariaiva_coluna-150x150.png\",\"url\":\"https:\\\/\\\/mznoticia.com.br\\\/jaguariaiva\\\/wp-content\\\/uploads\\\/2025\\\/02\\\/mznoticia_jaguariaiva_coluna-150x150.png\",\"contentUrl\":\"https:\\\/\\\/mznoticia.com.br\\\/jaguariaiva\\\/wp-content\\\/uploads\\\/2025\\\/02\\\/mznoticia_jaguariaiva_coluna-150x150.png\",\"caption\":\"Redacao mz\"},\"sameAs\":[\"http:\\\/\\\/mznoticia.com.br\"],\"url\":\"https:\\\/\\\/mznoticia.com.br\\\/jaguariaiva\\\/author\\\/lucimara\\\/\"}]}<\/script>\n<!-- \/ Yoast SEO plugin. -->","yoast_head_json":{"title":"\u00d4nibus bate na traseira de carreta e deixa 14 feridos na BR-376, em Ortigueira - Mz Not\u00edcias","description":"\u00d4nibus bate na traseira de carreta na BR-376, entre Imba\u00fa e Ortigueira, e deixa 14 pessoas feridas. V\u00edtimas tiveram ferimentos leves.","robots":{"index":"index","follow":"follow","max-snippet":"max-snippet:-1","max-image-preview":"max-image-preview:large","max-video-preview":"max-video-preview:-1"},"canonical":"https:\/\/mznoticia.com.br\/jaguariaiva\/onibus-bate-na-traseira-de-carreta-e-deixa-14-feridos-na-br-376-em-ortigueira\/","og_locale":"pt_BR","og_type":"article","og_title":"\u00d4nibus bate na traseira de carreta e deixa 14 feridos na BR-376, em Ortigueira - Mz Not\u00edcias","og_description":"\u00d4nibus bate na traseira de carreta na BR-376, entre Imba\u00fa e Ortigueira, e deixa 14 pessoas feridas. V\u00edtimas tiveram ferimentos leves.","og_url":"https:\/\/mznoticia.com.br\/jaguariaiva\/onibus-bate-na-traseira-de-carreta-e-deixa-14-feridos-na-br-376-em-ortigueira\/","og_site_name":"Mz Not\u00edcias","article_publisher":"https:\/\/www.facebook.com\/profile.php?id=61573479951222","article_published_time":"2026-08-31T12:29:46+00:00","og_image":[{"width":1000,"height":500,"url":"https:\/\/mznoticia.com.br\/jaguariaiva\/wp-content\/uploads\/2026\/08\/20-4.webp","type":"image\/webp"}],"author":"Redacao mz","twitter_card":"summary_large_image","twitter_misc":{"Escrito por":"Redacao mz","Est. tempo de leitura":"2 minutos"},"schema":{"@context":"https:\/\/schema.org","@graph":[{"@type":"Article","@id":"https:\/\/mznoticia.com.br\/jaguariaiva\/onibus-bate-na-traseira-de-carreta-e-deixa-14-feridos-na-br-376-em-ortigueira\/#article","isPartOf":{"@id":"https:\/\/mznoticia.com.br\/jaguariaiva\/onibus-bate-na-traseira-de-carreta-e-deixa-14-feridos-na-br-376-em-ortigueira\/"},"author":{"name":"Redacao mz","@id":"https:\/\/mznoticia.com.br\/jaguariaiva\/#\/schema\/person\/84012d827247b3f42f37b550da79cd03"},"headline":"\u00d4nibus bate na traseira de carreta e deixa 14 feridos na BR-376, em Ortigueira","datePublished":"2026-08-31T12:29:46+00:00","mainEntityOfPage":{"@id":"https:\/\/mznoticia.com.br\/jaguariaiva\/onibus-bate-na-traseira-de-carreta-e-deixa-14-feridos-na-br-376-em-ortigueira\/"},"wordCount":229,"commentCount":0,"publisher":{"@id":"https:\/\/mznoticia.com.br\/jaguariaiva\/#organization"},"image":{"@id":"https:\/\/mznoticia.com.br\/jaguariaiva\/onibus-bate-na-traseira-de-carreta-e-deixa-14-feridos-na-br-376-em-ortigueira\/#primaryimage"},"thumbnailUrl":"https:\/\/mznoticia.com.br\/jaguariaiva\/wp-content\/uploads\/2026\/08\/20-4.webp","keywords":["#Ortigueira","acidente","BR-376","Campos Gerais","Carreta","feridos","Imba\u00fa","onibus","PRF","tr\u00e2nsito"],"articleSection":["Acidente"],"inLanguage":"pt-BR","potentialAction":[{"@type":"CommentAction","name":"Comment","target":["https:\/\/mznoticia.com.br\/jaguariaiva\/onibus-bate-na-traseira-de-carreta-e-deixa-14-feridos-na-br-376-em-ortigueira\/#respond"]}]},{"@type":"WebPage","@id":"https:\/\/mznoticia.com.br\/jaguariaiva\/onibus-bate-na-traseira-de-carreta-e-deixa-14-feridos-na-br-376-em-ortigueira\/","url":"https:\/\/mznoticia.com.br\/jaguariaiva\/onibus-bate-na-traseira-de-carreta-e-deixa-14-feridos-na-br-376-em-ortigueira\/","name":"\u00d4nibus bate na traseira de carreta e deixa 14 feridos na BR-376, em Ortigueira - Mz Not\u00edcias","isPartOf":{"@id":"https:\/\/mznoticia.com.br\/jaguariaiva\/#website"},"primaryImageOfPage":{"@id":"https:\/\/mznoticia.com.br\/jaguariaiva\/onibus-bate-na-traseira-de-carreta-e-deixa-14-feridos-na-br-376-em-ortigueira\/#primaryimage"},"image":{"@id":"https:\/\/mznoticia.com.br\/jaguariaiva\/onibus-bate-na-traseira-de-carreta-e-deixa-14-feridos-na-br-376-em-ortigueira\/#primaryimage"},"thumbnailUrl":"https:\/\/mznoticia.com.br\/jaguariaiva\/wp-content\/uploads\/2026\/08\/20-4.webp","datePublished":"2026-08-31T12:29:46+00:00","description":"\u00d4nibus bate na traseira de carreta na BR-376, entre Imba\u00fa e Ortigueira, e deixa 14 pessoas feridas. V\u00edtimas tiveram ferimentos leves.","breadcrumb":{"@id":"https:\/\/mznoticia.com.br\/jaguariaiva\/onibus-bate-na-traseira-de-carreta-e-deixa-14-feridos-na-br-376-em-ortigueira\/#breadcrumb"},"inLanguage":"pt-BR","potentialAction":[{"@type":"ReadAction","target":["https:\/\/mznoticia.com.br\/jaguariaiva\/onibus-bate-na-traseira-de-carreta-e-deixa-14-feridos-na-br-376-em-ortigueira\/"]}]},{"@type":"ImageObject","inLanguage":"pt-BR","@id":"https:\/\/mznoticia.com.br\/jaguariaiva\/onibus-bate-na-traseira-de-carreta-e-deixa-14-feridos-na-br-376-em-ortigueira\/#primaryimage","url":"https:\/\/mznoticia.com.br\/jaguariaiva\/wp-content\/uploads\/2026\/08\/20-4.webp","contentUrl":"https:\/\/mznoticia.com.br\/jaguariaiva\/wp-content\/uploads\/2026\/08\/20-4.webp","width":1000,"height":500},{"@type":"BreadcrumbList","@id":"https:\/\/mznoticia.com.br\/jaguariaiva\/onibus-bate-na-traseira-de-carreta-e-deixa-14-feridos-na-br-376-em-ortigueira\/#breadcrumb","itemListElement":[{"@type":"ListItem","position":1,"name":"Home","item":"https:\/\/mznoticia.com.br\/jaguariaiva\/"},{"@type":"ListItem","position":2,"name":"\u00d4nibus bate na traseira de carreta e deixa 14 feridos na BR-376, em Ortigueira"}]},{"@type":"WebSite","@id":"https:\/\/mznoticia.com.br\/jaguariaiva\/#website","url":"https:\/\/mznoticia.com.br\/jaguariaiva\/","name":"Mz Not\u00edcia","description":"A informa\u00e7\u00e3o que voc\u00ea precisa na hora certa!","publisher":{"@id":"https:\/\/mznoticia.com.br\/jaguariaiva\/#organization"},"potentialAction":[{"@type":"SearchAction","target":{"@type":"EntryPoint","urlTemplate":"https:\/\/mznoticia.com.br\/jaguariaiva\/?s={search_term_string}"},"query-input":{"@type":"PropertyValueSpecification","valueRequired":true,"valueName":"search_term_string"}}],"inLanguage":"pt-BR"},{"@type":"Organization","@id":"https:\/\/mznoticia.com.br\/jaguariaiva\/#organization","name":"Mz Not\u00edcia","url":"https:\/\/mznoticia.com.br\/jaguariaiva\/","logo":{"@type":"ImageObject","inLanguage":"pt-BR","@id":"https:\/\/mznoticia.com.br\/jaguariaiva\/#\/schema\/logo\/image\/","url":"https:\/\/mznoticia.com.br\/jaguariaiva\/wp-content\/uploads\/2025\/03\/Design-sem-nome-4-e1741200616392.png","contentUrl":"https:\/\/mznoticia.com.br\/jaguariaiva\/wp-content\/uploads\/2025\/03\/Design-sem-nome-4-e1741200616392.png","width":750,"height":563,"caption":"Mz Not\u00edcia"},"image":{"@id":"https:\/\/mznoticia.com.br\/jaguariaiva\/#\/schema\/logo\/image\/"},"sameAs":["https:\/\/www.facebook.com\/profile.php?id=61573479951222","https:\/\/www.instagram.com\/mz.jaguariaiva\/"]},{"@type":"Person","@id":"https:\/\/mznoticia.com.br\/jaguariaiva\/#\/schema\/person\/84012d827247b3f42f37b550da79cd03","name":"Redacao mz","image":{"@type":"ImageObject","inLanguage":"pt-BR","@id":"https:\/\/mznoticia.com.br\/jaguariaiva\/wp-content\/uploads\/2025\/02\/mznoticia_jaguariaiva_coluna-150x150.png","url":"https:\/\/mznoticia.com.br\/jaguariaiva\/wp-content\/uploads\/2025\/02\/mznoticia_jaguariaiva_coluna-150x150.png","contentUrl":"https:\/\/mznoticia.com.br\/jaguariaiva\/wp-content\/uploads\/2025\/02\/mznoticia_jaguariaiva_coluna-150x150.png","caption":"Redacao mz"},"sameAs":["http:\/\/mznoticia.com.br"],"url":"https:\/\/mznoticia.com.br\/jaguariaiva\/author\/lucimara\/"}]}},"_links":{"self":[{"href":"https:\/\/mznoticia.com.br\/jaguariaiva\/wp-json\/wp\/v2\/posts\/7371","targetHints":{"allow":["GET"]}}],"collection":[{"href":"https:\/\/mznoticia.com.br\/jaguariaiva\/wp-json\/wp\/v2\/posts"}],"about":[{"href":"https:\/\/mznoticia.com.br\/jaguariaiva\/wp-json\/wp\/v2\/types\/post"}],"author":[{"embeddable":true,"href":"https:\/\/mznoticia.com.br\/jaguariaiva\/wp-json\/wp\/v2\/users\/16"}],"replies":[{"embeddable":true,"href":"https:\/\/mznoticia.com.br\/jaguariaiva\/wp-json\/wp\/v2\/comments?post=7371"}],"version-history":[{"count":1,"href":"https:\/\/mznoticia.com.br\/jaguariaiva\/wp-json\/wp\/v2\/posts\/7371\/revisions"}],"predecessor-version":[{"id":7373,"href":"https:\/\/mznoticia.com.br\/jaguariaiva\/wp-json\/wp\/v2\/posts\/7371\/revisions\/7373"}],"wp:featuredmedia":[{"embeddable":true,"href":"https:\/\/mznoticia.com.br\/jaguariaiva\/wp-json\/wp\/v2\/media\/7372"}],"wp:attachment":[{"href":"https:\/\/mznoticia.com.br\/jaguariaiva\/wp-json\/wp\/v2\/media?parent=7371"}],"wp:term":[{"taxonomy":"category","embeddable":true,"href":"https:\/\/mznoticia.com.br\/jaguariaiva\/wp-json\/wp\/v2\/categories?post=7371"},{"taxonomy":"post_tag","embeddable":true,"href":"https:\/\/mznoticia.com.br\/jaguariaiva\/wp-json\/wp\/v2\/tags?post=7371"}],"curies":[{"name":"wp","href":"https:\/\/api.w.org\/{rel}","templated":true}]}}