{"id":7374,"date":"2026-08-31T12:43:40","date_gmt":"2026-08-31T12:43:40","guid":{"rendered":"https:\/\/mznoticia.com.br\/jaguariaiva\/?p=7374"},"modified":"2026-08-31T12:44:29","modified_gmt":"2026-08-31T12:44:29","slug":"tornado-e-confirmado-no-oeste-de-sc-e-meteorologista-alerta-para-novos-fenomenos-severos","status":"publish","type":"post","link":"https:\/\/mznoticia.com.br\/jaguariaiva\/tornado-e-confirmado-no-oeste-de-sc-e-meteorologista-alerta-para-novos-fenomenos-severos\/","title":{"rendered":"Tornado \u00e9 confirmado no Oeste de SC e meteorologista alerta para novos fen\u00f4menos severos"},"content":{"rendered":"<h2>Campo Er\u00ea foi atingido por uma superc\u00e9lula rotat\u00f3ria neste domingo (30); chuva de granizo e risco de novos tornados preocupam a regi\u00e3o<\/h2>\n<p class=\"isSelectedEnd\">Um <strong>tornado foi confirmado em solo neste domingo (30), em Campo Er\u00ea, no Oeste de Santa Catarina<\/strong>, durante a passagem de uma forte tempestade associada a uma superc\u00e9lula.<\/p>\n<p class=\"isSelectedEnd\">A confirma\u00e7\u00e3o foi realizada pelo meteorologista <strong>Piter Scheuer<\/strong>, que analisou vari\u00e1veis polarim\u00e9tricas, velocidade radial e outros par\u00e2metros meteorol\u00f3gicos para identificar o fen\u00f4meno.<\/p>\n<p class=\"isSelectedEnd\">A ocorr\u00eancia aconteceu durante uma sequ\u00eancia de <strong>temporais que atingem Santa Catarina neste fim de semana<\/strong>, com condi\u00e7\u00f5es favor\u00e1veis para chuva intensa, raios, rajadas de vento, granizo e alagamentos.<\/p>\n<h3>Superc\u00e9lula provocou destrui\u00e7\u00e3o em Campo Er\u00ea<\/h3>\n<p class=\"isSelectedEnd\">A instabilidade no Oeste catarinense favoreceu a forma\u00e7\u00e3o de tempestades associadas a <strong>superc\u00e9lulas<\/strong>, sistemas capazes de produzir fen\u00f4menos meteorol\u00f3gicos severos.<\/p>\n<p class=\"isSelectedEnd\">Segundo a avalia\u00e7\u00e3o meteorol\u00f3gica, o tornado registrado em Campo Er\u00ea foi favorecido por uma <strong>superc\u00e9lula rotat\u00f3ria<\/strong>, que provocou pontos de grande destrui\u00e7\u00e3o na regi\u00e3o.<\/p>\n<p class=\"isSelectedEnd\">H\u00e1 ainda a possibilidade de que o fen\u00f4meno tenha atingido <strong>munic\u00edpios vizinhos a Campo Er\u00ea<\/strong>, onde tamb\u00e9m podem ter sido registrados danos provocados pela tempestade.<\/p>\n<h3>Outra superc\u00e9lula \u00e9 observada no Paran\u00e1<\/h3>\n<p class=\"isSelectedEnd\">Al\u00e9m do fen\u00f4meno registrado em Santa Catarina, o meteorologista chamou aten\u00e7\u00e3o para a atua\u00e7\u00e3o de <strong>outra superc\u00e9lula na regi\u00e3o de Marmeleiro, no sudoeste do Paran\u00e1<\/strong>.<\/p>\n<p class=\"isSelectedEnd\">O sistema apresenta sinais de rota\u00e7\u00e3o e pode estar associado \u00e0 forma\u00e7\u00e3o de um tornado.<\/p>\n<p class=\"isSelectedEnd\">A situa\u00e7\u00e3o mant\u00e9m o alerta para diferentes \u00e1reas da regi\u00e3o Sul, diante da possibilidade de desenvolvimento de novas tempestades severas.<\/p>\n<h3>Risco de novos tornados continua<\/h3>\n<p class=\"isSelectedEnd\">A previs\u00e3o indica que a instabilidade deve permanecer entre este domingo (30) e segunda-feira (31).<\/p>\n<p class=\"isSelectedEnd\">De acordo com a avalia\u00e7\u00e3o meteorol\u00f3gica, outras \u00e1reas continuam sob risco de forma\u00e7\u00e3o de <strong>tornados breves e c\u00e9lulas convectivas explosivas<\/strong> nas pr\u00f3ximas horas.<\/p>\n<p class=\"isSelectedEnd\">Tamb\u00e9m h\u00e1 previs\u00e3o de novos epis\u00f3dios de <strong>tempo severo e chuva volumosa<\/strong>.<\/p>\n<p>A popula\u00e7\u00e3o deve acompanhar os alertas meteorol\u00f3gicos e redobrar os cuidados durante a ocorr\u00eancia de tempestades, principalmente diante da possibilidade de raios, ventos fortes, granizo e alagamentos.<\/p>\n<p><label class=\"mw-image-author\">Foto: Gregory Fenile\/Instagran\/Reprodu\u00e7\u00e3o\/ND Mais<\/label><\/p>\n","protected":false},"excerpt":{"rendered":"<p>Campo Er\u00ea foi atingido por uma superc\u00e9lula rotat\u00f3ria neste domingo (30); chuva de granizo e risco de novos tornados preocupam a regi\u00e3o Um tornado foi confirmado em solo neste domingo (30), em Campo Er\u00ea, no Oeste de Santa Catarina, durante a passagem de uma forte tempestade associada a uma superc\u00e9lula. A confirma\u00e7\u00e3o foi realizada pelo [&hellip;]<\/p>\n","protected":false},"author":16,"featured_media":7375,"comment_status":"open","ping_status":"open","sticky":false,"template":"","format":"standard","meta":{"footnotes":""},"categories":[5],"tags":[1185,1182,3017,1218,47,3020,860,3018,77,573,3019,1822,1223],"class_list":["post-7374","post","type-post","status-publish","format-standard","has-post-thumbnail","hentry","category-brasil","tag-granizo","tag-tempestade","tag-campo-ere","tag-chuva-forte","tag-destaque","tag-marmeleiro","tag-meteorologia","tag-oeste-de-santa-catarina","tag-parana","tag-santa-catarina","tag-supercelula","tag-tempo-severo","tag-tornado"],"yoast_head":"<!-- This site is optimized with the Yoast SEO plugin v28.1 - https:\/\/yoast.com\/product\/yoast-seo-wordpress\/ -->\n<title>Tornado \u00e9 confirmado no Oeste de SC e meteorologista alerta para novos fen\u00f4menos severos - Mz Not\u00edcias<\/title>\n<meta name=\"description\" content=\"Tornado \u00e9 confirmado em Campo Er\u00ea, no Oeste de Santa Catarina, ap\u00f3s atua\u00e7\u00e3o de superc\u00e9lula rotat\u00f3ria. Regi\u00e3o segue com risco de novos temporais e tornados.\" \/>\n<meta name=\"robots\" content=\"index, follow, max-snippet:-1, max-image-preview:large, max-video-preview:-1\" \/>\n<link rel=\"canonical\" href=\"https:\/\/mznoticia.com.br\/jaguariaiva\/tornado-e-confirmado-no-oeste-de-sc-e-meteorologista-alerta-para-novos-fenomenos-severos\/\" \/>\n<meta property=\"og:locale\" content=\"pt_BR\" \/>\n<meta property=\"og:type\" content=\"article\" \/>\n<meta property=\"og:title\" content=\"Tornado \u00e9 confirmado no Oeste de SC e meteorologista alerta para novos fen\u00f4menos severos - Mz Not\u00edcias\" \/>\n<meta property=\"og:description\" content=\"Tornado \u00e9 confirmado em Campo Er\u00ea, no Oeste de Santa Catarina, ap\u00f3s atua\u00e7\u00e3o de superc\u00e9lula rotat\u00f3ria. Regi\u00e3o segue com risco de novos temporais e tornados.\" \/>\n<meta property=\"og:url\" content=\"https:\/\/mznoticia.com.br\/jaguariaiva\/tornado-e-confirmado-no-oeste-de-sc-e-meteorologista-alerta-para-novos-fenomenos-severos\/\" \/>\n<meta property=\"og:site_name\" content=\"Mz Not\u00edcias\" \/>\n<meta property=\"article:publisher\" content=\"https:\/\/www.facebook.com\/profile.php?id=61573479951222\" \/>\n<meta property=\"article:published_time\" content=\"2026-08-31T12:43:40+00:00\" \/>\n<meta property=\"article:modified_time\" content=\"2026-08-31T12:44:29+00:00\" \/>\n<meta property=\"og:image\" content=\"https:\/\/mznoticia.com.br\/jaguariaiva\/wp-content\/uploads\/2026\/08\/20-5.webp\" \/>\n\t<meta property=\"og:image:width\" content=\"1000\" \/>\n\t<meta property=\"og:image:height\" content=\"500\" \/>\n\t<meta property=\"og:image:type\" content=\"image\/webp\" \/>\n<meta name=\"author\" content=\"Redacao mz\" \/>\n<meta name=\"twitter:card\" content=\"summary_large_image\" \/>\n<meta name=\"twitter:label1\" content=\"Escrito por\" \/>\n\t<meta name=\"twitter:data1\" content=\"Redacao mz\" \/>\n\t<meta name=\"twitter:label2\" content=\"Est. tempo de leitura\" \/>\n\t<meta name=\"twitter:data2\" content=\"3 minutos\" \/>\n<script type=\"application\/ld+json\" class=\"yoast-schema-graph\">{\"@context\":\"https:\\\/\\\/schema.org\",\"@graph\":[{\"@type\":\"Article\",\"@id\":\"https:\\\/\\\/mznoticia.com.br\\\/jaguariaiva\\\/tornado-e-confirmado-no-oeste-de-sc-e-meteorologista-alerta-para-novos-fenomenos-severos\\\/#article\",\"isPartOf\":{\"@id\":\"https:\\\/\\\/mznoticia.com.br\\\/jaguariaiva\\\/tornado-e-confirmado-no-oeste-de-sc-e-meteorologista-alerta-para-novos-fenomenos-severos\\\/\"},\"author\":{\"name\":\"Redacao mz\",\"@id\":\"https:\\\/\\\/mznoticia.com.br\\\/jaguariaiva\\\/#\\\/schema\\\/person\\\/84012d827247b3f42f37b550da79cd03\"},\"headline\":\"Tornado \u00e9 confirmado no Oeste de SC e meteorologista alerta para novos fen\u00f4menos severos\",\"datePublished\":\"2026-08-31T12:43:40+00:00\",\"dateModified\":\"2026-08-31T12:44:29+00:00\",\"mainEntityOfPage\":{\"@id\":\"https:\\\/\\\/mznoticia.com.br\\\/jaguariaiva\\\/tornado-e-confirmado-no-oeste-de-sc-e-meteorologista-alerta-para-novos-fenomenos-severos\\\/\"},\"wordCount\":393,\"commentCount\":0,\"publisher\":{\"@id\":\"https:\\\/\\\/mznoticia.com.br\\\/jaguariaiva\\\/#organization\"},\"image\":{\"@id\":\"https:\\\/\\\/mznoticia.com.br\\\/jaguariaiva\\\/tornado-e-confirmado-no-oeste-de-sc-e-meteorologista-alerta-para-novos-fenomenos-severos\\\/#primaryimage\"},\"thumbnailUrl\":\"https:\\\/\\\/mznoticia.com.br\\\/jaguariaiva\\\/wp-content\\\/uploads\\\/2026\\\/08\\\/20-5.webp\",\"keywords\":[\"#Granizo\",\"#Tempestade\",\"Campo Er\u00ea\",\"chuva forte\",\"destaque\",\"Marmeleiro\",\"Meteorologia\",\"Oeste de Santa Catarina\",\"parana\",\"Santa Catarina\",\"Superc\u00e9lula\",\"Tempo severo\",\"tornado\"],\"articleSection\":[\"Brasil\"],\"inLanguage\":\"pt-BR\",\"potentialAction\":[{\"@type\":\"CommentAction\",\"name\":\"Comment\",\"target\":[\"https:\\\/\\\/mznoticia.com.br\\\/jaguariaiva\\\/tornado-e-confirmado-no-oeste-de-sc-e-meteorologista-alerta-para-novos-fenomenos-severos\\\/#respond\"]}]},{\"@type\":\"WebPage\",\"@id\":\"https:\\\/\\\/mznoticia.com.br\\\/jaguariaiva\\\/tornado-e-confirmado-no-oeste-de-sc-e-meteorologista-alerta-para-novos-fenomenos-severos\\\/\",\"url\":\"https:\\\/\\\/mznoticia.com.br\\\/jaguariaiva\\\/tornado-e-confirmado-no-oeste-de-sc-e-meteorologista-alerta-para-novos-fenomenos-severos\\\/\",\"name\":\"Tornado \u00e9 confirmado no Oeste de SC e meteorologista alerta para novos fen\u00f4menos severos - Mz Not\u00edcias\",\"isPartOf\":{\"@id\":\"https:\\\/\\\/mznoticia.com.br\\\/jaguariaiva\\\/#website\"},\"primaryImageOfPage\":{\"@id\":\"https:\\\/\\\/mznoticia.com.br\\\/jaguariaiva\\\/tornado-e-confirmado-no-oeste-de-sc-e-meteorologista-alerta-para-novos-fenomenos-severos\\\/#primaryimage\"},\"image\":{\"@id\":\"https:\\\/\\\/mznoticia.com.br\\\/jaguariaiva\\\/tornado-e-confirmado-no-oeste-de-sc-e-meteorologista-alerta-para-novos-fenomenos-severos\\\/#primaryimage\"},\"thumbnailUrl\":\"https:\\\/\\\/mznoticia.com.br\\\/jaguariaiva\\\/wp-content\\\/uploads\\\/2026\\\/08\\\/20-5.webp\",\"datePublished\":\"2026-08-31T12:43:40+00:00\",\"dateModified\":\"2026-08-31T12:44:29+00:00\",\"description\":\"Tornado \u00e9 confirmado em Campo Er\u00ea, no Oeste de Santa Catarina, ap\u00f3s atua\u00e7\u00e3o de superc\u00e9lula rotat\u00f3ria. Regi\u00e3o segue com risco de novos temporais e tornados.\",\"breadcrumb\":{\"@id\":\"https:\\\/\\\/mznoticia.com.br\\\/jaguariaiva\\\/tornado-e-confirmado-no-oeste-de-sc-e-meteorologista-alerta-para-novos-fenomenos-severos\\\/#breadcrumb\"},\"inLanguage\":\"pt-BR\",\"potentialAction\":[{\"@type\":\"ReadAction\",\"target\":[\"https:\\\/\\\/mznoticia.com.br\\\/jaguariaiva\\\/tornado-e-confirmado-no-oeste-de-sc-e-meteorologista-alerta-para-novos-fenomenos-severos\\\/\"]}]},{\"@type\":\"ImageObject\",\"inLanguage\":\"pt-BR\",\"@id\":\"https:\\\/\\\/mznoticia.com.br\\\/jaguariaiva\\\/tornado-e-confirmado-no-oeste-de-sc-e-meteorologista-alerta-para-novos-fenomenos-severos\\\/#primaryimage\",\"url\":\"https:\\\/\\\/mznoticia.com.br\\\/jaguariaiva\\\/wp-content\\\/uploads\\\/2026\\\/08\\\/20-5.webp\",\"contentUrl\":\"https:\\\/\\\/mznoticia.com.br\\\/jaguariaiva\\\/wp-content\\\/uploads\\\/2026\\\/08\\\/20-5.webp\",\"width\":1000,\"height\":500},{\"@type\":\"BreadcrumbList\",\"@id\":\"https:\\\/\\\/mznoticia.com.br\\\/jaguariaiva\\\/tornado-e-confirmado-no-oeste-de-sc-e-meteorologista-alerta-para-novos-fenomenos-severos\\\/#breadcrumb\",\"itemListElement\":[{\"@type\":\"ListItem\",\"position\":1,\"name\":\"Home\",\"item\":\"https:\\\/\\\/mznoticia.com.br\\\/jaguariaiva\\\/\"},{\"@type\":\"ListItem\",\"position\":2,\"name\":\"Tornado \u00e9 confirmado no Oeste de SC e meteorologista alerta para novos fen\u00f4menos severos\"}]},{\"@type\":\"WebSite\",\"@id\":\"https:\\\/\\\/mznoticia.com.br\\\/jaguariaiva\\\/#website\",\"url\":\"https:\\\/\\\/mznoticia.com.br\\\/jaguariaiva\\\/\",\"name\":\"Mz Not\u00edcia\",\"description\":\"A informa\u00e7\u00e3o que voc\u00ea precisa na hora certa!\",\"publisher\":{\"@id\":\"https:\\\/\\\/mznoticia.com.br\\\/jaguariaiva\\\/#organization\"},\"potentialAction\":[{\"@type\":\"SearchAction\",\"target\":{\"@type\":\"EntryPoint\",\"urlTemplate\":\"https:\\\/\\\/mznoticia.com.br\\\/jaguariaiva\\\/?s={search_term_string}\"},\"query-input\":{\"@type\":\"PropertyValueSpecification\",\"valueRequired\":true,\"valueName\":\"search_term_string\"}}],\"inLanguage\":\"pt-BR\"},{\"@type\":\"Organization\",\"@id\":\"https:\\\/\\\/mznoticia.com.br\\\/jaguariaiva\\\/#organization\",\"name\":\"Mz Not\u00edcia\",\"url\":\"https:\\\/\\\/mznoticia.com.br\\\/jaguariaiva\\\/\",\"logo\":{\"@type\":\"ImageObject\",\"inLanguage\":\"pt-BR\",\"@id\":\"https:\\\/\\\/mznoticia.com.br\\\/jaguariaiva\\\/#\\\/schema\\\/logo\\\/image\\\/\",\"url\":\"https:\\\/\\\/mznoticia.com.br\\\/jaguariaiva\\\/wp-content\\\/uploads\\\/2025\\\/03\\\/Design-sem-nome-4-e1741200616392.png\",\"contentUrl\":\"https:\\\/\\\/mznoticia.com.br\\\/jaguariaiva\\\/wp-content\\\/uploads\\\/2025\\\/03\\\/Design-sem-nome-4-e1741200616392.png\",\"width\":750,\"height\":563,\"caption\":\"Mz Not\u00edcia\"},\"image\":{\"@id\":\"https:\\\/\\\/mznoticia.com.br\\\/jaguariaiva\\\/#\\\/schema\\\/logo\\\/image\\\/\"},\"sameAs\":[\"https:\\\/\\\/www.facebook.com\\\/profile.php?id=61573479951222\",\"https:\\\/\\\/www.instagram.com\\\/mz.jaguariaiva\\\/\"]},{\"@type\":\"Person\",\"@id\":\"https:\\\/\\\/mznoticia.com.br\\\/jaguariaiva\\\/#\\\/schema\\\/person\\\/84012d827247b3f42f37b550da79cd03\",\"name\":\"Redacao mz\",\"image\":{\"@type\":\"ImageObject\",\"inLanguage\":\"pt-BR\",\"@id\":\"https:\\\/\\\/mznoticia.com.br\\\/jaguariaiva\\\/wp-content\\\/uploads\\\/2025\\\/02\\\/mznoticia_jaguariaiva_coluna-150x150.png\",\"url\":\"https:\\\/\\\/mznoticia.com.br\\\/jaguariaiva\\\/wp-content\\\/uploads\\\/2025\\\/02\\\/mznoticia_jaguariaiva_coluna-150x150.png\",\"contentUrl\":\"https:\\\/\\\/mznoticia.com.br\\\/jaguariaiva\\\/wp-content\\\/uploads\\\/2025\\\/02\\\/mznoticia_jaguariaiva_coluna-150x150.png\",\"caption\":\"Redacao mz\"},\"sameAs\":[\"http:\\\/\\\/mznoticia.com.br\"],\"url\":\"https:\\\/\\\/mznoticia.com.br\\\/jaguariaiva\\\/author\\\/lucimara\\\/\"}]}<\/script>\n<!-- \/ Yoast SEO plugin. -->","yoast_head_json":{"title":"Tornado \u00e9 confirmado no Oeste de SC e meteorologista alerta para novos fen\u00f4menos severos - Mz Not\u00edcias","description":"Tornado \u00e9 confirmado em Campo Er\u00ea, no Oeste de Santa Catarina, ap\u00f3s atua\u00e7\u00e3o de superc\u00e9lula rotat\u00f3ria. Regi\u00e3o segue com risco de novos temporais e tornados.","robots":{"index":"index","follow":"follow","max-snippet":"max-snippet:-1","max-image-preview":"max-image-preview:large","max-video-preview":"max-video-preview:-1"},"canonical":"https:\/\/mznoticia.com.br\/jaguariaiva\/tornado-e-confirmado-no-oeste-de-sc-e-meteorologista-alerta-para-novos-fenomenos-severos\/","og_locale":"pt_BR","og_type":"article","og_title":"Tornado \u00e9 confirmado no Oeste de SC e meteorologista alerta para novos fen\u00f4menos severos - Mz Not\u00edcias","og_description":"Tornado \u00e9 confirmado em Campo Er\u00ea, no Oeste de Santa Catarina, ap\u00f3s atua\u00e7\u00e3o de superc\u00e9lula rotat\u00f3ria. Regi\u00e3o segue com risco de novos temporais e tornados.","og_url":"https:\/\/mznoticia.com.br\/jaguariaiva\/tornado-e-confirmado-no-oeste-de-sc-e-meteorologista-alerta-para-novos-fenomenos-severos\/","og_site_name":"Mz Not\u00edcias","article_publisher":"https:\/\/www.facebook.com\/profile.php?id=61573479951222","article_published_time":"2026-08-31T12:43:40+00:00","article_modified_time":"2026-08-31T12:44:29+00:00","og_image":[{"width":1000,"height":500,"url":"https:\/\/mznoticia.com.br\/jaguariaiva\/wp-content\/uploads\/2026\/08\/20-5.webp","type":"image\/webp"}],"author":"Redacao mz","twitter_card":"summary_large_image","twitter_misc":{"Escrito por":"Redacao mz","Est. tempo de leitura":"3 minutos"},"schema":{"@context":"https:\/\/schema.org","@graph":[{"@type":"Article","@id":"https:\/\/mznoticia.com.br\/jaguariaiva\/tornado-e-confirmado-no-oeste-de-sc-e-meteorologista-alerta-para-novos-fenomenos-severos\/#article","isPartOf":{"@id":"https:\/\/mznoticia.com.br\/jaguariaiva\/tornado-e-confirmado-no-oeste-de-sc-e-meteorologista-alerta-para-novos-fenomenos-severos\/"},"author":{"name":"Redacao mz","@id":"https:\/\/mznoticia.com.br\/jaguariaiva\/#\/schema\/person\/84012d827247b3f42f37b550da79cd03"},"headline":"Tornado \u00e9 confirmado no Oeste de SC e meteorologista alerta para novos fen\u00f4menos severos","datePublished":"2026-08-31T12:43:40+00:00","dateModified":"2026-08-31T12:44:29+00:00","mainEntityOfPage":{"@id":"https:\/\/mznoticia.com.br\/jaguariaiva\/tornado-e-confirmado-no-oeste-de-sc-e-meteorologista-alerta-para-novos-fenomenos-severos\/"},"wordCount":393,"commentCount":0,"publisher":{"@id":"https:\/\/mznoticia.com.br\/jaguariaiva\/#organization"},"image":{"@id":"https:\/\/mznoticia.com.br\/jaguariaiva\/tornado-e-confirmado-no-oeste-de-sc-e-meteorologista-alerta-para-novos-fenomenos-severos\/#primaryimage"},"thumbnailUrl":"https:\/\/mznoticia.com.br\/jaguariaiva\/wp-content\/uploads\/2026\/08\/20-5.webp","keywords":["#Granizo","#Tempestade","Campo Er\u00ea","chuva forte","destaque","Marmeleiro","Meteorologia","Oeste de Santa Catarina","parana","Santa Catarina","Superc\u00e9lula","Tempo severo","tornado"],"articleSection":["Brasil"],"inLanguage":"pt-BR","potentialAction":[{"@type":"CommentAction","name":"Comment","target":["https:\/\/mznoticia.com.br\/jaguariaiva\/tornado-e-confirmado-no-oeste-de-sc-e-meteorologista-alerta-para-novos-fenomenos-severos\/#respond"]}]},{"@type":"WebPage","@id":"https:\/\/mznoticia.com.br\/jaguariaiva\/tornado-e-confirmado-no-oeste-de-sc-e-meteorologista-alerta-para-novos-fenomenos-severos\/","url":"https:\/\/mznoticia.com.br\/jaguariaiva\/tornado-e-confirmado-no-oeste-de-sc-e-meteorologista-alerta-para-novos-fenomenos-severos\/","name":"Tornado \u00e9 confirmado no Oeste de SC e meteorologista alerta para novos fen\u00f4menos severos - Mz Not\u00edcias","isPartOf":{"@id":"https:\/\/mznoticia.com.br\/jaguariaiva\/#website"},"primaryImageOfPage":{"@id":"https:\/\/mznoticia.com.br\/jaguariaiva\/tornado-e-confirmado-no-oeste-de-sc-e-meteorologista-alerta-para-novos-fenomenos-severos\/#primaryimage"},"image":{"@id":"https:\/\/mznoticia.com.br\/jaguariaiva\/tornado-e-confirmado-no-oeste-de-sc-e-meteorologista-alerta-para-novos-fenomenos-severos\/#primaryimage"},"thumbnailUrl":"https:\/\/mznoticia.com.br\/jaguariaiva\/wp-content\/uploads\/2026\/08\/20-5.webp","datePublished":"2026-08-31T12:43:40+00:00","dateModified":"2026-08-31T12:44:29+00:00","description":"Tornado \u00e9 confirmado em Campo Er\u00ea, no Oeste de Santa Catarina, ap\u00f3s atua\u00e7\u00e3o de superc\u00e9lula rotat\u00f3ria. Regi\u00e3o segue com risco de novos temporais e tornados.","breadcrumb":{"@id":"https:\/\/mznoticia.com.br\/jaguariaiva\/tornado-e-confirmado-no-oeste-de-sc-e-meteorologista-alerta-para-novos-fenomenos-severos\/#breadcrumb"},"inLanguage":"pt-BR","potentialAction":[{"@type":"ReadAction","target":["https:\/\/mznoticia.com.br\/jaguariaiva\/tornado-e-confirmado-no-oeste-de-sc-e-meteorologista-alerta-para-novos-fenomenos-severos\/"]}]},{"@type":"ImageObject","inLanguage":"pt-BR","@id":"https:\/\/mznoticia.com.br\/jaguariaiva\/tornado-e-confirmado-no-oeste-de-sc-e-meteorologista-alerta-para-novos-fenomenos-severos\/#primaryimage","url":"https:\/\/mznoticia.com.br\/jaguariaiva\/wp-content\/uploads\/2026\/08\/20-5.webp","contentUrl":"https:\/\/mznoticia.com.br\/jaguariaiva\/wp-content\/uploads\/2026\/08\/20-5.webp","width":1000,"height":500},{"@type":"BreadcrumbList","@id":"https:\/\/mznoticia.com.br\/jaguariaiva\/tornado-e-confirmado-no-oeste-de-sc-e-meteorologista-alerta-para-novos-fenomenos-severos\/#breadcrumb","itemListElement":[{"@type":"ListItem","position":1,"name":"Home","item":"https:\/\/mznoticia.com.br\/jaguariaiva\/"},{"@type":"ListItem","position":2,"name":"Tornado \u00e9 confirmado no Oeste de SC e meteorologista alerta para novos fen\u00f4menos severos"}]},{"@type":"WebSite","@id":"https:\/\/mznoticia.com.br\/jaguariaiva\/#website","url":"https:\/\/mznoticia.com.br\/jaguariaiva\/","name":"Mz Not\u00edcia","description":"A informa\u00e7\u00e3o que voc\u00ea precisa na hora certa!","publisher":{"@id":"https:\/\/mznoticia.com.br\/jaguariaiva\/#organization"},"potentialAction":[{"@type":"SearchAction","target":{"@type":"EntryPoint","urlTemplate":"https:\/\/mznoticia.com.br\/jaguariaiva\/?s={search_term_string}"},"query-input":{"@type":"PropertyValueSpecification","valueRequired":true,"valueName":"search_term_string"}}],"inLanguage":"pt-BR"},{"@type":"Organization","@id":"https:\/\/mznoticia.com.br\/jaguariaiva\/#organization","name":"Mz Not\u00edcia","url":"https:\/\/mznoticia.com.br\/jaguariaiva\/","logo":{"@type":"ImageObject","inLanguage":"pt-BR","@id":"https:\/\/mznoticia.com.br\/jaguariaiva\/#\/schema\/logo\/image\/","url":"https:\/\/mznoticia.com.br\/jaguariaiva\/wp-content\/uploads\/2025\/03\/Design-sem-nome-4-e1741200616392.png","contentUrl":"https:\/\/mznoticia.com.br\/jaguariaiva\/wp-content\/uploads\/2025\/03\/Design-sem-nome-4-e1741200616392.png","width":750,"height":563,"caption":"Mz Not\u00edcia"},"image":{"@id":"https:\/\/mznoticia.com.br\/jaguariaiva\/#\/schema\/logo\/image\/"},"sameAs":["https:\/\/www.facebook.com\/profile.php?id=61573479951222","https:\/\/www.instagram.com\/mz.jaguariaiva\/"]},{"@type":"Person","@id":"https:\/\/mznoticia.com.br\/jaguariaiva\/#\/schema\/person\/84012d827247b3f42f37b550da79cd03","name":"Redacao mz","image":{"@type":"ImageObject","inLanguage":"pt-BR","@id":"https:\/\/mznoticia.com.br\/jaguariaiva\/wp-content\/uploads\/2025\/02\/mznoticia_jaguariaiva_coluna-150x150.png","url":"https:\/\/mznoticia.com.br\/jaguariaiva\/wp-content\/uploads\/2025\/02\/mznoticia_jaguariaiva_coluna-150x150.png","contentUrl":"https:\/\/mznoticia.com.br\/jaguariaiva\/wp-content\/uploads\/2025\/02\/mznoticia_jaguariaiva_coluna-150x150.png","caption":"Redacao mz"},"sameAs":["http:\/\/mznoticia.com.br"],"url":"https:\/\/mznoticia.com.br\/jaguariaiva\/author\/lucimara\/"}]}},"_links":{"self":[{"href":"https:\/\/mznoticia.com.br\/jaguariaiva\/wp-json\/wp\/v2\/posts\/7374","targetHints":{"allow":["GET"]}}],"collection":[{"href":"https:\/\/mznoticia.com.br\/jaguariaiva\/wp-json\/wp\/v2\/posts"}],"about":[{"href":"https:\/\/mznoticia.com.br\/jaguariaiva\/wp-json\/wp\/v2\/types\/post"}],"author":[{"embeddable":true,"href":"https:\/\/mznoticia.com.br\/jaguariaiva\/wp-json\/wp\/v2\/users\/16"}],"replies":[{"embeddable":true,"href":"https:\/\/mznoticia.com.br\/jaguariaiva\/wp-json\/wp\/v2\/comments?post=7374"}],"version-history":[{"count":1,"href":"https:\/\/mznoticia.com.br\/jaguariaiva\/wp-json\/wp\/v2\/posts\/7374\/revisions"}],"predecessor-version":[{"id":7376,"href":"https:\/\/mznoticia.com.br\/jaguariaiva\/wp-json\/wp\/v2\/posts\/7374\/revisions\/7376"}],"wp:featuredmedia":[{"embeddable":true,"href":"https:\/\/mznoticia.com.br\/jaguariaiva\/wp-json\/wp\/v2\/media\/7375"}],"wp:attachment":[{"href":"https:\/\/mznoticia.com.br\/jaguariaiva\/wp-json\/wp\/v2\/media?parent=7374"}],"wp:term":[{"taxonomy":"category","embeddable":true,"href":"https:\/\/mznoticia.com.br\/jaguariaiva\/wp-json\/wp\/v2\/categories?post=7374"},{"taxonomy":"post_tag","embeddable":true,"href":"https:\/\/mznoticia.com.br\/jaguariaiva\/wp-json\/wp\/v2\/tags?post=7374"}],"curies":[{"name":"wp","href":"https:\/\/api.w.org\/{rel}","templated":true}]}}