{"id":7377,"date":"2026-08-31T12:53:11","date_gmt":"2026-08-31T12:53:11","guid":{"rendered":"https:\/\/mznoticia.com.br\/jaguariaiva\/?p=7377"},"modified":"2026-08-31T12:53:11","modified_gmt":"2026-08-31T12:53:11","slug":"parana-marquinho-tem-situacao-de-emergencia-reconhecida-apos-granizo","status":"publish","type":"post","link":"https:\/\/mznoticia.com.br\/jaguariaiva\/parana-marquinho-tem-situacao-de-emergencia-reconhecida-apos-granizo\/","title":{"rendered":"Paran\u00e1: Marquinho tem situa\u00e7\u00e3o de emerg\u00eancia reconhecida ap\u00f3s granizo"},"content":{"rendered":"<h2>Reconhecimento federal inclui seis munic\u00edpios do Sul do Brasil atingidos por granizo e chuvas intensas durante julho e agosto<\/h2>\n<p class=\"isSelectedEnd\">A Secretaria Nacional de Prote\u00e7\u00e3o e Defesa Civil reconheceu situa\u00e7\u00e3o de emerg\u00eancia em seis munic\u00edpios da Regi\u00e3o Sul afetados por granizo e chuvas intensas registradas durante os meses de julho e agosto.<\/p>\n<p class=\"isSelectedEnd\">Entre as cidades est\u00e1 Marquinho, no Paran\u00e1, que sofreu danos provocados por granizo.<\/p>\n<p class=\"isSelectedEnd\">O reconhecimento foi oficializado por meio da Portaria n\u00ba 2.808, publicada no Di\u00e1rio Oficial da Uni\u00e3o.<\/p>\n<h3>Munic\u00edpios reconhecidos no Paran\u00e1, RS e SC<\/h3>\n<p class=\"isSelectedEnd\">Al\u00e9m de Marquinho, outros cinco munic\u00edpios dos estados do Rio Grande do Sul e Santa Catarina tamb\u00e9m tiveram a situa\u00e7\u00e3o de emerg\u00eancia reconhecida.<\/p>\n<p class=\"isSelectedEnd\">Paran\u00e1:<\/p>\n<ul data-spread=\"false\">\n<li>Marquinho<\/li>\n<\/ul>\n<p class=\"isSelectedEnd\">Rio Grande do Sul:<\/p>\n<ul data-spread=\"false\">\n<li>Bom Retiro do Sul<\/li>\n<li>Caseiros<\/li>\n<li>Jari<\/li>\n<li>Rolante<\/li>\n<\/ul>\n<p class=\"isSelectedEnd\">Santa Catarina:<\/p>\n<ul data-spread=\"false\">\n<li>Bocaina do Sul<\/li>\n<\/ul>\n<p class=\"isSelectedEnd\">De acordo com a portaria, Marquinho e Caseiros registraram danos provocados por granizo.<\/p>\n<p class=\"isSelectedEnd\">J\u00e1 Bom Retiro do Sul, Jari, Rolante e Bocaina do Sul foram atingidos por epis\u00f3dios de chuvas intensas.<\/p>\n<h3>Reconhecimento permite acesso a recursos federais<\/h3>\n<p class=\"isSelectedEnd\">Com o reconhecimento federal da situa\u00e7\u00e3o de emerg\u00eancia, os munic\u00edpios podem solicitar ao Minist\u00e9rio da Integra\u00e7\u00e3o e do Desenvolvimento Regional recursos destinados a a\u00e7\u00f5es de defesa civil.<\/p>\n<p class=\"isSelectedEnd\">Os pedidos devem ser realizados por meio do Sistema Integrado de Informa\u00e7\u00f5es sobre Desastres (S2iD).<\/p>\n<p class=\"isSelectedEnd\">A partir das informa\u00e7\u00f5es apresentadas nos planos de trabalho, equipes t\u00e9cnicas da Defesa Civil Nacional avaliam as metas e os valores solicitados pelos munic\u00edpios.<\/p>\n<h3>Recursos podem atender popula\u00e7\u00e3o afetada<\/h3>\n<p class=\"isSelectedEnd\">Entre as a\u00e7\u00f5es que podem receber recursos federais est\u00e3o medidas de assist\u00eancia humanit\u00e1ria \u00e0 popula\u00e7\u00e3o afetada, aquisi\u00e7\u00e3o e distribui\u00e7\u00e3o de cestas b\u00e1sicas, fornecimento de \u00e1gua pot\u00e1vel e entrega de kits de higiene e limpeza.<\/p>\n<p>Tamb\u00e9m podem ser financiados trabalhos emergenciais destinados ao restabelecimento de servi\u00e7os essenciais afetados pelos eventos clim\u00e1ticos.<\/p>\n","protected":false},"excerpt":{"rendered":"<p>Reconhecimento federal inclui seis munic\u00edpios do Sul do Brasil atingidos por granizo e chuvas intensas durante julho e agosto A Secretaria Nacional de Prote\u00e7\u00e3o e Defesa Civil reconheceu situa\u00e7\u00e3o de emerg\u00eancia em seis munic\u00edpios da Regi\u00e3o Sul afetados por granizo e chuvas intensas registradas durante os meses de julho e agosto. Entre as cidades est\u00e1 [&hellip;]<\/p>\n","protected":false},"author":16,"featured_media":7378,"comment_status":"open","ping_status":"open","sticky":false,"template":"","format":"standard","meta":{"footnotes":""},"categories":[328],"tags":[1185,1362,580,254,47,3021,77,3022,632,573,1951],"class_list":["post-7377","post","type-post","status-publish","format-standard","has-post-thumbnail","hentry","category-parana","tag-granizo","tag-chuvas-intensas","tag-defesa-civil","tag-desastres-naturais","tag-destaque","tag-marquinho","tag-parana","tag-regiao-sul","tag-rio-grande-do-sul","tag-santa-catarina","tag-situacao-de-emergencia"],"yoast_head":"<!-- This site is optimized with the Yoast SEO plugin v28.1 - https:\/\/yoast.com\/product\/yoast-seo-wordpress\/ -->\n<title>Paran\u00e1: Marquinho tem situa\u00e7\u00e3o de emerg\u00eancia reconhecida ap\u00f3s granizo - Mz Not\u00edcias<\/title>\n<meta name=\"description\" content=\"Marquinho, no Paran\u00e1, teve situa\u00e7\u00e3o de emerg\u00eancia reconhecida ap\u00f3s danos causados por granizo. Outros cinco munic\u00edpios do Sul tamb\u00e9m foram inclu\u00eddos.\" \/>\n<meta name=\"robots\" content=\"index, follow, max-snippet:-1, max-image-preview:large, max-video-preview:-1\" \/>\n<link rel=\"canonical\" href=\"https:\/\/mznoticia.com.br\/jaguariaiva\/parana-marquinho-tem-situacao-de-emergencia-reconhecida-apos-granizo\/\" \/>\n<meta property=\"og:locale\" content=\"pt_BR\" \/>\n<meta property=\"og:type\" content=\"article\" \/>\n<meta property=\"og:title\" content=\"Paran\u00e1: Marquinho tem situa\u00e7\u00e3o de emerg\u00eancia reconhecida ap\u00f3s granizo - Mz Not\u00edcias\" \/>\n<meta property=\"og:description\" content=\"Marquinho, no Paran\u00e1, teve situa\u00e7\u00e3o de emerg\u00eancia reconhecida ap\u00f3s danos causados por granizo. Outros cinco munic\u00edpios do Sul tamb\u00e9m foram inclu\u00eddos.\" \/>\n<meta property=\"og:url\" content=\"https:\/\/mznoticia.com.br\/jaguariaiva\/parana-marquinho-tem-situacao-de-emergencia-reconhecida-apos-granizo\/\" \/>\n<meta property=\"og:site_name\" content=\"Mz Not\u00edcias\" \/>\n<meta property=\"article:publisher\" content=\"https:\/\/www.facebook.com\/profile.php?id=61573479951222\" \/>\n<meta property=\"article:published_time\" content=\"2026-08-31T12:53:11+00:00\" \/>\n<meta property=\"og:image\" content=\"https:\/\/mznoticia.com.br\/jaguariaiva\/wp-content\/uploads\/2026\/08\/20-13.jpg\" \/>\n\t<meta property=\"og:image:width\" content=\"676\" \/>\n\t<meta property=\"og:image:height\" content=\"450\" \/>\n\t<meta property=\"og:image:type\" content=\"image\/jpeg\" \/>\n<meta name=\"author\" content=\"Redacao mz\" \/>\n<meta name=\"twitter:card\" content=\"summary_large_image\" \/>\n<meta name=\"twitter:label1\" content=\"Escrito por\" \/>\n\t<meta name=\"twitter:data1\" content=\"Redacao mz\" \/>\n\t<meta name=\"twitter:label2\" content=\"Est. tempo de leitura\" \/>\n\t<meta name=\"twitter:data2\" content=\"2 minutos\" \/>\n<script type=\"application\/ld+json\" class=\"yoast-schema-graph\">{\"@context\":\"https:\\\/\\\/schema.org\",\"@graph\":[{\"@type\":\"Article\",\"@id\":\"https:\\\/\\\/mznoticia.com.br\\\/jaguariaiva\\\/parana-marquinho-tem-situacao-de-emergencia-reconhecida-apos-granizo\\\/#article\",\"isPartOf\":{\"@id\":\"https:\\\/\\\/mznoticia.com.br\\\/jaguariaiva\\\/parana-marquinho-tem-situacao-de-emergencia-reconhecida-apos-granizo\\\/\"},\"author\":{\"name\":\"Redacao mz\",\"@id\":\"https:\\\/\\\/mznoticia.com.br\\\/jaguariaiva\\\/#\\\/schema\\\/person\\\/84012d827247b3f42f37b550da79cd03\"},\"headline\":\"Paran\u00e1: Marquinho tem situa\u00e7\u00e3o de emerg\u00eancia reconhecida ap\u00f3s granizo\",\"datePublished\":\"2026-08-31T12:53:11+00:00\",\"mainEntityOfPage\":{\"@id\":\"https:\\\/\\\/mznoticia.com.br\\\/jaguariaiva\\\/parana-marquinho-tem-situacao-de-emergencia-reconhecida-apos-granizo\\\/\"},\"wordCount\":335,\"commentCount\":0,\"publisher\":{\"@id\":\"https:\\\/\\\/mznoticia.com.br\\\/jaguariaiva\\\/#organization\"},\"image\":{\"@id\":\"https:\\\/\\\/mznoticia.com.br\\\/jaguariaiva\\\/parana-marquinho-tem-situacao-de-emergencia-reconhecida-apos-granizo\\\/#primaryimage\"},\"thumbnailUrl\":\"https:\\\/\\\/mznoticia.com.br\\\/jaguariaiva\\\/wp-content\\\/uploads\\\/2026\\\/08\\\/20-13.jpg\",\"keywords\":[\"#Granizo\",\"Chuvas Intensas\",\"defesa civil\",\"desastres naturais\",\"destaque\",\"Marquinho\",\"parana\",\"Regi\u00e3o Sul\",\"Rio Grande do Sul\",\"Santa Catarina\",\"situa\u00e7\u00e3o de emerg\u00eancia\"],\"articleSection\":[\"Paran\u00e1\"],\"inLanguage\":\"pt-BR\",\"potentialAction\":[{\"@type\":\"CommentAction\",\"name\":\"Comment\",\"target\":[\"https:\\\/\\\/mznoticia.com.br\\\/jaguariaiva\\\/parana-marquinho-tem-situacao-de-emergencia-reconhecida-apos-granizo\\\/#respond\"]}]},{\"@type\":\"WebPage\",\"@id\":\"https:\\\/\\\/mznoticia.com.br\\\/jaguariaiva\\\/parana-marquinho-tem-situacao-de-emergencia-reconhecida-apos-granizo\\\/\",\"url\":\"https:\\\/\\\/mznoticia.com.br\\\/jaguariaiva\\\/parana-marquinho-tem-situacao-de-emergencia-reconhecida-apos-granizo\\\/\",\"name\":\"Paran\u00e1: Marquinho tem situa\u00e7\u00e3o de emerg\u00eancia reconhecida ap\u00f3s granizo - Mz Not\u00edcias\",\"isPartOf\":{\"@id\":\"https:\\\/\\\/mznoticia.com.br\\\/jaguariaiva\\\/#website\"},\"primaryImageOfPage\":{\"@id\":\"https:\\\/\\\/mznoticia.com.br\\\/jaguariaiva\\\/parana-marquinho-tem-situacao-de-emergencia-reconhecida-apos-granizo\\\/#primaryimage\"},\"image\":{\"@id\":\"https:\\\/\\\/mznoticia.com.br\\\/jaguariaiva\\\/parana-marquinho-tem-situacao-de-emergencia-reconhecida-apos-granizo\\\/#primaryimage\"},\"thumbnailUrl\":\"https:\\\/\\\/mznoticia.com.br\\\/jaguariaiva\\\/wp-content\\\/uploads\\\/2026\\\/08\\\/20-13.jpg\",\"datePublished\":\"2026-08-31T12:53:11+00:00\",\"description\":\"Marquinho, no Paran\u00e1, teve situa\u00e7\u00e3o de emerg\u00eancia reconhecida ap\u00f3s danos causados por granizo. Outros cinco munic\u00edpios do Sul tamb\u00e9m foram inclu\u00eddos.\",\"breadcrumb\":{\"@id\":\"https:\\\/\\\/mznoticia.com.br\\\/jaguariaiva\\\/parana-marquinho-tem-situacao-de-emergencia-reconhecida-apos-granizo\\\/#breadcrumb\"},\"inLanguage\":\"pt-BR\",\"potentialAction\":[{\"@type\":\"ReadAction\",\"target\":[\"https:\\\/\\\/mznoticia.com.br\\\/jaguariaiva\\\/parana-marquinho-tem-situacao-de-emergencia-reconhecida-apos-granizo\\\/\"]}]},{\"@type\":\"ImageObject\",\"inLanguage\":\"pt-BR\",\"@id\":\"https:\\\/\\\/mznoticia.com.br\\\/jaguariaiva\\\/parana-marquinho-tem-situacao-de-emergencia-reconhecida-apos-granizo\\\/#primaryimage\",\"url\":\"https:\\\/\\\/mznoticia.com.br\\\/jaguariaiva\\\/wp-content\\\/uploads\\\/2026\\\/08\\\/20-13.jpg\",\"contentUrl\":\"https:\\\/\\\/mznoticia.com.br\\\/jaguariaiva\\\/wp-content\\\/uploads\\\/2026\\\/08\\\/20-13.jpg\",\"width\":676,\"height\":450},{\"@type\":\"BreadcrumbList\",\"@id\":\"https:\\\/\\\/mznoticia.com.br\\\/jaguariaiva\\\/parana-marquinho-tem-situacao-de-emergencia-reconhecida-apos-granizo\\\/#breadcrumb\",\"itemListElement\":[{\"@type\":\"ListItem\",\"position\":1,\"name\":\"Home\",\"item\":\"https:\\\/\\\/mznoticia.com.br\\\/jaguariaiva\\\/\"},{\"@type\":\"ListItem\",\"position\":2,\"name\":\"Paran\u00e1: Marquinho tem situa\u00e7\u00e3o de emerg\u00eancia reconhecida ap\u00f3s granizo\"}]},{\"@type\":\"WebSite\",\"@id\":\"https:\\\/\\\/mznoticia.com.br\\\/jaguariaiva\\\/#website\",\"url\":\"https:\\\/\\\/mznoticia.com.br\\\/jaguariaiva\\\/\",\"name\":\"Mz Not\u00edcia\",\"description\":\"A informa\u00e7\u00e3o que voc\u00ea precisa na hora certa!\",\"publisher\":{\"@id\":\"https:\\\/\\\/mznoticia.com.br\\\/jaguariaiva\\\/#organization\"},\"potentialAction\":[{\"@type\":\"SearchAction\",\"target\":{\"@type\":\"EntryPoint\",\"urlTemplate\":\"https:\\\/\\\/mznoticia.com.br\\\/jaguariaiva\\\/?s={search_term_string}\"},\"query-input\":{\"@type\":\"PropertyValueSpecification\",\"valueRequired\":true,\"valueName\":\"search_term_string\"}}],\"inLanguage\":\"pt-BR\"},{\"@type\":\"Organization\",\"@id\":\"https:\\\/\\\/mznoticia.com.br\\\/jaguariaiva\\\/#organization\",\"name\":\"Mz Not\u00edcia\",\"url\":\"https:\\\/\\\/mznoticia.com.br\\\/jaguariaiva\\\/\",\"logo\":{\"@type\":\"ImageObject\",\"inLanguage\":\"pt-BR\",\"@id\":\"https:\\\/\\\/mznoticia.com.br\\\/jaguariaiva\\\/#\\\/schema\\\/logo\\\/image\\\/\",\"url\":\"https:\\\/\\\/mznoticia.com.br\\\/jaguariaiva\\\/wp-content\\\/uploads\\\/2025\\\/03\\\/Design-sem-nome-4-e1741200616392.png\",\"contentUrl\":\"https:\\\/\\\/mznoticia.com.br\\\/jaguariaiva\\\/wp-content\\\/uploads\\\/2025\\\/03\\\/Design-sem-nome-4-e1741200616392.png\",\"width\":750,\"height\":563,\"caption\":\"Mz Not\u00edcia\"},\"image\":{\"@id\":\"https:\\\/\\\/mznoticia.com.br\\\/jaguariaiva\\\/#\\\/schema\\\/logo\\\/image\\\/\"},\"sameAs\":[\"https:\\\/\\\/www.facebook.com\\\/profile.php?id=61573479951222\",\"https:\\\/\\\/www.instagram.com\\\/mz.jaguariaiva\\\/\"]},{\"@type\":\"Person\",\"@id\":\"https:\\\/\\\/mznoticia.com.br\\\/jaguariaiva\\\/#\\\/schema\\\/person\\\/84012d827247b3f42f37b550da79cd03\",\"name\":\"Redacao mz\",\"image\":{\"@type\":\"ImageObject\",\"inLanguage\":\"pt-BR\",\"@id\":\"https:\\\/\\\/mznoticia.com.br\\\/jaguariaiva\\\/wp-content\\\/uploads\\\/2025\\\/02\\\/mznoticia_jaguariaiva_coluna-150x150.png\",\"url\":\"https:\\\/\\\/mznoticia.com.br\\\/jaguariaiva\\\/wp-content\\\/uploads\\\/2025\\\/02\\\/mznoticia_jaguariaiva_coluna-150x150.png\",\"contentUrl\":\"https:\\\/\\\/mznoticia.com.br\\\/jaguariaiva\\\/wp-content\\\/uploads\\\/2025\\\/02\\\/mznoticia_jaguariaiva_coluna-150x150.png\",\"caption\":\"Redacao mz\"},\"sameAs\":[\"http:\\\/\\\/mznoticia.com.br\"],\"url\":\"https:\\\/\\\/mznoticia.com.br\\\/jaguariaiva\\\/author\\\/lucimara\\\/\"}]}<\/script>\n<!-- \/ Yoast SEO plugin. -->","yoast_head_json":{"title":"Paran\u00e1: Marquinho tem situa\u00e7\u00e3o de emerg\u00eancia reconhecida ap\u00f3s granizo - Mz Not\u00edcias","description":"Marquinho, no Paran\u00e1, teve situa\u00e7\u00e3o de emerg\u00eancia reconhecida ap\u00f3s danos causados por granizo. Outros cinco munic\u00edpios do Sul tamb\u00e9m foram inclu\u00eddos.","robots":{"index":"index","follow":"follow","max-snippet":"max-snippet:-1","max-image-preview":"max-image-preview:large","max-video-preview":"max-video-preview:-1"},"canonical":"https:\/\/mznoticia.com.br\/jaguariaiva\/parana-marquinho-tem-situacao-de-emergencia-reconhecida-apos-granizo\/","og_locale":"pt_BR","og_type":"article","og_title":"Paran\u00e1: Marquinho tem situa\u00e7\u00e3o de emerg\u00eancia reconhecida ap\u00f3s granizo - Mz Not\u00edcias","og_description":"Marquinho, no Paran\u00e1, teve situa\u00e7\u00e3o de emerg\u00eancia reconhecida ap\u00f3s danos causados por granizo. Outros cinco munic\u00edpios do Sul tamb\u00e9m foram inclu\u00eddos.","og_url":"https:\/\/mznoticia.com.br\/jaguariaiva\/parana-marquinho-tem-situacao-de-emergencia-reconhecida-apos-granizo\/","og_site_name":"Mz Not\u00edcias","article_publisher":"https:\/\/www.facebook.com\/profile.php?id=61573479951222","article_published_time":"2026-08-31T12:53:11+00:00","og_image":[{"width":676,"height":450,"url":"https:\/\/mznoticia.com.br\/jaguariaiva\/wp-content\/uploads\/2026\/08\/20-13.jpg","type":"image\/jpeg"}],"author":"Redacao mz","twitter_card":"summary_large_image","twitter_misc":{"Escrito por":"Redacao mz","Est. tempo de leitura":"2 minutos"},"schema":{"@context":"https:\/\/schema.org","@graph":[{"@type":"Article","@id":"https:\/\/mznoticia.com.br\/jaguariaiva\/parana-marquinho-tem-situacao-de-emergencia-reconhecida-apos-granizo\/#article","isPartOf":{"@id":"https:\/\/mznoticia.com.br\/jaguariaiva\/parana-marquinho-tem-situacao-de-emergencia-reconhecida-apos-granizo\/"},"author":{"name":"Redacao mz","@id":"https:\/\/mznoticia.com.br\/jaguariaiva\/#\/schema\/person\/84012d827247b3f42f37b550da79cd03"},"headline":"Paran\u00e1: Marquinho tem situa\u00e7\u00e3o de emerg\u00eancia reconhecida ap\u00f3s granizo","datePublished":"2026-08-31T12:53:11+00:00","mainEntityOfPage":{"@id":"https:\/\/mznoticia.com.br\/jaguariaiva\/parana-marquinho-tem-situacao-de-emergencia-reconhecida-apos-granizo\/"},"wordCount":335,"commentCount":0,"publisher":{"@id":"https:\/\/mznoticia.com.br\/jaguariaiva\/#organization"},"image":{"@id":"https:\/\/mznoticia.com.br\/jaguariaiva\/parana-marquinho-tem-situacao-de-emergencia-reconhecida-apos-granizo\/#primaryimage"},"thumbnailUrl":"https:\/\/mznoticia.com.br\/jaguariaiva\/wp-content\/uploads\/2026\/08\/20-13.jpg","keywords":["#Granizo","Chuvas Intensas","defesa civil","desastres naturais","destaque","Marquinho","parana","Regi\u00e3o Sul","Rio Grande do Sul","Santa Catarina","situa\u00e7\u00e3o de emerg\u00eancia"],"articleSection":["Paran\u00e1"],"inLanguage":"pt-BR","potentialAction":[{"@type":"CommentAction","name":"Comment","target":["https:\/\/mznoticia.com.br\/jaguariaiva\/parana-marquinho-tem-situacao-de-emergencia-reconhecida-apos-granizo\/#respond"]}]},{"@type":"WebPage","@id":"https:\/\/mznoticia.com.br\/jaguariaiva\/parana-marquinho-tem-situacao-de-emergencia-reconhecida-apos-granizo\/","url":"https:\/\/mznoticia.com.br\/jaguariaiva\/parana-marquinho-tem-situacao-de-emergencia-reconhecida-apos-granizo\/","name":"Paran\u00e1: Marquinho tem situa\u00e7\u00e3o de emerg\u00eancia reconhecida ap\u00f3s granizo - Mz Not\u00edcias","isPartOf":{"@id":"https:\/\/mznoticia.com.br\/jaguariaiva\/#website"},"primaryImageOfPage":{"@id":"https:\/\/mznoticia.com.br\/jaguariaiva\/parana-marquinho-tem-situacao-de-emergencia-reconhecida-apos-granizo\/#primaryimage"},"image":{"@id":"https:\/\/mznoticia.com.br\/jaguariaiva\/parana-marquinho-tem-situacao-de-emergencia-reconhecida-apos-granizo\/#primaryimage"},"thumbnailUrl":"https:\/\/mznoticia.com.br\/jaguariaiva\/wp-content\/uploads\/2026\/08\/20-13.jpg","datePublished":"2026-08-31T12:53:11+00:00","description":"Marquinho, no Paran\u00e1, teve situa\u00e7\u00e3o de emerg\u00eancia reconhecida ap\u00f3s danos causados por granizo. Outros cinco munic\u00edpios do Sul tamb\u00e9m foram inclu\u00eddos.","breadcrumb":{"@id":"https:\/\/mznoticia.com.br\/jaguariaiva\/parana-marquinho-tem-situacao-de-emergencia-reconhecida-apos-granizo\/#breadcrumb"},"inLanguage":"pt-BR","potentialAction":[{"@type":"ReadAction","target":["https:\/\/mznoticia.com.br\/jaguariaiva\/parana-marquinho-tem-situacao-de-emergencia-reconhecida-apos-granizo\/"]}]},{"@type":"ImageObject","inLanguage":"pt-BR","@id":"https:\/\/mznoticia.com.br\/jaguariaiva\/parana-marquinho-tem-situacao-de-emergencia-reconhecida-apos-granizo\/#primaryimage","url":"https:\/\/mznoticia.com.br\/jaguariaiva\/wp-content\/uploads\/2026\/08\/20-13.jpg","contentUrl":"https:\/\/mznoticia.com.br\/jaguariaiva\/wp-content\/uploads\/2026\/08\/20-13.jpg","width":676,"height":450},{"@type":"BreadcrumbList","@id":"https:\/\/mznoticia.com.br\/jaguariaiva\/parana-marquinho-tem-situacao-de-emergencia-reconhecida-apos-granizo\/#breadcrumb","itemListElement":[{"@type":"ListItem","position":1,"name":"Home","item":"https:\/\/mznoticia.com.br\/jaguariaiva\/"},{"@type":"ListItem","position":2,"name":"Paran\u00e1: Marquinho tem situa\u00e7\u00e3o de emerg\u00eancia reconhecida ap\u00f3s granizo"}]},{"@type":"WebSite","@id":"https:\/\/mznoticia.com.br\/jaguariaiva\/#website","url":"https:\/\/mznoticia.com.br\/jaguariaiva\/","name":"Mz Not\u00edcia","description":"A informa\u00e7\u00e3o que voc\u00ea precisa na hora certa!","publisher":{"@id":"https:\/\/mznoticia.com.br\/jaguariaiva\/#organization"},"potentialAction":[{"@type":"SearchAction","target":{"@type":"EntryPoint","urlTemplate":"https:\/\/mznoticia.com.br\/jaguariaiva\/?s={search_term_string}"},"query-input":{"@type":"PropertyValueSpecification","valueRequired":true,"valueName":"search_term_string"}}],"inLanguage":"pt-BR"},{"@type":"Organization","@id":"https:\/\/mznoticia.com.br\/jaguariaiva\/#organization","name":"Mz Not\u00edcia","url":"https:\/\/mznoticia.com.br\/jaguariaiva\/","logo":{"@type":"ImageObject","inLanguage":"pt-BR","@id":"https:\/\/mznoticia.com.br\/jaguariaiva\/#\/schema\/logo\/image\/","url":"https:\/\/mznoticia.com.br\/jaguariaiva\/wp-content\/uploads\/2025\/03\/Design-sem-nome-4-e1741200616392.png","contentUrl":"https:\/\/mznoticia.com.br\/jaguariaiva\/wp-content\/uploads\/2025\/03\/Design-sem-nome-4-e1741200616392.png","width":750,"height":563,"caption":"Mz Not\u00edcia"},"image":{"@id":"https:\/\/mznoticia.com.br\/jaguariaiva\/#\/schema\/logo\/image\/"},"sameAs":["https:\/\/www.facebook.com\/profile.php?id=61573479951222","https:\/\/www.instagram.com\/mz.jaguariaiva\/"]},{"@type":"Person","@id":"https:\/\/mznoticia.com.br\/jaguariaiva\/#\/schema\/person\/84012d827247b3f42f37b550da79cd03","name":"Redacao mz","image":{"@type":"ImageObject","inLanguage":"pt-BR","@id":"https:\/\/mznoticia.com.br\/jaguariaiva\/wp-content\/uploads\/2025\/02\/mznoticia_jaguariaiva_coluna-150x150.png","url":"https:\/\/mznoticia.com.br\/jaguariaiva\/wp-content\/uploads\/2025\/02\/mznoticia_jaguariaiva_coluna-150x150.png","contentUrl":"https:\/\/mznoticia.com.br\/jaguariaiva\/wp-content\/uploads\/2025\/02\/mznoticia_jaguariaiva_coluna-150x150.png","caption":"Redacao mz"},"sameAs":["http:\/\/mznoticia.com.br"],"url":"https:\/\/mznoticia.com.br\/jaguariaiva\/author\/lucimara\/"}]}},"_links":{"self":[{"href":"https:\/\/mznoticia.com.br\/jaguariaiva\/wp-json\/wp\/v2\/posts\/7377","targetHints":{"allow":["GET"]}}],"collection":[{"href":"https:\/\/mznoticia.com.br\/jaguariaiva\/wp-json\/wp\/v2\/posts"}],"about":[{"href":"https:\/\/mznoticia.com.br\/jaguariaiva\/wp-json\/wp\/v2\/types\/post"}],"author":[{"embeddable":true,"href":"https:\/\/mznoticia.com.br\/jaguariaiva\/wp-json\/wp\/v2\/users\/16"}],"replies":[{"embeddable":true,"href":"https:\/\/mznoticia.com.br\/jaguariaiva\/wp-json\/wp\/v2\/comments?post=7377"}],"version-history":[{"count":1,"href":"https:\/\/mznoticia.com.br\/jaguariaiva\/wp-json\/wp\/v2\/posts\/7377\/revisions"}],"predecessor-version":[{"id":7379,"href":"https:\/\/mznoticia.com.br\/jaguariaiva\/wp-json\/wp\/v2\/posts\/7377\/revisions\/7379"}],"wp:featuredmedia":[{"embeddable":true,"href":"https:\/\/mznoticia.com.br\/jaguariaiva\/wp-json\/wp\/v2\/media\/7378"}],"wp:attachment":[{"href":"https:\/\/mznoticia.com.br\/jaguariaiva\/wp-json\/wp\/v2\/media?parent=7377"}],"wp:term":[{"taxonomy":"category","embeddable":true,"href":"https:\/\/mznoticia.com.br\/jaguariaiva\/wp-json\/wp\/v2\/categories?post=7377"},{"taxonomy":"post_tag","embeddable":true,"href":"https:\/\/mznoticia.com.br\/jaguariaiva\/wp-json\/wp\/v2\/tags?post=7377"}],"curies":[{"name":"wp","href":"https:\/\/api.w.org\/{rel}","templated":true}]}}