{"id":7380,"date":"2026-08-31T13:19:36","date_gmt":"2026-08-31T13:19:36","guid":{"rendered":"https:\/\/mznoticia.com.br\/jaguariaiva\/?p=7380"},"modified":"2026-08-31T13:19:36","modified_gmt":"2026-08-31T13:19:36","slug":"temporal-provoca-estragos-derruba-arvores-e-deixa-milhares-de-imoveis-sem-energia-no-parana","status":"publish","type":"post","link":"https:\/\/mznoticia.com.br\/jaguariaiva\/temporal-provoca-estragos-derruba-arvores-e-deixa-milhares-de-imoveis-sem-energia-no-parana\/","title":{"rendered":"Temporal provoca estragos, derruba \u00e1rvores e deixa milhares de im\u00f3veis sem energia no Paran\u00e1"},"content":{"rendered":"<h2>Apucarana e Tibagi foram atingidas por chuva intensa e fortes rajadas de vento neste s\u00e1bado (29); cerca de 20 \u00e1rvores ca\u00edram em Tibagi<\/h2>\n<p class=\"isSelectedEnd\">Um forte temporal acompanhado de chuva intensa e rajadas de vento atingiu munic\u00edpios do Paran\u00e1 neste s\u00e1bado (29), provocando quedas de \u00e1rvores, destelhamentos, danos materiais e interrup\u00e7\u00f5es no fornecimento de energia el\u00e9trica.<\/p>\n<p class=\"isSelectedEnd\">Entre as cidades afetadas est\u00e3o Apucarana, no Norte do Paran\u00e1, e Tibagi, nos Campos Gerais.<\/p>\n<h3>Mais de 4,8 mil im\u00f3veis s\u00e3o afetados em Apucarana<\/h3>\n<p class=\"isSelectedEnd\">Em Apucarana, o temporal atingiu a cidade por volta das 14h45. Foram registrados ventos pr\u00f3ximos de 50 km\/h, acompanhados por uma chuva r\u00e1pida, mas de forte intensidade.<\/p>\n<p class=\"isSelectedEnd\">A ocorr\u00eancia provocou interrup\u00e7\u00f5es no fornecimento de energia el\u00e9trica e afetou mais de 4,8 mil im\u00f3veis.<\/p>\n<p class=\"isSelectedEnd\">Equipes do Corpo de Bombeiros e da Defesa Civil foram mobilizadas para atender os chamados. Foram registradas quedas de \u00e1rvores sobre vias p\u00fablicas e resid\u00eancias, al\u00e9m de destelhamentos em diferentes pontos da cidade, incluindo o bairro Djalma Mendes.<\/p>\n<h3>Prefeitura mobiliza equipes ap\u00f3s temporal<\/h3>\n<p class=\"isSelectedEnd\">Ap\u00f3s os estragos, a Prefeitura de Apucarana mobilizou equipes de servi\u00e7os p\u00fablicos e maquin\u00e1rios para realizar a limpeza das ruas e a desobstru\u00e7\u00e3o das vias atingidas pelas \u00e1rvores e demais materiais.<\/p>\n<h3>Vendaval derruba cerca de 20 \u00e1rvores em Tibagi<\/h3>\n<p class=\"isSelectedEnd\">Em Tibagi, nos Campos Gerais, o vendaval atingiu uma faixa concentrada de aproximadamente 100 metros.<\/p>\n<p class=\"isSelectedEnd\">O fen\u00f4meno provocou a queda de cerca de 20 \u00e1rvores, al\u00e9m de causar danos materiais no munic\u00edpio.<\/p>\n<p>Os registros fazem parte de uma sequ\u00eancia de eventos de tempo severo que vem atingindo diferentes regi\u00f5es do Paran\u00e1.<\/p>\n<p>Foto de Apucarana<\/p>\n","protected":false},"excerpt":{"rendered":"<p>Apucarana e Tibagi foram atingidas por chuva intensa e fortes rajadas de vento neste s\u00e1bado (29); cerca de 20 \u00e1rvores ca\u00edram em Tibagi Um forte temporal acompanhado de chuva intensa e rajadas de vento atingiu munic\u00edpios do Paran\u00e1 neste s\u00e1bado (29), provocando quedas de \u00e1rvores, destelhamentos, danos materiais e interrup\u00e7\u00f5es no fornecimento de energia el\u00e9trica. [&hellip;]<\/p>\n","protected":false},"author":16,"featured_media":7381,"comment_status":"open","ping_status":"open","sticky":false,"template":"","format":"standard","meta":{"footnotes":""},"categories":[328],"tags":[1500,314,1218,580,1320,77,3023,1076,753,1794,1270],"class_list":["post-7380","post","type-post","status-publish","format-standard","has-post-thumbnail","hentry","category-parana","tag-apucarana","tag-campos-gerais","tag-chuva-forte","tag-defesa-civil","tag-falta-de-energia","tag-parana","tag-queda-de-arvores","tag-temporal","tag-tibagi","tag-vendaval","tag-ventos-fortes"],"yoast_head":"<!-- This site is optimized with the Yoast SEO plugin v28.1 - https:\/\/yoast.com\/product\/yoast-seo-wordpress\/ -->\n<title>Temporal provoca estragos, derruba \u00e1rvores e deixa milhares de im\u00f3veis sem energia no Paran\u00e1 - Mz Not\u00edcias<\/title>\n<meta name=\"description\" content=\"Temporal com chuva intensa e ventos fortes causa estragos em Apucarana e Tibagi, no Paran\u00e1, com quedas de \u00e1rvores, destelhamentos e falta de energia.\" \/>\n<meta name=\"robots\" content=\"index, follow, max-snippet:-1, max-image-preview:large, max-video-preview:-1\" \/>\n<link rel=\"canonical\" href=\"https:\/\/mznoticia.com.br\/jaguariaiva\/temporal-provoca-estragos-derruba-arvores-e-deixa-milhares-de-imoveis-sem-energia-no-parana\/\" \/>\n<meta property=\"og:locale\" content=\"pt_BR\" \/>\n<meta property=\"og:type\" content=\"article\" \/>\n<meta property=\"og:title\" content=\"Temporal provoca estragos, derruba \u00e1rvores e deixa milhares de im\u00f3veis sem energia no Paran\u00e1 - Mz Not\u00edcias\" \/>\n<meta property=\"og:description\" content=\"Temporal com chuva intensa e ventos fortes causa estragos em Apucarana e Tibagi, no Paran\u00e1, com quedas de \u00e1rvores, destelhamentos e falta de energia.\" \/>\n<meta property=\"og:url\" content=\"https:\/\/mznoticia.com.br\/jaguariaiva\/temporal-provoca-estragos-derruba-arvores-e-deixa-milhares-de-imoveis-sem-energia-no-parana\/\" \/>\n<meta property=\"og:site_name\" content=\"Mz Not\u00edcias\" \/>\n<meta property=\"article:publisher\" content=\"https:\/\/www.facebook.com\/profile.php?id=61573479951222\" \/>\n<meta property=\"article:published_time\" content=\"2026-08-31T13:19:36+00:00\" \/>\n<meta property=\"og:image\" content=\"https:\/\/mznoticia.com.br\/jaguariaiva\/wp-content\/uploads\/2026\/08\/20-6.webp\" \/>\n\t<meta property=\"og:image:width\" content=\"500\" \/>\n\t<meta property=\"og:image:height\" content=\"300\" \/>\n\t<meta property=\"og:image:type\" content=\"image\/webp\" \/>\n<meta name=\"author\" content=\"Redacao mz\" \/>\n<meta name=\"twitter:card\" content=\"summary_large_image\" \/>\n<meta name=\"twitter:label1\" content=\"Escrito por\" \/>\n\t<meta name=\"twitter:data1\" content=\"Redacao mz\" \/>\n\t<meta name=\"twitter:label2\" content=\"Est. tempo de leitura\" \/>\n\t<meta name=\"twitter:data2\" content=\"2 minutos\" \/>\n<script type=\"application\/ld+json\" class=\"yoast-schema-graph\">{\"@context\":\"https:\\\/\\\/schema.org\",\"@graph\":[{\"@type\":\"Article\",\"@id\":\"https:\\\/\\\/mznoticia.com.br\\\/jaguariaiva\\\/temporal-provoca-estragos-derruba-arvores-e-deixa-milhares-de-imoveis-sem-energia-no-parana\\\/#article\",\"isPartOf\":{\"@id\":\"https:\\\/\\\/mznoticia.com.br\\\/jaguariaiva\\\/temporal-provoca-estragos-derruba-arvores-e-deixa-milhares-de-imoveis-sem-energia-no-parana\\\/\"},\"author\":{\"name\":\"Redacao mz\",\"@id\":\"https:\\\/\\\/mznoticia.com.br\\\/jaguariaiva\\\/#\\\/schema\\\/person\\\/84012d827247b3f42f37b550da79cd03\"},\"headline\":\"Temporal provoca estragos, derruba \u00e1rvores e deixa milhares de im\u00f3veis sem energia no Paran\u00e1\",\"datePublished\":\"2026-08-31T13:19:36+00:00\",\"mainEntityOfPage\":{\"@id\":\"https:\\\/\\\/mznoticia.com.br\\\/jaguariaiva\\\/temporal-provoca-estragos-derruba-arvores-e-deixa-milhares-de-imoveis-sem-energia-no-parana\\\/\"},\"wordCount\":294,\"commentCount\":0,\"publisher\":{\"@id\":\"https:\\\/\\\/mznoticia.com.br\\\/jaguariaiva\\\/#organization\"},\"image\":{\"@id\":\"https:\\\/\\\/mznoticia.com.br\\\/jaguariaiva\\\/temporal-provoca-estragos-derruba-arvores-e-deixa-milhares-de-imoveis-sem-energia-no-parana\\\/#primaryimage\"},\"thumbnailUrl\":\"https:\\\/\\\/mznoticia.com.br\\\/jaguariaiva\\\/wp-content\\\/uploads\\\/2026\\\/08\\\/20-6.webp\",\"keywords\":[\"Apucarana\",\"Campos Gerais\",\"chuva forte\",\"defesa civil\",\"Falta de Energia\",\"parana\",\"Queda de \u00e1rvores\",\"Temporal\",\"Tibagi\",\"Vendaval\",\"Ventos Fortes\"],\"articleSection\":[\"Paran\u00e1\"],\"inLanguage\":\"pt-BR\",\"potentialAction\":[{\"@type\":\"CommentAction\",\"name\":\"Comment\",\"target\":[\"https:\\\/\\\/mznoticia.com.br\\\/jaguariaiva\\\/temporal-provoca-estragos-derruba-arvores-e-deixa-milhares-de-imoveis-sem-energia-no-parana\\\/#respond\"]}]},{\"@type\":\"WebPage\",\"@id\":\"https:\\\/\\\/mznoticia.com.br\\\/jaguariaiva\\\/temporal-provoca-estragos-derruba-arvores-e-deixa-milhares-de-imoveis-sem-energia-no-parana\\\/\",\"url\":\"https:\\\/\\\/mznoticia.com.br\\\/jaguariaiva\\\/temporal-provoca-estragos-derruba-arvores-e-deixa-milhares-de-imoveis-sem-energia-no-parana\\\/\",\"name\":\"Temporal provoca estragos, derruba \u00e1rvores e deixa milhares de im\u00f3veis sem energia no Paran\u00e1 - Mz Not\u00edcias\",\"isPartOf\":{\"@id\":\"https:\\\/\\\/mznoticia.com.br\\\/jaguariaiva\\\/#website\"},\"primaryImageOfPage\":{\"@id\":\"https:\\\/\\\/mznoticia.com.br\\\/jaguariaiva\\\/temporal-provoca-estragos-derruba-arvores-e-deixa-milhares-de-imoveis-sem-energia-no-parana\\\/#primaryimage\"},\"image\":{\"@id\":\"https:\\\/\\\/mznoticia.com.br\\\/jaguariaiva\\\/temporal-provoca-estragos-derruba-arvores-e-deixa-milhares-de-imoveis-sem-energia-no-parana\\\/#primaryimage\"},\"thumbnailUrl\":\"https:\\\/\\\/mznoticia.com.br\\\/jaguariaiva\\\/wp-content\\\/uploads\\\/2026\\\/08\\\/20-6.webp\",\"datePublished\":\"2026-08-31T13:19:36+00:00\",\"description\":\"Temporal com chuva intensa e ventos fortes causa estragos em Apucarana e Tibagi, no Paran\u00e1, com quedas de \u00e1rvores, destelhamentos e falta de energia.\",\"breadcrumb\":{\"@id\":\"https:\\\/\\\/mznoticia.com.br\\\/jaguariaiva\\\/temporal-provoca-estragos-derruba-arvores-e-deixa-milhares-de-imoveis-sem-energia-no-parana\\\/#breadcrumb\"},\"inLanguage\":\"pt-BR\",\"potentialAction\":[{\"@type\":\"ReadAction\",\"target\":[\"https:\\\/\\\/mznoticia.com.br\\\/jaguariaiva\\\/temporal-provoca-estragos-derruba-arvores-e-deixa-milhares-de-imoveis-sem-energia-no-parana\\\/\"]}]},{\"@type\":\"ImageObject\",\"inLanguage\":\"pt-BR\",\"@id\":\"https:\\\/\\\/mznoticia.com.br\\\/jaguariaiva\\\/temporal-provoca-estragos-derruba-arvores-e-deixa-milhares-de-imoveis-sem-energia-no-parana\\\/#primaryimage\",\"url\":\"https:\\\/\\\/mznoticia.com.br\\\/jaguariaiva\\\/wp-content\\\/uploads\\\/2026\\\/08\\\/20-6.webp\",\"contentUrl\":\"https:\\\/\\\/mznoticia.com.br\\\/jaguariaiva\\\/wp-content\\\/uploads\\\/2026\\\/08\\\/20-6.webp\",\"width\":500,\"height\":300},{\"@type\":\"BreadcrumbList\",\"@id\":\"https:\\\/\\\/mznoticia.com.br\\\/jaguariaiva\\\/temporal-provoca-estragos-derruba-arvores-e-deixa-milhares-de-imoveis-sem-energia-no-parana\\\/#breadcrumb\",\"itemListElement\":[{\"@type\":\"ListItem\",\"position\":1,\"name\":\"Home\",\"item\":\"https:\\\/\\\/mznoticia.com.br\\\/jaguariaiva\\\/\"},{\"@type\":\"ListItem\",\"position\":2,\"name\":\"Temporal provoca estragos, derruba \u00e1rvores e deixa milhares de im\u00f3veis sem energia no Paran\u00e1\"}]},{\"@type\":\"WebSite\",\"@id\":\"https:\\\/\\\/mznoticia.com.br\\\/jaguariaiva\\\/#website\",\"url\":\"https:\\\/\\\/mznoticia.com.br\\\/jaguariaiva\\\/\",\"name\":\"Mz Not\u00edcia\",\"description\":\"A informa\u00e7\u00e3o que voc\u00ea precisa na hora certa!\",\"publisher\":{\"@id\":\"https:\\\/\\\/mznoticia.com.br\\\/jaguariaiva\\\/#organization\"},\"potentialAction\":[{\"@type\":\"SearchAction\",\"target\":{\"@type\":\"EntryPoint\",\"urlTemplate\":\"https:\\\/\\\/mznoticia.com.br\\\/jaguariaiva\\\/?s={search_term_string}\"},\"query-input\":{\"@type\":\"PropertyValueSpecification\",\"valueRequired\":true,\"valueName\":\"search_term_string\"}}],\"inLanguage\":\"pt-BR\"},{\"@type\":\"Organization\",\"@id\":\"https:\\\/\\\/mznoticia.com.br\\\/jaguariaiva\\\/#organization\",\"name\":\"Mz Not\u00edcia\",\"url\":\"https:\\\/\\\/mznoticia.com.br\\\/jaguariaiva\\\/\",\"logo\":{\"@type\":\"ImageObject\",\"inLanguage\":\"pt-BR\",\"@id\":\"https:\\\/\\\/mznoticia.com.br\\\/jaguariaiva\\\/#\\\/schema\\\/logo\\\/image\\\/\",\"url\":\"https:\\\/\\\/mznoticia.com.br\\\/jaguariaiva\\\/wp-content\\\/uploads\\\/2025\\\/03\\\/Design-sem-nome-4-e1741200616392.png\",\"contentUrl\":\"https:\\\/\\\/mznoticia.com.br\\\/jaguariaiva\\\/wp-content\\\/uploads\\\/2025\\\/03\\\/Design-sem-nome-4-e1741200616392.png\",\"width\":750,\"height\":563,\"caption\":\"Mz Not\u00edcia\"},\"image\":{\"@id\":\"https:\\\/\\\/mznoticia.com.br\\\/jaguariaiva\\\/#\\\/schema\\\/logo\\\/image\\\/\"},\"sameAs\":[\"https:\\\/\\\/www.facebook.com\\\/profile.php?id=61573479951222\",\"https:\\\/\\\/www.instagram.com\\\/mz.jaguariaiva\\\/\"]},{\"@type\":\"Person\",\"@id\":\"https:\\\/\\\/mznoticia.com.br\\\/jaguariaiva\\\/#\\\/schema\\\/person\\\/84012d827247b3f42f37b550da79cd03\",\"name\":\"Redacao mz\",\"image\":{\"@type\":\"ImageObject\",\"inLanguage\":\"pt-BR\",\"@id\":\"https:\\\/\\\/mznoticia.com.br\\\/jaguariaiva\\\/wp-content\\\/uploads\\\/2025\\\/02\\\/mznoticia_jaguariaiva_coluna-150x150.png\",\"url\":\"https:\\\/\\\/mznoticia.com.br\\\/jaguariaiva\\\/wp-content\\\/uploads\\\/2025\\\/02\\\/mznoticia_jaguariaiva_coluna-150x150.png\",\"contentUrl\":\"https:\\\/\\\/mznoticia.com.br\\\/jaguariaiva\\\/wp-content\\\/uploads\\\/2025\\\/02\\\/mznoticia_jaguariaiva_coluna-150x150.png\",\"caption\":\"Redacao mz\"},\"sameAs\":[\"http:\\\/\\\/mznoticia.com.br\"],\"url\":\"https:\\\/\\\/mznoticia.com.br\\\/jaguariaiva\\\/author\\\/lucimara\\\/\"}]}<\/script>\n<!-- \/ Yoast SEO plugin. -->","yoast_head_json":{"title":"Temporal provoca estragos, derruba \u00e1rvores e deixa milhares de im\u00f3veis sem energia no Paran\u00e1 - Mz Not\u00edcias","description":"Temporal com chuva intensa e ventos fortes causa estragos em Apucarana e Tibagi, no Paran\u00e1, com quedas de \u00e1rvores, destelhamentos e falta de energia.","robots":{"index":"index","follow":"follow","max-snippet":"max-snippet:-1","max-image-preview":"max-image-preview:large","max-video-preview":"max-video-preview:-1"},"canonical":"https:\/\/mznoticia.com.br\/jaguariaiva\/temporal-provoca-estragos-derruba-arvores-e-deixa-milhares-de-imoveis-sem-energia-no-parana\/","og_locale":"pt_BR","og_type":"article","og_title":"Temporal provoca estragos, derruba \u00e1rvores e deixa milhares de im\u00f3veis sem energia no Paran\u00e1 - Mz Not\u00edcias","og_description":"Temporal com chuva intensa e ventos fortes causa estragos em Apucarana e Tibagi, no Paran\u00e1, com quedas de \u00e1rvores, destelhamentos e falta de energia.","og_url":"https:\/\/mznoticia.com.br\/jaguariaiva\/temporal-provoca-estragos-derruba-arvores-e-deixa-milhares-de-imoveis-sem-energia-no-parana\/","og_site_name":"Mz Not\u00edcias","article_publisher":"https:\/\/www.facebook.com\/profile.php?id=61573479951222","article_published_time":"2026-08-31T13:19:36+00:00","og_image":[{"width":500,"height":300,"url":"https:\/\/mznoticia.com.br\/jaguariaiva\/wp-content\/uploads\/2026\/08\/20-6.webp","type":"image\/webp"}],"author":"Redacao mz","twitter_card":"summary_large_image","twitter_misc":{"Escrito por":"Redacao mz","Est. tempo de leitura":"2 minutos"},"schema":{"@context":"https:\/\/schema.org","@graph":[{"@type":"Article","@id":"https:\/\/mznoticia.com.br\/jaguariaiva\/temporal-provoca-estragos-derruba-arvores-e-deixa-milhares-de-imoveis-sem-energia-no-parana\/#article","isPartOf":{"@id":"https:\/\/mznoticia.com.br\/jaguariaiva\/temporal-provoca-estragos-derruba-arvores-e-deixa-milhares-de-imoveis-sem-energia-no-parana\/"},"author":{"name":"Redacao mz","@id":"https:\/\/mznoticia.com.br\/jaguariaiva\/#\/schema\/person\/84012d827247b3f42f37b550da79cd03"},"headline":"Temporal provoca estragos, derruba \u00e1rvores e deixa milhares de im\u00f3veis sem energia no Paran\u00e1","datePublished":"2026-08-31T13:19:36+00:00","mainEntityOfPage":{"@id":"https:\/\/mznoticia.com.br\/jaguariaiva\/temporal-provoca-estragos-derruba-arvores-e-deixa-milhares-de-imoveis-sem-energia-no-parana\/"},"wordCount":294,"commentCount":0,"publisher":{"@id":"https:\/\/mznoticia.com.br\/jaguariaiva\/#organization"},"image":{"@id":"https:\/\/mznoticia.com.br\/jaguariaiva\/temporal-provoca-estragos-derruba-arvores-e-deixa-milhares-de-imoveis-sem-energia-no-parana\/#primaryimage"},"thumbnailUrl":"https:\/\/mznoticia.com.br\/jaguariaiva\/wp-content\/uploads\/2026\/08\/20-6.webp","keywords":["Apucarana","Campos Gerais","chuva forte","defesa civil","Falta de Energia","parana","Queda de \u00e1rvores","Temporal","Tibagi","Vendaval","Ventos Fortes"],"articleSection":["Paran\u00e1"],"inLanguage":"pt-BR","potentialAction":[{"@type":"CommentAction","name":"Comment","target":["https:\/\/mznoticia.com.br\/jaguariaiva\/temporal-provoca-estragos-derruba-arvores-e-deixa-milhares-de-imoveis-sem-energia-no-parana\/#respond"]}]},{"@type":"WebPage","@id":"https:\/\/mznoticia.com.br\/jaguariaiva\/temporal-provoca-estragos-derruba-arvores-e-deixa-milhares-de-imoveis-sem-energia-no-parana\/","url":"https:\/\/mznoticia.com.br\/jaguariaiva\/temporal-provoca-estragos-derruba-arvores-e-deixa-milhares-de-imoveis-sem-energia-no-parana\/","name":"Temporal provoca estragos, derruba \u00e1rvores e deixa milhares de im\u00f3veis sem energia no Paran\u00e1 - Mz Not\u00edcias","isPartOf":{"@id":"https:\/\/mznoticia.com.br\/jaguariaiva\/#website"},"primaryImageOfPage":{"@id":"https:\/\/mznoticia.com.br\/jaguariaiva\/temporal-provoca-estragos-derruba-arvores-e-deixa-milhares-de-imoveis-sem-energia-no-parana\/#primaryimage"},"image":{"@id":"https:\/\/mznoticia.com.br\/jaguariaiva\/temporal-provoca-estragos-derruba-arvores-e-deixa-milhares-de-imoveis-sem-energia-no-parana\/#primaryimage"},"thumbnailUrl":"https:\/\/mznoticia.com.br\/jaguariaiva\/wp-content\/uploads\/2026\/08\/20-6.webp","datePublished":"2026-08-31T13:19:36+00:00","description":"Temporal com chuva intensa e ventos fortes causa estragos em Apucarana e Tibagi, no Paran\u00e1, com quedas de \u00e1rvores, destelhamentos e falta de energia.","breadcrumb":{"@id":"https:\/\/mznoticia.com.br\/jaguariaiva\/temporal-provoca-estragos-derruba-arvores-e-deixa-milhares-de-imoveis-sem-energia-no-parana\/#breadcrumb"},"inLanguage":"pt-BR","potentialAction":[{"@type":"ReadAction","target":["https:\/\/mznoticia.com.br\/jaguariaiva\/temporal-provoca-estragos-derruba-arvores-e-deixa-milhares-de-imoveis-sem-energia-no-parana\/"]}]},{"@type":"ImageObject","inLanguage":"pt-BR","@id":"https:\/\/mznoticia.com.br\/jaguariaiva\/temporal-provoca-estragos-derruba-arvores-e-deixa-milhares-de-imoveis-sem-energia-no-parana\/#primaryimage","url":"https:\/\/mznoticia.com.br\/jaguariaiva\/wp-content\/uploads\/2026\/08\/20-6.webp","contentUrl":"https:\/\/mznoticia.com.br\/jaguariaiva\/wp-content\/uploads\/2026\/08\/20-6.webp","width":500,"height":300},{"@type":"BreadcrumbList","@id":"https:\/\/mznoticia.com.br\/jaguariaiva\/temporal-provoca-estragos-derruba-arvores-e-deixa-milhares-de-imoveis-sem-energia-no-parana\/#breadcrumb","itemListElement":[{"@type":"ListItem","position":1,"name":"Home","item":"https:\/\/mznoticia.com.br\/jaguariaiva\/"},{"@type":"ListItem","position":2,"name":"Temporal provoca estragos, derruba \u00e1rvores e deixa milhares de im\u00f3veis sem energia no Paran\u00e1"}]},{"@type":"WebSite","@id":"https:\/\/mznoticia.com.br\/jaguariaiva\/#website","url":"https:\/\/mznoticia.com.br\/jaguariaiva\/","name":"Mz Not\u00edcia","description":"A informa\u00e7\u00e3o que voc\u00ea precisa na hora certa!","publisher":{"@id":"https:\/\/mznoticia.com.br\/jaguariaiva\/#organization"},"potentialAction":[{"@type":"SearchAction","target":{"@type":"EntryPoint","urlTemplate":"https:\/\/mznoticia.com.br\/jaguariaiva\/?s={search_term_string}"},"query-input":{"@type":"PropertyValueSpecification","valueRequired":true,"valueName":"search_term_string"}}],"inLanguage":"pt-BR"},{"@type":"Organization","@id":"https:\/\/mznoticia.com.br\/jaguariaiva\/#organization","name":"Mz Not\u00edcia","url":"https:\/\/mznoticia.com.br\/jaguariaiva\/","logo":{"@type":"ImageObject","inLanguage":"pt-BR","@id":"https:\/\/mznoticia.com.br\/jaguariaiva\/#\/schema\/logo\/image\/","url":"https:\/\/mznoticia.com.br\/jaguariaiva\/wp-content\/uploads\/2025\/03\/Design-sem-nome-4-e1741200616392.png","contentUrl":"https:\/\/mznoticia.com.br\/jaguariaiva\/wp-content\/uploads\/2025\/03\/Design-sem-nome-4-e1741200616392.png","width":750,"height":563,"caption":"Mz Not\u00edcia"},"image":{"@id":"https:\/\/mznoticia.com.br\/jaguariaiva\/#\/schema\/logo\/image\/"},"sameAs":["https:\/\/www.facebook.com\/profile.php?id=61573479951222","https:\/\/www.instagram.com\/mz.jaguariaiva\/"]},{"@type":"Person","@id":"https:\/\/mznoticia.com.br\/jaguariaiva\/#\/schema\/person\/84012d827247b3f42f37b550da79cd03","name":"Redacao mz","image":{"@type":"ImageObject","inLanguage":"pt-BR","@id":"https:\/\/mznoticia.com.br\/jaguariaiva\/wp-content\/uploads\/2025\/02\/mznoticia_jaguariaiva_coluna-150x150.png","url":"https:\/\/mznoticia.com.br\/jaguariaiva\/wp-content\/uploads\/2025\/02\/mznoticia_jaguariaiva_coluna-150x150.png","contentUrl":"https:\/\/mznoticia.com.br\/jaguariaiva\/wp-content\/uploads\/2025\/02\/mznoticia_jaguariaiva_coluna-150x150.png","caption":"Redacao mz"},"sameAs":["http:\/\/mznoticia.com.br"],"url":"https:\/\/mznoticia.com.br\/jaguariaiva\/author\/lucimara\/"}]}},"_links":{"self":[{"href":"https:\/\/mznoticia.com.br\/jaguariaiva\/wp-json\/wp\/v2\/posts\/7380","targetHints":{"allow":["GET"]}}],"collection":[{"href":"https:\/\/mznoticia.com.br\/jaguariaiva\/wp-json\/wp\/v2\/posts"}],"about":[{"href":"https:\/\/mznoticia.com.br\/jaguariaiva\/wp-json\/wp\/v2\/types\/post"}],"author":[{"embeddable":true,"href":"https:\/\/mznoticia.com.br\/jaguariaiva\/wp-json\/wp\/v2\/users\/16"}],"replies":[{"embeddable":true,"href":"https:\/\/mznoticia.com.br\/jaguariaiva\/wp-json\/wp\/v2\/comments?post=7380"}],"version-history":[{"count":1,"href":"https:\/\/mznoticia.com.br\/jaguariaiva\/wp-json\/wp\/v2\/posts\/7380\/revisions"}],"predecessor-version":[{"id":7382,"href":"https:\/\/mznoticia.com.br\/jaguariaiva\/wp-json\/wp\/v2\/posts\/7380\/revisions\/7382"}],"wp:featuredmedia":[{"embeddable":true,"href":"https:\/\/mznoticia.com.br\/jaguariaiva\/wp-json\/wp\/v2\/media\/7381"}],"wp:attachment":[{"href":"https:\/\/mznoticia.com.br\/jaguariaiva\/wp-json\/wp\/v2\/media?parent=7380"}],"wp:term":[{"taxonomy":"category","embeddable":true,"href":"https:\/\/mznoticia.com.br\/jaguariaiva\/wp-json\/wp\/v2\/categories?post=7380"},{"taxonomy":"post_tag","embeddable":true,"href":"https:\/\/mznoticia.com.br\/jaguariaiva\/wp-json\/wp\/v2\/tags?post=7380"}],"curies":[{"name":"wp","href":"https:\/\/api.w.org\/{rel}","templated":true}]}}