{"id":7389,"date":"2026-08-31T14:19:27","date_gmt":"2026-08-31T14:19:27","guid":{"rendered":"https:\/\/mznoticia.com.br\/jaguariaiva\/?p=7389"},"modified":"2026-08-31T14:19:27","modified_gmt":"2026-08-31T14:19:27","slug":"jovem-torturado-por-colegas-tentou-fugir-pela-sacada-antes-de-cair-do-14o-andar-no-parana","status":"publish","type":"post","link":"https:\/\/mznoticia.com.br\/jaguariaiva\/jovem-torturado-por-colegas-tentou-fugir-pela-sacada-antes-de-cair-do-14o-andar-no-parana\/","title":{"rendered":"Jovem torturado por colegas tentou fugir pela sacada antes de cair do 14\u00ba andar no Paran\u00e1"},"content":{"rendered":"<h2>Alexandre Rodrigues Ramos, de 27 anos, morreu ap\u00f3s tentar acessar o apartamento vizinho para escapar de quatro agressores; laudo descartou que ele tenha sido empurrado<\/h2>\n<p class=\"isSelectedEnd\">O jovem Alexandre Rodrigues Ramos, de 27 anos, tentou fugir de quatro homens que o mantinham sob agress\u00f5es e tortura em um apartamento de Londrina, no Norte do Paran\u00e1, antes de cair do 14\u00ba andar e morrer.<\/p>\n<p class=\"isSelectedEnd\">O caso aconteceu em 14 de agosto. Segundo a investiga\u00e7\u00e3o, Alexandre estava no im\u00f3vel quando foi agredido e dopado pelos suspeitos, que acreditavam que ele havia furtado uma c\u00e2mera fotogr\u00e1fica avaliada em R$ 12 mil.<\/p>\n<h2>Jovem tentou acessar apartamento pela sacada<\/h2>\n<p class=\"isSelectedEnd\">De acordo com o delegado respons\u00e1vel pelo inqu\u00e9rito, Alexandre tentou alcan\u00e7ar a sacada do apartamento localizado no andar abaixo para escapar dos agressores.<\/p>\n<p class=\"isSelectedEnd\">A v\u00edtima teria tentado passar pela sacada, mas n\u00e3o conseguiu porque a porta de vidro estava fechada e havia uma rede de prote\u00e7\u00e3o. Conforme o laudo pericial, Alexandre conseguiu romper parcialmente a prote\u00e7\u00e3o com os p\u00e9s, mas acabou despencando do pr\u00e9dio.<\/p>\n<p class=\"isSelectedEnd\">A per\u00edcia descartou a hip\u00f3tese de que o jovem tenha sido empurrado pelos agressores.<\/p>\n<h2>Quatro suspeitos foram presos<\/h2>\n<p class=\"isSelectedEnd\">Ap\u00f3s a morte de Alexandre, quatro homens, com idades entre 22 e 24 anos, foram presos. Os nomes dos suspeitos n\u00e3o foram divulgados.<\/p>\n<p class=\"isSelectedEnd\">Segundo as investiga\u00e7\u00f5es, os quatro moravam no apartamento onde ocorreram as agress\u00f5es. No local tamb\u00e9m estavam a namorada da v\u00edtima e outro homem, que foi respons\u00e1vel por comunicar o caso \u00e0 pol\u00edcia.<\/p>\n<p class=\"isSelectedEnd\">A namorada de Alexandre afirmou durante a investiga\u00e7\u00e3o que tentou intervir diante das agress\u00f5es, mas teria sido amea\u00e7ada.<\/p>\n<h2>V\u00edtima foi amarrada e dopada<\/h2>\n<p class=\"isSelectedEnd\">Conforme a investiga\u00e7\u00e3o, Alexandre estava visitando a namorada quando, por volta das 22h30 do dia 13 de agosto, foi confrontado pelos suspeitos, que estavam com uma faca.<\/p>\n<p class=\"isSelectedEnd\">Os homens suspeitavam que ele havia furtado a c\u00e2mera fotogr\u00e1fica avaliada em R$ 12 mil. Alexandre teria sido trancado em um dos c\u00f4modos do apartamento, com m\u00e3os e p\u00e9s amarrados por um cabo de extens\u00e3o.<\/p>\n<p class=\"isSelectedEnd\">Ainda segundo a investiga\u00e7\u00e3o, os suspeitos obrigaram o jovem a ingerir dois comprimidos de uma medica\u00e7\u00e3o capaz de provocar um estado de irresponsividade, no qual a pessoa deixa de reagir adequadamente a est\u00edmulos externos.<\/p>\n<p class=\"isSelectedEnd\">As agress\u00f5es teriam ocorrido durante pelo menos quatro horas.<\/p>\n<h2>Suspeita de crime surgiu durante investiga\u00e7\u00e3o<\/h2>\n<p class=\"isSelectedEnd\">Inicialmente, a morte chegou a ser tratada como um poss\u00edvel suic\u00eddio. Entretanto, os investigadores encontraram uma circunst\u00e2ncia que levantou suspeitas.<\/p>\n<p class=\"isSelectedEnd\">A chave que trancava o c\u00f4modo de onde Alexandre caiu estava localizada do lado de fora da porta, indicando que ele poderia estar impedido de sair do local.<\/p>\n<p class=\"isSelectedEnd\">A partir das dilig\u00eancias e dos exames periciais, a investiga\u00e7\u00e3o passou a considerar que a v\u00edtima tentou escapar dos agressores pela sacada.<\/p>\n<h2>Investiga\u00e7\u00e3o ainda n\u00e3o foi conclu\u00edda<\/h2>\n<p class=\"isSelectedEnd\">O delegado respons\u00e1vel pelo caso explicou que ainda \u00e9 necess\u00e1rio aguardar o laudo toxicol\u00f3gico realizado no corpo de Alexandre para concluir o inqu\u00e9rito.<\/p>\n<p class=\"isSelectedEnd\">A investiga\u00e7\u00e3o considera que, embora a morte n\u00e3o tenha ocorrido diretamente em raz\u00e3o das agress\u00f5es, ela teria acontecido durante uma tentativa de fuga da situa\u00e7\u00e3o de cativeiro.<\/p>\n<p>Os respons\u00e1veis podem responder por crimes relacionados \u00e0 tortura e ao cativeiro. A defini\u00e7\u00e3o dos enquadramentos e das penas depender\u00e1 da conclus\u00e3o do inqu\u00e9rito e das demais provas reunidas pela pol\u00edcia.<\/p>\n","protected":false},"excerpt":{"rendered":"<p>Alexandre Rodrigues Ramos, de 27 anos, morreu ap\u00f3s tentar acessar o apartamento vizinho para escapar de quatro agressores; laudo descartou que ele tenha sido empurrado O jovem Alexandre Rodrigues Ramos, de 27 anos, tentou fugir de quatro homens que o mantinham sob agress\u00f5es e tortura em um apartamento de Londrina, no Norte do Paran\u00e1, antes [&hellip;]<\/p>\n","protected":false},"author":16,"featured_media":7390,"comment_status":"open","ping_status":"open","sticky":false,"template":"","format":"standard","meta":{"footnotes":""},"categories":[4],"tags":[3036,1179,47,317,775,77,265,3035,3034],"class_list":["post-7389","post","type-post","status-publish","format-standard","has-post-thumbnail","hentry","category-policial","tag-alexandre-rodrigues-ramos","tag-crime","tag-destaque","tag-investigacao","tag-londrina","tag-parana","tag-policia","tag-queda-de-predio","tag-tortura"],"yoast_head":"<!-- This site is optimized with the Yoast SEO plugin v28.1 - https:\/\/yoast.com\/product\/yoast-seo-wordpress\/ -->\n<title>Jovem torturado por colegas tentou fugir pela sacada antes de cair do 14\u00ba andar no Paran\u00e1 - Mz Not\u00edcias<\/title>\n<meta name=\"description\" content=\"Jovem de 27 anos tentou fugir de quatro agressores pela sacada de um pr\u00e9dio em Londrina e morreu ap\u00f3s cair do 14\u00ba andar.\" \/>\n<meta name=\"robots\" content=\"index, follow, max-snippet:-1, max-image-preview:large, max-video-preview:-1\" \/>\n<link rel=\"canonical\" href=\"https:\/\/mznoticia.com.br\/jaguariaiva\/jovem-torturado-por-colegas-tentou-fugir-pela-sacada-antes-de-cair-do-14o-andar-no-parana\/\" \/>\n<meta property=\"og:locale\" content=\"pt_BR\" \/>\n<meta property=\"og:type\" content=\"article\" \/>\n<meta property=\"og:title\" content=\"Jovem torturado por colegas tentou fugir pela sacada antes de cair do 14\u00ba andar no Paran\u00e1 - Mz Not\u00edcias\" \/>\n<meta property=\"og:description\" content=\"Jovem de 27 anos tentou fugir de quatro agressores pela sacada de um pr\u00e9dio em Londrina e morreu ap\u00f3s cair do 14\u00ba andar.\" \/>\n<meta property=\"og:url\" content=\"https:\/\/mznoticia.com.br\/jaguariaiva\/jovem-torturado-por-colegas-tentou-fugir-pela-sacada-antes-de-cair-do-14o-andar-no-parana\/\" \/>\n<meta property=\"og:site_name\" content=\"Mz Not\u00edcias\" \/>\n<meta property=\"article:publisher\" content=\"https:\/\/www.facebook.com\/profile.php?id=61573479951222\" \/>\n<meta property=\"article:published_time\" content=\"2026-08-31T14:19:27+00:00\" \/>\n<meta name=\"author\" content=\"Redacao mz\" \/>\n<meta name=\"twitter:card\" content=\"summary_large_image\" \/>\n<meta name=\"twitter:label1\" content=\"Escrito por\" \/>\n\t<meta name=\"twitter:data1\" content=\"Redacao mz\" \/>\n\t<meta name=\"twitter:label2\" content=\"Est. tempo de leitura\" \/>\n\t<meta name=\"twitter:data2\" content=\"4 minutos\" \/>\n<script type=\"application\/ld+json\" class=\"yoast-schema-graph\">{\"@context\":\"https:\\\/\\\/schema.org\",\"@graph\":[{\"@type\":\"Article\",\"@id\":\"https:\\\/\\\/mznoticia.com.br\\\/jaguariaiva\\\/jovem-torturado-por-colegas-tentou-fugir-pela-sacada-antes-de-cair-do-14o-andar-no-parana\\\/#article\",\"isPartOf\":{\"@id\":\"https:\\\/\\\/mznoticia.com.br\\\/jaguariaiva\\\/jovem-torturado-por-colegas-tentou-fugir-pela-sacada-antes-de-cair-do-14o-andar-no-parana\\\/\"},\"author\":{\"name\":\"Redacao mz\",\"@id\":\"https:\\\/\\\/mznoticia.com.br\\\/jaguariaiva\\\/#\\\/schema\\\/person\\\/84012d827247b3f42f37b550da79cd03\"},\"headline\":\"Jovem torturado por colegas tentou fugir pela sacada antes de cair do 14\u00ba andar no Paran\u00e1\",\"datePublished\":\"2026-08-31T14:19:27+00:00\",\"mainEntityOfPage\":{\"@id\":\"https:\\\/\\\/mznoticia.com.br\\\/jaguariaiva\\\/jovem-torturado-por-colegas-tentou-fugir-pela-sacada-antes-de-cair-do-14o-andar-no-parana\\\/\"},\"wordCount\":598,\"commentCount\":0,\"publisher\":{\"@id\":\"https:\\\/\\\/mznoticia.com.br\\\/jaguariaiva\\\/#organization\"},\"image\":{\"@id\":\"https:\\\/\\\/mznoticia.com.br\\\/jaguariaiva\\\/jovem-torturado-por-colegas-tentou-fugir-pela-sacada-antes-de-cair-do-14o-andar-no-parana\\\/#primaryimage\"},\"thumbnailUrl\":\"https:\\\/\\\/mznoticia.com.br\\\/jaguariaiva\\\/wp-content\\\/uploads\\\/2026\\\/08\\\/50-8.avif\",\"keywords\":[\"Alexandre Rodrigues Ramos\",\"Crime\",\"destaque\",\"Investiga\u00e7\u00e3o\",\"Londrina\",\"parana\",\"POLICIA\",\"queda de pr\u00e9dio\",\"tortura\"],\"articleSection\":[\"Policial\"],\"inLanguage\":\"pt-BR\",\"potentialAction\":[{\"@type\":\"CommentAction\",\"name\":\"Comment\",\"target\":[\"https:\\\/\\\/mznoticia.com.br\\\/jaguariaiva\\\/jovem-torturado-por-colegas-tentou-fugir-pela-sacada-antes-de-cair-do-14o-andar-no-parana\\\/#respond\"]}]},{\"@type\":\"WebPage\",\"@id\":\"https:\\\/\\\/mznoticia.com.br\\\/jaguariaiva\\\/jovem-torturado-por-colegas-tentou-fugir-pela-sacada-antes-de-cair-do-14o-andar-no-parana\\\/\",\"url\":\"https:\\\/\\\/mznoticia.com.br\\\/jaguariaiva\\\/jovem-torturado-por-colegas-tentou-fugir-pela-sacada-antes-de-cair-do-14o-andar-no-parana\\\/\",\"name\":\"Jovem torturado por colegas tentou fugir pela sacada antes de cair do 14\u00ba andar no Paran\u00e1 - Mz Not\u00edcias\",\"isPartOf\":{\"@id\":\"https:\\\/\\\/mznoticia.com.br\\\/jaguariaiva\\\/#website\"},\"primaryImageOfPage\":{\"@id\":\"https:\\\/\\\/mznoticia.com.br\\\/jaguariaiva\\\/jovem-torturado-por-colegas-tentou-fugir-pela-sacada-antes-de-cair-do-14o-andar-no-parana\\\/#primaryimage\"},\"image\":{\"@id\":\"https:\\\/\\\/mznoticia.com.br\\\/jaguariaiva\\\/jovem-torturado-por-colegas-tentou-fugir-pela-sacada-antes-de-cair-do-14o-andar-no-parana\\\/#primaryimage\"},\"thumbnailUrl\":\"https:\\\/\\\/mznoticia.com.br\\\/jaguariaiva\\\/wp-content\\\/uploads\\\/2026\\\/08\\\/50-8.avif\",\"datePublished\":\"2026-08-31T14:19:27+00:00\",\"description\":\"Jovem de 27 anos tentou fugir de quatro agressores pela sacada de um pr\u00e9dio em Londrina e morreu ap\u00f3s cair do 14\u00ba andar.\",\"breadcrumb\":{\"@id\":\"https:\\\/\\\/mznoticia.com.br\\\/jaguariaiva\\\/jovem-torturado-por-colegas-tentou-fugir-pela-sacada-antes-de-cair-do-14o-andar-no-parana\\\/#breadcrumb\"},\"inLanguage\":\"pt-BR\",\"potentialAction\":[{\"@type\":\"ReadAction\",\"target\":[\"https:\\\/\\\/mznoticia.com.br\\\/jaguariaiva\\\/jovem-torturado-por-colegas-tentou-fugir-pela-sacada-antes-de-cair-do-14o-andar-no-parana\\\/\"]}]},{\"@type\":\"ImageObject\",\"inLanguage\":\"pt-BR\",\"@id\":\"https:\\\/\\\/mznoticia.com.br\\\/jaguariaiva\\\/jovem-torturado-por-colegas-tentou-fugir-pela-sacada-antes-de-cair-do-14o-andar-no-parana\\\/#primaryimage\",\"url\":\"https:\\\/\\\/mznoticia.com.br\\\/jaguariaiva\\\/wp-content\\\/uploads\\\/2026\\\/08\\\/50-8.avif\",\"contentUrl\":\"https:\\\/\\\/mznoticia.com.br\\\/jaguariaiva\\\/wp-content\\\/uploads\\\/2026\\\/08\\\/50-8.avif\",\"width\":984,\"height\":552},{\"@type\":\"BreadcrumbList\",\"@id\":\"https:\\\/\\\/mznoticia.com.br\\\/jaguariaiva\\\/jovem-torturado-por-colegas-tentou-fugir-pela-sacada-antes-de-cair-do-14o-andar-no-parana\\\/#breadcrumb\",\"itemListElement\":[{\"@type\":\"ListItem\",\"position\":1,\"name\":\"Home\",\"item\":\"https:\\\/\\\/mznoticia.com.br\\\/jaguariaiva\\\/\"},{\"@type\":\"ListItem\",\"position\":2,\"name\":\"Jovem torturado por colegas tentou fugir pela sacada antes de cair do 14\u00ba andar no Paran\u00e1\"}]},{\"@type\":\"WebSite\",\"@id\":\"https:\\\/\\\/mznoticia.com.br\\\/jaguariaiva\\\/#website\",\"url\":\"https:\\\/\\\/mznoticia.com.br\\\/jaguariaiva\\\/\",\"name\":\"Mz Not\u00edcia\",\"description\":\"A informa\u00e7\u00e3o que voc\u00ea precisa na hora certa!\",\"publisher\":{\"@id\":\"https:\\\/\\\/mznoticia.com.br\\\/jaguariaiva\\\/#organization\"},\"potentialAction\":[{\"@type\":\"SearchAction\",\"target\":{\"@type\":\"EntryPoint\",\"urlTemplate\":\"https:\\\/\\\/mznoticia.com.br\\\/jaguariaiva\\\/?s={search_term_string}\"},\"query-input\":{\"@type\":\"PropertyValueSpecification\",\"valueRequired\":true,\"valueName\":\"search_term_string\"}}],\"inLanguage\":\"pt-BR\"},{\"@type\":\"Organization\",\"@id\":\"https:\\\/\\\/mznoticia.com.br\\\/jaguariaiva\\\/#organization\",\"name\":\"Mz Not\u00edcia\",\"url\":\"https:\\\/\\\/mznoticia.com.br\\\/jaguariaiva\\\/\",\"logo\":{\"@type\":\"ImageObject\",\"inLanguage\":\"pt-BR\",\"@id\":\"https:\\\/\\\/mznoticia.com.br\\\/jaguariaiva\\\/#\\\/schema\\\/logo\\\/image\\\/\",\"url\":\"https:\\\/\\\/mznoticia.com.br\\\/jaguariaiva\\\/wp-content\\\/uploads\\\/2025\\\/03\\\/Design-sem-nome-4-e1741200616392.png\",\"contentUrl\":\"https:\\\/\\\/mznoticia.com.br\\\/jaguariaiva\\\/wp-content\\\/uploads\\\/2025\\\/03\\\/Design-sem-nome-4-e1741200616392.png\",\"width\":750,\"height\":563,\"caption\":\"Mz Not\u00edcia\"},\"image\":{\"@id\":\"https:\\\/\\\/mznoticia.com.br\\\/jaguariaiva\\\/#\\\/schema\\\/logo\\\/image\\\/\"},\"sameAs\":[\"https:\\\/\\\/www.facebook.com\\\/profile.php?id=61573479951222\",\"https:\\\/\\\/www.instagram.com\\\/mz.jaguariaiva\\\/\"]},{\"@type\":\"Person\",\"@id\":\"https:\\\/\\\/mznoticia.com.br\\\/jaguariaiva\\\/#\\\/schema\\\/person\\\/84012d827247b3f42f37b550da79cd03\",\"name\":\"Redacao mz\",\"image\":{\"@type\":\"ImageObject\",\"inLanguage\":\"pt-BR\",\"@id\":\"https:\\\/\\\/mznoticia.com.br\\\/jaguariaiva\\\/wp-content\\\/uploads\\\/2025\\\/02\\\/mznoticia_jaguariaiva_coluna-150x150.png\",\"url\":\"https:\\\/\\\/mznoticia.com.br\\\/jaguariaiva\\\/wp-content\\\/uploads\\\/2025\\\/02\\\/mznoticia_jaguariaiva_coluna-150x150.png\",\"contentUrl\":\"https:\\\/\\\/mznoticia.com.br\\\/jaguariaiva\\\/wp-content\\\/uploads\\\/2025\\\/02\\\/mznoticia_jaguariaiva_coluna-150x150.png\",\"caption\":\"Redacao mz\"},\"sameAs\":[\"http:\\\/\\\/mznoticia.com.br\"],\"url\":\"https:\\\/\\\/mznoticia.com.br\\\/jaguariaiva\\\/author\\\/lucimara\\\/\"}]}<\/script>\n<!-- \/ Yoast SEO plugin. -->","yoast_head_json":{"title":"Jovem torturado por colegas tentou fugir pela sacada antes de cair do 14\u00ba andar no Paran\u00e1 - Mz Not\u00edcias","description":"Jovem de 27 anos tentou fugir de quatro agressores pela sacada de um pr\u00e9dio em Londrina e morreu ap\u00f3s cair do 14\u00ba andar.","robots":{"index":"index","follow":"follow","max-snippet":"max-snippet:-1","max-image-preview":"max-image-preview:large","max-video-preview":"max-video-preview:-1"},"canonical":"https:\/\/mznoticia.com.br\/jaguariaiva\/jovem-torturado-por-colegas-tentou-fugir-pela-sacada-antes-de-cair-do-14o-andar-no-parana\/","og_locale":"pt_BR","og_type":"article","og_title":"Jovem torturado por colegas tentou fugir pela sacada antes de cair do 14\u00ba andar no Paran\u00e1 - Mz Not\u00edcias","og_description":"Jovem de 27 anos tentou fugir de quatro agressores pela sacada de um pr\u00e9dio em Londrina e morreu ap\u00f3s cair do 14\u00ba andar.","og_url":"https:\/\/mznoticia.com.br\/jaguariaiva\/jovem-torturado-por-colegas-tentou-fugir-pela-sacada-antes-de-cair-do-14o-andar-no-parana\/","og_site_name":"Mz Not\u00edcias","article_publisher":"https:\/\/www.facebook.com\/profile.php?id=61573479951222","article_published_time":"2026-08-31T14:19:27+00:00","author":"Redacao mz","twitter_card":"summary_large_image","twitter_misc":{"Escrito por":"Redacao mz","Est. tempo de leitura":"4 minutos"},"schema":{"@context":"https:\/\/schema.org","@graph":[{"@type":"Article","@id":"https:\/\/mznoticia.com.br\/jaguariaiva\/jovem-torturado-por-colegas-tentou-fugir-pela-sacada-antes-de-cair-do-14o-andar-no-parana\/#article","isPartOf":{"@id":"https:\/\/mznoticia.com.br\/jaguariaiva\/jovem-torturado-por-colegas-tentou-fugir-pela-sacada-antes-de-cair-do-14o-andar-no-parana\/"},"author":{"name":"Redacao mz","@id":"https:\/\/mznoticia.com.br\/jaguariaiva\/#\/schema\/person\/84012d827247b3f42f37b550da79cd03"},"headline":"Jovem torturado por colegas tentou fugir pela sacada antes de cair do 14\u00ba andar no Paran\u00e1","datePublished":"2026-08-31T14:19:27+00:00","mainEntityOfPage":{"@id":"https:\/\/mznoticia.com.br\/jaguariaiva\/jovem-torturado-por-colegas-tentou-fugir-pela-sacada-antes-de-cair-do-14o-andar-no-parana\/"},"wordCount":598,"commentCount":0,"publisher":{"@id":"https:\/\/mznoticia.com.br\/jaguariaiva\/#organization"},"image":{"@id":"https:\/\/mznoticia.com.br\/jaguariaiva\/jovem-torturado-por-colegas-tentou-fugir-pela-sacada-antes-de-cair-do-14o-andar-no-parana\/#primaryimage"},"thumbnailUrl":"https:\/\/mznoticia.com.br\/jaguariaiva\/wp-content\/uploads\/2026\/08\/50-8.avif","keywords":["Alexandre Rodrigues Ramos","Crime","destaque","Investiga\u00e7\u00e3o","Londrina","parana","POLICIA","queda de pr\u00e9dio","tortura"],"articleSection":["Policial"],"inLanguage":"pt-BR","potentialAction":[{"@type":"CommentAction","name":"Comment","target":["https:\/\/mznoticia.com.br\/jaguariaiva\/jovem-torturado-por-colegas-tentou-fugir-pela-sacada-antes-de-cair-do-14o-andar-no-parana\/#respond"]}]},{"@type":"WebPage","@id":"https:\/\/mznoticia.com.br\/jaguariaiva\/jovem-torturado-por-colegas-tentou-fugir-pela-sacada-antes-de-cair-do-14o-andar-no-parana\/","url":"https:\/\/mznoticia.com.br\/jaguariaiva\/jovem-torturado-por-colegas-tentou-fugir-pela-sacada-antes-de-cair-do-14o-andar-no-parana\/","name":"Jovem torturado por colegas tentou fugir pela sacada antes de cair do 14\u00ba andar no Paran\u00e1 - Mz Not\u00edcias","isPartOf":{"@id":"https:\/\/mznoticia.com.br\/jaguariaiva\/#website"},"primaryImageOfPage":{"@id":"https:\/\/mznoticia.com.br\/jaguariaiva\/jovem-torturado-por-colegas-tentou-fugir-pela-sacada-antes-de-cair-do-14o-andar-no-parana\/#primaryimage"},"image":{"@id":"https:\/\/mznoticia.com.br\/jaguariaiva\/jovem-torturado-por-colegas-tentou-fugir-pela-sacada-antes-de-cair-do-14o-andar-no-parana\/#primaryimage"},"thumbnailUrl":"https:\/\/mznoticia.com.br\/jaguariaiva\/wp-content\/uploads\/2026\/08\/50-8.avif","datePublished":"2026-08-31T14:19:27+00:00","description":"Jovem de 27 anos tentou fugir de quatro agressores pela sacada de um pr\u00e9dio em Londrina e morreu ap\u00f3s cair do 14\u00ba andar.","breadcrumb":{"@id":"https:\/\/mznoticia.com.br\/jaguariaiva\/jovem-torturado-por-colegas-tentou-fugir-pela-sacada-antes-de-cair-do-14o-andar-no-parana\/#breadcrumb"},"inLanguage":"pt-BR","potentialAction":[{"@type":"ReadAction","target":["https:\/\/mznoticia.com.br\/jaguariaiva\/jovem-torturado-por-colegas-tentou-fugir-pela-sacada-antes-de-cair-do-14o-andar-no-parana\/"]}]},{"@type":"ImageObject","inLanguage":"pt-BR","@id":"https:\/\/mznoticia.com.br\/jaguariaiva\/jovem-torturado-por-colegas-tentou-fugir-pela-sacada-antes-de-cair-do-14o-andar-no-parana\/#primaryimage","url":"https:\/\/mznoticia.com.br\/jaguariaiva\/wp-content\/uploads\/2026\/08\/50-8.avif","contentUrl":"https:\/\/mznoticia.com.br\/jaguariaiva\/wp-content\/uploads\/2026\/08\/50-8.avif","width":984,"height":552},{"@type":"BreadcrumbList","@id":"https:\/\/mznoticia.com.br\/jaguariaiva\/jovem-torturado-por-colegas-tentou-fugir-pela-sacada-antes-de-cair-do-14o-andar-no-parana\/#breadcrumb","itemListElement":[{"@type":"ListItem","position":1,"name":"Home","item":"https:\/\/mznoticia.com.br\/jaguariaiva\/"},{"@type":"ListItem","position":2,"name":"Jovem torturado por colegas tentou fugir pela sacada antes de cair do 14\u00ba andar no Paran\u00e1"}]},{"@type":"WebSite","@id":"https:\/\/mznoticia.com.br\/jaguariaiva\/#website","url":"https:\/\/mznoticia.com.br\/jaguariaiva\/","name":"Mz Not\u00edcia","description":"A informa\u00e7\u00e3o que voc\u00ea precisa na hora certa!","publisher":{"@id":"https:\/\/mznoticia.com.br\/jaguariaiva\/#organization"},"potentialAction":[{"@type":"SearchAction","target":{"@type":"EntryPoint","urlTemplate":"https:\/\/mznoticia.com.br\/jaguariaiva\/?s={search_term_string}"},"query-input":{"@type":"PropertyValueSpecification","valueRequired":true,"valueName":"search_term_string"}}],"inLanguage":"pt-BR"},{"@type":"Organization","@id":"https:\/\/mznoticia.com.br\/jaguariaiva\/#organization","name":"Mz Not\u00edcia","url":"https:\/\/mznoticia.com.br\/jaguariaiva\/","logo":{"@type":"ImageObject","inLanguage":"pt-BR","@id":"https:\/\/mznoticia.com.br\/jaguariaiva\/#\/schema\/logo\/image\/","url":"https:\/\/mznoticia.com.br\/jaguariaiva\/wp-content\/uploads\/2025\/03\/Design-sem-nome-4-e1741200616392.png","contentUrl":"https:\/\/mznoticia.com.br\/jaguariaiva\/wp-content\/uploads\/2025\/03\/Design-sem-nome-4-e1741200616392.png","width":750,"height":563,"caption":"Mz Not\u00edcia"},"image":{"@id":"https:\/\/mznoticia.com.br\/jaguariaiva\/#\/schema\/logo\/image\/"},"sameAs":["https:\/\/www.facebook.com\/profile.php?id=61573479951222","https:\/\/www.instagram.com\/mz.jaguariaiva\/"]},{"@type":"Person","@id":"https:\/\/mznoticia.com.br\/jaguariaiva\/#\/schema\/person\/84012d827247b3f42f37b550da79cd03","name":"Redacao mz","image":{"@type":"ImageObject","inLanguage":"pt-BR","@id":"https:\/\/mznoticia.com.br\/jaguariaiva\/wp-content\/uploads\/2025\/02\/mznoticia_jaguariaiva_coluna-150x150.png","url":"https:\/\/mznoticia.com.br\/jaguariaiva\/wp-content\/uploads\/2025\/02\/mznoticia_jaguariaiva_coluna-150x150.png","contentUrl":"https:\/\/mznoticia.com.br\/jaguariaiva\/wp-content\/uploads\/2025\/02\/mznoticia_jaguariaiva_coluna-150x150.png","caption":"Redacao mz"},"sameAs":["http:\/\/mznoticia.com.br"],"url":"https:\/\/mznoticia.com.br\/jaguariaiva\/author\/lucimara\/"}]}},"_links":{"self":[{"href":"https:\/\/mznoticia.com.br\/jaguariaiva\/wp-json\/wp\/v2\/posts\/7389","targetHints":{"allow":["GET"]}}],"collection":[{"href":"https:\/\/mznoticia.com.br\/jaguariaiva\/wp-json\/wp\/v2\/posts"}],"about":[{"href":"https:\/\/mznoticia.com.br\/jaguariaiva\/wp-json\/wp\/v2\/types\/post"}],"author":[{"embeddable":true,"href":"https:\/\/mznoticia.com.br\/jaguariaiva\/wp-json\/wp\/v2\/users\/16"}],"replies":[{"embeddable":true,"href":"https:\/\/mznoticia.com.br\/jaguariaiva\/wp-json\/wp\/v2\/comments?post=7389"}],"version-history":[{"count":1,"href":"https:\/\/mznoticia.com.br\/jaguariaiva\/wp-json\/wp\/v2\/posts\/7389\/revisions"}],"predecessor-version":[{"id":7391,"href":"https:\/\/mznoticia.com.br\/jaguariaiva\/wp-json\/wp\/v2\/posts\/7389\/revisions\/7391"}],"wp:featuredmedia":[{"embeddable":true,"href":"https:\/\/mznoticia.com.br\/jaguariaiva\/wp-json\/wp\/v2\/media\/7390"}],"wp:attachment":[{"href":"https:\/\/mznoticia.com.br\/jaguariaiva\/wp-json\/wp\/v2\/media?parent=7389"}],"wp:term":[{"taxonomy":"category","embeddable":true,"href":"https:\/\/mznoticia.com.br\/jaguariaiva\/wp-json\/wp\/v2\/categories?post=7389"},{"taxonomy":"post_tag","embeddable":true,"href":"https:\/\/mznoticia.com.br\/jaguariaiva\/wp-json\/wp\/v2\/tags?post=7389"}],"curies":[{"name":"wp","href":"https:\/\/api.w.org\/{rel}","templated":true}]}}