{"id":7395,"date":"2026-08-31T15:09:18","date_gmt":"2026-08-31T15:09:18","guid":{"rendered":"https:\/\/mznoticia.com.br\/jaguariaiva\/?p=7395"},"modified":"2026-08-31T15:09:18","modified_gmt":"2026-08-31T15:09:18","slug":"grupo-de-lula-pede-ao-tse-cassacao-e-inelegibilidade-de-flavio-bolsonaro","status":"publish","type":"post","link":"https:\/\/mznoticia.com.br\/jaguariaiva\/grupo-de-lula-pede-ao-tse-cassacao-e-inelegibilidade-de-flavio-bolsonaro\/","title":{"rendered":"Grupo de Lula pede ao TSE cassa\u00e7\u00e3o e inelegibilidade de Fl\u00e1vio Bolsonaro"},"content":{"rendered":"<h2>A\u00e7\u00e3o acusa candidato do PL de suposto abuso de poder econ\u00f4mico durante a Festa do Pe\u00e3o de Barretos; pedido tamb\u00e9m envolve o candidato a vice, Alfredo Gaspar<\/h2>\n<p class=\"isSelectedEnd\">A campanha do presidente Luiz In\u00e1cio Lula da Silva (PT) apresentou ao Tribunal Superior Eleitoral (TSE) uma a\u00e7\u00e3o na qual solicita a cassa\u00e7\u00e3o do registro da candidatura de Fl\u00e1vio Bolsonaro (PL) \u00e0 Presid\u00eancia da Rep\u00fablica.<\/p>\n<p class=\"isSelectedEnd\">A coliga\u00e7\u00e3o tamb\u00e9m pede que o senador seja declarado ineleg\u00edvel por oito anos. O pedido inclui ainda o candidato a vice-presidente da chapa, Alfredo Gaspar (PL-AL).<\/p>\n<p class=\"isSelectedEnd\">A A\u00e7\u00e3o de Investiga\u00e7\u00e3o Judicial Eleitoral foi protocolada no s\u00e1bado (29) e aponta suposto abuso de poder econ\u00f4mico relacionado \u00e0 participa\u00e7\u00e3o de Fl\u00e1vio Bolsonaro na Festa do Pe\u00e3o de Barretos, no interior de S\u00e3o Paulo.<\/p>\n<h2>Campanha fala em \u201cshowm\u00edcio disfar\u00e7ado\u201d<\/h2>\n<p class=\"isSelectedEnd\">O epis\u00f3dio ocorreu em 22 de agosto, quando Fl\u00e1vio Bolsonaro subiu ao palco principal da Festa do Pe\u00e3o acompanhado do governador de S\u00e3o Paulo, Tarc\u00edsio de Freitas (Republicanos), e de outras lideran\u00e7as pol\u00edticas.<\/p>\n<p class=\"isSelectedEnd\">Segundo a acusa\u00e7\u00e3o apresentada pela coliga\u00e7\u00e3o de Lula, Tarc\u00edsio teria apresentado Fl\u00e1vio como herdeiro pol\u00edtico do projeto do ex-presidente Jair Bolsonaro.<\/p>\n<p class=\"isSelectedEnd\">Durante o discurso, o senador falou sobre o agroneg\u00f3cio e afirmou ser o \u201cfuturo presidente do Brasil\u201d.<\/p>\n<p class=\"isSelectedEnd\">A campanha de Lula sustenta que houve pedido de votos e que a estrutura profissional de som, ilumina\u00e7\u00e3o e entretenimento disponibilizada para o evento teria sido utilizada para promover a candidatura.<\/p>\n<p class=\"isSelectedEnd\">Para os advogados da coliga\u00e7\u00e3o, o epis\u00f3dio poderia ser caracterizado como um suposto \u201cshowm\u00edcio disfar\u00e7ado\u201d.<\/p>\n<h2>Evento reuniu cerca de 60 mil pessoas<\/h2>\n<p class=\"isSelectedEnd\">A a\u00e7\u00e3o afirma que a exposi\u00e7\u00e3o ocorreu diante de aproximadamente 60 mil pessoas e que a estrutura utilizada teria sido custeada indiretamente por empresas patrocinadoras e \u00f3rg\u00e3os p\u00fablicos ligados \u00e0 realiza\u00e7\u00e3o do evento.<\/p>\n<p class=\"isSelectedEnd\">Na avalia\u00e7\u00e3o da coliga\u00e7\u00e3o, a situa\u00e7\u00e3o poderia configurar financiamento empresarial indireto e utiliza\u00e7\u00e3o de fonte proibida pela legisla\u00e7\u00e3o eleitoral.<\/p>\n<h2>A\u00e7\u00e3o tamb\u00e9m pede retirada de publica\u00e7\u00f5es<\/h2>\n<p class=\"isSelectedEnd\">Al\u00e9m da cassa\u00e7\u00e3o dos registros de candidatura e da declara\u00e7\u00e3o de inelegibilidade por oito anos, a a\u00e7\u00e3o solicita que sejam retiradas das redes sociais publica\u00e7\u00f5es relacionadas \u00e0 participa\u00e7\u00e3o de Fl\u00e1vio Bolsonaro na Festa do Pe\u00e3o.<\/p>\n<p class=\"isSelectedEnd\">O pedido tamb\u00e9m prev\u00ea a aplica\u00e7\u00e3o de multa di\u00e1ria caso a determina\u00e7\u00e3o n\u00e3o seja cumprida.<\/p>\n<p class=\"isSelectedEnd\">O processo, de n\u00famero <strong>0601757-63.2026.6.00.0000<\/strong>, foi distribu\u00eddo ao corregedor-geral eleitoral, ministro Antonio Carlos Ferreira.<\/p>\n<p class=\"isSelectedEnd\">A coliga\u00e7\u00e3o de Lula tamb\u00e9m solicita que empresas patrocinadoras e organizadores da Festa do Pe\u00e3o de Barretos prestem esclarecimentos sobre a estrutura disponibilizada durante o evento.<\/p>\n<h2>Justi\u00e7a ainda vai analisar os pedidos<\/h2>\n<p class=\"isSelectedEnd\">A a\u00e7\u00e3o prev\u00ea ainda a participa\u00e7\u00e3o do Minist\u00e9rio P\u00fablico Eleitoral, que poder\u00e1 avaliar a exist\u00eancia de poss\u00edveis irregularidades eleitorais ou criminais.<\/p>\n<p class=\"isSelectedEnd\">At\u00e9 a publica\u00e7\u00e3o das informa\u00e7\u00f5es, a equipe de Fl\u00e1vio Bolsonaro e a organiza\u00e7\u00e3o da Festa do Pe\u00e3o de Barretos n\u00e3o haviam apresentado posicionamento sobre as acusa\u00e7\u00f5es.<\/p>\n<p>A apresenta\u00e7\u00e3o da a\u00e7\u00e3o <strong>n\u00e3o significa que Fl\u00e1vio Bolsonaro ou Alfredo Gaspar estejam cassados ou ineleg\u00edveis<\/strong>. Os pedidos ainda ser\u00e3o analisados pela Justi\u00e7a Eleitoral, e os citados ter\u00e3o direito \u00e0 defesa.<\/p>\n","protected":false},"excerpt":{"rendered":"<p>A\u00e7\u00e3o acusa candidato do PL de suposto abuso de poder econ\u00f4mico durante a Festa do Pe\u00e3o de Barretos; pedido tamb\u00e9m envolve o candidato a vice, Alfredo Gaspar A campanha do presidente Luiz In\u00e1cio Lula da Silva (PT) apresentou ao Tribunal Superior Eleitoral (TSE) uma a\u00e7\u00e3o na qual solicita a cassa\u00e7\u00e3o do registro da candidatura de [&hellip;]<\/p>\n","protected":false},"author":16,"featured_media":7396,"comment_status":"open","ping_status":"open","sticky":false,"template":"","format":"standard","meta":{"footnotes":""},"categories":[372],"tags":[3041,1658,3039,416,3040,415,1165,414,194,615],"class_list":["post-7395","post","type-post","status-publish","format-standard","has-post-thumbnail","hentry","category-eleicoes","tag-abuso-de-poder-economico","tag-alfredo-gaspar","tag-barretos","tag-eleicoes-2026","tag-festa-do-peao","tag-flavio-bolsonaro","tag-justica-eleitoral","tag-lula","tag-politica","tag-tse"],"yoast_head":"<!-- This site is optimized with the Yoast SEO plugin v28.1 - https:\/\/yoast.com\/product\/yoast-seo-wordpress\/ -->\n<title>Grupo de Lula pede ao TSE cassa\u00e7\u00e3o e inelegibilidade de Fl\u00e1vio Bolsonaro - Mz Not\u00edcias<\/title>\n<meta name=\"description\" content=\"A\u00e7\u00e3o apresentada ao TSE pede cassa\u00e7\u00e3o e inelegibilidade de Fl\u00e1vio Bolsonaro por suposto abuso de poder econ\u00f4mico durante evento em Barretos.\" \/>\n<meta name=\"robots\" content=\"index, follow, max-snippet:-1, max-image-preview:large, max-video-preview:-1\" \/>\n<link rel=\"canonical\" href=\"https:\/\/mznoticia.com.br\/jaguariaiva\/grupo-de-lula-pede-ao-tse-cassacao-e-inelegibilidade-de-flavio-bolsonaro\/\" \/>\n<meta property=\"og:locale\" content=\"pt_BR\" \/>\n<meta property=\"og:type\" content=\"article\" \/>\n<meta property=\"og:title\" content=\"Grupo de Lula pede ao TSE cassa\u00e7\u00e3o e inelegibilidade de Fl\u00e1vio Bolsonaro - Mz Not\u00edcias\" \/>\n<meta property=\"og:description\" content=\"A\u00e7\u00e3o apresentada ao TSE pede cassa\u00e7\u00e3o e inelegibilidade de Fl\u00e1vio Bolsonaro por suposto abuso de poder econ\u00f4mico durante evento em Barretos.\" \/>\n<meta property=\"og:url\" content=\"https:\/\/mznoticia.com.br\/jaguariaiva\/grupo-de-lula-pede-ao-tse-cassacao-e-inelegibilidade-de-flavio-bolsonaro\/\" \/>\n<meta property=\"og:site_name\" content=\"Mz Not\u00edcias\" \/>\n<meta property=\"article:publisher\" content=\"https:\/\/www.facebook.com\/profile.php?id=61573479951222\" \/>\n<meta property=\"article:published_time\" content=\"2026-08-31T15:09:18+00:00\" \/>\n<meta property=\"og:image\" content=\"https:\/\/mznoticia.com.br\/jaguariaiva\/wp-content\/uploads\/2026\/08\/01-10.jpg\" \/>\n\t<meta property=\"og:image:width\" content=\"450\" \/>\n\t<meta property=\"og:image:height\" content=\"450\" \/>\n\t<meta property=\"og:image:type\" content=\"image\/jpeg\" \/>\n<meta name=\"author\" content=\"Redacao mz\" \/>\n<meta name=\"twitter:card\" content=\"summary_large_image\" \/>\n<meta name=\"twitter:label1\" content=\"Escrito por\" \/>\n\t<meta name=\"twitter:data1\" content=\"Redacao mz\" \/>\n\t<meta name=\"twitter:label2\" content=\"Est. tempo de leitura\" \/>\n\t<meta name=\"twitter:data2\" content=\"3 minutos\" \/>\n<script type=\"application\/ld+json\" class=\"yoast-schema-graph\">{\"@context\":\"https:\\\/\\\/schema.org\",\"@graph\":[{\"@type\":\"Article\",\"@id\":\"https:\\\/\\\/mznoticia.com.br\\\/jaguariaiva\\\/grupo-de-lula-pede-ao-tse-cassacao-e-inelegibilidade-de-flavio-bolsonaro\\\/#article\",\"isPartOf\":{\"@id\":\"https:\\\/\\\/mznoticia.com.br\\\/jaguariaiva\\\/grupo-de-lula-pede-ao-tse-cassacao-e-inelegibilidade-de-flavio-bolsonaro\\\/\"},\"author\":{\"name\":\"Redacao mz\",\"@id\":\"https:\\\/\\\/mznoticia.com.br\\\/jaguariaiva\\\/#\\\/schema\\\/person\\\/84012d827247b3f42f37b550da79cd03\"},\"headline\":\"Grupo de Lula pede ao TSE cassa\u00e7\u00e3o e inelegibilidade de Fl\u00e1vio Bolsonaro\",\"datePublished\":\"2026-08-31T15:09:18+00:00\",\"mainEntityOfPage\":{\"@id\":\"https:\\\/\\\/mznoticia.com.br\\\/jaguariaiva\\\/grupo-de-lula-pede-ao-tse-cassacao-e-inelegibilidade-de-flavio-bolsonaro\\\/\"},\"wordCount\":583,\"commentCount\":0,\"publisher\":{\"@id\":\"https:\\\/\\\/mznoticia.com.br\\\/jaguariaiva\\\/#organization\"},\"image\":{\"@id\":\"https:\\\/\\\/mznoticia.com.br\\\/jaguariaiva\\\/grupo-de-lula-pede-ao-tse-cassacao-e-inelegibilidade-de-flavio-bolsonaro\\\/#primaryimage\"},\"thumbnailUrl\":\"https:\\\/\\\/mznoticia.com.br\\\/jaguariaiva\\\/wp-content\\\/uploads\\\/2026\\\/08\\\/01-10.jpg\",\"keywords\":[\"abuso de poder econ\u00f4mico\",\"Alfredo Gaspar\",\"Barretos\",\"Elei\u00e7\u00f5es 2026\",\"Festa do Pe\u00e3o\",\"Fl\u00e1vio Bolsonaro\",\"Justi\u00e7a Eleitoral\",\"Lula\",\"politica\",\"TSE\"],\"articleSection\":[\"Elei\u00e7\u00f5es\"],\"inLanguage\":\"pt-BR\",\"potentialAction\":[{\"@type\":\"CommentAction\",\"name\":\"Comment\",\"target\":[\"https:\\\/\\\/mznoticia.com.br\\\/jaguariaiva\\\/grupo-de-lula-pede-ao-tse-cassacao-e-inelegibilidade-de-flavio-bolsonaro\\\/#respond\"]}]},{\"@type\":\"WebPage\",\"@id\":\"https:\\\/\\\/mznoticia.com.br\\\/jaguariaiva\\\/grupo-de-lula-pede-ao-tse-cassacao-e-inelegibilidade-de-flavio-bolsonaro\\\/\",\"url\":\"https:\\\/\\\/mznoticia.com.br\\\/jaguariaiva\\\/grupo-de-lula-pede-ao-tse-cassacao-e-inelegibilidade-de-flavio-bolsonaro\\\/\",\"name\":\"Grupo de Lula pede ao TSE cassa\u00e7\u00e3o e inelegibilidade de Fl\u00e1vio Bolsonaro - Mz Not\u00edcias\",\"isPartOf\":{\"@id\":\"https:\\\/\\\/mznoticia.com.br\\\/jaguariaiva\\\/#website\"},\"primaryImageOfPage\":{\"@id\":\"https:\\\/\\\/mznoticia.com.br\\\/jaguariaiva\\\/grupo-de-lula-pede-ao-tse-cassacao-e-inelegibilidade-de-flavio-bolsonaro\\\/#primaryimage\"},\"image\":{\"@id\":\"https:\\\/\\\/mznoticia.com.br\\\/jaguariaiva\\\/grupo-de-lula-pede-ao-tse-cassacao-e-inelegibilidade-de-flavio-bolsonaro\\\/#primaryimage\"},\"thumbnailUrl\":\"https:\\\/\\\/mznoticia.com.br\\\/jaguariaiva\\\/wp-content\\\/uploads\\\/2026\\\/08\\\/01-10.jpg\",\"datePublished\":\"2026-08-31T15:09:18+00:00\",\"description\":\"A\u00e7\u00e3o apresentada ao TSE pede cassa\u00e7\u00e3o e inelegibilidade de Fl\u00e1vio Bolsonaro por suposto abuso de poder econ\u00f4mico durante evento em Barretos.\",\"breadcrumb\":{\"@id\":\"https:\\\/\\\/mznoticia.com.br\\\/jaguariaiva\\\/grupo-de-lula-pede-ao-tse-cassacao-e-inelegibilidade-de-flavio-bolsonaro\\\/#breadcrumb\"},\"inLanguage\":\"pt-BR\",\"potentialAction\":[{\"@type\":\"ReadAction\",\"target\":[\"https:\\\/\\\/mznoticia.com.br\\\/jaguariaiva\\\/grupo-de-lula-pede-ao-tse-cassacao-e-inelegibilidade-de-flavio-bolsonaro\\\/\"]}]},{\"@type\":\"ImageObject\",\"inLanguage\":\"pt-BR\",\"@id\":\"https:\\\/\\\/mznoticia.com.br\\\/jaguariaiva\\\/grupo-de-lula-pede-ao-tse-cassacao-e-inelegibilidade-de-flavio-bolsonaro\\\/#primaryimage\",\"url\":\"https:\\\/\\\/mznoticia.com.br\\\/jaguariaiva\\\/wp-content\\\/uploads\\\/2026\\\/08\\\/01-10.jpg\",\"contentUrl\":\"https:\\\/\\\/mznoticia.com.br\\\/jaguariaiva\\\/wp-content\\\/uploads\\\/2026\\\/08\\\/01-10.jpg\",\"width\":450,\"height\":450},{\"@type\":\"BreadcrumbList\",\"@id\":\"https:\\\/\\\/mznoticia.com.br\\\/jaguariaiva\\\/grupo-de-lula-pede-ao-tse-cassacao-e-inelegibilidade-de-flavio-bolsonaro\\\/#breadcrumb\",\"itemListElement\":[{\"@type\":\"ListItem\",\"position\":1,\"name\":\"Home\",\"item\":\"https:\\\/\\\/mznoticia.com.br\\\/jaguariaiva\\\/\"},{\"@type\":\"ListItem\",\"position\":2,\"name\":\"Grupo de Lula pede ao TSE cassa\u00e7\u00e3o e inelegibilidade de Fl\u00e1vio Bolsonaro\"}]},{\"@type\":\"WebSite\",\"@id\":\"https:\\\/\\\/mznoticia.com.br\\\/jaguariaiva\\\/#website\",\"url\":\"https:\\\/\\\/mznoticia.com.br\\\/jaguariaiva\\\/\",\"name\":\"Mz Not\u00edcia\",\"description\":\"A informa\u00e7\u00e3o que voc\u00ea precisa na hora certa!\",\"publisher\":{\"@id\":\"https:\\\/\\\/mznoticia.com.br\\\/jaguariaiva\\\/#organization\"},\"potentialAction\":[{\"@type\":\"SearchAction\",\"target\":{\"@type\":\"EntryPoint\",\"urlTemplate\":\"https:\\\/\\\/mznoticia.com.br\\\/jaguariaiva\\\/?s={search_term_string}\"},\"query-input\":{\"@type\":\"PropertyValueSpecification\",\"valueRequired\":true,\"valueName\":\"search_term_string\"}}],\"inLanguage\":\"pt-BR\"},{\"@type\":\"Organization\",\"@id\":\"https:\\\/\\\/mznoticia.com.br\\\/jaguariaiva\\\/#organization\",\"name\":\"Mz Not\u00edcia\",\"url\":\"https:\\\/\\\/mznoticia.com.br\\\/jaguariaiva\\\/\",\"logo\":{\"@type\":\"ImageObject\",\"inLanguage\":\"pt-BR\",\"@id\":\"https:\\\/\\\/mznoticia.com.br\\\/jaguariaiva\\\/#\\\/schema\\\/logo\\\/image\\\/\",\"url\":\"https:\\\/\\\/mznoticia.com.br\\\/jaguariaiva\\\/wp-content\\\/uploads\\\/2025\\\/03\\\/Design-sem-nome-4-e1741200616392.png\",\"contentUrl\":\"https:\\\/\\\/mznoticia.com.br\\\/jaguariaiva\\\/wp-content\\\/uploads\\\/2025\\\/03\\\/Design-sem-nome-4-e1741200616392.png\",\"width\":750,\"height\":563,\"caption\":\"Mz Not\u00edcia\"},\"image\":{\"@id\":\"https:\\\/\\\/mznoticia.com.br\\\/jaguariaiva\\\/#\\\/schema\\\/logo\\\/image\\\/\"},\"sameAs\":[\"https:\\\/\\\/www.facebook.com\\\/profile.php?id=61573479951222\",\"https:\\\/\\\/www.instagram.com\\\/mz.jaguariaiva\\\/\"]},{\"@type\":\"Person\",\"@id\":\"https:\\\/\\\/mznoticia.com.br\\\/jaguariaiva\\\/#\\\/schema\\\/person\\\/84012d827247b3f42f37b550da79cd03\",\"name\":\"Redacao mz\",\"image\":{\"@type\":\"ImageObject\",\"inLanguage\":\"pt-BR\",\"@id\":\"https:\\\/\\\/mznoticia.com.br\\\/jaguariaiva\\\/wp-content\\\/uploads\\\/2025\\\/02\\\/mznoticia_jaguariaiva_coluna-150x150.png\",\"url\":\"https:\\\/\\\/mznoticia.com.br\\\/jaguariaiva\\\/wp-content\\\/uploads\\\/2025\\\/02\\\/mznoticia_jaguariaiva_coluna-150x150.png\",\"contentUrl\":\"https:\\\/\\\/mznoticia.com.br\\\/jaguariaiva\\\/wp-content\\\/uploads\\\/2025\\\/02\\\/mznoticia_jaguariaiva_coluna-150x150.png\",\"caption\":\"Redacao mz\"},\"sameAs\":[\"http:\\\/\\\/mznoticia.com.br\"],\"url\":\"https:\\\/\\\/mznoticia.com.br\\\/jaguariaiva\\\/author\\\/lucimara\\\/\"}]}<\/script>\n<!-- \/ Yoast SEO plugin. -->","yoast_head_json":{"title":"Grupo de Lula pede ao TSE cassa\u00e7\u00e3o e inelegibilidade de Fl\u00e1vio Bolsonaro - Mz Not\u00edcias","description":"A\u00e7\u00e3o apresentada ao TSE pede cassa\u00e7\u00e3o e inelegibilidade de Fl\u00e1vio Bolsonaro por suposto abuso de poder econ\u00f4mico durante evento em Barretos.","robots":{"index":"index","follow":"follow","max-snippet":"max-snippet:-1","max-image-preview":"max-image-preview:large","max-video-preview":"max-video-preview:-1"},"canonical":"https:\/\/mznoticia.com.br\/jaguariaiva\/grupo-de-lula-pede-ao-tse-cassacao-e-inelegibilidade-de-flavio-bolsonaro\/","og_locale":"pt_BR","og_type":"article","og_title":"Grupo de Lula pede ao TSE cassa\u00e7\u00e3o e inelegibilidade de Fl\u00e1vio Bolsonaro - Mz Not\u00edcias","og_description":"A\u00e7\u00e3o apresentada ao TSE pede cassa\u00e7\u00e3o e inelegibilidade de Fl\u00e1vio Bolsonaro por suposto abuso de poder econ\u00f4mico durante evento em Barretos.","og_url":"https:\/\/mznoticia.com.br\/jaguariaiva\/grupo-de-lula-pede-ao-tse-cassacao-e-inelegibilidade-de-flavio-bolsonaro\/","og_site_name":"Mz Not\u00edcias","article_publisher":"https:\/\/www.facebook.com\/profile.php?id=61573479951222","article_published_time":"2026-08-31T15:09:18+00:00","og_image":[{"width":450,"height":450,"url":"https:\/\/mznoticia.com.br\/jaguariaiva\/wp-content\/uploads\/2026\/08\/01-10.jpg","type":"image\/jpeg"}],"author":"Redacao mz","twitter_card":"summary_large_image","twitter_misc":{"Escrito por":"Redacao mz","Est. tempo de leitura":"3 minutos"},"schema":{"@context":"https:\/\/schema.org","@graph":[{"@type":"Article","@id":"https:\/\/mznoticia.com.br\/jaguariaiva\/grupo-de-lula-pede-ao-tse-cassacao-e-inelegibilidade-de-flavio-bolsonaro\/#article","isPartOf":{"@id":"https:\/\/mznoticia.com.br\/jaguariaiva\/grupo-de-lula-pede-ao-tse-cassacao-e-inelegibilidade-de-flavio-bolsonaro\/"},"author":{"name":"Redacao mz","@id":"https:\/\/mznoticia.com.br\/jaguariaiva\/#\/schema\/person\/84012d827247b3f42f37b550da79cd03"},"headline":"Grupo de Lula pede ao TSE cassa\u00e7\u00e3o e inelegibilidade de Fl\u00e1vio Bolsonaro","datePublished":"2026-08-31T15:09:18+00:00","mainEntityOfPage":{"@id":"https:\/\/mznoticia.com.br\/jaguariaiva\/grupo-de-lula-pede-ao-tse-cassacao-e-inelegibilidade-de-flavio-bolsonaro\/"},"wordCount":583,"commentCount":0,"publisher":{"@id":"https:\/\/mznoticia.com.br\/jaguariaiva\/#organization"},"image":{"@id":"https:\/\/mznoticia.com.br\/jaguariaiva\/grupo-de-lula-pede-ao-tse-cassacao-e-inelegibilidade-de-flavio-bolsonaro\/#primaryimage"},"thumbnailUrl":"https:\/\/mznoticia.com.br\/jaguariaiva\/wp-content\/uploads\/2026\/08\/01-10.jpg","keywords":["abuso de poder econ\u00f4mico","Alfredo Gaspar","Barretos","Elei\u00e7\u00f5es 2026","Festa do Pe\u00e3o","Fl\u00e1vio Bolsonaro","Justi\u00e7a Eleitoral","Lula","politica","TSE"],"articleSection":["Elei\u00e7\u00f5es"],"inLanguage":"pt-BR","potentialAction":[{"@type":"CommentAction","name":"Comment","target":["https:\/\/mznoticia.com.br\/jaguariaiva\/grupo-de-lula-pede-ao-tse-cassacao-e-inelegibilidade-de-flavio-bolsonaro\/#respond"]}]},{"@type":"WebPage","@id":"https:\/\/mznoticia.com.br\/jaguariaiva\/grupo-de-lula-pede-ao-tse-cassacao-e-inelegibilidade-de-flavio-bolsonaro\/","url":"https:\/\/mznoticia.com.br\/jaguariaiva\/grupo-de-lula-pede-ao-tse-cassacao-e-inelegibilidade-de-flavio-bolsonaro\/","name":"Grupo de Lula pede ao TSE cassa\u00e7\u00e3o e inelegibilidade de Fl\u00e1vio Bolsonaro - Mz Not\u00edcias","isPartOf":{"@id":"https:\/\/mznoticia.com.br\/jaguariaiva\/#website"},"primaryImageOfPage":{"@id":"https:\/\/mznoticia.com.br\/jaguariaiva\/grupo-de-lula-pede-ao-tse-cassacao-e-inelegibilidade-de-flavio-bolsonaro\/#primaryimage"},"image":{"@id":"https:\/\/mznoticia.com.br\/jaguariaiva\/grupo-de-lula-pede-ao-tse-cassacao-e-inelegibilidade-de-flavio-bolsonaro\/#primaryimage"},"thumbnailUrl":"https:\/\/mznoticia.com.br\/jaguariaiva\/wp-content\/uploads\/2026\/08\/01-10.jpg","datePublished":"2026-08-31T15:09:18+00:00","description":"A\u00e7\u00e3o apresentada ao TSE pede cassa\u00e7\u00e3o e inelegibilidade de Fl\u00e1vio Bolsonaro por suposto abuso de poder econ\u00f4mico durante evento em Barretos.","breadcrumb":{"@id":"https:\/\/mznoticia.com.br\/jaguariaiva\/grupo-de-lula-pede-ao-tse-cassacao-e-inelegibilidade-de-flavio-bolsonaro\/#breadcrumb"},"inLanguage":"pt-BR","potentialAction":[{"@type":"ReadAction","target":["https:\/\/mznoticia.com.br\/jaguariaiva\/grupo-de-lula-pede-ao-tse-cassacao-e-inelegibilidade-de-flavio-bolsonaro\/"]}]},{"@type":"ImageObject","inLanguage":"pt-BR","@id":"https:\/\/mznoticia.com.br\/jaguariaiva\/grupo-de-lula-pede-ao-tse-cassacao-e-inelegibilidade-de-flavio-bolsonaro\/#primaryimage","url":"https:\/\/mznoticia.com.br\/jaguariaiva\/wp-content\/uploads\/2026\/08\/01-10.jpg","contentUrl":"https:\/\/mznoticia.com.br\/jaguariaiva\/wp-content\/uploads\/2026\/08\/01-10.jpg","width":450,"height":450},{"@type":"BreadcrumbList","@id":"https:\/\/mznoticia.com.br\/jaguariaiva\/grupo-de-lula-pede-ao-tse-cassacao-e-inelegibilidade-de-flavio-bolsonaro\/#breadcrumb","itemListElement":[{"@type":"ListItem","position":1,"name":"Home","item":"https:\/\/mznoticia.com.br\/jaguariaiva\/"},{"@type":"ListItem","position":2,"name":"Grupo de Lula pede ao TSE cassa\u00e7\u00e3o e inelegibilidade de Fl\u00e1vio Bolsonaro"}]},{"@type":"WebSite","@id":"https:\/\/mznoticia.com.br\/jaguariaiva\/#website","url":"https:\/\/mznoticia.com.br\/jaguariaiva\/","name":"Mz Not\u00edcia","description":"A informa\u00e7\u00e3o que voc\u00ea precisa na hora certa!","publisher":{"@id":"https:\/\/mznoticia.com.br\/jaguariaiva\/#organization"},"potentialAction":[{"@type":"SearchAction","target":{"@type":"EntryPoint","urlTemplate":"https:\/\/mznoticia.com.br\/jaguariaiva\/?s={search_term_string}"},"query-input":{"@type":"PropertyValueSpecification","valueRequired":true,"valueName":"search_term_string"}}],"inLanguage":"pt-BR"},{"@type":"Organization","@id":"https:\/\/mznoticia.com.br\/jaguariaiva\/#organization","name":"Mz Not\u00edcia","url":"https:\/\/mznoticia.com.br\/jaguariaiva\/","logo":{"@type":"ImageObject","inLanguage":"pt-BR","@id":"https:\/\/mznoticia.com.br\/jaguariaiva\/#\/schema\/logo\/image\/","url":"https:\/\/mznoticia.com.br\/jaguariaiva\/wp-content\/uploads\/2025\/03\/Design-sem-nome-4-e1741200616392.png","contentUrl":"https:\/\/mznoticia.com.br\/jaguariaiva\/wp-content\/uploads\/2025\/03\/Design-sem-nome-4-e1741200616392.png","width":750,"height":563,"caption":"Mz Not\u00edcia"},"image":{"@id":"https:\/\/mznoticia.com.br\/jaguariaiva\/#\/schema\/logo\/image\/"},"sameAs":["https:\/\/www.facebook.com\/profile.php?id=61573479951222","https:\/\/www.instagram.com\/mz.jaguariaiva\/"]},{"@type":"Person","@id":"https:\/\/mznoticia.com.br\/jaguariaiva\/#\/schema\/person\/84012d827247b3f42f37b550da79cd03","name":"Redacao mz","image":{"@type":"ImageObject","inLanguage":"pt-BR","@id":"https:\/\/mznoticia.com.br\/jaguariaiva\/wp-content\/uploads\/2025\/02\/mznoticia_jaguariaiva_coluna-150x150.png","url":"https:\/\/mznoticia.com.br\/jaguariaiva\/wp-content\/uploads\/2025\/02\/mznoticia_jaguariaiva_coluna-150x150.png","contentUrl":"https:\/\/mznoticia.com.br\/jaguariaiva\/wp-content\/uploads\/2025\/02\/mznoticia_jaguariaiva_coluna-150x150.png","caption":"Redacao mz"},"sameAs":["http:\/\/mznoticia.com.br"],"url":"https:\/\/mznoticia.com.br\/jaguariaiva\/author\/lucimara\/"}]}},"_links":{"self":[{"href":"https:\/\/mznoticia.com.br\/jaguariaiva\/wp-json\/wp\/v2\/posts\/7395","targetHints":{"allow":["GET"]}}],"collection":[{"href":"https:\/\/mznoticia.com.br\/jaguariaiva\/wp-json\/wp\/v2\/posts"}],"about":[{"href":"https:\/\/mznoticia.com.br\/jaguariaiva\/wp-json\/wp\/v2\/types\/post"}],"author":[{"embeddable":true,"href":"https:\/\/mznoticia.com.br\/jaguariaiva\/wp-json\/wp\/v2\/users\/16"}],"replies":[{"embeddable":true,"href":"https:\/\/mznoticia.com.br\/jaguariaiva\/wp-json\/wp\/v2\/comments?post=7395"}],"version-history":[{"count":1,"href":"https:\/\/mznoticia.com.br\/jaguariaiva\/wp-json\/wp\/v2\/posts\/7395\/revisions"}],"predecessor-version":[{"id":7397,"href":"https:\/\/mznoticia.com.br\/jaguariaiva\/wp-json\/wp\/v2\/posts\/7395\/revisions\/7397"}],"wp:featuredmedia":[{"embeddable":true,"href":"https:\/\/mznoticia.com.br\/jaguariaiva\/wp-json\/wp\/v2\/media\/7396"}],"wp:attachment":[{"href":"https:\/\/mznoticia.com.br\/jaguariaiva\/wp-json\/wp\/v2\/media?parent=7395"}],"wp:term":[{"taxonomy":"category","embeddable":true,"href":"https:\/\/mznoticia.com.br\/jaguariaiva\/wp-json\/wp\/v2\/categories?post=7395"},{"taxonomy":"post_tag","embeddable":true,"href":"https:\/\/mznoticia.com.br\/jaguariaiva\/wp-json\/wp\/v2\/tags?post=7395"}],"curies":[{"name":"wp","href":"https:\/\/api.w.org\/{rel}","templated":true}]}}