{"id":7401,"date":"2026-08-31T16:02:26","date_gmt":"2026-08-31T16:02:26","guid":{"rendered":"https:\/\/mznoticia.com.br\/jaguariaiva\/?p=7401"},"modified":"2026-08-31T16:02:26","modified_gmt":"2026-08-31T16:02:26","slug":"homem-e-baleado-acidentalmente-dentro-de-clube-de-tiro-no-parana","status":"publish","type":"post","link":"https:\/\/mznoticia.com.br\/jaguariaiva\/homem-e-baleado-acidentalmente-dentro-de-clube-de-tiro-no-parana\/","title":{"rendered":"Homem \u00e9 baleado acidentalmente dentro de clube de tiro no Paran\u00e1"},"content":{"rendered":"<h2>V\u00edtima, de 37 anos, foi atingida no t\u00f3rax e est\u00e1 internada em estado grave na UTI; Pol\u00edcia Civil investiga uma sequ\u00eancia de falhas de seguran\u00e7a<\/h2>\n<p class=\"isSelectedEnd\">Um homem de 37 anos foi atingido por um disparo acidental dentro de um clube de tiro no distrito de Novo Sobradinho, em Toledo, no Oeste do Paran\u00e1. O caso aconteceu na tarde de s\u00e1bado (29).<\/p>\n<p class=\"isSelectedEnd\">A v\u00edtima foi atingida no t\u00f3rax e socorrida por pessoas que estavam no local. Ela foi encaminhada ao Hospital Bom Jesus (HOESP), onde permanece internada em estado grave na Unidade de Terapia Intensiva (UTI).<\/p>\n<p class=\"isSelectedEnd\">Imagens de c\u00e2meras de seguran\u00e7a registraram o momento do disparo. Os dois homens estavam na \u00e1rea administrativa do clube, onde o manuseio de armas de fogo n\u00e3o era permitido.<\/p>\n<h2>Disparo aconteceu durante manuseio da arma<\/h2>\n<p class=\"isSelectedEnd\">Segundo a investiga\u00e7\u00e3o, a v\u00edtima teria manuseado uma pistola e deixado a arma sobre uma mesa. Na sequ\u00eancia, o outro homem, de 31 anos, pegou o armamento e, durante o manuseio, acabou acionando o gatilho.<\/p>\n<p class=\"isSelectedEnd\">O homem que efetuou o disparo \u00e9 registrado como Colecionador, Atirador Desportivo e Ca\u00e7ador (CAC). Ele foi ouvido pela Pol\u00edcia Civil e n\u00e3o foi preso.<\/p>\n<p class=\"isSelectedEnd\">A arma utilizada estava com o registro regular e foi recolhida para passar por per\u00edcia.<\/p>\n<h2>Pol\u00edcia aponta sequ\u00eancia de falhas de seguran\u00e7a<\/h2>\n<p class=\"isSelectedEnd\">De acordo com a Pol\u00edcia Civil, o disparo teria ocorrido ap\u00f3s uma sequ\u00eancia de falhas nas regras b\u00e1sicas de seguran\u00e7a no manuseio de armas.<\/p>\n<p class=\"isSelectedEnd\">Entre os procedimentos de seguran\u00e7a est\u00e3o manter o dedo fora do gatilho, direcionar o cano para uma \u00e1rea segura e considerar a arma como carregada at\u00e9 que seja devidamente verificada.<\/p>\n<p class=\"isSelectedEnd\">A investiga\u00e7\u00e3o aponta que o homem havia deixado inicialmente a arma sem muni\u00e7\u00e3o na c\u00e2mara. Posteriormente, a v\u00edtima teria colocado novamente o carregador e inserido uma muni\u00e7\u00e3o na c\u00e2mara, antes de retirar o carregador e deixar a arma sobre a mesa.<\/p>\n<p class=\"isSelectedEnd\">O outro homem teria acreditado que a arma continuava sem condi\u00e7\u00f5es de disparo e acabou acionando o gatilho.<\/p>\n<h2>Caso \u00e9 investigado pela Pol\u00edcia Civil<\/h2>\n<p class=\"isSelectedEnd\">A Pol\u00edcia Civil instaurou um procedimento para esclarecer todas as circunst\u00e2ncias do disparo. At\u00e9 o momento, os ind\u00edcios apontam para um acidente e para a possibilidade de les\u00e3o corporal culposa, quando n\u00e3o h\u00e1 inten\u00e7\u00e3o de provocar o ferimento.<\/p>\n<p class=\"isSelectedEnd\">O clube informou que o manejo de armas de fogo em \u00e1reas administrativas e de acesso restrito \u00e9 proibido.<\/p>\n<p>Segundo a investiga\u00e7\u00e3o, os propriet\u00e1rios do estabelecimento n\u00e3o tiveram participa\u00e7\u00e3o no incidente. Ap\u00f3s a conclus\u00e3o das apura\u00e7\u00f5es, os documentos ser\u00e3o encaminhados \u00e0 Pol\u00edcia Federal e ao Comando do Ex\u00e9rcito para as medidas administrativas cab\u00edveis.<\/p>\n","protected":false},"excerpt":{"rendered":"<p>V\u00edtima, de 37 anos, foi atingida no t\u00f3rax e est\u00e1 internada em estado grave na UTI; Pol\u00edcia Civil investiga uma sequ\u00eancia de falhas de seguran\u00e7a Um homem de 37 anos foi atingido por um disparo acidental dentro de um clube de tiro no distrito de Novo Sobradinho, em Toledo, no Oeste do Paran\u00e1. O caso [&hellip;]<\/p>\n","protected":false},"author":16,"featured_media":7402,"comment_status":"open","ping_status":"open","sticky":false,"template":"","format":"standard","meta":{"footnotes":""},"categories":[328,4],"tags":[3045,47,3046,3048,3047,1129,77,515,398,2884],"class_list":["post-7401","post","type-post","status-publish","format-standard","has-post-thumbnail","hentry","category-parana","category-policial","tag-clube-de-tiro","tag-destaque","tag-disparo-acidental","tag-homem-baleado","tag-novo-sobradinho","tag-oeste-do-parana","tag-parana","tag-policia-civil","tag-seguranca","tag-toledo"],"yoast_head":"<!-- This site is optimized with the Yoast SEO plugin v28.1 - https:\/\/yoast.com\/product\/yoast-seo-wordpress\/ -->\n<title>Homem \u00e9 baleado acidentalmente dentro de clube de tiro no Paran\u00e1 - Mz Not\u00edcias<\/title>\n<meta name=\"description\" content=\"Homem de 37 anos \u00e9 atingido por disparo acidental em clube de tiro em Toledo, no Paran\u00e1. V\u00edtima est\u00e1 internada em estado grave na UTI.\" \/>\n<meta name=\"robots\" content=\"index, follow, max-snippet:-1, max-image-preview:large, max-video-preview:-1\" \/>\n<link rel=\"canonical\" href=\"https:\/\/mznoticia.com.br\/jaguariaiva\/homem-e-baleado-acidentalmente-dentro-de-clube-de-tiro-no-parana\/\" \/>\n<meta property=\"og:locale\" content=\"pt_BR\" \/>\n<meta property=\"og:type\" content=\"article\" \/>\n<meta property=\"og:title\" content=\"Homem \u00e9 baleado acidentalmente dentro de clube de tiro no Paran\u00e1 - Mz Not\u00edcias\" \/>\n<meta property=\"og:description\" content=\"Homem de 37 anos \u00e9 atingido por disparo acidental em clube de tiro em Toledo, no Paran\u00e1. V\u00edtima est\u00e1 internada em estado grave na UTI.\" \/>\n<meta property=\"og:url\" content=\"https:\/\/mznoticia.com.br\/jaguariaiva\/homem-e-baleado-acidentalmente-dentro-de-clube-de-tiro-no-parana\/\" \/>\n<meta property=\"og:site_name\" content=\"Mz Not\u00edcias\" \/>\n<meta property=\"article:publisher\" content=\"https:\/\/www.facebook.com\/profile.php?id=61573479951222\" \/>\n<meta property=\"article:published_time\" content=\"2026-08-31T16:02:26+00:00\" \/>\n<meta name=\"author\" content=\"Redacao mz\" \/>\n<meta name=\"twitter:card\" content=\"summary_large_image\" \/>\n<meta name=\"twitter:label1\" content=\"Escrito por\" \/>\n\t<meta name=\"twitter:data1\" content=\"Redacao mz\" \/>\n\t<meta name=\"twitter:label2\" content=\"Est. tempo de leitura\" \/>\n\t<meta name=\"twitter:data2\" content=\"3 minutos\" \/>\n<script type=\"application\/ld+json\" class=\"yoast-schema-graph\">{\"@context\":\"https:\\\/\\\/schema.org\",\"@graph\":[{\"@type\":\"Article\",\"@id\":\"https:\\\/\\\/mznoticia.com.br\\\/jaguariaiva\\\/homem-e-baleado-acidentalmente-dentro-de-clube-de-tiro-no-parana\\\/#article\",\"isPartOf\":{\"@id\":\"https:\\\/\\\/mznoticia.com.br\\\/jaguariaiva\\\/homem-e-baleado-acidentalmente-dentro-de-clube-de-tiro-no-parana\\\/\"},\"author\":{\"name\":\"Redacao mz\",\"@id\":\"https:\\\/\\\/mznoticia.com.br\\\/jaguariaiva\\\/#\\\/schema\\\/person\\\/84012d827247b3f42f37b550da79cd03\"},\"headline\":\"Homem \u00e9 baleado acidentalmente dentro de clube de tiro no Paran\u00e1\",\"datePublished\":\"2026-08-31T16:02:26+00:00\",\"mainEntityOfPage\":{\"@id\":\"https:\\\/\\\/mznoticia.com.br\\\/jaguariaiva\\\/homem-e-baleado-acidentalmente-dentro-de-clube-de-tiro-no-parana\\\/\"},\"wordCount\":477,\"commentCount\":0,\"publisher\":{\"@id\":\"https:\\\/\\\/mznoticia.com.br\\\/jaguariaiva\\\/#organization\"},\"image\":{\"@id\":\"https:\\\/\\\/mznoticia.com.br\\\/jaguariaiva\\\/homem-e-baleado-acidentalmente-dentro-de-clube-de-tiro-no-parana\\\/#primaryimage\"},\"thumbnailUrl\":\"https:\\\/\\\/mznoticia.com.br\\\/jaguariaiva\\\/wp-content\\\/uploads\\\/2026\\\/08\\\/02-3.avif\",\"keywords\":[\"Clube de Tiro\",\"destaque\",\"Disparo Acidental\",\"Homem Baleado\",\"Novo Sobradinho\",\"Oeste do Paran\u00e1\",\"parana\",\"Pol\u00edcia Civil\",\"Seguran\u00e7a\",\"Toledo\"],\"articleSection\":[\"Paran\u00e1\",\"Policial\"],\"inLanguage\":\"pt-BR\",\"potentialAction\":[{\"@type\":\"CommentAction\",\"name\":\"Comment\",\"target\":[\"https:\\\/\\\/mznoticia.com.br\\\/jaguariaiva\\\/homem-e-baleado-acidentalmente-dentro-de-clube-de-tiro-no-parana\\\/#respond\"]}]},{\"@type\":\"WebPage\",\"@id\":\"https:\\\/\\\/mznoticia.com.br\\\/jaguariaiva\\\/homem-e-baleado-acidentalmente-dentro-de-clube-de-tiro-no-parana\\\/\",\"url\":\"https:\\\/\\\/mznoticia.com.br\\\/jaguariaiva\\\/homem-e-baleado-acidentalmente-dentro-de-clube-de-tiro-no-parana\\\/\",\"name\":\"Homem \u00e9 baleado acidentalmente dentro de clube de tiro no Paran\u00e1 - Mz Not\u00edcias\",\"isPartOf\":{\"@id\":\"https:\\\/\\\/mznoticia.com.br\\\/jaguariaiva\\\/#website\"},\"primaryImageOfPage\":{\"@id\":\"https:\\\/\\\/mznoticia.com.br\\\/jaguariaiva\\\/homem-e-baleado-acidentalmente-dentro-de-clube-de-tiro-no-parana\\\/#primaryimage\"},\"image\":{\"@id\":\"https:\\\/\\\/mznoticia.com.br\\\/jaguariaiva\\\/homem-e-baleado-acidentalmente-dentro-de-clube-de-tiro-no-parana\\\/#primaryimage\"},\"thumbnailUrl\":\"https:\\\/\\\/mznoticia.com.br\\\/jaguariaiva\\\/wp-content\\\/uploads\\\/2026\\\/08\\\/02-3.avif\",\"datePublished\":\"2026-08-31T16:02:26+00:00\",\"description\":\"Homem de 37 anos \u00e9 atingido por disparo acidental em clube de tiro em Toledo, no Paran\u00e1. V\u00edtima est\u00e1 internada em estado grave na UTI.\",\"breadcrumb\":{\"@id\":\"https:\\\/\\\/mznoticia.com.br\\\/jaguariaiva\\\/homem-e-baleado-acidentalmente-dentro-de-clube-de-tiro-no-parana\\\/#breadcrumb\"},\"inLanguage\":\"pt-BR\",\"potentialAction\":[{\"@type\":\"ReadAction\",\"target\":[\"https:\\\/\\\/mznoticia.com.br\\\/jaguariaiva\\\/homem-e-baleado-acidentalmente-dentro-de-clube-de-tiro-no-parana\\\/\"]}]},{\"@type\":\"ImageObject\",\"inLanguage\":\"pt-BR\",\"@id\":\"https:\\\/\\\/mznoticia.com.br\\\/jaguariaiva\\\/homem-e-baleado-acidentalmente-dentro-de-clube-de-tiro-no-parana\\\/#primaryimage\",\"url\":\"https:\\\/\\\/mznoticia.com.br\\\/jaguariaiva\\\/wp-content\\\/uploads\\\/2026\\\/08\\\/02-3.avif\",\"contentUrl\":\"https:\\\/\\\/mznoticia.com.br\\\/jaguariaiva\\\/wp-content\\\/uploads\\\/2026\\\/08\\\/02-3.avif\",\"width\":984,\"height\":553},{\"@type\":\"BreadcrumbList\",\"@id\":\"https:\\\/\\\/mznoticia.com.br\\\/jaguariaiva\\\/homem-e-baleado-acidentalmente-dentro-de-clube-de-tiro-no-parana\\\/#breadcrumb\",\"itemListElement\":[{\"@type\":\"ListItem\",\"position\":1,\"name\":\"Home\",\"item\":\"https:\\\/\\\/mznoticia.com.br\\\/jaguariaiva\\\/\"},{\"@type\":\"ListItem\",\"position\":2,\"name\":\"Homem \u00e9 baleado acidentalmente dentro de clube de tiro no Paran\u00e1\"}]},{\"@type\":\"WebSite\",\"@id\":\"https:\\\/\\\/mznoticia.com.br\\\/jaguariaiva\\\/#website\",\"url\":\"https:\\\/\\\/mznoticia.com.br\\\/jaguariaiva\\\/\",\"name\":\"Mz Not\u00edcia\",\"description\":\"A informa\u00e7\u00e3o que voc\u00ea precisa na hora certa!\",\"publisher\":{\"@id\":\"https:\\\/\\\/mznoticia.com.br\\\/jaguariaiva\\\/#organization\"},\"potentialAction\":[{\"@type\":\"SearchAction\",\"target\":{\"@type\":\"EntryPoint\",\"urlTemplate\":\"https:\\\/\\\/mznoticia.com.br\\\/jaguariaiva\\\/?s={search_term_string}\"},\"query-input\":{\"@type\":\"PropertyValueSpecification\",\"valueRequired\":true,\"valueName\":\"search_term_string\"}}],\"inLanguage\":\"pt-BR\"},{\"@type\":\"Organization\",\"@id\":\"https:\\\/\\\/mznoticia.com.br\\\/jaguariaiva\\\/#organization\",\"name\":\"Mz Not\u00edcia\",\"url\":\"https:\\\/\\\/mznoticia.com.br\\\/jaguariaiva\\\/\",\"logo\":{\"@type\":\"ImageObject\",\"inLanguage\":\"pt-BR\",\"@id\":\"https:\\\/\\\/mznoticia.com.br\\\/jaguariaiva\\\/#\\\/schema\\\/logo\\\/image\\\/\",\"url\":\"https:\\\/\\\/mznoticia.com.br\\\/jaguariaiva\\\/wp-content\\\/uploads\\\/2025\\\/03\\\/Design-sem-nome-4-e1741200616392.png\",\"contentUrl\":\"https:\\\/\\\/mznoticia.com.br\\\/jaguariaiva\\\/wp-content\\\/uploads\\\/2025\\\/03\\\/Design-sem-nome-4-e1741200616392.png\",\"width\":750,\"height\":563,\"caption\":\"Mz Not\u00edcia\"},\"image\":{\"@id\":\"https:\\\/\\\/mznoticia.com.br\\\/jaguariaiva\\\/#\\\/schema\\\/logo\\\/image\\\/\"},\"sameAs\":[\"https:\\\/\\\/www.facebook.com\\\/profile.php?id=61573479951222\",\"https:\\\/\\\/www.instagram.com\\\/mz.jaguariaiva\\\/\"]},{\"@type\":\"Person\",\"@id\":\"https:\\\/\\\/mznoticia.com.br\\\/jaguariaiva\\\/#\\\/schema\\\/person\\\/84012d827247b3f42f37b550da79cd03\",\"name\":\"Redacao mz\",\"image\":{\"@type\":\"ImageObject\",\"inLanguage\":\"pt-BR\",\"@id\":\"https:\\\/\\\/mznoticia.com.br\\\/jaguariaiva\\\/wp-content\\\/uploads\\\/2025\\\/02\\\/mznoticia_jaguariaiva_coluna-150x150.png\",\"url\":\"https:\\\/\\\/mznoticia.com.br\\\/jaguariaiva\\\/wp-content\\\/uploads\\\/2025\\\/02\\\/mznoticia_jaguariaiva_coluna-150x150.png\",\"contentUrl\":\"https:\\\/\\\/mznoticia.com.br\\\/jaguariaiva\\\/wp-content\\\/uploads\\\/2025\\\/02\\\/mznoticia_jaguariaiva_coluna-150x150.png\",\"caption\":\"Redacao mz\"},\"sameAs\":[\"http:\\\/\\\/mznoticia.com.br\"],\"url\":\"https:\\\/\\\/mznoticia.com.br\\\/jaguariaiva\\\/author\\\/lucimara\\\/\"}]}<\/script>\n<!-- \/ Yoast SEO plugin. -->","yoast_head_json":{"title":"Homem \u00e9 baleado acidentalmente dentro de clube de tiro no Paran\u00e1 - Mz Not\u00edcias","description":"Homem de 37 anos \u00e9 atingido por disparo acidental em clube de tiro em Toledo, no Paran\u00e1. V\u00edtima est\u00e1 internada em estado grave na UTI.","robots":{"index":"index","follow":"follow","max-snippet":"max-snippet:-1","max-image-preview":"max-image-preview:large","max-video-preview":"max-video-preview:-1"},"canonical":"https:\/\/mznoticia.com.br\/jaguariaiva\/homem-e-baleado-acidentalmente-dentro-de-clube-de-tiro-no-parana\/","og_locale":"pt_BR","og_type":"article","og_title":"Homem \u00e9 baleado acidentalmente dentro de clube de tiro no Paran\u00e1 - Mz Not\u00edcias","og_description":"Homem de 37 anos \u00e9 atingido por disparo acidental em clube de tiro em Toledo, no Paran\u00e1. V\u00edtima est\u00e1 internada em estado grave na UTI.","og_url":"https:\/\/mznoticia.com.br\/jaguariaiva\/homem-e-baleado-acidentalmente-dentro-de-clube-de-tiro-no-parana\/","og_site_name":"Mz Not\u00edcias","article_publisher":"https:\/\/www.facebook.com\/profile.php?id=61573479951222","article_published_time":"2026-08-31T16:02:26+00:00","author":"Redacao mz","twitter_card":"summary_large_image","twitter_misc":{"Escrito por":"Redacao mz","Est. tempo de leitura":"3 minutos"},"schema":{"@context":"https:\/\/schema.org","@graph":[{"@type":"Article","@id":"https:\/\/mznoticia.com.br\/jaguariaiva\/homem-e-baleado-acidentalmente-dentro-de-clube-de-tiro-no-parana\/#article","isPartOf":{"@id":"https:\/\/mznoticia.com.br\/jaguariaiva\/homem-e-baleado-acidentalmente-dentro-de-clube-de-tiro-no-parana\/"},"author":{"name":"Redacao mz","@id":"https:\/\/mznoticia.com.br\/jaguariaiva\/#\/schema\/person\/84012d827247b3f42f37b550da79cd03"},"headline":"Homem \u00e9 baleado acidentalmente dentro de clube de tiro no Paran\u00e1","datePublished":"2026-08-31T16:02:26+00:00","mainEntityOfPage":{"@id":"https:\/\/mznoticia.com.br\/jaguariaiva\/homem-e-baleado-acidentalmente-dentro-de-clube-de-tiro-no-parana\/"},"wordCount":477,"commentCount":0,"publisher":{"@id":"https:\/\/mznoticia.com.br\/jaguariaiva\/#organization"},"image":{"@id":"https:\/\/mznoticia.com.br\/jaguariaiva\/homem-e-baleado-acidentalmente-dentro-de-clube-de-tiro-no-parana\/#primaryimage"},"thumbnailUrl":"https:\/\/mznoticia.com.br\/jaguariaiva\/wp-content\/uploads\/2026\/08\/02-3.avif","keywords":["Clube de Tiro","destaque","Disparo Acidental","Homem Baleado","Novo Sobradinho","Oeste do Paran\u00e1","parana","Pol\u00edcia Civil","Seguran\u00e7a","Toledo"],"articleSection":["Paran\u00e1","Policial"],"inLanguage":"pt-BR","potentialAction":[{"@type":"CommentAction","name":"Comment","target":["https:\/\/mznoticia.com.br\/jaguariaiva\/homem-e-baleado-acidentalmente-dentro-de-clube-de-tiro-no-parana\/#respond"]}]},{"@type":"WebPage","@id":"https:\/\/mznoticia.com.br\/jaguariaiva\/homem-e-baleado-acidentalmente-dentro-de-clube-de-tiro-no-parana\/","url":"https:\/\/mznoticia.com.br\/jaguariaiva\/homem-e-baleado-acidentalmente-dentro-de-clube-de-tiro-no-parana\/","name":"Homem \u00e9 baleado acidentalmente dentro de clube de tiro no Paran\u00e1 - Mz Not\u00edcias","isPartOf":{"@id":"https:\/\/mznoticia.com.br\/jaguariaiva\/#website"},"primaryImageOfPage":{"@id":"https:\/\/mznoticia.com.br\/jaguariaiva\/homem-e-baleado-acidentalmente-dentro-de-clube-de-tiro-no-parana\/#primaryimage"},"image":{"@id":"https:\/\/mznoticia.com.br\/jaguariaiva\/homem-e-baleado-acidentalmente-dentro-de-clube-de-tiro-no-parana\/#primaryimage"},"thumbnailUrl":"https:\/\/mznoticia.com.br\/jaguariaiva\/wp-content\/uploads\/2026\/08\/02-3.avif","datePublished":"2026-08-31T16:02:26+00:00","description":"Homem de 37 anos \u00e9 atingido por disparo acidental em clube de tiro em Toledo, no Paran\u00e1. V\u00edtima est\u00e1 internada em estado grave na UTI.","breadcrumb":{"@id":"https:\/\/mznoticia.com.br\/jaguariaiva\/homem-e-baleado-acidentalmente-dentro-de-clube-de-tiro-no-parana\/#breadcrumb"},"inLanguage":"pt-BR","potentialAction":[{"@type":"ReadAction","target":["https:\/\/mznoticia.com.br\/jaguariaiva\/homem-e-baleado-acidentalmente-dentro-de-clube-de-tiro-no-parana\/"]}]},{"@type":"ImageObject","inLanguage":"pt-BR","@id":"https:\/\/mznoticia.com.br\/jaguariaiva\/homem-e-baleado-acidentalmente-dentro-de-clube-de-tiro-no-parana\/#primaryimage","url":"https:\/\/mznoticia.com.br\/jaguariaiva\/wp-content\/uploads\/2026\/08\/02-3.avif","contentUrl":"https:\/\/mznoticia.com.br\/jaguariaiva\/wp-content\/uploads\/2026\/08\/02-3.avif","width":984,"height":553},{"@type":"BreadcrumbList","@id":"https:\/\/mznoticia.com.br\/jaguariaiva\/homem-e-baleado-acidentalmente-dentro-de-clube-de-tiro-no-parana\/#breadcrumb","itemListElement":[{"@type":"ListItem","position":1,"name":"Home","item":"https:\/\/mznoticia.com.br\/jaguariaiva\/"},{"@type":"ListItem","position":2,"name":"Homem \u00e9 baleado acidentalmente dentro de clube de tiro no Paran\u00e1"}]},{"@type":"WebSite","@id":"https:\/\/mznoticia.com.br\/jaguariaiva\/#website","url":"https:\/\/mznoticia.com.br\/jaguariaiva\/","name":"Mz Not\u00edcia","description":"A informa\u00e7\u00e3o que voc\u00ea precisa na hora certa!","publisher":{"@id":"https:\/\/mznoticia.com.br\/jaguariaiva\/#organization"},"potentialAction":[{"@type":"SearchAction","target":{"@type":"EntryPoint","urlTemplate":"https:\/\/mznoticia.com.br\/jaguariaiva\/?s={search_term_string}"},"query-input":{"@type":"PropertyValueSpecification","valueRequired":true,"valueName":"search_term_string"}}],"inLanguage":"pt-BR"},{"@type":"Organization","@id":"https:\/\/mznoticia.com.br\/jaguariaiva\/#organization","name":"Mz Not\u00edcia","url":"https:\/\/mznoticia.com.br\/jaguariaiva\/","logo":{"@type":"ImageObject","inLanguage":"pt-BR","@id":"https:\/\/mznoticia.com.br\/jaguariaiva\/#\/schema\/logo\/image\/","url":"https:\/\/mznoticia.com.br\/jaguariaiva\/wp-content\/uploads\/2025\/03\/Design-sem-nome-4-e1741200616392.png","contentUrl":"https:\/\/mznoticia.com.br\/jaguariaiva\/wp-content\/uploads\/2025\/03\/Design-sem-nome-4-e1741200616392.png","width":750,"height":563,"caption":"Mz Not\u00edcia"},"image":{"@id":"https:\/\/mznoticia.com.br\/jaguariaiva\/#\/schema\/logo\/image\/"},"sameAs":["https:\/\/www.facebook.com\/profile.php?id=61573479951222","https:\/\/www.instagram.com\/mz.jaguariaiva\/"]},{"@type":"Person","@id":"https:\/\/mznoticia.com.br\/jaguariaiva\/#\/schema\/person\/84012d827247b3f42f37b550da79cd03","name":"Redacao mz","image":{"@type":"ImageObject","inLanguage":"pt-BR","@id":"https:\/\/mznoticia.com.br\/jaguariaiva\/wp-content\/uploads\/2025\/02\/mznoticia_jaguariaiva_coluna-150x150.png","url":"https:\/\/mznoticia.com.br\/jaguariaiva\/wp-content\/uploads\/2025\/02\/mznoticia_jaguariaiva_coluna-150x150.png","contentUrl":"https:\/\/mznoticia.com.br\/jaguariaiva\/wp-content\/uploads\/2025\/02\/mznoticia_jaguariaiva_coluna-150x150.png","caption":"Redacao mz"},"sameAs":["http:\/\/mznoticia.com.br"],"url":"https:\/\/mznoticia.com.br\/jaguariaiva\/author\/lucimara\/"}]}},"_links":{"self":[{"href":"https:\/\/mznoticia.com.br\/jaguariaiva\/wp-json\/wp\/v2\/posts\/7401","targetHints":{"allow":["GET"]}}],"collection":[{"href":"https:\/\/mznoticia.com.br\/jaguariaiva\/wp-json\/wp\/v2\/posts"}],"about":[{"href":"https:\/\/mznoticia.com.br\/jaguariaiva\/wp-json\/wp\/v2\/types\/post"}],"author":[{"embeddable":true,"href":"https:\/\/mznoticia.com.br\/jaguariaiva\/wp-json\/wp\/v2\/users\/16"}],"replies":[{"embeddable":true,"href":"https:\/\/mznoticia.com.br\/jaguariaiva\/wp-json\/wp\/v2\/comments?post=7401"}],"version-history":[{"count":1,"href":"https:\/\/mznoticia.com.br\/jaguariaiva\/wp-json\/wp\/v2\/posts\/7401\/revisions"}],"predecessor-version":[{"id":7403,"href":"https:\/\/mznoticia.com.br\/jaguariaiva\/wp-json\/wp\/v2\/posts\/7401\/revisions\/7403"}],"wp:featuredmedia":[{"embeddable":true,"href":"https:\/\/mznoticia.com.br\/jaguariaiva\/wp-json\/wp\/v2\/media\/7402"}],"wp:attachment":[{"href":"https:\/\/mznoticia.com.br\/jaguariaiva\/wp-json\/wp\/v2\/media?parent=7401"}],"wp:term":[{"taxonomy":"category","embeddable":true,"href":"https:\/\/mznoticia.com.br\/jaguariaiva\/wp-json\/wp\/v2\/categories?post=7401"},{"taxonomy":"post_tag","embeddable":true,"href":"https:\/\/mznoticia.com.br\/jaguariaiva\/wp-json\/wp\/v2\/tags?post=7401"}],"curies":[{"name":"wp","href":"https:\/\/api.w.org\/{rel}","templated":true}]}}