{"id":7414,"date":"2026-08-31T17:27:55","date_gmt":"2026-08-31T17:27:55","guid":{"rendered":"https:\/\/mznoticia.com.br\/jaguariaiva\/?p=7414"},"modified":"2026-08-31T17:27:55","modified_gmt":"2026-08-31T17:27:55","slug":"forte-temporal-com-granizo-atinge-guaragi-em-ponta-grossa","status":"publish","type":"post","link":"https:\/\/mznoticia.com.br\/jaguariaiva\/forte-temporal-com-granizo-atinge-guaragi-em-ponta-grossa\/","title":{"rendered":"Forte temporal com granizo atinge Guaragi, em Ponta Grossa"},"content":{"rendered":"<h2>Queda intensa de pedras de gelo foi registrada nesta segunda-feira (31), durante alerta para tempestades na regi\u00e3o<\/h2>\n<p class=\"isSelectedEnd\">Um forte temporal acompanhado de granizo atingiu o distrito de <strong>Guaragi<\/strong>, em Ponta Grossa, na tarde desta segunda-feira (31). A chuva veio acompanhada de uma grande quantidade de pedras de gelo e ocorreu enquanto a regi\u00e3o estava sob alerta para condi\u00e7\u00f5es de tempo severo.<\/p>\n<p class=\"isSelectedEnd\">Imagens registradas por moradores mostram a intensidade da queda de granizo durante a passagem da instabilidade pelo distrito.<\/p>\n<p class=\"isSelectedEnd\">At\u00e9 o momento, n\u00e3o havia confirma\u00e7\u00e3o de pessoas feridas ou de danos provocados pelo temporal em Guaragi.<\/p>\n<h2>Defesa Civil mant\u00e9m alerta para tempestades<\/h2>\n<p class=\"isSelectedEnd\">A ocorr\u00eancia foi registrada durante a vig\u00eancia de um alerta da <strong>Defesa Civil do Paran\u00e1<\/strong> para a possibilidade de chuvas intensas em diferentes regi\u00f5es do Estado.<\/p>\n<p class=\"isSelectedEnd\">Para Ponta Grossa e munic\u00edpios pr\u00f3ximos, o aviso indicava possibilidade de tempestades, com chuva forte em curto per\u00edodo, rajadas de vento e ocorr\u00eancia pontual de granizo.<\/p>\n<p class=\"isSelectedEnd\">O alerta tamb\u00e9m abrangia \u00e1reas de munic\u00edpios como Balsa Nova, Cand\u00f3i, Pinh\u00e3o, Amp\u00e9re e Francisco Beltr\u00e3o, al\u00e9m de localidades vizinhas.<\/p>\n<p class=\"isSelectedEnd\">O aviso para esta segunda-feira (31) tinha validade at\u00e9 as <strong>15h40<\/strong>.<\/p>\n<h2>Orienta\u00e7\u00e3o \u00e9 buscar locais seguros durante temporais<\/h2>\n<p class=\"isSelectedEnd\">A recomenda\u00e7\u00e3o \u00e9 que moradores evitem \u00e1reas de risco e procurem locais protegidos durante a ocorr\u00eancia de tempestades.<\/p>\n<p class=\"isSelectedEnd\">A instabilidade pode provocar novos epis\u00f3dios de chuva forte, ventos intensos e granizo em diferentes pontos do Paran\u00e1.<\/p>\n<p class=\"isSelectedEnd\">Durante temporais, \u00e9 importante evitar permanecer pr\u00f3ximo a \u00e1rvores, placas, postes e outras estruturas que possam cair ou ser danificadas pelas rajadas de vento.<\/p>\n<p class=\"isSelectedEnd\">Tamb\u00e9m \u00e9 recomendado n\u00e3o atravessar ruas ou trechos alagados, devido ao risco provocado pela for\u00e7a da \u00e1gua e pela possibilidade de haver obst\u00e1culos ou outros perigos encobertos.<\/p>\n<h2>Telefones para situa\u00e7\u00f5es de emerg\u00eancia<\/h2>\n<p class=\"isSelectedEnd\">Em caso de emerg\u00eancia, a popula\u00e7\u00e3o pode acionar a <strong>Defesa Civil pelo telefone 199<\/strong> ou o <strong>Corpo de Bombeiros pelo 193<\/strong>.<\/p>\n<p>As condi\u00e7\u00f5es do tempo seguem sendo acompanhadas e novos registros de temporais na regi\u00e3o de Ponta Grossa podem ser atualizados conforme as ocorr\u00eancias forem confirmadas.<\/p>\n","protected":false},"excerpt":{"rendered":"<p>Queda intensa de pedras de gelo foi registrada nesta segunda-feira (31), durante alerta para tempestades na regi\u00e3o Um forte temporal acompanhado de granizo atingiu o distrito de Guaragi, em Ponta Grossa, na tarde desta segunda-feira (31). A chuva veio acompanhada de uma grande quantidade de pedras de gelo e ocorreu enquanto a regi\u00e3o estava sob [&hellip;]<\/p>\n","protected":false},"author":16,"featured_media":7415,"comment_status":"open","ping_status":"open","sticky":false,"template":"","format":"standard","meta":{"footnotes":""},"categories":[8],"tags":[1185,1182,314,1218,431,580,3058,77,24,1076],"class_list":["post-7414","post","type-post","status-publish","format-standard","has-post-thumbnail","hentry","category-campos-gerais","tag-granizo","tag-tempestade","tag-campos-gerais","tag-chuva-forte","tag-clima","tag-defesa-civil","tag-guaragi","tag-parana","tag-ponta-grossa","tag-temporal"],"yoast_head":"<!-- This site is optimized with the Yoast SEO plugin v28.1 - https:\/\/yoast.com\/product\/yoast-seo-wordpress\/ -->\n<title>Forte temporal com granizo atinge Guaragi, em Ponta Grossa - Mz Not\u00edcias<\/title>\n<meta name=\"description\" content=\"Forte temporal acompanhado de granizo atingiu Guaragi, em Ponta Grossa, nesta segunda-feira (31), durante alerta para tempestades no Paran\u00e1.\" \/>\n<meta name=\"robots\" content=\"index, follow, max-snippet:-1, max-image-preview:large, max-video-preview:-1\" \/>\n<link rel=\"canonical\" href=\"https:\/\/mznoticia.com.br\/jaguariaiva\/forte-temporal-com-granizo-atinge-guaragi-em-ponta-grossa\/\" \/>\n<meta property=\"og:locale\" content=\"pt_BR\" \/>\n<meta property=\"og:type\" content=\"article\" \/>\n<meta property=\"og:title\" content=\"Forte temporal com granizo atinge Guaragi, em Ponta Grossa - Mz Not\u00edcias\" \/>\n<meta property=\"og:description\" content=\"Forte temporal acompanhado de granizo atingiu Guaragi, em Ponta Grossa, nesta segunda-feira (31), durante alerta para tempestades no Paran\u00e1.\" \/>\n<meta property=\"og:url\" content=\"https:\/\/mznoticia.com.br\/jaguariaiva\/forte-temporal-com-granizo-atinge-guaragi-em-ponta-grossa\/\" \/>\n<meta property=\"og:site_name\" content=\"Mz Not\u00edcias\" \/>\n<meta property=\"article:publisher\" content=\"https:\/\/www.facebook.com\/profile.php?id=61573479951222\" \/>\n<meta property=\"article:published_time\" content=\"2026-08-31T17:27:55+00:00\" \/>\n<meta name=\"author\" content=\"Redacao mz\" \/>\n<meta name=\"twitter:card\" content=\"summary_large_image\" \/>\n<meta name=\"twitter:label1\" content=\"Escrito por\" \/>\n\t<meta name=\"twitter:data1\" content=\"Redacao mz\" \/>\n\t<meta name=\"twitter:label2\" content=\"Est. tempo de leitura\" \/>\n\t<meta name=\"twitter:data2\" content=\"3 minutos\" \/>\n<script type=\"application\/ld+json\" class=\"yoast-schema-graph\">{\"@context\":\"https:\\\/\\\/schema.org\",\"@graph\":[{\"@type\":\"Article\",\"@id\":\"https:\\\/\\\/mznoticia.com.br\\\/jaguariaiva\\\/forte-temporal-com-granizo-atinge-guaragi-em-ponta-grossa\\\/#article\",\"isPartOf\":{\"@id\":\"https:\\\/\\\/mznoticia.com.br\\\/jaguariaiva\\\/forte-temporal-com-granizo-atinge-guaragi-em-ponta-grossa\\\/\"},\"author\":{\"name\":\"Redacao mz\",\"@id\":\"https:\\\/\\\/mznoticia.com.br\\\/jaguariaiva\\\/#\\\/schema\\\/person\\\/84012d827247b3f42f37b550da79cd03\"},\"headline\":\"Forte temporal com granizo atinge Guaragi, em Ponta Grossa\",\"datePublished\":\"2026-08-31T17:27:55+00:00\",\"mainEntityOfPage\":{\"@id\":\"https:\\\/\\\/mznoticia.com.br\\\/jaguariaiva\\\/forte-temporal-com-granizo-atinge-guaragi-em-ponta-grossa\\\/\"},\"wordCount\":366,\"commentCount\":0,\"publisher\":{\"@id\":\"https:\\\/\\\/mznoticia.com.br\\\/jaguariaiva\\\/#organization\"},\"image\":{\"@id\":\"https:\\\/\\\/mznoticia.com.br\\\/jaguariaiva\\\/forte-temporal-com-granizo-atinge-guaragi-em-ponta-grossa\\\/#primaryimage\"},\"thumbnailUrl\":\"https:\\\/\\\/mznoticia.com.br\\\/jaguariaiva\\\/wp-content\\\/uploads\\\/2026\\\/08\\\/01-7.avif\",\"keywords\":[\"#Granizo\",\"#Tempestade\",\"Campos Gerais\",\"chuva forte\",\"Clima\",\"defesa civil\",\"Guaragi\",\"parana\",\"Ponta Grossa\",\"Temporal\"],\"articleSection\":[\"Campos Gerais\"],\"inLanguage\":\"pt-BR\",\"potentialAction\":[{\"@type\":\"CommentAction\",\"name\":\"Comment\",\"target\":[\"https:\\\/\\\/mznoticia.com.br\\\/jaguariaiva\\\/forte-temporal-com-granizo-atinge-guaragi-em-ponta-grossa\\\/#respond\"]}]},{\"@type\":\"WebPage\",\"@id\":\"https:\\\/\\\/mznoticia.com.br\\\/jaguariaiva\\\/forte-temporal-com-granizo-atinge-guaragi-em-ponta-grossa\\\/\",\"url\":\"https:\\\/\\\/mznoticia.com.br\\\/jaguariaiva\\\/forte-temporal-com-granizo-atinge-guaragi-em-ponta-grossa\\\/\",\"name\":\"Forte temporal com granizo atinge Guaragi, em Ponta Grossa - Mz Not\u00edcias\",\"isPartOf\":{\"@id\":\"https:\\\/\\\/mznoticia.com.br\\\/jaguariaiva\\\/#website\"},\"primaryImageOfPage\":{\"@id\":\"https:\\\/\\\/mznoticia.com.br\\\/jaguariaiva\\\/forte-temporal-com-granizo-atinge-guaragi-em-ponta-grossa\\\/#primaryimage\"},\"image\":{\"@id\":\"https:\\\/\\\/mznoticia.com.br\\\/jaguariaiva\\\/forte-temporal-com-granizo-atinge-guaragi-em-ponta-grossa\\\/#primaryimage\"},\"thumbnailUrl\":\"https:\\\/\\\/mznoticia.com.br\\\/jaguariaiva\\\/wp-content\\\/uploads\\\/2026\\\/08\\\/01-7.avif\",\"datePublished\":\"2026-08-31T17:27:55+00:00\",\"description\":\"Forte temporal acompanhado de granizo atingiu Guaragi, em Ponta Grossa, nesta segunda-feira (31), durante alerta para tempestades no Paran\u00e1.\",\"breadcrumb\":{\"@id\":\"https:\\\/\\\/mznoticia.com.br\\\/jaguariaiva\\\/forte-temporal-com-granizo-atinge-guaragi-em-ponta-grossa\\\/#breadcrumb\"},\"inLanguage\":\"pt-BR\",\"potentialAction\":[{\"@type\":\"ReadAction\",\"target\":[\"https:\\\/\\\/mznoticia.com.br\\\/jaguariaiva\\\/forte-temporal-com-granizo-atinge-guaragi-em-ponta-grossa\\\/\"]}]},{\"@type\":\"ImageObject\",\"inLanguage\":\"pt-BR\",\"@id\":\"https:\\\/\\\/mznoticia.com.br\\\/jaguariaiva\\\/forte-temporal-com-granizo-atinge-guaragi-em-ponta-grossa\\\/#primaryimage\",\"url\":\"https:\\\/\\\/mznoticia.com.br\\\/jaguariaiva\\\/wp-content\\\/uploads\\\/2026\\\/08\\\/01-7.avif\",\"contentUrl\":\"https:\\\/\\\/mznoticia.com.br\\\/jaguariaiva\\\/wp-content\\\/uploads\\\/2026\\\/08\\\/01-7.avif\",\"width\":1080,\"height\":608},{\"@type\":\"BreadcrumbList\",\"@id\":\"https:\\\/\\\/mznoticia.com.br\\\/jaguariaiva\\\/forte-temporal-com-granizo-atinge-guaragi-em-ponta-grossa\\\/#breadcrumb\",\"itemListElement\":[{\"@type\":\"ListItem\",\"position\":1,\"name\":\"Home\",\"item\":\"https:\\\/\\\/mznoticia.com.br\\\/jaguariaiva\\\/\"},{\"@type\":\"ListItem\",\"position\":2,\"name\":\"Forte temporal com granizo atinge Guaragi, em Ponta Grossa\"}]},{\"@type\":\"WebSite\",\"@id\":\"https:\\\/\\\/mznoticia.com.br\\\/jaguariaiva\\\/#website\",\"url\":\"https:\\\/\\\/mznoticia.com.br\\\/jaguariaiva\\\/\",\"name\":\"Mz Not\u00edcia\",\"description\":\"A informa\u00e7\u00e3o que voc\u00ea precisa na hora certa!\",\"publisher\":{\"@id\":\"https:\\\/\\\/mznoticia.com.br\\\/jaguariaiva\\\/#organization\"},\"potentialAction\":[{\"@type\":\"SearchAction\",\"target\":{\"@type\":\"EntryPoint\",\"urlTemplate\":\"https:\\\/\\\/mznoticia.com.br\\\/jaguariaiva\\\/?s={search_term_string}\"},\"query-input\":{\"@type\":\"PropertyValueSpecification\",\"valueRequired\":true,\"valueName\":\"search_term_string\"}}],\"inLanguage\":\"pt-BR\"},{\"@type\":\"Organization\",\"@id\":\"https:\\\/\\\/mznoticia.com.br\\\/jaguariaiva\\\/#organization\",\"name\":\"Mz Not\u00edcia\",\"url\":\"https:\\\/\\\/mznoticia.com.br\\\/jaguariaiva\\\/\",\"logo\":{\"@type\":\"ImageObject\",\"inLanguage\":\"pt-BR\",\"@id\":\"https:\\\/\\\/mznoticia.com.br\\\/jaguariaiva\\\/#\\\/schema\\\/logo\\\/image\\\/\",\"url\":\"https:\\\/\\\/mznoticia.com.br\\\/jaguariaiva\\\/wp-content\\\/uploads\\\/2025\\\/03\\\/Design-sem-nome-4-e1741200616392.png\",\"contentUrl\":\"https:\\\/\\\/mznoticia.com.br\\\/jaguariaiva\\\/wp-content\\\/uploads\\\/2025\\\/03\\\/Design-sem-nome-4-e1741200616392.png\",\"width\":750,\"height\":563,\"caption\":\"Mz Not\u00edcia\"},\"image\":{\"@id\":\"https:\\\/\\\/mznoticia.com.br\\\/jaguariaiva\\\/#\\\/schema\\\/logo\\\/image\\\/\"},\"sameAs\":[\"https:\\\/\\\/www.facebook.com\\\/profile.php?id=61573479951222\",\"https:\\\/\\\/www.instagram.com\\\/mz.jaguariaiva\\\/\"]},{\"@type\":\"Person\",\"@id\":\"https:\\\/\\\/mznoticia.com.br\\\/jaguariaiva\\\/#\\\/schema\\\/person\\\/84012d827247b3f42f37b550da79cd03\",\"name\":\"Redacao mz\",\"image\":{\"@type\":\"ImageObject\",\"inLanguage\":\"pt-BR\",\"@id\":\"https:\\\/\\\/mznoticia.com.br\\\/jaguariaiva\\\/wp-content\\\/uploads\\\/2025\\\/02\\\/mznoticia_jaguariaiva_coluna-150x150.png\",\"url\":\"https:\\\/\\\/mznoticia.com.br\\\/jaguariaiva\\\/wp-content\\\/uploads\\\/2025\\\/02\\\/mznoticia_jaguariaiva_coluna-150x150.png\",\"contentUrl\":\"https:\\\/\\\/mznoticia.com.br\\\/jaguariaiva\\\/wp-content\\\/uploads\\\/2025\\\/02\\\/mznoticia_jaguariaiva_coluna-150x150.png\",\"caption\":\"Redacao mz\"},\"sameAs\":[\"http:\\\/\\\/mznoticia.com.br\"],\"url\":\"https:\\\/\\\/mznoticia.com.br\\\/jaguariaiva\\\/author\\\/lucimara\\\/\"}]}<\/script>\n<!-- \/ Yoast SEO plugin. -->","yoast_head_json":{"title":"Forte temporal com granizo atinge Guaragi, em Ponta Grossa - Mz Not\u00edcias","description":"Forte temporal acompanhado de granizo atingiu Guaragi, em Ponta Grossa, nesta segunda-feira (31), durante alerta para tempestades no Paran\u00e1.","robots":{"index":"index","follow":"follow","max-snippet":"max-snippet:-1","max-image-preview":"max-image-preview:large","max-video-preview":"max-video-preview:-1"},"canonical":"https:\/\/mznoticia.com.br\/jaguariaiva\/forte-temporal-com-granizo-atinge-guaragi-em-ponta-grossa\/","og_locale":"pt_BR","og_type":"article","og_title":"Forte temporal com granizo atinge Guaragi, em Ponta Grossa - Mz Not\u00edcias","og_description":"Forte temporal acompanhado de granizo atingiu Guaragi, em Ponta Grossa, nesta segunda-feira (31), durante alerta para tempestades no Paran\u00e1.","og_url":"https:\/\/mznoticia.com.br\/jaguariaiva\/forte-temporal-com-granizo-atinge-guaragi-em-ponta-grossa\/","og_site_name":"Mz Not\u00edcias","article_publisher":"https:\/\/www.facebook.com\/profile.php?id=61573479951222","article_published_time":"2026-08-31T17:27:55+00:00","author":"Redacao mz","twitter_card":"summary_large_image","twitter_misc":{"Escrito por":"Redacao mz","Est. tempo de leitura":"3 minutos"},"schema":{"@context":"https:\/\/schema.org","@graph":[{"@type":"Article","@id":"https:\/\/mznoticia.com.br\/jaguariaiva\/forte-temporal-com-granizo-atinge-guaragi-em-ponta-grossa\/#article","isPartOf":{"@id":"https:\/\/mznoticia.com.br\/jaguariaiva\/forte-temporal-com-granizo-atinge-guaragi-em-ponta-grossa\/"},"author":{"name":"Redacao mz","@id":"https:\/\/mznoticia.com.br\/jaguariaiva\/#\/schema\/person\/84012d827247b3f42f37b550da79cd03"},"headline":"Forte temporal com granizo atinge Guaragi, em Ponta Grossa","datePublished":"2026-08-31T17:27:55+00:00","mainEntityOfPage":{"@id":"https:\/\/mznoticia.com.br\/jaguariaiva\/forte-temporal-com-granizo-atinge-guaragi-em-ponta-grossa\/"},"wordCount":366,"commentCount":0,"publisher":{"@id":"https:\/\/mznoticia.com.br\/jaguariaiva\/#organization"},"image":{"@id":"https:\/\/mznoticia.com.br\/jaguariaiva\/forte-temporal-com-granizo-atinge-guaragi-em-ponta-grossa\/#primaryimage"},"thumbnailUrl":"https:\/\/mznoticia.com.br\/jaguariaiva\/wp-content\/uploads\/2026\/08\/01-7.avif","keywords":["#Granizo","#Tempestade","Campos Gerais","chuva forte","Clima","defesa civil","Guaragi","parana","Ponta Grossa","Temporal"],"articleSection":["Campos Gerais"],"inLanguage":"pt-BR","potentialAction":[{"@type":"CommentAction","name":"Comment","target":["https:\/\/mznoticia.com.br\/jaguariaiva\/forte-temporal-com-granizo-atinge-guaragi-em-ponta-grossa\/#respond"]}]},{"@type":"WebPage","@id":"https:\/\/mznoticia.com.br\/jaguariaiva\/forte-temporal-com-granizo-atinge-guaragi-em-ponta-grossa\/","url":"https:\/\/mznoticia.com.br\/jaguariaiva\/forte-temporal-com-granizo-atinge-guaragi-em-ponta-grossa\/","name":"Forte temporal com granizo atinge Guaragi, em Ponta Grossa - Mz Not\u00edcias","isPartOf":{"@id":"https:\/\/mznoticia.com.br\/jaguariaiva\/#website"},"primaryImageOfPage":{"@id":"https:\/\/mznoticia.com.br\/jaguariaiva\/forte-temporal-com-granizo-atinge-guaragi-em-ponta-grossa\/#primaryimage"},"image":{"@id":"https:\/\/mznoticia.com.br\/jaguariaiva\/forte-temporal-com-granizo-atinge-guaragi-em-ponta-grossa\/#primaryimage"},"thumbnailUrl":"https:\/\/mznoticia.com.br\/jaguariaiva\/wp-content\/uploads\/2026\/08\/01-7.avif","datePublished":"2026-08-31T17:27:55+00:00","description":"Forte temporal acompanhado de granizo atingiu Guaragi, em Ponta Grossa, nesta segunda-feira (31), durante alerta para tempestades no Paran\u00e1.","breadcrumb":{"@id":"https:\/\/mznoticia.com.br\/jaguariaiva\/forte-temporal-com-granizo-atinge-guaragi-em-ponta-grossa\/#breadcrumb"},"inLanguage":"pt-BR","potentialAction":[{"@type":"ReadAction","target":["https:\/\/mznoticia.com.br\/jaguariaiva\/forte-temporal-com-granizo-atinge-guaragi-em-ponta-grossa\/"]}]},{"@type":"ImageObject","inLanguage":"pt-BR","@id":"https:\/\/mznoticia.com.br\/jaguariaiva\/forte-temporal-com-granizo-atinge-guaragi-em-ponta-grossa\/#primaryimage","url":"https:\/\/mznoticia.com.br\/jaguariaiva\/wp-content\/uploads\/2026\/08\/01-7.avif","contentUrl":"https:\/\/mznoticia.com.br\/jaguariaiva\/wp-content\/uploads\/2026\/08\/01-7.avif","width":1080,"height":608},{"@type":"BreadcrumbList","@id":"https:\/\/mznoticia.com.br\/jaguariaiva\/forte-temporal-com-granizo-atinge-guaragi-em-ponta-grossa\/#breadcrumb","itemListElement":[{"@type":"ListItem","position":1,"name":"Home","item":"https:\/\/mznoticia.com.br\/jaguariaiva\/"},{"@type":"ListItem","position":2,"name":"Forte temporal com granizo atinge Guaragi, em Ponta Grossa"}]},{"@type":"WebSite","@id":"https:\/\/mznoticia.com.br\/jaguariaiva\/#website","url":"https:\/\/mznoticia.com.br\/jaguariaiva\/","name":"Mz Not\u00edcia","description":"A informa\u00e7\u00e3o que voc\u00ea precisa na hora certa!","publisher":{"@id":"https:\/\/mznoticia.com.br\/jaguariaiva\/#organization"},"potentialAction":[{"@type":"SearchAction","target":{"@type":"EntryPoint","urlTemplate":"https:\/\/mznoticia.com.br\/jaguariaiva\/?s={search_term_string}"},"query-input":{"@type":"PropertyValueSpecification","valueRequired":true,"valueName":"search_term_string"}}],"inLanguage":"pt-BR"},{"@type":"Organization","@id":"https:\/\/mznoticia.com.br\/jaguariaiva\/#organization","name":"Mz Not\u00edcia","url":"https:\/\/mznoticia.com.br\/jaguariaiva\/","logo":{"@type":"ImageObject","inLanguage":"pt-BR","@id":"https:\/\/mznoticia.com.br\/jaguariaiva\/#\/schema\/logo\/image\/","url":"https:\/\/mznoticia.com.br\/jaguariaiva\/wp-content\/uploads\/2025\/03\/Design-sem-nome-4-e1741200616392.png","contentUrl":"https:\/\/mznoticia.com.br\/jaguariaiva\/wp-content\/uploads\/2025\/03\/Design-sem-nome-4-e1741200616392.png","width":750,"height":563,"caption":"Mz Not\u00edcia"},"image":{"@id":"https:\/\/mznoticia.com.br\/jaguariaiva\/#\/schema\/logo\/image\/"},"sameAs":["https:\/\/www.facebook.com\/profile.php?id=61573479951222","https:\/\/www.instagram.com\/mz.jaguariaiva\/"]},{"@type":"Person","@id":"https:\/\/mznoticia.com.br\/jaguariaiva\/#\/schema\/person\/84012d827247b3f42f37b550da79cd03","name":"Redacao mz","image":{"@type":"ImageObject","inLanguage":"pt-BR","@id":"https:\/\/mznoticia.com.br\/jaguariaiva\/wp-content\/uploads\/2025\/02\/mznoticia_jaguariaiva_coluna-150x150.png","url":"https:\/\/mznoticia.com.br\/jaguariaiva\/wp-content\/uploads\/2025\/02\/mznoticia_jaguariaiva_coluna-150x150.png","contentUrl":"https:\/\/mznoticia.com.br\/jaguariaiva\/wp-content\/uploads\/2025\/02\/mznoticia_jaguariaiva_coluna-150x150.png","caption":"Redacao mz"},"sameAs":["http:\/\/mznoticia.com.br"],"url":"https:\/\/mznoticia.com.br\/jaguariaiva\/author\/lucimara\/"}]}},"_links":{"self":[{"href":"https:\/\/mznoticia.com.br\/jaguariaiva\/wp-json\/wp\/v2\/posts\/7414","targetHints":{"allow":["GET"]}}],"collection":[{"href":"https:\/\/mznoticia.com.br\/jaguariaiva\/wp-json\/wp\/v2\/posts"}],"about":[{"href":"https:\/\/mznoticia.com.br\/jaguariaiva\/wp-json\/wp\/v2\/types\/post"}],"author":[{"embeddable":true,"href":"https:\/\/mznoticia.com.br\/jaguariaiva\/wp-json\/wp\/v2\/users\/16"}],"replies":[{"embeddable":true,"href":"https:\/\/mznoticia.com.br\/jaguariaiva\/wp-json\/wp\/v2\/comments?post=7414"}],"version-history":[{"count":1,"href":"https:\/\/mznoticia.com.br\/jaguariaiva\/wp-json\/wp\/v2\/posts\/7414\/revisions"}],"predecessor-version":[{"id":7416,"href":"https:\/\/mznoticia.com.br\/jaguariaiva\/wp-json\/wp\/v2\/posts\/7414\/revisions\/7416"}],"wp:featuredmedia":[{"embeddable":true,"href":"https:\/\/mznoticia.com.br\/jaguariaiva\/wp-json\/wp\/v2\/media\/7415"}],"wp:attachment":[{"href":"https:\/\/mznoticia.com.br\/jaguariaiva\/wp-json\/wp\/v2\/media?parent=7414"}],"wp:term":[{"taxonomy":"category","embeddable":true,"href":"https:\/\/mznoticia.com.br\/jaguariaiva\/wp-json\/wp\/v2\/categories?post=7414"},{"taxonomy":"post_tag","embeddable":true,"href":"https:\/\/mznoticia.com.br\/jaguariaiva\/wp-json\/wp\/v2\/tags?post=7414"}],"curies":[{"name":"wp","href":"https:\/\/api.w.org\/{rel}","templated":true}]}}