{"id":7417,"date":"2026-08-31T17:45:41","date_gmt":"2026-08-31T17:45:41","guid":{"rendered":"https:\/\/mznoticia.com.br\/jaguariaiva\/?p=7417"},"modified":"2026-08-31T17:45:41","modified_gmt":"2026-08-31T17:45:41","slug":"messi-anuncia-aposentadoria-da-selecao-argentina-nao-tenho-mais-para-dar","status":"publish","type":"post","link":"https:\/\/mznoticia.com.br\/jaguariaiva\/messi-anuncia-aposentadoria-da-selecao-argentina-nao-tenho-mais-para-dar\/","title":{"rendered":"Messi anuncia aposentadoria da Sele\u00e7\u00e3o Argentina: \u201cN\u00e3o tenho mais para dar\u201d"},"content":{"rendered":"<h2>Craque confirma despedida da equipe nacional ap\u00f3s duas d\u00e9cadas e afirma que chegou o momento de abrir espa\u00e7o para uma nova gera\u00e7\u00e3o<\/h2>\n<p class=\"isSelectedEnd\">Lionel Messi anunciou nesta segunda-feira (31) que n\u00e3o defender\u00e1 mais a <strong>Sele\u00e7\u00e3o Argentina<\/strong>. O craque comunicou a decis\u00e3o por meio de uma publica\u00e7\u00e3o nas redes sociais e afirmou que chegou o momento de encerrar sua trajet\u00f3ria com a equipe nacional.<\/p>\n<p class=\"isSelectedEnd\">\u201cFoi uma decis\u00e3o que doeu e d\u00f3i na alma, mas entendo que \u00e9 o momento\u201d, escreveu o jogador.<\/p>\n<p class=\"isSelectedEnd\">Messi afirmou que sempre entregou tudo pela camisa argentina e que deixa a sele\u00e7\u00e3o com orgulho de tudo o que viveu ao lado dos companheiros.<\/p>\n<h2>Uma trajet\u00f3ria de 20 anos com a Argentina<\/h2>\n<p class=\"isSelectedEnd\">A despedida encerra uma trajet\u00f3ria de aproximadamente duas d\u00e9cadas de Messi na equipe principal da Argentina.<\/p>\n<p class=\"isSelectedEnd\">Durante esse per\u00edodo, o camisa 10 conquistou importantes t\u00edtulos com a sele\u00e7\u00e3o, entre eles as <strong>Copas Am\u00e9rica de 2021 e 2024<\/strong>, a <strong>Copa do Mundo de 2022<\/strong> e a <strong>Final\u00edssima de 2022<\/strong>.<\/p>\n<p class=\"isSelectedEnd\">Antes de se consolidar na equipe principal, Messi tamb\u00e9m conquistou t\u00edtulos pelas categorias de base da sele\u00e7\u00e3o argentina.<\/p>\n<h2>Craque destaca chegada de nova gera\u00e7\u00e3o<\/h2>\n<p class=\"isSelectedEnd\">Na mensagem publicada nas redes sociais, Messi afirmou que chegou ao momento de encerrar uma etapa e destacou que novos jogadores est\u00e3o surgindo para defender a Argentina.<\/p>\n<p class=\"isSelectedEnd\">\u201cMe vaciei, j\u00e1 n\u00e3o tenho mais para dar e, al\u00e9m disso, v\u00eam grandes jogadores atr\u00e1s que merecem estar\u201d, afirmou o jogador.<\/p>\n<p class=\"isSelectedEnd\">O craque tamb\u00e9m agradeceu aos torcedores, familiares, treinadores, companheiros de equipe e dirigentes que fizeram parte de sua trajet\u00f3ria com a sele\u00e7\u00e3o.<\/p>\n<p class=\"isSelectedEnd\">Messi disse que sentir\u00e1 falta de ouvir os torcedores dentro de campo, mas afirmou que continuar\u00e1 apoiando a equipe argentina mesmo fora das quatro linhas.<\/p>\n<h2>Decis\u00e3o foi refor\u00e7ada ap\u00f3s momento dif\u00edcil<\/h2>\n<p class=\"isSelectedEnd\">Messi revelou que a mensagem havia sido escrita no dia 21 de julho, dois dias depois da final da competi\u00e7\u00e3o.<\/p>\n<p class=\"isSelectedEnd\">Segundo o jogador, a morte de seu pai contribuiu para que ele tivesse ainda mais certeza sobre a decis\u00e3o de deixar a sele\u00e7\u00e3o.<\/p>\n<p class=\"isSelectedEnd\">\u201cHoje, depois do que aconteceu com meu pai, estou mais convencido do que antes\u201d, afirmou Messi.<\/p>\n<p>Ao finalizar a mensagem, o argentino agradeceu pela trajet\u00f3ria e fez uma declara\u00e7\u00e3o ao pa\u00eds que representa: \u201cObrigado, Deus, por me fazer argentino. Vamos, Argentina!\u201d.<\/p>\n","protected":false},"excerpt":{"rendered":"<p>Craque confirma despedida da equipe nacional ap\u00f3s duas d\u00e9cadas e afirma que chegou o momento de abrir espa\u00e7o para uma nova gera\u00e7\u00e3o Lionel Messi anunciou nesta segunda-feira (31) que n\u00e3o defender\u00e1 mais a Sele\u00e7\u00e3o Argentina. O craque comunicou a decis\u00e3o por meio de uma publica\u00e7\u00e3o nas redes sociais e afirmou que chegou o momento de [&hellip;]<\/p>\n","protected":false},"author":16,"featured_media":7418,"comment_status":"open","ping_status":"open","sticky":false,"template":"","format":"standard","meta":{"footnotes":""},"categories":[9],"tags":[239,3060,521,66,39,2034,423,3059,2540],"class_list":["post-7417","post","type-post","status-publish","format-standard","has-post-thumbnail","hentry","category-esportes","tag-argentina","tag-copa-america","tag-copa-do-mundo","tag-esportes","tag-futebol","tag-futebol-internacional","tag-lionel-messi","tag-messi","tag-selecao-argentina"],"yoast_head":"<!-- This site is optimized with the Yoast SEO plugin v28.1 - https:\/\/yoast.com\/product\/yoast-seo-wordpress\/ -->\n<title>Messi anuncia aposentadoria da Sele\u00e7\u00e3o Argentina: \u201cN\u00e3o tenho mais para dar\u201d - Mz Not\u00edcias<\/title>\n<meta name=\"description\" content=\"Lionel Messi anuncia que n\u00e3o defender\u00e1 mais a Sele\u00e7\u00e3o Argentina ap\u00f3s 20 anos de trajet\u00f3ria e afirma que chegou o momento de abrir espa\u00e7o para novos jogadores.\" \/>\n<meta name=\"robots\" content=\"index, follow, max-snippet:-1, max-image-preview:large, max-video-preview:-1\" \/>\n<link rel=\"canonical\" href=\"https:\/\/mznoticia.com.br\/jaguariaiva\/messi-anuncia-aposentadoria-da-selecao-argentina-nao-tenho-mais-para-dar\/\" \/>\n<meta property=\"og:locale\" content=\"pt_BR\" \/>\n<meta property=\"og:type\" content=\"article\" \/>\n<meta property=\"og:title\" content=\"Messi anuncia aposentadoria da Sele\u00e7\u00e3o Argentina: \u201cN\u00e3o tenho mais para dar\u201d - Mz Not\u00edcias\" \/>\n<meta property=\"og:description\" content=\"Lionel Messi anuncia que n\u00e3o defender\u00e1 mais a Sele\u00e7\u00e3o Argentina ap\u00f3s 20 anos de trajet\u00f3ria e afirma que chegou o momento de abrir espa\u00e7o para novos jogadores.\" \/>\n<meta property=\"og:url\" content=\"https:\/\/mznoticia.com.br\/jaguariaiva\/messi-anuncia-aposentadoria-da-selecao-argentina-nao-tenho-mais-para-dar\/\" \/>\n<meta property=\"og:site_name\" content=\"Mz Not\u00edcias\" \/>\n<meta property=\"article:publisher\" content=\"https:\/\/www.facebook.com\/profile.php?id=61573479951222\" \/>\n<meta property=\"article:published_time\" content=\"2026-08-31T17:45:41+00:00\" \/>\n<meta property=\"og:image\" content=\"https:\/\/mznoticia.com.br\/jaguariaiva\/wp-content\/uploads\/2026\/08\/01-2.webp\" \/>\n\t<meta property=\"og:image:width\" content=\"419\" \/>\n\t<meta property=\"og:image:height\" content=\"235\" \/>\n\t<meta property=\"og:image:type\" content=\"image\/webp\" \/>\n<meta name=\"author\" content=\"Redacao mz\" \/>\n<meta name=\"twitter:card\" content=\"summary_large_image\" \/>\n<meta name=\"twitter:label1\" content=\"Escrito por\" \/>\n\t<meta name=\"twitter:data1\" content=\"Redacao mz\" \/>\n\t<meta name=\"twitter:label2\" content=\"Est. tempo de leitura\" \/>\n\t<meta name=\"twitter:data2\" content=\"3 minutos\" \/>\n<script type=\"application\/ld+json\" class=\"yoast-schema-graph\">{\"@context\":\"https:\\\/\\\/schema.org\",\"@graph\":[{\"@type\":\"Article\",\"@id\":\"https:\\\/\\\/mznoticia.com.br\\\/jaguariaiva\\\/messi-anuncia-aposentadoria-da-selecao-argentina-nao-tenho-mais-para-dar\\\/#article\",\"isPartOf\":{\"@id\":\"https:\\\/\\\/mznoticia.com.br\\\/jaguariaiva\\\/messi-anuncia-aposentadoria-da-selecao-argentina-nao-tenho-mais-para-dar\\\/\"},\"author\":{\"name\":\"Redacao mz\",\"@id\":\"https:\\\/\\\/mznoticia.com.br\\\/jaguariaiva\\\/#\\\/schema\\\/person\\\/84012d827247b3f42f37b550da79cd03\"},\"headline\":\"Messi anuncia aposentadoria da Sele\u00e7\u00e3o Argentina: \u201cN\u00e3o tenho mais para dar\u201d\",\"datePublished\":\"2026-08-31T17:45:41+00:00\",\"mainEntityOfPage\":{\"@id\":\"https:\\\/\\\/mznoticia.com.br\\\/jaguariaiva\\\/messi-anuncia-aposentadoria-da-selecao-argentina-nao-tenho-mais-para-dar\\\/\"},\"wordCount\":416,\"commentCount\":0,\"publisher\":{\"@id\":\"https:\\\/\\\/mznoticia.com.br\\\/jaguariaiva\\\/#organization\"},\"image\":{\"@id\":\"https:\\\/\\\/mznoticia.com.br\\\/jaguariaiva\\\/messi-anuncia-aposentadoria-da-selecao-argentina-nao-tenho-mais-para-dar\\\/#primaryimage\"},\"thumbnailUrl\":\"https:\\\/\\\/mznoticia.com.br\\\/jaguariaiva\\\/wp-content\\\/uploads\\\/2026\\\/08\\\/01-2.webp\",\"keywords\":[\"Argentina\",\"Copa Am\u00e9rica\",\"Copa do Mundo\",\"esportes\",\"futebol\",\"Futebol Internacional\",\"Lionel Messi\",\"Messi\",\"Sele\u00e7\u00e3o Argentina\"],\"articleSection\":[\"Esportes\"],\"inLanguage\":\"pt-BR\",\"potentialAction\":[{\"@type\":\"CommentAction\",\"name\":\"Comment\",\"target\":[\"https:\\\/\\\/mznoticia.com.br\\\/jaguariaiva\\\/messi-anuncia-aposentadoria-da-selecao-argentina-nao-tenho-mais-para-dar\\\/#respond\"]}]},{\"@type\":\"WebPage\",\"@id\":\"https:\\\/\\\/mznoticia.com.br\\\/jaguariaiva\\\/messi-anuncia-aposentadoria-da-selecao-argentina-nao-tenho-mais-para-dar\\\/\",\"url\":\"https:\\\/\\\/mznoticia.com.br\\\/jaguariaiva\\\/messi-anuncia-aposentadoria-da-selecao-argentina-nao-tenho-mais-para-dar\\\/\",\"name\":\"Messi anuncia aposentadoria da Sele\u00e7\u00e3o Argentina: \u201cN\u00e3o tenho mais para dar\u201d - Mz Not\u00edcias\",\"isPartOf\":{\"@id\":\"https:\\\/\\\/mznoticia.com.br\\\/jaguariaiva\\\/#website\"},\"primaryImageOfPage\":{\"@id\":\"https:\\\/\\\/mznoticia.com.br\\\/jaguariaiva\\\/messi-anuncia-aposentadoria-da-selecao-argentina-nao-tenho-mais-para-dar\\\/#primaryimage\"},\"image\":{\"@id\":\"https:\\\/\\\/mznoticia.com.br\\\/jaguariaiva\\\/messi-anuncia-aposentadoria-da-selecao-argentina-nao-tenho-mais-para-dar\\\/#primaryimage\"},\"thumbnailUrl\":\"https:\\\/\\\/mznoticia.com.br\\\/jaguariaiva\\\/wp-content\\\/uploads\\\/2026\\\/08\\\/01-2.webp\",\"datePublished\":\"2026-08-31T17:45:41+00:00\",\"description\":\"Lionel Messi anuncia que n\u00e3o defender\u00e1 mais a Sele\u00e7\u00e3o Argentina ap\u00f3s 20 anos de trajet\u00f3ria e afirma que chegou o momento de abrir espa\u00e7o para novos jogadores.\",\"breadcrumb\":{\"@id\":\"https:\\\/\\\/mznoticia.com.br\\\/jaguariaiva\\\/messi-anuncia-aposentadoria-da-selecao-argentina-nao-tenho-mais-para-dar\\\/#breadcrumb\"},\"inLanguage\":\"pt-BR\",\"potentialAction\":[{\"@type\":\"ReadAction\",\"target\":[\"https:\\\/\\\/mznoticia.com.br\\\/jaguariaiva\\\/messi-anuncia-aposentadoria-da-selecao-argentina-nao-tenho-mais-para-dar\\\/\"]}]},{\"@type\":\"ImageObject\",\"inLanguage\":\"pt-BR\",\"@id\":\"https:\\\/\\\/mznoticia.com.br\\\/jaguariaiva\\\/messi-anuncia-aposentadoria-da-selecao-argentina-nao-tenho-mais-para-dar\\\/#primaryimage\",\"url\":\"https:\\\/\\\/mznoticia.com.br\\\/jaguariaiva\\\/wp-content\\\/uploads\\\/2026\\\/08\\\/01-2.webp\",\"contentUrl\":\"https:\\\/\\\/mznoticia.com.br\\\/jaguariaiva\\\/wp-content\\\/uploads\\\/2026\\\/08\\\/01-2.webp\",\"width\":419,\"height\":235},{\"@type\":\"BreadcrumbList\",\"@id\":\"https:\\\/\\\/mznoticia.com.br\\\/jaguariaiva\\\/messi-anuncia-aposentadoria-da-selecao-argentina-nao-tenho-mais-para-dar\\\/#breadcrumb\",\"itemListElement\":[{\"@type\":\"ListItem\",\"position\":1,\"name\":\"Home\",\"item\":\"https:\\\/\\\/mznoticia.com.br\\\/jaguariaiva\\\/\"},{\"@type\":\"ListItem\",\"position\":2,\"name\":\"Messi anuncia aposentadoria da Sele\u00e7\u00e3o Argentina: \u201cN\u00e3o tenho mais para dar\u201d\"}]},{\"@type\":\"WebSite\",\"@id\":\"https:\\\/\\\/mznoticia.com.br\\\/jaguariaiva\\\/#website\",\"url\":\"https:\\\/\\\/mznoticia.com.br\\\/jaguariaiva\\\/\",\"name\":\"Mz Not\u00edcia\",\"description\":\"A informa\u00e7\u00e3o que voc\u00ea precisa na hora certa!\",\"publisher\":{\"@id\":\"https:\\\/\\\/mznoticia.com.br\\\/jaguariaiva\\\/#organization\"},\"potentialAction\":[{\"@type\":\"SearchAction\",\"target\":{\"@type\":\"EntryPoint\",\"urlTemplate\":\"https:\\\/\\\/mznoticia.com.br\\\/jaguariaiva\\\/?s={search_term_string}\"},\"query-input\":{\"@type\":\"PropertyValueSpecification\",\"valueRequired\":true,\"valueName\":\"search_term_string\"}}],\"inLanguage\":\"pt-BR\"},{\"@type\":\"Organization\",\"@id\":\"https:\\\/\\\/mznoticia.com.br\\\/jaguariaiva\\\/#organization\",\"name\":\"Mz Not\u00edcia\",\"url\":\"https:\\\/\\\/mznoticia.com.br\\\/jaguariaiva\\\/\",\"logo\":{\"@type\":\"ImageObject\",\"inLanguage\":\"pt-BR\",\"@id\":\"https:\\\/\\\/mznoticia.com.br\\\/jaguariaiva\\\/#\\\/schema\\\/logo\\\/image\\\/\",\"url\":\"https:\\\/\\\/mznoticia.com.br\\\/jaguariaiva\\\/wp-content\\\/uploads\\\/2025\\\/03\\\/Design-sem-nome-4-e1741200616392.png\",\"contentUrl\":\"https:\\\/\\\/mznoticia.com.br\\\/jaguariaiva\\\/wp-content\\\/uploads\\\/2025\\\/03\\\/Design-sem-nome-4-e1741200616392.png\",\"width\":750,\"height\":563,\"caption\":\"Mz Not\u00edcia\"},\"image\":{\"@id\":\"https:\\\/\\\/mznoticia.com.br\\\/jaguariaiva\\\/#\\\/schema\\\/logo\\\/image\\\/\"},\"sameAs\":[\"https:\\\/\\\/www.facebook.com\\\/profile.php?id=61573479951222\",\"https:\\\/\\\/www.instagram.com\\\/mz.jaguariaiva\\\/\"]},{\"@type\":\"Person\",\"@id\":\"https:\\\/\\\/mznoticia.com.br\\\/jaguariaiva\\\/#\\\/schema\\\/person\\\/84012d827247b3f42f37b550da79cd03\",\"name\":\"Redacao mz\",\"image\":{\"@type\":\"ImageObject\",\"inLanguage\":\"pt-BR\",\"@id\":\"https:\\\/\\\/mznoticia.com.br\\\/jaguariaiva\\\/wp-content\\\/uploads\\\/2025\\\/02\\\/mznoticia_jaguariaiva_coluna-150x150.png\",\"url\":\"https:\\\/\\\/mznoticia.com.br\\\/jaguariaiva\\\/wp-content\\\/uploads\\\/2025\\\/02\\\/mznoticia_jaguariaiva_coluna-150x150.png\",\"contentUrl\":\"https:\\\/\\\/mznoticia.com.br\\\/jaguariaiva\\\/wp-content\\\/uploads\\\/2025\\\/02\\\/mznoticia_jaguariaiva_coluna-150x150.png\",\"caption\":\"Redacao mz\"},\"sameAs\":[\"http:\\\/\\\/mznoticia.com.br\"],\"url\":\"https:\\\/\\\/mznoticia.com.br\\\/jaguariaiva\\\/author\\\/lucimara\\\/\"}]}<\/script>\n<!-- \/ Yoast SEO plugin. -->","yoast_head_json":{"title":"Messi anuncia aposentadoria da Sele\u00e7\u00e3o Argentina: \u201cN\u00e3o tenho mais para dar\u201d - Mz Not\u00edcias","description":"Lionel Messi anuncia que n\u00e3o defender\u00e1 mais a Sele\u00e7\u00e3o Argentina ap\u00f3s 20 anos de trajet\u00f3ria e afirma que chegou o momento de abrir espa\u00e7o para novos jogadores.","robots":{"index":"index","follow":"follow","max-snippet":"max-snippet:-1","max-image-preview":"max-image-preview:large","max-video-preview":"max-video-preview:-1"},"canonical":"https:\/\/mznoticia.com.br\/jaguariaiva\/messi-anuncia-aposentadoria-da-selecao-argentina-nao-tenho-mais-para-dar\/","og_locale":"pt_BR","og_type":"article","og_title":"Messi anuncia aposentadoria da Sele\u00e7\u00e3o Argentina: \u201cN\u00e3o tenho mais para dar\u201d - Mz Not\u00edcias","og_description":"Lionel Messi anuncia que n\u00e3o defender\u00e1 mais a Sele\u00e7\u00e3o Argentina ap\u00f3s 20 anos de trajet\u00f3ria e afirma que chegou o momento de abrir espa\u00e7o para novos jogadores.","og_url":"https:\/\/mznoticia.com.br\/jaguariaiva\/messi-anuncia-aposentadoria-da-selecao-argentina-nao-tenho-mais-para-dar\/","og_site_name":"Mz Not\u00edcias","article_publisher":"https:\/\/www.facebook.com\/profile.php?id=61573479951222","article_published_time":"2026-08-31T17:45:41+00:00","og_image":[{"width":419,"height":235,"url":"https:\/\/mznoticia.com.br\/jaguariaiva\/wp-content\/uploads\/2026\/08\/01-2.webp","type":"image\/webp"}],"author":"Redacao mz","twitter_card":"summary_large_image","twitter_misc":{"Escrito por":"Redacao mz","Est. tempo de leitura":"3 minutos"},"schema":{"@context":"https:\/\/schema.org","@graph":[{"@type":"Article","@id":"https:\/\/mznoticia.com.br\/jaguariaiva\/messi-anuncia-aposentadoria-da-selecao-argentina-nao-tenho-mais-para-dar\/#article","isPartOf":{"@id":"https:\/\/mznoticia.com.br\/jaguariaiva\/messi-anuncia-aposentadoria-da-selecao-argentina-nao-tenho-mais-para-dar\/"},"author":{"name":"Redacao mz","@id":"https:\/\/mznoticia.com.br\/jaguariaiva\/#\/schema\/person\/84012d827247b3f42f37b550da79cd03"},"headline":"Messi anuncia aposentadoria da Sele\u00e7\u00e3o Argentina: \u201cN\u00e3o tenho mais para dar\u201d","datePublished":"2026-08-31T17:45:41+00:00","mainEntityOfPage":{"@id":"https:\/\/mznoticia.com.br\/jaguariaiva\/messi-anuncia-aposentadoria-da-selecao-argentina-nao-tenho-mais-para-dar\/"},"wordCount":416,"commentCount":0,"publisher":{"@id":"https:\/\/mznoticia.com.br\/jaguariaiva\/#organization"},"image":{"@id":"https:\/\/mznoticia.com.br\/jaguariaiva\/messi-anuncia-aposentadoria-da-selecao-argentina-nao-tenho-mais-para-dar\/#primaryimage"},"thumbnailUrl":"https:\/\/mznoticia.com.br\/jaguariaiva\/wp-content\/uploads\/2026\/08\/01-2.webp","keywords":["Argentina","Copa Am\u00e9rica","Copa do Mundo","esportes","futebol","Futebol Internacional","Lionel Messi","Messi","Sele\u00e7\u00e3o Argentina"],"articleSection":["Esportes"],"inLanguage":"pt-BR","potentialAction":[{"@type":"CommentAction","name":"Comment","target":["https:\/\/mznoticia.com.br\/jaguariaiva\/messi-anuncia-aposentadoria-da-selecao-argentina-nao-tenho-mais-para-dar\/#respond"]}]},{"@type":"WebPage","@id":"https:\/\/mznoticia.com.br\/jaguariaiva\/messi-anuncia-aposentadoria-da-selecao-argentina-nao-tenho-mais-para-dar\/","url":"https:\/\/mznoticia.com.br\/jaguariaiva\/messi-anuncia-aposentadoria-da-selecao-argentina-nao-tenho-mais-para-dar\/","name":"Messi anuncia aposentadoria da Sele\u00e7\u00e3o Argentina: \u201cN\u00e3o tenho mais para dar\u201d - Mz Not\u00edcias","isPartOf":{"@id":"https:\/\/mznoticia.com.br\/jaguariaiva\/#website"},"primaryImageOfPage":{"@id":"https:\/\/mznoticia.com.br\/jaguariaiva\/messi-anuncia-aposentadoria-da-selecao-argentina-nao-tenho-mais-para-dar\/#primaryimage"},"image":{"@id":"https:\/\/mznoticia.com.br\/jaguariaiva\/messi-anuncia-aposentadoria-da-selecao-argentina-nao-tenho-mais-para-dar\/#primaryimage"},"thumbnailUrl":"https:\/\/mznoticia.com.br\/jaguariaiva\/wp-content\/uploads\/2026\/08\/01-2.webp","datePublished":"2026-08-31T17:45:41+00:00","description":"Lionel Messi anuncia que n\u00e3o defender\u00e1 mais a Sele\u00e7\u00e3o Argentina ap\u00f3s 20 anos de trajet\u00f3ria e afirma que chegou o momento de abrir espa\u00e7o para novos jogadores.","breadcrumb":{"@id":"https:\/\/mznoticia.com.br\/jaguariaiva\/messi-anuncia-aposentadoria-da-selecao-argentina-nao-tenho-mais-para-dar\/#breadcrumb"},"inLanguage":"pt-BR","potentialAction":[{"@type":"ReadAction","target":["https:\/\/mznoticia.com.br\/jaguariaiva\/messi-anuncia-aposentadoria-da-selecao-argentina-nao-tenho-mais-para-dar\/"]}]},{"@type":"ImageObject","inLanguage":"pt-BR","@id":"https:\/\/mznoticia.com.br\/jaguariaiva\/messi-anuncia-aposentadoria-da-selecao-argentina-nao-tenho-mais-para-dar\/#primaryimage","url":"https:\/\/mznoticia.com.br\/jaguariaiva\/wp-content\/uploads\/2026\/08\/01-2.webp","contentUrl":"https:\/\/mznoticia.com.br\/jaguariaiva\/wp-content\/uploads\/2026\/08\/01-2.webp","width":419,"height":235},{"@type":"BreadcrumbList","@id":"https:\/\/mznoticia.com.br\/jaguariaiva\/messi-anuncia-aposentadoria-da-selecao-argentina-nao-tenho-mais-para-dar\/#breadcrumb","itemListElement":[{"@type":"ListItem","position":1,"name":"Home","item":"https:\/\/mznoticia.com.br\/jaguariaiva\/"},{"@type":"ListItem","position":2,"name":"Messi anuncia aposentadoria da Sele\u00e7\u00e3o Argentina: \u201cN\u00e3o tenho mais para dar\u201d"}]},{"@type":"WebSite","@id":"https:\/\/mznoticia.com.br\/jaguariaiva\/#website","url":"https:\/\/mznoticia.com.br\/jaguariaiva\/","name":"Mz Not\u00edcia","description":"A informa\u00e7\u00e3o que voc\u00ea precisa na hora certa!","publisher":{"@id":"https:\/\/mznoticia.com.br\/jaguariaiva\/#organization"},"potentialAction":[{"@type":"SearchAction","target":{"@type":"EntryPoint","urlTemplate":"https:\/\/mznoticia.com.br\/jaguariaiva\/?s={search_term_string}"},"query-input":{"@type":"PropertyValueSpecification","valueRequired":true,"valueName":"search_term_string"}}],"inLanguage":"pt-BR"},{"@type":"Organization","@id":"https:\/\/mznoticia.com.br\/jaguariaiva\/#organization","name":"Mz Not\u00edcia","url":"https:\/\/mznoticia.com.br\/jaguariaiva\/","logo":{"@type":"ImageObject","inLanguage":"pt-BR","@id":"https:\/\/mznoticia.com.br\/jaguariaiva\/#\/schema\/logo\/image\/","url":"https:\/\/mznoticia.com.br\/jaguariaiva\/wp-content\/uploads\/2025\/03\/Design-sem-nome-4-e1741200616392.png","contentUrl":"https:\/\/mznoticia.com.br\/jaguariaiva\/wp-content\/uploads\/2025\/03\/Design-sem-nome-4-e1741200616392.png","width":750,"height":563,"caption":"Mz Not\u00edcia"},"image":{"@id":"https:\/\/mznoticia.com.br\/jaguariaiva\/#\/schema\/logo\/image\/"},"sameAs":["https:\/\/www.facebook.com\/profile.php?id=61573479951222","https:\/\/www.instagram.com\/mz.jaguariaiva\/"]},{"@type":"Person","@id":"https:\/\/mznoticia.com.br\/jaguariaiva\/#\/schema\/person\/84012d827247b3f42f37b550da79cd03","name":"Redacao mz","image":{"@type":"ImageObject","inLanguage":"pt-BR","@id":"https:\/\/mznoticia.com.br\/jaguariaiva\/wp-content\/uploads\/2025\/02\/mznoticia_jaguariaiva_coluna-150x150.png","url":"https:\/\/mznoticia.com.br\/jaguariaiva\/wp-content\/uploads\/2025\/02\/mznoticia_jaguariaiva_coluna-150x150.png","contentUrl":"https:\/\/mznoticia.com.br\/jaguariaiva\/wp-content\/uploads\/2025\/02\/mznoticia_jaguariaiva_coluna-150x150.png","caption":"Redacao mz"},"sameAs":["http:\/\/mznoticia.com.br"],"url":"https:\/\/mznoticia.com.br\/jaguariaiva\/author\/lucimara\/"}]}},"_links":{"self":[{"href":"https:\/\/mznoticia.com.br\/jaguariaiva\/wp-json\/wp\/v2\/posts\/7417","targetHints":{"allow":["GET"]}}],"collection":[{"href":"https:\/\/mznoticia.com.br\/jaguariaiva\/wp-json\/wp\/v2\/posts"}],"about":[{"href":"https:\/\/mznoticia.com.br\/jaguariaiva\/wp-json\/wp\/v2\/types\/post"}],"author":[{"embeddable":true,"href":"https:\/\/mznoticia.com.br\/jaguariaiva\/wp-json\/wp\/v2\/users\/16"}],"replies":[{"embeddable":true,"href":"https:\/\/mznoticia.com.br\/jaguariaiva\/wp-json\/wp\/v2\/comments?post=7417"}],"version-history":[{"count":1,"href":"https:\/\/mznoticia.com.br\/jaguariaiva\/wp-json\/wp\/v2\/posts\/7417\/revisions"}],"predecessor-version":[{"id":7419,"href":"https:\/\/mznoticia.com.br\/jaguariaiva\/wp-json\/wp\/v2\/posts\/7417\/revisions\/7419"}],"wp:featuredmedia":[{"embeddable":true,"href":"https:\/\/mznoticia.com.br\/jaguariaiva\/wp-json\/wp\/v2\/media\/7418"}],"wp:attachment":[{"href":"https:\/\/mznoticia.com.br\/jaguariaiva\/wp-json\/wp\/v2\/media?parent=7417"}],"wp:term":[{"taxonomy":"category","embeddable":true,"href":"https:\/\/mznoticia.com.br\/jaguariaiva\/wp-json\/wp\/v2\/categories?post=7417"},{"taxonomy":"post_tag","embeddable":true,"href":"https:\/\/mznoticia.com.br\/jaguariaiva\/wp-json\/wp\/v2\/tags?post=7417"}],"curies":[{"name":"wp","href":"https:\/\/api.w.org\/{rel}","templated":true}]}}