{"id":7421,"date":"2026-08-31T18:17:04","date_gmt":"2026-08-31T18:17:04","guid":{"rendered":"https:\/\/mznoticia.com.br\/jaguariaiva\/?p=7421"},"modified":"2026-08-31T18:17:04","modified_gmt":"2026-08-31T18:17:04","slug":"morador-de-apucarana-que-sofreu-queimaduras-apos-explosao-de-celular-sera-sepultado-nesta-segunda","status":"publish","type":"post","link":"https:\/\/mznoticia.com.br\/jaguariaiva\/morador-de-apucarana-que-sofreu-queimaduras-apos-explosao-de-celular-sera-sepultado-nesta-segunda\/","title":{"rendered":"Morador de Apucarana que sofreu queimaduras ap\u00f3s explos\u00e3o de celular ser\u00e1 sepultado nesta segunda"},"content":{"rendered":"<h2>Fabio Alex Boturi, de 39 anos, estava internado em Londrina desde o dia 17, quando o aparelho explodiu enquanto carregava e provocou um inc\u00eandio<\/h2>\n<p class=\"isSelectedEnd\">Fabio Alex Boturi, de 39 anos, morador de Apucarana, ser\u00e1 sepultado nesta segunda-feira (31), ap\u00f3s n\u00e3o resistir aos ferimentos provocados por um inc\u00eandio ocorrido dentro de sua resid\u00eancia. O homem sofreu queimaduras graves depois que um celular explodiu enquanto estava conectado \u00e0 tomada.<\/p>\n<p class=\"isSelectedEnd\">A v\u00edtima permaneceu internada no Hospital Universit\u00e1rio (HU) de Londrina desde o dia 17 de agosto, data em que ocorreu o acidente. Apesar do atendimento m\u00e9dico, Fabio n\u00e3o resistiu aos ferimentos e morreu no domingo (30).<\/p>\n<p class=\"isSelectedEnd\">O homem trabalhava como servente de pedreiro e deixa tr\u00eas filhos.<\/p>\n<h3>Vel\u00f3rio e sepultamento<\/h3>\n<p class=\"isSelectedEnd\">Segundo informa\u00e7\u00f5es dos servi\u00e7os funer\u00e1rios de Apucarana, o vel\u00f3rio de Fabio acontece na capela do Distrito de Vila Reis.<\/p>\n<p class=\"isSelectedEnd\">O sepultamento est\u00e1 marcado para as 17 horas desta segunda-feira, no Cemit\u00e9rio Municipal de Calif\u00f3rnia.<\/p>\n<h3>Celular explodiu enquanto carregava<\/h3>\n<p class=\"isSelectedEnd\">O acidente aconteceu na resid\u00eancia onde Fabio morava, localizada na Rua Manoel Bernardo dos Reis, no Distrito de Vila Reis, no dia 17 de agosto.<\/p>\n<p class=\"isSelectedEnd\">De acordo com as informa\u00e7\u00f5es, ele utilizava o celular conectado \u00e0 rede el\u00e9trica quando ocorreu um princ\u00edpio de inc\u00eandio. As chamas se espalharam rapidamente e atingiram as roupas da v\u00edtima e a cama onde ela estava.<\/p>\n<p class=\"isSelectedEnd\">Um vizinho que estava no quintal ao lado ouviu os pedidos de socorro e percebeu as chamas pela janela. Ele utilizou uma mangueira de jardim para apagar o fogo que atingia o corpo de Fabio e tamb\u00e9m conter o inc\u00eandio no quarto.<\/p>\n<h3>V\u00edtima foi encaminhada para hospital especializado<\/h3>\n<p class=\"isSelectedEnd\">Ap\u00f3s a interven\u00e7\u00e3o do vizinho, equipes de atendimento de emerg\u00eancia foram acionadas.<\/p>\n<p class=\"isSelectedEnd\">O Servi\u00e7o de Atendimento M\u00f3vel de Urg\u00eancia (Samu) e o Corpo de Bombeiros atenderam a ocorr\u00eancia. Os Bombeiros enviaram dois caminh\u00f5es de resgate para auxiliar no controle da situa\u00e7\u00e3o.<\/p>\n<p class=\"isSelectedEnd\">Os socorristas prestaram os primeiros atendimentos no local e encaminharam Fabio inicialmente ao Hospital da Provid\u00eancia, em Apucarana.<\/p>\n<p class=\"isSelectedEnd\">Devido \u00e0 extens\u00e3o e \u00e0 gravidade das queimaduras, ele precisou ser transferido ainda no dia 17 para o centro de refer\u00eancia em queimados do Hospital Universit\u00e1rio de Londrina, onde permaneceu internado at\u00e9 sua morte.<\/p>\n<p>A morte de Fabio causa como\u00e7\u00e3o entre familiares, amigos e moradores da regi\u00e3o.<\/p>\n","protected":false},"excerpt":{"rendered":"<p>Fabio Alex Boturi, de 39 anos, estava internado em Londrina desde o dia 17, quando o aparelho explodiu enquanto carregava e provocou um inc\u00eandio Fabio Alex Boturi, de 39 anos, morador de Apucarana, ser\u00e1 sepultado nesta segunda-feira (31), ap\u00f3s n\u00e3o resistir aos ferimentos provocados por um inc\u00eandio ocorrido dentro de sua resid\u00eancia. O homem sofreu [&hellip;]<\/p>\n","protected":false},"author":16,"featured_media":7422,"comment_status":"open","ping_status":"open","sticky":false,"template":"","format":"standard","meta":{"footnotes":""},"categories":[140],"tags":[31,1500,1613,645,3061,1093,77,3062,952,398],"class_list":["post-7421","post","type-post","status-publish","format-standard","has-post-thumbnail","hentry","category-acidente","tag-acidente","tag-apucarana","tag-celular","tag-corpo-de-bombeiros","tag-explosao-de-celular","tag-incendio","tag-parana","tag-queimaduras","tag-samu","tag-seguranca"],"yoast_head":"<!-- This site is optimized with the Yoast SEO plugin v28.1 - https:\/\/yoast.com\/product\/yoast-seo-wordpress\/ -->\n<title>Morador de Apucarana que sofreu queimaduras ap\u00f3s explos\u00e3o de celular ser\u00e1 sepultado nesta segunda - Mz Not\u00edcias<\/title>\n<meta name=\"description\" content=\"Fabio Alex Boturi, de 39 anos, morreu ap\u00f3s sofrer queimaduras graves provocadas por um inc\u00eandio causado pela explos\u00e3o de um celular enquanto carregava.\" \/>\n<meta name=\"robots\" content=\"index, follow, max-snippet:-1, max-image-preview:large, max-video-preview:-1\" \/>\n<link rel=\"canonical\" href=\"https:\/\/mznoticia.com.br\/jaguariaiva\/morador-de-apucarana-que-sofreu-queimaduras-apos-explosao-de-celular-sera-sepultado-nesta-segunda\/\" \/>\n<meta property=\"og:locale\" content=\"pt_BR\" \/>\n<meta property=\"og:type\" content=\"article\" \/>\n<meta property=\"og:title\" content=\"Morador de Apucarana que sofreu queimaduras ap\u00f3s explos\u00e3o de celular ser\u00e1 sepultado nesta segunda - Mz Not\u00edcias\" \/>\n<meta property=\"og:description\" content=\"Fabio Alex Boturi, de 39 anos, morreu ap\u00f3s sofrer queimaduras graves provocadas por um inc\u00eandio causado pela explos\u00e3o de um celular enquanto carregava.\" \/>\n<meta property=\"og:url\" content=\"https:\/\/mznoticia.com.br\/jaguariaiva\/morador-de-apucarana-que-sofreu-queimaduras-apos-explosao-de-celular-sera-sepultado-nesta-segunda\/\" \/>\n<meta property=\"og:site_name\" content=\"Mz Not\u00edcias\" \/>\n<meta property=\"article:publisher\" content=\"https:\/\/www.facebook.com\/profile.php?id=61573479951222\" \/>\n<meta property=\"article:published_time\" content=\"2026-08-31T18:17:04+00:00\" \/>\n<meta property=\"og:image\" content=\"https:\/\/mznoticia.com.br\/jaguariaiva\/wp-content\/uploads\/2026\/08\/20-7.webp\" \/>\n\t<meta property=\"og:image:width\" content=\"1199\" \/>\n\t<meta property=\"og:image:height\" content=\"720\" \/>\n\t<meta property=\"og:image:type\" content=\"image\/webp\" \/>\n<meta name=\"author\" content=\"Redacao mz\" \/>\n<meta name=\"twitter:card\" content=\"summary_large_image\" \/>\n<meta name=\"twitter:label1\" content=\"Escrito por\" \/>\n\t<meta name=\"twitter:data1\" content=\"Redacao mz\" \/>\n\t<meta name=\"twitter:label2\" content=\"Est. tempo de leitura\" \/>\n\t<meta name=\"twitter:data2\" content=\"3 minutos\" \/>\n<script type=\"application\/ld+json\" class=\"yoast-schema-graph\">{\"@context\":\"https:\\\/\\\/schema.org\",\"@graph\":[{\"@type\":\"Article\",\"@id\":\"https:\\\/\\\/mznoticia.com.br\\\/jaguariaiva\\\/morador-de-apucarana-que-sofreu-queimaduras-apos-explosao-de-celular-sera-sepultado-nesta-segunda\\\/#article\",\"isPartOf\":{\"@id\":\"https:\\\/\\\/mznoticia.com.br\\\/jaguariaiva\\\/morador-de-apucarana-que-sofreu-queimaduras-apos-explosao-de-celular-sera-sepultado-nesta-segunda\\\/\"},\"author\":{\"name\":\"Redacao mz\",\"@id\":\"https:\\\/\\\/mznoticia.com.br\\\/jaguariaiva\\\/#\\\/schema\\\/person\\\/84012d827247b3f42f37b550da79cd03\"},\"headline\":\"Morador de Apucarana que sofreu queimaduras ap\u00f3s explos\u00e3o de celular ser\u00e1 sepultado nesta segunda\",\"datePublished\":\"2026-08-31T18:17:04+00:00\",\"mainEntityOfPage\":{\"@id\":\"https:\\\/\\\/mznoticia.com.br\\\/jaguariaiva\\\/morador-de-apucarana-que-sofreu-queimaduras-apos-explosao-de-celular-sera-sepultado-nesta-segunda\\\/\"},\"wordCount\":414,\"commentCount\":0,\"publisher\":{\"@id\":\"https:\\\/\\\/mznoticia.com.br\\\/jaguariaiva\\\/#organization\"},\"image\":{\"@id\":\"https:\\\/\\\/mznoticia.com.br\\\/jaguariaiva\\\/morador-de-apucarana-que-sofreu-queimaduras-apos-explosao-de-celular-sera-sepultado-nesta-segunda\\\/#primaryimage\"},\"thumbnailUrl\":\"https:\\\/\\\/mznoticia.com.br\\\/jaguariaiva\\\/wp-content\\\/uploads\\\/2026\\\/08\\\/20-7.webp\",\"keywords\":[\"acidente\",\"Apucarana\",\"Celular\",\"Corpo de Bombeiros\",\"explos\u00e3o de celular\",\"Inc\u00eandio\",\"parana\",\"queimaduras\",\"SAMU\",\"Seguran\u00e7a\"],\"articleSection\":[\"Acidente\"],\"inLanguage\":\"pt-BR\",\"potentialAction\":[{\"@type\":\"CommentAction\",\"name\":\"Comment\",\"target\":[\"https:\\\/\\\/mznoticia.com.br\\\/jaguariaiva\\\/morador-de-apucarana-que-sofreu-queimaduras-apos-explosao-de-celular-sera-sepultado-nesta-segunda\\\/#respond\"]}]},{\"@type\":\"WebPage\",\"@id\":\"https:\\\/\\\/mznoticia.com.br\\\/jaguariaiva\\\/morador-de-apucarana-que-sofreu-queimaduras-apos-explosao-de-celular-sera-sepultado-nesta-segunda\\\/\",\"url\":\"https:\\\/\\\/mznoticia.com.br\\\/jaguariaiva\\\/morador-de-apucarana-que-sofreu-queimaduras-apos-explosao-de-celular-sera-sepultado-nesta-segunda\\\/\",\"name\":\"Morador de Apucarana que sofreu queimaduras ap\u00f3s explos\u00e3o de celular ser\u00e1 sepultado nesta segunda - Mz Not\u00edcias\",\"isPartOf\":{\"@id\":\"https:\\\/\\\/mznoticia.com.br\\\/jaguariaiva\\\/#website\"},\"primaryImageOfPage\":{\"@id\":\"https:\\\/\\\/mznoticia.com.br\\\/jaguariaiva\\\/morador-de-apucarana-que-sofreu-queimaduras-apos-explosao-de-celular-sera-sepultado-nesta-segunda\\\/#primaryimage\"},\"image\":{\"@id\":\"https:\\\/\\\/mznoticia.com.br\\\/jaguariaiva\\\/morador-de-apucarana-que-sofreu-queimaduras-apos-explosao-de-celular-sera-sepultado-nesta-segunda\\\/#primaryimage\"},\"thumbnailUrl\":\"https:\\\/\\\/mznoticia.com.br\\\/jaguariaiva\\\/wp-content\\\/uploads\\\/2026\\\/08\\\/20-7.webp\",\"datePublished\":\"2026-08-31T18:17:04+00:00\",\"description\":\"Fabio Alex Boturi, de 39 anos, morreu ap\u00f3s sofrer queimaduras graves provocadas por um inc\u00eandio causado pela explos\u00e3o de um celular enquanto carregava.\",\"breadcrumb\":{\"@id\":\"https:\\\/\\\/mznoticia.com.br\\\/jaguariaiva\\\/morador-de-apucarana-que-sofreu-queimaduras-apos-explosao-de-celular-sera-sepultado-nesta-segunda\\\/#breadcrumb\"},\"inLanguage\":\"pt-BR\",\"potentialAction\":[{\"@type\":\"ReadAction\",\"target\":[\"https:\\\/\\\/mznoticia.com.br\\\/jaguariaiva\\\/morador-de-apucarana-que-sofreu-queimaduras-apos-explosao-de-celular-sera-sepultado-nesta-segunda\\\/\"]}]},{\"@type\":\"ImageObject\",\"inLanguage\":\"pt-BR\",\"@id\":\"https:\\\/\\\/mznoticia.com.br\\\/jaguariaiva\\\/morador-de-apucarana-que-sofreu-queimaduras-apos-explosao-de-celular-sera-sepultado-nesta-segunda\\\/#primaryimage\",\"url\":\"https:\\\/\\\/mznoticia.com.br\\\/jaguariaiva\\\/wp-content\\\/uploads\\\/2026\\\/08\\\/20-7.webp\",\"contentUrl\":\"https:\\\/\\\/mznoticia.com.br\\\/jaguariaiva\\\/wp-content\\\/uploads\\\/2026\\\/08\\\/20-7.webp\",\"width\":1199,\"height\":720},{\"@type\":\"BreadcrumbList\",\"@id\":\"https:\\\/\\\/mznoticia.com.br\\\/jaguariaiva\\\/morador-de-apucarana-que-sofreu-queimaduras-apos-explosao-de-celular-sera-sepultado-nesta-segunda\\\/#breadcrumb\",\"itemListElement\":[{\"@type\":\"ListItem\",\"position\":1,\"name\":\"Home\",\"item\":\"https:\\\/\\\/mznoticia.com.br\\\/jaguariaiva\\\/\"},{\"@type\":\"ListItem\",\"position\":2,\"name\":\"Morador de Apucarana que sofreu queimaduras ap\u00f3s explos\u00e3o de celular ser\u00e1 sepultado nesta segunda\"}]},{\"@type\":\"WebSite\",\"@id\":\"https:\\\/\\\/mznoticia.com.br\\\/jaguariaiva\\\/#website\",\"url\":\"https:\\\/\\\/mznoticia.com.br\\\/jaguariaiva\\\/\",\"name\":\"Mz Not\u00edcia\",\"description\":\"A informa\u00e7\u00e3o que voc\u00ea precisa na hora certa!\",\"publisher\":{\"@id\":\"https:\\\/\\\/mznoticia.com.br\\\/jaguariaiva\\\/#organization\"},\"potentialAction\":[{\"@type\":\"SearchAction\",\"target\":{\"@type\":\"EntryPoint\",\"urlTemplate\":\"https:\\\/\\\/mznoticia.com.br\\\/jaguariaiva\\\/?s={search_term_string}\"},\"query-input\":{\"@type\":\"PropertyValueSpecification\",\"valueRequired\":true,\"valueName\":\"search_term_string\"}}],\"inLanguage\":\"pt-BR\"},{\"@type\":\"Organization\",\"@id\":\"https:\\\/\\\/mznoticia.com.br\\\/jaguariaiva\\\/#organization\",\"name\":\"Mz Not\u00edcia\",\"url\":\"https:\\\/\\\/mznoticia.com.br\\\/jaguariaiva\\\/\",\"logo\":{\"@type\":\"ImageObject\",\"inLanguage\":\"pt-BR\",\"@id\":\"https:\\\/\\\/mznoticia.com.br\\\/jaguariaiva\\\/#\\\/schema\\\/logo\\\/image\\\/\",\"url\":\"https:\\\/\\\/mznoticia.com.br\\\/jaguariaiva\\\/wp-content\\\/uploads\\\/2025\\\/03\\\/Design-sem-nome-4-e1741200616392.png\",\"contentUrl\":\"https:\\\/\\\/mznoticia.com.br\\\/jaguariaiva\\\/wp-content\\\/uploads\\\/2025\\\/03\\\/Design-sem-nome-4-e1741200616392.png\",\"width\":750,\"height\":563,\"caption\":\"Mz Not\u00edcia\"},\"image\":{\"@id\":\"https:\\\/\\\/mznoticia.com.br\\\/jaguariaiva\\\/#\\\/schema\\\/logo\\\/image\\\/\"},\"sameAs\":[\"https:\\\/\\\/www.facebook.com\\\/profile.php?id=61573479951222\",\"https:\\\/\\\/www.instagram.com\\\/mz.jaguariaiva\\\/\"]},{\"@type\":\"Person\",\"@id\":\"https:\\\/\\\/mznoticia.com.br\\\/jaguariaiva\\\/#\\\/schema\\\/person\\\/84012d827247b3f42f37b550da79cd03\",\"name\":\"Redacao mz\",\"image\":{\"@type\":\"ImageObject\",\"inLanguage\":\"pt-BR\",\"@id\":\"https:\\\/\\\/mznoticia.com.br\\\/jaguariaiva\\\/wp-content\\\/uploads\\\/2025\\\/02\\\/mznoticia_jaguariaiva_coluna-150x150.png\",\"url\":\"https:\\\/\\\/mznoticia.com.br\\\/jaguariaiva\\\/wp-content\\\/uploads\\\/2025\\\/02\\\/mznoticia_jaguariaiva_coluna-150x150.png\",\"contentUrl\":\"https:\\\/\\\/mznoticia.com.br\\\/jaguariaiva\\\/wp-content\\\/uploads\\\/2025\\\/02\\\/mznoticia_jaguariaiva_coluna-150x150.png\",\"caption\":\"Redacao mz\"},\"sameAs\":[\"http:\\\/\\\/mznoticia.com.br\"],\"url\":\"https:\\\/\\\/mznoticia.com.br\\\/jaguariaiva\\\/author\\\/lucimara\\\/\"}]}<\/script>\n<!-- \/ Yoast SEO plugin. -->","yoast_head_json":{"title":"Morador de Apucarana que sofreu queimaduras ap\u00f3s explos\u00e3o de celular ser\u00e1 sepultado nesta segunda - Mz Not\u00edcias","description":"Fabio Alex Boturi, de 39 anos, morreu ap\u00f3s sofrer queimaduras graves provocadas por um inc\u00eandio causado pela explos\u00e3o de um celular enquanto carregava.","robots":{"index":"index","follow":"follow","max-snippet":"max-snippet:-1","max-image-preview":"max-image-preview:large","max-video-preview":"max-video-preview:-1"},"canonical":"https:\/\/mznoticia.com.br\/jaguariaiva\/morador-de-apucarana-que-sofreu-queimaduras-apos-explosao-de-celular-sera-sepultado-nesta-segunda\/","og_locale":"pt_BR","og_type":"article","og_title":"Morador de Apucarana que sofreu queimaduras ap\u00f3s explos\u00e3o de celular ser\u00e1 sepultado nesta segunda - Mz Not\u00edcias","og_description":"Fabio Alex Boturi, de 39 anos, morreu ap\u00f3s sofrer queimaduras graves provocadas por um inc\u00eandio causado pela explos\u00e3o de um celular enquanto carregava.","og_url":"https:\/\/mznoticia.com.br\/jaguariaiva\/morador-de-apucarana-que-sofreu-queimaduras-apos-explosao-de-celular-sera-sepultado-nesta-segunda\/","og_site_name":"Mz Not\u00edcias","article_publisher":"https:\/\/www.facebook.com\/profile.php?id=61573479951222","article_published_time":"2026-08-31T18:17:04+00:00","og_image":[{"width":1199,"height":720,"url":"https:\/\/mznoticia.com.br\/jaguariaiva\/wp-content\/uploads\/2026\/08\/20-7.webp","type":"image\/webp"}],"author":"Redacao mz","twitter_card":"summary_large_image","twitter_misc":{"Escrito por":"Redacao mz","Est. tempo de leitura":"3 minutos"},"schema":{"@context":"https:\/\/schema.org","@graph":[{"@type":"Article","@id":"https:\/\/mznoticia.com.br\/jaguariaiva\/morador-de-apucarana-que-sofreu-queimaduras-apos-explosao-de-celular-sera-sepultado-nesta-segunda\/#article","isPartOf":{"@id":"https:\/\/mznoticia.com.br\/jaguariaiva\/morador-de-apucarana-que-sofreu-queimaduras-apos-explosao-de-celular-sera-sepultado-nesta-segunda\/"},"author":{"name":"Redacao mz","@id":"https:\/\/mznoticia.com.br\/jaguariaiva\/#\/schema\/person\/84012d827247b3f42f37b550da79cd03"},"headline":"Morador de Apucarana que sofreu queimaduras ap\u00f3s explos\u00e3o de celular ser\u00e1 sepultado nesta segunda","datePublished":"2026-08-31T18:17:04+00:00","mainEntityOfPage":{"@id":"https:\/\/mznoticia.com.br\/jaguariaiva\/morador-de-apucarana-que-sofreu-queimaduras-apos-explosao-de-celular-sera-sepultado-nesta-segunda\/"},"wordCount":414,"commentCount":0,"publisher":{"@id":"https:\/\/mznoticia.com.br\/jaguariaiva\/#organization"},"image":{"@id":"https:\/\/mznoticia.com.br\/jaguariaiva\/morador-de-apucarana-que-sofreu-queimaduras-apos-explosao-de-celular-sera-sepultado-nesta-segunda\/#primaryimage"},"thumbnailUrl":"https:\/\/mznoticia.com.br\/jaguariaiva\/wp-content\/uploads\/2026\/08\/20-7.webp","keywords":["acidente","Apucarana","Celular","Corpo de Bombeiros","explos\u00e3o de celular","Inc\u00eandio","parana","queimaduras","SAMU","Seguran\u00e7a"],"articleSection":["Acidente"],"inLanguage":"pt-BR","potentialAction":[{"@type":"CommentAction","name":"Comment","target":["https:\/\/mznoticia.com.br\/jaguariaiva\/morador-de-apucarana-que-sofreu-queimaduras-apos-explosao-de-celular-sera-sepultado-nesta-segunda\/#respond"]}]},{"@type":"WebPage","@id":"https:\/\/mznoticia.com.br\/jaguariaiva\/morador-de-apucarana-que-sofreu-queimaduras-apos-explosao-de-celular-sera-sepultado-nesta-segunda\/","url":"https:\/\/mznoticia.com.br\/jaguariaiva\/morador-de-apucarana-que-sofreu-queimaduras-apos-explosao-de-celular-sera-sepultado-nesta-segunda\/","name":"Morador de Apucarana que sofreu queimaduras ap\u00f3s explos\u00e3o de celular ser\u00e1 sepultado nesta segunda - Mz Not\u00edcias","isPartOf":{"@id":"https:\/\/mznoticia.com.br\/jaguariaiva\/#website"},"primaryImageOfPage":{"@id":"https:\/\/mznoticia.com.br\/jaguariaiva\/morador-de-apucarana-que-sofreu-queimaduras-apos-explosao-de-celular-sera-sepultado-nesta-segunda\/#primaryimage"},"image":{"@id":"https:\/\/mznoticia.com.br\/jaguariaiva\/morador-de-apucarana-que-sofreu-queimaduras-apos-explosao-de-celular-sera-sepultado-nesta-segunda\/#primaryimage"},"thumbnailUrl":"https:\/\/mznoticia.com.br\/jaguariaiva\/wp-content\/uploads\/2026\/08\/20-7.webp","datePublished":"2026-08-31T18:17:04+00:00","description":"Fabio Alex Boturi, de 39 anos, morreu ap\u00f3s sofrer queimaduras graves provocadas por um inc\u00eandio causado pela explos\u00e3o de um celular enquanto carregava.","breadcrumb":{"@id":"https:\/\/mznoticia.com.br\/jaguariaiva\/morador-de-apucarana-que-sofreu-queimaduras-apos-explosao-de-celular-sera-sepultado-nesta-segunda\/#breadcrumb"},"inLanguage":"pt-BR","potentialAction":[{"@type":"ReadAction","target":["https:\/\/mznoticia.com.br\/jaguariaiva\/morador-de-apucarana-que-sofreu-queimaduras-apos-explosao-de-celular-sera-sepultado-nesta-segunda\/"]}]},{"@type":"ImageObject","inLanguage":"pt-BR","@id":"https:\/\/mznoticia.com.br\/jaguariaiva\/morador-de-apucarana-que-sofreu-queimaduras-apos-explosao-de-celular-sera-sepultado-nesta-segunda\/#primaryimage","url":"https:\/\/mznoticia.com.br\/jaguariaiva\/wp-content\/uploads\/2026\/08\/20-7.webp","contentUrl":"https:\/\/mznoticia.com.br\/jaguariaiva\/wp-content\/uploads\/2026\/08\/20-7.webp","width":1199,"height":720},{"@type":"BreadcrumbList","@id":"https:\/\/mznoticia.com.br\/jaguariaiva\/morador-de-apucarana-que-sofreu-queimaduras-apos-explosao-de-celular-sera-sepultado-nesta-segunda\/#breadcrumb","itemListElement":[{"@type":"ListItem","position":1,"name":"Home","item":"https:\/\/mznoticia.com.br\/jaguariaiva\/"},{"@type":"ListItem","position":2,"name":"Morador de Apucarana que sofreu queimaduras ap\u00f3s explos\u00e3o de celular ser\u00e1 sepultado nesta segunda"}]},{"@type":"WebSite","@id":"https:\/\/mznoticia.com.br\/jaguariaiva\/#website","url":"https:\/\/mznoticia.com.br\/jaguariaiva\/","name":"Mz Not\u00edcia","description":"A informa\u00e7\u00e3o que voc\u00ea precisa na hora certa!","publisher":{"@id":"https:\/\/mznoticia.com.br\/jaguariaiva\/#organization"},"potentialAction":[{"@type":"SearchAction","target":{"@type":"EntryPoint","urlTemplate":"https:\/\/mznoticia.com.br\/jaguariaiva\/?s={search_term_string}"},"query-input":{"@type":"PropertyValueSpecification","valueRequired":true,"valueName":"search_term_string"}}],"inLanguage":"pt-BR"},{"@type":"Organization","@id":"https:\/\/mznoticia.com.br\/jaguariaiva\/#organization","name":"Mz Not\u00edcia","url":"https:\/\/mznoticia.com.br\/jaguariaiva\/","logo":{"@type":"ImageObject","inLanguage":"pt-BR","@id":"https:\/\/mznoticia.com.br\/jaguariaiva\/#\/schema\/logo\/image\/","url":"https:\/\/mznoticia.com.br\/jaguariaiva\/wp-content\/uploads\/2025\/03\/Design-sem-nome-4-e1741200616392.png","contentUrl":"https:\/\/mznoticia.com.br\/jaguariaiva\/wp-content\/uploads\/2025\/03\/Design-sem-nome-4-e1741200616392.png","width":750,"height":563,"caption":"Mz Not\u00edcia"},"image":{"@id":"https:\/\/mznoticia.com.br\/jaguariaiva\/#\/schema\/logo\/image\/"},"sameAs":["https:\/\/www.facebook.com\/profile.php?id=61573479951222","https:\/\/www.instagram.com\/mz.jaguariaiva\/"]},{"@type":"Person","@id":"https:\/\/mznoticia.com.br\/jaguariaiva\/#\/schema\/person\/84012d827247b3f42f37b550da79cd03","name":"Redacao mz","image":{"@type":"ImageObject","inLanguage":"pt-BR","@id":"https:\/\/mznoticia.com.br\/jaguariaiva\/wp-content\/uploads\/2025\/02\/mznoticia_jaguariaiva_coluna-150x150.png","url":"https:\/\/mznoticia.com.br\/jaguariaiva\/wp-content\/uploads\/2025\/02\/mznoticia_jaguariaiva_coluna-150x150.png","contentUrl":"https:\/\/mznoticia.com.br\/jaguariaiva\/wp-content\/uploads\/2025\/02\/mznoticia_jaguariaiva_coluna-150x150.png","caption":"Redacao mz"},"sameAs":["http:\/\/mznoticia.com.br"],"url":"https:\/\/mznoticia.com.br\/jaguariaiva\/author\/lucimara\/"}]}},"_links":{"self":[{"href":"https:\/\/mznoticia.com.br\/jaguariaiva\/wp-json\/wp\/v2\/posts\/7421","targetHints":{"allow":["GET"]}}],"collection":[{"href":"https:\/\/mznoticia.com.br\/jaguariaiva\/wp-json\/wp\/v2\/posts"}],"about":[{"href":"https:\/\/mznoticia.com.br\/jaguariaiva\/wp-json\/wp\/v2\/types\/post"}],"author":[{"embeddable":true,"href":"https:\/\/mznoticia.com.br\/jaguariaiva\/wp-json\/wp\/v2\/users\/16"}],"replies":[{"embeddable":true,"href":"https:\/\/mznoticia.com.br\/jaguariaiva\/wp-json\/wp\/v2\/comments?post=7421"}],"version-history":[{"count":1,"href":"https:\/\/mznoticia.com.br\/jaguariaiva\/wp-json\/wp\/v2\/posts\/7421\/revisions"}],"predecessor-version":[{"id":7423,"href":"https:\/\/mznoticia.com.br\/jaguariaiva\/wp-json\/wp\/v2\/posts\/7421\/revisions\/7423"}],"wp:featuredmedia":[{"embeddable":true,"href":"https:\/\/mznoticia.com.br\/jaguariaiva\/wp-json\/wp\/v2\/media\/7422"}],"wp:attachment":[{"href":"https:\/\/mznoticia.com.br\/jaguariaiva\/wp-json\/wp\/v2\/media?parent=7421"}],"wp:term":[{"taxonomy":"category","embeddable":true,"href":"https:\/\/mznoticia.com.br\/jaguariaiva\/wp-json\/wp\/v2\/categories?post=7421"},{"taxonomy":"post_tag","embeddable":true,"href":"https:\/\/mznoticia.com.br\/jaguariaiva\/wp-json\/wp\/v2\/tags?post=7421"}],"curies":[{"name":"wp","href":"https:\/\/api.w.org\/{rel}","templated":true}]}}