{"id":7430,"date":"2026-08-31T18:44:31","date_gmt":"2026-08-31T18:44:31","guid":{"rendered":"https:\/\/mznoticia.com.br\/jaguariaiva\/?p=7430"},"modified":"2026-08-31T18:44:31","modified_gmt":"2026-08-31T18:44:31","slug":"brasil-vira-referencia-internacional-em-5g-e-tv-digital-afirma-anatel","status":"publish","type":"post","link":"https:\/\/mznoticia.com.br\/jaguariaiva\/brasil-vira-referencia-internacional-em-5g-e-tv-digital-afirma-anatel\/","title":{"rendered":"Brasil vira refer\u00eancia internacional em 5G e TV digital, afirma Anatel"},"content":{"rendered":"<p class=\"PDq2pG_selectionAnchorContainer\" data-start=\"75\" data-end=\"303\">O Brasil se tornou refer\u00eancia internacional pelos avan\u00e7os na implanta\u00e7\u00e3o do 5G e na transi\u00e7\u00e3o da televis\u00e3o anal\u00f3gica para a digital, segundo afirmou o presidente da Ag\u00eancia Nacional de Telecomunica\u00e7\u00f5es (Anatel), Carlos Baigorri.<\/p>\n<p data-start=\"305\" data-end=\"499\">A declara\u00e7\u00e3o foi feita nesta segunda-feira (31), em Bras\u00edlia, durante um evento que debateu o modelo de governan\u00e7a e a execu\u00e7\u00e3o dos projetos relacionados \u00e0 expans\u00e3o das telecomunica\u00e7\u00f5es no pa\u00eds.<\/p>\n<p data-start=\"501\" data-end=\"748\">De acordo com Baigorri, iniciativas como a implanta\u00e7\u00e3o do 5G, a reorganiza\u00e7\u00e3o das frequ\u00eancias utilizadas pelas redes de telecomunica\u00e7\u00f5es, o programa Norte Conectado e a digitaliza\u00e7\u00e3o da televis\u00e3o colocaram o Brasil como exemplo para outros pa\u00edses.<\/p>\n<p data-start=\"750\" data-end=\"1015\">O presidente da Anatel destacou especialmente a efici\u00eancia dos projetos. Segundo ele, tanto a limpeza da faixa utilizada pelo 5G quanto o desligamento da TV anal\u00f3gica foram conclu\u00eddos antes dos prazos previstos e com custos menores do que os inicialmente estimados.<\/p>\n<p data-start=\"1017\" data-end=\"1295\">A chamada \u201climpeza de faixa\u201d \u00e9 o processo de reorganiza\u00e7\u00e3o das frequ\u00eancias para permitir que novas tecnologias utilizem determinada faixa do espectro sem sofrer interfer\u00eancias. No Brasil, esse trabalho relacionado ao 5G foi realizado pela Entidade Administradora da Faixa (EAF).<\/p>\n<p data-start=\"1297\" data-end=\"1412\">J\u00e1 a transi\u00e7\u00e3o da TV anal\u00f3gica para a TV digital foi conduzida pela Entidade Administradora da Digitaliza\u00e7\u00e3o (EAD).<\/p>\n<h3 data-section-id=\"tfsc1a\" data-start=\"1414\" data-end=\"1451\">Leil\u00e3o do 5G impulsionou expans\u00e3o<\/h3>\n<p data-start=\"1453\" data-end=\"1699\">O avan\u00e7o da tecnologia no pa\u00eds ganhou for\u00e7a ap\u00f3s o leil\u00e3o do 5G, realizado em novembro de 2021. O processo estabeleceu uma s\u00e9rie de obriga\u00e7\u00f5es para as empresas vencedoras, incluindo metas de expans\u00e3o da cobertura dos servi\u00e7os de telecomunica\u00e7\u00f5es.<\/p>\n<p data-start=\"1701\" data-end=\"1883\">Entre os compromissos assumidos est\u00e1 a instala\u00e7\u00e3o de infraestrutura para atender munic\u00edpios com mais de 200 mil habitantes, al\u00e9m da amplia\u00e7\u00e3o gradual da cobertura em cidades menores.<\/p>\n<p data-start=\"1885\" data-end=\"2072\">As operadoras tamb\u00e9m t\u00eam metas para levar a tecnologia a munic\u00edpios com popula\u00e7\u00e3o inferior a 30 mil habitantes, com parte dessas cidades prevista para receber cobertura at\u00e9 o fim de 2026.<\/p>\n","protected":false},"excerpt":{"rendered":"<p>O Brasil se tornou refer\u00eancia internacional pelos avan\u00e7os na implanta\u00e7\u00e3o do 5G e na transi\u00e7\u00e3o da televis\u00e3o anal\u00f3gica para a digital, segundo afirmou o presidente da Ag\u00eancia Nacional de Telecomunica\u00e7\u00f5es (Anatel), Carlos Baigorri. A declara\u00e7\u00e3o foi feita nesta segunda-feira (31), em Bras\u00edlia, durante um evento que debateu o modelo de governan\u00e7a e a execu\u00e7\u00e3o dos [&hellip;]<\/p>\n","protected":false},"author":18,"featured_media":7435,"comment_status":"open","ping_status":"open","sticky":false,"template":"","format":"standard","meta":{"footnotes":""},"categories":[5,12],"tags":[3072,1607,82,3075,47,1434,481,3074,3073],"class_list":["post-7430","post","type-post","status-publish","format-standard","has-post-thumbnail","hentry","category-brasil","category-geral","tag-5g","tag-anatel","tag-brasil","tag-carlos-baigorri","tag-destaque","tag-internet","tag-tecnologia","tag-telecomunicacoes","tag-tv-digital"],"yoast_head":"<!-- This site is optimized with the Yoast SEO plugin v28.1 - https:\/\/yoast.com\/product\/yoast-seo-wordpress\/ -->\n<title>Brasil vira refer\u00eancia internacional em 5G e TV digital, afirma Anatel - Mz Not\u00edcias<\/title>\n<meta name=\"description\" content=\"Presidente da Anatel afirma que o Brasil se tornou refer\u00eancia internacional com os avan\u00e7os na implanta\u00e7\u00e3o do 5G e na transi\u00e7\u00e3o para a TV digital.\" \/>\n<meta name=\"robots\" content=\"index, follow, max-snippet:-1, max-image-preview:large, max-video-preview:-1\" \/>\n<link rel=\"canonical\" href=\"https:\/\/mznoticia.com.br\/jaguariaiva\/brasil-vira-referencia-internacional-em-5g-e-tv-digital-afirma-anatel\/\" \/>\n<meta property=\"og:locale\" content=\"pt_BR\" \/>\n<meta property=\"og:type\" content=\"article\" \/>\n<meta property=\"og:title\" content=\"Brasil vira refer\u00eancia internacional em 5G e TV digital, afirma Anatel - Mz Not\u00edcias\" \/>\n<meta property=\"og:description\" content=\"Presidente da Anatel afirma que o Brasil se tornou refer\u00eancia internacional com os avan\u00e7os na implanta\u00e7\u00e3o do 5G e na transi\u00e7\u00e3o para a TV digital.\" \/>\n<meta property=\"og:url\" content=\"https:\/\/mznoticia.com.br\/jaguariaiva\/brasil-vira-referencia-internacional-em-5g-e-tv-digital-afirma-anatel\/\" \/>\n<meta property=\"og:site_name\" content=\"Mz Not\u00edcias\" \/>\n<meta property=\"article:publisher\" content=\"https:\/\/www.facebook.com\/profile.php?id=61573479951222\" \/>\n<meta property=\"article:published_time\" content=\"2026-08-31T18:44:31+00:00\" \/>\n<meta property=\"og:image\" content=\"https:\/\/mznoticia.com.br\/jaguariaiva\/wp-content\/uploads\/2026\/08\/torre.jpg\" \/>\n\t<meta property=\"og:image:width\" content=\"700\" \/>\n\t<meta property=\"og:image:height\" content=\"438\" \/>\n\t<meta property=\"og:image:type\" content=\"image\/jpeg\" \/>\n<meta name=\"author\" content=\"Reda\u00e7\u00e3o MZ\" \/>\n<meta name=\"twitter:card\" content=\"summary_large_image\" \/>\n<meta name=\"twitter:label1\" content=\"Escrito por\" \/>\n\t<meta name=\"twitter:data1\" content=\"Reda\u00e7\u00e3o MZ\" \/>\n\t<meta name=\"twitter:label2\" content=\"Est. tempo de leitura\" \/>\n\t<meta name=\"twitter:data2\" content=\"2 minutos\" \/>\n<script type=\"application\/ld+json\" class=\"yoast-schema-graph\">{\"@context\":\"https:\\\/\\\/schema.org\",\"@graph\":[{\"@type\":\"Article\",\"@id\":\"https:\\\/\\\/mznoticia.com.br\\\/jaguariaiva\\\/brasil-vira-referencia-internacional-em-5g-e-tv-digital-afirma-anatel\\\/#article\",\"isPartOf\":{\"@id\":\"https:\\\/\\\/mznoticia.com.br\\\/jaguariaiva\\\/brasil-vira-referencia-internacional-em-5g-e-tv-digital-afirma-anatel\\\/\"},\"author\":{\"name\":\"Reda\u00e7\u00e3o MZ\",\"@id\":\"https:\\\/\\\/mznoticia.com.br\\\/jaguariaiva\\\/#\\\/schema\\\/person\\\/7ecde13ae5f5a92f0ff9b2155d7a6d6e\"},\"headline\":\"Brasil vira refer\u00eancia internacional em 5G e TV digital, afirma Anatel\",\"datePublished\":\"2026-08-31T18:44:31+00:00\",\"mainEntityOfPage\":{\"@id\":\"https:\\\/\\\/mznoticia.com.br\\\/jaguariaiva\\\/brasil-vira-referencia-internacional-em-5g-e-tv-digital-afirma-anatel\\\/\"},\"wordCount\":356,\"commentCount\":0,\"publisher\":{\"@id\":\"https:\\\/\\\/mznoticia.com.br\\\/jaguariaiva\\\/#organization\"},\"image\":{\"@id\":\"https:\\\/\\\/mznoticia.com.br\\\/jaguariaiva\\\/brasil-vira-referencia-internacional-em-5g-e-tv-digital-afirma-anatel\\\/#primaryimage\"},\"thumbnailUrl\":\"https:\\\/\\\/mznoticia.com.br\\\/jaguariaiva\\\/wp-content\\\/uploads\\\/2026\\\/08\\\/torre.jpg\",\"keywords\":[\"5G\",\"Anatel\",\"brasil\",\"Carlos Baigorri\",\"destaque\",\"internet\",\"Tecnologia\",\"Telecomunica\u00e7\u00f5es\",\"TV Digital\"],\"articleSection\":[\"Brasil\",\"Geral\"],\"inLanguage\":\"pt-BR\",\"potentialAction\":[{\"@type\":\"CommentAction\",\"name\":\"Comment\",\"target\":[\"https:\\\/\\\/mznoticia.com.br\\\/jaguariaiva\\\/brasil-vira-referencia-internacional-em-5g-e-tv-digital-afirma-anatel\\\/#respond\"]}]},{\"@type\":\"WebPage\",\"@id\":\"https:\\\/\\\/mznoticia.com.br\\\/jaguariaiva\\\/brasil-vira-referencia-internacional-em-5g-e-tv-digital-afirma-anatel\\\/\",\"url\":\"https:\\\/\\\/mznoticia.com.br\\\/jaguariaiva\\\/brasil-vira-referencia-internacional-em-5g-e-tv-digital-afirma-anatel\\\/\",\"name\":\"Brasil vira refer\u00eancia internacional em 5G e TV digital, afirma Anatel - Mz Not\u00edcias\",\"isPartOf\":{\"@id\":\"https:\\\/\\\/mznoticia.com.br\\\/jaguariaiva\\\/#website\"},\"primaryImageOfPage\":{\"@id\":\"https:\\\/\\\/mznoticia.com.br\\\/jaguariaiva\\\/brasil-vira-referencia-internacional-em-5g-e-tv-digital-afirma-anatel\\\/#primaryimage\"},\"image\":{\"@id\":\"https:\\\/\\\/mznoticia.com.br\\\/jaguariaiva\\\/brasil-vira-referencia-internacional-em-5g-e-tv-digital-afirma-anatel\\\/#primaryimage\"},\"thumbnailUrl\":\"https:\\\/\\\/mznoticia.com.br\\\/jaguariaiva\\\/wp-content\\\/uploads\\\/2026\\\/08\\\/torre.jpg\",\"datePublished\":\"2026-08-31T18:44:31+00:00\",\"description\":\"Presidente da Anatel afirma que o Brasil se tornou refer\u00eancia internacional com os avan\u00e7os na implanta\u00e7\u00e3o do 5G e na transi\u00e7\u00e3o para a TV digital.\",\"breadcrumb\":{\"@id\":\"https:\\\/\\\/mznoticia.com.br\\\/jaguariaiva\\\/brasil-vira-referencia-internacional-em-5g-e-tv-digital-afirma-anatel\\\/#breadcrumb\"},\"inLanguage\":\"pt-BR\",\"potentialAction\":[{\"@type\":\"ReadAction\",\"target\":[\"https:\\\/\\\/mznoticia.com.br\\\/jaguariaiva\\\/brasil-vira-referencia-internacional-em-5g-e-tv-digital-afirma-anatel\\\/\"]}]},{\"@type\":\"ImageObject\",\"inLanguage\":\"pt-BR\",\"@id\":\"https:\\\/\\\/mznoticia.com.br\\\/jaguariaiva\\\/brasil-vira-referencia-internacional-em-5g-e-tv-digital-afirma-anatel\\\/#primaryimage\",\"url\":\"https:\\\/\\\/mznoticia.com.br\\\/jaguariaiva\\\/wp-content\\\/uploads\\\/2026\\\/08\\\/torre.jpg\",\"contentUrl\":\"https:\\\/\\\/mznoticia.com.br\\\/jaguariaiva\\\/wp-content\\\/uploads\\\/2026\\\/08\\\/torre.jpg\",\"width\":700,\"height\":438},{\"@type\":\"BreadcrumbList\",\"@id\":\"https:\\\/\\\/mznoticia.com.br\\\/jaguariaiva\\\/brasil-vira-referencia-internacional-em-5g-e-tv-digital-afirma-anatel\\\/#breadcrumb\",\"itemListElement\":[{\"@type\":\"ListItem\",\"position\":1,\"name\":\"Home\",\"item\":\"https:\\\/\\\/mznoticia.com.br\\\/jaguariaiva\\\/\"},{\"@type\":\"ListItem\",\"position\":2,\"name\":\"Brasil vira refer\u00eancia internacional em 5G e TV digital, afirma Anatel\"}]},{\"@type\":\"WebSite\",\"@id\":\"https:\\\/\\\/mznoticia.com.br\\\/jaguariaiva\\\/#website\",\"url\":\"https:\\\/\\\/mznoticia.com.br\\\/jaguariaiva\\\/\",\"name\":\"Mz Not\u00edcia\",\"description\":\"A informa\u00e7\u00e3o que voc\u00ea precisa na hora certa!\",\"publisher\":{\"@id\":\"https:\\\/\\\/mznoticia.com.br\\\/jaguariaiva\\\/#organization\"},\"potentialAction\":[{\"@type\":\"SearchAction\",\"target\":{\"@type\":\"EntryPoint\",\"urlTemplate\":\"https:\\\/\\\/mznoticia.com.br\\\/jaguariaiva\\\/?s={search_term_string}\"},\"query-input\":{\"@type\":\"PropertyValueSpecification\",\"valueRequired\":true,\"valueName\":\"search_term_string\"}}],\"inLanguage\":\"pt-BR\"},{\"@type\":\"Organization\",\"@id\":\"https:\\\/\\\/mznoticia.com.br\\\/jaguariaiva\\\/#organization\",\"name\":\"Mz Not\u00edcia\",\"url\":\"https:\\\/\\\/mznoticia.com.br\\\/jaguariaiva\\\/\",\"logo\":{\"@type\":\"ImageObject\",\"inLanguage\":\"pt-BR\",\"@id\":\"https:\\\/\\\/mznoticia.com.br\\\/jaguariaiva\\\/#\\\/schema\\\/logo\\\/image\\\/\",\"url\":\"https:\\\/\\\/mznoticia.com.br\\\/jaguariaiva\\\/wp-content\\\/uploads\\\/2025\\\/03\\\/Design-sem-nome-4-e1741200616392.png\",\"contentUrl\":\"https:\\\/\\\/mznoticia.com.br\\\/jaguariaiva\\\/wp-content\\\/uploads\\\/2025\\\/03\\\/Design-sem-nome-4-e1741200616392.png\",\"width\":750,\"height\":563,\"caption\":\"Mz Not\u00edcia\"},\"image\":{\"@id\":\"https:\\\/\\\/mznoticia.com.br\\\/jaguariaiva\\\/#\\\/schema\\\/logo\\\/image\\\/\"},\"sameAs\":[\"https:\\\/\\\/www.facebook.com\\\/profile.php?id=61573479951222\",\"https:\\\/\\\/www.instagram.com\\\/mz.jaguariaiva\\\/\"]},{\"@type\":\"Person\",\"@id\":\"https:\\\/\\\/mznoticia.com.br\\\/jaguariaiva\\\/#\\\/schema\\\/person\\\/7ecde13ae5f5a92f0ff9b2155d7a6d6e\",\"name\":\"Reda\u00e7\u00e3o MZ\",\"image\":{\"@type\":\"ImageObject\",\"inLanguage\":\"pt-BR\",\"@id\":\"https:\\\/\\\/mznoticia.com.br\\\/jaguariaiva\\\/wp-content\\\/uploads\\\/2025\\\/02\\\/mznoticia_jaguariaiva_coluna-150x150.png\",\"url\":\"https:\\\/\\\/mznoticia.com.br\\\/jaguariaiva\\\/wp-content\\\/uploads\\\/2025\\\/02\\\/mznoticia_jaguariaiva_coluna-150x150.png\",\"contentUrl\":\"https:\\\/\\\/mznoticia.com.br\\\/jaguariaiva\\\/wp-content\\\/uploads\\\/2025\\\/02\\\/mznoticia_jaguariaiva_coluna-150x150.png\",\"caption\":\"Reda\u00e7\u00e3o MZ\"},\"url\":\"https:\\\/\\\/mznoticia.com.br\\\/jaguariaiva\\\/author\\\/yan\\\/\"}]}<\/script>\n<!-- \/ Yoast SEO plugin. -->","yoast_head_json":{"title":"Brasil vira refer\u00eancia internacional em 5G e TV digital, afirma Anatel - Mz Not\u00edcias","description":"Presidente da Anatel afirma que o Brasil se tornou refer\u00eancia internacional com os avan\u00e7os na implanta\u00e7\u00e3o do 5G e na transi\u00e7\u00e3o para a TV digital.","robots":{"index":"index","follow":"follow","max-snippet":"max-snippet:-1","max-image-preview":"max-image-preview:large","max-video-preview":"max-video-preview:-1"},"canonical":"https:\/\/mznoticia.com.br\/jaguariaiva\/brasil-vira-referencia-internacional-em-5g-e-tv-digital-afirma-anatel\/","og_locale":"pt_BR","og_type":"article","og_title":"Brasil vira refer\u00eancia internacional em 5G e TV digital, afirma Anatel - Mz Not\u00edcias","og_description":"Presidente da Anatel afirma que o Brasil se tornou refer\u00eancia internacional com os avan\u00e7os na implanta\u00e7\u00e3o do 5G e na transi\u00e7\u00e3o para a TV digital.","og_url":"https:\/\/mznoticia.com.br\/jaguariaiva\/brasil-vira-referencia-internacional-em-5g-e-tv-digital-afirma-anatel\/","og_site_name":"Mz Not\u00edcias","article_publisher":"https:\/\/www.facebook.com\/profile.php?id=61573479951222","article_published_time":"2026-08-31T18:44:31+00:00","og_image":[{"width":700,"height":438,"url":"https:\/\/mznoticia.com.br\/jaguariaiva\/wp-content\/uploads\/2026\/08\/torre.jpg","type":"image\/jpeg"}],"author":"Reda\u00e7\u00e3o MZ","twitter_card":"summary_large_image","twitter_misc":{"Escrito por":"Reda\u00e7\u00e3o MZ","Est. tempo de leitura":"2 minutos"},"schema":{"@context":"https:\/\/schema.org","@graph":[{"@type":"Article","@id":"https:\/\/mznoticia.com.br\/jaguariaiva\/brasil-vira-referencia-internacional-em-5g-e-tv-digital-afirma-anatel\/#article","isPartOf":{"@id":"https:\/\/mznoticia.com.br\/jaguariaiva\/brasil-vira-referencia-internacional-em-5g-e-tv-digital-afirma-anatel\/"},"author":{"name":"Reda\u00e7\u00e3o MZ","@id":"https:\/\/mznoticia.com.br\/jaguariaiva\/#\/schema\/person\/7ecde13ae5f5a92f0ff9b2155d7a6d6e"},"headline":"Brasil vira refer\u00eancia internacional em 5G e TV digital, afirma Anatel","datePublished":"2026-08-31T18:44:31+00:00","mainEntityOfPage":{"@id":"https:\/\/mznoticia.com.br\/jaguariaiva\/brasil-vira-referencia-internacional-em-5g-e-tv-digital-afirma-anatel\/"},"wordCount":356,"commentCount":0,"publisher":{"@id":"https:\/\/mznoticia.com.br\/jaguariaiva\/#organization"},"image":{"@id":"https:\/\/mznoticia.com.br\/jaguariaiva\/brasil-vira-referencia-internacional-em-5g-e-tv-digital-afirma-anatel\/#primaryimage"},"thumbnailUrl":"https:\/\/mznoticia.com.br\/jaguariaiva\/wp-content\/uploads\/2026\/08\/torre.jpg","keywords":["5G","Anatel","brasil","Carlos Baigorri","destaque","internet","Tecnologia","Telecomunica\u00e7\u00f5es","TV Digital"],"articleSection":["Brasil","Geral"],"inLanguage":"pt-BR","potentialAction":[{"@type":"CommentAction","name":"Comment","target":["https:\/\/mznoticia.com.br\/jaguariaiva\/brasil-vira-referencia-internacional-em-5g-e-tv-digital-afirma-anatel\/#respond"]}]},{"@type":"WebPage","@id":"https:\/\/mznoticia.com.br\/jaguariaiva\/brasil-vira-referencia-internacional-em-5g-e-tv-digital-afirma-anatel\/","url":"https:\/\/mznoticia.com.br\/jaguariaiva\/brasil-vira-referencia-internacional-em-5g-e-tv-digital-afirma-anatel\/","name":"Brasil vira refer\u00eancia internacional em 5G e TV digital, afirma Anatel - Mz Not\u00edcias","isPartOf":{"@id":"https:\/\/mznoticia.com.br\/jaguariaiva\/#website"},"primaryImageOfPage":{"@id":"https:\/\/mznoticia.com.br\/jaguariaiva\/brasil-vira-referencia-internacional-em-5g-e-tv-digital-afirma-anatel\/#primaryimage"},"image":{"@id":"https:\/\/mznoticia.com.br\/jaguariaiva\/brasil-vira-referencia-internacional-em-5g-e-tv-digital-afirma-anatel\/#primaryimage"},"thumbnailUrl":"https:\/\/mznoticia.com.br\/jaguariaiva\/wp-content\/uploads\/2026\/08\/torre.jpg","datePublished":"2026-08-31T18:44:31+00:00","description":"Presidente da Anatel afirma que o Brasil se tornou refer\u00eancia internacional com os avan\u00e7os na implanta\u00e7\u00e3o do 5G e na transi\u00e7\u00e3o para a TV digital.","breadcrumb":{"@id":"https:\/\/mznoticia.com.br\/jaguariaiva\/brasil-vira-referencia-internacional-em-5g-e-tv-digital-afirma-anatel\/#breadcrumb"},"inLanguage":"pt-BR","potentialAction":[{"@type":"ReadAction","target":["https:\/\/mznoticia.com.br\/jaguariaiva\/brasil-vira-referencia-internacional-em-5g-e-tv-digital-afirma-anatel\/"]}]},{"@type":"ImageObject","inLanguage":"pt-BR","@id":"https:\/\/mznoticia.com.br\/jaguariaiva\/brasil-vira-referencia-internacional-em-5g-e-tv-digital-afirma-anatel\/#primaryimage","url":"https:\/\/mznoticia.com.br\/jaguariaiva\/wp-content\/uploads\/2026\/08\/torre.jpg","contentUrl":"https:\/\/mznoticia.com.br\/jaguariaiva\/wp-content\/uploads\/2026\/08\/torre.jpg","width":700,"height":438},{"@type":"BreadcrumbList","@id":"https:\/\/mznoticia.com.br\/jaguariaiva\/brasil-vira-referencia-internacional-em-5g-e-tv-digital-afirma-anatel\/#breadcrumb","itemListElement":[{"@type":"ListItem","position":1,"name":"Home","item":"https:\/\/mznoticia.com.br\/jaguariaiva\/"},{"@type":"ListItem","position":2,"name":"Brasil vira refer\u00eancia internacional em 5G e TV digital, afirma Anatel"}]},{"@type":"WebSite","@id":"https:\/\/mznoticia.com.br\/jaguariaiva\/#website","url":"https:\/\/mznoticia.com.br\/jaguariaiva\/","name":"Mz Not\u00edcia","description":"A informa\u00e7\u00e3o que voc\u00ea precisa na hora certa!","publisher":{"@id":"https:\/\/mznoticia.com.br\/jaguariaiva\/#organization"},"potentialAction":[{"@type":"SearchAction","target":{"@type":"EntryPoint","urlTemplate":"https:\/\/mznoticia.com.br\/jaguariaiva\/?s={search_term_string}"},"query-input":{"@type":"PropertyValueSpecification","valueRequired":true,"valueName":"search_term_string"}}],"inLanguage":"pt-BR"},{"@type":"Organization","@id":"https:\/\/mznoticia.com.br\/jaguariaiva\/#organization","name":"Mz Not\u00edcia","url":"https:\/\/mznoticia.com.br\/jaguariaiva\/","logo":{"@type":"ImageObject","inLanguage":"pt-BR","@id":"https:\/\/mznoticia.com.br\/jaguariaiva\/#\/schema\/logo\/image\/","url":"https:\/\/mznoticia.com.br\/jaguariaiva\/wp-content\/uploads\/2025\/03\/Design-sem-nome-4-e1741200616392.png","contentUrl":"https:\/\/mznoticia.com.br\/jaguariaiva\/wp-content\/uploads\/2025\/03\/Design-sem-nome-4-e1741200616392.png","width":750,"height":563,"caption":"Mz Not\u00edcia"},"image":{"@id":"https:\/\/mznoticia.com.br\/jaguariaiva\/#\/schema\/logo\/image\/"},"sameAs":["https:\/\/www.facebook.com\/profile.php?id=61573479951222","https:\/\/www.instagram.com\/mz.jaguariaiva\/"]},{"@type":"Person","@id":"https:\/\/mznoticia.com.br\/jaguariaiva\/#\/schema\/person\/7ecde13ae5f5a92f0ff9b2155d7a6d6e","name":"Reda\u00e7\u00e3o MZ","image":{"@type":"ImageObject","inLanguage":"pt-BR","@id":"https:\/\/mznoticia.com.br\/jaguariaiva\/wp-content\/uploads\/2025\/02\/mznoticia_jaguariaiva_coluna-150x150.png","url":"https:\/\/mznoticia.com.br\/jaguariaiva\/wp-content\/uploads\/2025\/02\/mznoticia_jaguariaiva_coluna-150x150.png","contentUrl":"https:\/\/mznoticia.com.br\/jaguariaiva\/wp-content\/uploads\/2025\/02\/mznoticia_jaguariaiva_coluna-150x150.png","caption":"Reda\u00e7\u00e3o MZ"},"url":"https:\/\/mznoticia.com.br\/jaguariaiva\/author\/yan\/"}]}},"_links":{"self":[{"href":"https:\/\/mznoticia.com.br\/jaguariaiva\/wp-json\/wp\/v2\/posts\/7430","targetHints":{"allow":["GET"]}}],"collection":[{"href":"https:\/\/mznoticia.com.br\/jaguariaiva\/wp-json\/wp\/v2\/posts"}],"about":[{"href":"https:\/\/mznoticia.com.br\/jaguariaiva\/wp-json\/wp\/v2\/types\/post"}],"author":[{"embeddable":true,"href":"https:\/\/mznoticia.com.br\/jaguariaiva\/wp-json\/wp\/v2\/users\/18"}],"replies":[{"embeddable":true,"href":"https:\/\/mznoticia.com.br\/jaguariaiva\/wp-json\/wp\/v2\/comments?post=7430"}],"version-history":[{"count":1,"href":"https:\/\/mznoticia.com.br\/jaguariaiva\/wp-json\/wp\/v2\/posts\/7430\/revisions"}],"predecessor-version":[{"id":7436,"href":"https:\/\/mznoticia.com.br\/jaguariaiva\/wp-json\/wp\/v2\/posts\/7430\/revisions\/7436"}],"wp:featuredmedia":[{"embeddable":true,"href":"https:\/\/mznoticia.com.br\/jaguariaiva\/wp-json\/wp\/v2\/media\/7435"}],"wp:attachment":[{"href":"https:\/\/mznoticia.com.br\/jaguariaiva\/wp-json\/wp\/v2\/media?parent=7430"}],"wp:term":[{"taxonomy":"category","embeddable":true,"href":"https:\/\/mznoticia.com.br\/jaguariaiva\/wp-json\/wp\/v2\/categories?post=7430"},{"taxonomy":"post_tag","embeddable":true,"href":"https:\/\/mznoticia.com.br\/jaguariaiva\/wp-json\/wp\/v2\/tags?post=7430"}],"curies":[{"name":"wp","href":"https:\/\/api.w.org\/{rel}","templated":true}]}}