{"id":7441,"date":"2026-08-31T19:14:34","date_gmt":"2026-08-31T19:14:34","guid":{"rendered":"https:\/\/mznoticia.com.br\/jaguariaiva\/?p=7441"},"modified":"2026-08-31T19:14:34","modified_gmt":"2026-08-31T19:14:34","slug":"urgentetoffoli-suspende-campanha-de-renan-santos-a-presidencia-e-proibe-participacao-em-debates","status":"publish","type":"post","link":"https:\/\/mznoticia.com.br\/jaguariaiva\/urgentetoffoli-suspende-campanha-de-renan-santos-a-presidencia-e-proibe-participacao-em-debates\/","title":{"rendered":"Urgente:Toffoli suspende campanha de Renan Santos \u00e0 Presid\u00eancia e pro\u00edbe participa\u00e7\u00e3o em debates"},"content":{"rendered":"<h2>Decis\u00e3o do ministro do TSE suspende propaganda digital, repasses do fundo eleitoral e participa\u00e7\u00e3o do candidato do Miss\u00e3o em debates<\/h2>\n<p class=\"isSelectedEnd\">O ministro Dias Toffoli, do Tribunal Superior Eleitoral (TSE), determinou a suspens\u00e3o de atividades da campanha presidencial de Renan Santos, candidato do partido Miss\u00e3o \u00e0 Presid\u00eancia da Rep\u00fablica. A decis\u00e3o tamb\u00e9m atinge Aroldo Medina, candidato a vice-presidente na chapa.<\/p>\n<p class=\"isSelectedEnd\">A medida suspende a realiza\u00e7\u00e3o de propaganda eleitoral na internet por meio de perfis e endere\u00e7os que n\u00e3o foram informados dentro do prazo \u00e0 Justi\u00e7a Eleitoral. Al\u00e9m disso, a chapa fica impedida de receber novos recursos do Fundo Especial de Financiamento de Campanha (FEFC), utilizar valores j\u00e1 repassados e participar de debates em diferentes meios de comunica\u00e7\u00e3o.<\/p>\n<p class=\"isSelectedEnd\">A decis\u00e3o foi tomada no domingo (30) e divulgada nesta segunda-feira (31).<\/p>\n<h3>Falta de informa\u00e7\u00f5es sobre perfis motivou decis\u00e3o<\/h3>\n<p class=\"isSelectedEnd\">Segundo o ministro, a medida est\u00e1 relacionada \u00e0 falta de registro, dentro do prazo exigido, de endere\u00e7os de sites, blogs, redes sociais e aplicativos de mensagens utilizados pela campanha.<\/p>\n<p class=\"isSelectedEnd\">De acordo com a decis\u00e3o, os candidatos devem informar \u00e0 Justi\u00e7a Eleitoral os perfis j\u00e1 existentes no momento do pedido de registro. Novas contas criadas posteriormente tamb\u00e9m precisam ser comunicadas dentro do prazo estabelecido pelas regras eleitorais.<\/p>\n<p class=\"isSelectedEnd\">Toffoli destacou que a comunica\u00e7\u00e3o antecipada \u00e9 necess\u00e1ria para permitir a fiscaliza\u00e7\u00e3o da propaganda eleitoral e o acompanhamento das atividades realizadas nas plataformas digitais.<\/p>\n<p class=\"isSelectedEnd\">Ainda conforme a decis\u00e3o, perfis informados posteriormente s\u00f3 poderiam ser utilizados para propaganda eleitoral ap\u00f3s o per\u00edodo previsto pela Justi\u00e7a Eleitoral.<\/p>\n<h3>Perfil com milh\u00f5es de seguidores foi citado<\/h3>\n<p class=\"isSelectedEnd\">Um dos pontos mencionados pelo ministro foi a identifica\u00e7\u00e3o de um perfil de Renan Santos no Instagram com cerca de 2,4 milh\u00f5es de seguidores.<\/p>\n<p class=\"isSelectedEnd\">Segundo Toffoli, a conta estaria divulgando conte\u00fado de campanha eleitoral e aparecendo em recomenda\u00e7\u00f5es relacionadas a outros candidatos.<\/p>\n<p class=\"isSelectedEnd\">A decis\u00e3o tamb\u00e9m determina que Renan Santos n\u00e3o poder\u00e1 utilizar novos perfis ou contas de terceiros para realizar propaganda eleitoral digital enquanto a suspens\u00e3o estiver em vigor.<\/p>\n<h3>Multa pode chegar a R$ 50 mil por descumprimento<\/h3>\n<p class=\"isSelectedEnd\">Em caso de descumprimento da determina\u00e7\u00e3o, a decis\u00e3o prev\u00ea multa de R$ 50 mil por cada veicula\u00e7\u00e3o de propaganda eleitoral irregular na internet ap\u00f3s a intima\u00e7\u00e3o.<\/p>\n<p class=\"isSelectedEnd\">A mesma penalidade poder\u00e1 ser aplicada a cada participa\u00e7\u00e3o em debates realizada ap\u00f3s o recebimento da intima\u00e7\u00e3o.<\/p>\n<p class=\"isSelectedEnd\">A campanha de Renan Santos informou que pretende recorrer da decis\u00e3o e buscar medidas para tentar reverter a suspens\u00e3o.<\/p>\n<h3>Quem \u00e9 Renan Santos<\/h3>\n<p class=\"isSelectedEnd\">Renan Santos disputa a Presid\u00eancia da Rep\u00fablica pelo partido Miss\u00e3o e ganhou proje\u00e7\u00e3o nacional como um dos fundadores do Movimento Brasil Livre (MBL).<\/p>\n<p class=\"isSelectedEnd\">Ele participou da articula\u00e7\u00e3o pol\u00edtica do movimento durante as mobiliza\u00e7\u00f5es nacionais ocorridas em 2015 e 2016 e, posteriormente, passou a atuar na organiza\u00e7\u00e3o e forma\u00e7\u00e3o de lideran\u00e7as pol\u00edticas.<\/p>\n<p>Em 2025, tornou-se presidente nacional do Miss\u00e3o, partido criado a partir do grupo pol\u00edtico ligado ao MBL. Aroldo Medina, tenente-coronel da reserva e jornalista, foi escolhido como candidato a vice-presidente da chapa.<\/p>\n","protected":false},"excerpt":{"rendered":"<p>Decis\u00e3o do ministro do TSE suspende propaganda digital, repasses do fundo eleitoral e participa\u00e7\u00e3o do candidato do Miss\u00e3o em debates O ministro Dias Toffoli, do Tribunal Superior Eleitoral (TSE), determinou a suspens\u00e3o de atividades da campanha presidencial de Renan Santos, candidato do partido Miss\u00e3o \u00e0 Presid\u00eancia da Rep\u00fablica. A decis\u00e3o tamb\u00e9m atinge Aroldo Medina, candidato [&hellip;]<\/p>\n","protected":false},"author":18,"featured_media":7442,"comment_status":"open","ping_status":"open","sticky":false,"template":"","format":"standard","meta":{"footnotes":""},"categories":[5,372,12,7],"tags":[47,3078,416,1165,3080,2128,194,3079,421,615],"class_list":["post-7441","post","type-post","status-publish","format-standard","has-post-thumbnail","hentry","category-brasil","category-eleicoes","category-geral","category-politica","tag-destaque","tag-dias-toffoli","tag-eleicoes-2026","tag-justica-eleitoral","tag-mbl","tag-missao","tag-politica","tag-presidencia","tag-renan-santos","tag-tse"],"yoast_head":"<!-- This site is optimized with the Yoast SEO plugin v28.1 - https:\/\/yoast.com\/product\/yoast-seo-wordpress\/ -->\n<title>Urgente:Toffoli suspende campanha de Renan Santos \u00e0 Presid\u00eancia e pro\u00edbe participa\u00e7\u00e3o em debates - Mz Not\u00edcias<\/title>\n<meta name=\"description\" content=\"Ministro Dias Toffoli suspende atividades da campanha presidencial de Renan Santos, incluindo propaganda digital, recursos eleitorais e participa\u00e7\u00e3o em debates.\" \/>\n<meta name=\"robots\" content=\"index, follow, max-snippet:-1, max-image-preview:large, max-video-preview:-1\" \/>\n<link rel=\"canonical\" href=\"https:\/\/mznoticia.com.br\/jaguariaiva\/urgentetoffoli-suspende-campanha-de-renan-santos-a-presidencia-e-proibe-participacao-em-debates\/\" \/>\n<meta property=\"og:locale\" content=\"pt_BR\" \/>\n<meta property=\"og:type\" content=\"article\" \/>\n<meta property=\"og:title\" content=\"Urgente:Toffoli suspende campanha de Renan Santos \u00e0 Presid\u00eancia e pro\u00edbe participa\u00e7\u00e3o em debates - Mz Not\u00edcias\" \/>\n<meta property=\"og:description\" content=\"Ministro Dias Toffoli suspende atividades da campanha presidencial de Renan Santos, incluindo propaganda digital, recursos eleitorais e participa\u00e7\u00e3o em debates.\" \/>\n<meta property=\"og:url\" content=\"https:\/\/mznoticia.com.br\/jaguariaiva\/urgentetoffoli-suspende-campanha-de-renan-santos-a-presidencia-e-proibe-participacao-em-debates\/\" \/>\n<meta property=\"og:site_name\" content=\"Mz Not\u00edcias\" \/>\n<meta property=\"article:publisher\" content=\"https:\/\/www.facebook.com\/profile.php?id=61573479951222\" \/>\n<meta property=\"article:published_time\" content=\"2026-08-31T19:14:34+00:00\" \/>\n<meta property=\"og:image\" content=\"https:\/\/mznoticia.com.br\/jaguariaiva\/wp-content\/uploads\/2026\/08\/renan-1.webp\" \/>\n\t<meta property=\"og:image:width\" content=\"1040\" \/>\n\t<meta property=\"og:image:height\" content=\"780\" \/>\n\t<meta property=\"og:image:type\" content=\"image\/webp\" \/>\n<meta name=\"author\" content=\"Reda\u00e7\u00e3o MZ\" \/>\n<meta name=\"twitter:card\" content=\"summary_large_image\" \/>\n<meta name=\"twitter:label1\" content=\"Escrito por\" \/>\n\t<meta name=\"twitter:data1\" content=\"Reda\u00e7\u00e3o MZ\" \/>\n\t<meta name=\"twitter:label2\" content=\"Est. tempo de leitura\" \/>\n\t<meta name=\"twitter:data2\" content=\"3 minutos\" \/>\n<script type=\"application\/ld+json\" class=\"yoast-schema-graph\">{\"@context\":\"https:\\\/\\\/schema.org\",\"@graph\":[{\"@type\":\"Article\",\"@id\":\"https:\\\/\\\/mznoticia.com.br\\\/jaguariaiva\\\/urgentetoffoli-suspende-campanha-de-renan-santos-a-presidencia-e-proibe-participacao-em-debates\\\/#article\",\"isPartOf\":{\"@id\":\"https:\\\/\\\/mznoticia.com.br\\\/jaguariaiva\\\/urgentetoffoli-suspende-campanha-de-renan-santos-a-presidencia-e-proibe-participacao-em-debates\\\/\"},\"author\":{\"name\":\"Reda\u00e7\u00e3o MZ\",\"@id\":\"https:\\\/\\\/mznoticia.com.br\\\/jaguariaiva\\\/#\\\/schema\\\/person\\\/7ecde13ae5f5a92f0ff9b2155d7a6d6e\"},\"headline\":\"Urgente:Toffoli suspende campanha de Renan Santos \u00e0 Presid\u00eancia e pro\u00edbe participa\u00e7\u00e3o em debates\",\"datePublished\":\"2026-08-31T19:14:34+00:00\",\"mainEntityOfPage\":{\"@id\":\"https:\\\/\\\/mznoticia.com.br\\\/jaguariaiva\\\/urgentetoffoli-suspende-campanha-de-renan-santos-a-presidencia-e-proibe-participacao-em-debates\\\/\"},\"wordCount\":543,\"commentCount\":0,\"publisher\":{\"@id\":\"https:\\\/\\\/mznoticia.com.br\\\/jaguariaiva\\\/#organization\"},\"image\":{\"@id\":\"https:\\\/\\\/mznoticia.com.br\\\/jaguariaiva\\\/urgentetoffoli-suspende-campanha-de-renan-santos-a-presidencia-e-proibe-participacao-em-debates\\\/#primaryimage\"},\"thumbnailUrl\":\"https:\\\/\\\/mznoticia.com.br\\\/jaguariaiva\\\/wp-content\\\/uploads\\\/2026\\\/08\\\/renan-1.webp\",\"keywords\":[\"destaque\",\"Dias Toffoli\",\"Elei\u00e7\u00f5es 2026\",\"Justi\u00e7a Eleitoral\",\"MBL\",\"Miss\u00e3o\",\"politica\",\"Presid\u00eancia\",\"Renan Santos\",\"TSE\"],\"articleSection\":[\"Brasil\",\"Elei\u00e7\u00f5es\",\"Geral\",\"Pol\u00edtica\"],\"inLanguage\":\"pt-BR\",\"potentialAction\":[{\"@type\":\"CommentAction\",\"name\":\"Comment\",\"target\":[\"https:\\\/\\\/mznoticia.com.br\\\/jaguariaiva\\\/urgentetoffoli-suspende-campanha-de-renan-santos-a-presidencia-e-proibe-participacao-em-debates\\\/#respond\"]}]},{\"@type\":\"WebPage\",\"@id\":\"https:\\\/\\\/mznoticia.com.br\\\/jaguariaiva\\\/urgentetoffoli-suspende-campanha-de-renan-santos-a-presidencia-e-proibe-participacao-em-debates\\\/\",\"url\":\"https:\\\/\\\/mznoticia.com.br\\\/jaguariaiva\\\/urgentetoffoli-suspende-campanha-de-renan-santos-a-presidencia-e-proibe-participacao-em-debates\\\/\",\"name\":\"Urgente:Toffoli suspende campanha de Renan Santos \u00e0 Presid\u00eancia e pro\u00edbe participa\u00e7\u00e3o em debates - Mz Not\u00edcias\",\"isPartOf\":{\"@id\":\"https:\\\/\\\/mznoticia.com.br\\\/jaguariaiva\\\/#website\"},\"primaryImageOfPage\":{\"@id\":\"https:\\\/\\\/mznoticia.com.br\\\/jaguariaiva\\\/urgentetoffoli-suspende-campanha-de-renan-santos-a-presidencia-e-proibe-participacao-em-debates\\\/#primaryimage\"},\"image\":{\"@id\":\"https:\\\/\\\/mznoticia.com.br\\\/jaguariaiva\\\/urgentetoffoli-suspende-campanha-de-renan-santos-a-presidencia-e-proibe-participacao-em-debates\\\/#primaryimage\"},\"thumbnailUrl\":\"https:\\\/\\\/mznoticia.com.br\\\/jaguariaiva\\\/wp-content\\\/uploads\\\/2026\\\/08\\\/renan-1.webp\",\"datePublished\":\"2026-08-31T19:14:34+00:00\",\"description\":\"Ministro Dias Toffoli suspende atividades da campanha presidencial de Renan Santos, incluindo propaganda digital, recursos eleitorais e participa\u00e7\u00e3o em debates.\",\"breadcrumb\":{\"@id\":\"https:\\\/\\\/mznoticia.com.br\\\/jaguariaiva\\\/urgentetoffoli-suspende-campanha-de-renan-santos-a-presidencia-e-proibe-participacao-em-debates\\\/#breadcrumb\"},\"inLanguage\":\"pt-BR\",\"potentialAction\":[{\"@type\":\"ReadAction\",\"target\":[\"https:\\\/\\\/mznoticia.com.br\\\/jaguariaiva\\\/urgentetoffoli-suspende-campanha-de-renan-santos-a-presidencia-e-proibe-participacao-em-debates\\\/\"]}]},{\"@type\":\"ImageObject\",\"inLanguage\":\"pt-BR\",\"@id\":\"https:\\\/\\\/mznoticia.com.br\\\/jaguariaiva\\\/urgentetoffoli-suspende-campanha-de-renan-santos-a-presidencia-e-proibe-participacao-em-debates\\\/#primaryimage\",\"url\":\"https:\\\/\\\/mznoticia.com.br\\\/jaguariaiva\\\/wp-content\\\/uploads\\\/2026\\\/08\\\/renan-1.webp\",\"contentUrl\":\"https:\\\/\\\/mznoticia.com.br\\\/jaguariaiva\\\/wp-content\\\/uploads\\\/2026\\\/08\\\/renan-1.webp\",\"width\":1040,\"height\":780},{\"@type\":\"BreadcrumbList\",\"@id\":\"https:\\\/\\\/mznoticia.com.br\\\/jaguariaiva\\\/urgentetoffoli-suspende-campanha-de-renan-santos-a-presidencia-e-proibe-participacao-em-debates\\\/#breadcrumb\",\"itemListElement\":[{\"@type\":\"ListItem\",\"position\":1,\"name\":\"Home\",\"item\":\"https:\\\/\\\/mznoticia.com.br\\\/jaguariaiva\\\/\"},{\"@type\":\"ListItem\",\"position\":2,\"name\":\"Urgente:Toffoli suspende campanha de Renan Santos \u00e0 Presid\u00eancia e pro\u00edbe participa\u00e7\u00e3o em debates\"}]},{\"@type\":\"WebSite\",\"@id\":\"https:\\\/\\\/mznoticia.com.br\\\/jaguariaiva\\\/#website\",\"url\":\"https:\\\/\\\/mznoticia.com.br\\\/jaguariaiva\\\/\",\"name\":\"Mz Not\u00edcia\",\"description\":\"A informa\u00e7\u00e3o que voc\u00ea precisa na hora certa!\",\"publisher\":{\"@id\":\"https:\\\/\\\/mznoticia.com.br\\\/jaguariaiva\\\/#organization\"},\"potentialAction\":[{\"@type\":\"SearchAction\",\"target\":{\"@type\":\"EntryPoint\",\"urlTemplate\":\"https:\\\/\\\/mznoticia.com.br\\\/jaguariaiva\\\/?s={search_term_string}\"},\"query-input\":{\"@type\":\"PropertyValueSpecification\",\"valueRequired\":true,\"valueName\":\"search_term_string\"}}],\"inLanguage\":\"pt-BR\"},{\"@type\":\"Organization\",\"@id\":\"https:\\\/\\\/mznoticia.com.br\\\/jaguariaiva\\\/#organization\",\"name\":\"Mz Not\u00edcia\",\"url\":\"https:\\\/\\\/mznoticia.com.br\\\/jaguariaiva\\\/\",\"logo\":{\"@type\":\"ImageObject\",\"inLanguage\":\"pt-BR\",\"@id\":\"https:\\\/\\\/mznoticia.com.br\\\/jaguariaiva\\\/#\\\/schema\\\/logo\\\/image\\\/\",\"url\":\"https:\\\/\\\/mznoticia.com.br\\\/jaguariaiva\\\/wp-content\\\/uploads\\\/2025\\\/03\\\/Design-sem-nome-4-e1741200616392.png\",\"contentUrl\":\"https:\\\/\\\/mznoticia.com.br\\\/jaguariaiva\\\/wp-content\\\/uploads\\\/2025\\\/03\\\/Design-sem-nome-4-e1741200616392.png\",\"width\":750,\"height\":563,\"caption\":\"Mz Not\u00edcia\"},\"image\":{\"@id\":\"https:\\\/\\\/mznoticia.com.br\\\/jaguariaiva\\\/#\\\/schema\\\/logo\\\/image\\\/\"},\"sameAs\":[\"https:\\\/\\\/www.facebook.com\\\/profile.php?id=61573479951222\",\"https:\\\/\\\/www.instagram.com\\\/mz.jaguariaiva\\\/\"]},{\"@type\":\"Person\",\"@id\":\"https:\\\/\\\/mznoticia.com.br\\\/jaguariaiva\\\/#\\\/schema\\\/person\\\/7ecde13ae5f5a92f0ff9b2155d7a6d6e\",\"name\":\"Reda\u00e7\u00e3o MZ\",\"image\":{\"@type\":\"ImageObject\",\"inLanguage\":\"pt-BR\",\"@id\":\"https:\\\/\\\/mznoticia.com.br\\\/jaguariaiva\\\/wp-content\\\/uploads\\\/2025\\\/02\\\/mznoticia_jaguariaiva_coluna-150x150.png\",\"url\":\"https:\\\/\\\/mznoticia.com.br\\\/jaguariaiva\\\/wp-content\\\/uploads\\\/2025\\\/02\\\/mznoticia_jaguariaiva_coluna-150x150.png\",\"contentUrl\":\"https:\\\/\\\/mznoticia.com.br\\\/jaguariaiva\\\/wp-content\\\/uploads\\\/2025\\\/02\\\/mznoticia_jaguariaiva_coluna-150x150.png\",\"caption\":\"Reda\u00e7\u00e3o MZ\"},\"url\":\"https:\\\/\\\/mznoticia.com.br\\\/jaguariaiva\\\/author\\\/yan\\\/\"}]}<\/script>\n<!-- \/ Yoast SEO plugin. -->","yoast_head_json":{"title":"Urgente:Toffoli suspende campanha de Renan Santos \u00e0 Presid\u00eancia e pro\u00edbe participa\u00e7\u00e3o em debates - Mz Not\u00edcias","description":"Ministro Dias Toffoli suspende atividades da campanha presidencial de Renan Santos, incluindo propaganda digital, recursos eleitorais e participa\u00e7\u00e3o em debates.","robots":{"index":"index","follow":"follow","max-snippet":"max-snippet:-1","max-image-preview":"max-image-preview:large","max-video-preview":"max-video-preview:-1"},"canonical":"https:\/\/mznoticia.com.br\/jaguariaiva\/urgentetoffoli-suspende-campanha-de-renan-santos-a-presidencia-e-proibe-participacao-em-debates\/","og_locale":"pt_BR","og_type":"article","og_title":"Urgente:Toffoli suspende campanha de Renan Santos \u00e0 Presid\u00eancia e pro\u00edbe participa\u00e7\u00e3o em debates - Mz Not\u00edcias","og_description":"Ministro Dias Toffoli suspende atividades da campanha presidencial de Renan Santos, incluindo propaganda digital, recursos eleitorais e participa\u00e7\u00e3o em debates.","og_url":"https:\/\/mznoticia.com.br\/jaguariaiva\/urgentetoffoli-suspende-campanha-de-renan-santos-a-presidencia-e-proibe-participacao-em-debates\/","og_site_name":"Mz Not\u00edcias","article_publisher":"https:\/\/www.facebook.com\/profile.php?id=61573479951222","article_published_time":"2026-08-31T19:14:34+00:00","og_image":[{"width":1040,"height":780,"url":"https:\/\/mznoticia.com.br\/jaguariaiva\/wp-content\/uploads\/2026\/08\/renan-1.webp","type":"image\/webp"}],"author":"Reda\u00e7\u00e3o MZ","twitter_card":"summary_large_image","twitter_misc":{"Escrito por":"Reda\u00e7\u00e3o MZ","Est. tempo de leitura":"3 minutos"},"schema":{"@context":"https:\/\/schema.org","@graph":[{"@type":"Article","@id":"https:\/\/mznoticia.com.br\/jaguariaiva\/urgentetoffoli-suspende-campanha-de-renan-santos-a-presidencia-e-proibe-participacao-em-debates\/#article","isPartOf":{"@id":"https:\/\/mznoticia.com.br\/jaguariaiva\/urgentetoffoli-suspende-campanha-de-renan-santos-a-presidencia-e-proibe-participacao-em-debates\/"},"author":{"name":"Reda\u00e7\u00e3o MZ","@id":"https:\/\/mznoticia.com.br\/jaguariaiva\/#\/schema\/person\/7ecde13ae5f5a92f0ff9b2155d7a6d6e"},"headline":"Urgente:Toffoli suspende campanha de Renan Santos \u00e0 Presid\u00eancia e pro\u00edbe participa\u00e7\u00e3o em debates","datePublished":"2026-08-31T19:14:34+00:00","mainEntityOfPage":{"@id":"https:\/\/mznoticia.com.br\/jaguariaiva\/urgentetoffoli-suspende-campanha-de-renan-santos-a-presidencia-e-proibe-participacao-em-debates\/"},"wordCount":543,"commentCount":0,"publisher":{"@id":"https:\/\/mznoticia.com.br\/jaguariaiva\/#organization"},"image":{"@id":"https:\/\/mznoticia.com.br\/jaguariaiva\/urgentetoffoli-suspende-campanha-de-renan-santos-a-presidencia-e-proibe-participacao-em-debates\/#primaryimage"},"thumbnailUrl":"https:\/\/mznoticia.com.br\/jaguariaiva\/wp-content\/uploads\/2026\/08\/renan-1.webp","keywords":["destaque","Dias Toffoli","Elei\u00e7\u00f5es 2026","Justi\u00e7a Eleitoral","MBL","Miss\u00e3o","politica","Presid\u00eancia","Renan Santos","TSE"],"articleSection":["Brasil","Elei\u00e7\u00f5es","Geral","Pol\u00edtica"],"inLanguage":"pt-BR","potentialAction":[{"@type":"CommentAction","name":"Comment","target":["https:\/\/mznoticia.com.br\/jaguariaiva\/urgentetoffoli-suspende-campanha-de-renan-santos-a-presidencia-e-proibe-participacao-em-debates\/#respond"]}]},{"@type":"WebPage","@id":"https:\/\/mznoticia.com.br\/jaguariaiva\/urgentetoffoli-suspende-campanha-de-renan-santos-a-presidencia-e-proibe-participacao-em-debates\/","url":"https:\/\/mznoticia.com.br\/jaguariaiva\/urgentetoffoli-suspende-campanha-de-renan-santos-a-presidencia-e-proibe-participacao-em-debates\/","name":"Urgente:Toffoli suspende campanha de Renan Santos \u00e0 Presid\u00eancia e pro\u00edbe participa\u00e7\u00e3o em debates - Mz Not\u00edcias","isPartOf":{"@id":"https:\/\/mznoticia.com.br\/jaguariaiva\/#website"},"primaryImageOfPage":{"@id":"https:\/\/mznoticia.com.br\/jaguariaiva\/urgentetoffoli-suspende-campanha-de-renan-santos-a-presidencia-e-proibe-participacao-em-debates\/#primaryimage"},"image":{"@id":"https:\/\/mznoticia.com.br\/jaguariaiva\/urgentetoffoli-suspende-campanha-de-renan-santos-a-presidencia-e-proibe-participacao-em-debates\/#primaryimage"},"thumbnailUrl":"https:\/\/mznoticia.com.br\/jaguariaiva\/wp-content\/uploads\/2026\/08\/renan-1.webp","datePublished":"2026-08-31T19:14:34+00:00","description":"Ministro Dias Toffoli suspende atividades da campanha presidencial de Renan Santos, incluindo propaganda digital, recursos eleitorais e participa\u00e7\u00e3o em debates.","breadcrumb":{"@id":"https:\/\/mznoticia.com.br\/jaguariaiva\/urgentetoffoli-suspende-campanha-de-renan-santos-a-presidencia-e-proibe-participacao-em-debates\/#breadcrumb"},"inLanguage":"pt-BR","potentialAction":[{"@type":"ReadAction","target":["https:\/\/mznoticia.com.br\/jaguariaiva\/urgentetoffoli-suspende-campanha-de-renan-santos-a-presidencia-e-proibe-participacao-em-debates\/"]}]},{"@type":"ImageObject","inLanguage":"pt-BR","@id":"https:\/\/mznoticia.com.br\/jaguariaiva\/urgentetoffoli-suspende-campanha-de-renan-santos-a-presidencia-e-proibe-participacao-em-debates\/#primaryimage","url":"https:\/\/mznoticia.com.br\/jaguariaiva\/wp-content\/uploads\/2026\/08\/renan-1.webp","contentUrl":"https:\/\/mznoticia.com.br\/jaguariaiva\/wp-content\/uploads\/2026\/08\/renan-1.webp","width":1040,"height":780},{"@type":"BreadcrumbList","@id":"https:\/\/mznoticia.com.br\/jaguariaiva\/urgentetoffoli-suspende-campanha-de-renan-santos-a-presidencia-e-proibe-participacao-em-debates\/#breadcrumb","itemListElement":[{"@type":"ListItem","position":1,"name":"Home","item":"https:\/\/mznoticia.com.br\/jaguariaiva\/"},{"@type":"ListItem","position":2,"name":"Urgente:Toffoli suspende campanha de Renan Santos \u00e0 Presid\u00eancia e pro\u00edbe participa\u00e7\u00e3o em debates"}]},{"@type":"WebSite","@id":"https:\/\/mznoticia.com.br\/jaguariaiva\/#website","url":"https:\/\/mznoticia.com.br\/jaguariaiva\/","name":"Mz Not\u00edcia","description":"A informa\u00e7\u00e3o que voc\u00ea precisa na hora certa!","publisher":{"@id":"https:\/\/mznoticia.com.br\/jaguariaiva\/#organization"},"potentialAction":[{"@type":"SearchAction","target":{"@type":"EntryPoint","urlTemplate":"https:\/\/mznoticia.com.br\/jaguariaiva\/?s={search_term_string}"},"query-input":{"@type":"PropertyValueSpecification","valueRequired":true,"valueName":"search_term_string"}}],"inLanguage":"pt-BR"},{"@type":"Organization","@id":"https:\/\/mznoticia.com.br\/jaguariaiva\/#organization","name":"Mz Not\u00edcia","url":"https:\/\/mznoticia.com.br\/jaguariaiva\/","logo":{"@type":"ImageObject","inLanguage":"pt-BR","@id":"https:\/\/mznoticia.com.br\/jaguariaiva\/#\/schema\/logo\/image\/","url":"https:\/\/mznoticia.com.br\/jaguariaiva\/wp-content\/uploads\/2025\/03\/Design-sem-nome-4-e1741200616392.png","contentUrl":"https:\/\/mznoticia.com.br\/jaguariaiva\/wp-content\/uploads\/2025\/03\/Design-sem-nome-4-e1741200616392.png","width":750,"height":563,"caption":"Mz Not\u00edcia"},"image":{"@id":"https:\/\/mznoticia.com.br\/jaguariaiva\/#\/schema\/logo\/image\/"},"sameAs":["https:\/\/www.facebook.com\/profile.php?id=61573479951222","https:\/\/www.instagram.com\/mz.jaguariaiva\/"]},{"@type":"Person","@id":"https:\/\/mznoticia.com.br\/jaguariaiva\/#\/schema\/person\/7ecde13ae5f5a92f0ff9b2155d7a6d6e","name":"Reda\u00e7\u00e3o MZ","image":{"@type":"ImageObject","inLanguage":"pt-BR","@id":"https:\/\/mznoticia.com.br\/jaguariaiva\/wp-content\/uploads\/2025\/02\/mznoticia_jaguariaiva_coluna-150x150.png","url":"https:\/\/mznoticia.com.br\/jaguariaiva\/wp-content\/uploads\/2025\/02\/mznoticia_jaguariaiva_coluna-150x150.png","contentUrl":"https:\/\/mznoticia.com.br\/jaguariaiva\/wp-content\/uploads\/2025\/02\/mznoticia_jaguariaiva_coluna-150x150.png","caption":"Reda\u00e7\u00e3o MZ"},"url":"https:\/\/mznoticia.com.br\/jaguariaiva\/author\/yan\/"}]}},"_links":{"self":[{"href":"https:\/\/mznoticia.com.br\/jaguariaiva\/wp-json\/wp\/v2\/posts\/7441","targetHints":{"allow":["GET"]}}],"collection":[{"href":"https:\/\/mznoticia.com.br\/jaguariaiva\/wp-json\/wp\/v2\/posts"}],"about":[{"href":"https:\/\/mznoticia.com.br\/jaguariaiva\/wp-json\/wp\/v2\/types\/post"}],"author":[{"embeddable":true,"href":"https:\/\/mznoticia.com.br\/jaguariaiva\/wp-json\/wp\/v2\/users\/18"}],"replies":[{"embeddable":true,"href":"https:\/\/mznoticia.com.br\/jaguariaiva\/wp-json\/wp\/v2\/comments?post=7441"}],"version-history":[{"count":1,"href":"https:\/\/mznoticia.com.br\/jaguariaiva\/wp-json\/wp\/v2\/posts\/7441\/revisions"}],"predecessor-version":[{"id":7443,"href":"https:\/\/mznoticia.com.br\/jaguariaiva\/wp-json\/wp\/v2\/posts\/7441\/revisions\/7443"}],"wp:featuredmedia":[{"embeddable":true,"href":"https:\/\/mznoticia.com.br\/jaguariaiva\/wp-json\/wp\/v2\/media\/7442"}],"wp:attachment":[{"href":"https:\/\/mznoticia.com.br\/jaguariaiva\/wp-json\/wp\/v2\/media?parent=7441"}],"wp:term":[{"taxonomy":"category","embeddable":true,"href":"https:\/\/mznoticia.com.br\/jaguariaiva\/wp-json\/wp\/v2\/categories?post=7441"},{"taxonomy":"post_tag","embeddable":true,"href":"https:\/\/mznoticia.com.br\/jaguariaiva\/wp-json\/wp\/v2\/tags?post=7441"}],"curies":[{"name":"wp","href":"https:\/\/api.w.org\/{rel}","templated":true}]}}