{"id":7447,"date":"2026-08-31T19:40:01","date_gmt":"2026-08-31T19:40:01","guid":{"rendered":"https:\/\/mznoticia.com.br\/jaguariaiva\/?p=7447"},"modified":"2026-08-31T19:40:01","modified_gmt":"2026-08-31T19:40:01","slug":"morre-carlos-monforte-um-dos-grandes-nomes-do-jornalismo-brasileiro-aos-77-anos","status":"publish","type":"post","link":"https:\/\/mznoticia.com.br\/jaguariaiva\/morre-carlos-monforte-um-dos-grandes-nomes-do-jornalismo-brasileiro-aos-77-anos\/","title":{"rendered":"Morre Carlos Monforte, um dos grandes nomes do jornalismo brasileiro, aos 77 anos"},"content":{"rendered":"<h2>Jornalista fez hist\u00f3ria na TV brasileira, comandou o Bom Dia Brasil e se tornou um dos primeiros \u00e2ncoras do telejornalismo nacional<\/h2>\n<p class=\"isSelectedEnd\">O jornalismo brasileiro perdeu nesta segunda-feira (31) um de seus nomes mais marcantes. <strong>Carlos Monforte morreu aos 77 anos<\/strong>, deixando uma trajet\u00f3ria de d\u00e9cadas na televis\u00e3o e uma importante contribui\u00e7\u00e3o para a hist\u00f3ria do telejornalismo no pa\u00eds.<\/p>\n<p class=\"isSelectedEnd\">A morte do jornalista foi divulgada nesta segunda-feira. A causa n\u00e3o foi oficialmente informada, mas Monforte fazia tratamento contra um c\u00e2ncer.<\/p>\n<p class=\"isSelectedEnd\">Com uma carreira constru\u00edda ao longo de quase quatro d\u00e9cadas na TV Globo e na GloboNews, Carlos Monforte se tornou um dos principais nomes do jornalismo brasileiro e ajudou a consolidar a figura do \u00e2ncora na televis\u00e3o nacional.<\/p>\n<h2>Primeiro apresentador do Bom Dia Brasil<\/h2>\n<p class=\"isSelectedEnd\">Carlos Monforte entrou na TV Globo em 1978, inicialmente como rep\u00f3rter em S\u00e3o Paulo. Ao longo dos anos, assumiu fun\u00e7\u00f5es cada vez mais importantes dentro da emissora.<\/p>\n<p class=\"isSelectedEnd\">Em 1982, passou a atuar como editor de pol\u00edtica do Jornal da Globo e tamb\u00e9m assumiu a apresenta\u00e7\u00e3o e a edi\u00e7\u00e3o do Bom Dia S\u00e3o Paulo.<\/p>\n<p class=\"isSelectedEnd\">No ano seguinte, em 1983, Monforte fez hist\u00f3ria ao se tornar o primeiro apresentador e editor-chefe do rec\u00e9m-criado <strong>Bom Dia Brasil<\/strong>.<\/p>\n<p class=\"isSelectedEnd\">Ele permaneceu durante nove anos \u00e0 frente do telejornal e participou de uma fase importante da consolida\u00e7\u00e3o do jornalismo matinal na televis\u00e3o brasileira.<\/p>\n<h2>Um dos primeiros \u00e2ncoras do Brasil<\/h2>\n<p class=\"isSelectedEnd\">Carlos Monforte era considerado um dos pioneiros da fun\u00e7\u00e3o de \u00e2ncora no telejornalismo brasileiro.<\/p>\n<p class=\"isSelectedEnd\">Para ele, por\u00e9m, o papel desempenhado por um \u00e2ncora no Brasil era diferente daquele tradicionalmente conhecido nos Estados Unidos.<\/p>\n<p class=\"isSelectedEnd\">Monforte explicou, em entrevista ao projeto Mem\u00f3ria Globo, que o profissional brasileiro tamb\u00e9m tinha participa\u00e7\u00e3o direta nas decis\u00f5es editoriais do jornal, ajudando a definir o conte\u00fado e a organiza\u00e7\u00e3o das not\u00edcias apresentadas ao p\u00fablico.<\/p>\n<p class=\"isSelectedEnd\">Essa caracter\u00edstica marcou sua trajet\u00f3ria profissional e ajudou a consolidar seu nome como uma das refer\u00eancias do jornalismo televisivo brasileiro.<\/p>\n<h2>Carreira tamb\u00e9m passou pela GloboNews<\/h2>\n<p class=\"isSelectedEnd\">Ap\u00f3s uma passagem pela Confedera\u00e7\u00e3o Nacional da Ind\u00fastria (CNI), Carlos Monforte retornou \u00e0 Globo como rep\u00f3rter especial em Bras\u00edlia.<\/p>\n<p class=\"isSelectedEnd\">Mais tarde, passou a integrar a GloboNews, onde teve uma longa trajet\u00f3ria profissional.<\/p>\n<p class=\"isSelectedEnd\">Ao longo dos anos, trabalhou como coordenador, apresentou o <strong>Jornal das Dez<\/strong> e participou de outros programas jornal\u00edsticos da emissora.<\/p>\n<p class=\"isSelectedEnd\">Carlos Monforte deixou o grupo Globo em 2016, ap\u00f3s d\u00e9cadas dedicadas ao jornalismo.<\/p>\n<h2>Carreira ficou marcada pelo epis\u00f3dio da parab\u00f3lica<\/h2>\n<p class=\"isSelectedEnd\">Entre os epis\u00f3dios mais conhecidos de sua trajet\u00f3ria est\u00e1 o chamado <strong>\u201cesc\u00e2ndalo da parab\u00f3lica\u201d<\/strong>, ocorrido em 1994.<\/p>\n<p class=\"isSelectedEnd\">Na ocasi\u00e3o, uma conversa informal entre Monforte e o ent\u00e3o ministro da Fazenda, Rubens Ricupero, acabou sendo captada por espectadores que utilizavam antenas parab\u00f3licas.<\/p>\n<p class=\"isSelectedEnd\">O epis\u00f3dio ganhou grande repercuss\u00e3o nacional e marcou um dos momentos pol\u00edticos mais lembrados da d\u00e9cada de 1990, culminando posteriormente na sa\u00edda de Ricupero do governo.<\/p>\n<p>Com uma trajet\u00f3ria que atravessou diferentes fases da televis\u00e3o brasileira, Carlos Monforte deixa um legado importante para o jornalismo nacional e para a hist\u00f3ria do telejornalismo no pa\u00eds.<\/p>\n","protected":false},"excerpt":{"rendered":"<p>Jornalista fez hist\u00f3ria na TV brasileira, comandou o Bom Dia Brasil e se tornou um dos primeiros \u00e2ncoras do telejornalismo nacional O jornalismo brasileiro perdeu nesta segunda-feira (31) um de seus nomes mais marcantes. Carlos Monforte morreu aos 77 anos, deixando uma trajet\u00f3ria de d\u00e9cadas na televis\u00e3o e uma importante contribui\u00e7\u00e3o para a hist\u00f3ria do [&hellip;]<\/p>\n","protected":false},"author":18,"featured_media":7448,"comment_status":"open","ping_status":"open","sticky":false,"template":"","format":"standard","meta":{"footnotes":""},"categories":[5,130],"tags":[3085,3083,3084,1988,3087,3086,2900,2224],"class_list":["post-7447","post","type-post","status-publish","format-standard","has-post-thumbnail","hentry","category-brasil","category-famosos","tag-bom-dia-brasil","tag-carlos-monforte","tag-globonews","tag-jornalismo","tag-jornalismo-brasileiro","tag-jornalista","tag-televisao","tag-tv-globo"],"yoast_head":"<!-- This site is optimized with the Yoast SEO plugin v28.1 - https:\/\/yoast.com\/product\/yoast-seo-wordpress\/ -->\n<title>Morre Carlos Monforte, um dos grandes nomes do jornalismo brasileiro, aos 77 anos - Mz Not\u00edcias<\/title>\n<meta name=\"description\" content=\"Carlos Monforte morreu aos 77 anos nesta segunda-feira. Jornalista foi um dos pioneiros como \u00e2ncora do telejornalismo brasileiro e comandou o Bom Dia Brasil.\" \/>\n<meta name=\"robots\" content=\"index, follow, max-snippet:-1, max-image-preview:large, max-video-preview:-1\" \/>\n<link rel=\"canonical\" href=\"https:\/\/mznoticia.com.br\/jaguariaiva\/morre-carlos-monforte-um-dos-grandes-nomes-do-jornalismo-brasileiro-aos-77-anos\/\" \/>\n<meta property=\"og:locale\" content=\"pt_BR\" \/>\n<meta property=\"og:type\" content=\"article\" \/>\n<meta property=\"og:title\" content=\"Morre Carlos Monforte, um dos grandes nomes do jornalismo brasileiro, aos 77 anos - Mz Not\u00edcias\" \/>\n<meta property=\"og:description\" content=\"Carlos Monforte morreu aos 77 anos nesta segunda-feira. Jornalista foi um dos pioneiros como \u00e2ncora do telejornalismo brasileiro e comandou o Bom Dia Brasil.\" \/>\n<meta property=\"og:url\" content=\"https:\/\/mznoticia.com.br\/jaguariaiva\/morre-carlos-monforte-um-dos-grandes-nomes-do-jornalismo-brasileiro-aos-77-anos\/\" \/>\n<meta property=\"og:site_name\" content=\"Mz Not\u00edcias\" \/>\n<meta property=\"article:publisher\" content=\"https:\/\/www.facebook.com\/profile.php?id=61573479951222\" \/>\n<meta property=\"article:published_time\" content=\"2026-08-31T19:40:01+00:00\" \/>\n<meta property=\"og:image\" content=\"https:\/\/mznoticia.com.br\/jaguariaiva\/wp-content\/uploads\/2026\/08\/jornal.webp\" \/>\n\t<meta property=\"og:image:width\" content=\"1212\" \/>\n\t<meta property=\"og:image:height\" content=\"909\" \/>\n\t<meta property=\"og:image:type\" content=\"image\/webp\" \/>\n<meta name=\"author\" content=\"Reda\u00e7\u00e3o MZ\" \/>\n<meta name=\"twitter:card\" content=\"summary_large_image\" \/>\n<meta name=\"twitter:label1\" content=\"Escrito por\" \/>\n\t<meta name=\"twitter:data1\" content=\"Reda\u00e7\u00e3o MZ\" \/>\n\t<meta name=\"twitter:label2\" content=\"Est. tempo de leitura\" \/>\n\t<meta name=\"twitter:data2\" content=\"3 minutos\" \/>\n<script type=\"application\/ld+json\" class=\"yoast-schema-graph\">{\"@context\":\"https:\\\/\\\/schema.org\",\"@graph\":[{\"@type\":\"Article\",\"@id\":\"https:\\\/\\\/mznoticia.com.br\\\/jaguariaiva\\\/morre-carlos-monforte-um-dos-grandes-nomes-do-jornalismo-brasileiro-aos-77-anos\\\/#article\",\"isPartOf\":{\"@id\":\"https:\\\/\\\/mznoticia.com.br\\\/jaguariaiva\\\/morre-carlos-monforte-um-dos-grandes-nomes-do-jornalismo-brasileiro-aos-77-anos\\\/\"},\"author\":{\"name\":\"Reda\u00e7\u00e3o MZ\",\"@id\":\"https:\\\/\\\/mznoticia.com.br\\\/jaguariaiva\\\/#\\\/schema\\\/person\\\/7ecde13ae5f5a92f0ff9b2155d7a6d6e\"},\"headline\":\"Morre Carlos Monforte, um dos grandes nomes do jornalismo brasileiro, aos 77 anos\",\"datePublished\":\"2026-08-31T19:40:01+00:00\",\"mainEntityOfPage\":{\"@id\":\"https:\\\/\\\/mznoticia.com.br\\\/jaguariaiva\\\/morre-carlos-monforte-um-dos-grandes-nomes-do-jornalismo-brasileiro-aos-77-anos\\\/\"},\"wordCount\":552,\"commentCount\":0,\"publisher\":{\"@id\":\"https:\\\/\\\/mznoticia.com.br\\\/jaguariaiva\\\/#organization\"},\"image\":{\"@id\":\"https:\\\/\\\/mznoticia.com.br\\\/jaguariaiva\\\/morre-carlos-monforte-um-dos-grandes-nomes-do-jornalismo-brasileiro-aos-77-anos\\\/#primaryimage\"},\"thumbnailUrl\":\"https:\\\/\\\/mznoticia.com.br\\\/jaguariaiva\\\/wp-content\\\/uploads\\\/2026\\\/08\\\/jornal.webp\",\"keywords\":[\"Bom Dia Brasil\",\"Carlos Monforte\",\"GloboNews\",\"Jornalismo\",\"Jornalismo Brasileiro\",\"Jornalista\",\"televis\u00e3o\",\"TV Globo\"],\"articleSection\":[\"Brasil\",\"Famosos\"],\"inLanguage\":\"pt-BR\",\"potentialAction\":[{\"@type\":\"CommentAction\",\"name\":\"Comment\",\"target\":[\"https:\\\/\\\/mznoticia.com.br\\\/jaguariaiva\\\/morre-carlos-monforte-um-dos-grandes-nomes-do-jornalismo-brasileiro-aos-77-anos\\\/#respond\"]}]},{\"@type\":\"WebPage\",\"@id\":\"https:\\\/\\\/mznoticia.com.br\\\/jaguariaiva\\\/morre-carlos-monforte-um-dos-grandes-nomes-do-jornalismo-brasileiro-aos-77-anos\\\/\",\"url\":\"https:\\\/\\\/mznoticia.com.br\\\/jaguariaiva\\\/morre-carlos-monforte-um-dos-grandes-nomes-do-jornalismo-brasileiro-aos-77-anos\\\/\",\"name\":\"Morre Carlos Monforte, um dos grandes nomes do jornalismo brasileiro, aos 77 anos - Mz Not\u00edcias\",\"isPartOf\":{\"@id\":\"https:\\\/\\\/mznoticia.com.br\\\/jaguariaiva\\\/#website\"},\"primaryImageOfPage\":{\"@id\":\"https:\\\/\\\/mznoticia.com.br\\\/jaguariaiva\\\/morre-carlos-monforte-um-dos-grandes-nomes-do-jornalismo-brasileiro-aos-77-anos\\\/#primaryimage\"},\"image\":{\"@id\":\"https:\\\/\\\/mznoticia.com.br\\\/jaguariaiva\\\/morre-carlos-monforte-um-dos-grandes-nomes-do-jornalismo-brasileiro-aos-77-anos\\\/#primaryimage\"},\"thumbnailUrl\":\"https:\\\/\\\/mznoticia.com.br\\\/jaguariaiva\\\/wp-content\\\/uploads\\\/2026\\\/08\\\/jornal.webp\",\"datePublished\":\"2026-08-31T19:40:01+00:00\",\"description\":\"Carlos Monforte morreu aos 77 anos nesta segunda-feira. Jornalista foi um dos pioneiros como \u00e2ncora do telejornalismo brasileiro e comandou o Bom Dia Brasil.\",\"breadcrumb\":{\"@id\":\"https:\\\/\\\/mznoticia.com.br\\\/jaguariaiva\\\/morre-carlos-monforte-um-dos-grandes-nomes-do-jornalismo-brasileiro-aos-77-anos\\\/#breadcrumb\"},\"inLanguage\":\"pt-BR\",\"potentialAction\":[{\"@type\":\"ReadAction\",\"target\":[\"https:\\\/\\\/mznoticia.com.br\\\/jaguariaiva\\\/morre-carlos-monforte-um-dos-grandes-nomes-do-jornalismo-brasileiro-aos-77-anos\\\/\"]}]},{\"@type\":\"ImageObject\",\"inLanguage\":\"pt-BR\",\"@id\":\"https:\\\/\\\/mznoticia.com.br\\\/jaguariaiva\\\/morre-carlos-monforte-um-dos-grandes-nomes-do-jornalismo-brasileiro-aos-77-anos\\\/#primaryimage\",\"url\":\"https:\\\/\\\/mznoticia.com.br\\\/jaguariaiva\\\/wp-content\\\/uploads\\\/2026\\\/08\\\/jornal.webp\",\"contentUrl\":\"https:\\\/\\\/mznoticia.com.br\\\/jaguariaiva\\\/wp-content\\\/uploads\\\/2026\\\/08\\\/jornal.webp\",\"width\":1212,\"height\":909},{\"@type\":\"BreadcrumbList\",\"@id\":\"https:\\\/\\\/mznoticia.com.br\\\/jaguariaiva\\\/morre-carlos-monforte-um-dos-grandes-nomes-do-jornalismo-brasileiro-aos-77-anos\\\/#breadcrumb\",\"itemListElement\":[{\"@type\":\"ListItem\",\"position\":1,\"name\":\"Home\",\"item\":\"https:\\\/\\\/mznoticia.com.br\\\/jaguariaiva\\\/\"},{\"@type\":\"ListItem\",\"position\":2,\"name\":\"Morre Carlos Monforte, um dos grandes nomes do jornalismo brasileiro, aos 77 anos\"}]},{\"@type\":\"WebSite\",\"@id\":\"https:\\\/\\\/mznoticia.com.br\\\/jaguariaiva\\\/#website\",\"url\":\"https:\\\/\\\/mznoticia.com.br\\\/jaguariaiva\\\/\",\"name\":\"Mz Not\u00edcia\",\"description\":\"A informa\u00e7\u00e3o que voc\u00ea precisa na hora certa!\",\"publisher\":{\"@id\":\"https:\\\/\\\/mznoticia.com.br\\\/jaguariaiva\\\/#organization\"},\"potentialAction\":[{\"@type\":\"SearchAction\",\"target\":{\"@type\":\"EntryPoint\",\"urlTemplate\":\"https:\\\/\\\/mznoticia.com.br\\\/jaguariaiva\\\/?s={search_term_string}\"},\"query-input\":{\"@type\":\"PropertyValueSpecification\",\"valueRequired\":true,\"valueName\":\"search_term_string\"}}],\"inLanguage\":\"pt-BR\"},{\"@type\":\"Organization\",\"@id\":\"https:\\\/\\\/mznoticia.com.br\\\/jaguariaiva\\\/#organization\",\"name\":\"Mz Not\u00edcia\",\"url\":\"https:\\\/\\\/mznoticia.com.br\\\/jaguariaiva\\\/\",\"logo\":{\"@type\":\"ImageObject\",\"inLanguage\":\"pt-BR\",\"@id\":\"https:\\\/\\\/mznoticia.com.br\\\/jaguariaiva\\\/#\\\/schema\\\/logo\\\/image\\\/\",\"url\":\"https:\\\/\\\/mznoticia.com.br\\\/jaguariaiva\\\/wp-content\\\/uploads\\\/2025\\\/03\\\/Design-sem-nome-4-e1741200616392.png\",\"contentUrl\":\"https:\\\/\\\/mznoticia.com.br\\\/jaguariaiva\\\/wp-content\\\/uploads\\\/2025\\\/03\\\/Design-sem-nome-4-e1741200616392.png\",\"width\":750,\"height\":563,\"caption\":\"Mz Not\u00edcia\"},\"image\":{\"@id\":\"https:\\\/\\\/mznoticia.com.br\\\/jaguariaiva\\\/#\\\/schema\\\/logo\\\/image\\\/\"},\"sameAs\":[\"https:\\\/\\\/www.facebook.com\\\/profile.php?id=61573479951222\",\"https:\\\/\\\/www.instagram.com\\\/mz.jaguariaiva\\\/\"]},{\"@type\":\"Person\",\"@id\":\"https:\\\/\\\/mznoticia.com.br\\\/jaguariaiva\\\/#\\\/schema\\\/person\\\/7ecde13ae5f5a92f0ff9b2155d7a6d6e\",\"name\":\"Reda\u00e7\u00e3o MZ\",\"image\":{\"@type\":\"ImageObject\",\"inLanguage\":\"pt-BR\",\"@id\":\"https:\\\/\\\/mznoticia.com.br\\\/jaguariaiva\\\/wp-content\\\/uploads\\\/2025\\\/02\\\/mznoticia_jaguariaiva_coluna-150x150.png\",\"url\":\"https:\\\/\\\/mznoticia.com.br\\\/jaguariaiva\\\/wp-content\\\/uploads\\\/2025\\\/02\\\/mznoticia_jaguariaiva_coluna-150x150.png\",\"contentUrl\":\"https:\\\/\\\/mznoticia.com.br\\\/jaguariaiva\\\/wp-content\\\/uploads\\\/2025\\\/02\\\/mznoticia_jaguariaiva_coluna-150x150.png\",\"caption\":\"Reda\u00e7\u00e3o MZ\"},\"url\":\"https:\\\/\\\/mznoticia.com.br\\\/jaguariaiva\\\/author\\\/yan\\\/\"}]}<\/script>\n<!-- \/ Yoast SEO plugin. -->","yoast_head_json":{"title":"Morre Carlos Monforte, um dos grandes nomes do jornalismo brasileiro, aos 77 anos - Mz Not\u00edcias","description":"Carlos Monforte morreu aos 77 anos nesta segunda-feira. Jornalista foi um dos pioneiros como \u00e2ncora do telejornalismo brasileiro e comandou o Bom Dia Brasil.","robots":{"index":"index","follow":"follow","max-snippet":"max-snippet:-1","max-image-preview":"max-image-preview:large","max-video-preview":"max-video-preview:-1"},"canonical":"https:\/\/mznoticia.com.br\/jaguariaiva\/morre-carlos-monforte-um-dos-grandes-nomes-do-jornalismo-brasileiro-aos-77-anos\/","og_locale":"pt_BR","og_type":"article","og_title":"Morre Carlos Monforte, um dos grandes nomes do jornalismo brasileiro, aos 77 anos - Mz Not\u00edcias","og_description":"Carlos Monforte morreu aos 77 anos nesta segunda-feira. Jornalista foi um dos pioneiros como \u00e2ncora do telejornalismo brasileiro e comandou o Bom Dia Brasil.","og_url":"https:\/\/mznoticia.com.br\/jaguariaiva\/morre-carlos-monforte-um-dos-grandes-nomes-do-jornalismo-brasileiro-aos-77-anos\/","og_site_name":"Mz Not\u00edcias","article_publisher":"https:\/\/www.facebook.com\/profile.php?id=61573479951222","article_published_time":"2026-08-31T19:40:01+00:00","og_image":[{"width":1212,"height":909,"url":"https:\/\/mznoticia.com.br\/jaguariaiva\/wp-content\/uploads\/2026\/08\/jornal.webp","type":"image\/webp"}],"author":"Reda\u00e7\u00e3o MZ","twitter_card":"summary_large_image","twitter_misc":{"Escrito por":"Reda\u00e7\u00e3o MZ","Est. tempo de leitura":"3 minutos"},"schema":{"@context":"https:\/\/schema.org","@graph":[{"@type":"Article","@id":"https:\/\/mznoticia.com.br\/jaguariaiva\/morre-carlos-monforte-um-dos-grandes-nomes-do-jornalismo-brasileiro-aos-77-anos\/#article","isPartOf":{"@id":"https:\/\/mznoticia.com.br\/jaguariaiva\/morre-carlos-monforte-um-dos-grandes-nomes-do-jornalismo-brasileiro-aos-77-anos\/"},"author":{"name":"Reda\u00e7\u00e3o MZ","@id":"https:\/\/mznoticia.com.br\/jaguariaiva\/#\/schema\/person\/7ecde13ae5f5a92f0ff9b2155d7a6d6e"},"headline":"Morre Carlos Monforte, um dos grandes nomes do jornalismo brasileiro, aos 77 anos","datePublished":"2026-08-31T19:40:01+00:00","mainEntityOfPage":{"@id":"https:\/\/mznoticia.com.br\/jaguariaiva\/morre-carlos-monforte-um-dos-grandes-nomes-do-jornalismo-brasileiro-aos-77-anos\/"},"wordCount":552,"commentCount":0,"publisher":{"@id":"https:\/\/mznoticia.com.br\/jaguariaiva\/#organization"},"image":{"@id":"https:\/\/mznoticia.com.br\/jaguariaiva\/morre-carlos-monforte-um-dos-grandes-nomes-do-jornalismo-brasileiro-aos-77-anos\/#primaryimage"},"thumbnailUrl":"https:\/\/mznoticia.com.br\/jaguariaiva\/wp-content\/uploads\/2026\/08\/jornal.webp","keywords":["Bom Dia Brasil","Carlos Monforte","GloboNews","Jornalismo","Jornalismo Brasileiro","Jornalista","televis\u00e3o","TV Globo"],"articleSection":["Brasil","Famosos"],"inLanguage":"pt-BR","potentialAction":[{"@type":"CommentAction","name":"Comment","target":["https:\/\/mznoticia.com.br\/jaguariaiva\/morre-carlos-monforte-um-dos-grandes-nomes-do-jornalismo-brasileiro-aos-77-anos\/#respond"]}]},{"@type":"WebPage","@id":"https:\/\/mznoticia.com.br\/jaguariaiva\/morre-carlos-monforte-um-dos-grandes-nomes-do-jornalismo-brasileiro-aos-77-anos\/","url":"https:\/\/mznoticia.com.br\/jaguariaiva\/morre-carlos-monforte-um-dos-grandes-nomes-do-jornalismo-brasileiro-aos-77-anos\/","name":"Morre Carlos Monforte, um dos grandes nomes do jornalismo brasileiro, aos 77 anos - Mz Not\u00edcias","isPartOf":{"@id":"https:\/\/mznoticia.com.br\/jaguariaiva\/#website"},"primaryImageOfPage":{"@id":"https:\/\/mznoticia.com.br\/jaguariaiva\/morre-carlos-monforte-um-dos-grandes-nomes-do-jornalismo-brasileiro-aos-77-anos\/#primaryimage"},"image":{"@id":"https:\/\/mznoticia.com.br\/jaguariaiva\/morre-carlos-monforte-um-dos-grandes-nomes-do-jornalismo-brasileiro-aos-77-anos\/#primaryimage"},"thumbnailUrl":"https:\/\/mznoticia.com.br\/jaguariaiva\/wp-content\/uploads\/2026\/08\/jornal.webp","datePublished":"2026-08-31T19:40:01+00:00","description":"Carlos Monforte morreu aos 77 anos nesta segunda-feira. Jornalista foi um dos pioneiros como \u00e2ncora do telejornalismo brasileiro e comandou o Bom Dia Brasil.","breadcrumb":{"@id":"https:\/\/mznoticia.com.br\/jaguariaiva\/morre-carlos-monforte-um-dos-grandes-nomes-do-jornalismo-brasileiro-aos-77-anos\/#breadcrumb"},"inLanguage":"pt-BR","potentialAction":[{"@type":"ReadAction","target":["https:\/\/mznoticia.com.br\/jaguariaiva\/morre-carlos-monforte-um-dos-grandes-nomes-do-jornalismo-brasileiro-aos-77-anos\/"]}]},{"@type":"ImageObject","inLanguage":"pt-BR","@id":"https:\/\/mznoticia.com.br\/jaguariaiva\/morre-carlos-monforte-um-dos-grandes-nomes-do-jornalismo-brasileiro-aos-77-anos\/#primaryimage","url":"https:\/\/mznoticia.com.br\/jaguariaiva\/wp-content\/uploads\/2026\/08\/jornal.webp","contentUrl":"https:\/\/mznoticia.com.br\/jaguariaiva\/wp-content\/uploads\/2026\/08\/jornal.webp","width":1212,"height":909},{"@type":"BreadcrumbList","@id":"https:\/\/mznoticia.com.br\/jaguariaiva\/morre-carlos-monforte-um-dos-grandes-nomes-do-jornalismo-brasileiro-aos-77-anos\/#breadcrumb","itemListElement":[{"@type":"ListItem","position":1,"name":"Home","item":"https:\/\/mznoticia.com.br\/jaguariaiva\/"},{"@type":"ListItem","position":2,"name":"Morre Carlos Monforte, um dos grandes nomes do jornalismo brasileiro, aos 77 anos"}]},{"@type":"WebSite","@id":"https:\/\/mznoticia.com.br\/jaguariaiva\/#website","url":"https:\/\/mznoticia.com.br\/jaguariaiva\/","name":"Mz Not\u00edcia","description":"A informa\u00e7\u00e3o que voc\u00ea precisa na hora certa!","publisher":{"@id":"https:\/\/mznoticia.com.br\/jaguariaiva\/#organization"},"potentialAction":[{"@type":"SearchAction","target":{"@type":"EntryPoint","urlTemplate":"https:\/\/mznoticia.com.br\/jaguariaiva\/?s={search_term_string}"},"query-input":{"@type":"PropertyValueSpecification","valueRequired":true,"valueName":"search_term_string"}}],"inLanguage":"pt-BR"},{"@type":"Organization","@id":"https:\/\/mznoticia.com.br\/jaguariaiva\/#organization","name":"Mz Not\u00edcia","url":"https:\/\/mznoticia.com.br\/jaguariaiva\/","logo":{"@type":"ImageObject","inLanguage":"pt-BR","@id":"https:\/\/mznoticia.com.br\/jaguariaiva\/#\/schema\/logo\/image\/","url":"https:\/\/mznoticia.com.br\/jaguariaiva\/wp-content\/uploads\/2025\/03\/Design-sem-nome-4-e1741200616392.png","contentUrl":"https:\/\/mznoticia.com.br\/jaguariaiva\/wp-content\/uploads\/2025\/03\/Design-sem-nome-4-e1741200616392.png","width":750,"height":563,"caption":"Mz Not\u00edcia"},"image":{"@id":"https:\/\/mznoticia.com.br\/jaguariaiva\/#\/schema\/logo\/image\/"},"sameAs":["https:\/\/www.facebook.com\/profile.php?id=61573479951222","https:\/\/www.instagram.com\/mz.jaguariaiva\/"]},{"@type":"Person","@id":"https:\/\/mznoticia.com.br\/jaguariaiva\/#\/schema\/person\/7ecde13ae5f5a92f0ff9b2155d7a6d6e","name":"Reda\u00e7\u00e3o MZ","image":{"@type":"ImageObject","inLanguage":"pt-BR","@id":"https:\/\/mznoticia.com.br\/jaguariaiva\/wp-content\/uploads\/2025\/02\/mznoticia_jaguariaiva_coluna-150x150.png","url":"https:\/\/mznoticia.com.br\/jaguariaiva\/wp-content\/uploads\/2025\/02\/mznoticia_jaguariaiva_coluna-150x150.png","contentUrl":"https:\/\/mznoticia.com.br\/jaguariaiva\/wp-content\/uploads\/2025\/02\/mznoticia_jaguariaiva_coluna-150x150.png","caption":"Reda\u00e7\u00e3o MZ"},"url":"https:\/\/mznoticia.com.br\/jaguariaiva\/author\/yan\/"}]}},"_links":{"self":[{"href":"https:\/\/mznoticia.com.br\/jaguariaiva\/wp-json\/wp\/v2\/posts\/7447","targetHints":{"allow":["GET"]}}],"collection":[{"href":"https:\/\/mznoticia.com.br\/jaguariaiva\/wp-json\/wp\/v2\/posts"}],"about":[{"href":"https:\/\/mznoticia.com.br\/jaguariaiva\/wp-json\/wp\/v2\/types\/post"}],"author":[{"embeddable":true,"href":"https:\/\/mznoticia.com.br\/jaguariaiva\/wp-json\/wp\/v2\/users\/18"}],"replies":[{"embeddable":true,"href":"https:\/\/mznoticia.com.br\/jaguariaiva\/wp-json\/wp\/v2\/comments?post=7447"}],"version-history":[{"count":1,"href":"https:\/\/mznoticia.com.br\/jaguariaiva\/wp-json\/wp\/v2\/posts\/7447\/revisions"}],"predecessor-version":[{"id":7449,"href":"https:\/\/mznoticia.com.br\/jaguariaiva\/wp-json\/wp\/v2\/posts\/7447\/revisions\/7449"}],"wp:featuredmedia":[{"embeddable":true,"href":"https:\/\/mznoticia.com.br\/jaguariaiva\/wp-json\/wp\/v2\/media\/7448"}],"wp:attachment":[{"href":"https:\/\/mznoticia.com.br\/jaguariaiva\/wp-json\/wp\/v2\/media?parent=7447"}],"wp:term":[{"taxonomy":"category","embeddable":true,"href":"https:\/\/mznoticia.com.br\/jaguariaiva\/wp-json\/wp\/v2\/categories?post=7447"},{"taxonomy":"post_tag","embeddable":true,"href":"https:\/\/mznoticia.com.br\/jaguariaiva\/wp-json\/wp\/v2\/tags?post=7447"}],"curies":[{"name":"wp","href":"https:\/\/api.w.org\/{rel}","templated":true}]}}