{"id":7453,"date":"2026-08-31T20:07:35","date_gmt":"2026-08-31T20:07:35","guid":{"rendered":"https:\/\/mznoticia.com.br\/jaguariaiva\/?p=7453"},"modified":"2026-08-31T20:07:35","modified_gmt":"2026-08-31T20:07:35","slug":"marinha-alerta-para-ventos-de-ate-65-km-h-e-mau-tempo-no-litoral-do-parana","status":"publish","type":"post","link":"https:\/\/mznoticia.com.br\/jaguariaiva\/marinha-alerta-para-ventos-de-ate-65-km-h-e-mau-tempo-no-litoral-do-parana\/","title":{"rendered":"Marinha alerta para ventos de at\u00e9 65 km\/h e mau tempo no litoral do Paran\u00e1"},"content":{"rendered":"<h2>Aviso \u00e9 v\u00e1lido at\u00e9 quarta-feira e recomenda aten\u00e7\u00e3o redobrada a navegantes, pescadores e praticantes de esportes n\u00e1uticos<\/h2>\n<p class=\"isSelectedEnd\">A <strong>Marinha do Brasil emitiu um alerta de mau tempo e ventos fortes para todo o litoral do Paran\u00e1<\/strong>. O aviso tamb\u00e9m abrange \u00e1reas costeiras de Santa Catarina, S\u00e3o Paulo e Rio de Janeiro e prev\u00ea rajadas que podem chegar a <strong>65 km\/h<\/strong>.<\/p>\n<p class=\"isSelectedEnd\">O alerta \u00e9 v\u00e1lido entre as manh\u00e3s desta ter\u00e7a-feira (1\u00ba) e quarta-feira (2), devido \u00e0 passagem de uma frente fria pela regi\u00e3o.<\/p>\n<p class=\"isSelectedEnd\">De acordo com as informa\u00e7\u00f5es divulgadas pela Marinha, os ventos devem variar entre as dire\u00e7\u00f5es <strong>Noroeste e Sudoeste<\/strong>, atingindo a faixa litor\u00e2nea entre Laguna, em Santa Catarina, e Arraial do Cabo, no Rio de Janeiro.<\/p>\n<h2>Frente fria deve provocar mudan\u00e7a no tempo<\/h2>\n<p class=\"isSelectedEnd\">A passagem da frente fria deve provocar mudan\u00e7as nas condi\u00e7\u00f5es meteorol\u00f3gicas ao longo da costa brasileira, com ventos fortes afetando especialmente as atividades realizadas no mar.<\/p>\n<p class=\"isSelectedEnd\">No litoral paranaense, o alerta exige aten\u00e7\u00e3o de pescadores, navegantes e pessoas que praticam esportes ou atividades recreativas em embarca\u00e7\u00f5es.<\/p>\n<p class=\"isSelectedEnd\">A orienta\u00e7\u00e3o \u00e9 para que as condi\u00e7\u00f5es do tempo sejam verificadas antes de qualquer sa\u00edda ao mar.<\/p>\n<h2>Marinha pede aten\u00e7\u00e3o redobrada dos navegantes<\/h2>\n<p class=\"isSelectedEnd\">A Marinha refor\u00e7ou o alerta \u00e0s comunidades mar\u00edtimas e pediu ampla divulga\u00e7\u00e3o das informa\u00e7\u00f5es entre pescadores e praticantes de atividades n\u00e1uticas.<\/p>\n<p class=\"isSelectedEnd\">A recomenda\u00e7\u00e3o \u00e9 que navegantes consultem os avisos meteorol\u00f3gicos antes de iniciar viagens ou atividades no mar, principalmente durante o per\u00edodo de vig\u00eancia do alerta.<\/p>\n<p class=\"isSelectedEnd\">Os avisos oficiais sobre as condi\u00e7\u00f5es mar\u00edtimas s\u00e3o atualizados pelos \u00f3rg\u00e3os respons\u00e1veis pelo monitoramento meteorol\u00f3gico e pela navega\u00e7\u00e3o.<\/p>\n<p>Com a previs\u00e3o de ventos de at\u00e9 <strong>65 km\/h<\/strong>, a orienta\u00e7\u00e3o \u00e9 de cautela at\u00e9 a melhora das condi\u00e7\u00f5es no litoral do Paran\u00e1.<\/p>\n","protected":false},"excerpt":{"rendered":"<p>Aviso \u00e9 v\u00e1lido at\u00e9 quarta-feira e recomenda aten\u00e7\u00e3o redobrada a navegantes, pescadores e praticantes de esportes n\u00e1uticos A Marinha do Brasil emitiu um alerta de mau tempo e ventos fortes para todo o litoral do Paran\u00e1. O aviso tamb\u00e9m abrange \u00e1reas costeiras de Santa Catarina, S\u00e3o Paulo e Rio de Janeiro e prev\u00ea rajadas que [&hellip;]<\/p>\n","protected":false},"author":18,"featured_media":7454,"comment_status":"open","ping_status":"open","sticky":false,"template":"","format":"standard","meta":{"footnotes":""},"categories":[1],"tags":[47,1606,1897,1222,3091,860,3092,77,3093,1270],"class_list":["post-7453","post","type-post","status-publish","format-standard","has-post-thumbnail","hentry","category-cultura","tag-destaque","tag-frente-fria","tag-litoral-do-parana","tag-marinha-do-brasil","tag-mau-tempo","tag-meteorologia","tag-navegacao","tag-parana","tag-pescadores","tag-ventos-fortes"],"yoast_head":"<!-- This site is optimized with the Yoast SEO plugin v28.1 - https:\/\/yoast.com\/product\/yoast-seo-wordpress\/ -->\n<title>Marinha alerta para ventos de at\u00e9 65 km\/h e mau tempo no litoral do Paran\u00e1 - Mz Not\u00edcias<\/title>\n<meta name=\"description\" content=\"Marinha do Brasil alerta para mau tempo e ventos de at\u00e9 65 km\/h no litoral do Paran\u00e1. Aviso \u00e9 v\u00e1lido at\u00e9 quarta-feira, 2.\" \/>\n<meta name=\"robots\" content=\"index, follow, max-snippet:-1, max-image-preview:large, max-video-preview:-1\" \/>\n<link rel=\"canonical\" href=\"https:\/\/mznoticia.com.br\/jaguariaiva\/marinha-alerta-para-ventos-de-ate-65-km-h-e-mau-tempo-no-litoral-do-parana\/\" \/>\n<meta property=\"og:locale\" content=\"pt_BR\" \/>\n<meta property=\"og:type\" content=\"article\" \/>\n<meta property=\"og:title\" content=\"Marinha alerta para ventos de at\u00e9 65 km\/h e mau tempo no litoral do Paran\u00e1 - Mz Not\u00edcias\" \/>\n<meta property=\"og:description\" content=\"Marinha do Brasil alerta para mau tempo e ventos de at\u00e9 65 km\/h no litoral do Paran\u00e1. Aviso \u00e9 v\u00e1lido at\u00e9 quarta-feira, 2.\" \/>\n<meta property=\"og:url\" content=\"https:\/\/mznoticia.com.br\/jaguariaiva\/marinha-alerta-para-ventos-de-ate-65-km-h-e-mau-tempo-no-litoral-do-parana\/\" \/>\n<meta property=\"og:site_name\" content=\"Mz Not\u00edcias\" \/>\n<meta property=\"article:publisher\" content=\"https:\/\/www.facebook.com\/profile.php?id=61573479951222\" \/>\n<meta property=\"article:published_time\" content=\"2026-08-31T20:07:35+00:00\" \/>\n<meta property=\"og:image\" content=\"https:\/\/mznoticia.com.br\/jaguariaiva\/wp-content\/uploads\/2026\/08\/gtba.jpg\" \/>\n\t<meta property=\"og:image:width\" content=\"739\" \/>\n\t<meta property=\"og:image:height\" content=\"415\" \/>\n\t<meta property=\"og:image:type\" content=\"image\/jpeg\" \/>\n<meta name=\"author\" content=\"Reda\u00e7\u00e3o MZ\" \/>\n<meta name=\"twitter:card\" content=\"summary_large_image\" \/>\n<meta name=\"twitter:label1\" content=\"Escrito por\" \/>\n\t<meta name=\"twitter:data1\" content=\"Reda\u00e7\u00e3o MZ\" \/>\n\t<meta name=\"twitter:label2\" content=\"Est. tempo de leitura\" \/>\n\t<meta name=\"twitter:data2\" content=\"2 minutos\" \/>\n<script type=\"application\/ld+json\" class=\"yoast-schema-graph\">{\"@context\":\"https:\\\/\\\/schema.org\",\"@graph\":[{\"@type\":\"Article\",\"@id\":\"https:\\\/\\\/mznoticia.com.br\\\/jaguariaiva\\\/marinha-alerta-para-ventos-de-ate-65-km-h-e-mau-tempo-no-litoral-do-parana\\\/#article\",\"isPartOf\":{\"@id\":\"https:\\\/\\\/mznoticia.com.br\\\/jaguariaiva\\\/marinha-alerta-para-ventos-de-ate-65-km-h-e-mau-tempo-no-litoral-do-parana\\\/\"},\"author\":{\"name\":\"Reda\u00e7\u00e3o MZ\",\"@id\":\"https:\\\/\\\/mznoticia.com.br\\\/jaguariaiva\\\/#\\\/schema\\\/person\\\/7ecde13ae5f5a92f0ff9b2155d7a6d6e\"},\"headline\":\"Marinha alerta para ventos de at\u00e9 65 km\\\/h e mau tempo no litoral do Paran\u00e1\",\"datePublished\":\"2026-08-31T20:07:35+00:00\",\"mainEntityOfPage\":{\"@id\":\"https:\\\/\\\/mznoticia.com.br\\\/jaguariaiva\\\/marinha-alerta-para-ventos-de-ate-65-km-h-e-mau-tempo-no-litoral-do-parana\\\/\"},\"wordCount\":328,\"commentCount\":0,\"publisher\":{\"@id\":\"https:\\\/\\\/mznoticia.com.br\\\/jaguariaiva\\\/#organization\"},\"image\":{\"@id\":\"https:\\\/\\\/mznoticia.com.br\\\/jaguariaiva\\\/marinha-alerta-para-ventos-de-ate-65-km-h-e-mau-tempo-no-litoral-do-parana\\\/#primaryimage\"},\"thumbnailUrl\":\"https:\\\/\\\/mznoticia.com.br\\\/jaguariaiva\\\/wp-content\\\/uploads\\\/2026\\\/08\\\/gtba.jpg\",\"keywords\":[\"destaque\",\"Frente Fria\",\"Litoral do Paran\u00e1\",\"Marinha do Brasil\",\"Mau Tempo\",\"Meteorologia\",\"Navega\u00e7\u00e3o\",\"parana\",\"Pescadores\",\"Ventos Fortes\"],\"articleSection\":[\"Cultura\"],\"inLanguage\":\"pt-BR\",\"potentialAction\":[{\"@type\":\"CommentAction\",\"name\":\"Comment\",\"target\":[\"https:\\\/\\\/mznoticia.com.br\\\/jaguariaiva\\\/marinha-alerta-para-ventos-de-ate-65-km-h-e-mau-tempo-no-litoral-do-parana\\\/#respond\"]}]},{\"@type\":\"WebPage\",\"@id\":\"https:\\\/\\\/mznoticia.com.br\\\/jaguariaiva\\\/marinha-alerta-para-ventos-de-ate-65-km-h-e-mau-tempo-no-litoral-do-parana\\\/\",\"url\":\"https:\\\/\\\/mznoticia.com.br\\\/jaguariaiva\\\/marinha-alerta-para-ventos-de-ate-65-km-h-e-mau-tempo-no-litoral-do-parana\\\/\",\"name\":\"Marinha alerta para ventos de at\u00e9 65 km\\\/h e mau tempo no litoral do Paran\u00e1 - Mz Not\u00edcias\",\"isPartOf\":{\"@id\":\"https:\\\/\\\/mznoticia.com.br\\\/jaguariaiva\\\/#website\"},\"primaryImageOfPage\":{\"@id\":\"https:\\\/\\\/mznoticia.com.br\\\/jaguariaiva\\\/marinha-alerta-para-ventos-de-ate-65-km-h-e-mau-tempo-no-litoral-do-parana\\\/#primaryimage\"},\"image\":{\"@id\":\"https:\\\/\\\/mznoticia.com.br\\\/jaguariaiva\\\/marinha-alerta-para-ventos-de-ate-65-km-h-e-mau-tempo-no-litoral-do-parana\\\/#primaryimage\"},\"thumbnailUrl\":\"https:\\\/\\\/mznoticia.com.br\\\/jaguariaiva\\\/wp-content\\\/uploads\\\/2026\\\/08\\\/gtba.jpg\",\"datePublished\":\"2026-08-31T20:07:35+00:00\",\"description\":\"Marinha do Brasil alerta para mau tempo e ventos de at\u00e9 65 km\\\/h no litoral do Paran\u00e1. Aviso \u00e9 v\u00e1lido at\u00e9 quarta-feira, 2.\",\"breadcrumb\":{\"@id\":\"https:\\\/\\\/mznoticia.com.br\\\/jaguariaiva\\\/marinha-alerta-para-ventos-de-ate-65-km-h-e-mau-tempo-no-litoral-do-parana\\\/#breadcrumb\"},\"inLanguage\":\"pt-BR\",\"potentialAction\":[{\"@type\":\"ReadAction\",\"target\":[\"https:\\\/\\\/mznoticia.com.br\\\/jaguariaiva\\\/marinha-alerta-para-ventos-de-ate-65-km-h-e-mau-tempo-no-litoral-do-parana\\\/\"]}]},{\"@type\":\"ImageObject\",\"inLanguage\":\"pt-BR\",\"@id\":\"https:\\\/\\\/mznoticia.com.br\\\/jaguariaiva\\\/marinha-alerta-para-ventos-de-ate-65-km-h-e-mau-tempo-no-litoral-do-parana\\\/#primaryimage\",\"url\":\"https:\\\/\\\/mznoticia.com.br\\\/jaguariaiva\\\/wp-content\\\/uploads\\\/2026\\\/08\\\/gtba.jpg\",\"contentUrl\":\"https:\\\/\\\/mznoticia.com.br\\\/jaguariaiva\\\/wp-content\\\/uploads\\\/2026\\\/08\\\/gtba.jpg\",\"width\":739,\"height\":415},{\"@type\":\"BreadcrumbList\",\"@id\":\"https:\\\/\\\/mznoticia.com.br\\\/jaguariaiva\\\/marinha-alerta-para-ventos-de-ate-65-km-h-e-mau-tempo-no-litoral-do-parana\\\/#breadcrumb\",\"itemListElement\":[{\"@type\":\"ListItem\",\"position\":1,\"name\":\"Home\",\"item\":\"https:\\\/\\\/mznoticia.com.br\\\/jaguariaiva\\\/\"},{\"@type\":\"ListItem\",\"position\":2,\"name\":\"Marinha alerta para ventos de at\u00e9 65 km\\\/h e mau tempo no litoral do Paran\u00e1\"}]},{\"@type\":\"WebSite\",\"@id\":\"https:\\\/\\\/mznoticia.com.br\\\/jaguariaiva\\\/#website\",\"url\":\"https:\\\/\\\/mznoticia.com.br\\\/jaguariaiva\\\/\",\"name\":\"Mz Not\u00edcia\",\"description\":\"A informa\u00e7\u00e3o que voc\u00ea precisa na hora certa!\",\"publisher\":{\"@id\":\"https:\\\/\\\/mznoticia.com.br\\\/jaguariaiva\\\/#organization\"},\"potentialAction\":[{\"@type\":\"SearchAction\",\"target\":{\"@type\":\"EntryPoint\",\"urlTemplate\":\"https:\\\/\\\/mznoticia.com.br\\\/jaguariaiva\\\/?s={search_term_string}\"},\"query-input\":{\"@type\":\"PropertyValueSpecification\",\"valueRequired\":true,\"valueName\":\"search_term_string\"}}],\"inLanguage\":\"pt-BR\"},{\"@type\":\"Organization\",\"@id\":\"https:\\\/\\\/mznoticia.com.br\\\/jaguariaiva\\\/#organization\",\"name\":\"Mz Not\u00edcia\",\"url\":\"https:\\\/\\\/mznoticia.com.br\\\/jaguariaiva\\\/\",\"logo\":{\"@type\":\"ImageObject\",\"inLanguage\":\"pt-BR\",\"@id\":\"https:\\\/\\\/mznoticia.com.br\\\/jaguariaiva\\\/#\\\/schema\\\/logo\\\/image\\\/\",\"url\":\"https:\\\/\\\/mznoticia.com.br\\\/jaguariaiva\\\/wp-content\\\/uploads\\\/2025\\\/03\\\/Design-sem-nome-4-e1741200616392.png\",\"contentUrl\":\"https:\\\/\\\/mznoticia.com.br\\\/jaguariaiva\\\/wp-content\\\/uploads\\\/2025\\\/03\\\/Design-sem-nome-4-e1741200616392.png\",\"width\":750,\"height\":563,\"caption\":\"Mz Not\u00edcia\"},\"image\":{\"@id\":\"https:\\\/\\\/mznoticia.com.br\\\/jaguariaiva\\\/#\\\/schema\\\/logo\\\/image\\\/\"},\"sameAs\":[\"https:\\\/\\\/www.facebook.com\\\/profile.php?id=61573479951222\",\"https:\\\/\\\/www.instagram.com\\\/mz.jaguariaiva\\\/\"]},{\"@type\":\"Person\",\"@id\":\"https:\\\/\\\/mznoticia.com.br\\\/jaguariaiva\\\/#\\\/schema\\\/person\\\/7ecde13ae5f5a92f0ff9b2155d7a6d6e\",\"name\":\"Reda\u00e7\u00e3o MZ\",\"image\":{\"@type\":\"ImageObject\",\"inLanguage\":\"pt-BR\",\"@id\":\"https:\\\/\\\/mznoticia.com.br\\\/jaguariaiva\\\/wp-content\\\/uploads\\\/2025\\\/02\\\/mznoticia_jaguariaiva_coluna-150x150.png\",\"url\":\"https:\\\/\\\/mznoticia.com.br\\\/jaguariaiva\\\/wp-content\\\/uploads\\\/2025\\\/02\\\/mznoticia_jaguariaiva_coluna-150x150.png\",\"contentUrl\":\"https:\\\/\\\/mznoticia.com.br\\\/jaguariaiva\\\/wp-content\\\/uploads\\\/2025\\\/02\\\/mznoticia_jaguariaiva_coluna-150x150.png\",\"caption\":\"Reda\u00e7\u00e3o MZ\"},\"url\":\"https:\\\/\\\/mznoticia.com.br\\\/jaguariaiva\\\/author\\\/yan\\\/\"}]}<\/script>\n<!-- \/ Yoast SEO plugin. -->","yoast_head_json":{"title":"Marinha alerta para ventos de at\u00e9 65 km\/h e mau tempo no litoral do Paran\u00e1 - Mz Not\u00edcias","description":"Marinha do Brasil alerta para mau tempo e ventos de at\u00e9 65 km\/h no litoral do Paran\u00e1. Aviso \u00e9 v\u00e1lido at\u00e9 quarta-feira, 2.","robots":{"index":"index","follow":"follow","max-snippet":"max-snippet:-1","max-image-preview":"max-image-preview:large","max-video-preview":"max-video-preview:-1"},"canonical":"https:\/\/mznoticia.com.br\/jaguariaiva\/marinha-alerta-para-ventos-de-ate-65-km-h-e-mau-tempo-no-litoral-do-parana\/","og_locale":"pt_BR","og_type":"article","og_title":"Marinha alerta para ventos de at\u00e9 65 km\/h e mau tempo no litoral do Paran\u00e1 - Mz Not\u00edcias","og_description":"Marinha do Brasil alerta para mau tempo e ventos de at\u00e9 65 km\/h no litoral do Paran\u00e1. Aviso \u00e9 v\u00e1lido at\u00e9 quarta-feira, 2.","og_url":"https:\/\/mznoticia.com.br\/jaguariaiva\/marinha-alerta-para-ventos-de-ate-65-km-h-e-mau-tempo-no-litoral-do-parana\/","og_site_name":"Mz Not\u00edcias","article_publisher":"https:\/\/www.facebook.com\/profile.php?id=61573479951222","article_published_time":"2026-08-31T20:07:35+00:00","og_image":[{"width":739,"height":415,"url":"https:\/\/mznoticia.com.br\/jaguariaiva\/wp-content\/uploads\/2026\/08\/gtba.jpg","type":"image\/jpeg"}],"author":"Reda\u00e7\u00e3o MZ","twitter_card":"summary_large_image","twitter_misc":{"Escrito por":"Reda\u00e7\u00e3o MZ","Est. tempo de leitura":"2 minutos"},"schema":{"@context":"https:\/\/schema.org","@graph":[{"@type":"Article","@id":"https:\/\/mznoticia.com.br\/jaguariaiva\/marinha-alerta-para-ventos-de-ate-65-km-h-e-mau-tempo-no-litoral-do-parana\/#article","isPartOf":{"@id":"https:\/\/mznoticia.com.br\/jaguariaiva\/marinha-alerta-para-ventos-de-ate-65-km-h-e-mau-tempo-no-litoral-do-parana\/"},"author":{"name":"Reda\u00e7\u00e3o MZ","@id":"https:\/\/mznoticia.com.br\/jaguariaiva\/#\/schema\/person\/7ecde13ae5f5a92f0ff9b2155d7a6d6e"},"headline":"Marinha alerta para ventos de at\u00e9 65 km\/h e mau tempo no litoral do Paran\u00e1","datePublished":"2026-08-31T20:07:35+00:00","mainEntityOfPage":{"@id":"https:\/\/mznoticia.com.br\/jaguariaiva\/marinha-alerta-para-ventos-de-ate-65-km-h-e-mau-tempo-no-litoral-do-parana\/"},"wordCount":328,"commentCount":0,"publisher":{"@id":"https:\/\/mznoticia.com.br\/jaguariaiva\/#organization"},"image":{"@id":"https:\/\/mznoticia.com.br\/jaguariaiva\/marinha-alerta-para-ventos-de-ate-65-km-h-e-mau-tempo-no-litoral-do-parana\/#primaryimage"},"thumbnailUrl":"https:\/\/mznoticia.com.br\/jaguariaiva\/wp-content\/uploads\/2026\/08\/gtba.jpg","keywords":["destaque","Frente Fria","Litoral do Paran\u00e1","Marinha do Brasil","Mau Tempo","Meteorologia","Navega\u00e7\u00e3o","parana","Pescadores","Ventos Fortes"],"articleSection":["Cultura"],"inLanguage":"pt-BR","potentialAction":[{"@type":"CommentAction","name":"Comment","target":["https:\/\/mznoticia.com.br\/jaguariaiva\/marinha-alerta-para-ventos-de-ate-65-km-h-e-mau-tempo-no-litoral-do-parana\/#respond"]}]},{"@type":"WebPage","@id":"https:\/\/mznoticia.com.br\/jaguariaiva\/marinha-alerta-para-ventos-de-ate-65-km-h-e-mau-tempo-no-litoral-do-parana\/","url":"https:\/\/mznoticia.com.br\/jaguariaiva\/marinha-alerta-para-ventos-de-ate-65-km-h-e-mau-tempo-no-litoral-do-parana\/","name":"Marinha alerta para ventos de at\u00e9 65 km\/h e mau tempo no litoral do Paran\u00e1 - Mz Not\u00edcias","isPartOf":{"@id":"https:\/\/mznoticia.com.br\/jaguariaiva\/#website"},"primaryImageOfPage":{"@id":"https:\/\/mznoticia.com.br\/jaguariaiva\/marinha-alerta-para-ventos-de-ate-65-km-h-e-mau-tempo-no-litoral-do-parana\/#primaryimage"},"image":{"@id":"https:\/\/mznoticia.com.br\/jaguariaiva\/marinha-alerta-para-ventos-de-ate-65-km-h-e-mau-tempo-no-litoral-do-parana\/#primaryimage"},"thumbnailUrl":"https:\/\/mznoticia.com.br\/jaguariaiva\/wp-content\/uploads\/2026\/08\/gtba.jpg","datePublished":"2026-08-31T20:07:35+00:00","description":"Marinha do Brasil alerta para mau tempo e ventos de at\u00e9 65 km\/h no litoral do Paran\u00e1. Aviso \u00e9 v\u00e1lido at\u00e9 quarta-feira, 2.","breadcrumb":{"@id":"https:\/\/mznoticia.com.br\/jaguariaiva\/marinha-alerta-para-ventos-de-ate-65-km-h-e-mau-tempo-no-litoral-do-parana\/#breadcrumb"},"inLanguage":"pt-BR","potentialAction":[{"@type":"ReadAction","target":["https:\/\/mznoticia.com.br\/jaguariaiva\/marinha-alerta-para-ventos-de-ate-65-km-h-e-mau-tempo-no-litoral-do-parana\/"]}]},{"@type":"ImageObject","inLanguage":"pt-BR","@id":"https:\/\/mznoticia.com.br\/jaguariaiva\/marinha-alerta-para-ventos-de-ate-65-km-h-e-mau-tempo-no-litoral-do-parana\/#primaryimage","url":"https:\/\/mznoticia.com.br\/jaguariaiva\/wp-content\/uploads\/2026\/08\/gtba.jpg","contentUrl":"https:\/\/mznoticia.com.br\/jaguariaiva\/wp-content\/uploads\/2026\/08\/gtba.jpg","width":739,"height":415},{"@type":"BreadcrumbList","@id":"https:\/\/mznoticia.com.br\/jaguariaiva\/marinha-alerta-para-ventos-de-ate-65-km-h-e-mau-tempo-no-litoral-do-parana\/#breadcrumb","itemListElement":[{"@type":"ListItem","position":1,"name":"Home","item":"https:\/\/mznoticia.com.br\/jaguariaiva\/"},{"@type":"ListItem","position":2,"name":"Marinha alerta para ventos de at\u00e9 65 km\/h e mau tempo no litoral do Paran\u00e1"}]},{"@type":"WebSite","@id":"https:\/\/mznoticia.com.br\/jaguariaiva\/#website","url":"https:\/\/mznoticia.com.br\/jaguariaiva\/","name":"Mz Not\u00edcia","description":"A informa\u00e7\u00e3o que voc\u00ea precisa na hora certa!","publisher":{"@id":"https:\/\/mznoticia.com.br\/jaguariaiva\/#organization"},"potentialAction":[{"@type":"SearchAction","target":{"@type":"EntryPoint","urlTemplate":"https:\/\/mznoticia.com.br\/jaguariaiva\/?s={search_term_string}"},"query-input":{"@type":"PropertyValueSpecification","valueRequired":true,"valueName":"search_term_string"}}],"inLanguage":"pt-BR"},{"@type":"Organization","@id":"https:\/\/mznoticia.com.br\/jaguariaiva\/#organization","name":"Mz Not\u00edcia","url":"https:\/\/mznoticia.com.br\/jaguariaiva\/","logo":{"@type":"ImageObject","inLanguage":"pt-BR","@id":"https:\/\/mznoticia.com.br\/jaguariaiva\/#\/schema\/logo\/image\/","url":"https:\/\/mznoticia.com.br\/jaguariaiva\/wp-content\/uploads\/2025\/03\/Design-sem-nome-4-e1741200616392.png","contentUrl":"https:\/\/mznoticia.com.br\/jaguariaiva\/wp-content\/uploads\/2025\/03\/Design-sem-nome-4-e1741200616392.png","width":750,"height":563,"caption":"Mz Not\u00edcia"},"image":{"@id":"https:\/\/mznoticia.com.br\/jaguariaiva\/#\/schema\/logo\/image\/"},"sameAs":["https:\/\/www.facebook.com\/profile.php?id=61573479951222","https:\/\/www.instagram.com\/mz.jaguariaiva\/"]},{"@type":"Person","@id":"https:\/\/mznoticia.com.br\/jaguariaiva\/#\/schema\/person\/7ecde13ae5f5a92f0ff9b2155d7a6d6e","name":"Reda\u00e7\u00e3o MZ","image":{"@type":"ImageObject","inLanguage":"pt-BR","@id":"https:\/\/mznoticia.com.br\/jaguariaiva\/wp-content\/uploads\/2025\/02\/mznoticia_jaguariaiva_coluna-150x150.png","url":"https:\/\/mznoticia.com.br\/jaguariaiva\/wp-content\/uploads\/2025\/02\/mznoticia_jaguariaiva_coluna-150x150.png","contentUrl":"https:\/\/mznoticia.com.br\/jaguariaiva\/wp-content\/uploads\/2025\/02\/mznoticia_jaguariaiva_coluna-150x150.png","caption":"Reda\u00e7\u00e3o MZ"},"url":"https:\/\/mznoticia.com.br\/jaguariaiva\/author\/yan\/"}]}},"_links":{"self":[{"href":"https:\/\/mznoticia.com.br\/jaguariaiva\/wp-json\/wp\/v2\/posts\/7453","targetHints":{"allow":["GET"]}}],"collection":[{"href":"https:\/\/mznoticia.com.br\/jaguariaiva\/wp-json\/wp\/v2\/posts"}],"about":[{"href":"https:\/\/mznoticia.com.br\/jaguariaiva\/wp-json\/wp\/v2\/types\/post"}],"author":[{"embeddable":true,"href":"https:\/\/mznoticia.com.br\/jaguariaiva\/wp-json\/wp\/v2\/users\/18"}],"replies":[{"embeddable":true,"href":"https:\/\/mznoticia.com.br\/jaguariaiva\/wp-json\/wp\/v2\/comments?post=7453"}],"version-history":[{"count":1,"href":"https:\/\/mznoticia.com.br\/jaguariaiva\/wp-json\/wp\/v2\/posts\/7453\/revisions"}],"predecessor-version":[{"id":7455,"href":"https:\/\/mznoticia.com.br\/jaguariaiva\/wp-json\/wp\/v2\/posts\/7453\/revisions\/7455"}],"wp:featuredmedia":[{"embeddable":true,"href":"https:\/\/mznoticia.com.br\/jaguariaiva\/wp-json\/wp\/v2\/media\/7454"}],"wp:attachment":[{"href":"https:\/\/mznoticia.com.br\/jaguariaiva\/wp-json\/wp\/v2\/media?parent=7453"}],"wp:term":[{"taxonomy":"category","embeddable":true,"href":"https:\/\/mznoticia.com.br\/jaguariaiva\/wp-json\/wp\/v2\/categories?post=7453"},{"taxonomy":"post_tag","embeddable":true,"href":"https:\/\/mznoticia.com.br\/jaguariaiva\/wp-json\/wp\/v2\/tags?post=7453"}],"curies":[{"name":"wp","href":"https:\/\/api.w.org\/{rel}","templated":true}]}}