{"id":7459,"date":"2026-08-31T20:32:01","date_gmt":"2026-08-31T20:32:01","guid":{"rendered":"https:\/\/mznoticia.com.br\/jaguariaiva\/?p=7459"},"modified":"2026-08-31T20:32:01","modified_gmt":"2026-08-31T20:32:01","slug":"operario-coloca-r-22-milhoes-na-mesa-e-faz-movimento-decisivo-para-recuperar-seus-direitos-economicos","status":"publish","type":"post","link":"https:\/\/mznoticia.com.br\/jaguariaiva\/operario-coloca-r-22-milhoes-na-mesa-e-faz-movimento-decisivo-para-recuperar-seus-direitos-economicos\/","title":{"rendered":"Oper\u00e1rio coloca R$ 2,2 milh\u00f5es na mesa e faz movimento decisivo para recuperar seus direitos econ\u00f4micos"},"content":{"rendered":"<h2>Fantasma protocolou proposta no Cade ap\u00f3s n\u00e3o receber da investidora o valor solicitado para realizar a recompra<\/h2>\n<p class=\"isSelectedEnd\">O Oper\u00e1rio Ferrovi\u00e1rio protocolou uma proposta de R$ 2.213.747,00 para recomprar os 10% de seus direitos econ\u00f4micos que permanecem ligados \u00e0 Sports Media Entertainment (SME), investidora relacionada ao bloco Futebol Forte Uni\u00e3o (FFU).<\/p>\n<p class=\"isSelectedEnd\">A peti\u00e7\u00e3o foi apresentada pelo Fantasma no Conselho Administrativo de Defesa Econ\u00f4mica (Cade) no \u00faltimo domingo (30). O movimento acontece ap\u00f3s o clube tentar, durante meses, obter informa\u00e7\u00f5es sobre o valor necess\u00e1rio para realizar a recompra.<\/p>\n<p class=\"isSelectedEnd\">Segundo as informa\u00e7\u00f5es apresentadas, o Oper\u00e1rio notificou a FFU, o Condom\u00ednio Forte Uni\u00e3o (CFU) e a pr\u00f3pria SME ainda em junho. O pedido foi refor\u00e7ado em agosto, mas o clube n\u00e3o recebeu uma defini\u00e7\u00e3o sobre o pre\u00e7o.<\/p>\n<p class=\"isSelectedEnd\">Diante da aus\u00eancia de resposta, o Fantasma utilizou a f\u00f3rmula prevista no pr\u00f3prio contrato para chegar ao valor oferecido.<\/p>\n<h2>Oper\u00e1rio calculou valor com base no contrato<\/h2>\n<p class=\"isSelectedEnd\">De acordo com a proposta apresentada, o c\u00e1lculo considera o valor originalmente recebido, corrigido em 100% do CDI, acrescido de 4% ao ano. Tamb\u00e9m foram descontados os valores que o Oper\u00e1rio j\u00e1 teria pago \u00e0 SME durante os anos de 2025 e 2026.<\/p>\n<p class=\"isSelectedEnd\">O resultado foi a oferta de pouco mais de R$ 2,2 milh\u00f5es.<\/p>\n<p class=\"isSelectedEnd\">O clube de Ponta Grossa informou ainda que possui cr\u00e9dito banc\u00e1rio garantido para efetuar o pagamento. O Oper\u00e1rio tamb\u00e9m aceita discutir eventuais ajustes no valor, desde que os c\u00e1lculos utilizem os mesmos par\u00e2metros previstos contratualmente.<\/p>\n<p class=\"isSelectedEnd\">A inten\u00e7\u00e3o do Fantasma \u00e9 recuperar integralmente o controle de seus direitos econ\u00f4micos sem necessariamente deixar a negocia\u00e7\u00e3o coletiva envolvendo o bloco.<\/p>\n<h2>Fantasma quer manter participa\u00e7\u00e3o coletiva<\/h2>\n<p class=\"isSelectedEnd\">A diretoria do Oper\u00e1rio argumenta que a participa\u00e7\u00e3o na FFU n\u00e3o depende da cess\u00e3o de direitos econ\u00f4micos.<\/p>\n<p class=\"isSelectedEnd\">Como exemplo, o clube cita situa\u00e7\u00f5es de equipes como Corinthians e Botafogo, que passaram a integrar o grupo sem ceder percentual de seus direitos.<\/p>\n<p class=\"isSelectedEnd\">Dessa forma, a recompra dos 10% ligados \u00e0 SME teria como objetivo recuperar o controle desses ativos, mantendo a possibilidade de participa\u00e7\u00e3o do Oper\u00e1rio nas negocia\u00e7\u00f5es coletivas.<\/p>\n<h2>Pedido acontece em meio \u00e0 crise da FFU<\/h2>\n<p class=\"isSelectedEnd\">O movimento do Oper\u00e1rio ocorre em um momento de forte crise dentro da Futebol Forte Uni\u00e3o.<\/p>\n<p class=\"isSelectedEnd\">Al\u00e9m do Fantasma, outros clubes tamb\u00e9m adotaram medidas relacionadas \u00e0 perman\u00eancia no bloco. Botafogo, Cruzeiro e Goi\u00e1s j\u00e1 notificaram inten\u00e7\u00e3o de sa\u00edda, enquanto o Figueirense levou quest\u00f5es envolvendo o grupo \u00e0 Justi\u00e7a.<\/p>\n<p class=\"isSelectedEnd\">Tamb\u00e9m existem questionamentos relacionados \u00e0s deb\u00eantures emitidas pela SME, em uma opera\u00e7\u00e3o que envolve cerca de R$ 950 milh\u00f5es.<\/p>\n<p class=\"isSelectedEnd\">A investidora, por sua vez, sustenta que as decis\u00f5es envolvendo o Cade preservam as obriga\u00e7\u00f5es previstas nos contratos e afirma estar aberta para negocia\u00e7\u00f5es.<\/p>\n<p class=\"isSelectedEnd\">Agora, o pedido apresentado pelo Oper\u00e1rio pode se transformar em um importante teste para o mecanismo de sa\u00edda previsto nos acordos da FFU.<\/p>\n<p>A resposta sobre a proposta de R$ 2,2 milh\u00f5es poder\u00e1 definir n\u00e3o apenas o futuro dos 10% dos direitos econ\u00f4micos do Fantasma, mas tamb\u00e9m criar um precedente para outros clubes envolvidos na crise do bloco.<\/p>\n","protected":false},"excerpt":{"rendered":"<p>Fantasma protocolou proposta no Cade ap\u00f3s n\u00e3o receber da investidora o valor solicitado para realizar a recompra O Oper\u00e1rio Ferrovi\u00e1rio protocolou uma proposta de R$ 2.213.747,00 para recomprar os 10% de seus direitos econ\u00f4micos que permanecem ligados \u00e0 Sports Media Entertainment (SME), investidora relacionada ao bloco Futebol Forte Uni\u00e3o (FFU). A peti\u00e7\u00e3o foi apresentada pelo [&hellip;]<\/p>\n","protected":false},"author":18,"featured_media":7460,"comment_status":"open","ping_status":"open","sticky":false,"template":"","format":"standard","meta":{"footnotes":""},"categories":[9,3095,12],"tags":[3099,47,3097,3096,2618,2617,761,24,3098],"class_list":["post-7459","post","type-post","status-publish","format-standard","has-post-thumbnail","hentry","category-esportes","category-futebol","category-geral","tag-cade","tag-destaque","tag-ffu","tag-futebol-forte-uniao","tag-futebol-paranaense","tag-operario","tag-operario-ferroviario","tag-ponta-grossa","tag-sme"],"yoast_head":"<!-- This site is optimized with the Yoast SEO plugin v28.1 - https:\/\/yoast.com\/product\/yoast-seo-wordpress\/ -->\n<title>Oper\u00e1rio coloca R$ 2,2 milh\u00f5es na mesa e faz movimento decisivo para recuperar seus direitos econ\u00f4micos - Mz Not\u00edcias<\/title>\n<meta name=\"description\" content=\"Oper\u00e1rio protocola proposta de R$ 2,2 milh\u00f5es no Cade para recomprar 10% de seus direitos econ\u00f4micos ligados \u00e0 SME\" \/>\n<meta name=\"robots\" content=\"index, follow, max-snippet:-1, max-image-preview:large, max-video-preview:-1\" \/>\n<link rel=\"canonical\" href=\"https:\/\/mznoticia.com.br\/jaguariaiva\/operario-coloca-r-22-milhoes-na-mesa-e-faz-movimento-decisivo-para-recuperar-seus-direitos-economicos\/\" \/>\n<meta property=\"og:locale\" content=\"pt_BR\" \/>\n<meta property=\"og:type\" content=\"article\" \/>\n<meta property=\"og:title\" content=\"Oper\u00e1rio coloca R$ 2,2 milh\u00f5es na mesa e faz movimento decisivo para recuperar seus direitos econ\u00f4micos - Mz Not\u00edcias\" \/>\n<meta property=\"og:description\" content=\"Oper\u00e1rio protocola proposta de R$ 2,2 milh\u00f5es no Cade para recomprar 10% de seus direitos econ\u00f4micos ligados \u00e0 SME\" \/>\n<meta property=\"og:url\" content=\"https:\/\/mznoticia.com.br\/jaguariaiva\/operario-coloca-r-22-milhoes-na-mesa-e-faz-movimento-decisivo-para-recuperar-seus-direitos-economicos\/\" \/>\n<meta property=\"og:site_name\" content=\"Mz Not\u00edcias\" \/>\n<meta property=\"article:publisher\" content=\"https:\/\/www.facebook.com\/profile.php?id=61573479951222\" \/>\n<meta property=\"article:published_time\" content=\"2026-08-31T20:32:01+00:00\" \/>\n<meta property=\"og:image\" content=\"https:\/\/mznoticia.com.br\/jaguariaiva\/wp-content\/uploads\/2026\/08\/ofec.jpg\" \/>\n\t<meta property=\"og:image:width\" content=\"1280\" \/>\n\t<meta property=\"og:image:height\" content=\"853\" \/>\n\t<meta property=\"og:image:type\" content=\"image\/jpeg\" \/>\n<meta name=\"author\" content=\"Reda\u00e7\u00e3o MZ\" \/>\n<meta name=\"twitter:card\" content=\"summary_large_image\" \/>\n<meta name=\"twitter:label1\" content=\"Escrito por\" \/>\n\t<meta name=\"twitter:data1\" content=\"Reda\u00e7\u00e3o MZ\" \/>\n\t<meta name=\"twitter:label2\" content=\"Est. tempo de leitura\" \/>\n\t<meta name=\"twitter:data2\" content=\"3 minutos\" \/>\n<script type=\"application\/ld+json\" class=\"yoast-schema-graph\">{\"@context\":\"https:\\\/\\\/schema.org\",\"@graph\":[{\"@type\":\"Article\",\"@id\":\"https:\\\/\\\/mznoticia.com.br\\\/jaguariaiva\\\/operario-coloca-r-22-milhoes-na-mesa-e-faz-movimento-decisivo-para-recuperar-seus-direitos-economicos\\\/#article\",\"isPartOf\":{\"@id\":\"https:\\\/\\\/mznoticia.com.br\\\/jaguariaiva\\\/operario-coloca-r-22-milhoes-na-mesa-e-faz-movimento-decisivo-para-recuperar-seus-direitos-economicos\\\/\"},\"author\":{\"name\":\"Reda\u00e7\u00e3o MZ\",\"@id\":\"https:\\\/\\\/mznoticia.com.br\\\/jaguariaiva\\\/#\\\/schema\\\/person\\\/7ecde13ae5f5a92f0ff9b2155d7a6d6e\"},\"headline\":\"Oper\u00e1rio coloca R$ 2,2 milh\u00f5es na mesa e faz movimento decisivo para recuperar seus direitos econ\u00f4micos\",\"datePublished\":\"2026-08-31T20:32:01+00:00\",\"mainEntityOfPage\":{\"@id\":\"https:\\\/\\\/mznoticia.com.br\\\/jaguariaiva\\\/operario-coloca-r-22-milhoes-na-mesa-e-faz-movimento-decisivo-para-recuperar-seus-direitos-economicos\\\/\"},\"wordCount\":560,\"commentCount\":0,\"publisher\":{\"@id\":\"https:\\\/\\\/mznoticia.com.br\\\/jaguariaiva\\\/#organization\"},\"image\":{\"@id\":\"https:\\\/\\\/mznoticia.com.br\\\/jaguariaiva\\\/operario-coloca-r-22-milhoes-na-mesa-e-faz-movimento-decisivo-para-recuperar-seus-direitos-economicos\\\/#primaryimage\"},\"thumbnailUrl\":\"https:\\\/\\\/mznoticia.com.br\\\/jaguariaiva\\\/wp-content\\\/uploads\\\/2026\\\/08\\\/ofec.jpg\",\"keywords\":[\"Cade\",\"destaque\",\"FFU\",\"Futebol Forte Uni\u00e3o\",\"Futebol Paranaense\",\"Oper\u00e1rio\",\"Oper\u00e1rio Ferrovi\u00e1rio\",\"Ponta Grossa\",\"SME\"],\"articleSection\":[\"Esportes\",\"futebol\",\"Geral\"],\"inLanguage\":\"pt-BR\",\"potentialAction\":[{\"@type\":\"CommentAction\",\"name\":\"Comment\",\"target\":[\"https:\\\/\\\/mznoticia.com.br\\\/jaguariaiva\\\/operario-coloca-r-22-milhoes-na-mesa-e-faz-movimento-decisivo-para-recuperar-seus-direitos-economicos\\\/#respond\"]}]},{\"@type\":\"WebPage\",\"@id\":\"https:\\\/\\\/mznoticia.com.br\\\/jaguariaiva\\\/operario-coloca-r-22-milhoes-na-mesa-e-faz-movimento-decisivo-para-recuperar-seus-direitos-economicos\\\/\",\"url\":\"https:\\\/\\\/mznoticia.com.br\\\/jaguariaiva\\\/operario-coloca-r-22-milhoes-na-mesa-e-faz-movimento-decisivo-para-recuperar-seus-direitos-economicos\\\/\",\"name\":\"Oper\u00e1rio coloca R$ 2,2 milh\u00f5es na mesa e faz movimento decisivo para recuperar seus direitos econ\u00f4micos - Mz Not\u00edcias\",\"isPartOf\":{\"@id\":\"https:\\\/\\\/mznoticia.com.br\\\/jaguariaiva\\\/#website\"},\"primaryImageOfPage\":{\"@id\":\"https:\\\/\\\/mznoticia.com.br\\\/jaguariaiva\\\/operario-coloca-r-22-milhoes-na-mesa-e-faz-movimento-decisivo-para-recuperar-seus-direitos-economicos\\\/#primaryimage\"},\"image\":{\"@id\":\"https:\\\/\\\/mznoticia.com.br\\\/jaguariaiva\\\/operario-coloca-r-22-milhoes-na-mesa-e-faz-movimento-decisivo-para-recuperar-seus-direitos-economicos\\\/#primaryimage\"},\"thumbnailUrl\":\"https:\\\/\\\/mznoticia.com.br\\\/jaguariaiva\\\/wp-content\\\/uploads\\\/2026\\\/08\\\/ofec.jpg\",\"datePublished\":\"2026-08-31T20:32:01+00:00\",\"description\":\"Oper\u00e1rio protocola proposta de R$ 2,2 milh\u00f5es no Cade para recomprar 10% de seus direitos econ\u00f4micos ligados \u00e0 SME\",\"breadcrumb\":{\"@id\":\"https:\\\/\\\/mznoticia.com.br\\\/jaguariaiva\\\/operario-coloca-r-22-milhoes-na-mesa-e-faz-movimento-decisivo-para-recuperar-seus-direitos-economicos\\\/#breadcrumb\"},\"inLanguage\":\"pt-BR\",\"potentialAction\":[{\"@type\":\"ReadAction\",\"target\":[\"https:\\\/\\\/mznoticia.com.br\\\/jaguariaiva\\\/operario-coloca-r-22-milhoes-na-mesa-e-faz-movimento-decisivo-para-recuperar-seus-direitos-economicos\\\/\"]}]},{\"@type\":\"ImageObject\",\"inLanguage\":\"pt-BR\",\"@id\":\"https:\\\/\\\/mznoticia.com.br\\\/jaguariaiva\\\/operario-coloca-r-22-milhoes-na-mesa-e-faz-movimento-decisivo-para-recuperar-seus-direitos-economicos\\\/#primaryimage\",\"url\":\"https:\\\/\\\/mznoticia.com.br\\\/jaguariaiva\\\/wp-content\\\/uploads\\\/2026\\\/08\\\/ofec.jpg\",\"contentUrl\":\"https:\\\/\\\/mznoticia.com.br\\\/jaguariaiva\\\/wp-content\\\/uploads\\\/2026\\\/08\\\/ofec.jpg\",\"width\":1280,\"height\":853},{\"@type\":\"BreadcrumbList\",\"@id\":\"https:\\\/\\\/mznoticia.com.br\\\/jaguariaiva\\\/operario-coloca-r-22-milhoes-na-mesa-e-faz-movimento-decisivo-para-recuperar-seus-direitos-economicos\\\/#breadcrumb\",\"itemListElement\":[{\"@type\":\"ListItem\",\"position\":1,\"name\":\"Home\",\"item\":\"https:\\\/\\\/mznoticia.com.br\\\/jaguariaiva\\\/\"},{\"@type\":\"ListItem\",\"position\":2,\"name\":\"Oper\u00e1rio coloca R$ 2,2 milh\u00f5es na mesa e faz movimento decisivo para recuperar seus direitos econ\u00f4micos\"}]},{\"@type\":\"WebSite\",\"@id\":\"https:\\\/\\\/mznoticia.com.br\\\/jaguariaiva\\\/#website\",\"url\":\"https:\\\/\\\/mznoticia.com.br\\\/jaguariaiva\\\/\",\"name\":\"Mz Not\u00edcia\",\"description\":\"A informa\u00e7\u00e3o que voc\u00ea precisa na hora certa!\",\"publisher\":{\"@id\":\"https:\\\/\\\/mznoticia.com.br\\\/jaguariaiva\\\/#organization\"},\"potentialAction\":[{\"@type\":\"SearchAction\",\"target\":{\"@type\":\"EntryPoint\",\"urlTemplate\":\"https:\\\/\\\/mznoticia.com.br\\\/jaguariaiva\\\/?s={search_term_string}\"},\"query-input\":{\"@type\":\"PropertyValueSpecification\",\"valueRequired\":true,\"valueName\":\"search_term_string\"}}],\"inLanguage\":\"pt-BR\"},{\"@type\":\"Organization\",\"@id\":\"https:\\\/\\\/mznoticia.com.br\\\/jaguariaiva\\\/#organization\",\"name\":\"Mz Not\u00edcia\",\"url\":\"https:\\\/\\\/mznoticia.com.br\\\/jaguariaiva\\\/\",\"logo\":{\"@type\":\"ImageObject\",\"inLanguage\":\"pt-BR\",\"@id\":\"https:\\\/\\\/mznoticia.com.br\\\/jaguariaiva\\\/#\\\/schema\\\/logo\\\/image\\\/\",\"url\":\"https:\\\/\\\/mznoticia.com.br\\\/jaguariaiva\\\/wp-content\\\/uploads\\\/2025\\\/03\\\/Design-sem-nome-4-e1741200616392.png\",\"contentUrl\":\"https:\\\/\\\/mznoticia.com.br\\\/jaguariaiva\\\/wp-content\\\/uploads\\\/2025\\\/03\\\/Design-sem-nome-4-e1741200616392.png\",\"width\":750,\"height\":563,\"caption\":\"Mz Not\u00edcia\"},\"image\":{\"@id\":\"https:\\\/\\\/mznoticia.com.br\\\/jaguariaiva\\\/#\\\/schema\\\/logo\\\/image\\\/\"},\"sameAs\":[\"https:\\\/\\\/www.facebook.com\\\/profile.php?id=61573479951222\",\"https:\\\/\\\/www.instagram.com\\\/mz.jaguariaiva\\\/\"]},{\"@type\":\"Person\",\"@id\":\"https:\\\/\\\/mznoticia.com.br\\\/jaguariaiva\\\/#\\\/schema\\\/person\\\/7ecde13ae5f5a92f0ff9b2155d7a6d6e\",\"name\":\"Reda\u00e7\u00e3o MZ\",\"image\":{\"@type\":\"ImageObject\",\"inLanguage\":\"pt-BR\",\"@id\":\"https:\\\/\\\/mznoticia.com.br\\\/jaguariaiva\\\/wp-content\\\/uploads\\\/2025\\\/02\\\/mznoticia_jaguariaiva_coluna-150x150.png\",\"url\":\"https:\\\/\\\/mznoticia.com.br\\\/jaguariaiva\\\/wp-content\\\/uploads\\\/2025\\\/02\\\/mznoticia_jaguariaiva_coluna-150x150.png\",\"contentUrl\":\"https:\\\/\\\/mznoticia.com.br\\\/jaguariaiva\\\/wp-content\\\/uploads\\\/2025\\\/02\\\/mznoticia_jaguariaiva_coluna-150x150.png\",\"caption\":\"Reda\u00e7\u00e3o MZ\"},\"url\":\"https:\\\/\\\/mznoticia.com.br\\\/jaguariaiva\\\/author\\\/yan\\\/\"}]}<\/script>\n<!-- \/ Yoast SEO plugin. -->","yoast_head_json":{"title":"Oper\u00e1rio coloca R$ 2,2 milh\u00f5es na mesa e faz movimento decisivo para recuperar seus direitos econ\u00f4micos - Mz Not\u00edcias","description":"Oper\u00e1rio protocola proposta de R$ 2,2 milh\u00f5es no Cade para recomprar 10% de seus direitos econ\u00f4micos ligados \u00e0 SME","robots":{"index":"index","follow":"follow","max-snippet":"max-snippet:-1","max-image-preview":"max-image-preview:large","max-video-preview":"max-video-preview:-1"},"canonical":"https:\/\/mznoticia.com.br\/jaguariaiva\/operario-coloca-r-22-milhoes-na-mesa-e-faz-movimento-decisivo-para-recuperar-seus-direitos-economicos\/","og_locale":"pt_BR","og_type":"article","og_title":"Oper\u00e1rio coloca R$ 2,2 milh\u00f5es na mesa e faz movimento decisivo para recuperar seus direitos econ\u00f4micos - Mz Not\u00edcias","og_description":"Oper\u00e1rio protocola proposta de R$ 2,2 milh\u00f5es no Cade para recomprar 10% de seus direitos econ\u00f4micos ligados \u00e0 SME","og_url":"https:\/\/mznoticia.com.br\/jaguariaiva\/operario-coloca-r-22-milhoes-na-mesa-e-faz-movimento-decisivo-para-recuperar-seus-direitos-economicos\/","og_site_name":"Mz Not\u00edcias","article_publisher":"https:\/\/www.facebook.com\/profile.php?id=61573479951222","article_published_time":"2026-08-31T20:32:01+00:00","og_image":[{"width":1280,"height":853,"url":"https:\/\/mznoticia.com.br\/jaguariaiva\/wp-content\/uploads\/2026\/08\/ofec.jpg","type":"image\/jpeg"}],"author":"Reda\u00e7\u00e3o MZ","twitter_card":"summary_large_image","twitter_misc":{"Escrito por":"Reda\u00e7\u00e3o MZ","Est. tempo de leitura":"3 minutos"},"schema":{"@context":"https:\/\/schema.org","@graph":[{"@type":"Article","@id":"https:\/\/mznoticia.com.br\/jaguariaiva\/operario-coloca-r-22-milhoes-na-mesa-e-faz-movimento-decisivo-para-recuperar-seus-direitos-economicos\/#article","isPartOf":{"@id":"https:\/\/mznoticia.com.br\/jaguariaiva\/operario-coloca-r-22-milhoes-na-mesa-e-faz-movimento-decisivo-para-recuperar-seus-direitos-economicos\/"},"author":{"name":"Reda\u00e7\u00e3o MZ","@id":"https:\/\/mznoticia.com.br\/jaguariaiva\/#\/schema\/person\/7ecde13ae5f5a92f0ff9b2155d7a6d6e"},"headline":"Oper\u00e1rio coloca R$ 2,2 milh\u00f5es na mesa e faz movimento decisivo para recuperar seus direitos econ\u00f4micos","datePublished":"2026-08-31T20:32:01+00:00","mainEntityOfPage":{"@id":"https:\/\/mznoticia.com.br\/jaguariaiva\/operario-coloca-r-22-milhoes-na-mesa-e-faz-movimento-decisivo-para-recuperar-seus-direitos-economicos\/"},"wordCount":560,"commentCount":0,"publisher":{"@id":"https:\/\/mznoticia.com.br\/jaguariaiva\/#organization"},"image":{"@id":"https:\/\/mznoticia.com.br\/jaguariaiva\/operario-coloca-r-22-milhoes-na-mesa-e-faz-movimento-decisivo-para-recuperar-seus-direitos-economicos\/#primaryimage"},"thumbnailUrl":"https:\/\/mznoticia.com.br\/jaguariaiva\/wp-content\/uploads\/2026\/08\/ofec.jpg","keywords":["Cade","destaque","FFU","Futebol Forte Uni\u00e3o","Futebol Paranaense","Oper\u00e1rio","Oper\u00e1rio Ferrovi\u00e1rio","Ponta Grossa","SME"],"articleSection":["Esportes","futebol","Geral"],"inLanguage":"pt-BR","potentialAction":[{"@type":"CommentAction","name":"Comment","target":["https:\/\/mznoticia.com.br\/jaguariaiva\/operario-coloca-r-22-milhoes-na-mesa-e-faz-movimento-decisivo-para-recuperar-seus-direitos-economicos\/#respond"]}]},{"@type":"WebPage","@id":"https:\/\/mznoticia.com.br\/jaguariaiva\/operario-coloca-r-22-milhoes-na-mesa-e-faz-movimento-decisivo-para-recuperar-seus-direitos-economicos\/","url":"https:\/\/mznoticia.com.br\/jaguariaiva\/operario-coloca-r-22-milhoes-na-mesa-e-faz-movimento-decisivo-para-recuperar-seus-direitos-economicos\/","name":"Oper\u00e1rio coloca R$ 2,2 milh\u00f5es na mesa e faz movimento decisivo para recuperar seus direitos econ\u00f4micos - Mz Not\u00edcias","isPartOf":{"@id":"https:\/\/mznoticia.com.br\/jaguariaiva\/#website"},"primaryImageOfPage":{"@id":"https:\/\/mznoticia.com.br\/jaguariaiva\/operario-coloca-r-22-milhoes-na-mesa-e-faz-movimento-decisivo-para-recuperar-seus-direitos-economicos\/#primaryimage"},"image":{"@id":"https:\/\/mznoticia.com.br\/jaguariaiva\/operario-coloca-r-22-milhoes-na-mesa-e-faz-movimento-decisivo-para-recuperar-seus-direitos-economicos\/#primaryimage"},"thumbnailUrl":"https:\/\/mznoticia.com.br\/jaguariaiva\/wp-content\/uploads\/2026\/08\/ofec.jpg","datePublished":"2026-08-31T20:32:01+00:00","description":"Oper\u00e1rio protocola proposta de R$ 2,2 milh\u00f5es no Cade para recomprar 10% de seus direitos econ\u00f4micos ligados \u00e0 SME","breadcrumb":{"@id":"https:\/\/mznoticia.com.br\/jaguariaiva\/operario-coloca-r-22-milhoes-na-mesa-e-faz-movimento-decisivo-para-recuperar-seus-direitos-economicos\/#breadcrumb"},"inLanguage":"pt-BR","potentialAction":[{"@type":"ReadAction","target":["https:\/\/mznoticia.com.br\/jaguariaiva\/operario-coloca-r-22-milhoes-na-mesa-e-faz-movimento-decisivo-para-recuperar-seus-direitos-economicos\/"]}]},{"@type":"ImageObject","inLanguage":"pt-BR","@id":"https:\/\/mznoticia.com.br\/jaguariaiva\/operario-coloca-r-22-milhoes-na-mesa-e-faz-movimento-decisivo-para-recuperar-seus-direitos-economicos\/#primaryimage","url":"https:\/\/mznoticia.com.br\/jaguariaiva\/wp-content\/uploads\/2026\/08\/ofec.jpg","contentUrl":"https:\/\/mznoticia.com.br\/jaguariaiva\/wp-content\/uploads\/2026\/08\/ofec.jpg","width":1280,"height":853},{"@type":"BreadcrumbList","@id":"https:\/\/mznoticia.com.br\/jaguariaiva\/operario-coloca-r-22-milhoes-na-mesa-e-faz-movimento-decisivo-para-recuperar-seus-direitos-economicos\/#breadcrumb","itemListElement":[{"@type":"ListItem","position":1,"name":"Home","item":"https:\/\/mznoticia.com.br\/jaguariaiva\/"},{"@type":"ListItem","position":2,"name":"Oper\u00e1rio coloca R$ 2,2 milh\u00f5es na mesa e faz movimento decisivo para recuperar seus direitos econ\u00f4micos"}]},{"@type":"WebSite","@id":"https:\/\/mznoticia.com.br\/jaguariaiva\/#website","url":"https:\/\/mznoticia.com.br\/jaguariaiva\/","name":"Mz Not\u00edcia","description":"A informa\u00e7\u00e3o que voc\u00ea precisa na hora certa!","publisher":{"@id":"https:\/\/mznoticia.com.br\/jaguariaiva\/#organization"},"potentialAction":[{"@type":"SearchAction","target":{"@type":"EntryPoint","urlTemplate":"https:\/\/mznoticia.com.br\/jaguariaiva\/?s={search_term_string}"},"query-input":{"@type":"PropertyValueSpecification","valueRequired":true,"valueName":"search_term_string"}}],"inLanguage":"pt-BR"},{"@type":"Organization","@id":"https:\/\/mznoticia.com.br\/jaguariaiva\/#organization","name":"Mz Not\u00edcia","url":"https:\/\/mznoticia.com.br\/jaguariaiva\/","logo":{"@type":"ImageObject","inLanguage":"pt-BR","@id":"https:\/\/mznoticia.com.br\/jaguariaiva\/#\/schema\/logo\/image\/","url":"https:\/\/mznoticia.com.br\/jaguariaiva\/wp-content\/uploads\/2025\/03\/Design-sem-nome-4-e1741200616392.png","contentUrl":"https:\/\/mznoticia.com.br\/jaguariaiva\/wp-content\/uploads\/2025\/03\/Design-sem-nome-4-e1741200616392.png","width":750,"height":563,"caption":"Mz Not\u00edcia"},"image":{"@id":"https:\/\/mznoticia.com.br\/jaguariaiva\/#\/schema\/logo\/image\/"},"sameAs":["https:\/\/www.facebook.com\/profile.php?id=61573479951222","https:\/\/www.instagram.com\/mz.jaguariaiva\/"]},{"@type":"Person","@id":"https:\/\/mznoticia.com.br\/jaguariaiva\/#\/schema\/person\/7ecde13ae5f5a92f0ff9b2155d7a6d6e","name":"Reda\u00e7\u00e3o MZ","image":{"@type":"ImageObject","inLanguage":"pt-BR","@id":"https:\/\/mznoticia.com.br\/jaguariaiva\/wp-content\/uploads\/2025\/02\/mznoticia_jaguariaiva_coluna-150x150.png","url":"https:\/\/mznoticia.com.br\/jaguariaiva\/wp-content\/uploads\/2025\/02\/mznoticia_jaguariaiva_coluna-150x150.png","contentUrl":"https:\/\/mznoticia.com.br\/jaguariaiva\/wp-content\/uploads\/2025\/02\/mznoticia_jaguariaiva_coluna-150x150.png","caption":"Reda\u00e7\u00e3o MZ"},"url":"https:\/\/mznoticia.com.br\/jaguariaiva\/author\/yan\/"}]}},"_links":{"self":[{"href":"https:\/\/mznoticia.com.br\/jaguariaiva\/wp-json\/wp\/v2\/posts\/7459","targetHints":{"allow":["GET"]}}],"collection":[{"href":"https:\/\/mznoticia.com.br\/jaguariaiva\/wp-json\/wp\/v2\/posts"}],"about":[{"href":"https:\/\/mznoticia.com.br\/jaguariaiva\/wp-json\/wp\/v2\/types\/post"}],"author":[{"embeddable":true,"href":"https:\/\/mznoticia.com.br\/jaguariaiva\/wp-json\/wp\/v2\/users\/18"}],"replies":[{"embeddable":true,"href":"https:\/\/mznoticia.com.br\/jaguariaiva\/wp-json\/wp\/v2\/comments?post=7459"}],"version-history":[{"count":1,"href":"https:\/\/mznoticia.com.br\/jaguariaiva\/wp-json\/wp\/v2\/posts\/7459\/revisions"}],"predecessor-version":[{"id":7461,"href":"https:\/\/mznoticia.com.br\/jaguariaiva\/wp-json\/wp\/v2\/posts\/7459\/revisions\/7461"}],"wp:featuredmedia":[{"embeddable":true,"href":"https:\/\/mznoticia.com.br\/jaguariaiva\/wp-json\/wp\/v2\/media\/7460"}],"wp:attachment":[{"href":"https:\/\/mznoticia.com.br\/jaguariaiva\/wp-json\/wp\/v2\/media?parent=7459"}],"wp:term":[{"taxonomy":"category","embeddable":true,"href":"https:\/\/mznoticia.com.br\/jaguariaiva\/wp-json\/wp\/v2\/categories?post=7459"},{"taxonomy":"post_tag","embeddable":true,"href":"https:\/\/mznoticia.com.br\/jaguariaiva\/wp-json\/wp\/v2\/tags?post=7459"}],"curies":[{"name":"wp","href":"https:\/\/api.w.org\/{rel}","templated":true}]}}