{"id":7462,"date":"2026-08-31T20:45:29","date_gmt":"2026-08-31T20:45:29","guid":{"rendered":"https:\/\/mznoticia.com.br\/jaguariaiva\/?p=7462"},"modified":"2026-08-31T20:45:29","modified_gmt":"2026-08-31T20:45:29","slug":"super-el-nino-avanca-e-pode-levar-o-brasil-a-extremos-climaticos-parana-entra-em-alerta","status":"publish","type":"post","link":"https:\/\/mznoticia.com.br\/jaguariaiva\/super-el-nino-avanca-e-pode-levar-o-brasil-a-extremos-climaticos-parana-entra-em-alerta\/","title":{"rendered":"Super El Ni\u00f1o avan\u00e7a e pode levar o Brasil a extremos clim\u00e1ticos; Paran\u00e1 entra em alerta"},"content":{"rendered":"<h2>Fen\u00f4meno pode se tornar um dos mais intensos j\u00e1 registrados e aumentar o risco de chuvas fortes, tempestades e inunda\u00e7\u00f5es no Sul do pa\u00eds<\/h2>\n<p class=\"isSelectedEnd\">O avan\u00e7o acelerado de um poss\u00edvel Super El Ni\u00f1o tem colocado especialistas e autoridades em alerta para os pr\u00f3ximos meses. As proje\u00e7\u00f5es indicam que o fen\u00f4meno pode atingir uma intensidade recorde, com reflexos importantes no clima brasileiro durante a primavera e o in\u00edcio do ver\u00e3o.<\/p>\n<p class=\"isSelectedEnd\">Entre as regi\u00f5es que podem sofrer impactos est\u00e1 o Sul do Brasil. Paran\u00e1, Santa Catarina e Rio Grande do Sul aparecem nos cen\u00e1rios clim\u00e1ticos com possibilidade de per\u00edodos de chuva intensa, tempestades severas e aumento do risco de alagamentos e inunda\u00e7\u00f5es.<\/p>\n<h2>Fen\u00f4meno pode atingir for\u00e7a recorde<\/h2>\n<p class=\"isSelectedEnd\">As proje\u00e7\u00f5es citadas por meteorologistas apontam para um forte aquecimento das \u00e1guas do Oceano Pac\u00edfico Equatorial nos pr\u00f3ximos meses.<\/p>\n<p class=\"isSelectedEnd\">A expectativa \u00e9 de que o fen\u00f4meno avance rapidamente e possa alcan\u00e7ar n\u00edveis considerados extremos. Algumas proje\u00e7\u00f5es indicam anomalias que poderiam chegar a at\u00e9 4,15\u00b0C acima da m\u00e9dia hist\u00f3rica.<\/p>\n<p class=\"isSelectedEnd\">Caso esses cen\u00e1rios se confirmem, o evento poder\u00e1 entrar para a lista dos epis\u00f3dios mais intensos de El Ni\u00f1o j\u00e1 observados.<\/p>\n<p class=\"isSelectedEnd\">O comportamento das temperaturas oce\u00e2nicas tem impacto direto na circula\u00e7\u00e3o atmosf\u00e9rica e pode alterar significativamente os padr\u00f5es de chuva e temperatura em diferentes partes do planeta.<\/p>\n<h2>Paran\u00e1 pode enfrentar chuva intensa e tempestades<\/h2>\n<p class=\"isSelectedEnd\">Para a Regi\u00e3o Sul, os efeitos tradicionalmente associados ao El Ni\u00f1o incluem o aumento das chuvas em determinados per\u00edodos.<\/p>\n<p class=\"isSelectedEnd\">No cen\u00e1rio projetado para os pr\u00f3ximos meses, Paran\u00e1, Santa Catarina e Rio Grande do Sul podem enfrentar epis\u00f3dios de chuva persistente e volumosa, al\u00e9m de tempestades mais severas.<\/p>\n<p class=\"isSelectedEnd\">O risco de alagamentos, enchentes e outros transtornos relacionados ao excesso de chuva tamb\u00e9m pode aumentar, principalmente em regi\u00f5es vulner\u00e1veis.<\/p>\n<p class=\"isSelectedEnd\">As condi\u00e7\u00f5es clim\u00e1ticas, no entanto, podem variar ao longo da esta\u00e7\u00e3o e entre diferentes \u00e1reas do estado.<\/p>\n<h2>Brasil pode viver cen\u00e1rio de extremos<\/h2>\n<p class=\"isSelectedEnd\">Enquanto o Sul pode registrar volumes elevados de chuva, outras regi\u00f5es brasileiras podem enfrentar situa\u00e7\u00f5es completamente diferentes.<\/p>\n<p class=\"isSelectedEnd\">\u00c1reas do Norte e do Nordeste aparecem em proje\u00e7\u00f5es com risco de per\u00edodos mais secos, o que poderia aumentar a preocupa\u00e7\u00e3o com estiagem e inc\u00eandios florestais.<\/p>\n<p class=\"isSelectedEnd\">J\u00e1 o Centro-Oeste pode continuar enfrentando temperaturas elevadas e novas ondas de calor.<\/p>\n<p class=\"isSelectedEnd\">O cen\u00e1rio desenha um Brasil marcado por extremos clim\u00e1ticos, com excesso de chuva em algumas regi\u00f5es e seca e calor intenso em outras.<\/p>\n<h2>Pr\u00f3ximos meses ser\u00e3o decisivos<\/h2>\n<p class=\"isSelectedEnd\">A evolu\u00e7\u00e3o das temperaturas no Oceano Pac\u00edfico ser\u00e1 acompanhada de perto nos pr\u00f3ximos meses.<\/p>\n<p class=\"isSelectedEnd\">Especialistas utilizam diferentes modelos meteorol\u00f3gicos para monitorar a intensidade do fen\u00f4meno e atualizar as proje\u00e7\u00f5es sobre seus poss\u00edveis impactos.<\/p>\n<p class=\"isSelectedEnd\">A confirma\u00e7\u00e3o da for\u00e7a do El Ni\u00f1o depender\u00e1 da continuidade do aquecimento oce\u00e2nico e da resposta da atmosfera.<\/p>\n<p>Enquanto isso, o alerta \u00e9 para que autoridades e a popula\u00e7\u00e3o acompanhem as atualiza\u00e7\u00f5es meteorol\u00f3gicas, especialmente diante da possibilidade de eventos extremos durante a primavera e o ver\u00e3o.<\/p>\n","protected":false},"excerpt":{"rendered":"<p>Fen\u00f4meno pode se tornar um dos mais intensos j\u00e1 registrados e aumentar o risco de chuvas fortes, tempestades e inunda\u00e7\u00f5es no Sul do pa\u00eds O avan\u00e7o acelerado de um poss\u00edvel Super El Ni\u00f1o tem colocado especialistas e autoridades em alerta para os pr\u00f3ximos meses. As proje\u00e7\u00f5es indicam que o fen\u00f4meno pode atingir uma intensidade recorde, [&hellip;]<\/p>\n","protected":false},"author":18,"featured_media":7463,"comment_status":"open","ping_status":"open","sticky":false,"template":"","format":"standard","meta":{"footnotes":""},"categories":[5,12,151,15,328],"tags":[82,1820,431,47,428,1363,77,783,3100,1360,1605],"class_list":["post-7462","post","type-post","status-publish","format-standard","has-post-thumbnail","hentry","category-brasil","category-geral","category-meio-ambiente","category-mundo","category-parana","tag-brasil","tag-chuvas-fortes","tag-clima","tag-destaque","tag-el-nino","tag-eventos-climaticos","tag-parana","tag-previsao-do-tempo","tag-primavera","tag-super-el-nino","tag-tempestades"],"yoast_head":"<!-- This site is optimized with the Yoast SEO plugin v28.1 - https:\/\/yoast.com\/product\/yoast-seo-wordpress\/ -->\n<title>Super El Ni\u00f1o avan\u00e7a e pode levar o Brasil a extremos clim\u00e1ticos; Paran\u00e1 entra em alerta - Mz Not\u00edcias<\/title>\n<meta name=\"description\" content=\"Poss\u00edvel Super El Ni\u00f1o avan\u00e7a e pode provocar extremos clim\u00e1ticos no Brasil, com risco de chuvas intensas e tempestades no Paran\u00e1\" \/>\n<meta name=\"robots\" content=\"index, follow, max-snippet:-1, max-image-preview:large, max-video-preview:-1\" \/>\n<link rel=\"canonical\" href=\"https:\/\/mznoticia.com.br\/jaguariaiva\/super-el-nino-avanca-e-pode-levar-o-brasil-a-extremos-climaticos-parana-entra-em-alerta\/\" \/>\n<meta property=\"og:locale\" content=\"pt_BR\" \/>\n<meta property=\"og:type\" content=\"article\" \/>\n<meta property=\"og:title\" content=\"Super El Ni\u00f1o avan\u00e7a e pode levar o Brasil a extremos clim\u00e1ticos; Paran\u00e1 entra em alerta - Mz Not\u00edcias\" \/>\n<meta property=\"og:description\" content=\"Poss\u00edvel Super El Ni\u00f1o avan\u00e7a e pode provocar extremos clim\u00e1ticos no Brasil, com risco de chuvas intensas e tempestades no Paran\u00e1\" \/>\n<meta property=\"og:url\" content=\"https:\/\/mznoticia.com.br\/jaguariaiva\/super-el-nino-avanca-e-pode-levar-o-brasil-a-extremos-climaticos-parana-entra-em-alerta\/\" \/>\n<meta property=\"og:site_name\" content=\"Mz Not\u00edcias\" \/>\n<meta property=\"article:publisher\" content=\"https:\/\/www.facebook.com\/profile.php?id=61573479951222\" \/>\n<meta property=\"article:published_time\" content=\"2026-08-31T20:45:29+00:00\" \/>\n<meta property=\"og:image\" content=\"https:\/\/mznoticia.com.br\/jaguariaiva\/wp-content\/uploads\/2026\/08\/nin-1024x512.png\" \/>\n\t<meta property=\"og:image:width\" content=\"1024\" \/>\n\t<meta property=\"og:image:height\" content=\"512\" \/>\n\t<meta property=\"og:image:type\" content=\"image\/png\" \/>\n<meta name=\"author\" content=\"Reda\u00e7\u00e3o MZ\" \/>\n<meta name=\"twitter:card\" content=\"summary_large_image\" \/>\n<meta name=\"twitter:label1\" content=\"Escrito por\" \/>\n\t<meta name=\"twitter:data1\" content=\"Reda\u00e7\u00e3o MZ\" \/>\n\t<meta name=\"twitter:label2\" content=\"Est. tempo de leitura\" \/>\n\t<meta name=\"twitter:data2\" content=\"3 minutos\" \/>\n<script type=\"application\/ld+json\" class=\"yoast-schema-graph\">{\"@context\":\"https:\\\/\\\/schema.org\",\"@graph\":[{\"@type\":\"Article\",\"@id\":\"https:\\\/\\\/mznoticia.com.br\\\/jaguariaiva\\\/super-el-nino-avanca-e-pode-levar-o-brasil-a-extremos-climaticos-parana-entra-em-alerta\\\/#article\",\"isPartOf\":{\"@id\":\"https:\\\/\\\/mznoticia.com.br\\\/jaguariaiva\\\/super-el-nino-avanca-e-pode-levar-o-brasil-a-extremos-climaticos-parana-entra-em-alerta\\\/\"},\"author\":{\"name\":\"Reda\u00e7\u00e3o MZ\",\"@id\":\"https:\\\/\\\/mznoticia.com.br\\\/jaguariaiva\\\/#\\\/schema\\\/person\\\/7ecde13ae5f5a92f0ff9b2155d7a6d6e\"},\"headline\":\"Super El Ni\u00f1o avan\u00e7a e pode levar o Brasil a extremos clim\u00e1ticos; Paran\u00e1 entra em alerta\",\"datePublished\":\"2026-08-31T20:45:29+00:00\",\"mainEntityOfPage\":{\"@id\":\"https:\\\/\\\/mznoticia.com.br\\\/jaguariaiva\\\/super-el-nino-avanca-e-pode-levar-o-brasil-a-extremos-climaticos-parana-entra-em-alerta\\\/\"},\"wordCount\":560,\"commentCount\":0,\"publisher\":{\"@id\":\"https:\\\/\\\/mznoticia.com.br\\\/jaguariaiva\\\/#organization\"},\"image\":{\"@id\":\"https:\\\/\\\/mznoticia.com.br\\\/jaguariaiva\\\/super-el-nino-avanca-e-pode-levar-o-brasil-a-extremos-climaticos-parana-entra-em-alerta\\\/#primaryimage\"},\"thumbnailUrl\":\"https:\\\/\\\/mznoticia.com.br\\\/jaguariaiva\\\/wp-content\\\/uploads\\\/2026\\\/08\\\/nin.png\",\"keywords\":[\"brasil\",\"Chuvas fortes\",\"Clima\",\"destaque\",\"El Ni\u00f1o\",\"Eventos Clim\u00e1ticos\",\"parana\",\"Previs\u00e3o do Tempo\",\"primavera\",\"Super El Ni\u00f1o\",\"Tempestades\"],\"articleSection\":[\"Brasil\",\"Geral\",\"Meio Ambiente\",\"Mundo\",\"Paran\u00e1\"],\"inLanguage\":\"pt-BR\",\"potentialAction\":[{\"@type\":\"CommentAction\",\"name\":\"Comment\",\"target\":[\"https:\\\/\\\/mznoticia.com.br\\\/jaguariaiva\\\/super-el-nino-avanca-e-pode-levar-o-brasil-a-extremos-climaticos-parana-entra-em-alerta\\\/#respond\"]}]},{\"@type\":\"WebPage\",\"@id\":\"https:\\\/\\\/mznoticia.com.br\\\/jaguariaiva\\\/super-el-nino-avanca-e-pode-levar-o-brasil-a-extremos-climaticos-parana-entra-em-alerta\\\/\",\"url\":\"https:\\\/\\\/mznoticia.com.br\\\/jaguariaiva\\\/super-el-nino-avanca-e-pode-levar-o-brasil-a-extremos-climaticos-parana-entra-em-alerta\\\/\",\"name\":\"Super El Ni\u00f1o avan\u00e7a e pode levar o Brasil a extremos clim\u00e1ticos; Paran\u00e1 entra em alerta - Mz Not\u00edcias\",\"isPartOf\":{\"@id\":\"https:\\\/\\\/mznoticia.com.br\\\/jaguariaiva\\\/#website\"},\"primaryImageOfPage\":{\"@id\":\"https:\\\/\\\/mznoticia.com.br\\\/jaguariaiva\\\/super-el-nino-avanca-e-pode-levar-o-brasil-a-extremos-climaticos-parana-entra-em-alerta\\\/#primaryimage\"},\"image\":{\"@id\":\"https:\\\/\\\/mznoticia.com.br\\\/jaguariaiva\\\/super-el-nino-avanca-e-pode-levar-o-brasil-a-extremos-climaticos-parana-entra-em-alerta\\\/#primaryimage\"},\"thumbnailUrl\":\"https:\\\/\\\/mznoticia.com.br\\\/jaguariaiva\\\/wp-content\\\/uploads\\\/2026\\\/08\\\/nin.png\",\"datePublished\":\"2026-08-31T20:45:29+00:00\",\"description\":\"Poss\u00edvel Super El Ni\u00f1o avan\u00e7a e pode provocar extremos clim\u00e1ticos no Brasil, com risco de chuvas intensas e tempestades no Paran\u00e1\",\"breadcrumb\":{\"@id\":\"https:\\\/\\\/mznoticia.com.br\\\/jaguariaiva\\\/super-el-nino-avanca-e-pode-levar-o-brasil-a-extremos-climaticos-parana-entra-em-alerta\\\/#breadcrumb\"},\"inLanguage\":\"pt-BR\",\"potentialAction\":[{\"@type\":\"ReadAction\",\"target\":[\"https:\\\/\\\/mznoticia.com.br\\\/jaguariaiva\\\/super-el-nino-avanca-e-pode-levar-o-brasil-a-extremos-climaticos-parana-entra-em-alerta\\\/\"]}]},{\"@type\":\"ImageObject\",\"inLanguage\":\"pt-BR\",\"@id\":\"https:\\\/\\\/mznoticia.com.br\\\/jaguariaiva\\\/super-el-nino-avanca-e-pode-levar-o-brasil-a-extremos-climaticos-parana-entra-em-alerta\\\/#primaryimage\",\"url\":\"https:\\\/\\\/mznoticia.com.br\\\/jaguariaiva\\\/wp-content\\\/uploads\\\/2026\\\/08\\\/nin.png\",\"contentUrl\":\"https:\\\/\\\/mznoticia.com.br\\\/jaguariaiva\\\/wp-content\\\/uploads\\\/2026\\\/08\\\/nin.png\",\"width\":1774,\"height\":887},{\"@type\":\"BreadcrumbList\",\"@id\":\"https:\\\/\\\/mznoticia.com.br\\\/jaguariaiva\\\/super-el-nino-avanca-e-pode-levar-o-brasil-a-extremos-climaticos-parana-entra-em-alerta\\\/#breadcrumb\",\"itemListElement\":[{\"@type\":\"ListItem\",\"position\":1,\"name\":\"Home\",\"item\":\"https:\\\/\\\/mznoticia.com.br\\\/jaguariaiva\\\/\"},{\"@type\":\"ListItem\",\"position\":2,\"name\":\"Super El Ni\u00f1o avan\u00e7a e pode levar o Brasil a extremos clim\u00e1ticos; Paran\u00e1 entra em alerta\"}]},{\"@type\":\"WebSite\",\"@id\":\"https:\\\/\\\/mznoticia.com.br\\\/jaguariaiva\\\/#website\",\"url\":\"https:\\\/\\\/mznoticia.com.br\\\/jaguariaiva\\\/\",\"name\":\"Mz Not\u00edcia\",\"description\":\"A informa\u00e7\u00e3o que voc\u00ea precisa na hora certa!\",\"publisher\":{\"@id\":\"https:\\\/\\\/mznoticia.com.br\\\/jaguariaiva\\\/#organization\"},\"potentialAction\":[{\"@type\":\"SearchAction\",\"target\":{\"@type\":\"EntryPoint\",\"urlTemplate\":\"https:\\\/\\\/mznoticia.com.br\\\/jaguariaiva\\\/?s={search_term_string}\"},\"query-input\":{\"@type\":\"PropertyValueSpecification\",\"valueRequired\":true,\"valueName\":\"search_term_string\"}}],\"inLanguage\":\"pt-BR\"},{\"@type\":\"Organization\",\"@id\":\"https:\\\/\\\/mznoticia.com.br\\\/jaguariaiva\\\/#organization\",\"name\":\"Mz Not\u00edcia\",\"url\":\"https:\\\/\\\/mznoticia.com.br\\\/jaguariaiva\\\/\",\"logo\":{\"@type\":\"ImageObject\",\"inLanguage\":\"pt-BR\",\"@id\":\"https:\\\/\\\/mznoticia.com.br\\\/jaguariaiva\\\/#\\\/schema\\\/logo\\\/image\\\/\",\"url\":\"https:\\\/\\\/mznoticia.com.br\\\/jaguariaiva\\\/wp-content\\\/uploads\\\/2025\\\/03\\\/Design-sem-nome-4-e1741200616392.png\",\"contentUrl\":\"https:\\\/\\\/mznoticia.com.br\\\/jaguariaiva\\\/wp-content\\\/uploads\\\/2025\\\/03\\\/Design-sem-nome-4-e1741200616392.png\",\"width\":750,\"height\":563,\"caption\":\"Mz Not\u00edcia\"},\"image\":{\"@id\":\"https:\\\/\\\/mznoticia.com.br\\\/jaguariaiva\\\/#\\\/schema\\\/logo\\\/image\\\/\"},\"sameAs\":[\"https:\\\/\\\/www.facebook.com\\\/profile.php?id=61573479951222\",\"https:\\\/\\\/www.instagram.com\\\/mz.jaguariaiva\\\/\"]},{\"@type\":\"Person\",\"@id\":\"https:\\\/\\\/mznoticia.com.br\\\/jaguariaiva\\\/#\\\/schema\\\/person\\\/7ecde13ae5f5a92f0ff9b2155d7a6d6e\",\"name\":\"Reda\u00e7\u00e3o MZ\",\"image\":{\"@type\":\"ImageObject\",\"inLanguage\":\"pt-BR\",\"@id\":\"https:\\\/\\\/mznoticia.com.br\\\/jaguariaiva\\\/wp-content\\\/uploads\\\/2025\\\/02\\\/mznoticia_jaguariaiva_coluna-150x150.png\",\"url\":\"https:\\\/\\\/mznoticia.com.br\\\/jaguariaiva\\\/wp-content\\\/uploads\\\/2025\\\/02\\\/mznoticia_jaguariaiva_coluna-150x150.png\",\"contentUrl\":\"https:\\\/\\\/mznoticia.com.br\\\/jaguariaiva\\\/wp-content\\\/uploads\\\/2025\\\/02\\\/mznoticia_jaguariaiva_coluna-150x150.png\",\"caption\":\"Reda\u00e7\u00e3o MZ\"},\"url\":\"https:\\\/\\\/mznoticia.com.br\\\/jaguariaiva\\\/author\\\/yan\\\/\"}]}<\/script>\n<!-- \/ Yoast SEO plugin. -->","yoast_head_json":{"title":"Super El Ni\u00f1o avan\u00e7a e pode levar o Brasil a extremos clim\u00e1ticos; Paran\u00e1 entra em alerta - Mz Not\u00edcias","description":"Poss\u00edvel Super El Ni\u00f1o avan\u00e7a e pode provocar extremos clim\u00e1ticos no Brasil, com risco de chuvas intensas e tempestades no Paran\u00e1","robots":{"index":"index","follow":"follow","max-snippet":"max-snippet:-1","max-image-preview":"max-image-preview:large","max-video-preview":"max-video-preview:-1"},"canonical":"https:\/\/mznoticia.com.br\/jaguariaiva\/super-el-nino-avanca-e-pode-levar-o-brasil-a-extremos-climaticos-parana-entra-em-alerta\/","og_locale":"pt_BR","og_type":"article","og_title":"Super El Ni\u00f1o avan\u00e7a e pode levar o Brasil a extremos clim\u00e1ticos; Paran\u00e1 entra em alerta - Mz Not\u00edcias","og_description":"Poss\u00edvel Super El Ni\u00f1o avan\u00e7a e pode provocar extremos clim\u00e1ticos no Brasil, com risco de chuvas intensas e tempestades no Paran\u00e1","og_url":"https:\/\/mznoticia.com.br\/jaguariaiva\/super-el-nino-avanca-e-pode-levar-o-brasil-a-extremos-climaticos-parana-entra-em-alerta\/","og_site_name":"Mz Not\u00edcias","article_publisher":"https:\/\/www.facebook.com\/profile.php?id=61573479951222","article_published_time":"2026-08-31T20:45:29+00:00","og_image":[{"width":1024,"height":512,"url":"https:\/\/mznoticia.com.br\/jaguariaiva\/wp-content\/uploads\/2026\/08\/nin-1024x512.png","type":"image\/png"}],"author":"Reda\u00e7\u00e3o MZ","twitter_card":"summary_large_image","twitter_misc":{"Escrito por":"Reda\u00e7\u00e3o MZ","Est. tempo de leitura":"3 minutos"},"schema":{"@context":"https:\/\/schema.org","@graph":[{"@type":"Article","@id":"https:\/\/mznoticia.com.br\/jaguariaiva\/super-el-nino-avanca-e-pode-levar-o-brasil-a-extremos-climaticos-parana-entra-em-alerta\/#article","isPartOf":{"@id":"https:\/\/mznoticia.com.br\/jaguariaiva\/super-el-nino-avanca-e-pode-levar-o-brasil-a-extremos-climaticos-parana-entra-em-alerta\/"},"author":{"name":"Reda\u00e7\u00e3o MZ","@id":"https:\/\/mznoticia.com.br\/jaguariaiva\/#\/schema\/person\/7ecde13ae5f5a92f0ff9b2155d7a6d6e"},"headline":"Super El Ni\u00f1o avan\u00e7a e pode levar o Brasil a extremos clim\u00e1ticos; Paran\u00e1 entra em alerta","datePublished":"2026-08-31T20:45:29+00:00","mainEntityOfPage":{"@id":"https:\/\/mznoticia.com.br\/jaguariaiva\/super-el-nino-avanca-e-pode-levar-o-brasil-a-extremos-climaticos-parana-entra-em-alerta\/"},"wordCount":560,"commentCount":0,"publisher":{"@id":"https:\/\/mznoticia.com.br\/jaguariaiva\/#organization"},"image":{"@id":"https:\/\/mznoticia.com.br\/jaguariaiva\/super-el-nino-avanca-e-pode-levar-o-brasil-a-extremos-climaticos-parana-entra-em-alerta\/#primaryimage"},"thumbnailUrl":"https:\/\/mznoticia.com.br\/jaguariaiva\/wp-content\/uploads\/2026\/08\/nin.png","keywords":["brasil","Chuvas fortes","Clima","destaque","El Ni\u00f1o","Eventos Clim\u00e1ticos","parana","Previs\u00e3o do Tempo","primavera","Super El Ni\u00f1o","Tempestades"],"articleSection":["Brasil","Geral","Meio Ambiente","Mundo","Paran\u00e1"],"inLanguage":"pt-BR","potentialAction":[{"@type":"CommentAction","name":"Comment","target":["https:\/\/mznoticia.com.br\/jaguariaiva\/super-el-nino-avanca-e-pode-levar-o-brasil-a-extremos-climaticos-parana-entra-em-alerta\/#respond"]}]},{"@type":"WebPage","@id":"https:\/\/mznoticia.com.br\/jaguariaiva\/super-el-nino-avanca-e-pode-levar-o-brasil-a-extremos-climaticos-parana-entra-em-alerta\/","url":"https:\/\/mznoticia.com.br\/jaguariaiva\/super-el-nino-avanca-e-pode-levar-o-brasil-a-extremos-climaticos-parana-entra-em-alerta\/","name":"Super El Ni\u00f1o avan\u00e7a e pode levar o Brasil a extremos clim\u00e1ticos; Paran\u00e1 entra em alerta - Mz Not\u00edcias","isPartOf":{"@id":"https:\/\/mznoticia.com.br\/jaguariaiva\/#website"},"primaryImageOfPage":{"@id":"https:\/\/mznoticia.com.br\/jaguariaiva\/super-el-nino-avanca-e-pode-levar-o-brasil-a-extremos-climaticos-parana-entra-em-alerta\/#primaryimage"},"image":{"@id":"https:\/\/mznoticia.com.br\/jaguariaiva\/super-el-nino-avanca-e-pode-levar-o-brasil-a-extremos-climaticos-parana-entra-em-alerta\/#primaryimage"},"thumbnailUrl":"https:\/\/mznoticia.com.br\/jaguariaiva\/wp-content\/uploads\/2026\/08\/nin.png","datePublished":"2026-08-31T20:45:29+00:00","description":"Poss\u00edvel Super El Ni\u00f1o avan\u00e7a e pode provocar extremos clim\u00e1ticos no Brasil, com risco de chuvas intensas e tempestades no Paran\u00e1","breadcrumb":{"@id":"https:\/\/mznoticia.com.br\/jaguariaiva\/super-el-nino-avanca-e-pode-levar-o-brasil-a-extremos-climaticos-parana-entra-em-alerta\/#breadcrumb"},"inLanguage":"pt-BR","potentialAction":[{"@type":"ReadAction","target":["https:\/\/mznoticia.com.br\/jaguariaiva\/super-el-nino-avanca-e-pode-levar-o-brasil-a-extremos-climaticos-parana-entra-em-alerta\/"]}]},{"@type":"ImageObject","inLanguage":"pt-BR","@id":"https:\/\/mznoticia.com.br\/jaguariaiva\/super-el-nino-avanca-e-pode-levar-o-brasil-a-extremos-climaticos-parana-entra-em-alerta\/#primaryimage","url":"https:\/\/mznoticia.com.br\/jaguariaiva\/wp-content\/uploads\/2026\/08\/nin.png","contentUrl":"https:\/\/mznoticia.com.br\/jaguariaiva\/wp-content\/uploads\/2026\/08\/nin.png","width":1774,"height":887},{"@type":"BreadcrumbList","@id":"https:\/\/mznoticia.com.br\/jaguariaiva\/super-el-nino-avanca-e-pode-levar-o-brasil-a-extremos-climaticos-parana-entra-em-alerta\/#breadcrumb","itemListElement":[{"@type":"ListItem","position":1,"name":"Home","item":"https:\/\/mznoticia.com.br\/jaguariaiva\/"},{"@type":"ListItem","position":2,"name":"Super El Ni\u00f1o avan\u00e7a e pode levar o Brasil a extremos clim\u00e1ticos; Paran\u00e1 entra em alerta"}]},{"@type":"WebSite","@id":"https:\/\/mznoticia.com.br\/jaguariaiva\/#website","url":"https:\/\/mznoticia.com.br\/jaguariaiva\/","name":"Mz Not\u00edcia","description":"A informa\u00e7\u00e3o que voc\u00ea precisa na hora certa!","publisher":{"@id":"https:\/\/mznoticia.com.br\/jaguariaiva\/#organization"},"potentialAction":[{"@type":"SearchAction","target":{"@type":"EntryPoint","urlTemplate":"https:\/\/mznoticia.com.br\/jaguariaiva\/?s={search_term_string}"},"query-input":{"@type":"PropertyValueSpecification","valueRequired":true,"valueName":"search_term_string"}}],"inLanguage":"pt-BR"},{"@type":"Organization","@id":"https:\/\/mznoticia.com.br\/jaguariaiva\/#organization","name":"Mz Not\u00edcia","url":"https:\/\/mznoticia.com.br\/jaguariaiva\/","logo":{"@type":"ImageObject","inLanguage":"pt-BR","@id":"https:\/\/mznoticia.com.br\/jaguariaiva\/#\/schema\/logo\/image\/","url":"https:\/\/mznoticia.com.br\/jaguariaiva\/wp-content\/uploads\/2025\/03\/Design-sem-nome-4-e1741200616392.png","contentUrl":"https:\/\/mznoticia.com.br\/jaguariaiva\/wp-content\/uploads\/2025\/03\/Design-sem-nome-4-e1741200616392.png","width":750,"height":563,"caption":"Mz Not\u00edcia"},"image":{"@id":"https:\/\/mznoticia.com.br\/jaguariaiva\/#\/schema\/logo\/image\/"},"sameAs":["https:\/\/www.facebook.com\/profile.php?id=61573479951222","https:\/\/www.instagram.com\/mz.jaguariaiva\/"]},{"@type":"Person","@id":"https:\/\/mznoticia.com.br\/jaguariaiva\/#\/schema\/person\/7ecde13ae5f5a92f0ff9b2155d7a6d6e","name":"Reda\u00e7\u00e3o MZ","image":{"@type":"ImageObject","inLanguage":"pt-BR","@id":"https:\/\/mznoticia.com.br\/jaguariaiva\/wp-content\/uploads\/2025\/02\/mznoticia_jaguariaiva_coluna-150x150.png","url":"https:\/\/mznoticia.com.br\/jaguariaiva\/wp-content\/uploads\/2025\/02\/mznoticia_jaguariaiva_coluna-150x150.png","contentUrl":"https:\/\/mznoticia.com.br\/jaguariaiva\/wp-content\/uploads\/2025\/02\/mznoticia_jaguariaiva_coluna-150x150.png","caption":"Reda\u00e7\u00e3o MZ"},"url":"https:\/\/mznoticia.com.br\/jaguariaiva\/author\/yan\/"}]}},"_links":{"self":[{"href":"https:\/\/mznoticia.com.br\/jaguariaiva\/wp-json\/wp\/v2\/posts\/7462","targetHints":{"allow":["GET"]}}],"collection":[{"href":"https:\/\/mznoticia.com.br\/jaguariaiva\/wp-json\/wp\/v2\/posts"}],"about":[{"href":"https:\/\/mznoticia.com.br\/jaguariaiva\/wp-json\/wp\/v2\/types\/post"}],"author":[{"embeddable":true,"href":"https:\/\/mznoticia.com.br\/jaguariaiva\/wp-json\/wp\/v2\/users\/18"}],"replies":[{"embeddable":true,"href":"https:\/\/mznoticia.com.br\/jaguariaiva\/wp-json\/wp\/v2\/comments?post=7462"}],"version-history":[{"count":1,"href":"https:\/\/mznoticia.com.br\/jaguariaiva\/wp-json\/wp\/v2\/posts\/7462\/revisions"}],"predecessor-version":[{"id":7464,"href":"https:\/\/mznoticia.com.br\/jaguariaiva\/wp-json\/wp\/v2\/posts\/7462\/revisions\/7464"}],"wp:featuredmedia":[{"embeddable":true,"href":"https:\/\/mznoticia.com.br\/jaguariaiva\/wp-json\/wp\/v2\/media\/7463"}],"wp:attachment":[{"href":"https:\/\/mznoticia.com.br\/jaguariaiva\/wp-json\/wp\/v2\/media?parent=7462"}],"wp:term":[{"taxonomy":"category","embeddable":true,"href":"https:\/\/mznoticia.com.br\/jaguariaiva\/wp-json\/wp\/v2\/categories?post=7462"},{"taxonomy":"post_tag","embeddable":true,"href":"https:\/\/mznoticia.com.br\/jaguariaiva\/wp-json\/wp\/v2\/tags?post=7462"}],"curies":[{"name":"wp","href":"https:\/\/api.w.org\/{rel}","templated":true}]}}