{"id":7465,"date":"2026-08-31T21:04:25","date_gmt":"2026-08-31T21:04:25","guid":{"rendered":"https:\/\/mznoticia.com.br\/jaguariaiva\/?p=7465"},"modified":"2026-08-31T21:04:25","modified_gmt":"2026-08-31T21:04:25","slug":"neymar-nega-fala-sobre-pensao-dos-filhos-mas-diz-concordar-com-a-mensagem","status":"publish","type":"post","link":"https:\/\/mznoticia.com.br\/jaguariaiva\/neymar-nega-fala-sobre-pensao-dos-filhos-mas-diz-concordar-com-a-mensagem\/","title":{"rendered":"Neymar nega fala sobre pens\u00e3o dos filhos, mas diz concordar com a mensagem"},"content":{"rendered":"<h2 class=\"PDq2pG_selectionAnchorContainer\" data-section-id=\"z1vzst\" data-start=\"161\" data-end=\"305\">Jogador negou ser autor da declara\u00e7\u00e3o que circulava nas redes sociais, mas afirmou concordar com a mensagem sobre a responsabilidade dos pais<\/h2>\n<p data-start=\"307\" data-end=\"464\">O jogador Neymar se pronunciou neste domingo (31) ap\u00f3s uma declara\u00e7\u00e3o sobre pagamento de pens\u00e3o aliment\u00edcia aos filhos ser atribu\u00edda a ele nas redes sociais.<\/p>\n<p data-start=\"466\" data-end=\"660\">A publica\u00e7\u00e3o, compartilhada por um perfil de fofoca, afirmava que o atleta teria mandado um recado aos homens sobre a responsabilidade de cuidar dos filhos mesmo ap\u00f3s o fim de um relacionamento.<\/p>\n<p data-start=\"662\" data-end=\"872\">Segundo a frase atribu\u00edda ao jogador, homens que se separam das m\u00e3es de seus filhos n\u00e3o deveriam deixar de cumprir suas responsabilidades financeiras e tamb\u00e9m deveriam permanecer presentes na vida das crian\u00e7as.<\/p>\n<p data-start=\"874\" data-end=\"963\">Neymar, no entanto, decidiu esclarecer a situa\u00e7\u00e3o e negou ter sido o autor da declara\u00e7\u00e3o.<\/p>\n<p data-start=\"965\" data-end=\"1063\"><strong data-start=\"965\" data-end=\"1019\">\u201cNunca falei isso, mas concordo com o que falaram\u201d<\/strong>, escreveu o jogador ao reagir \u00e0 publica\u00e7\u00e3o.<\/p>\n<p data-start=\"1065\" data-end=\"1259\">A resposta rapidamente repercutiu entre os seguidores e gerou diversos coment\u00e1rios nas redes sociais. Internautas destacaram principalmente a import\u00e2ncia da presen\u00e7a dos pais na vida dos filhos.<\/p>\n<p data-start=\"1261\" data-end=\"1332\">\u201c\u00c9 isso a\u00ed, Neymar, n\u00e3o \u00e9 s\u00f3 pens\u00e3o. \u00c9 presen\u00e7a\u201d, comentou uma usu\u00e1ria.<\/p>\n<p data-start=\"1334\" data-end=\"1487\">Atualmente, Neymar \u00e9 pai de Davi Lucca, Helena, Mavie e Mel. O jogador tamb\u00e9m vive um relacionamento com Bruna Biancardi, com quem espera mais uma filha.<\/p>\n<p data-start=\"1489\" data-end=\"1676\" data-is-last-node=\"\" data-is-only-node=\"\">A manifesta\u00e7\u00e3o do atleta chamou aten\u00e7\u00e3o justamente por ele negar a autoria da frase, mas refor\u00e7ar publicamente que concorda com a mensagem sobre a responsabilidade dos pais com os filhos.<\/p>\n","protected":false},"excerpt":{"rendered":"<p>Jogador negou ser autor da declara\u00e7\u00e3o que circulava nas redes sociais, mas afirmou concordar com a mensagem sobre a responsabilidade dos pais O jogador Neymar se pronunciou neste domingo (31) ap\u00f3s uma declara\u00e7\u00e3o sobre pagamento de pens\u00e3o aliment\u00edcia aos filhos ser atribu\u00edda a ele nas redes sociais. A publica\u00e7\u00e3o, compartilhada por um perfil de fofoca, [&hellip;]<\/p>\n","protected":false},"author":18,"featured_media":7467,"comment_status":"open","ping_status":"open","sticky":false,"template":"","format":"standard","meta":{"footnotes":""},"categories":[130,3095,12],"tags":[3102,2233,85,3103,3101,39,1239,2337,741],"class_list":["post-7465","post","type-post","status-publish","format-standard","has-post-thumbnail","hentry","category-famosos","category-futebol","category-geral","tag-bruna-biancardi","tag-celebridades","tag-entretenimento","tag-famosos","tag-filhos-de-neymar","tag-futebol","tag-neymar","tag-pensao-alimenticia","tag-redes-sociais"],"yoast_head":"<!-- This site is optimized with the Yoast SEO plugin v28.1 - https:\/\/yoast.com\/product\/yoast-seo-wordpress\/ -->\n<title>Neymar nega fala sobre pens\u00e3o dos filhos, mas diz concordar com a mensagem - Mz Not\u00edcias<\/title>\n<meta name=\"description\" content=\"Neymar reagiu a um boato sobre uma suposta declara\u00e7\u00e3o envolvendo pens\u00e3o dos filhos, negou ter feito a frase e surpreendeu ao afirmar que concorda com a mensagem.\" \/>\n<meta name=\"robots\" content=\"index, follow, max-snippet:-1, max-image-preview:large, max-video-preview:-1\" \/>\n<link rel=\"canonical\" href=\"https:\/\/mznoticia.com.br\/jaguariaiva\/neymar-nega-fala-sobre-pensao-dos-filhos-mas-diz-concordar-com-a-mensagem\/\" \/>\n<meta property=\"og:locale\" content=\"pt_BR\" \/>\n<meta property=\"og:type\" content=\"article\" \/>\n<meta property=\"og:title\" content=\"Neymar nega fala sobre pens\u00e3o dos filhos, mas diz concordar com a mensagem - Mz Not\u00edcias\" \/>\n<meta property=\"og:description\" content=\"Neymar reagiu a um boato sobre uma suposta declara\u00e7\u00e3o envolvendo pens\u00e3o dos filhos, negou ter feito a frase e surpreendeu ao afirmar que concorda com a mensagem.\" \/>\n<meta property=\"og:url\" content=\"https:\/\/mznoticia.com.br\/jaguariaiva\/neymar-nega-fala-sobre-pensao-dos-filhos-mas-diz-concordar-com-a-mensagem\/\" \/>\n<meta property=\"og:site_name\" content=\"Mz Not\u00edcias\" \/>\n<meta property=\"article:publisher\" content=\"https:\/\/www.facebook.com\/profile.php?id=61573479951222\" \/>\n<meta property=\"article:published_time\" content=\"2026-08-31T21:04:25+00:00\" \/>\n<meta property=\"og:image\" content=\"https:\/\/mznoticia.com.br\/jaguariaiva\/wp-content\/uploads\/2026\/08\/mar.webp\" \/>\n\t<meta property=\"og:image:width\" content=\"739\" \/>\n\t<meta property=\"og:image:height\" content=\"415\" \/>\n\t<meta property=\"og:image:type\" content=\"image\/webp\" \/>\n<meta name=\"author\" content=\"Reda\u00e7\u00e3o MZ\" \/>\n<meta name=\"twitter:card\" content=\"summary_large_image\" \/>\n<meta name=\"twitter:label1\" content=\"Escrito por\" \/>\n\t<meta name=\"twitter:data1\" content=\"Reda\u00e7\u00e3o MZ\" \/>\n\t<meta name=\"twitter:label2\" content=\"Est. tempo de leitura\" \/>\n\t<meta name=\"twitter:data2\" content=\"2 minutos\" \/>\n<script type=\"application\/ld+json\" class=\"yoast-schema-graph\">{\"@context\":\"https:\\\/\\\/schema.org\",\"@graph\":[{\"@type\":\"Article\",\"@id\":\"https:\\\/\\\/mznoticia.com.br\\\/jaguariaiva\\\/neymar-nega-fala-sobre-pensao-dos-filhos-mas-diz-concordar-com-a-mensagem\\\/#article\",\"isPartOf\":{\"@id\":\"https:\\\/\\\/mznoticia.com.br\\\/jaguariaiva\\\/neymar-nega-fala-sobre-pensao-dos-filhos-mas-diz-concordar-com-a-mensagem\\\/\"},\"author\":{\"name\":\"Reda\u00e7\u00e3o MZ\",\"@id\":\"https:\\\/\\\/mznoticia.com.br\\\/jaguariaiva\\\/#\\\/schema\\\/person\\\/7ecde13ae5f5a92f0ff9b2155d7a6d6e\"},\"headline\":\"Neymar nega fala sobre pens\u00e3o dos filhos, mas diz concordar com a mensagem\",\"datePublished\":\"2026-08-31T21:04:25+00:00\",\"mainEntityOfPage\":{\"@id\":\"https:\\\/\\\/mznoticia.com.br\\\/jaguariaiva\\\/neymar-nega-fala-sobre-pensao-dos-filhos-mas-diz-concordar-com-a-mensagem\\\/\"},\"wordCount\":273,\"commentCount\":0,\"publisher\":{\"@id\":\"https:\\\/\\\/mznoticia.com.br\\\/jaguariaiva\\\/#organization\"},\"image\":{\"@id\":\"https:\\\/\\\/mznoticia.com.br\\\/jaguariaiva\\\/neymar-nega-fala-sobre-pensao-dos-filhos-mas-diz-concordar-com-a-mensagem\\\/#primaryimage\"},\"thumbnailUrl\":\"https:\\\/\\\/mznoticia.com.br\\\/jaguariaiva\\\/wp-content\\\/uploads\\\/2026\\\/08\\\/mar.webp\",\"keywords\":[\"Bruna Biancardi\",\"celebridades\",\"entretenimento\",\"famosos\",\"filhos de Neymar\",\"futebol\",\"Neymar\",\"Pens\u00e3o Aliment\u00edcia\",\"Redes Sociais\"],\"articleSection\":[\"Famosos\",\"futebol\",\"Geral\"],\"inLanguage\":\"pt-BR\",\"potentialAction\":[{\"@type\":\"CommentAction\",\"name\":\"Comment\",\"target\":[\"https:\\\/\\\/mznoticia.com.br\\\/jaguariaiva\\\/neymar-nega-fala-sobre-pensao-dos-filhos-mas-diz-concordar-com-a-mensagem\\\/#respond\"]}]},{\"@type\":\"WebPage\",\"@id\":\"https:\\\/\\\/mznoticia.com.br\\\/jaguariaiva\\\/neymar-nega-fala-sobre-pensao-dos-filhos-mas-diz-concordar-com-a-mensagem\\\/\",\"url\":\"https:\\\/\\\/mznoticia.com.br\\\/jaguariaiva\\\/neymar-nega-fala-sobre-pensao-dos-filhos-mas-diz-concordar-com-a-mensagem\\\/\",\"name\":\"Neymar nega fala sobre pens\u00e3o dos filhos, mas diz concordar com a mensagem - Mz Not\u00edcias\",\"isPartOf\":{\"@id\":\"https:\\\/\\\/mznoticia.com.br\\\/jaguariaiva\\\/#website\"},\"primaryImageOfPage\":{\"@id\":\"https:\\\/\\\/mznoticia.com.br\\\/jaguariaiva\\\/neymar-nega-fala-sobre-pensao-dos-filhos-mas-diz-concordar-com-a-mensagem\\\/#primaryimage\"},\"image\":{\"@id\":\"https:\\\/\\\/mznoticia.com.br\\\/jaguariaiva\\\/neymar-nega-fala-sobre-pensao-dos-filhos-mas-diz-concordar-com-a-mensagem\\\/#primaryimage\"},\"thumbnailUrl\":\"https:\\\/\\\/mznoticia.com.br\\\/jaguariaiva\\\/wp-content\\\/uploads\\\/2026\\\/08\\\/mar.webp\",\"datePublished\":\"2026-08-31T21:04:25+00:00\",\"description\":\"Neymar reagiu a um boato sobre uma suposta declara\u00e7\u00e3o envolvendo pens\u00e3o dos filhos, negou ter feito a frase e surpreendeu ao afirmar que concorda com a mensagem.\",\"breadcrumb\":{\"@id\":\"https:\\\/\\\/mznoticia.com.br\\\/jaguariaiva\\\/neymar-nega-fala-sobre-pensao-dos-filhos-mas-diz-concordar-com-a-mensagem\\\/#breadcrumb\"},\"inLanguage\":\"pt-BR\",\"potentialAction\":[{\"@type\":\"ReadAction\",\"target\":[\"https:\\\/\\\/mznoticia.com.br\\\/jaguariaiva\\\/neymar-nega-fala-sobre-pensao-dos-filhos-mas-diz-concordar-com-a-mensagem\\\/\"]}]},{\"@type\":\"ImageObject\",\"inLanguage\":\"pt-BR\",\"@id\":\"https:\\\/\\\/mznoticia.com.br\\\/jaguariaiva\\\/neymar-nega-fala-sobre-pensao-dos-filhos-mas-diz-concordar-com-a-mensagem\\\/#primaryimage\",\"url\":\"https:\\\/\\\/mznoticia.com.br\\\/jaguariaiva\\\/wp-content\\\/uploads\\\/2026\\\/08\\\/mar.webp\",\"contentUrl\":\"https:\\\/\\\/mznoticia.com.br\\\/jaguariaiva\\\/wp-content\\\/uploads\\\/2026\\\/08\\\/mar.webp\",\"width\":739,\"height\":415},{\"@type\":\"BreadcrumbList\",\"@id\":\"https:\\\/\\\/mznoticia.com.br\\\/jaguariaiva\\\/neymar-nega-fala-sobre-pensao-dos-filhos-mas-diz-concordar-com-a-mensagem\\\/#breadcrumb\",\"itemListElement\":[{\"@type\":\"ListItem\",\"position\":1,\"name\":\"Home\",\"item\":\"https:\\\/\\\/mznoticia.com.br\\\/jaguariaiva\\\/\"},{\"@type\":\"ListItem\",\"position\":2,\"name\":\"Neymar nega fala sobre pens\u00e3o dos filhos, mas diz concordar com a mensagem\"}]},{\"@type\":\"WebSite\",\"@id\":\"https:\\\/\\\/mznoticia.com.br\\\/jaguariaiva\\\/#website\",\"url\":\"https:\\\/\\\/mznoticia.com.br\\\/jaguariaiva\\\/\",\"name\":\"Mz Not\u00edcia\",\"description\":\"A informa\u00e7\u00e3o que voc\u00ea precisa na hora certa!\",\"publisher\":{\"@id\":\"https:\\\/\\\/mznoticia.com.br\\\/jaguariaiva\\\/#organization\"},\"potentialAction\":[{\"@type\":\"SearchAction\",\"target\":{\"@type\":\"EntryPoint\",\"urlTemplate\":\"https:\\\/\\\/mznoticia.com.br\\\/jaguariaiva\\\/?s={search_term_string}\"},\"query-input\":{\"@type\":\"PropertyValueSpecification\",\"valueRequired\":true,\"valueName\":\"search_term_string\"}}],\"inLanguage\":\"pt-BR\"},{\"@type\":\"Organization\",\"@id\":\"https:\\\/\\\/mznoticia.com.br\\\/jaguariaiva\\\/#organization\",\"name\":\"Mz Not\u00edcia\",\"url\":\"https:\\\/\\\/mznoticia.com.br\\\/jaguariaiva\\\/\",\"logo\":{\"@type\":\"ImageObject\",\"inLanguage\":\"pt-BR\",\"@id\":\"https:\\\/\\\/mznoticia.com.br\\\/jaguariaiva\\\/#\\\/schema\\\/logo\\\/image\\\/\",\"url\":\"https:\\\/\\\/mznoticia.com.br\\\/jaguariaiva\\\/wp-content\\\/uploads\\\/2025\\\/03\\\/Design-sem-nome-4-e1741200616392.png\",\"contentUrl\":\"https:\\\/\\\/mznoticia.com.br\\\/jaguariaiva\\\/wp-content\\\/uploads\\\/2025\\\/03\\\/Design-sem-nome-4-e1741200616392.png\",\"width\":750,\"height\":563,\"caption\":\"Mz Not\u00edcia\"},\"image\":{\"@id\":\"https:\\\/\\\/mznoticia.com.br\\\/jaguariaiva\\\/#\\\/schema\\\/logo\\\/image\\\/\"},\"sameAs\":[\"https:\\\/\\\/www.facebook.com\\\/profile.php?id=61573479951222\",\"https:\\\/\\\/www.instagram.com\\\/mz.jaguariaiva\\\/\"]},{\"@type\":\"Person\",\"@id\":\"https:\\\/\\\/mznoticia.com.br\\\/jaguariaiva\\\/#\\\/schema\\\/person\\\/7ecde13ae5f5a92f0ff9b2155d7a6d6e\",\"name\":\"Reda\u00e7\u00e3o MZ\",\"image\":{\"@type\":\"ImageObject\",\"inLanguage\":\"pt-BR\",\"@id\":\"https:\\\/\\\/mznoticia.com.br\\\/jaguariaiva\\\/wp-content\\\/uploads\\\/2025\\\/02\\\/mznoticia_jaguariaiva_coluna-150x150.png\",\"url\":\"https:\\\/\\\/mznoticia.com.br\\\/jaguariaiva\\\/wp-content\\\/uploads\\\/2025\\\/02\\\/mznoticia_jaguariaiva_coluna-150x150.png\",\"contentUrl\":\"https:\\\/\\\/mznoticia.com.br\\\/jaguariaiva\\\/wp-content\\\/uploads\\\/2025\\\/02\\\/mznoticia_jaguariaiva_coluna-150x150.png\",\"caption\":\"Reda\u00e7\u00e3o MZ\"},\"url\":\"https:\\\/\\\/mznoticia.com.br\\\/jaguariaiva\\\/author\\\/yan\\\/\"}]}<\/script>\n<!-- \/ Yoast SEO plugin. -->","yoast_head_json":{"title":"Neymar nega fala sobre pens\u00e3o dos filhos, mas diz concordar com a mensagem - Mz Not\u00edcias","description":"Neymar reagiu a um boato sobre uma suposta declara\u00e7\u00e3o envolvendo pens\u00e3o dos filhos, negou ter feito a frase e surpreendeu ao afirmar que concorda com a mensagem.","robots":{"index":"index","follow":"follow","max-snippet":"max-snippet:-1","max-image-preview":"max-image-preview:large","max-video-preview":"max-video-preview:-1"},"canonical":"https:\/\/mznoticia.com.br\/jaguariaiva\/neymar-nega-fala-sobre-pensao-dos-filhos-mas-diz-concordar-com-a-mensagem\/","og_locale":"pt_BR","og_type":"article","og_title":"Neymar nega fala sobre pens\u00e3o dos filhos, mas diz concordar com a mensagem - Mz Not\u00edcias","og_description":"Neymar reagiu a um boato sobre uma suposta declara\u00e7\u00e3o envolvendo pens\u00e3o dos filhos, negou ter feito a frase e surpreendeu ao afirmar que concorda com a mensagem.","og_url":"https:\/\/mznoticia.com.br\/jaguariaiva\/neymar-nega-fala-sobre-pensao-dos-filhos-mas-diz-concordar-com-a-mensagem\/","og_site_name":"Mz Not\u00edcias","article_publisher":"https:\/\/www.facebook.com\/profile.php?id=61573479951222","article_published_time":"2026-08-31T21:04:25+00:00","og_image":[{"width":739,"height":415,"url":"https:\/\/mznoticia.com.br\/jaguariaiva\/wp-content\/uploads\/2026\/08\/mar.webp","type":"image\/webp"}],"author":"Reda\u00e7\u00e3o MZ","twitter_card":"summary_large_image","twitter_misc":{"Escrito por":"Reda\u00e7\u00e3o MZ","Est. tempo de leitura":"2 minutos"},"schema":{"@context":"https:\/\/schema.org","@graph":[{"@type":"Article","@id":"https:\/\/mznoticia.com.br\/jaguariaiva\/neymar-nega-fala-sobre-pensao-dos-filhos-mas-diz-concordar-com-a-mensagem\/#article","isPartOf":{"@id":"https:\/\/mznoticia.com.br\/jaguariaiva\/neymar-nega-fala-sobre-pensao-dos-filhos-mas-diz-concordar-com-a-mensagem\/"},"author":{"name":"Reda\u00e7\u00e3o MZ","@id":"https:\/\/mznoticia.com.br\/jaguariaiva\/#\/schema\/person\/7ecde13ae5f5a92f0ff9b2155d7a6d6e"},"headline":"Neymar nega fala sobre pens\u00e3o dos filhos, mas diz concordar com a mensagem","datePublished":"2026-08-31T21:04:25+00:00","mainEntityOfPage":{"@id":"https:\/\/mznoticia.com.br\/jaguariaiva\/neymar-nega-fala-sobre-pensao-dos-filhos-mas-diz-concordar-com-a-mensagem\/"},"wordCount":273,"commentCount":0,"publisher":{"@id":"https:\/\/mznoticia.com.br\/jaguariaiva\/#organization"},"image":{"@id":"https:\/\/mznoticia.com.br\/jaguariaiva\/neymar-nega-fala-sobre-pensao-dos-filhos-mas-diz-concordar-com-a-mensagem\/#primaryimage"},"thumbnailUrl":"https:\/\/mznoticia.com.br\/jaguariaiva\/wp-content\/uploads\/2026\/08\/mar.webp","keywords":["Bruna Biancardi","celebridades","entretenimento","famosos","filhos de Neymar","futebol","Neymar","Pens\u00e3o Aliment\u00edcia","Redes Sociais"],"articleSection":["Famosos","futebol","Geral"],"inLanguage":"pt-BR","potentialAction":[{"@type":"CommentAction","name":"Comment","target":["https:\/\/mznoticia.com.br\/jaguariaiva\/neymar-nega-fala-sobre-pensao-dos-filhos-mas-diz-concordar-com-a-mensagem\/#respond"]}]},{"@type":"WebPage","@id":"https:\/\/mznoticia.com.br\/jaguariaiva\/neymar-nega-fala-sobre-pensao-dos-filhos-mas-diz-concordar-com-a-mensagem\/","url":"https:\/\/mznoticia.com.br\/jaguariaiva\/neymar-nega-fala-sobre-pensao-dos-filhos-mas-diz-concordar-com-a-mensagem\/","name":"Neymar nega fala sobre pens\u00e3o dos filhos, mas diz concordar com a mensagem - Mz Not\u00edcias","isPartOf":{"@id":"https:\/\/mznoticia.com.br\/jaguariaiva\/#website"},"primaryImageOfPage":{"@id":"https:\/\/mznoticia.com.br\/jaguariaiva\/neymar-nega-fala-sobre-pensao-dos-filhos-mas-diz-concordar-com-a-mensagem\/#primaryimage"},"image":{"@id":"https:\/\/mznoticia.com.br\/jaguariaiva\/neymar-nega-fala-sobre-pensao-dos-filhos-mas-diz-concordar-com-a-mensagem\/#primaryimage"},"thumbnailUrl":"https:\/\/mznoticia.com.br\/jaguariaiva\/wp-content\/uploads\/2026\/08\/mar.webp","datePublished":"2026-08-31T21:04:25+00:00","description":"Neymar reagiu a um boato sobre uma suposta declara\u00e7\u00e3o envolvendo pens\u00e3o dos filhos, negou ter feito a frase e surpreendeu ao afirmar que concorda com a mensagem.","breadcrumb":{"@id":"https:\/\/mznoticia.com.br\/jaguariaiva\/neymar-nega-fala-sobre-pensao-dos-filhos-mas-diz-concordar-com-a-mensagem\/#breadcrumb"},"inLanguage":"pt-BR","potentialAction":[{"@type":"ReadAction","target":["https:\/\/mznoticia.com.br\/jaguariaiva\/neymar-nega-fala-sobre-pensao-dos-filhos-mas-diz-concordar-com-a-mensagem\/"]}]},{"@type":"ImageObject","inLanguage":"pt-BR","@id":"https:\/\/mznoticia.com.br\/jaguariaiva\/neymar-nega-fala-sobre-pensao-dos-filhos-mas-diz-concordar-com-a-mensagem\/#primaryimage","url":"https:\/\/mznoticia.com.br\/jaguariaiva\/wp-content\/uploads\/2026\/08\/mar.webp","contentUrl":"https:\/\/mznoticia.com.br\/jaguariaiva\/wp-content\/uploads\/2026\/08\/mar.webp","width":739,"height":415},{"@type":"BreadcrumbList","@id":"https:\/\/mznoticia.com.br\/jaguariaiva\/neymar-nega-fala-sobre-pensao-dos-filhos-mas-diz-concordar-com-a-mensagem\/#breadcrumb","itemListElement":[{"@type":"ListItem","position":1,"name":"Home","item":"https:\/\/mznoticia.com.br\/jaguariaiva\/"},{"@type":"ListItem","position":2,"name":"Neymar nega fala sobre pens\u00e3o dos filhos, mas diz concordar com a mensagem"}]},{"@type":"WebSite","@id":"https:\/\/mznoticia.com.br\/jaguariaiva\/#website","url":"https:\/\/mznoticia.com.br\/jaguariaiva\/","name":"Mz Not\u00edcia","description":"A informa\u00e7\u00e3o que voc\u00ea precisa na hora certa!","publisher":{"@id":"https:\/\/mznoticia.com.br\/jaguariaiva\/#organization"},"potentialAction":[{"@type":"SearchAction","target":{"@type":"EntryPoint","urlTemplate":"https:\/\/mznoticia.com.br\/jaguariaiva\/?s={search_term_string}"},"query-input":{"@type":"PropertyValueSpecification","valueRequired":true,"valueName":"search_term_string"}}],"inLanguage":"pt-BR"},{"@type":"Organization","@id":"https:\/\/mznoticia.com.br\/jaguariaiva\/#organization","name":"Mz Not\u00edcia","url":"https:\/\/mznoticia.com.br\/jaguariaiva\/","logo":{"@type":"ImageObject","inLanguage":"pt-BR","@id":"https:\/\/mznoticia.com.br\/jaguariaiva\/#\/schema\/logo\/image\/","url":"https:\/\/mznoticia.com.br\/jaguariaiva\/wp-content\/uploads\/2025\/03\/Design-sem-nome-4-e1741200616392.png","contentUrl":"https:\/\/mznoticia.com.br\/jaguariaiva\/wp-content\/uploads\/2025\/03\/Design-sem-nome-4-e1741200616392.png","width":750,"height":563,"caption":"Mz Not\u00edcia"},"image":{"@id":"https:\/\/mznoticia.com.br\/jaguariaiva\/#\/schema\/logo\/image\/"},"sameAs":["https:\/\/www.facebook.com\/profile.php?id=61573479951222","https:\/\/www.instagram.com\/mz.jaguariaiva\/"]},{"@type":"Person","@id":"https:\/\/mznoticia.com.br\/jaguariaiva\/#\/schema\/person\/7ecde13ae5f5a92f0ff9b2155d7a6d6e","name":"Reda\u00e7\u00e3o MZ","image":{"@type":"ImageObject","inLanguage":"pt-BR","@id":"https:\/\/mznoticia.com.br\/jaguariaiva\/wp-content\/uploads\/2025\/02\/mznoticia_jaguariaiva_coluna-150x150.png","url":"https:\/\/mznoticia.com.br\/jaguariaiva\/wp-content\/uploads\/2025\/02\/mznoticia_jaguariaiva_coluna-150x150.png","contentUrl":"https:\/\/mznoticia.com.br\/jaguariaiva\/wp-content\/uploads\/2025\/02\/mznoticia_jaguariaiva_coluna-150x150.png","caption":"Reda\u00e7\u00e3o MZ"},"url":"https:\/\/mznoticia.com.br\/jaguariaiva\/author\/yan\/"}]}},"_links":{"self":[{"href":"https:\/\/mznoticia.com.br\/jaguariaiva\/wp-json\/wp\/v2\/posts\/7465","targetHints":{"allow":["GET"]}}],"collection":[{"href":"https:\/\/mznoticia.com.br\/jaguariaiva\/wp-json\/wp\/v2\/posts"}],"about":[{"href":"https:\/\/mznoticia.com.br\/jaguariaiva\/wp-json\/wp\/v2\/types\/post"}],"author":[{"embeddable":true,"href":"https:\/\/mznoticia.com.br\/jaguariaiva\/wp-json\/wp\/v2\/users\/18"}],"replies":[{"embeddable":true,"href":"https:\/\/mznoticia.com.br\/jaguariaiva\/wp-json\/wp\/v2\/comments?post=7465"}],"version-history":[{"count":1,"href":"https:\/\/mznoticia.com.br\/jaguariaiva\/wp-json\/wp\/v2\/posts\/7465\/revisions"}],"predecessor-version":[{"id":7468,"href":"https:\/\/mznoticia.com.br\/jaguariaiva\/wp-json\/wp\/v2\/posts\/7465\/revisions\/7468"}],"wp:featuredmedia":[{"embeddable":true,"href":"https:\/\/mznoticia.com.br\/jaguariaiva\/wp-json\/wp\/v2\/media\/7467"}],"wp:attachment":[{"href":"https:\/\/mznoticia.com.br\/jaguariaiva\/wp-json\/wp\/v2\/media?parent=7465"}],"wp:term":[{"taxonomy":"category","embeddable":true,"href":"https:\/\/mznoticia.com.br\/jaguariaiva\/wp-json\/wp\/v2\/categories?post=7465"},{"taxonomy":"post_tag","embeddable":true,"href":"https:\/\/mznoticia.com.br\/jaguariaiva\/wp-json\/wp\/v2\/tags?post=7465"}],"curies":[{"name":"wp","href":"https:\/\/api.w.org\/{rel}","templated":true}]}}