{"id":7469,"date":"2026-08-31T21:15:35","date_gmt":"2026-08-31T21:15:35","guid":{"rendered":"https:\/\/mznoticia.com.br\/jaguariaiva\/?p=7469"},"modified":"2026-08-31T21:15:35","modified_gmt":"2026-08-31T21:15:35","slug":"grande-auditorio-do-cine-teatro-opera-reabre-com-tres-noites-de-programacao-especial","status":"publish","type":"post","link":"https:\/\/mznoticia.com.br\/jaguariaiva\/grande-auditorio-do-cine-teatro-opera-reabre-com-tres-noites-de-programacao-especial\/","title":{"rendered":"Grande Audit\u00f3rio do Cine-Teatro \u00d3pera reabre com tr\u00eas noites de programa\u00e7\u00e3o especial"},"content":{"rendered":"<h2>Espa\u00e7o em Ponta Grossa volta a receber o p\u00fablico nesta quarta-feira (2) ap\u00f3s passar por ampla reforma e ter\u00e1 apresenta\u00e7\u00f5es gratuitas de grupos municipais<\/h2>\n<p class=\"isSelectedEnd\">O Grande Audit\u00f3rio do Cine-Teatro \u00d3pera, em Ponta Grossa, reabre as portas ao p\u00fablico nesta quarta-feira (2) com uma programa\u00e7\u00e3o especial que celebra a hist\u00f3ria e a import\u00e2ncia cultural do espa\u00e7o.<\/p>\n<p class=\"isSelectedEnd\">O Audit\u00f3rio \u00c1lvaro Augusto Cunha da Rocha, conhecido como Audit\u00f3rio A, passou por uma ampla reforma e receber\u00e1 tr\u00eas noites de apresenta\u00e7\u00f5es, entre quarta-feira (2) e sexta-feira (4), sempre \u00e0s 20h.<\/p>\n<p class=\"isSelectedEnd\">A programa\u00e7\u00e3o reunir\u00e1 diversos grupos municipais de cultura e tamb\u00e9m resgatar\u00e1 momentos marcantes da trajet\u00f3ria do Cine-Teatro \u00d3pera. Entre as atra\u00e7\u00f5es, o p\u00fablico poder\u00e1 acompanhar um trecho de <strong>\u201cCarnaval no Fogo\u201d<\/strong>, apontado como o primeiro filme exibido no cinema do \u00d3pera.<\/p>\n<p class=\"isSelectedEnd\">A proposta da reabertura \u00e9 promover um reencontro entre a hist\u00f3ria do espa\u00e7o e as novas possibilidades criadas ap\u00f3s as melhorias estruturais.<\/p>\n<p class=\"isSelectedEnd\">Segundo a Secretaria Municipal de Cultura, a programa\u00e7\u00e3o contar\u00e1 com apresenta\u00e7\u00f5es de grupos que marcaram a trajet\u00f3ria cultural de Ponta Grossa ao longo dos anos.<\/p>\n<p class=\"isSelectedEnd\">Na quarta-feira (2), sobem ao palco a Companhia de Dan\u00e7a, Grupo de Teatro, Conservas Big Band, Coro Cidade de Ponta Grossa e Banda Lyra dos Campos.<\/p>\n<p class=\"isSelectedEnd\">Na quinta-feira (3), a programa\u00e7\u00e3o ter\u00e1 apresenta\u00e7\u00f5es da Companhia de Dan\u00e7a, Grupo de Teatro, Grupo de Metais e Percuss\u00e3o, Meninas Cantoras, Coral Infantil do Conservat\u00f3rio e Banda Lyra dos Campos.<\/p>\n<p class=\"isSelectedEnd\">O encerramento acontece na sexta-feira (4), reunindo Companhia de Dan\u00e7a, Grupo de Teatro, Coro Cidade de Ponta Grossa e a Orquestra Sinf\u00f4nica de Ponta Grossa.<\/p>\n<h2>Maior reforma do espa\u00e7o<\/h2>\n<p class=\"isSelectedEnd\">A reabertura acontece ap\u00f3s uma s\u00e9rie de interven\u00e7\u00f5es no Cine-Teatro \u00d3pera. As obras inclu\u00edram melhorias em diferentes \u00e1reas da estrutura e moderniza\u00e7\u00f5es nos audit\u00f3rios.<\/p>\n<p class=\"isSelectedEnd\">Entre os servi\u00e7os realizados est\u00e3o a substitui\u00e7\u00e3o de rufos e calhas, troca do teto de gesso e instala\u00e7\u00e3o de ilumina\u00e7\u00e3o em LED nas sancas.<\/p>\n<p class=\"isSelectedEnd\">Tamb\u00e9m foram renovados a ilumina\u00e7\u00e3o das vitrines internas, o carpete e a pintura do Audit\u00f3rio A.<\/p>\n<p class=\"isSelectedEnd\">Os camarins passaram por adequa\u00e7\u00f5es, enquanto a \u00e1rea do palco recebeu um novo elevador com maior capacidade.<\/p>\n<p class=\"isSelectedEnd\">Os audit\u00f3rios A, B e C tamb\u00e9m ganharam balizadores nas escadas para refor\u00e7ar a seguran\u00e7a, e o banheiro masculino foi revitalizado.<\/p>\n<p class=\"isSelectedEnd\">No palco principal, uma nova tela retr\u00e1til substituiu a antiga estrutura utilizada para informa\u00e7\u00f5es e divulga\u00e7\u00e3o. A cortina do Audit\u00f3rio A tamb\u00e9m foi automatizada.<\/p>\n<p class=\"isSelectedEnd\">Uma nova sa\u00edda de emerg\u00eancia ainda est\u00e1 prevista para uma pr\u00f3xima etapa das melhorias.<\/p>\n<p class=\"isSelectedEnd\">Com a conclus\u00e3o das obras, o Cine-Teatro \u00d3pera volta a receber o p\u00fablico com uma estrutura renovada, preservando ao mesmo tempo a mem\u00f3ria dos filmes, espet\u00e1culos e artistas que fizeram parte da hist\u00f3ria cultural de Ponta Grossa.<\/p>\n<p><em>Com informa\u00e7\u00f5es e imagens da Assessoria de Imprensa.<\/em><\/p>\n","protected":false},"excerpt":{"rendered":"<p>Espa\u00e7o em Ponta Grossa volta a receber o p\u00fablico nesta quarta-feira (2) ap\u00f3s passar por ampla reforma e ter\u00e1 apresenta\u00e7\u00f5es gratuitas de grupos municipais O Grande Audit\u00f3rio do Cine-Teatro \u00d3pera, em Ponta Grossa, reabre as portas ao p\u00fablico nesta quarta-feira (2) com uma programa\u00e7\u00e3o especial que celebra a hist\u00f3ria e a import\u00e2ncia cultural do espa\u00e7o. [&hellip;]<\/p>\n","protected":false},"author":18,"featured_media":7470,"comment_status":"open","ping_status":"open","sticky":false,"template":"","format":"standard","meta":{"footnotes":""},"categories":[8,1,12],"tags":[3108,3104,84,47,3105,3109,24,216,3106,3107],"class_list":["post-7469","post","type-post","status-publish","format-standard","has-post-thumbnail","hentry","category-campos-gerais","category-cultura","category-geral","tag-banda-lyra-dos-campos","tag-cine-teatro-opera","tag-cultura","tag-destaque","tag-grande-auditorio","tag-orquestra-sinfonica-de-ponta-grossa","tag-ponta-grossa","tag-prefeitura-de-ponta-grossa","tag-programacao-cultural","tag-secretaria-de-cultura"],"yoast_head":"<!-- This site is optimized with the Yoast SEO plugin v28.1 - https:\/\/yoast.com\/product\/yoast-seo-wordpress\/ -->\n<title>Grande Audit\u00f3rio do Cine-Teatro \u00d3pera reabre com tr\u00eas noites de programa\u00e7\u00e3o especial - Mz Not\u00edcias<\/title>\n<meta name=\"description\" content=\"Grande Audit\u00f3rio do Cine-Teatro \u00d3pera reabre em Ponta Grossa nesta quarta-feira (2) com tr\u00eas noites de apresenta\u00e7\u00f5es e programa\u00e7\u00e3o cultural especial.\" \/>\n<meta name=\"robots\" content=\"index, follow, max-snippet:-1, max-image-preview:large, max-video-preview:-1\" \/>\n<link rel=\"canonical\" href=\"https:\/\/mznoticia.com.br\/jaguariaiva\/grande-auditorio-do-cine-teatro-opera-reabre-com-tres-noites-de-programacao-especial\/\" \/>\n<meta property=\"og:locale\" content=\"pt_BR\" \/>\n<meta property=\"og:type\" content=\"article\" \/>\n<meta property=\"og:title\" content=\"Grande Audit\u00f3rio do Cine-Teatro \u00d3pera reabre com tr\u00eas noites de programa\u00e7\u00e3o especial - Mz Not\u00edcias\" \/>\n<meta property=\"og:description\" content=\"Grande Audit\u00f3rio do Cine-Teatro \u00d3pera reabre em Ponta Grossa nesta quarta-feira (2) com tr\u00eas noites de apresenta\u00e7\u00f5es e programa\u00e7\u00e3o cultural especial.\" \/>\n<meta property=\"og:url\" content=\"https:\/\/mznoticia.com.br\/jaguariaiva\/grande-auditorio-do-cine-teatro-opera-reabre-com-tres-noites-de-programacao-especial\/\" \/>\n<meta property=\"og:site_name\" content=\"Mz Not\u00edcias\" \/>\n<meta property=\"article:publisher\" content=\"https:\/\/www.facebook.com\/profile.php?id=61573479951222\" \/>\n<meta property=\"article:published_time\" content=\"2026-08-31T21:15:35+00:00\" \/>\n<meta property=\"og:image\" content=\"https:\/\/mznoticia.com.br\/jaguariaiva\/wp-content\/uploads\/2026\/08\/oper.jpg\" \/>\n\t<meta property=\"og:image:width\" content=\"409\" \/>\n\t<meta property=\"og:image:height\" content=\"500\" \/>\n\t<meta property=\"og:image:type\" content=\"image\/jpeg\" \/>\n<meta name=\"author\" content=\"Reda\u00e7\u00e3o MZ\" \/>\n<meta name=\"twitter:card\" content=\"summary_large_image\" \/>\n<meta name=\"twitter:label1\" content=\"Escrito por\" \/>\n\t<meta name=\"twitter:data1\" content=\"Reda\u00e7\u00e3o MZ\" \/>\n\t<meta name=\"twitter:label2\" content=\"Est. tempo de leitura\" \/>\n\t<meta name=\"twitter:data2\" content=\"3 minutos\" \/>\n<script type=\"application\/ld+json\" class=\"yoast-schema-graph\">{\"@context\":\"https:\\\/\\\/schema.org\",\"@graph\":[{\"@type\":\"Article\",\"@id\":\"https:\\\/\\\/mznoticia.com.br\\\/jaguariaiva\\\/grande-auditorio-do-cine-teatro-opera-reabre-com-tres-noites-de-programacao-especial\\\/#article\",\"isPartOf\":{\"@id\":\"https:\\\/\\\/mznoticia.com.br\\\/jaguariaiva\\\/grande-auditorio-do-cine-teatro-opera-reabre-com-tres-noites-de-programacao-especial\\\/\"},\"author\":{\"name\":\"Reda\u00e7\u00e3o MZ\",\"@id\":\"https:\\\/\\\/mznoticia.com.br\\\/jaguariaiva\\\/#\\\/schema\\\/person\\\/7ecde13ae5f5a92f0ff9b2155d7a6d6e\"},\"headline\":\"Grande Audit\u00f3rio do Cine-Teatro \u00d3pera reabre com tr\u00eas noites de programa\u00e7\u00e3o especial\",\"datePublished\":\"2026-08-31T21:15:35+00:00\",\"mainEntityOfPage\":{\"@id\":\"https:\\\/\\\/mznoticia.com.br\\\/jaguariaiva\\\/grande-auditorio-do-cine-teatro-opera-reabre-com-tres-noites-de-programacao-especial\\\/\"},\"wordCount\":518,\"commentCount\":0,\"publisher\":{\"@id\":\"https:\\\/\\\/mznoticia.com.br\\\/jaguariaiva\\\/#organization\"},\"image\":{\"@id\":\"https:\\\/\\\/mznoticia.com.br\\\/jaguariaiva\\\/grande-auditorio-do-cine-teatro-opera-reabre-com-tres-noites-de-programacao-especial\\\/#primaryimage\"},\"thumbnailUrl\":\"https:\\\/\\\/mznoticia.com.br\\\/jaguariaiva\\\/wp-content\\\/uploads\\\/2026\\\/08\\\/oper.jpg\",\"keywords\":[\"Banda Lyra dos Campos\",\"Cine-Teatro \u00d3pera\",\"cultura\",\"destaque\",\"Grande Audit\u00f3rio\",\"Orquestra Sinf\u00f4nica de Ponta Grossa\",\"Ponta Grossa\",\"Prefeitura de Ponta Grossa\",\"programa\u00e7\u00e3o cultural\",\"Secretaria de Cultura\"],\"articleSection\":[\"Campos Gerais\",\"Cultura\",\"Geral\"],\"inLanguage\":\"pt-BR\",\"potentialAction\":[{\"@type\":\"CommentAction\",\"name\":\"Comment\",\"target\":[\"https:\\\/\\\/mznoticia.com.br\\\/jaguariaiva\\\/grande-auditorio-do-cine-teatro-opera-reabre-com-tres-noites-de-programacao-especial\\\/#respond\"]}]},{\"@type\":\"WebPage\",\"@id\":\"https:\\\/\\\/mznoticia.com.br\\\/jaguariaiva\\\/grande-auditorio-do-cine-teatro-opera-reabre-com-tres-noites-de-programacao-especial\\\/\",\"url\":\"https:\\\/\\\/mznoticia.com.br\\\/jaguariaiva\\\/grande-auditorio-do-cine-teatro-opera-reabre-com-tres-noites-de-programacao-especial\\\/\",\"name\":\"Grande Audit\u00f3rio do Cine-Teatro \u00d3pera reabre com tr\u00eas noites de programa\u00e7\u00e3o especial - Mz Not\u00edcias\",\"isPartOf\":{\"@id\":\"https:\\\/\\\/mznoticia.com.br\\\/jaguariaiva\\\/#website\"},\"primaryImageOfPage\":{\"@id\":\"https:\\\/\\\/mznoticia.com.br\\\/jaguariaiva\\\/grande-auditorio-do-cine-teatro-opera-reabre-com-tres-noites-de-programacao-especial\\\/#primaryimage\"},\"image\":{\"@id\":\"https:\\\/\\\/mznoticia.com.br\\\/jaguariaiva\\\/grande-auditorio-do-cine-teatro-opera-reabre-com-tres-noites-de-programacao-especial\\\/#primaryimage\"},\"thumbnailUrl\":\"https:\\\/\\\/mznoticia.com.br\\\/jaguariaiva\\\/wp-content\\\/uploads\\\/2026\\\/08\\\/oper.jpg\",\"datePublished\":\"2026-08-31T21:15:35+00:00\",\"description\":\"Grande Audit\u00f3rio do Cine-Teatro \u00d3pera reabre em Ponta Grossa nesta quarta-feira (2) com tr\u00eas noites de apresenta\u00e7\u00f5es e programa\u00e7\u00e3o cultural especial.\",\"breadcrumb\":{\"@id\":\"https:\\\/\\\/mznoticia.com.br\\\/jaguariaiva\\\/grande-auditorio-do-cine-teatro-opera-reabre-com-tres-noites-de-programacao-especial\\\/#breadcrumb\"},\"inLanguage\":\"pt-BR\",\"potentialAction\":[{\"@type\":\"ReadAction\",\"target\":[\"https:\\\/\\\/mznoticia.com.br\\\/jaguariaiva\\\/grande-auditorio-do-cine-teatro-opera-reabre-com-tres-noites-de-programacao-especial\\\/\"]}]},{\"@type\":\"ImageObject\",\"inLanguage\":\"pt-BR\",\"@id\":\"https:\\\/\\\/mznoticia.com.br\\\/jaguariaiva\\\/grande-auditorio-do-cine-teatro-opera-reabre-com-tres-noites-de-programacao-especial\\\/#primaryimage\",\"url\":\"https:\\\/\\\/mznoticia.com.br\\\/jaguariaiva\\\/wp-content\\\/uploads\\\/2026\\\/08\\\/oper.jpg\",\"contentUrl\":\"https:\\\/\\\/mznoticia.com.br\\\/jaguariaiva\\\/wp-content\\\/uploads\\\/2026\\\/08\\\/oper.jpg\",\"width\":409,\"height\":500},{\"@type\":\"BreadcrumbList\",\"@id\":\"https:\\\/\\\/mznoticia.com.br\\\/jaguariaiva\\\/grande-auditorio-do-cine-teatro-opera-reabre-com-tres-noites-de-programacao-especial\\\/#breadcrumb\",\"itemListElement\":[{\"@type\":\"ListItem\",\"position\":1,\"name\":\"Home\",\"item\":\"https:\\\/\\\/mznoticia.com.br\\\/jaguariaiva\\\/\"},{\"@type\":\"ListItem\",\"position\":2,\"name\":\"Grande Audit\u00f3rio do Cine-Teatro \u00d3pera reabre com tr\u00eas noites de programa\u00e7\u00e3o especial\"}]},{\"@type\":\"WebSite\",\"@id\":\"https:\\\/\\\/mznoticia.com.br\\\/jaguariaiva\\\/#website\",\"url\":\"https:\\\/\\\/mznoticia.com.br\\\/jaguariaiva\\\/\",\"name\":\"Mz Not\u00edcia\",\"description\":\"A informa\u00e7\u00e3o que voc\u00ea precisa na hora certa!\",\"publisher\":{\"@id\":\"https:\\\/\\\/mznoticia.com.br\\\/jaguariaiva\\\/#organization\"},\"potentialAction\":[{\"@type\":\"SearchAction\",\"target\":{\"@type\":\"EntryPoint\",\"urlTemplate\":\"https:\\\/\\\/mznoticia.com.br\\\/jaguariaiva\\\/?s={search_term_string}\"},\"query-input\":{\"@type\":\"PropertyValueSpecification\",\"valueRequired\":true,\"valueName\":\"search_term_string\"}}],\"inLanguage\":\"pt-BR\"},{\"@type\":\"Organization\",\"@id\":\"https:\\\/\\\/mznoticia.com.br\\\/jaguariaiva\\\/#organization\",\"name\":\"Mz Not\u00edcia\",\"url\":\"https:\\\/\\\/mznoticia.com.br\\\/jaguariaiva\\\/\",\"logo\":{\"@type\":\"ImageObject\",\"inLanguage\":\"pt-BR\",\"@id\":\"https:\\\/\\\/mznoticia.com.br\\\/jaguariaiva\\\/#\\\/schema\\\/logo\\\/image\\\/\",\"url\":\"https:\\\/\\\/mznoticia.com.br\\\/jaguariaiva\\\/wp-content\\\/uploads\\\/2025\\\/03\\\/Design-sem-nome-4-e1741200616392.png\",\"contentUrl\":\"https:\\\/\\\/mznoticia.com.br\\\/jaguariaiva\\\/wp-content\\\/uploads\\\/2025\\\/03\\\/Design-sem-nome-4-e1741200616392.png\",\"width\":750,\"height\":563,\"caption\":\"Mz Not\u00edcia\"},\"image\":{\"@id\":\"https:\\\/\\\/mznoticia.com.br\\\/jaguariaiva\\\/#\\\/schema\\\/logo\\\/image\\\/\"},\"sameAs\":[\"https:\\\/\\\/www.facebook.com\\\/profile.php?id=61573479951222\",\"https:\\\/\\\/www.instagram.com\\\/mz.jaguariaiva\\\/\"]},{\"@type\":\"Person\",\"@id\":\"https:\\\/\\\/mznoticia.com.br\\\/jaguariaiva\\\/#\\\/schema\\\/person\\\/7ecde13ae5f5a92f0ff9b2155d7a6d6e\",\"name\":\"Reda\u00e7\u00e3o MZ\",\"image\":{\"@type\":\"ImageObject\",\"inLanguage\":\"pt-BR\",\"@id\":\"https:\\\/\\\/mznoticia.com.br\\\/jaguariaiva\\\/wp-content\\\/uploads\\\/2025\\\/02\\\/mznoticia_jaguariaiva_coluna-150x150.png\",\"url\":\"https:\\\/\\\/mznoticia.com.br\\\/jaguariaiva\\\/wp-content\\\/uploads\\\/2025\\\/02\\\/mznoticia_jaguariaiva_coluna-150x150.png\",\"contentUrl\":\"https:\\\/\\\/mznoticia.com.br\\\/jaguariaiva\\\/wp-content\\\/uploads\\\/2025\\\/02\\\/mznoticia_jaguariaiva_coluna-150x150.png\",\"caption\":\"Reda\u00e7\u00e3o MZ\"},\"url\":\"https:\\\/\\\/mznoticia.com.br\\\/jaguariaiva\\\/author\\\/yan\\\/\"}]}<\/script>\n<!-- \/ Yoast SEO plugin. -->","yoast_head_json":{"title":"Grande Audit\u00f3rio do Cine-Teatro \u00d3pera reabre com tr\u00eas noites de programa\u00e7\u00e3o especial - Mz Not\u00edcias","description":"Grande Audit\u00f3rio do Cine-Teatro \u00d3pera reabre em Ponta Grossa nesta quarta-feira (2) com tr\u00eas noites de apresenta\u00e7\u00f5es e programa\u00e7\u00e3o cultural especial.","robots":{"index":"index","follow":"follow","max-snippet":"max-snippet:-1","max-image-preview":"max-image-preview:large","max-video-preview":"max-video-preview:-1"},"canonical":"https:\/\/mznoticia.com.br\/jaguariaiva\/grande-auditorio-do-cine-teatro-opera-reabre-com-tres-noites-de-programacao-especial\/","og_locale":"pt_BR","og_type":"article","og_title":"Grande Audit\u00f3rio do Cine-Teatro \u00d3pera reabre com tr\u00eas noites de programa\u00e7\u00e3o especial - Mz Not\u00edcias","og_description":"Grande Audit\u00f3rio do Cine-Teatro \u00d3pera reabre em Ponta Grossa nesta quarta-feira (2) com tr\u00eas noites de apresenta\u00e7\u00f5es e programa\u00e7\u00e3o cultural especial.","og_url":"https:\/\/mznoticia.com.br\/jaguariaiva\/grande-auditorio-do-cine-teatro-opera-reabre-com-tres-noites-de-programacao-especial\/","og_site_name":"Mz Not\u00edcias","article_publisher":"https:\/\/www.facebook.com\/profile.php?id=61573479951222","article_published_time":"2026-08-31T21:15:35+00:00","og_image":[{"width":409,"height":500,"url":"https:\/\/mznoticia.com.br\/jaguariaiva\/wp-content\/uploads\/2026\/08\/oper.jpg","type":"image\/jpeg"}],"author":"Reda\u00e7\u00e3o MZ","twitter_card":"summary_large_image","twitter_misc":{"Escrito por":"Reda\u00e7\u00e3o MZ","Est. tempo de leitura":"3 minutos"},"schema":{"@context":"https:\/\/schema.org","@graph":[{"@type":"Article","@id":"https:\/\/mznoticia.com.br\/jaguariaiva\/grande-auditorio-do-cine-teatro-opera-reabre-com-tres-noites-de-programacao-especial\/#article","isPartOf":{"@id":"https:\/\/mznoticia.com.br\/jaguariaiva\/grande-auditorio-do-cine-teatro-opera-reabre-com-tres-noites-de-programacao-especial\/"},"author":{"name":"Reda\u00e7\u00e3o MZ","@id":"https:\/\/mznoticia.com.br\/jaguariaiva\/#\/schema\/person\/7ecde13ae5f5a92f0ff9b2155d7a6d6e"},"headline":"Grande Audit\u00f3rio do Cine-Teatro \u00d3pera reabre com tr\u00eas noites de programa\u00e7\u00e3o especial","datePublished":"2026-08-31T21:15:35+00:00","mainEntityOfPage":{"@id":"https:\/\/mznoticia.com.br\/jaguariaiva\/grande-auditorio-do-cine-teatro-opera-reabre-com-tres-noites-de-programacao-especial\/"},"wordCount":518,"commentCount":0,"publisher":{"@id":"https:\/\/mznoticia.com.br\/jaguariaiva\/#organization"},"image":{"@id":"https:\/\/mznoticia.com.br\/jaguariaiva\/grande-auditorio-do-cine-teatro-opera-reabre-com-tres-noites-de-programacao-especial\/#primaryimage"},"thumbnailUrl":"https:\/\/mznoticia.com.br\/jaguariaiva\/wp-content\/uploads\/2026\/08\/oper.jpg","keywords":["Banda Lyra dos Campos","Cine-Teatro \u00d3pera","cultura","destaque","Grande Audit\u00f3rio","Orquestra Sinf\u00f4nica de Ponta Grossa","Ponta Grossa","Prefeitura de Ponta Grossa","programa\u00e7\u00e3o cultural","Secretaria de Cultura"],"articleSection":["Campos Gerais","Cultura","Geral"],"inLanguage":"pt-BR","potentialAction":[{"@type":"CommentAction","name":"Comment","target":["https:\/\/mznoticia.com.br\/jaguariaiva\/grande-auditorio-do-cine-teatro-opera-reabre-com-tres-noites-de-programacao-especial\/#respond"]}]},{"@type":"WebPage","@id":"https:\/\/mznoticia.com.br\/jaguariaiva\/grande-auditorio-do-cine-teatro-opera-reabre-com-tres-noites-de-programacao-especial\/","url":"https:\/\/mznoticia.com.br\/jaguariaiva\/grande-auditorio-do-cine-teatro-opera-reabre-com-tres-noites-de-programacao-especial\/","name":"Grande Audit\u00f3rio do Cine-Teatro \u00d3pera reabre com tr\u00eas noites de programa\u00e7\u00e3o especial - Mz Not\u00edcias","isPartOf":{"@id":"https:\/\/mznoticia.com.br\/jaguariaiva\/#website"},"primaryImageOfPage":{"@id":"https:\/\/mznoticia.com.br\/jaguariaiva\/grande-auditorio-do-cine-teatro-opera-reabre-com-tres-noites-de-programacao-especial\/#primaryimage"},"image":{"@id":"https:\/\/mznoticia.com.br\/jaguariaiva\/grande-auditorio-do-cine-teatro-opera-reabre-com-tres-noites-de-programacao-especial\/#primaryimage"},"thumbnailUrl":"https:\/\/mznoticia.com.br\/jaguariaiva\/wp-content\/uploads\/2026\/08\/oper.jpg","datePublished":"2026-08-31T21:15:35+00:00","description":"Grande Audit\u00f3rio do Cine-Teatro \u00d3pera reabre em Ponta Grossa nesta quarta-feira (2) com tr\u00eas noites de apresenta\u00e7\u00f5es e programa\u00e7\u00e3o cultural especial.","breadcrumb":{"@id":"https:\/\/mznoticia.com.br\/jaguariaiva\/grande-auditorio-do-cine-teatro-opera-reabre-com-tres-noites-de-programacao-especial\/#breadcrumb"},"inLanguage":"pt-BR","potentialAction":[{"@type":"ReadAction","target":["https:\/\/mznoticia.com.br\/jaguariaiva\/grande-auditorio-do-cine-teatro-opera-reabre-com-tres-noites-de-programacao-especial\/"]}]},{"@type":"ImageObject","inLanguage":"pt-BR","@id":"https:\/\/mznoticia.com.br\/jaguariaiva\/grande-auditorio-do-cine-teatro-opera-reabre-com-tres-noites-de-programacao-especial\/#primaryimage","url":"https:\/\/mznoticia.com.br\/jaguariaiva\/wp-content\/uploads\/2026\/08\/oper.jpg","contentUrl":"https:\/\/mznoticia.com.br\/jaguariaiva\/wp-content\/uploads\/2026\/08\/oper.jpg","width":409,"height":500},{"@type":"BreadcrumbList","@id":"https:\/\/mznoticia.com.br\/jaguariaiva\/grande-auditorio-do-cine-teatro-opera-reabre-com-tres-noites-de-programacao-especial\/#breadcrumb","itemListElement":[{"@type":"ListItem","position":1,"name":"Home","item":"https:\/\/mznoticia.com.br\/jaguariaiva\/"},{"@type":"ListItem","position":2,"name":"Grande Audit\u00f3rio do Cine-Teatro \u00d3pera reabre com tr\u00eas noites de programa\u00e7\u00e3o especial"}]},{"@type":"WebSite","@id":"https:\/\/mznoticia.com.br\/jaguariaiva\/#website","url":"https:\/\/mznoticia.com.br\/jaguariaiva\/","name":"Mz Not\u00edcia","description":"A informa\u00e7\u00e3o que voc\u00ea precisa na hora certa!","publisher":{"@id":"https:\/\/mznoticia.com.br\/jaguariaiva\/#organization"},"potentialAction":[{"@type":"SearchAction","target":{"@type":"EntryPoint","urlTemplate":"https:\/\/mznoticia.com.br\/jaguariaiva\/?s={search_term_string}"},"query-input":{"@type":"PropertyValueSpecification","valueRequired":true,"valueName":"search_term_string"}}],"inLanguage":"pt-BR"},{"@type":"Organization","@id":"https:\/\/mznoticia.com.br\/jaguariaiva\/#organization","name":"Mz Not\u00edcia","url":"https:\/\/mznoticia.com.br\/jaguariaiva\/","logo":{"@type":"ImageObject","inLanguage":"pt-BR","@id":"https:\/\/mznoticia.com.br\/jaguariaiva\/#\/schema\/logo\/image\/","url":"https:\/\/mznoticia.com.br\/jaguariaiva\/wp-content\/uploads\/2025\/03\/Design-sem-nome-4-e1741200616392.png","contentUrl":"https:\/\/mznoticia.com.br\/jaguariaiva\/wp-content\/uploads\/2025\/03\/Design-sem-nome-4-e1741200616392.png","width":750,"height":563,"caption":"Mz Not\u00edcia"},"image":{"@id":"https:\/\/mznoticia.com.br\/jaguariaiva\/#\/schema\/logo\/image\/"},"sameAs":["https:\/\/www.facebook.com\/profile.php?id=61573479951222","https:\/\/www.instagram.com\/mz.jaguariaiva\/"]},{"@type":"Person","@id":"https:\/\/mznoticia.com.br\/jaguariaiva\/#\/schema\/person\/7ecde13ae5f5a92f0ff9b2155d7a6d6e","name":"Reda\u00e7\u00e3o MZ","image":{"@type":"ImageObject","inLanguage":"pt-BR","@id":"https:\/\/mznoticia.com.br\/jaguariaiva\/wp-content\/uploads\/2025\/02\/mznoticia_jaguariaiva_coluna-150x150.png","url":"https:\/\/mznoticia.com.br\/jaguariaiva\/wp-content\/uploads\/2025\/02\/mznoticia_jaguariaiva_coluna-150x150.png","contentUrl":"https:\/\/mznoticia.com.br\/jaguariaiva\/wp-content\/uploads\/2025\/02\/mznoticia_jaguariaiva_coluna-150x150.png","caption":"Reda\u00e7\u00e3o MZ"},"url":"https:\/\/mznoticia.com.br\/jaguariaiva\/author\/yan\/"}]}},"_links":{"self":[{"href":"https:\/\/mznoticia.com.br\/jaguariaiva\/wp-json\/wp\/v2\/posts\/7469","targetHints":{"allow":["GET"]}}],"collection":[{"href":"https:\/\/mznoticia.com.br\/jaguariaiva\/wp-json\/wp\/v2\/posts"}],"about":[{"href":"https:\/\/mznoticia.com.br\/jaguariaiva\/wp-json\/wp\/v2\/types\/post"}],"author":[{"embeddable":true,"href":"https:\/\/mznoticia.com.br\/jaguariaiva\/wp-json\/wp\/v2\/users\/18"}],"replies":[{"embeddable":true,"href":"https:\/\/mznoticia.com.br\/jaguariaiva\/wp-json\/wp\/v2\/comments?post=7469"}],"version-history":[{"count":1,"href":"https:\/\/mznoticia.com.br\/jaguariaiva\/wp-json\/wp\/v2\/posts\/7469\/revisions"}],"predecessor-version":[{"id":7471,"href":"https:\/\/mznoticia.com.br\/jaguariaiva\/wp-json\/wp\/v2\/posts\/7469\/revisions\/7471"}],"wp:featuredmedia":[{"embeddable":true,"href":"https:\/\/mznoticia.com.br\/jaguariaiva\/wp-json\/wp\/v2\/media\/7470"}],"wp:attachment":[{"href":"https:\/\/mznoticia.com.br\/jaguariaiva\/wp-json\/wp\/v2\/media?parent=7469"}],"wp:term":[{"taxonomy":"category","embeddable":true,"href":"https:\/\/mznoticia.com.br\/jaguariaiva\/wp-json\/wp\/v2\/categories?post=7469"},{"taxonomy":"post_tag","embeddable":true,"href":"https:\/\/mznoticia.com.br\/jaguariaiva\/wp-json\/wp\/v2\/tags?post=7469"}],"curies":[{"name":"wp","href":"https:\/\/api.w.org\/{rel}","templated":true}]}}