{"id":7478,"date":"2026-08-31T21:46:14","date_gmt":"2026-08-31T21:46:14","guid":{"rendered":"https:\/\/mznoticia.com.br\/jaguariaiva\/?p=7478"},"modified":"2026-08-31T21:46:14","modified_gmt":"2026-08-31T21:46:14","slug":"conta-de-luz-tera-cobranca-extra-em-setembro-aneel-mantem-bandeira-amarela","status":"publish","type":"post","link":"https:\/\/mznoticia.com.br\/jaguariaiva\/conta-de-luz-tera-cobranca-extra-em-setembro-aneel-mantem-bandeira-amarela\/","title":{"rendered":"Conta de luz ter\u00e1 cobran\u00e7a extra em setembro; Aneel mant\u00e9m bandeira amarela"},"content":{"rendered":"<h2>Consumidores continuar\u00e3o pagando adicional de R$ 1,885 a cada 100 kWh consumidos, e proje\u00e7\u00f5es indicam que a cobran\u00e7a pode seguir nos pr\u00f3ximos meses<\/h2>\n<p class=\"isSelectedEnd\">A conta de luz continuar\u00e1 com cobran\u00e7a adicional em setembro. A Ag\u00eancia Nacional de Energia El\u00e9trica (Aneel) confirmou a manuten\u00e7\u00e3o da bandeira tarif\u00e1ria amarela, o que representa um acr\u00e9scimo de R$ 1,885 para cada 100 quilowatts-hora (kWh) consumidos.<\/p>\n<p class=\"isSelectedEnd\">A cobran\u00e7a extra est\u00e1 em vigor desde maio e, segundo informa\u00e7\u00f5es do setor el\u00e9trico, poder\u00e1 continuar nos pr\u00f3ximos meses.<\/p>\n<p class=\"isSelectedEnd\">De acordo com a Aneel, a decis\u00e3o reflete condi\u00e7\u00f5es menos favor\u00e1veis para a gera\u00e7\u00e3o de energia no pa\u00eds, com necessidade de utiliza\u00e7\u00e3o de fontes de energia que possuem custos mais elevados.<\/p>\n<p class=\"isSelectedEnd\">A ag\u00eancia tamb\u00e9m refor\u00e7ou a import\u00e2ncia do consumo consciente, destacando que pequenas mudan\u00e7as de h\u00e1bito podem ajudar a reduzir os gastos dos consumidores.<\/p>\n<h2>Cobran\u00e7a pode permanecer at\u00e9 novembro<\/h2>\n<p class=\"isSelectedEnd\">A expectativa da C\u00e2mara de Comercializa\u00e7\u00e3o de Energia El\u00e9trica (CCEE) \u00e9 que a bandeira amarela permane\u00e7a em vigor at\u00e9 novembro.<\/p>\n<p class=\"isSelectedEnd\">A proje\u00e7\u00e3o \u00e9 de retorno da bandeira verde em dezembro, per\u00edodo em que n\u00e3o h\u00e1 cobran\u00e7a adicional na conta de energia.<\/p>\n<p class=\"isSelectedEnd\">Entre janeiro e abril deste ano, os consumidores tiveram bandeira verde. Desde maio, por\u00e9m, a cobran\u00e7a da bandeira amarela passou a ser aplicada.<\/p>\n<p class=\"isSelectedEnd\">No fim de maio, chegou a existir a expectativa de acionamento da bandeira vermelha no patamar 1, que teria uma cobran\u00e7a ainda maior. O cen\u00e1rio, no entanto, mudou conforme as condi\u00e7\u00f5es de gera\u00e7\u00e3o foram atualizadas.<\/p>\n<h2>Entenda como funcionam as bandeiras tarif\u00e1rias<\/h2>\n<p class=\"isSelectedEnd\">O sistema de bandeiras tarif\u00e1rias indica aos consumidores as condi\u00e7\u00f5es e os custos da gera\u00e7\u00e3o de energia el\u00e9trica no Brasil.<\/p>\n<p class=\"isSelectedEnd\">Quando as condi\u00e7\u00f5es s\u00e3o favor\u00e1veis, principalmente com boa gera\u00e7\u00e3o pelas hidrel\u00e9tricas, a bandeira verde \u00e9 acionada e n\u00e3o h\u00e1 cobran\u00e7a adicional.<\/p>\n<p class=\"isSelectedEnd\">J\u00e1 em per\u00edodos menos favor\u00e1veis, pode ser necess\u00e1rio utilizar usinas mais caras, como as termel\u00e9tricas. Nesses casos, entram em vigor as bandeiras com cobran\u00e7a extra.<\/p>\n<p class=\"isSelectedEnd\">Confira os valores:<\/p>\n<p class=\"isSelectedEnd\">&#x1f7e9; <strong>Bandeira verde:<\/strong> sem cobran\u00e7a adicional;<\/p>\n<p class=\"isSelectedEnd\">&#x1f7e8; <strong>Bandeira amarela:<\/strong> adicional de R$ 1,885 a cada 100 kWh consumidos;<\/p>\n<p class=\"isSelectedEnd\">&#x1f7e5; <strong>Bandeira vermelha \u2013 patamar 1:<\/strong> adicional de R$ 4,46 a cada 100 kWh;<\/p>\n<p class=\"isSelectedEnd\">&#x1f7e5; <strong>Bandeira vermelha \u2013 patamar 2:<\/strong> adicional de R$ 7,87 a cada 100 kWh.<\/p>\n<h2>Reservat\u00f3rios influenciam o cen\u00e1rio<\/h2>\n<p class=\"isSelectedEnd\">As condi\u00e7\u00f5es dos reservat\u00f3rios das hidrel\u00e9tricas est\u00e3o entre os principais fatores que influenciam a defini\u00e7\u00e3o das bandeiras tarif\u00e1rias.<\/p>\n<p class=\"isSelectedEnd\">Dados divulgados pelo Operador Nacional do Sistema El\u00e9trico (ONS) apontam que o subsistema Sul apresentava o maior percentual de energia armazenada, com 93,6%.<\/p>\n<p class=\"isSelectedEnd\">Na sequ\u00eancia aparecem o Norte, com 75,6%; o Nordeste, com 69,2%; e o Sudeste\/Centro-Oeste, com 55%.<\/p>\n<p class=\"isSelectedEnd\">Al\u00e9m dos n\u00edveis dos reservat\u00f3rios, fatores como o risco hidrol\u00f3gico e os pre\u00e7os da energia no mercado tamb\u00e9m s\u00e3o considerados na defini\u00e7\u00e3o das tarifas.<\/p>\n<h2>Clima mant\u00e9m setor el\u00e9trico em alerta<\/h2>\n<p class=\"isSelectedEnd\">O setor el\u00e9trico tamb\u00e9m acompanha os poss\u00edveis impactos das condi\u00e7\u00f5es clim\u00e1ticas sobre a gera\u00e7\u00e3o e o consumo de energia.<\/p>\n<p class=\"isSelectedEnd\">Temperaturas mais elevadas podem aumentar a demanda por eletricidade, enquanto mudan\u00e7as no regime de chuvas podem afetar a capacidade de gera\u00e7\u00e3o hidrel\u00e9trica em diferentes regi\u00f5es do pa\u00eds.<\/p>\n<p class=\"isSelectedEnd\">Para refor\u00e7ar o sistema, medidas foram adotadas para ampliar a capacidade dispon\u00edvel de gera\u00e7\u00e3o de energia.<\/p>\n<p>Para setembro, por\u00e9m, a defini\u00e7\u00e3o j\u00e1 est\u00e1 confirmada: os consumidores continuar\u00e3o pagando o adicional da bandeira amarela na conta de luz.<\/p>\n","protected":false},"excerpt":{"rendered":"<p>Consumidores continuar\u00e3o pagando adicional de R$ 1,885 a cada 100 kWh consumidos, e proje\u00e7\u00f5es indicam que a cobran\u00e7a pode seguir nos pr\u00f3ximos meses A conta de luz continuar\u00e1 com cobran\u00e7a adicional em setembro. A Ag\u00eancia Nacional de Energia El\u00e9trica (Aneel) confirmou a manuten\u00e7\u00e3o da bandeira tarif\u00e1ria amarela, o que representa um acr\u00e9scimo de R$ 1,885 [&hellip;]<\/p>\n","protected":false},"author":18,"featured_media":7479,"comment_status":"open","ping_status":"open","sticky":false,"template":"","format":"standard","meta":{"footnotes":""},"categories":[5,132,12],"tags":[3118,3119,3122,3124,190,3117,47,478,1079,3123,3121,3120],"class_list":["post-7478","post","type-post","status-publish","format-standard","has-post-thumbnail","hentry","category-brasil","category-economia","category-geral","tag-aneel","tag-bandeira-amarela","tag-bandeiras-tarifarias","tag-ccee","tag-consumidores","tag-conta-de-luz","tag-destaque","tag-economia","tag-energia-eletrica","tag-ons","tag-setembro","tag-tarifa-de-energia"],"yoast_head":"<!-- This site is optimized with the Yoast SEO plugin v28.1 - https:\/\/yoast.com\/product\/yoast-seo-wordpress\/ -->\n<title>Conta de luz ter\u00e1 cobran\u00e7a extra em setembro; Aneel mant\u00e9m bandeira amarela - Mz Not\u00edcias<\/title>\n<meta name=\"description\" content=\"Aneel mant\u00e9m a bandeira amarela em setembro, e consumidores continuar\u00e3o pagando R$ 1,885 de adicional a cada 100 kWh consumidos.\" \/>\n<meta name=\"robots\" content=\"index, follow, max-snippet:-1, max-image-preview:large, max-video-preview:-1\" \/>\n<link rel=\"canonical\" href=\"https:\/\/mznoticia.com.br\/jaguariaiva\/conta-de-luz-tera-cobranca-extra-em-setembro-aneel-mantem-bandeira-amarela\/\" \/>\n<meta property=\"og:locale\" content=\"pt_BR\" \/>\n<meta property=\"og:type\" content=\"article\" \/>\n<meta property=\"og:title\" content=\"Conta de luz ter\u00e1 cobran\u00e7a extra em setembro; Aneel mant\u00e9m bandeira amarela - Mz Not\u00edcias\" \/>\n<meta property=\"og:description\" content=\"Aneel mant\u00e9m a bandeira amarela em setembro, e consumidores continuar\u00e3o pagando R$ 1,885 de adicional a cada 100 kWh consumidos.\" \/>\n<meta property=\"og:url\" content=\"https:\/\/mznoticia.com.br\/jaguariaiva\/conta-de-luz-tera-cobranca-extra-em-setembro-aneel-mantem-bandeira-amarela\/\" \/>\n<meta property=\"og:site_name\" content=\"Mz Not\u00edcias\" \/>\n<meta property=\"article:publisher\" content=\"https:\/\/www.facebook.com\/profile.php?id=61573479951222\" \/>\n<meta property=\"article:published_time\" content=\"2026-08-31T21:46:14+00:00\" \/>\n<meta property=\"og:image\" content=\"https:\/\/mznoticia.com.br\/jaguariaiva\/wp-content\/uploads\/2026\/08\/luz.webp\" \/>\n\t<meta property=\"og:image:width\" content=\"613\" \/>\n\t<meta property=\"og:image:height\" content=\"538\" \/>\n\t<meta property=\"og:image:type\" content=\"image\/webp\" \/>\n<meta name=\"author\" content=\"Reda\u00e7\u00e3o MZ\" \/>\n<meta name=\"twitter:card\" content=\"summary_large_image\" \/>\n<meta name=\"twitter:label1\" content=\"Escrito por\" \/>\n\t<meta name=\"twitter:data1\" content=\"Reda\u00e7\u00e3o MZ\" \/>\n\t<meta name=\"twitter:label2\" content=\"Est. tempo de leitura\" \/>\n\t<meta name=\"twitter:data2\" content=\"4 minutos\" \/>\n<script type=\"application\/ld+json\" class=\"yoast-schema-graph\">{\"@context\":\"https:\\\/\\\/schema.org\",\"@graph\":[{\"@type\":\"Article\",\"@id\":\"https:\\\/\\\/mznoticia.com.br\\\/jaguariaiva\\\/conta-de-luz-tera-cobranca-extra-em-setembro-aneel-mantem-bandeira-amarela\\\/#article\",\"isPartOf\":{\"@id\":\"https:\\\/\\\/mznoticia.com.br\\\/jaguariaiva\\\/conta-de-luz-tera-cobranca-extra-em-setembro-aneel-mantem-bandeira-amarela\\\/\"},\"author\":{\"name\":\"Reda\u00e7\u00e3o MZ\",\"@id\":\"https:\\\/\\\/mznoticia.com.br\\\/jaguariaiva\\\/#\\\/schema\\\/person\\\/7ecde13ae5f5a92f0ff9b2155d7a6d6e\"},\"headline\":\"Conta de luz ter\u00e1 cobran\u00e7a extra em setembro; Aneel mant\u00e9m bandeira amarela\",\"datePublished\":\"2026-08-31T21:46:14+00:00\",\"mainEntityOfPage\":{\"@id\":\"https:\\\/\\\/mznoticia.com.br\\\/jaguariaiva\\\/conta-de-luz-tera-cobranca-extra-em-setembro-aneel-mantem-bandeira-amarela\\\/\"},\"wordCount\":630,\"commentCount\":0,\"publisher\":{\"@id\":\"https:\\\/\\\/mznoticia.com.br\\\/jaguariaiva\\\/#organization\"},\"image\":{\"@id\":\"https:\\\/\\\/mznoticia.com.br\\\/jaguariaiva\\\/conta-de-luz-tera-cobranca-extra-em-setembro-aneel-mantem-bandeira-amarela\\\/#primaryimage\"},\"thumbnailUrl\":\"https:\\\/\\\/mznoticia.com.br\\\/jaguariaiva\\\/wp-content\\\/uploads\\\/2026\\\/08\\\/luz.webp\",\"keywords\":[\"Aneel\",\"bandeira amarela\",\"bandeiras tarif\u00e1rias\",\"CCEE\",\"consumidores\",\"conta de luz\",\"destaque\",\"Economia\",\"Energia El\u00e9trica\",\"ONS\",\"setembro\",\"tarifa de energia\"],\"articleSection\":[\"Brasil\",\"Economia\",\"Geral\"],\"inLanguage\":\"pt-BR\",\"potentialAction\":[{\"@type\":\"CommentAction\",\"name\":\"Comment\",\"target\":[\"https:\\\/\\\/mznoticia.com.br\\\/jaguariaiva\\\/conta-de-luz-tera-cobranca-extra-em-setembro-aneel-mantem-bandeira-amarela\\\/#respond\"]}]},{\"@type\":\"WebPage\",\"@id\":\"https:\\\/\\\/mznoticia.com.br\\\/jaguariaiva\\\/conta-de-luz-tera-cobranca-extra-em-setembro-aneel-mantem-bandeira-amarela\\\/\",\"url\":\"https:\\\/\\\/mznoticia.com.br\\\/jaguariaiva\\\/conta-de-luz-tera-cobranca-extra-em-setembro-aneel-mantem-bandeira-amarela\\\/\",\"name\":\"Conta de luz ter\u00e1 cobran\u00e7a extra em setembro; Aneel mant\u00e9m bandeira amarela - Mz Not\u00edcias\",\"isPartOf\":{\"@id\":\"https:\\\/\\\/mznoticia.com.br\\\/jaguariaiva\\\/#website\"},\"primaryImageOfPage\":{\"@id\":\"https:\\\/\\\/mznoticia.com.br\\\/jaguariaiva\\\/conta-de-luz-tera-cobranca-extra-em-setembro-aneel-mantem-bandeira-amarela\\\/#primaryimage\"},\"image\":{\"@id\":\"https:\\\/\\\/mznoticia.com.br\\\/jaguariaiva\\\/conta-de-luz-tera-cobranca-extra-em-setembro-aneel-mantem-bandeira-amarela\\\/#primaryimage\"},\"thumbnailUrl\":\"https:\\\/\\\/mznoticia.com.br\\\/jaguariaiva\\\/wp-content\\\/uploads\\\/2026\\\/08\\\/luz.webp\",\"datePublished\":\"2026-08-31T21:46:14+00:00\",\"description\":\"Aneel mant\u00e9m a bandeira amarela em setembro, e consumidores continuar\u00e3o pagando R$ 1,885 de adicional a cada 100 kWh consumidos.\",\"breadcrumb\":{\"@id\":\"https:\\\/\\\/mznoticia.com.br\\\/jaguariaiva\\\/conta-de-luz-tera-cobranca-extra-em-setembro-aneel-mantem-bandeira-amarela\\\/#breadcrumb\"},\"inLanguage\":\"pt-BR\",\"potentialAction\":[{\"@type\":\"ReadAction\",\"target\":[\"https:\\\/\\\/mznoticia.com.br\\\/jaguariaiva\\\/conta-de-luz-tera-cobranca-extra-em-setembro-aneel-mantem-bandeira-amarela\\\/\"]}]},{\"@type\":\"ImageObject\",\"inLanguage\":\"pt-BR\",\"@id\":\"https:\\\/\\\/mznoticia.com.br\\\/jaguariaiva\\\/conta-de-luz-tera-cobranca-extra-em-setembro-aneel-mantem-bandeira-amarela\\\/#primaryimage\",\"url\":\"https:\\\/\\\/mznoticia.com.br\\\/jaguariaiva\\\/wp-content\\\/uploads\\\/2026\\\/08\\\/luz.webp\",\"contentUrl\":\"https:\\\/\\\/mznoticia.com.br\\\/jaguariaiva\\\/wp-content\\\/uploads\\\/2026\\\/08\\\/luz.webp\",\"width\":613,\"height\":538},{\"@type\":\"BreadcrumbList\",\"@id\":\"https:\\\/\\\/mznoticia.com.br\\\/jaguariaiva\\\/conta-de-luz-tera-cobranca-extra-em-setembro-aneel-mantem-bandeira-amarela\\\/#breadcrumb\",\"itemListElement\":[{\"@type\":\"ListItem\",\"position\":1,\"name\":\"Home\",\"item\":\"https:\\\/\\\/mznoticia.com.br\\\/jaguariaiva\\\/\"},{\"@type\":\"ListItem\",\"position\":2,\"name\":\"Conta de luz ter\u00e1 cobran\u00e7a extra em setembro; Aneel mant\u00e9m bandeira amarela\"}]},{\"@type\":\"WebSite\",\"@id\":\"https:\\\/\\\/mznoticia.com.br\\\/jaguariaiva\\\/#website\",\"url\":\"https:\\\/\\\/mznoticia.com.br\\\/jaguariaiva\\\/\",\"name\":\"Mz Not\u00edcia\",\"description\":\"A informa\u00e7\u00e3o que voc\u00ea precisa na hora certa!\",\"publisher\":{\"@id\":\"https:\\\/\\\/mznoticia.com.br\\\/jaguariaiva\\\/#organization\"},\"potentialAction\":[{\"@type\":\"SearchAction\",\"target\":{\"@type\":\"EntryPoint\",\"urlTemplate\":\"https:\\\/\\\/mznoticia.com.br\\\/jaguariaiva\\\/?s={search_term_string}\"},\"query-input\":{\"@type\":\"PropertyValueSpecification\",\"valueRequired\":true,\"valueName\":\"search_term_string\"}}],\"inLanguage\":\"pt-BR\"},{\"@type\":\"Organization\",\"@id\":\"https:\\\/\\\/mznoticia.com.br\\\/jaguariaiva\\\/#organization\",\"name\":\"Mz Not\u00edcia\",\"url\":\"https:\\\/\\\/mznoticia.com.br\\\/jaguariaiva\\\/\",\"logo\":{\"@type\":\"ImageObject\",\"inLanguage\":\"pt-BR\",\"@id\":\"https:\\\/\\\/mznoticia.com.br\\\/jaguariaiva\\\/#\\\/schema\\\/logo\\\/image\\\/\",\"url\":\"https:\\\/\\\/mznoticia.com.br\\\/jaguariaiva\\\/wp-content\\\/uploads\\\/2025\\\/03\\\/Design-sem-nome-4-e1741200616392.png\",\"contentUrl\":\"https:\\\/\\\/mznoticia.com.br\\\/jaguariaiva\\\/wp-content\\\/uploads\\\/2025\\\/03\\\/Design-sem-nome-4-e1741200616392.png\",\"width\":750,\"height\":563,\"caption\":\"Mz Not\u00edcia\"},\"image\":{\"@id\":\"https:\\\/\\\/mznoticia.com.br\\\/jaguariaiva\\\/#\\\/schema\\\/logo\\\/image\\\/\"},\"sameAs\":[\"https:\\\/\\\/www.facebook.com\\\/profile.php?id=61573479951222\",\"https:\\\/\\\/www.instagram.com\\\/mz.jaguariaiva\\\/\"]},{\"@type\":\"Person\",\"@id\":\"https:\\\/\\\/mznoticia.com.br\\\/jaguariaiva\\\/#\\\/schema\\\/person\\\/7ecde13ae5f5a92f0ff9b2155d7a6d6e\",\"name\":\"Reda\u00e7\u00e3o MZ\",\"image\":{\"@type\":\"ImageObject\",\"inLanguage\":\"pt-BR\",\"@id\":\"https:\\\/\\\/mznoticia.com.br\\\/jaguariaiva\\\/wp-content\\\/uploads\\\/2025\\\/02\\\/mznoticia_jaguariaiva_coluna-150x150.png\",\"url\":\"https:\\\/\\\/mznoticia.com.br\\\/jaguariaiva\\\/wp-content\\\/uploads\\\/2025\\\/02\\\/mznoticia_jaguariaiva_coluna-150x150.png\",\"contentUrl\":\"https:\\\/\\\/mznoticia.com.br\\\/jaguariaiva\\\/wp-content\\\/uploads\\\/2025\\\/02\\\/mznoticia_jaguariaiva_coluna-150x150.png\",\"caption\":\"Reda\u00e7\u00e3o MZ\"},\"url\":\"https:\\\/\\\/mznoticia.com.br\\\/jaguariaiva\\\/author\\\/yan\\\/\"}]}<\/script>\n<!-- \/ Yoast SEO plugin. -->","yoast_head_json":{"title":"Conta de luz ter\u00e1 cobran\u00e7a extra em setembro; Aneel mant\u00e9m bandeira amarela - Mz Not\u00edcias","description":"Aneel mant\u00e9m a bandeira amarela em setembro, e consumidores continuar\u00e3o pagando R$ 1,885 de adicional a cada 100 kWh consumidos.","robots":{"index":"index","follow":"follow","max-snippet":"max-snippet:-1","max-image-preview":"max-image-preview:large","max-video-preview":"max-video-preview:-1"},"canonical":"https:\/\/mznoticia.com.br\/jaguariaiva\/conta-de-luz-tera-cobranca-extra-em-setembro-aneel-mantem-bandeira-amarela\/","og_locale":"pt_BR","og_type":"article","og_title":"Conta de luz ter\u00e1 cobran\u00e7a extra em setembro; Aneel mant\u00e9m bandeira amarela - Mz Not\u00edcias","og_description":"Aneel mant\u00e9m a bandeira amarela em setembro, e consumidores continuar\u00e3o pagando R$ 1,885 de adicional a cada 100 kWh consumidos.","og_url":"https:\/\/mznoticia.com.br\/jaguariaiva\/conta-de-luz-tera-cobranca-extra-em-setembro-aneel-mantem-bandeira-amarela\/","og_site_name":"Mz Not\u00edcias","article_publisher":"https:\/\/www.facebook.com\/profile.php?id=61573479951222","article_published_time":"2026-08-31T21:46:14+00:00","og_image":[{"width":613,"height":538,"url":"https:\/\/mznoticia.com.br\/jaguariaiva\/wp-content\/uploads\/2026\/08\/luz.webp","type":"image\/webp"}],"author":"Reda\u00e7\u00e3o MZ","twitter_card":"summary_large_image","twitter_misc":{"Escrito por":"Reda\u00e7\u00e3o MZ","Est. tempo de leitura":"4 minutos"},"schema":{"@context":"https:\/\/schema.org","@graph":[{"@type":"Article","@id":"https:\/\/mznoticia.com.br\/jaguariaiva\/conta-de-luz-tera-cobranca-extra-em-setembro-aneel-mantem-bandeira-amarela\/#article","isPartOf":{"@id":"https:\/\/mznoticia.com.br\/jaguariaiva\/conta-de-luz-tera-cobranca-extra-em-setembro-aneel-mantem-bandeira-amarela\/"},"author":{"name":"Reda\u00e7\u00e3o MZ","@id":"https:\/\/mznoticia.com.br\/jaguariaiva\/#\/schema\/person\/7ecde13ae5f5a92f0ff9b2155d7a6d6e"},"headline":"Conta de luz ter\u00e1 cobran\u00e7a extra em setembro; Aneel mant\u00e9m bandeira amarela","datePublished":"2026-08-31T21:46:14+00:00","mainEntityOfPage":{"@id":"https:\/\/mznoticia.com.br\/jaguariaiva\/conta-de-luz-tera-cobranca-extra-em-setembro-aneel-mantem-bandeira-amarela\/"},"wordCount":630,"commentCount":0,"publisher":{"@id":"https:\/\/mznoticia.com.br\/jaguariaiva\/#organization"},"image":{"@id":"https:\/\/mznoticia.com.br\/jaguariaiva\/conta-de-luz-tera-cobranca-extra-em-setembro-aneel-mantem-bandeira-amarela\/#primaryimage"},"thumbnailUrl":"https:\/\/mznoticia.com.br\/jaguariaiva\/wp-content\/uploads\/2026\/08\/luz.webp","keywords":["Aneel","bandeira amarela","bandeiras tarif\u00e1rias","CCEE","consumidores","conta de luz","destaque","Economia","Energia El\u00e9trica","ONS","setembro","tarifa de energia"],"articleSection":["Brasil","Economia","Geral"],"inLanguage":"pt-BR","potentialAction":[{"@type":"CommentAction","name":"Comment","target":["https:\/\/mznoticia.com.br\/jaguariaiva\/conta-de-luz-tera-cobranca-extra-em-setembro-aneel-mantem-bandeira-amarela\/#respond"]}]},{"@type":"WebPage","@id":"https:\/\/mznoticia.com.br\/jaguariaiva\/conta-de-luz-tera-cobranca-extra-em-setembro-aneel-mantem-bandeira-amarela\/","url":"https:\/\/mznoticia.com.br\/jaguariaiva\/conta-de-luz-tera-cobranca-extra-em-setembro-aneel-mantem-bandeira-amarela\/","name":"Conta de luz ter\u00e1 cobran\u00e7a extra em setembro; Aneel mant\u00e9m bandeira amarela - Mz Not\u00edcias","isPartOf":{"@id":"https:\/\/mznoticia.com.br\/jaguariaiva\/#website"},"primaryImageOfPage":{"@id":"https:\/\/mznoticia.com.br\/jaguariaiva\/conta-de-luz-tera-cobranca-extra-em-setembro-aneel-mantem-bandeira-amarela\/#primaryimage"},"image":{"@id":"https:\/\/mznoticia.com.br\/jaguariaiva\/conta-de-luz-tera-cobranca-extra-em-setembro-aneel-mantem-bandeira-amarela\/#primaryimage"},"thumbnailUrl":"https:\/\/mznoticia.com.br\/jaguariaiva\/wp-content\/uploads\/2026\/08\/luz.webp","datePublished":"2026-08-31T21:46:14+00:00","description":"Aneel mant\u00e9m a bandeira amarela em setembro, e consumidores continuar\u00e3o pagando R$ 1,885 de adicional a cada 100 kWh consumidos.","breadcrumb":{"@id":"https:\/\/mznoticia.com.br\/jaguariaiva\/conta-de-luz-tera-cobranca-extra-em-setembro-aneel-mantem-bandeira-amarela\/#breadcrumb"},"inLanguage":"pt-BR","potentialAction":[{"@type":"ReadAction","target":["https:\/\/mznoticia.com.br\/jaguariaiva\/conta-de-luz-tera-cobranca-extra-em-setembro-aneel-mantem-bandeira-amarela\/"]}]},{"@type":"ImageObject","inLanguage":"pt-BR","@id":"https:\/\/mznoticia.com.br\/jaguariaiva\/conta-de-luz-tera-cobranca-extra-em-setembro-aneel-mantem-bandeira-amarela\/#primaryimage","url":"https:\/\/mznoticia.com.br\/jaguariaiva\/wp-content\/uploads\/2026\/08\/luz.webp","contentUrl":"https:\/\/mznoticia.com.br\/jaguariaiva\/wp-content\/uploads\/2026\/08\/luz.webp","width":613,"height":538},{"@type":"BreadcrumbList","@id":"https:\/\/mznoticia.com.br\/jaguariaiva\/conta-de-luz-tera-cobranca-extra-em-setembro-aneel-mantem-bandeira-amarela\/#breadcrumb","itemListElement":[{"@type":"ListItem","position":1,"name":"Home","item":"https:\/\/mznoticia.com.br\/jaguariaiva\/"},{"@type":"ListItem","position":2,"name":"Conta de luz ter\u00e1 cobran\u00e7a extra em setembro; Aneel mant\u00e9m bandeira amarela"}]},{"@type":"WebSite","@id":"https:\/\/mznoticia.com.br\/jaguariaiva\/#website","url":"https:\/\/mznoticia.com.br\/jaguariaiva\/","name":"Mz Not\u00edcia","description":"A informa\u00e7\u00e3o que voc\u00ea precisa na hora certa!","publisher":{"@id":"https:\/\/mznoticia.com.br\/jaguariaiva\/#organization"},"potentialAction":[{"@type":"SearchAction","target":{"@type":"EntryPoint","urlTemplate":"https:\/\/mznoticia.com.br\/jaguariaiva\/?s={search_term_string}"},"query-input":{"@type":"PropertyValueSpecification","valueRequired":true,"valueName":"search_term_string"}}],"inLanguage":"pt-BR"},{"@type":"Organization","@id":"https:\/\/mznoticia.com.br\/jaguariaiva\/#organization","name":"Mz Not\u00edcia","url":"https:\/\/mznoticia.com.br\/jaguariaiva\/","logo":{"@type":"ImageObject","inLanguage":"pt-BR","@id":"https:\/\/mznoticia.com.br\/jaguariaiva\/#\/schema\/logo\/image\/","url":"https:\/\/mznoticia.com.br\/jaguariaiva\/wp-content\/uploads\/2025\/03\/Design-sem-nome-4-e1741200616392.png","contentUrl":"https:\/\/mznoticia.com.br\/jaguariaiva\/wp-content\/uploads\/2025\/03\/Design-sem-nome-4-e1741200616392.png","width":750,"height":563,"caption":"Mz Not\u00edcia"},"image":{"@id":"https:\/\/mznoticia.com.br\/jaguariaiva\/#\/schema\/logo\/image\/"},"sameAs":["https:\/\/www.facebook.com\/profile.php?id=61573479951222","https:\/\/www.instagram.com\/mz.jaguariaiva\/"]},{"@type":"Person","@id":"https:\/\/mznoticia.com.br\/jaguariaiva\/#\/schema\/person\/7ecde13ae5f5a92f0ff9b2155d7a6d6e","name":"Reda\u00e7\u00e3o MZ","image":{"@type":"ImageObject","inLanguage":"pt-BR","@id":"https:\/\/mznoticia.com.br\/jaguariaiva\/wp-content\/uploads\/2025\/02\/mznoticia_jaguariaiva_coluna-150x150.png","url":"https:\/\/mznoticia.com.br\/jaguariaiva\/wp-content\/uploads\/2025\/02\/mznoticia_jaguariaiva_coluna-150x150.png","contentUrl":"https:\/\/mznoticia.com.br\/jaguariaiva\/wp-content\/uploads\/2025\/02\/mznoticia_jaguariaiva_coluna-150x150.png","caption":"Reda\u00e7\u00e3o MZ"},"url":"https:\/\/mznoticia.com.br\/jaguariaiva\/author\/yan\/"}]}},"_links":{"self":[{"href":"https:\/\/mznoticia.com.br\/jaguariaiva\/wp-json\/wp\/v2\/posts\/7478","targetHints":{"allow":["GET"]}}],"collection":[{"href":"https:\/\/mznoticia.com.br\/jaguariaiva\/wp-json\/wp\/v2\/posts"}],"about":[{"href":"https:\/\/mznoticia.com.br\/jaguariaiva\/wp-json\/wp\/v2\/types\/post"}],"author":[{"embeddable":true,"href":"https:\/\/mznoticia.com.br\/jaguariaiva\/wp-json\/wp\/v2\/users\/18"}],"replies":[{"embeddable":true,"href":"https:\/\/mznoticia.com.br\/jaguariaiva\/wp-json\/wp\/v2\/comments?post=7478"}],"version-history":[{"count":1,"href":"https:\/\/mznoticia.com.br\/jaguariaiva\/wp-json\/wp\/v2\/posts\/7478\/revisions"}],"predecessor-version":[{"id":7480,"href":"https:\/\/mznoticia.com.br\/jaguariaiva\/wp-json\/wp\/v2\/posts\/7478\/revisions\/7480"}],"wp:featuredmedia":[{"embeddable":true,"href":"https:\/\/mznoticia.com.br\/jaguariaiva\/wp-json\/wp\/v2\/media\/7479"}],"wp:attachment":[{"href":"https:\/\/mznoticia.com.br\/jaguariaiva\/wp-json\/wp\/v2\/media?parent=7478"}],"wp:term":[{"taxonomy":"category","embeddable":true,"href":"https:\/\/mznoticia.com.br\/jaguariaiva\/wp-json\/wp\/v2\/categories?post=7478"},{"taxonomy":"post_tag","embeddable":true,"href":"https:\/\/mznoticia.com.br\/jaguariaiva\/wp-json\/wp\/v2\/tags?post=7478"}],"curies":[{"name":"wp","href":"https:\/\/api.w.org\/{rel}","templated":true}]}}