{"id":5594,"date":"2026-07-24T11:42:47","date_gmt":"2026-07-24T11:42:47","guid":{"rendered":"https:\/\/mznoticia.com.br\/piraidosul\/?p=5594"},"modified":"2026-07-24T11:42:47","modified_gmt":"2026-07-24T11:42:47","slug":"obituario-confira-os-falecimentos-e-sepultamentos-desta-sexta-feira-24-em-ponta-grossa-e-regiao","status":"publish","type":"post","link":"https:\/\/mznoticia.com.br\/piraidosul\/obituario-confira-os-falecimentos-e-sepultamentos-desta-sexta-feira-24-em-ponta-grossa-e-regiao\/","title":{"rendered":"Obitu\u00e1rio: confira os falecimentos e sepultamentos desta sexta-feira (24) em Ponta Grossa e regi\u00e3o"},"content":{"rendered":"<p class=\"isSelectedEnd\">Rela\u00e7\u00e3o re\u00fane os falecimentos registrados nesta sexta-feira (24), com informa\u00e7\u00f5es sobre vel\u00f3rios e hor\u00e1rios de sepultamento em Ponta Grossa e munic\u00edpios dos Campos Gerais.<\/p>\n<h2>Confira os sepultamentos desta sexta-feira (24)<\/h2>\n<p class=\"isSelectedEnd\">O Servi\u00e7o Funer\u00e1rio Municipal divulgou a rela\u00e7\u00e3o de falecimentos e sepultamentos desta sexta-feira, 24 de julho de 2026, em Ponta Grossa e munic\u00edpios da regi\u00e3o dos Campos Gerais. Confira os hor\u00e1rios e locais informados.<\/p>\n<h3>Rela\u00e7\u00e3o de falecimentos<\/h3>\n<p class=\"isSelectedEnd\"><strong>Ant\u00f4nio Puchalski<\/strong>, 82 anos<br \/>\n<strong>Vel\u00f3rio:<\/strong> Capela do Luto Santana<br \/>\n<strong>Sepultamento:<\/strong> Vilinha, em Palmeira, \u00e0s 11h.<\/p>\n<p class=\"isSelectedEnd\"><strong>Aurora dos Santos Teixeira<\/strong>, 77 anos<br \/>\n<strong>Vel\u00f3rio:<\/strong> Capela da Funer\u00e1ria de Castro<br \/>\n<strong>Sepultamento:<\/strong> Cemit\u00e9rio Frei Mathias, em Castro, \u00e0s 16h.<\/p>\n<p class=\"isSelectedEnd\"><strong>Carlos Edemir Goulart de Almeida<\/strong>, 73 anos<br \/>\n<strong>Vel\u00f3rio:<\/strong> Capela do Luto Santana<br \/>\n<strong>Sepultamento:<\/strong> Memorial Parque Campos Gerais, \u00e0s 17h.<\/p>\n<p class=\"isSelectedEnd\"><strong>Derlei Ribeiro<\/strong>, 23 anos<br \/>\n<strong>Vel\u00f3rio:<\/strong> Outro munic\u00edpio<br \/>\n<strong>Sepultamento:<\/strong> Pira\u00ed do Sul, \u00e0s 8h30.<\/p>\n<p class=\"isSelectedEnd\"><strong>Dirceu Garcia Prado<\/strong>, 75 anos<br \/>\n<strong>Vel\u00f3rio:<\/strong> Capela do Luto Santana<br \/>\n<strong>Sepultamento:<\/strong> Cemit\u00e9rio S\u00e3o Sebasti\u00e3o, \u00e0s 14h.<\/p>\n<p class=\"isSelectedEnd\"><strong>Eliana Regina Pasturczak Rodrigues<\/strong>, 69 anos<br \/>\n<strong>Vel\u00f3rio:<\/strong> Capela S\u00e3o Jos\u00e9<br \/>\n<strong>Sepultamento:<\/strong> Memorial Parque Campos Gerais, \u00e0s 14h.<\/p>\n<p class=\"isSelectedEnd\"><strong>Florice de Almeida<\/strong>, 55 anos<br \/>\n<strong>Vel\u00f3rio:<\/strong> Capela da Funer\u00e1ria Princesa<br \/>\n<strong>Sepultamento:<\/strong> Guaragi, \u00e0s 15h.<\/p>\n<p class=\"isSelectedEnd\"><strong>Jairo Carli Neves<\/strong>, 72 anos<br \/>\n<strong>Vel\u00f3rio:<\/strong> Capela da Funer\u00e1ria Princesa<br \/>\n<strong>Sepultamento:<\/strong> Parque Jardim Para\u00edso, \u00e0s 9h30.<\/p>\n<p class=\"isSelectedEnd\"><strong>Jos\u00e9 Arveraldo Marcondes<\/strong>, 75 anos<br \/>\n<strong>Vel\u00f3rio:<\/strong> Outro munic\u00edpio<br \/>\n<strong>Sepultamento:<\/strong> Rio d&#8217;Areia de Cima, em Teixeira Soares, \u00e0s 17h.<\/p>\n<p class=\"isSelectedEnd\"><strong>Jos\u00e9 Reinaldo Dias Rodrigues<\/strong>, 76 anos<br \/>\n<strong>Vel\u00f3rio:<\/strong> Outro munic\u00edpio<br \/>\n<strong>Sepultamento:<\/strong> Itarar\u00e9, \u00e0s 14h.<\/p>\n<p class=\"isSelectedEnd\"><strong>Jos\u00e9 Segundo da Costa<\/strong>, 81 anos<br \/>\n<strong>Vel\u00f3rio:<\/strong> Capela da Funer\u00e1ria Princesa<br \/>\n<strong>Sepultamento:<\/strong> Parque Jardim Para\u00edso, \u00e0s 10h.<\/p>\n<p class=\"isSelectedEnd\"><strong>Leonildes Ferreira Bittencourt<\/strong>, 85 anos<br \/>\n<strong>Vel\u00f3rio:<\/strong> Capela da Funer\u00e1ria Princesa<br \/>\n<strong>Sepultamento:<\/strong> Cemit\u00e9rio S\u00e3o Vicente de Paula, \u00e0s 9h30.<\/p>\n<p class=\"isSelectedEnd\"><strong>Valdevina Rodrigues Silveira<\/strong>, 83 anos<br \/>\n<strong>Vel\u00f3rio:<\/strong> Resid\u00eancia da fam\u00edlia<br \/>\n<strong>Sepultamento:<\/strong> Memorial Parque Campos Gerais, \u00e0s 16h.<\/p>\n<p>As informa\u00e7\u00f5es foram divulgadas pelo Servi\u00e7o Funer\u00e1rio Municipal de Ponta Grossa e correspondem aos registros atualizados desta sexta-feira (24).<\/p>\n","protected":false},"excerpt":{"rendered":"<p>Rela\u00e7\u00e3o re\u00fane os falecimentos registrados nesta sexta-feira (24), com informa\u00e7\u00f5es sobre vel\u00f3rios e hor\u00e1rios de sepultamento em Ponta Grossa e munic\u00edpios dos Campos Gerais. Confira os sepultamentos desta sexta-feira (24) O Servi\u00e7o Funer\u00e1rio Municipal divulgou a rela\u00e7\u00e3o de falecimentos e sepultamentos desta sexta-feira, 24 de julho de 2026, em Ponta Grossa e munic\u00edpios da regi\u00e3o [&hellip;]<\/p>\n","protected":false},"author":16,"featured_media":5595,"comment_status":"open","ping_status":"open","sticky":false,"template":"","format":"standard","meta":{"footnotes":""},"categories":[131],"tags":[196,614,378,387,77,24,386,445],"class_list":["post-5594","post","type-post","status-publish","format-standard","has-post-thumbnail","hentry","category-falecimentos","tag-campos-gerais","tag-falecimentos","tag-mz-noticias","tag-obituario","tag-parana","tag-ponta-grossa","tag-sepultamentos","tag-servico-funerario"],"yoast_head":"<!-- This site is optimized with the Yoast SEO plugin v28.1 - https:\/\/yoast.com\/product\/yoast-seo-wordpress\/ -->\n<title>Obitu\u00e1rio: confira os falecimentos e sepultamentos desta sexta-feira (24) em Ponta Grossa e regi\u00e3o - Mz Not\u00edcias<\/title>\n<meta name=\"description\" content=\"Confira o obitu\u00e1rio desta sexta-feira (24), com a rela\u00e7\u00e3o de falecimentos, vel\u00f3rios e sepultamentos em Ponta Grossa e munic\u00edpios dos Campos Gerais.\" \/>\n<meta name=\"robots\" content=\"index, follow, max-snippet:-1, max-image-preview:large, max-video-preview:-1\" \/>\n<link rel=\"canonical\" href=\"https:\/\/mznoticia.com.br\/piraidosul\/obituario-confira-os-falecimentos-e-sepultamentos-desta-sexta-feira-24-em-ponta-grossa-e-regiao\/\" \/>\n<meta property=\"og:locale\" content=\"pt_BR\" \/>\n<meta property=\"og:type\" content=\"article\" \/>\n<meta property=\"og:title\" content=\"Obitu\u00e1rio: confira os falecimentos e sepultamentos desta sexta-feira (24) em Ponta Grossa e regi\u00e3o - Mz Not\u00edcias\" \/>\n<meta property=\"og:description\" content=\"Confira o obitu\u00e1rio desta sexta-feira (24), com a rela\u00e7\u00e3o de falecimentos, vel\u00f3rios e sepultamentos em Ponta Grossa e munic\u00edpios dos Campos Gerais.\" \/>\n<meta property=\"og:url\" content=\"https:\/\/mznoticia.com.br\/piraidosul\/obituario-confira-os-falecimentos-e-sepultamentos-desta-sexta-feira-24-em-ponta-grossa-e-regiao\/\" \/>\n<meta property=\"og:site_name\" content=\"Mz Not\u00edcias\" \/>\n<meta property=\"article:publisher\" content=\"https:\/\/www.facebook.com\/profile.php?id=61573479951222\" \/>\n<meta property=\"article:published_time\" content=\"2026-07-24T11:42:47+00:00\" \/>\n<meta property=\"og:image\" content=\"https:\/\/mznoticia.com.br\/piraidosul\/wp-content\/uploads\/2026\/07\/FALECIMENTO-3-4.jpg\" \/>\n\t<meta property=\"og:image:width\" content=\"500\" \/>\n\t<meta property=\"og:image:height\" content=\"304\" \/>\n\t<meta property=\"og:image:type\" content=\"image\/jpeg\" \/>\n<meta name=\"author\" content=\"Redacao mz\" \/>\n<meta name=\"twitter:card\" content=\"summary_large_image\" \/>\n<meta name=\"twitter:label1\" content=\"Escrito por\" \/>\n\t<meta name=\"twitter:data1\" content=\"Redacao mz\" \/>\n\t<meta name=\"twitter:label2\" content=\"Est. tempo de leitura\" \/>\n\t<meta name=\"twitter:data2\" content=\"2 minutos\" \/>\n<script type=\"application\/ld+json\" class=\"yoast-schema-graph\">{\"@context\":\"https:\\\/\\\/schema.org\",\"@graph\":[{\"@type\":\"Article\",\"@id\":\"https:\\\/\\\/mznoticia.com.br\\\/piraidosul\\\/obituario-confira-os-falecimentos-e-sepultamentos-desta-sexta-feira-24-em-ponta-grossa-e-regiao\\\/#article\",\"isPartOf\":{\"@id\":\"https:\\\/\\\/mznoticia.com.br\\\/piraidosul\\\/obituario-confira-os-falecimentos-e-sepultamentos-desta-sexta-feira-24-em-ponta-grossa-e-regiao\\\/\"},\"author\":{\"name\":\"Redacao mz\",\"@id\":\"https:\\\/\\\/mznoticia.com.br\\\/piraidosul\\\/#\\\/schema\\\/person\\\/84012d827247b3f42f37b550da79cd03\"},\"headline\":\"Obitu\u00e1rio: confira os falecimentos e sepultamentos desta sexta-feira (24) em Ponta Grossa e regi\u00e3o\",\"datePublished\":\"2026-07-24T11:42:47+00:00\",\"mainEntityOfPage\":{\"@id\":\"https:\\\/\\\/mznoticia.com.br\\\/piraidosul\\\/obituario-confira-os-falecimentos-e-sepultamentos-desta-sexta-feira-24-em-ponta-grossa-e-regiao\\\/\"},\"wordCount\":344,\"commentCount\":0,\"publisher\":{\"@id\":\"https:\\\/\\\/mznoticia.com.br\\\/piraidosul\\\/#organization\"},\"image\":{\"@id\":\"https:\\\/\\\/mznoticia.com.br\\\/piraidosul\\\/obituario-confira-os-falecimentos-e-sepultamentos-desta-sexta-feira-24-em-ponta-grossa-e-regiao\\\/#primaryimage\"},\"thumbnailUrl\":\"https:\\\/\\\/mznoticia.com.br\\\/piraidosul\\\/wp-content\\\/uploads\\\/2026\\\/07\\\/FALECIMENTO-3-4.jpg\",\"keywords\":[\"campos gerais\",\"Falecimentos\",\"MZ Not\u00edcias.\",\"Obitu\u00e1rio\",\"parana\",\"Ponta Grossa\",\"Sepultamentos\",\"Servi\u00e7o Funer\u00e1rio\"],\"articleSection\":[\"Falecimentos\"],\"inLanguage\":\"pt-BR\",\"potentialAction\":[{\"@type\":\"CommentAction\",\"name\":\"Comment\",\"target\":[\"https:\\\/\\\/mznoticia.com.br\\\/piraidosul\\\/obituario-confira-os-falecimentos-e-sepultamentos-desta-sexta-feira-24-em-ponta-grossa-e-regiao\\\/#respond\"]}]},{\"@type\":\"WebPage\",\"@id\":\"https:\\\/\\\/mznoticia.com.br\\\/piraidosul\\\/obituario-confira-os-falecimentos-e-sepultamentos-desta-sexta-feira-24-em-ponta-grossa-e-regiao\\\/\",\"url\":\"https:\\\/\\\/mznoticia.com.br\\\/piraidosul\\\/obituario-confira-os-falecimentos-e-sepultamentos-desta-sexta-feira-24-em-ponta-grossa-e-regiao\\\/\",\"name\":\"Obitu\u00e1rio: confira os falecimentos e sepultamentos desta sexta-feira (24) em Ponta Grossa e regi\u00e3o - Mz Not\u00edcias\",\"isPartOf\":{\"@id\":\"https:\\\/\\\/mznoticia.com.br\\\/piraidosul\\\/#website\"},\"primaryImageOfPage\":{\"@id\":\"https:\\\/\\\/mznoticia.com.br\\\/piraidosul\\\/obituario-confira-os-falecimentos-e-sepultamentos-desta-sexta-feira-24-em-ponta-grossa-e-regiao\\\/#primaryimage\"},\"image\":{\"@id\":\"https:\\\/\\\/mznoticia.com.br\\\/piraidosul\\\/obituario-confira-os-falecimentos-e-sepultamentos-desta-sexta-feira-24-em-ponta-grossa-e-regiao\\\/#primaryimage\"},\"thumbnailUrl\":\"https:\\\/\\\/mznoticia.com.br\\\/piraidosul\\\/wp-content\\\/uploads\\\/2026\\\/07\\\/FALECIMENTO-3-4.jpg\",\"datePublished\":\"2026-07-24T11:42:47+00:00\",\"description\":\"Confira o obitu\u00e1rio desta sexta-feira (24), com a rela\u00e7\u00e3o de falecimentos, vel\u00f3rios e sepultamentos em Ponta Grossa e munic\u00edpios dos Campos Gerais.\",\"breadcrumb\":{\"@id\":\"https:\\\/\\\/mznoticia.com.br\\\/piraidosul\\\/obituario-confira-os-falecimentos-e-sepultamentos-desta-sexta-feira-24-em-ponta-grossa-e-regiao\\\/#breadcrumb\"},\"inLanguage\":\"pt-BR\",\"potentialAction\":[{\"@type\":\"ReadAction\",\"target\":[\"https:\\\/\\\/mznoticia.com.br\\\/piraidosul\\\/obituario-confira-os-falecimentos-e-sepultamentos-desta-sexta-feira-24-em-ponta-grossa-e-regiao\\\/\"]}]},{\"@type\":\"ImageObject\",\"inLanguage\":\"pt-BR\",\"@id\":\"https:\\\/\\\/mznoticia.com.br\\\/piraidosul\\\/obituario-confira-os-falecimentos-e-sepultamentos-desta-sexta-feira-24-em-ponta-grossa-e-regiao\\\/#primaryimage\",\"url\":\"https:\\\/\\\/mznoticia.com.br\\\/piraidosul\\\/wp-content\\\/uploads\\\/2026\\\/07\\\/FALECIMENTO-3-4.jpg\",\"contentUrl\":\"https:\\\/\\\/mznoticia.com.br\\\/piraidosul\\\/wp-content\\\/uploads\\\/2026\\\/07\\\/FALECIMENTO-3-4.jpg\",\"width\":500,\"height\":304},{\"@type\":\"BreadcrumbList\",\"@id\":\"https:\\\/\\\/mznoticia.com.br\\\/piraidosul\\\/obituario-confira-os-falecimentos-e-sepultamentos-desta-sexta-feira-24-em-ponta-grossa-e-regiao\\\/#breadcrumb\",\"itemListElement\":[{\"@type\":\"ListItem\",\"position\":1,\"name\":\"Home\",\"item\":\"https:\\\/\\\/mznoticia.com.br\\\/piraidosul\\\/\"},{\"@type\":\"ListItem\",\"position\":2,\"name\":\"Obitu\u00e1rio: confira os falecimentos e sepultamentos desta sexta-feira (24) em Ponta Grossa e regi\u00e3o\"}]},{\"@type\":\"WebSite\",\"@id\":\"https:\\\/\\\/mznoticia.com.br\\\/piraidosul\\\/#website\",\"url\":\"https:\\\/\\\/mznoticia.com.br\\\/piraidosul\\\/\",\"name\":\"Mz Not\u00edcia\",\"description\":\"A informa\u00e7\u00e3o que voc\u00ea precisa na hora certa!\",\"publisher\":{\"@id\":\"https:\\\/\\\/mznoticia.com.br\\\/piraidosul\\\/#organization\"},\"potentialAction\":[{\"@type\":\"SearchAction\",\"target\":{\"@type\":\"EntryPoint\",\"urlTemplate\":\"https:\\\/\\\/mznoticia.com.br\\\/piraidosul\\\/?s={search_term_string}\"},\"query-input\":{\"@type\":\"PropertyValueSpecification\",\"valueRequired\":true,\"valueName\":\"search_term_string\"}}],\"inLanguage\":\"pt-BR\"},{\"@type\":\"Organization\",\"@id\":\"https:\\\/\\\/mznoticia.com.br\\\/piraidosul\\\/#organization\",\"name\":\"Mz Not\u00edcia\",\"url\":\"https:\\\/\\\/mznoticia.com.br\\\/piraidosul\\\/\",\"logo\":{\"@type\":\"ImageObject\",\"inLanguage\":\"pt-BR\",\"@id\":\"https:\\\/\\\/mznoticia.com.br\\\/piraidosul\\\/#\\\/schema\\\/logo\\\/image\\\/\",\"url\":\"https:\\\/\\\/mznoticia.com.br\\\/jaguariaiva\\\/wp-content\\\/uploads\\\/2025\\\/03\\\/Design-sem-nome-4-e1741200616392.png\",\"contentUrl\":\"https:\\\/\\\/mznoticia.com.br\\\/jaguariaiva\\\/wp-content\\\/uploads\\\/2025\\\/03\\\/Design-sem-nome-4-e1741200616392.png\",\"width\":750,\"height\":563,\"caption\":\"Mz Not\u00edcia\"},\"image\":{\"@id\":\"https:\\\/\\\/mznoticia.com.br\\\/piraidosul\\\/#\\\/schema\\\/logo\\\/image\\\/\"},\"sameAs\":[\"https:\\\/\\\/www.facebook.com\\\/profile.php?id=61573479951222\",\"https:\\\/\\\/www.instagram.com\\\/mz.jaguariaiva\\\/\"]},{\"@type\":\"Person\",\"@id\":\"https:\\\/\\\/mznoticia.com.br\\\/piraidosul\\\/#\\\/schema\\\/person\\\/84012d827247b3f42f37b550da79cd03\",\"name\":\"Redacao mz\",\"image\":{\"@type\":\"ImageObject\",\"inLanguage\":\"pt-BR\",\"@id\":\"https:\\\/\\\/secure.gravatar.com\\\/avatar\\\/3835c58a73b55edb97de944593845d3f29acb93b7a088f3bf63afde947ab86ba?s=96&d=simple_local_avatar&r=g\",\"url\":\"https:\\\/\\\/secure.gravatar.com\\\/avatar\\\/3835c58a73b55edb97de944593845d3f29acb93b7a088f3bf63afde947ab86ba?s=96&d=simple_local_avatar&r=g\",\"contentUrl\":\"https:\\\/\\\/secure.gravatar.com\\\/avatar\\\/3835c58a73b55edb97de944593845d3f29acb93b7a088f3bf63afde947ab86ba?s=96&d=simple_local_avatar&r=g\",\"caption\":\"Redacao mz\"},\"sameAs\":[\"http:\\\/\\\/mznoticia.com.br\"],\"url\":\"https:\\\/\\\/mznoticia.com.br\\\/piraidosul\\\/author\\\/lucimara\\\/\"}]}<\/script>\n<!-- \/ Yoast SEO plugin. -->","yoast_head_json":{"title":"Obitu\u00e1rio: confira os falecimentos e sepultamentos desta sexta-feira (24) em Ponta Grossa e regi\u00e3o - Mz Not\u00edcias","description":"Confira o obitu\u00e1rio desta sexta-feira (24), com a rela\u00e7\u00e3o de falecimentos, vel\u00f3rios e sepultamentos em Ponta Grossa e munic\u00edpios dos Campos Gerais.","robots":{"index":"index","follow":"follow","max-snippet":"max-snippet:-1","max-image-preview":"max-image-preview:large","max-video-preview":"max-video-preview:-1"},"canonical":"https:\/\/mznoticia.com.br\/piraidosul\/obituario-confira-os-falecimentos-e-sepultamentos-desta-sexta-feira-24-em-ponta-grossa-e-regiao\/","og_locale":"pt_BR","og_type":"article","og_title":"Obitu\u00e1rio: confira os falecimentos e sepultamentos desta sexta-feira (24) em Ponta Grossa e regi\u00e3o - Mz Not\u00edcias","og_description":"Confira o obitu\u00e1rio desta sexta-feira (24), com a rela\u00e7\u00e3o de falecimentos, vel\u00f3rios e sepultamentos em Ponta Grossa e munic\u00edpios dos Campos Gerais.","og_url":"https:\/\/mznoticia.com.br\/piraidosul\/obituario-confira-os-falecimentos-e-sepultamentos-desta-sexta-feira-24-em-ponta-grossa-e-regiao\/","og_site_name":"Mz Not\u00edcias","article_publisher":"https:\/\/www.facebook.com\/profile.php?id=61573479951222","article_published_time":"2026-07-24T11:42:47+00:00","og_image":[{"width":500,"height":304,"url":"https:\/\/mznoticia.com.br\/piraidosul\/wp-content\/uploads\/2026\/07\/FALECIMENTO-3-4.jpg","type":"image\/jpeg"}],"author":"Redacao mz","twitter_card":"summary_large_image","twitter_misc":{"Escrito por":"Redacao mz","Est. tempo de leitura":"2 minutos"},"schema":{"@context":"https:\/\/schema.org","@graph":[{"@type":"Article","@id":"https:\/\/mznoticia.com.br\/piraidosul\/obituario-confira-os-falecimentos-e-sepultamentos-desta-sexta-feira-24-em-ponta-grossa-e-regiao\/#article","isPartOf":{"@id":"https:\/\/mznoticia.com.br\/piraidosul\/obituario-confira-os-falecimentos-e-sepultamentos-desta-sexta-feira-24-em-ponta-grossa-e-regiao\/"},"author":{"name":"Redacao mz","@id":"https:\/\/mznoticia.com.br\/piraidosul\/#\/schema\/person\/84012d827247b3f42f37b550da79cd03"},"headline":"Obitu\u00e1rio: confira os falecimentos e sepultamentos desta sexta-feira (24) em Ponta Grossa e regi\u00e3o","datePublished":"2026-07-24T11:42:47+00:00","mainEntityOfPage":{"@id":"https:\/\/mznoticia.com.br\/piraidosul\/obituario-confira-os-falecimentos-e-sepultamentos-desta-sexta-feira-24-em-ponta-grossa-e-regiao\/"},"wordCount":344,"commentCount":0,"publisher":{"@id":"https:\/\/mznoticia.com.br\/piraidosul\/#organization"},"image":{"@id":"https:\/\/mznoticia.com.br\/piraidosul\/obituario-confira-os-falecimentos-e-sepultamentos-desta-sexta-feira-24-em-ponta-grossa-e-regiao\/#primaryimage"},"thumbnailUrl":"https:\/\/mznoticia.com.br\/piraidosul\/wp-content\/uploads\/2026\/07\/FALECIMENTO-3-4.jpg","keywords":["campos gerais","Falecimentos","MZ Not\u00edcias.","Obitu\u00e1rio","parana","Ponta Grossa","Sepultamentos","Servi\u00e7o Funer\u00e1rio"],"articleSection":["Falecimentos"],"inLanguage":"pt-BR","potentialAction":[{"@type":"CommentAction","name":"Comment","target":["https:\/\/mznoticia.com.br\/piraidosul\/obituario-confira-os-falecimentos-e-sepultamentos-desta-sexta-feira-24-em-ponta-grossa-e-regiao\/#respond"]}]},{"@type":"WebPage","@id":"https:\/\/mznoticia.com.br\/piraidosul\/obituario-confira-os-falecimentos-e-sepultamentos-desta-sexta-feira-24-em-ponta-grossa-e-regiao\/","url":"https:\/\/mznoticia.com.br\/piraidosul\/obituario-confira-os-falecimentos-e-sepultamentos-desta-sexta-feira-24-em-ponta-grossa-e-regiao\/","name":"Obitu\u00e1rio: confira os falecimentos e sepultamentos desta sexta-feira (24) em Ponta Grossa e regi\u00e3o - Mz Not\u00edcias","isPartOf":{"@id":"https:\/\/mznoticia.com.br\/piraidosul\/#website"},"primaryImageOfPage":{"@id":"https:\/\/mznoticia.com.br\/piraidosul\/obituario-confira-os-falecimentos-e-sepultamentos-desta-sexta-feira-24-em-ponta-grossa-e-regiao\/#primaryimage"},"image":{"@id":"https:\/\/mznoticia.com.br\/piraidosul\/obituario-confira-os-falecimentos-e-sepultamentos-desta-sexta-feira-24-em-ponta-grossa-e-regiao\/#primaryimage"},"thumbnailUrl":"https:\/\/mznoticia.com.br\/piraidosul\/wp-content\/uploads\/2026\/07\/FALECIMENTO-3-4.jpg","datePublished":"2026-07-24T11:42:47+00:00","description":"Confira o obitu\u00e1rio desta sexta-feira (24), com a rela\u00e7\u00e3o de falecimentos, vel\u00f3rios e sepultamentos em Ponta Grossa e munic\u00edpios dos Campos Gerais.","breadcrumb":{"@id":"https:\/\/mznoticia.com.br\/piraidosul\/obituario-confira-os-falecimentos-e-sepultamentos-desta-sexta-feira-24-em-ponta-grossa-e-regiao\/#breadcrumb"},"inLanguage":"pt-BR","potentialAction":[{"@type":"ReadAction","target":["https:\/\/mznoticia.com.br\/piraidosul\/obituario-confira-os-falecimentos-e-sepultamentos-desta-sexta-feira-24-em-ponta-grossa-e-regiao\/"]}]},{"@type":"ImageObject","inLanguage":"pt-BR","@id":"https:\/\/mznoticia.com.br\/piraidosul\/obituario-confira-os-falecimentos-e-sepultamentos-desta-sexta-feira-24-em-ponta-grossa-e-regiao\/#primaryimage","url":"https:\/\/mznoticia.com.br\/piraidosul\/wp-content\/uploads\/2026\/07\/FALECIMENTO-3-4.jpg","contentUrl":"https:\/\/mznoticia.com.br\/piraidosul\/wp-content\/uploads\/2026\/07\/FALECIMENTO-3-4.jpg","width":500,"height":304},{"@type":"BreadcrumbList","@id":"https:\/\/mznoticia.com.br\/piraidosul\/obituario-confira-os-falecimentos-e-sepultamentos-desta-sexta-feira-24-em-ponta-grossa-e-regiao\/#breadcrumb","itemListElement":[{"@type":"ListItem","position":1,"name":"Home","item":"https:\/\/mznoticia.com.br\/piraidosul\/"},{"@type":"ListItem","position":2,"name":"Obitu\u00e1rio: confira os falecimentos e sepultamentos desta sexta-feira (24) em Ponta Grossa e regi\u00e3o"}]},{"@type":"WebSite","@id":"https:\/\/mznoticia.com.br\/piraidosul\/#website","url":"https:\/\/mznoticia.com.br\/piraidosul\/","name":"Mz Not\u00edcia","description":"A informa\u00e7\u00e3o que voc\u00ea precisa na hora certa!","publisher":{"@id":"https:\/\/mznoticia.com.br\/piraidosul\/#organization"},"potentialAction":[{"@type":"SearchAction","target":{"@type":"EntryPoint","urlTemplate":"https:\/\/mznoticia.com.br\/piraidosul\/?s={search_term_string}"},"query-input":{"@type":"PropertyValueSpecification","valueRequired":true,"valueName":"search_term_string"}}],"inLanguage":"pt-BR"},{"@type":"Organization","@id":"https:\/\/mznoticia.com.br\/piraidosul\/#organization","name":"Mz Not\u00edcia","url":"https:\/\/mznoticia.com.br\/piraidosul\/","logo":{"@type":"ImageObject","inLanguage":"pt-BR","@id":"https:\/\/mznoticia.com.br\/piraidosul\/#\/schema\/logo\/image\/","url":"https:\/\/mznoticia.com.br\/jaguariaiva\/wp-content\/uploads\/2025\/03\/Design-sem-nome-4-e1741200616392.png","contentUrl":"https:\/\/mznoticia.com.br\/jaguariaiva\/wp-content\/uploads\/2025\/03\/Design-sem-nome-4-e1741200616392.png","width":750,"height":563,"caption":"Mz Not\u00edcia"},"image":{"@id":"https:\/\/mznoticia.com.br\/piraidosul\/#\/schema\/logo\/image\/"},"sameAs":["https:\/\/www.facebook.com\/profile.php?id=61573479951222","https:\/\/www.instagram.com\/mz.jaguariaiva\/"]},{"@type":"Person","@id":"https:\/\/mznoticia.com.br\/piraidosul\/#\/schema\/person\/84012d827247b3f42f37b550da79cd03","name":"Redacao mz","image":{"@type":"ImageObject","inLanguage":"pt-BR","@id":"https:\/\/secure.gravatar.com\/avatar\/3835c58a73b55edb97de944593845d3f29acb93b7a088f3bf63afde947ab86ba?s=96&d=simple_local_avatar&r=g","url":"https:\/\/secure.gravatar.com\/avatar\/3835c58a73b55edb97de944593845d3f29acb93b7a088f3bf63afde947ab86ba?s=96&d=simple_local_avatar&r=g","contentUrl":"https:\/\/secure.gravatar.com\/avatar\/3835c58a73b55edb97de944593845d3f29acb93b7a088f3bf63afde947ab86ba?s=96&d=simple_local_avatar&r=g","caption":"Redacao mz"},"sameAs":["http:\/\/mznoticia.com.br"],"url":"https:\/\/mznoticia.com.br\/piraidosul\/author\/lucimara\/"}]}},"_links":{"self":[{"href":"https:\/\/mznoticia.com.br\/piraidosul\/wp-json\/wp\/v2\/posts\/5594","targetHints":{"allow":["GET"]}}],"collection":[{"href":"https:\/\/mznoticia.com.br\/piraidosul\/wp-json\/wp\/v2\/posts"}],"about":[{"href":"https:\/\/mznoticia.com.br\/piraidosul\/wp-json\/wp\/v2\/types\/post"}],"author":[{"embeddable":true,"href":"https:\/\/mznoticia.com.br\/piraidosul\/wp-json\/wp\/v2\/users\/16"}],"replies":[{"embeddable":true,"href":"https:\/\/mznoticia.com.br\/piraidosul\/wp-json\/wp\/v2\/comments?post=5594"}],"version-history":[{"count":1,"href":"https:\/\/mznoticia.com.br\/piraidosul\/wp-json\/wp\/v2\/posts\/5594\/revisions"}],"predecessor-version":[{"id":5596,"href":"https:\/\/mznoticia.com.br\/piraidosul\/wp-json\/wp\/v2\/posts\/5594\/revisions\/5596"}],"wp:featuredmedia":[{"embeddable":true,"href":"https:\/\/mznoticia.com.br\/piraidosul\/wp-json\/wp\/v2\/media\/5595"}],"wp:attachment":[{"href":"https:\/\/mznoticia.com.br\/piraidosul\/wp-json\/wp\/v2\/media?parent=5594"}],"wp:term":[{"taxonomy":"category","embeddable":true,"href":"https:\/\/mznoticia.com.br\/piraidosul\/wp-json\/wp\/v2\/categories?post=5594"},{"taxonomy":"post_tag","embeddable":true,"href":"https:\/\/mznoticia.com.br\/piraidosul\/wp-json\/wp\/v2\/tags?post=5594"}],"curies":[{"name":"wp","href":"https:\/\/api.w.org\/{rel}","templated":true}]}}