{"id":5718,"date":"2026-07-27T22:36:52","date_gmt":"2026-07-27T22:36:52","guid":{"rendered":"https:\/\/mznoticia.com.br\/piraidosul\/?p=5718"},"modified":"2026-07-27T22:39:21","modified_gmt":"2026-07-27T22:39:21","slug":"motorista-e-atacado-por-abelhas-passa-mal-e-bate-caminhao-na-pr-151-em-pirai-do-sul","status":"publish","type":"post","link":"https:\/\/mznoticia.com.br\/piraidosul\/motorista-e-atacado-por-abelhas-passa-mal-e-bate-caminhao-na-pr-151-em-pirai-do-sul\/","title":{"rendered":"Motorista \u00e9 atacado por abelhas, passa mal e bate caminh\u00e3o na PR-151 em Pira\u00ed do Sul"},"content":{"rendered":"<p class=\"PDq2pG_selectionAnchorContainer\" data-start=\"92\" data-end=\"246\">Caminhoneiro perdeu o controle da dire\u00e7\u00e3o ap\u00f3s sofrer um mal s\u00fabito provocado pelo ataque dos insetos; v\u00edtima foi encaminhada ao hospital.<\/p>\n<h2 data-section-id=\"m9xw7q\" data-start=\"253\" data-end=\"282\">Acidente ocorreu na PR-151<\/h2>\n<p data-start=\"284\" data-end=\"440\">Um motorista de 40 anos ficou ferido ap\u00f3s perder o controle de um caminh\u00e3o na tarde desta segunda-feira (27), na PR-151, em Pira\u00ed do Sul, nos Campos Gerais.<\/p>\n<p data-start=\"442\" data-end=\"615\">De acordo com a Pol\u00edcia Rodovi\u00e1ria Estadual, o caminhoneiro sofreu um mal s\u00fabito ap\u00f3s ser atacado por um enxame de abelhas, o que fez com que perdesse o controle da dire\u00e7\u00e3o.<\/p>\n<h2 data-section-id=\"won7dr\" data-start=\"622\" data-end=\"672\">Caminh\u00e3o atingiu barranco \u00e0s margens da rodovia<\/h2>\n<p data-start=\"674\" data-end=\"884\">Segundo o relat\u00f3rio da 5\u00aa Companhia do Batalh\u00e3o de Pol\u00edcia Rodovi\u00e1ria Estadual (5\u00aa Cia\/BPRv), ap\u00f3s o ataque dos insetos, o ve\u00edculo voltou de r\u00e9 pela rodovia at\u00e9 colidir contra um barranco \u00e0s margens da estrada.<\/p>\n<p data-start=\"886\" data-end=\"1012\">O caminh\u00e3o, que tracionava dois semirreboques, ficou em posi\u00e7\u00e3o de &#8220;L&#8221;, ocupando a faixa da direita e o acostamento da PR-151.<\/p>\n<h2 data-section-id=\"svww0q\" data-start=\"1019\" data-end=\"1059\">Motorista foi encaminhado ao hospital<\/h2>\n<p data-start=\"1061\" data-end=\"1192\">Equipes de resgate da concession\u00e1ria EPR, respons\u00e1vel pela administra\u00e7\u00e3o do trecho, prestaram atendimento ao caminhoneiro no local.<\/p>\n<p data-start=\"1194\" data-end=\"1335\">Ap\u00f3s os primeiros socorros, o motorista foi encaminhado ao Hospital Santo Ant\u00f4nio, em Pira\u00ed do Sul. O estado de sa\u00fade dele n\u00e3o foi informado.<\/p>\n","protected":false},"excerpt":{"rendered":"<p>Caminhoneiro perdeu o controle da dire\u00e7\u00e3o ap\u00f3s sofrer um mal s\u00fabito provocado pelo ataque dos insetos; v\u00edtima foi encaminhada ao hospital. Acidente ocorreu na PR-151 Um motorista de 40 anos ficou ferido ap\u00f3s perder o controle de um caminh\u00e3o na tarde desta segunda-feira (27), na PR-151, em Pira\u00ed do Sul, nos Campos Gerais. De acordo [&hellip;]<\/p>\n","protected":false},"author":17,"featured_media":5723,"comment_status":"open","ping_status":"open","sticky":false,"template":"","format":"standard","meta":{"footnotes":""},"categories":[149,6,4],"tags":[1065],"class_list":["post-5718","post","type-post","status-publish","format-standard","has-post-thumbnail","hentry","category-acidente","category-piraidosul","category-policial","tag-piraidosul-pr151-acidente-caminhao-abelhas-policiarodoviariaestadual-transito-camposgerais-epr-parana-mznoticias"],"yoast_head":"<!-- This site is optimized with the Yoast SEO plugin v28.1 - https:\/\/yoast.com\/product\/yoast-seo-wordpress\/ -->\n<title>Motorista \u00e9 atacado por abelhas, passa mal e bate caminh\u00e3o na PR-151 em Pira\u00ed do Sul - Mz Not\u00edcias<\/title>\n<meta name=\"description\" content=\"Motorista de caminh\u00e3o \u00e9 atacado por abelhas, sofre mal s\u00fabito e perde o controle do ve\u00edculo na PR-151, em Pira\u00ed do Sul. V\u00edtima foi socorrida e levada ao hospital.\" \/>\n<meta name=\"robots\" content=\"index, follow, max-snippet:-1, max-image-preview:large, max-video-preview:-1\" \/>\n<link rel=\"canonical\" href=\"https:\/\/mznoticia.com.br\/piraidosul\/motorista-e-atacado-por-abelhas-passa-mal-e-bate-caminhao-na-pr-151-em-pirai-do-sul\/\" \/>\n<meta property=\"og:locale\" content=\"pt_BR\" \/>\n<meta property=\"og:type\" content=\"article\" \/>\n<meta property=\"og:title\" content=\"Motorista \u00e9 atacado por abelhas, passa mal e bate caminh\u00e3o na PR-151 em Pira\u00ed do Sul - Mz Not\u00edcias\" \/>\n<meta property=\"og:description\" content=\"Motorista de caminh\u00e3o \u00e9 atacado por abelhas, sofre mal s\u00fabito e perde o controle do ve\u00edculo na PR-151, em Pira\u00ed do Sul. V\u00edtima foi socorrida e levada ao hospital.\" \/>\n<meta property=\"og:url\" content=\"https:\/\/mznoticia.com.br\/piraidosul\/motorista-e-atacado-por-abelhas-passa-mal-e-bate-caminhao-na-pr-151-em-pirai-do-sul\/\" \/>\n<meta property=\"og:site_name\" content=\"Mz Not\u00edcias\" \/>\n<meta property=\"article:publisher\" content=\"https:\/\/www.facebook.com\/profile.php?id=61573479951222\" \/>\n<meta property=\"article:published_time\" content=\"2026-07-27T22:36:52+00:00\" \/>\n<meta property=\"article:modified_time\" content=\"2026-07-27T22:39:21+00:00\" \/>\n<meta property=\"og:image\" content=\"https:\/\/mznoticia.com.br\/piraidosul\/wp-content\/uploads\/2026\/07\/caminhao2-2.webp\" \/>\n\t<meta property=\"og:image:width\" content=\"1920\" \/>\n\t<meta property=\"og:image:height\" content=\"1080\" \/>\n\t<meta property=\"og:image:type\" content=\"image\/webp\" \/>\n<meta name=\"author\" content=\"redacao mz\" \/>\n<meta name=\"twitter:card\" content=\"summary_large_image\" \/>\n<meta name=\"twitter:label1\" content=\"Escrito por\" \/>\n\t<meta name=\"twitter:data1\" content=\"redacao mz\" \/>\n\t<meta name=\"twitter:label2\" content=\"Est. tempo de leitura\" \/>\n\t<meta name=\"twitter:data2\" content=\"2 minutos\" \/>\n<script type=\"application\/ld+json\" class=\"yoast-schema-graph\">{\"@context\":\"https:\\\/\\\/schema.org\",\"@graph\":[{\"@type\":\"Article\",\"@id\":\"https:\\\/\\\/mznoticia.com.br\\\/piraidosul\\\/motorista-e-atacado-por-abelhas-passa-mal-e-bate-caminhao-na-pr-151-em-pirai-do-sul\\\/#article\",\"isPartOf\":{\"@id\":\"https:\\\/\\\/mznoticia.com.br\\\/piraidosul\\\/motorista-e-atacado-por-abelhas-passa-mal-e-bate-caminhao-na-pr-151-em-pirai-do-sul\\\/\"},\"author\":{\"name\":\"redacao mz\",\"@id\":\"https:\\\/\\\/mznoticia.com.br\\\/piraidosul\\\/#\\\/schema\\\/person\\\/9081e3eea38d0f9ff6d13386b9d71916\"},\"headline\":\"Motorista \u00e9 atacado por abelhas, passa mal e bate caminh\u00e3o na PR-151 em Pira\u00ed do Sul\",\"datePublished\":\"2026-07-27T22:36:52+00:00\",\"dateModified\":\"2026-07-27T22:39:21+00:00\",\"mainEntityOfPage\":{\"@id\":\"https:\\\/\\\/mznoticia.com.br\\\/piraidosul\\\/motorista-e-atacado-por-abelhas-passa-mal-e-bate-caminhao-na-pr-151-em-pirai-do-sul\\\/\"},\"wordCount\":233,\"commentCount\":0,\"publisher\":{\"@id\":\"https:\\\/\\\/mznoticia.com.br\\\/piraidosul\\\/#organization\"},\"image\":{\"@id\":\"https:\\\/\\\/mznoticia.com.br\\\/piraidosul\\\/motorista-e-atacado-por-abelhas-passa-mal-e-bate-caminhao-na-pr-151-em-pirai-do-sul\\\/#primaryimage\"},\"thumbnailUrl\":\"https:\\\/\\\/mznoticia.com.br\\\/piraidosul\\\/wp-content\\\/uploads\\\/2026\\\/07\\\/caminhao2-2.webp\",\"keywords\":[\"#Pira\u00edDoSul #PR151 #Acidente #Caminh\u00e3o #Abelhas #Pol\u00edciaRodovi\u00e1riaEstadual #Tr\u00e2nsito #CamposGerais #EPR #Paran\u00e1 #MZNot\u00edcias\"],\"articleSection\":[\"Acidente\",\"Pira\u00ed do Sul\",\"Policial\"],\"inLanguage\":\"pt-BR\",\"potentialAction\":[{\"@type\":\"CommentAction\",\"name\":\"Comment\",\"target\":[\"https:\\\/\\\/mznoticia.com.br\\\/piraidosul\\\/motorista-e-atacado-por-abelhas-passa-mal-e-bate-caminhao-na-pr-151-em-pirai-do-sul\\\/#respond\"]}]},{\"@type\":\"WebPage\",\"@id\":\"https:\\\/\\\/mznoticia.com.br\\\/piraidosul\\\/motorista-e-atacado-por-abelhas-passa-mal-e-bate-caminhao-na-pr-151-em-pirai-do-sul\\\/\",\"url\":\"https:\\\/\\\/mznoticia.com.br\\\/piraidosul\\\/motorista-e-atacado-por-abelhas-passa-mal-e-bate-caminhao-na-pr-151-em-pirai-do-sul\\\/\",\"name\":\"Motorista \u00e9 atacado por abelhas, passa mal e bate caminh\u00e3o na PR-151 em Pira\u00ed do Sul - Mz Not\u00edcias\",\"isPartOf\":{\"@id\":\"https:\\\/\\\/mznoticia.com.br\\\/piraidosul\\\/#website\"},\"primaryImageOfPage\":{\"@id\":\"https:\\\/\\\/mznoticia.com.br\\\/piraidosul\\\/motorista-e-atacado-por-abelhas-passa-mal-e-bate-caminhao-na-pr-151-em-pirai-do-sul\\\/#primaryimage\"},\"image\":{\"@id\":\"https:\\\/\\\/mznoticia.com.br\\\/piraidosul\\\/motorista-e-atacado-por-abelhas-passa-mal-e-bate-caminhao-na-pr-151-em-pirai-do-sul\\\/#primaryimage\"},\"thumbnailUrl\":\"https:\\\/\\\/mznoticia.com.br\\\/piraidosul\\\/wp-content\\\/uploads\\\/2026\\\/07\\\/caminhao2-2.webp\",\"datePublished\":\"2026-07-27T22:36:52+00:00\",\"dateModified\":\"2026-07-27T22:39:21+00:00\",\"description\":\"Motorista de caminh\u00e3o \u00e9 atacado por abelhas, sofre mal s\u00fabito e perde o controle do ve\u00edculo na PR-151, em Pira\u00ed do Sul. V\u00edtima foi socorrida e levada ao hospital.\",\"breadcrumb\":{\"@id\":\"https:\\\/\\\/mznoticia.com.br\\\/piraidosul\\\/motorista-e-atacado-por-abelhas-passa-mal-e-bate-caminhao-na-pr-151-em-pirai-do-sul\\\/#breadcrumb\"},\"inLanguage\":\"pt-BR\",\"potentialAction\":[{\"@type\":\"ReadAction\",\"target\":[\"https:\\\/\\\/mznoticia.com.br\\\/piraidosul\\\/motorista-e-atacado-por-abelhas-passa-mal-e-bate-caminhao-na-pr-151-em-pirai-do-sul\\\/\"]}]},{\"@type\":\"ImageObject\",\"inLanguage\":\"pt-BR\",\"@id\":\"https:\\\/\\\/mznoticia.com.br\\\/piraidosul\\\/motorista-e-atacado-por-abelhas-passa-mal-e-bate-caminhao-na-pr-151-em-pirai-do-sul\\\/#primaryimage\",\"url\":\"https:\\\/\\\/mznoticia.com.br\\\/piraidosul\\\/wp-content\\\/uploads\\\/2026\\\/07\\\/caminhao2-2.webp\",\"contentUrl\":\"https:\\\/\\\/mznoticia.com.br\\\/piraidosul\\\/wp-content\\\/uploads\\\/2026\\\/07\\\/caminhao2-2.webp\",\"width\":1920,\"height\":1080},{\"@type\":\"BreadcrumbList\",\"@id\":\"https:\\\/\\\/mznoticia.com.br\\\/piraidosul\\\/motorista-e-atacado-por-abelhas-passa-mal-e-bate-caminhao-na-pr-151-em-pirai-do-sul\\\/#breadcrumb\",\"itemListElement\":[{\"@type\":\"ListItem\",\"position\":1,\"name\":\"Home\",\"item\":\"https:\\\/\\\/mznoticia.com.br\\\/piraidosul\\\/\"},{\"@type\":\"ListItem\",\"position\":2,\"name\":\"Motorista \u00e9 atacado por abelhas, passa mal e bate caminh\u00e3o na PR-151 em Pira\u00ed do Sul\"}]},{\"@type\":\"WebSite\",\"@id\":\"https:\\\/\\\/mznoticia.com.br\\\/piraidosul\\\/#website\",\"url\":\"https:\\\/\\\/mznoticia.com.br\\\/piraidosul\\\/\",\"name\":\"Mz Not\u00edcia\",\"description\":\"A informa\u00e7\u00e3o que voc\u00ea precisa na hora certa!\",\"publisher\":{\"@id\":\"https:\\\/\\\/mznoticia.com.br\\\/piraidosul\\\/#organization\"},\"potentialAction\":[{\"@type\":\"SearchAction\",\"target\":{\"@type\":\"EntryPoint\",\"urlTemplate\":\"https:\\\/\\\/mznoticia.com.br\\\/piraidosul\\\/?s={search_term_string}\"},\"query-input\":{\"@type\":\"PropertyValueSpecification\",\"valueRequired\":true,\"valueName\":\"search_term_string\"}}],\"inLanguage\":\"pt-BR\"},{\"@type\":\"Organization\",\"@id\":\"https:\\\/\\\/mznoticia.com.br\\\/piraidosul\\\/#organization\",\"name\":\"Mz Not\u00edcia\",\"url\":\"https:\\\/\\\/mznoticia.com.br\\\/piraidosul\\\/\",\"logo\":{\"@type\":\"ImageObject\",\"inLanguage\":\"pt-BR\",\"@id\":\"https:\\\/\\\/mznoticia.com.br\\\/piraidosul\\\/#\\\/schema\\\/logo\\\/image\\\/\",\"url\":\"https:\\\/\\\/mznoticia.com.br\\\/jaguariaiva\\\/wp-content\\\/uploads\\\/2025\\\/03\\\/Design-sem-nome-4-e1741200616392.png\",\"contentUrl\":\"https:\\\/\\\/mznoticia.com.br\\\/jaguariaiva\\\/wp-content\\\/uploads\\\/2025\\\/03\\\/Design-sem-nome-4-e1741200616392.png\",\"width\":750,\"height\":563,\"caption\":\"Mz Not\u00edcia\"},\"image\":{\"@id\":\"https:\\\/\\\/mznoticia.com.br\\\/piraidosul\\\/#\\\/schema\\\/logo\\\/image\\\/\"},\"sameAs\":[\"https:\\\/\\\/www.facebook.com\\\/profile.php?id=61573479951222\",\"https:\\\/\\\/www.instagram.com\\\/mz.jaguariaiva\\\/\"]},{\"@type\":\"Person\",\"@id\":\"https:\\\/\\\/mznoticia.com.br\\\/piraidosul\\\/#\\\/schema\\\/person\\\/9081e3eea38d0f9ff6d13386b9d71916\",\"name\":\"redacao mz\",\"image\":{\"@type\":\"ImageObject\",\"inLanguage\":\"pt-BR\",\"@id\":\"https:\\\/\\\/secure.gravatar.com\\\/avatar\\\/474b69d3d861f17ba108592a48720c8b3a1bb15a7fc9092394e93d749b51d963?s=96&d=simple_local_avatar&r=g\",\"url\":\"https:\\\/\\\/secure.gravatar.com\\\/avatar\\\/474b69d3d861f17ba108592a48720c8b3a1bb15a7fc9092394e93d749b51d963?s=96&d=simple_local_avatar&r=g\",\"contentUrl\":\"https:\\\/\\\/secure.gravatar.com\\\/avatar\\\/474b69d3d861f17ba108592a48720c8b3a1bb15a7fc9092394e93d749b51d963?s=96&d=simple_local_avatar&r=g\",\"caption\":\"redacao mz\"},\"url\":\"https:\\\/\\\/mznoticia.com.br\\\/piraidosul\\\/author\\\/manu\\\/\"}]}<\/script>\n<!-- \/ Yoast SEO plugin. -->","yoast_head_json":{"title":"Motorista \u00e9 atacado por abelhas, passa mal e bate caminh\u00e3o na PR-151 em Pira\u00ed do Sul - Mz Not\u00edcias","description":"Motorista de caminh\u00e3o \u00e9 atacado por abelhas, sofre mal s\u00fabito e perde o controle do ve\u00edculo na PR-151, em Pira\u00ed do Sul. V\u00edtima foi socorrida e levada ao hospital.","robots":{"index":"index","follow":"follow","max-snippet":"max-snippet:-1","max-image-preview":"max-image-preview:large","max-video-preview":"max-video-preview:-1"},"canonical":"https:\/\/mznoticia.com.br\/piraidosul\/motorista-e-atacado-por-abelhas-passa-mal-e-bate-caminhao-na-pr-151-em-pirai-do-sul\/","og_locale":"pt_BR","og_type":"article","og_title":"Motorista \u00e9 atacado por abelhas, passa mal e bate caminh\u00e3o na PR-151 em Pira\u00ed do Sul - Mz Not\u00edcias","og_description":"Motorista de caminh\u00e3o \u00e9 atacado por abelhas, sofre mal s\u00fabito e perde o controle do ve\u00edculo na PR-151, em Pira\u00ed do Sul. V\u00edtima foi socorrida e levada ao hospital.","og_url":"https:\/\/mznoticia.com.br\/piraidosul\/motorista-e-atacado-por-abelhas-passa-mal-e-bate-caminhao-na-pr-151-em-pirai-do-sul\/","og_site_name":"Mz Not\u00edcias","article_publisher":"https:\/\/www.facebook.com\/profile.php?id=61573479951222","article_published_time":"2026-07-27T22:36:52+00:00","article_modified_time":"2026-07-27T22:39:21+00:00","og_image":[{"width":1920,"height":1080,"url":"https:\/\/mznoticia.com.br\/piraidosul\/wp-content\/uploads\/2026\/07\/caminhao2-2.webp","type":"image\/webp"}],"author":"redacao mz","twitter_card":"summary_large_image","twitter_misc":{"Escrito por":"redacao mz","Est. tempo de leitura":"2 minutos"},"schema":{"@context":"https:\/\/schema.org","@graph":[{"@type":"Article","@id":"https:\/\/mznoticia.com.br\/piraidosul\/motorista-e-atacado-por-abelhas-passa-mal-e-bate-caminhao-na-pr-151-em-pirai-do-sul\/#article","isPartOf":{"@id":"https:\/\/mznoticia.com.br\/piraidosul\/motorista-e-atacado-por-abelhas-passa-mal-e-bate-caminhao-na-pr-151-em-pirai-do-sul\/"},"author":{"name":"redacao mz","@id":"https:\/\/mznoticia.com.br\/piraidosul\/#\/schema\/person\/9081e3eea38d0f9ff6d13386b9d71916"},"headline":"Motorista \u00e9 atacado por abelhas, passa mal e bate caminh\u00e3o na PR-151 em Pira\u00ed do Sul","datePublished":"2026-07-27T22:36:52+00:00","dateModified":"2026-07-27T22:39:21+00:00","mainEntityOfPage":{"@id":"https:\/\/mznoticia.com.br\/piraidosul\/motorista-e-atacado-por-abelhas-passa-mal-e-bate-caminhao-na-pr-151-em-pirai-do-sul\/"},"wordCount":233,"commentCount":0,"publisher":{"@id":"https:\/\/mznoticia.com.br\/piraidosul\/#organization"},"image":{"@id":"https:\/\/mznoticia.com.br\/piraidosul\/motorista-e-atacado-por-abelhas-passa-mal-e-bate-caminhao-na-pr-151-em-pirai-do-sul\/#primaryimage"},"thumbnailUrl":"https:\/\/mznoticia.com.br\/piraidosul\/wp-content\/uploads\/2026\/07\/caminhao2-2.webp","keywords":["#Pira\u00edDoSul #PR151 #Acidente #Caminh\u00e3o #Abelhas #Pol\u00edciaRodovi\u00e1riaEstadual #Tr\u00e2nsito #CamposGerais #EPR #Paran\u00e1 #MZNot\u00edcias"],"articleSection":["Acidente","Pira\u00ed do Sul","Policial"],"inLanguage":"pt-BR","potentialAction":[{"@type":"CommentAction","name":"Comment","target":["https:\/\/mznoticia.com.br\/piraidosul\/motorista-e-atacado-por-abelhas-passa-mal-e-bate-caminhao-na-pr-151-em-pirai-do-sul\/#respond"]}]},{"@type":"WebPage","@id":"https:\/\/mznoticia.com.br\/piraidosul\/motorista-e-atacado-por-abelhas-passa-mal-e-bate-caminhao-na-pr-151-em-pirai-do-sul\/","url":"https:\/\/mznoticia.com.br\/piraidosul\/motorista-e-atacado-por-abelhas-passa-mal-e-bate-caminhao-na-pr-151-em-pirai-do-sul\/","name":"Motorista \u00e9 atacado por abelhas, passa mal e bate caminh\u00e3o na PR-151 em Pira\u00ed do Sul - Mz Not\u00edcias","isPartOf":{"@id":"https:\/\/mznoticia.com.br\/piraidosul\/#website"},"primaryImageOfPage":{"@id":"https:\/\/mznoticia.com.br\/piraidosul\/motorista-e-atacado-por-abelhas-passa-mal-e-bate-caminhao-na-pr-151-em-pirai-do-sul\/#primaryimage"},"image":{"@id":"https:\/\/mznoticia.com.br\/piraidosul\/motorista-e-atacado-por-abelhas-passa-mal-e-bate-caminhao-na-pr-151-em-pirai-do-sul\/#primaryimage"},"thumbnailUrl":"https:\/\/mznoticia.com.br\/piraidosul\/wp-content\/uploads\/2026\/07\/caminhao2-2.webp","datePublished":"2026-07-27T22:36:52+00:00","dateModified":"2026-07-27T22:39:21+00:00","description":"Motorista de caminh\u00e3o \u00e9 atacado por abelhas, sofre mal s\u00fabito e perde o controle do ve\u00edculo na PR-151, em Pira\u00ed do Sul. V\u00edtima foi socorrida e levada ao hospital.","breadcrumb":{"@id":"https:\/\/mznoticia.com.br\/piraidosul\/motorista-e-atacado-por-abelhas-passa-mal-e-bate-caminhao-na-pr-151-em-pirai-do-sul\/#breadcrumb"},"inLanguage":"pt-BR","potentialAction":[{"@type":"ReadAction","target":["https:\/\/mznoticia.com.br\/piraidosul\/motorista-e-atacado-por-abelhas-passa-mal-e-bate-caminhao-na-pr-151-em-pirai-do-sul\/"]}]},{"@type":"ImageObject","inLanguage":"pt-BR","@id":"https:\/\/mznoticia.com.br\/piraidosul\/motorista-e-atacado-por-abelhas-passa-mal-e-bate-caminhao-na-pr-151-em-pirai-do-sul\/#primaryimage","url":"https:\/\/mznoticia.com.br\/piraidosul\/wp-content\/uploads\/2026\/07\/caminhao2-2.webp","contentUrl":"https:\/\/mznoticia.com.br\/piraidosul\/wp-content\/uploads\/2026\/07\/caminhao2-2.webp","width":1920,"height":1080},{"@type":"BreadcrumbList","@id":"https:\/\/mznoticia.com.br\/piraidosul\/motorista-e-atacado-por-abelhas-passa-mal-e-bate-caminhao-na-pr-151-em-pirai-do-sul\/#breadcrumb","itemListElement":[{"@type":"ListItem","position":1,"name":"Home","item":"https:\/\/mznoticia.com.br\/piraidosul\/"},{"@type":"ListItem","position":2,"name":"Motorista \u00e9 atacado por abelhas, passa mal e bate caminh\u00e3o na PR-151 em Pira\u00ed do Sul"}]},{"@type":"WebSite","@id":"https:\/\/mznoticia.com.br\/piraidosul\/#website","url":"https:\/\/mznoticia.com.br\/piraidosul\/","name":"Mz Not\u00edcia","description":"A informa\u00e7\u00e3o que voc\u00ea precisa na hora certa!","publisher":{"@id":"https:\/\/mznoticia.com.br\/piraidosul\/#organization"},"potentialAction":[{"@type":"SearchAction","target":{"@type":"EntryPoint","urlTemplate":"https:\/\/mznoticia.com.br\/piraidosul\/?s={search_term_string}"},"query-input":{"@type":"PropertyValueSpecification","valueRequired":true,"valueName":"search_term_string"}}],"inLanguage":"pt-BR"},{"@type":"Organization","@id":"https:\/\/mznoticia.com.br\/piraidosul\/#organization","name":"Mz Not\u00edcia","url":"https:\/\/mznoticia.com.br\/piraidosul\/","logo":{"@type":"ImageObject","inLanguage":"pt-BR","@id":"https:\/\/mznoticia.com.br\/piraidosul\/#\/schema\/logo\/image\/","url":"https:\/\/mznoticia.com.br\/jaguariaiva\/wp-content\/uploads\/2025\/03\/Design-sem-nome-4-e1741200616392.png","contentUrl":"https:\/\/mznoticia.com.br\/jaguariaiva\/wp-content\/uploads\/2025\/03\/Design-sem-nome-4-e1741200616392.png","width":750,"height":563,"caption":"Mz Not\u00edcia"},"image":{"@id":"https:\/\/mznoticia.com.br\/piraidosul\/#\/schema\/logo\/image\/"},"sameAs":["https:\/\/www.facebook.com\/profile.php?id=61573479951222","https:\/\/www.instagram.com\/mz.jaguariaiva\/"]},{"@type":"Person","@id":"https:\/\/mznoticia.com.br\/piraidosul\/#\/schema\/person\/9081e3eea38d0f9ff6d13386b9d71916","name":"redacao mz","image":{"@type":"ImageObject","inLanguage":"pt-BR","@id":"https:\/\/secure.gravatar.com\/avatar\/474b69d3d861f17ba108592a48720c8b3a1bb15a7fc9092394e93d749b51d963?s=96&d=simple_local_avatar&r=g","url":"https:\/\/secure.gravatar.com\/avatar\/474b69d3d861f17ba108592a48720c8b3a1bb15a7fc9092394e93d749b51d963?s=96&d=simple_local_avatar&r=g","contentUrl":"https:\/\/secure.gravatar.com\/avatar\/474b69d3d861f17ba108592a48720c8b3a1bb15a7fc9092394e93d749b51d963?s=96&d=simple_local_avatar&r=g","caption":"redacao mz"},"url":"https:\/\/mznoticia.com.br\/piraidosul\/author\/manu\/"}]}},"_links":{"self":[{"href":"https:\/\/mznoticia.com.br\/piraidosul\/wp-json\/wp\/v2\/posts\/5718","targetHints":{"allow":["GET"]}}],"collection":[{"href":"https:\/\/mznoticia.com.br\/piraidosul\/wp-json\/wp\/v2\/posts"}],"about":[{"href":"https:\/\/mznoticia.com.br\/piraidosul\/wp-json\/wp\/v2\/types\/post"}],"author":[{"embeddable":true,"href":"https:\/\/mznoticia.com.br\/piraidosul\/wp-json\/wp\/v2\/users\/17"}],"replies":[{"embeddable":true,"href":"https:\/\/mznoticia.com.br\/piraidosul\/wp-json\/wp\/v2\/comments?post=5718"}],"version-history":[{"count":3,"href":"https:\/\/mznoticia.com.br\/piraidosul\/wp-json\/wp\/v2\/posts\/5718\/revisions"}],"predecessor-version":[{"id":5724,"href":"https:\/\/mznoticia.com.br\/piraidosul\/wp-json\/wp\/v2\/posts\/5718\/revisions\/5724"}],"wp:featuredmedia":[{"embeddable":true,"href":"https:\/\/mznoticia.com.br\/piraidosul\/wp-json\/wp\/v2\/media\/5723"}],"wp:attachment":[{"href":"https:\/\/mznoticia.com.br\/piraidosul\/wp-json\/wp\/v2\/media?parent=5718"}],"wp:term":[{"taxonomy":"category","embeddable":true,"href":"https:\/\/mznoticia.com.br\/piraidosul\/wp-json\/wp\/v2\/categories?post=5718"},{"taxonomy":"post_tag","embeddable":true,"href":"https:\/\/mznoticia.com.br\/piraidosul\/wp-json\/wp\/v2\/tags?post=5718"}],"curies":[{"name":"wp","href":"https:\/\/api.w.org\/{rel}","templated":true}]}}