{"id":5892,"date":"2026-07-29T21:49:56","date_gmt":"2026-07-29T21:49:56","guid":{"rendered":"https:\/\/mznoticia.com.br\/piraidosul\/?p=5892"},"modified":"2026-07-29T21:49:56","modified_gmt":"2026-07-29T21:49:56","slug":"homem-e-preso-por-furto-de-energia-durante-operacao-da-policia-civil-e-copel-em-pirai-do-sul","status":"publish","type":"post","link":"https:\/\/mznoticia.com.br\/piraidosul\/homem-e-preso-por-furto-de-energia-durante-operacao-da-policia-civil-e-copel-em-pirai-do-sul\/","title":{"rendered":"Homem \u00e9 preso por furto de energia durante opera\u00e7\u00e3o da Pol\u00edcia Civil e Copel em Pira\u00ed do Sul"},"content":{"rendered":"<p class=\"isSelectedEnd\">Liga\u00e7\u00e3o clandestina funcionava havia cerca de sete meses e oferecia risco \u00e0 seguran\u00e7a de moradores, segundo as equipes respons\u00e1veis pela fiscaliza\u00e7\u00e3o.<\/p>\n<h2>Opera\u00e7\u00e3o identificou liga\u00e7\u00e3o clandestina<\/h2>\n<p class=\"isSelectedEnd\">Um homem de 34 anos foi preso em flagrante nesta ter\u00e7a-feira (29), em Pira\u00ed do Sul, durante uma opera\u00e7\u00e3o de combate ao furto de energia realizada pela Pol\u00edcia Civil do Paran\u00e1 (PCPR) em conjunto com equipes da Copel.<\/p>\n<p class=\"isSelectedEnd\">Durante a fiscaliza\u00e7\u00e3o, os agentes identificaram uma liga\u00e7\u00e3o clandestina instalada diretamente na rede de distribui\u00e7\u00e3o da concession\u00e1ria.<\/p>\n<h2>Morador admitiu irregularidade<\/h2>\n<p class=\"isSelectedEnd\">Ao chegarem ao im\u00f3vel, os policiais encontraram o sistema irregular em funcionamento. Durante a abordagem, o morador admitiu ter realizado a liga\u00e7\u00e3o clandestina, sendo preso em flagrante pelo crime de furto qualificado de energia el\u00e9trica.<\/p>\n<p class=\"isSelectedEnd\">De acordo com as apura\u00e7\u00f5es, a fraude vinha sendo utilizada havia aproximadamente sete meses.<\/p>\n<h2>Instala\u00e7\u00e3o oferecia risco \u00e0 popula\u00e7\u00e3o<\/h2>\n<p class=\"isSelectedEnd\">Al\u00e9m do preju\u00edzo causado \u00e0 concession\u00e1ria, a liga\u00e7\u00e3o irregular representava risco \u00e0 seguran\u00e7a de quem circulava pelo local.<\/p>\n<p class=\"isSelectedEnd\">Segundo as equipes, a fia\u00e7\u00e3o permanecia exposta no ch\u00e3o, em uma \u00e1rea de livre acesso, aumentando a possibilidade de acidentes, principalmente envolvendo crian\u00e7as.<\/p>\n<p class=\"isSelectedEnd\">O furto de energia, popularmente conhecido como &#8220;gato&#8221;, \u00e9 considerado crime previsto no C\u00f3digo Penal e pode resultar em responsabiliza\u00e7\u00e3o criminal, al\u00e9m da cobran\u00e7a pelos valores correspondentes ao consumo n\u00e3o registrado e da aplica\u00e7\u00e3o de outras penalidades administrativas.<\/p>\n<h2>Suspeito foi encaminhado \u00e0 Cadeia P\u00fablica<\/h2>\n<p class=\"isSelectedEnd\">Ap\u00f3s os procedimentos realizados pela Pol\u00edcia Civil, o homem foi encaminhado \u00e0 Cadeia P\u00fablica de Castro, onde permanece \u00e0 disposi\u00e7\u00e3o da Justi\u00e7a.<\/p>\n<p>A Copel realizou a remo\u00e7\u00e3o da liga\u00e7\u00e3o clandestina e providenciou a regulariza\u00e7\u00e3o da rede el\u00e9trica no im\u00f3vel.<\/p>\n","protected":false},"excerpt":{"rendered":"<p>Liga\u00e7\u00e3o clandestina funcionava havia cerca de sete meses e oferecia risco \u00e0 seguran\u00e7a de moradores, segundo as equipes respons\u00e1veis pela fiscaliza\u00e7\u00e3o. Opera\u00e7\u00e3o identificou liga\u00e7\u00e3o clandestina Um homem de 34 anos foi preso em flagrante nesta ter\u00e7a-feira (29), em Pira\u00ed do Sul, durante uma opera\u00e7\u00e3o de combate ao furto de energia realizada pela Pol\u00edcia Civil do [&hellip;]<\/p>\n","protected":false},"author":17,"featured_media":5893,"comment_status":"open","ping_status":"open","sticky":false,"template":"","format":"standard","meta":{"footnotes":""},"categories":[12,4],"tags":[1220],"class_list":["post-5892","post","type-post","status-publish","format-standard","has-post-thumbnail","hentry","category-geral","category-policial","tag-piraidosul-policiacivil-copel-furtodeenergia-gatodeenergia-seguranca-camposgerais-operacaopolicial-crime-parana"],"yoast_head":"<!-- This site is optimized with the Yoast SEO plugin v28.1 - https:\/\/yoast.com\/product\/yoast-seo-wordpress\/ -->\n<title>Homem \u00e9 preso por furto de energia durante opera\u00e7\u00e3o da Pol\u00edcia Civil e Copel em Pira\u00ed do Sul - Mz Not\u00edcias<\/title>\n<meta name=\"description\" content=\"Opera\u00e7\u00e3o da Pol\u00edcia Civil e da Copel prendeu um homem de 34 anos por furto de energia em Pira\u00ed do Sul. Liga\u00e7\u00e3o clandestina funcionava havia cerca de sete meses.\" \/>\n<meta name=\"robots\" content=\"index, follow, max-snippet:-1, max-image-preview:large, max-video-preview:-1\" \/>\n<link rel=\"canonical\" href=\"https:\/\/mznoticia.com.br\/piraidosul\/homem-e-preso-por-furto-de-energia-durante-operacao-da-policia-civil-e-copel-em-pirai-do-sul\/\" \/>\n<meta property=\"og:locale\" content=\"pt_BR\" \/>\n<meta property=\"og:type\" content=\"article\" \/>\n<meta property=\"og:title\" content=\"Homem \u00e9 preso por furto de energia durante opera\u00e7\u00e3o da Pol\u00edcia Civil e Copel em Pira\u00ed do Sul - Mz Not\u00edcias\" \/>\n<meta property=\"og:description\" content=\"Opera\u00e7\u00e3o da Pol\u00edcia Civil e da Copel prendeu um homem de 34 anos por furto de energia em Pira\u00ed do Sul. Liga\u00e7\u00e3o clandestina funcionava havia cerca de sete meses.\" \/>\n<meta property=\"og:url\" content=\"https:\/\/mznoticia.com.br\/piraidosul\/homem-e-preso-por-furto-de-energia-durante-operacao-da-policia-civil-e-copel-em-pirai-do-sul\/\" \/>\n<meta property=\"og:site_name\" content=\"Mz Not\u00edcias\" \/>\n<meta property=\"article:publisher\" content=\"https:\/\/www.facebook.com\/profile.php?id=61573479951222\" \/>\n<meta property=\"article:published_time\" content=\"2026-07-29T21:49:56+00:00\" \/>\n<meta property=\"og:image\" content=\"https:\/\/mznoticia.com.br\/piraidosul\/wp-content\/uploads\/2026\/07\/fios.jpg\" \/>\n\t<meta property=\"og:image:width\" content=\"750\" \/>\n\t<meta property=\"og:image:height\" content=\"430\" \/>\n\t<meta property=\"og:image:type\" content=\"image\/jpeg\" \/>\n<meta name=\"author\" content=\"redacao mz\" \/>\n<meta name=\"twitter:card\" content=\"summary_large_image\" \/>\n<meta name=\"twitter:label1\" content=\"Escrito por\" \/>\n\t<meta name=\"twitter:data1\" content=\"redacao mz\" \/>\n\t<meta name=\"twitter:label2\" content=\"Est. tempo de leitura\" \/>\n\t<meta name=\"twitter:data2\" content=\"2 minutos\" \/>\n<script type=\"application\/ld+json\" class=\"yoast-schema-graph\">{\"@context\":\"https:\\\/\\\/schema.org\",\"@graph\":[{\"@type\":\"Article\",\"@id\":\"https:\\\/\\\/mznoticia.com.br\\\/piraidosul\\\/homem-e-preso-por-furto-de-energia-durante-operacao-da-policia-civil-e-copel-em-pirai-do-sul\\\/#article\",\"isPartOf\":{\"@id\":\"https:\\\/\\\/mznoticia.com.br\\\/piraidosul\\\/homem-e-preso-por-furto-de-energia-durante-operacao-da-policia-civil-e-copel-em-pirai-do-sul\\\/\"},\"author\":{\"name\":\"redacao mz\",\"@id\":\"https:\\\/\\\/mznoticia.com.br\\\/piraidosul\\\/#\\\/schema\\\/person\\\/9081e3eea38d0f9ff6d13386b9d71916\"},\"headline\":\"Homem \u00e9 preso por furto de energia durante opera\u00e7\u00e3o da Pol\u00edcia Civil e Copel em Pira\u00ed do Sul\",\"datePublished\":\"2026-07-29T21:49:56+00:00\",\"mainEntityOfPage\":{\"@id\":\"https:\\\/\\\/mznoticia.com.br\\\/piraidosul\\\/homem-e-preso-por-furto-de-energia-durante-operacao-da-policia-civil-e-copel-em-pirai-do-sul\\\/\"},\"wordCount\":314,\"commentCount\":0,\"publisher\":{\"@id\":\"https:\\\/\\\/mznoticia.com.br\\\/piraidosul\\\/#organization\"},\"image\":{\"@id\":\"https:\\\/\\\/mznoticia.com.br\\\/piraidosul\\\/homem-e-preso-por-furto-de-energia-durante-operacao-da-policia-civil-e-copel-em-pirai-do-sul\\\/#primaryimage\"},\"thumbnailUrl\":\"https:\\\/\\\/mznoticia.com.br\\\/piraidosul\\\/wp-content\\\/uploads\\\/2026\\\/07\\\/fios.jpg\",\"keywords\":[\"#Pira\u00edDoSul #Pol\u00edciaCivil #Copel #FurtoDeEnergia #GatoDeEnergia #Seguran\u00e7a #CamposGerais #Opera\u00e7\u00e3oPolicial #Crime #Paran\u00e1\"],\"articleSection\":[\"Geral\",\"Policial\"],\"inLanguage\":\"pt-BR\",\"potentialAction\":[{\"@type\":\"CommentAction\",\"name\":\"Comment\",\"target\":[\"https:\\\/\\\/mznoticia.com.br\\\/piraidosul\\\/homem-e-preso-por-furto-de-energia-durante-operacao-da-policia-civil-e-copel-em-pirai-do-sul\\\/#respond\"]}]},{\"@type\":\"WebPage\",\"@id\":\"https:\\\/\\\/mznoticia.com.br\\\/piraidosul\\\/homem-e-preso-por-furto-de-energia-durante-operacao-da-policia-civil-e-copel-em-pirai-do-sul\\\/\",\"url\":\"https:\\\/\\\/mznoticia.com.br\\\/piraidosul\\\/homem-e-preso-por-furto-de-energia-durante-operacao-da-policia-civil-e-copel-em-pirai-do-sul\\\/\",\"name\":\"Homem \u00e9 preso por furto de energia durante opera\u00e7\u00e3o da Pol\u00edcia Civil e Copel em Pira\u00ed do Sul - Mz Not\u00edcias\",\"isPartOf\":{\"@id\":\"https:\\\/\\\/mznoticia.com.br\\\/piraidosul\\\/#website\"},\"primaryImageOfPage\":{\"@id\":\"https:\\\/\\\/mznoticia.com.br\\\/piraidosul\\\/homem-e-preso-por-furto-de-energia-durante-operacao-da-policia-civil-e-copel-em-pirai-do-sul\\\/#primaryimage\"},\"image\":{\"@id\":\"https:\\\/\\\/mznoticia.com.br\\\/piraidosul\\\/homem-e-preso-por-furto-de-energia-durante-operacao-da-policia-civil-e-copel-em-pirai-do-sul\\\/#primaryimage\"},\"thumbnailUrl\":\"https:\\\/\\\/mznoticia.com.br\\\/piraidosul\\\/wp-content\\\/uploads\\\/2026\\\/07\\\/fios.jpg\",\"datePublished\":\"2026-07-29T21:49:56+00:00\",\"description\":\"Opera\u00e7\u00e3o da Pol\u00edcia Civil e da Copel prendeu um homem de 34 anos por furto de energia em Pira\u00ed do Sul. Liga\u00e7\u00e3o clandestina funcionava havia cerca de sete meses.\",\"breadcrumb\":{\"@id\":\"https:\\\/\\\/mznoticia.com.br\\\/piraidosul\\\/homem-e-preso-por-furto-de-energia-durante-operacao-da-policia-civil-e-copel-em-pirai-do-sul\\\/#breadcrumb\"},\"inLanguage\":\"pt-BR\",\"potentialAction\":[{\"@type\":\"ReadAction\",\"target\":[\"https:\\\/\\\/mznoticia.com.br\\\/piraidosul\\\/homem-e-preso-por-furto-de-energia-durante-operacao-da-policia-civil-e-copel-em-pirai-do-sul\\\/\"]}]},{\"@type\":\"ImageObject\",\"inLanguage\":\"pt-BR\",\"@id\":\"https:\\\/\\\/mznoticia.com.br\\\/piraidosul\\\/homem-e-preso-por-furto-de-energia-durante-operacao-da-policia-civil-e-copel-em-pirai-do-sul\\\/#primaryimage\",\"url\":\"https:\\\/\\\/mznoticia.com.br\\\/piraidosul\\\/wp-content\\\/uploads\\\/2026\\\/07\\\/fios.jpg\",\"contentUrl\":\"https:\\\/\\\/mznoticia.com.br\\\/piraidosul\\\/wp-content\\\/uploads\\\/2026\\\/07\\\/fios.jpg\",\"width\":750,\"height\":430},{\"@type\":\"BreadcrumbList\",\"@id\":\"https:\\\/\\\/mznoticia.com.br\\\/piraidosul\\\/homem-e-preso-por-furto-de-energia-durante-operacao-da-policia-civil-e-copel-em-pirai-do-sul\\\/#breadcrumb\",\"itemListElement\":[{\"@type\":\"ListItem\",\"position\":1,\"name\":\"Home\",\"item\":\"https:\\\/\\\/mznoticia.com.br\\\/piraidosul\\\/\"},{\"@type\":\"ListItem\",\"position\":2,\"name\":\"Homem \u00e9 preso por furto de energia durante opera\u00e7\u00e3o da Pol\u00edcia Civil e Copel em Pira\u00ed do Sul\"}]},{\"@type\":\"WebSite\",\"@id\":\"https:\\\/\\\/mznoticia.com.br\\\/piraidosul\\\/#website\",\"url\":\"https:\\\/\\\/mznoticia.com.br\\\/piraidosul\\\/\",\"name\":\"Mz Not\u00edcia\",\"description\":\"A informa\u00e7\u00e3o que voc\u00ea precisa na hora certa!\",\"publisher\":{\"@id\":\"https:\\\/\\\/mznoticia.com.br\\\/piraidosul\\\/#organization\"},\"potentialAction\":[{\"@type\":\"SearchAction\",\"target\":{\"@type\":\"EntryPoint\",\"urlTemplate\":\"https:\\\/\\\/mznoticia.com.br\\\/piraidosul\\\/?s={search_term_string}\"},\"query-input\":{\"@type\":\"PropertyValueSpecification\",\"valueRequired\":true,\"valueName\":\"search_term_string\"}}],\"inLanguage\":\"pt-BR\"},{\"@type\":\"Organization\",\"@id\":\"https:\\\/\\\/mznoticia.com.br\\\/piraidosul\\\/#organization\",\"name\":\"Mz Not\u00edcia\",\"url\":\"https:\\\/\\\/mznoticia.com.br\\\/piraidosul\\\/\",\"logo\":{\"@type\":\"ImageObject\",\"inLanguage\":\"pt-BR\",\"@id\":\"https:\\\/\\\/mznoticia.com.br\\\/piraidosul\\\/#\\\/schema\\\/logo\\\/image\\\/\",\"url\":\"https:\\\/\\\/mznoticia.com.br\\\/jaguariaiva\\\/wp-content\\\/uploads\\\/2025\\\/03\\\/Design-sem-nome-4-e1741200616392.png\",\"contentUrl\":\"https:\\\/\\\/mznoticia.com.br\\\/jaguariaiva\\\/wp-content\\\/uploads\\\/2025\\\/03\\\/Design-sem-nome-4-e1741200616392.png\",\"width\":750,\"height\":563,\"caption\":\"Mz Not\u00edcia\"},\"image\":{\"@id\":\"https:\\\/\\\/mznoticia.com.br\\\/piraidosul\\\/#\\\/schema\\\/logo\\\/image\\\/\"},\"sameAs\":[\"https:\\\/\\\/www.facebook.com\\\/profile.php?id=61573479951222\",\"https:\\\/\\\/www.instagram.com\\\/mz.jaguariaiva\\\/\"]},{\"@type\":\"Person\",\"@id\":\"https:\\\/\\\/mznoticia.com.br\\\/piraidosul\\\/#\\\/schema\\\/person\\\/9081e3eea38d0f9ff6d13386b9d71916\",\"name\":\"redacao mz\",\"image\":{\"@type\":\"ImageObject\",\"inLanguage\":\"pt-BR\",\"@id\":\"https:\\\/\\\/secure.gravatar.com\\\/avatar\\\/474b69d3d861f17ba108592a48720c8b3a1bb15a7fc9092394e93d749b51d963?s=96&d=simple_local_avatar&r=g\",\"url\":\"https:\\\/\\\/secure.gravatar.com\\\/avatar\\\/474b69d3d861f17ba108592a48720c8b3a1bb15a7fc9092394e93d749b51d963?s=96&d=simple_local_avatar&r=g\",\"contentUrl\":\"https:\\\/\\\/secure.gravatar.com\\\/avatar\\\/474b69d3d861f17ba108592a48720c8b3a1bb15a7fc9092394e93d749b51d963?s=96&d=simple_local_avatar&r=g\",\"caption\":\"redacao mz\"},\"url\":\"https:\\\/\\\/mznoticia.com.br\\\/piraidosul\\\/author\\\/manu\\\/\"}]}<\/script>\n<!-- \/ Yoast SEO plugin. -->","yoast_head_json":{"title":"Homem \u00e9 preso por furto de energia durante opera\u00e7\u00e3o da Pol\u00edcia Civil e Copel em Pira\u00ed do Sul - Mz Not\u00edcias","description":"Opera\u00e7\u00e3o da Pol\u00edcia Civil e da Copel prendeu um homem de 34 anos por furto de energia em Pira\u00ed do Sul. Liga\u00e7\u00e3o clandestina funcionava havia cerca de sete meses.","robots":{"index":"index","follow":"follow","max-snippet":"max-snippet:-1","max-image-preview":"max-image-preview:large","max-video-preview":"max-video-preview:-1"},"canonical":"https:\/\/mznoticia.com.br\/piraidosul\/homem-e-preso-por-furto-de-energia-durante-operacao-da-policia-civil-e-copel-em-pirai-do-sul\/","og_locale":"pt_BR","og_type":"article","og_title":"Homem \u00e9 preso por furto de energia durante opera\u00e7\u00e3o da Pol\u00edcia Civil e Copel em Pira\u00ed do Sul - Mz Not\u00edcias","og_description":"Opera\u00e7\u00e3o da Pol\u00edcia Civil e da Copel prendeu um homem de 34 anos por furto de energia em Pira\u00ed do Sul. Liga\u00e7\u00e3o clandestina funcionava havia cerca de sete meses.","og_url":"https:\/\/mznoticia.com.br\/piraidosul\/homem-e-preso-por-furto-de-energia-durante-operacao-da-policia-civil-e-copel-em-pirai-do-sul\/","og_site_name":"Mz Not\u00edcias","article_publisher":"https:\/\/www.facebook.com\/profile.php?id=61573479951222","article_published_time":"2026-07-29T21:49:56+00:00","og_image":[{"width":750,"height":430,"url":"https:\/\/mznoticia.com.br\/piraidosul\/wp-content\/uploads\/2026\/07\/fios.jpg","type":"image\/jpeg"}],"author":"redacao mz","twitter_card":"summary_large_image","twitter_misc":{"Escrito por":"redacao mz","Est. tempo de leitura":"2 minutos"},"schema":{"@context":"https:\/\/schema.org","@graph":[{"@type":"Article","@id":"https:\/\/mznoticia.com.br\/piraidosul\/homem-e-preso-por-furto-de-energia-durante-operacao-da-policia-civil-e-copel-em-pirai-do-sul\/#article","isPartOf":{"@id":"https:\/\/mznoticia.com.br\/piraidosul\/homem-e-preso-por-furto-de-energia-durante-operacao-da-policia-civil-e-copel-em-pirai-do-sul\/"},"author":{"name":"redacao mz","@id":"https:\/\/mznoticia.com.br\/piraidosul\/#\/schema\/person\/9081e3eea38d0f9ff6d13386b9d71916"},"headline":"Homem \u00e9 preso por furto de energia durante opera\u00e7\u00e3o da Pol\u00edcia Civil e Copel em Pira\u00ed do Sul","datePublished":"2026-07-29T21:49:56+00:00","mainEntityOfPage":{"@id":"https:\/\/mznoticia.com.br\/piraidosul\/homem-e-preso-por-furto-de-energia-durante-operacao-da-policia-civil-e-copel-em-pirai-do-sul\/"},"wordCount":314,"commentCount":0,"publisher":{"@id":"https:\/\/mznoticia.com.br\/piraidosul\/#organization"},"image":{"@id":"https:\/\/mznoticia.com.br\/piraidosul\/homem-e-preso-por-furto-de-energia-durante-operacao-da-policia-civil-e-copel-em-pirai-do-sul\/#primaryimage"},"thumbnailUrl":"https:\/\/mznoticia.com.br\/piraidosul\/wp-content\/uploads\/2026\/07\/fios.jpg","keywords":["#Pira\u00edDoSul #Pol\u00edciaCivil #Copel #FurtoDeEnergia #GatoDeEnergia #Seguran\u00e7a #CamposGerais #Opera\u00e7\u00e3oPolicial #Crime #Paran\u00e1"],"articleSection":["Geral","Policial"],"inLanguage":"pt-BR","potentialAction":[{"@type":"CommentAction","name":"Comment","target":["https:\/\/mznoticia.com.br\/piraidosul\/homem-e-preso-por-furto-de-energia-durante-operacao-da-policia-civil-e-copel-em-pirai-do-sul\/#respond"]}]},{"@type":"WebPage","@id":"https:\/\/mznoticia.com.br\/piraidosul\/homem-e-preso-por-furto-de-energia-durante-operacao-da-policia-civil-e-copel-em-pirai-do-sul\/","url":"https:\/\/mznoticia.com.br\/piraidosul\/homem-e-preso-por-furto-de-energia-durante-operacao-da-policia-civil-e-copel-em-pirai-do-sul\/","name":"Homem \u00e9 preso por furto de energia durante opera\u00e7\u00e3o da Pol\u00edcia Civil e Copel em Pira\u00ed do Sul - Mz Not\u00edcias","isPartOf":{"@id":"https:\/\/mznoticia.com.br\/piraidosul\/#website"},"primaryImageOfPage":{"@id":"https:\/\/mznoticia.com.br\/piraidosul\/homem-e-preso-por-furto-de-energia-durante-operacao-da-policia-civil-e-copel-em-pirai-do-sul\/#primaryimage"},"image":{"@id":"https:\/\/mznoticia.com.br\/piraidosul\/homem-e-preso-por-furto-de-energia-durante-operacao-da-policia-civil-e-copel-em-pirai-do-sul\/#primaryimage"},"thumbnailUrl":"https:\/\/mznoticia.com.br\/piraidosul\/wp-content\/uploads\/2026\/07\/fios.jpg","datePublished":"2026-07-29T21:49:56+00:00","description":"Opera\u00e7\u00e3o da Pol\u00edcia Civil e da Copel prendeu um homem de 34 anos por furto de energia em Pira\u00ed do Sul. Liga\u00e7\u00e3o clandestina funcionava havia cerca de sete meses.","breadcrumb":{"@id":"https:\/\/mznoticia.com.br\/piraidosul\/homem-e-preso-por-furto-de-energia-durante-operacao-da-policia-civil-e-copel-em-pirai-do-sul\/#breadcrumb"},"inLanguage":"pt-BR","potentialAction":[{"@type":"ReadAction","target":["https:\/\/mznoticia.com.br\/piraidosul\/homem-e-preso-por-furto-de-energia-durante-operacao-da-policia-civil-e-copel-em-pirai-do-sul\/"]}]},{"@type":"ImageObject","inLanguage":"pt-BR","@id":"https:\/\/mznoticia.com.br\/piraidosul\/homem-e-preso-por-furto-de-energia-durante-operacao-da-policia-civil-e-copel-em-pirai-do-sul\/#primaryimage","url":"https:\/\/mznoticia.com.br\/piraidosul\/wp-content\/uploads\/2026\/07\/fios.jpg","contentUrl":"https:\/\/mznoticia.com.br\/piraidosul\/wp-content\/uploads\/2026\/07\/fios.jpg","width":750,"height":430},{"@type":"BreadcrumbList","@id":"https:\/\/mznoticia.com.br\/piraidosul\/homem-e-preso-por-furto-de-energia-durante-operacao-da-policia-civil-e-copel-em-pirai-do-sul\/#breadcrumb","itemListElement":[{"@type":"ListItem","position":1,"name":"Home","item":"https:\/\/mznoticia.com.br\/piraidosul\/"},{"@type":"ListItem","position":2,"name":"Homem \u00e9 preso por furto de energia durante opera\u00e7\u00e3o da Pol\u00edcia Civil e Copel em Pira\u00ed do Sul"}]},{"@type":"WebSite","@id":"https:\/\/mznoticia.com.br\/piraidosul\/#website","url":"https:\/\/mznoticia.com.br\/piraidosul\/","name":"Mz Not\u00edcia","description":"A informa\u00e7\u00e3o que voc\u00ea precisa na hora certa!","publisher":{"@id":"https:\/\/mznoticia.com.br\/piraidosul\/#organization"},"potentialAction":[{"@type":"SearchAction","target":{"@type":"EntryPoint","urlTemplate":"https:\/\/mznoticia.com.br\/piraidosul\/?s={search_term_string}"},"query-input":{"@type":"PropertyValueSpecification","valueRequired":true,"valueName":"search_term_string"}}],"inLanguage":"pt-BR"},{"@type":"Organization","@id":"https:\/\/mznoticia.com.br\/piraidosul\/#organization","name":"Mz Not\u00edcia","url":"https:\/\/mznoticia.com.br\/piraidosul\/","logo":{"@type":"ImageObject","inLanguage":"pt-BR","@id":"https:\/\/mznoticia.com.br\/piraidosul\/#\/schema\/logo\/image\/","url":"https:\/\/mznoticia.com.br\/jaguariaiva\/wp-content\/uploads\/2025\/03\/Design-sem-nome-4-e1741200616392.png","contentUrl":"https:\/\/mznoticia.com.br\/jaguariaiva\/wp-content\/uploads\/2025\/03\/Design-sem-nome-4-e1741200616392.png","width":750,"height":563,"caption":"Mz Not\u00edcia"},"image":{"@id":"https:\/\/mznoticia.com.br\/piraidosul\/#\/schema\/logo\/image\/"},"sameAs":["https:\/\/www.facebook.com\/profile.php?id=61573479951222","https:\/\/www.instagram.com\/mz.jaguariaiva\/"]},{"@type":"Person","@id":"https:\/\/mznoticia.com.br\/piraidosul\/#\/schema\/person\/9081e3eea38d0f9ff6d13386b9d71916","name":"redacao mz","image":{"@type":"ImageObject","inLanguage":"pt-BR","@id":"https:\/\/secure.gravatar.com\/avatar\/474b69d3d861f17ba108592a48720c8b3a1bb15a7fc9092394e93d749b51d963?s=96&d=simple_local_avatar&r=g","url":"https:\/\/secure.gravatar.com\/avatar\/474b69d3d861f17ba108592a48720c8b3a1bb15a7fc9092394e93d749b51d963?s=96&d=simple_local_avatar&r=g","contentUrl":"https:\/\/secure.gravatar.com\/avatar\/474b69d3d861f17ba108592a48720c8b3a1bb15a7fc9092394e93d749b51d963?s=96&d=simple_local_avatar&r=g","caption":"redacao mz"},"url":"https:\/\/mznoticia.com.br\/piraidosul\/author\/manu\/"}]}},"_links":{"self":[{"href":"https:\/\/mznoticia.com.br\/piraidosul\/wp-json\/wp\/v2\/posts\/5892","targetHints":{"allow":["GET"]}}],"collection":[{"href":"https:\/\/mznoticia.com.br\/piraidosul\/wp-json\/wp\/v2\/posts"}],"about":[{"href":"https:\/\/mznoticia.com.br\/piraidosul\/wp-json\/wp\/v2\/types\/post"}],"author":[{"embeddable":true,"href":"https:\/\/mznoticia.com.br\/piraidosul\/wp-json\/wp\/v2\/users\/17"}],"replies":[{"embeddable":true,"href":"https:\/\/mznoticia.com.br\/piraidosul\/wp-json\/wp\/v2\/comments?post=5892"}],"version-history":[{"count":1,"href":"https:\/\/mznoticia.com.br\/piraidosul\/wp-json\/wp\/v2\/posts\/5892\/revisions"}],"predecessor-version":[{"id":5894,"href":"https:\/\/mznoticia.com.br\/piraidosul\/wp-json\/wp\/v2\/posts\/5892\/revisions\/5894"}],"wp:featuredmedia":[{"embeddable":true,"href":"https:\/\/mznoticia.com.br\/piraidosul\/wp-json\/wp\/v2\/media\/5893"}],"wp:attachment":[{"href":"https:\/\/mznoticia.com.br\/piraidosul\/wp-json\/wp\/v2\/media?parent=5892"}],"wp:term":[{"taxonomy":"category","embeddable":true,"href":"https:\/\/mznoticia.com.br\/piraidosul\/wp-json\/wp\/v2\/categories?post=5892"},{"taxonomy":"post_tag","embeddable":true,"href":"https:\/\/mznoticia.com.br\/piraidosul\/wp-json\/wp\/v2\/tags?post=5892"}],"curies":[{"name":"wp","href":"https:\/\/api.w.org\/{rel}","templated":true}]}}