{"id":5898,"date":"2026-07-29T22:13:38","date_gmt":"2026-07-29T22:13:38","guid":{"rendered":"https:\/\/mznoticia.com.br\/piraidosul\/?p=5898"},"modified":"2026-07-29T22:13:38","modified_gmt":"2026-07-29T22:13:38","slug":"caminhada-na-natureza-reune-mais-de-700-participantes-em-pirai-do-sul","status":"publish","type":"post","link":"https:\/\/mznoticia.com.br\/piraidosul\/caminhada-na-natureza-reune-mais-de-700-participantes-em-pirai-do-sul\/","title":{"rendered":"Caminhada na Natureza re\u00fane mais de 700 participantes em Pira\u00ed do Sul"},"content":{"rendered":"<p class=\"isSelectedEnd\">Evento apresentou novo percurso de 17,9 quil\u00f4metros entre o Santu\u00e1rio Nossa Senhora das Brotas e a Floresta Nacional de Pira\u00ed do Sul, unindo esporte, turismo e contato com a natureza.<\/p>\n<h2>Evento reuniu participantes de diversas cidades do Paran\u00e1<\/h2>\n<p class=\"isSelectedEnd\">Mais de 700 pessoas participaram da IV Caminhada na Natureza \u2013 Circuito Cerro da On\u00e7a, realizada no \u00faltimo domingo (26), em Pira\u00ed do Sul.<\/p>\n<p class=\"isSelectedEnd\">Promovido pela Prefeitura de Pira\u00ed do Sul, por meio da Secretaria Municipal de Esporte e Turismo, o evento contou com a parceria do Instituto de Desenvolvimento Rural do Paran\u00e1 (IDR-Paran\u00e1), Ecobooking, Santu\u00e1rio Nossa Senhora das Brotas e Floresta Nacional de Pira\u00ed do Sul (FLONA).<\/p>\n<p class=\"isSelectedEnd\">A caminhada reuniu participantes de diferentes munic\u00edpios do Paran\u00e1 em um dia marcado pela pr\u00e1tica esportiva, integra\u00e7\u00e3o e valoriza\u00e7\u00e3o das belezas naturais da regi\u00e3o.<\/p>\n<h2>Percurso in\u00e9dito passou por \u00e1reas de preserva\u00e7\u00e3o<\/h2>\n<p class=\"isSelectedEnd\">Nesta edi\u00e7\u00e3o, os participantes tiveram acesso a um novo trajeto de 17,9 quil\u00f4metros, conectando dois importantes atrativos tur\u00edsticos do munic\u00edpio: o Santu\u00e1rio Nossa Senhora das Brotas e a Floresta Nacional de Pira\u00ed do Sul.<\/p>\n<p class=\"isSelectedEnd\">Durante o percurso, os caminhantes passaram por paisagens caracter\u00edsticas dos Campos Gerais, \u00e1reas de preserva\u00e7\u00e3o ambiental e pelo ponto mais alto da regi\u00e3o.<\/p>\n<p class=\"isSelectedEnd\">A proposta do circuito foi proporcionar uma experi\u00eancia que combinasse atividade f\u00edsica, contempla\u00e7\u00e3o da natureza e turismo.<\/p>\n<h2>Evento movimentou economia local<\/h2>\n<p class=\"isSelectedEnd\">Al\u00e9m da caminhada, a programa\u00e7\u00e3o tamb\u00e9m contribuiu para movimentar a economia do munic\u00edpio.<\/p>\n<p class=\"isSelectedEnd\">Na chegada \u00e0 Floresta Nacional de Pira\u00ed do Sul, os participantes puderam visitar a Feira de Artesanato, valorizando o trabalho dos expositores locais.<\/p>\n<p class=\"isSelectedEnd\">O encerramento ocorreu no Santu\u00e1rio Nossa Senhora das Brotas, com um almo\u00e7o integrado \u00e0 III Festa do Agricultor, reunindo produtores rurais, gastronomia e tradi\u00e7\u00f5es da comunidade.<\/p>\n<h2>Prefeitura destaca crescimento do evento<\/h2>\n<p class=\"isSelectedEnd\">O prefeito Henrique Carneiro afirmou que a Caminhada na Natureza j\u00e1 integra o calend\u00e1rio oficial do munic\u00edpio e vem crescendo a cada edi\u00e7\u00e3o.<\/p>\n<p class=\"isSelectedEnd\">\u201cReceber centenas de pessoas em Pira\u00ed do Sul \u00e9 motivo de orgulho. A Caminhada na Natureza mostra a for\u00e7a do nosso turismo, valoriza nossos atrativos e gera movimento para o com\u00e9rcio, para os produtores e para quem acredita no potencial da nossa cidade. O sucesso desta edi\u00e7\u00e3o \u00e9 resultado da uni\u00e3o de muitas pessoas que trabalharam para oferecer uma excelente experi\u00eancia aos participantes\u201d, destacou.<\/p>\n<p class=\"isSelectedEnd\">O secret\u00e1rio municipal de Esporte e Turismo, Tiago Mendes, ressaltou a import\u00e2ncia da participa\u00e7\u00e3o dos parceiros e volunt\u00e1rios na realiza\u00e7\u00e3o do evento.<\/p>\n<p class=\"isSelectedEnd\">\u201cCada detalhe foi pensado para que os caminhantes fossem bem recebidos e pudessem aproveitar o percurso com seguran\u00e7a. Agradecemos a todos os parceiros, patrocinadores e, principalmente, aos volunt\u00e1rios, que fizeram a diferen\u00e7a durante toda a organiza\u00e7\u00e3o do evento\u201d, afirmou.<\/p>\n<h2>Caminhada fortalece turismo de natureza<\/h2>\n<p class=\"isSelectedEnd\">A Prefeitura de Pira\u00ed do Sul destacou o trabalho conjunto do Santu\u00e1rio Nossa Senhora das Brotas, Floresta Nacional de Pira\u00ed do Sul, IDR-Paran\u00e1, Ecobooking, patrocinadores, equipes de apoio, for\u00e7as de seguran\u00e7a, profissionais da sa\u00fade, expositores da Feira de Artesanato e volunt\u00e1rios envolvidos na organiza\u00e7\u00e3o.<\/p>\n<p>Com a participa\u00e7\u00e3o expressiva do p\u00fablico e a valoriza\u00e7\u00e3o dos atrativos naturais do munic\u00edpio, a Caminhada na Natureza consolida-se como um dos eventos de destaque do calend\u00e1rio local e amplia a proje\u00e7\u00e3o de Pira\u00ed do Sul como destino de turismo de natureza nos Campos Gerais.<\/p>\n","protected":false},"excerpt":{"rendered":"<p>Evento apresentou novo percurso de 17,9 quil\u00f4metros entre o Santu\u00e1rio Nossa Senhora das Brotas e a Floresta Nacional de Pira\u00ed do Sul, unindo esporte, turismo e contato com a natureza. Evento reuniu participantes de diversas cidades do Paran\u00e1 Mais de 700 pessoas participaram da IV Caminhada na Natureza \u2013 Circuito Cerro da On\u00e7a, realizada no [&hellip;]<\/p>\n","protected":false},"author":17,"featured_media":5899,"comment_status":"open","ping_status":"open","sticky":false,"template":"","format":"standard","meta":{"footnotes":""},"categories":[9,10,6],"tags":[1222],"class_list":["post-5898","post","type-post","status-publish","format-standard","has-post-thumbnail","hentry","category-esportes","category-eventos","category-piraidosul","tag-piraidosul-caminhadananatureza-turismo-camposgerais-ecoturismo-natureza-esporte-flonapiraidosul-santuarionossasenhoradasbrotas-turismoparana"],"yoast_head":"<!-- This site is optimized with the Yoast SEO plugin v28.1 - https:\/\/yoast.com\/product\/yoast-seo-wordpress\/ -->\n<title>Caminhada na Natureza re\u00fane mais de 700 participantes em Pira\u00ed do Sul - Mz Not\u00edcias<\/title>\n<meta name=\"description\" content=\"A IV Caminhada na Natureza \u2013 Circuito Cerro da On\u00e7a reuniu mais de 700 participantes em Pira\u00ed do Sul, com percurso de 17,9 km entre atra\u00e7\u00f5es tur\u00edsticas do munic\u00edpio.\" \/>\n<meta name=\"robots\" content=\"index, follow, max-snippet:-1, max-image-preview:large, max-video-preview:-1\" \/>\n<link rel=\"canonical\" href=\"https:\/\/mznoticia.com.br\/piraidosul\/caminhada-na-natureza-reune-mais-de-700-participantes-em-pirai-do-sul\/\" \/>\n<meta property=\"og:locale\" content=\"pt_BR\" \/>\n<meta property=\"og:type\" content=\"article\" \/>\n<meta property=\"og:title\" content=\"Caminhada na Natureza re\u00fane mais de 700 participantes em Pira\u00ed do Sul - Mz Not\u00edcias\" \/>\n<meta property=\"og:description\" content=\"A IV Caminhada na Natureza \u2013 Circuito Cerro da On\u00e7a reuniu mais de 700 participantes em Pira\u00ed do Sul, com percurso de 17,9 km entre atra\u00e7\u00f5es tur\u00edsticas do munic\u00edpio.\" \/>\n<meta property=\"og:url\" content=\"https:\/\/mznoticia.com.br\/piraidosul\/caminhada-na-natureza-reune-mais-de-700-participantes-em-pirai-do-sul\/\" \/>\n<meta property=\"og:site_name\" content=\"Mz Not\u00edcias\" \/>\n<meta property=\"article:publisher\" content=\"https:\/\/www.facebook.com\/profile.php?id=61573479951222\" \/>\n<meta property=\"article:published_time\" content=\"2026-07-29T22:13:38+00:00\" \/>\n<meta name=\"author\" content=\"redacao mz\" \/>\n<meta name=\"twitter:card\" content=\"summary_large_image\" \/>\n<meta name=\"twitter:label1\" content=\"Escrito por\" \/>\n\t<meta name=\"twitter:data1\" content=\"redacao mz\" \/>\n\t<meta name=\"twitter:label2\" content=\"Est. tempo de leitura\" \/>\n\t<meta name=\"twitter:data2\" content=\"4 minutos\" \/>\n<script type=\"application\/ld+json\" class=\"yoast-schema-graph\">{\"@context\":\"https:\\\/\\\/schema.org\",\"@graph\":[{\"@type\":\"Article\",\"@id\":\"https:\\\/\\\/mznoticia.com.br\\\/piraidosul\\\/caminhada-na-natureza-reune-mais-de-700-participantes-em-pirai-do-sul\\\/#article\",\"isPartOf\":{\"@id\":\"https:\\\/\\\/mznoticia.com.br\\\/piraidosul\\\/caminhada-na-natureza-reune-mais-de-700-participantes-em-pirai-do-sul\\\/\"},\"author\":{\"name\":\"redacao mz\",\"@id\":\"https:\\\/\\\/mznoticia.com.br\\\/piraidosul\\\/#\\\/schema\\\/person\\\/9081e3eea38d0f9ff6d13386b9d71916\"},\"headline\":\"Caminhada na Natureza re\u00fane mais de 700 participantes em Pira\u00ed do Sul\",\"datePublished\":\"2026-07-29T22:13:38+00:00\",\"mainEntityOfPage\":{\"@id\":\"https:\\\/\\\/mznoticia.com.br\\\/piraidosul\\\/caminhada-na-natureza-reune-mais-de-700-participantes-em-pirai-do-sul\\\/\"},\"wordCount\":585,\"commentCount\":0,\"publisher\":{\"@id\":\"https:\\\/\\\/mznoticia.com.br\\\/piraidosul\\\/#organization\"},\"image\":{\"@id\":\"https:\\\/\\\/mznoticia.com.br\\\/piraidosul\\\/caminhada-na-natureza-reune-mais-de-700-participantes-em-pirai-do-sul\\\/#primaryimage\"},\"thumbnailUrl\":\"https:\\\/\\\/mznoticia.com.br\\\/piraidosul\\\/wp-content\\\/uploads\\\/2026\\\/07\\\/Caminhada.avif\",\"keywords\":[\"#Pira\u00edDoSul #CaminhadaNaNatureza #Turismo #CamposGerais #Ecoturismo #Natureza #Esporte #FlonaPira\u00edDoSul #Santu\u00e1rioNossaSenhoraDasBrotas #TurismoParan\u00e1\"],\"articleSection\":[\"Esportes\",\"Eventos\",\"Pira\u00ed do Sul\"],\"inLanguage\":\"pt-BR\",\"potentialAction\":[{\"@type\":\"CommentAction\",\"name\":\"Comment\",\"target\":[\"https:\\\/\\\/mznoticia.com.br\\\/piraidosul\\\/caminhada-na-natureza-reune-mais-de-700-participantes-em-pirai-do-sul\\\/#respond\"]}]},{\"@type\":\"WebPage\",\"@id\":\"https:\\\/\\\/mznoticia.com.br\\\/piraidosul\\\/caminhada-na-natureza-reune-mais-de-700-participantes-em-pirai-do-sul\\\/\",\"url\":\"https:\\\/\\\/mznoticia.com.br\\\/piraidosul\\\/caminhada-na-natureza-reune-mais-de-700-participantes-em-pirai-do-sul\\\/\",\"name\":\"Caminhada na Natureza re\u00fane mais de 700 participantes em Pira\u00ed do Sul - Mz Not\u00edcias\",\"isPartOf\":{\"@id\":\"https:\\\/\\\/mznoticia.com.br\\\/piraidosul\\\/#website\"},\"primaryImageOfPage\":{\"@id\":\"https:\\\/\\\/mznoticia.com.br\\\/piraidosul\\\/caminhada-na-natureza-reune-mais-de-700-participantes-em-pirai-do-sul\\\/#primaryimage\"},\"image\":{\"@id\":\"https:\\\/\\\/mznoticia.com.br\\\/piraidosul\\\/caminhada-na-natureza-reune-mais-de-700-participantes-em-pirai-do-sul\\\/#primaryimage\"},\"thumbnailUrl\":\"https:\\\/\\\/mznoticia.com.br\\\/piraidosul\\\/wp-content\\\/uploads\\\/2026\\\/07\\\/Caminhada.avif\",\"datePublished\":\"2026-07-29T22:13:38+00:00\",\"description\":\"A IV Caminhada na Natureza \u2013 Circuito Cerro da On\u00e7a reuniu mais de 700 participantes em Pira\u00ed do Sul, com percurso de 17,9 km entre atra\u00e7\u00f5es tur\u00edsticas do munic\u00edpio.\",\"breadcrumb\":{\"@id\":\"https:\\\/\\\/mznoticia.com.br\\\/piraidosul\\\/caminhada-na-natureza-reune-mais-de-700-participantes-em-pirai-do-sul\\\/#breadcrumb\"},\"inLanguage\":\"pt-BR\",\"potentialAction\":[{\"@type\":\"ReadAction\",\"target\":[\"https:\\\/\\\/mznoticia.com.br\\\/piraidosul\\\/caminhada-na-natureza-reune-mais-de-700-participantes-em-pirai-do-sul\\\/\"]}]},{\"@type\":\"ImageObject\",\"inLanguage\":\"pt-BR\",\"@id\":\"https:\\\/\\\/mznoticia.com.br\\\/piraidosul\\\/caminhada-na-natureza-reune-mais-de-700-participantes-em-pirai-do-sul\\\/#primaryimage\",\"url\":\"https:\\\/\\\/mznoticia.com.br\\\/piraidosul\\\/wp-content\\\/uploads\\\/2026\\\/07\\\/Caminhada.avif\",\"contentUrl\":\"https:\\\/\\\/mznoticia.com.br\\\/piraidosul\\\/wp-content\\\/uploads\\\/2026\\\/07\\\/Caminhada.avif\",\"width\":1080,\"height\":608},{\"@type\":\"BreadcrumbList\",\"@id\":\"https:\\\/\\\/mznoticia.com.br\\\/piraidosul\\\/caminhada-na-natureza-reune-mais-de-700-participantes-em-pirai-do-sul\\\/#breadcrumb\",\"itemListElement\":[{\"@type\":\"ListItem\",\"position\":1,\"name\":\"Home\",\"item\":\"https:\\\/\\\/mznoticia.com.br\\\/piraidosul\\\/\"},{\"@type\":\"ListItem\",\"position\":2,\"name\":\"Caminhada na Natureza re\u00fane mais de 700 participantes em Pira\u00ed do Sul\"}]},{\"@type\":\"WebSite\",\"@id\":\"https:\\\/\\\/mznoticia.com.br\\\/piraidosul\\\/#website\",\"url\":\"https:\\\/\\\/mznoticia.com.br\\\/piraidosul\\\/\",\"name\":\"Mz Not\u00edcia\",\"description\":\"A informa\u00e7\u00e3o que voc\u00ea precisa na hora certa!\",\"publisher\":{\"@id\":\"https:\\\/\\\/mznoticia.com.br\\\/piraidosul\\\/#organization\"},\"potentialAction\":[{\"@type\":\"SearchAction\",\"target\":{\"@type\":\"EntryPoint\",\"urlTemplate\":\"https:\\\/\\\/mznoticia.com.br\\\/piraidosul\\\/?s={search_term_string}\"},\"query-input\":{\"@type\":\"PropertyValueSpecification\",\"valueRequired\":true,\"valueName\":\"search_term_string\"}}],\"inLanguage\":\"pt-BR\"},{\"@type\":\"Organization\",\"@id\":\"https:\\\/\\\/mznoticia.com.br\\\/piraidosul\\\/#organization\",\"name\":\"Mz Not\u00edcia\",\"url\":\"https:\\\/\\\/mznoticia.com.br\\\/piraidosul\\\/\",\"logo\":{\"@type\":\"ImageObject\",\"inLanguage\":\"pt-BR\",\"@id\":\"https:\\\/\\\/mznoticia.com.br\\\/piraidosul\\\/#\\\/schema\\\/logo\\\/image\\\/\",\"url\":\"https:\\\/\\\/mznoticia.com.br\\\/jaguariaiva\\\/wp-content\\\/uploads\\\/2025\\\/03\\\/Design-sem-nome-4-e1741200616392.png\",\"contentUrl\":\"https:\\\/\\\/mznoticia.com.br\\\/jaguariaiva\\\/wp-content\\\/uploads\\\/2025\\\/03\\\/Design-sem-nome-4-e1741200616392.png\",\"width\":750,\"height\":563,\"caption\":\"Mz Not\u00edcia\"},\"image\":{\"@id\":\"https:\\\/\\\/mznoticia.com.br\\\/piraidosul\\\/#\\\/schema\\\/logo\\\/image\\\/\"},\"sameAs\":[\"https:\\\/\\\/www.facebook.com\\\/profile.php?id=61573479951222\",\"https:\\\/\\\/www.instagram.com\\\/mz.jaguariaiva\\\/\"]},{\"@type\":\"Person\",\"@id\":\"https:\\\/\\\/mznoticia.com.br\\\/piraidosul\\\/#\\\/schema\\\/person\\\/9081e3eea38d0f9ff6d13386b9d71916\",\"name\":\"redacao mz\",\"image\":{\"@type\":\"ImageObject\",\"inLanguage\":\"pt-BR\",\"@id\":\"https:\\\/\\\/secure.gravatar.com\\\/avatar\\\/474b69d3d861f17ba108592a48720c8b3a1bb15a7fc9092394e93d749b51d963?s=96&d=simple_local_avatar&r=g\",\"url\":\"https:\\\/\\\/secure.gravatar.com\\\/avatar\\\/474b69d3d861f17ba108592a48720c8b3a1bb15a7fc9092394e93d749b51d963?s=96&d=simple_local_avatar&r=g\",\"contentUrl\":\"https:\\\/\\\/secure.gravatar.com\\\/avatar\\\/474b69d3d861f17ba108592a48720c8b3a1bb15a7fc9092394e93d749b51d963?s=96&d=simple_local_avatar&r=g\",\"caption\":\"redacao mz\"},\"url\":\"https:\\\/\\\/mznoticia.com.br\\\/piraidosul\\\/author\\\/manu\\\/\"}]}<\/script>\n<!-- \/ Yoast SEO plugin. -->","yoast_head_json":{"title":"Caminhada na Natureza re\u00fane mais de 700 participantes em Pira\u00ed do Sul - Mz Not\u00edcias","description":"A IV Caminhada na Natureza \u2013 Circuito Cerro da On\u00e7a reuniu mais de 700 participantes em Pira\u00ed do Sul, com percurso de 17,9 km entre atra\u00e7\u00f5es tur\u00edsticas do munic\u00edpio.","robots":{"index":"index","follow":"follow","max-snippet":"max-snippet:-1","max-image-preview":"max-image-preview:large","max-video-preview":"max-video-preview:-1"},"canonical":"https:\/\/mznoticia.com.br\/piraidosul\/caminhada-na-natureza-reune-mais-de-700-participantes-em-pirai-do-sul\/","og_locale":"pt_BR","og_type":"article","og_title":"Caminhada na Natureza re\u00fane mais de 700 participantes em Pira\u00ed do Sul - Mz Not\u00edcias","og_description":"A IV Caminhada na Natureza \u2013 Circuito Cerro da On\u00e7a reuniu mais de 700 participantes em Pira\u00ed do Sul, com percurso de 17,9 km entre atra\u00e7\u00f5es tur\u00edsticas do munic\u00edpio.","og_url":"https:\/\/mznoticia.com.br\/piraidosul\/caminhada-na-natureza-reune-mais-de-700-participantes-em-pirai-do-sul\/","og_site_name":"Mz Not\u00edcias","article_publisher":"https:\/\/www.facebook.com\/profile.php?id=61573479951222","article_published_time":"2026-07-29T22:13:38+00:00","author":"redacao mz","twitter_card":"summary_large_image","twitter_misc":{"Escrito por":"redacao mz","Est. tempo de leitura":"4 minutos"},"schema":{"@context":"https:\/\/schema.org","@graph":[{"@type":"Article","@id":"https:\/\/mznoticia.com.br\/piraidosul\/caminhada-na-natureza-reune-mais-de-700-participantes-em-pirai-do-sul\/#article","isPartOf":{"@id":"https:\/\/mznoticia.com.br\/piraidosul\/caminhada-na-natureza-reune-mais-de-700-participantes-em-pirai-do-sul\/"},"author":{"name":"redacao mz","@id":"https:\/\/mznoticia.com.br\/piraidosul\/#\/schema\/person\/9081e3eea38d0f9ff6d13386b9d71916"},"headline":"Caminhada na Natureza re\u00fane mais de 700 participantes em Pira\u00ed do Sul","datePublished":"2026-07-29T22:13:38+00:00","mainEntityOfPage":{"@id":"https:\/\/mznoticia.com.br\/piraidosul\/caminhada-na-natureza-reune-mais-de-700-participantes-em-pirai-do-sul\/"},"wordCount":585,"commentCount":0,"publisher":{"@id":"https:\/\/mznoticia.com.br\/piraidosul\/#organization"},"image":{"@id":"https:\/\/mznoticia.com.br\/piraidosul\/caminhada-na-natureza-reune-mais-de-700-participantes-em-pirai-do-sul\/#primaryimage"},"thumbnailUrl":"https:\/\/mznoticia.com.br\/piraidosul\/wp-content\/uploads\/2026\/07\/Caminhada.avif","keywords":["#Pira\u00edDoSul #CaminhadaNaNatureza #Turismo #CamposGerais #Ecoturismo #Natureza #Esporte #FlonaPira\u00edDoSul #Santu\u00e1rioNossaSenhoraDasBrotas #TurismoParan\u00e1"],"articleSection":["Esportes","Eventos","Pira\u00ed do Sul"],"inLanguage":"pt-BR","potentialAction":[{"@type":"CommentAction","name":"Comment","target":["https:\/\/mznoticia.com.br\/piraidosul\/caminhada-na-natureza-reune-mais-de-700-participantes-em-pirai-do-sul\/#respond"]}]},{"@type":"WebPage","@id":"https:\/\/mznoticia.com.br\/piraidosul\/caminhada-na-natureza-reune-mais-de-700-participantes-em-pirai-do-sul\/","url":"https:\/\/mznoticia.com.br\/piraidosul\/caminhada-na-natureza-reune-mais-de-700-participantes-em-pirai-do-sul\/","name":"Caminhada na Natureza re\u00fane mais de 700 participantes em Pira\u00ed do Sul - Mz Not\u00edcias","isPartOf":{"@id":"https:\/\/mznoticia.com.br\/piraidosul\/#website"},"primaryImageOfPage":{"@id":"https:\/\/mznoticia.com.br\/piraidosul\/caminhada-na-natureza-reune-mais-de-700-participantes-em-pirai-do-sul\/#primaryimage"},"image":{"@id":"https:\/\/mznoticia.com.br\/piraidosul\/caminhada-na-natureza-reune-mais-de-700-participantes-em-pirai-do-sul\/#primaryimage"},"thumbnailUrl":"https:\/\/mznoticia.com.br\/piraidosul\/wp-content\/uploads\/2026\/07\/Caminhada.avif","datePublished":"2026-07-29T22:13:38+00:00","description":"A IV Caminhada na Natureza \u2013 Circuito Cerro da On\u00e7a reuniu mais de 700 participantes em Pira\u00ed do Sul, com percurso de 17,9 km entre atra\u00e7\u00f5es tur\u00edsticas do munic\u00edpio.","breadcrumb":{"@id":"https:\/\/mznoticia.com.br\/piraidosul\/caminhada-na-natureza-reune-mais-de-700-participantes-em-pirai-do-sul\/#breadcrumb"},"inLanguage":"pt-BR","potentialAction":[{"@type":"ReadAction","target":["https:\/\/mznoticia.com.br\/piraidosul\/caminhada-na-natureza-reune-mais-de-700-participantes-em-pirai-do-sul\/"]}]},{"@type":"ImageObject","inLanguage":"pt-BR","@id":"https:\/\/mznoticia.com.br\/piraidosul\/caminhada-na-natureza-reune-mais-de-700-participantes-em-pirai-do-sul\/#primaryimage","url":"https:\/\/mznoticia.com.br\/piraidosul\/wp-content\/uploads\/2026\/07\/Caminhada.avif","contentUrl":"https:\/\/mznoticia.com.br\/piraidosul\/wp-content\/uploads\/2026\/07\/Caminhada.avif","width":1080,"height":608},{"@type":"BreadcrumbList","@id":"https:\/\/mznoticia.com.br\/piraidosul\/caminhada-na-natureza-reune-mais-de-700-participantes-em-pirai-do-sul\/#breadcrumb","itemListElement":[{"@type":"ListItem","position":1,"name":"Home","item":"https:\/\/mznoticia.com.br\/piraidosul\/"},{"@type":"ListItem","position":2,"name":"Caminhada na Natureza re\u00fane mais de 700 participantes em Pira\u00ed do Sul"}]},{"@type":"WebSite","@id":"https:\/\/mznoticia.com.br\/piraidosul\/#website","url":"https:\/\/mznoticia.com.br\/piraidosul\/","name":"Mz Not\u00edcia","description":"A informa\u00e7\u00e3o que voc\u00ea precisa na hora certa!","publisher":{"@id":"https:\/\/mznoticia.com.br\/piraidosul\/#organization"},"potentialAction":[{"@type":"SearchAction","target":{"@type":"EntryPoint","urlTemplate":"https:\/\/mznoticia.com.br\/piraidosul\/?s={search_term_string}"},"query-input":{"@type":"PropertyValueSpecification","valueRequired":true,"valueName":"search_term_string"}}],"inLanguage":"pt-BR"},{"@type":"Organization","@id":"https:\/\/mznoticia.com.br\/piraidosul\/#organization","name":"Mz Not\u00edcia","url":"https:\/\/mznoticia.com.br\/piraidosul\/","logo":{"@type":"ImageObject","inLanguage":"pt-BR","@id":"https:\/\/mznoticia.com.br\/piraidosul\/#\/schema\/logo\/image\/","url":"https:\/\/mznoticia.com.br\/jaguariaiva\/wp-content\/uploads\/2025\/03\/Design-sem-nome-4-e1741200616392.png","contentUrl":"https:\/\/mznoticia.com.br\/jaguariaiva\/wp-content\/uploads\/2025\/03\/Design-sem-nome-4-e1741200616392.png","width":750,"height":563,"caption":"Mz Not\u00edcia"},"image":{"@id":"https:\/\/mznoticia.com.br\/piraidosul\/#\/schema\/logo\/image\/"},"sameAs":["https:\/\/www.facebook.com\/profile.php?id=61573479951222","https:\/\/www.instagram.com\/mz.jaguariaiva\/"]},{"@type":"Person","@id":"https:\/\/mznoticia.com.br\/piraidosul\/#\/schema\/person\/9081e3eea38d0f9ff6d13386b9d71916","name":"redacao mz","image":{"@type":"ImageObject","inLanguage":"pt-BR","@id":"https:\/\/secure.gravatar.com\/avatar\/474b69d3d861f17ba108592a48720c8b3a1bb15a7fc9092394e93d749b51d963?s=96&d=simple_local_avatar&r=g","url":"https:\/\/secure.gravatar.com\/avatar\/474b69d3d861f17ba108592a48720c8b3a1bb15a7fc9092394e93d749b51d963?s=96&d=simple_local_avatar&r=g","contentUrl":"https:\/\/secure.gravatar.com\/avatar\/474b69d3d861f17ba108592a48720c8b3a1bb15a7fc9092394e93d749b51d963?s=96&d=simple_local_avatar&r=g","caption":"redacao mz"},"url":"https:\/\/mznoticia.com.br\/piraidosul\/author\/manu\/"}]}},"_links":{"self":[{"href":"https:\/\/mznoticia.com.br\/piraidosul\/wp-json\/wp\/v2\/posts\/5898","targetHints":{"allow":["GET"]}}],"collection":[{"href":"https:\/\/mznoticia.com.br\/piraidosul\/wp-json\/wp\/v2\/posts"}],"about":[{"href":"https:\/\/mznoticia.com.br\/piraidosul\/wp-json\/wp\/v2\/types\/post"}],"author":[{"embeddable":true,"href":"https:\/\/mznoticia.com.br\/piraidosul\/wp-json\/wp\/v2\/users\/17"}],"replies":[{"embeddable":true,"href":"https:\/\/mznoticia.com.br\/piraidosul\/wp-json\/wp\/v2\/comments?post=5898"}],"version-history":[{"count":1,"href":"https:\/\/mznoticia.com.br\/piraidosul\/wp-json\/wp\/v2\/posts\/5898\/revisions"}],"predecessor-version":[{"id":5900,"href":"https:\/\/mznoticia.com.br\/piraidosul\/wp-json\/wp\/v2\/posts\/5898\/revisions\/5900"}],"wp:featuredmedia":[{"embeddable":true,"href":"https:\/\/mznoticia.com.br\/piraidosul\/wp-json\/wp\/v2\/media\/5899"}],"wp:attachment":[{"href":"https:\/\/mznoticia.com.br\/piraidosul\/wp-json\/wp\/v2\/media?parent=5898"}],"wp:term":[{"taxonomy":"category","embeddable":true,"href":"https:\/\/mznoticia.com.br\/piraidosul\/wp-json\/wp\/v2\/categories?post=5898"},{"taxonomy":"post_tag","embeddable":true,"href":"https:\/\/mznoticia.com.br\/piraidosul\/wp-json\/wp\/v2\/tags?post=5898"}],"curies":[{"name":"wp","href":"https:\/\/api.w.org\/{rel}","templated":true}]}}