{"id":6051,"date":"2026-07-31T21:14:35","date_gmt":"2026-07-31T21:14:35","guid":{"rendered":"https:\/\/mznoticia.com.br\/piraidosul\/?p=6051"},"modified":"2026-07-31T21:14:35","modified_gmt":"2026-07-31T21:14:35","slug":"caminhao-tomba-na-prc-466-e-motorista-fica-ferido-em-guarapuava","status":"publish","type":"post","link":"https:\/\/mznoticia.com.br\/piraidosul\/caminhao-tomba-na-prc-466-e-motorista-fica-ferido-em-guarapuava\/","title":{"rendered":"Caminh\u00e3o tomba na PRC-466 e motorista fica ferido em Guarapuava"},"content":{"rendered":"<p class=\"isSelectedEnd\">Acidente aconteceu no trecho entre Turvo e o distrito da Palmeirinha; condutor de 21 anos sofreu ferimentos leves.<\/p>\n<h2>Tombamento foi registrado na manh\u00e3 desta sexta-feira<\/h2>\n<p class=\"isSelectedEnd\">Um caminh\u00e3o tombou na manh\u00e3 desta sexta-feira (31) na <strong>PRC-466<\/strong>, em Guarapuava, e deixou o motorista ferido. O acidente foi registrado por volta das <strong>11h25<\/strong>, no quil\u00f4metro <strong>242,5<\/strong> da rodovia, no trecho entre o munic\u00edpio de Turvo e o distrito da Palmeirinha.<\/p>\n<h2>Motorista perdeu o controle da dire\u00e7\u00e3o<\/h2>\n<p class=\"isSelectedEnd\">De acordo com informa\u00e7\u00f5es da Pol\u00edcia Rodovi\u00e1ria Estadual (PRE), um caminh\u00e3o <strong>Volvo FH 440<\/strong>, que tracionava dois semirreboques, seguia pela rodovia quando o motorista, de <strong>21 anos<\/strong>, perdeu o controle da dire\u00e7\u00e3o.<\/p>\n<p class=\"isSelectedEnd\">Na sequ\u00eancia, o conjunto de ve\u00edculos tombou \u00e0s margens da pista, provocando danos materiais.<\/p>\n<h2>Condutor sofreu ferimentos leves<\/h2>\n<p class=\"isSelectedEnd\">O motorista foi socorrido por equipes do <strong>SIATE<\/strong> e encaminhado para uma Unidade de Pronto Atendimento (UPA).<\/p>\n<p class=\"isSelectedEnd\">Apesar do impacto do acidente, ele sofreu apenas ferimentos leves.<\/p>\n<h2>Causas ser\u00e3o investigadas<\/h2>\n<p>As circunst\u00e2ncias que levaram ao tombamento ainda ser\u00e3o apuradas pelas autoridades competentes.<\/p>\n","protected":false},"excerpt":{"rendered":"<p>Acidente aconteceu no trecho entre Turvo e o distrito da Palmeirinha; condutor de 21 anos sofreu ferimentos leves. Tombamento foi registrado na manh\u00e3 desta sexta-feira Um caminh\u00e3o tombou na manh\u00e3 desta sexta-feira (31) na PRC-466, em Guarapuava, e deixou o motorista ferido. O acidente foi registrado por volta das 11h25, no quil\u00f4metro 242,5 da rodovia, [&hellip;]<\/p>\n","protected":false},"author":16,"featured_media":6052,"comment_status":"open","ping_status":"open","sticky":false,"template":"","format":"standard","meta":{"footnotes":""},"categories":[149,303],"tags":[1411],"class_list":["post-6051","post","type-post","status-publish","format-standard","has-post-thumbnail","hentry","category-acidente","category-parana","tag-guarapuava-prc466-acidente-caminhao-policiarodoviariaestadual-siate-transito-parana-semirreboque-segurancaviaria"],"yoast_head":"<!-- This site is optimized with the Yoast SEO plugin v28.1 - https:\/\/yoast.com\/product\/yoast-seo-wordpress\/ -->\n<title>Caminh\u00e3o tomba na PRC-466 e motorista fica ferido em Guarapuava - Mz Not\u00edcias<\/title>\n<meta name=\"description\" content=\"Caminh\u00e3o Volvo FH 440 tombou na PRC-466, em Guarapuava. Motorista de 21 anos sofreu ferimentos leves e foi encaminhado para uma UPA.\" \/>\n<meta name=\"robots\" content=\"index, follow, max-snippet:-1, max-image-preview:large, max-video-preview:-1\" \/>\n<link rel=\"canonical\" href=\"https:\/\/mznoticia.com.br\/piraidosul\/caminhao-tomba-na-prc-466-e-motorista-fica-ferido-em-guarapuava\/\" \/>\n<meta property=\"og:locale\" content=\"pt_BR\" \/>\n<meta property=\"og:type\" content=\"article\" \/>\n<meta property=\"og:title\" content=\"Caminh\u00e3o tomba na PRC-466 e motorista fica ferido em Guarapuava - Mz Not\u00edcias\" \/>\n<meta property=\"og:description\" content=\"Caminh\u00e3o Volvo FH 440 tombou na PRC-466, em Guarapuava. Motorista de 21 anos sofreu ferimentos leves e foi encaminhado para uma UPA.\" \/>\n<meta property=\"og:url\" content=\"https:\/\/mznoticia.com.br\/piraidosul\/caminhao-tomba-na-prc-466-e-motorista-fica-ferido-em-guarapuava\/\" \/>\n<meta property=\"og:site_name\" content=\"Mz Not\u00edcias\" \/>\n<meta property=\"article:publisher\" content=\"https:\/\/www.facebook.com\/profile.php?id=61573479951222\" \/>\n<meta property=\"article:published_time\" content=\"2026-07-31T21:14:35+00:00\" \/>\n<meta property=\"og:image\" content=\"https:\/\/mznoticia.com.br\/piraidosul\/wp-content\/uploads\/2026\/07\/caminhao-2.jpg\" \/>\n\t<meta property=\"og:image:width\" content=\"289\" \/>\n\t<meta property=\"og:image:height\" content=\"174\" \/>\n\t<meta property=\"og:image:type\" content=\"image\/jpeg\" \/>\n<meta name=\"author\" content=\"Redacao mz\" \/>\n<meta name=\"twitter:card\" content=\"summary_large_image\" \/>\n<meta name=\"twitter:label1\" content=\"Escrito por\" \/>\n\t<meta name=\"twitter:data1\" content=\"Redacao mz\" \/>\n\t<meta name=\"twitter:label2\" content=\"Est. tempo de leitura\" \/>\n\t<meta name=\"twitter:data2\" content=\"2 minutos\" \/>\n<script type=\"application\/ld+json\" class=\"yoast-schema-graph\">{\"@context\":\"https:\\\/\\\/schema.org\",\"@graph\":[{\"@type\":\"Article\",\"@id\":\"https:\\\/\\\/mznoticia.com.br\\\/piraidosul\\\/caminhao-tomba-na-prc-466-e-motorista-fica-ferido-em-guarapuava\\\/#article\",\"isPartOf\":{\"@id\":\"https:\\\/\\\/mznoticia.com.br\\\/piraidosul\\\/caminhao-tomba-na-prc-466-e-motorista-fica-ferido-em-guarapuava\\\/\"},\"author\":{\"name\":\"Redacao mz\",\"@id\":\"https:\\\/\\\/mznoticia.com.br\\\/piraidosul\\\/#\\\/schema\\\/person\\\/84012d827247b3f42f37b550da79cd03\"},\"headline\":\"Caminh\u00e3o tomba na PRC-466 e motorista fica ferido em Guarapuava\",\"datePublished\":\"2026-07-31T21:14:35+00:00\",\"mainEntityOfPage\":{\"@id\":\"https:\\\/\\\/mznoticia.com.br\\\/piraidosul\\\/caminhao-tomba-na-prc-466-e-motorista-fica-ferido-em-guarapuava\\\/\"},\"wordCount\":185,\"commentCount\":0,\"publisher\":{\"@id\":\"https:\\\/\\\/mznoticia.com.br\\\/piraidosul\\\/#organization\"},\"image\":{\"@id\":\"https:\\\/\\\/mznoticia.com.br\\\/piraidosul\\\/caminhao-tomba-na-prc-466-e-motorista-fica-ferido-em-guarapuava\\\/#primaryimage\"},\"thumbnailUrl\":\"https:\\\/\\\/mznoticia.com.br\\\/piraidosul\\\/wp-content\\\/uploads\\\/2026\\\/07\\\/caminhao-2.jpg\",\"keywords\":[\"#Guarapuava #PRC466 #Acidente #Caminh\u00e3o #Pol\u00edciaRodovi\u00e1riaEstadual #SIATE #Tr\u00e2nsito #Paran\u00e1 #Semirreboque #Seguran\u00e7aVi\u00e1ria\"],\"articleSection\":[\"Acidente\",\"Paran\u00e1\"],\"inLanguage\":\"pt-BR\",\"potentialAction\":[{\"@type\":\"CommentAction\",\"name\":\"Comment\",\"target\":[\"https:\\\/\\\/mznoticia.com.br\\\/piraidosul\\\/caminhao-tomba-na-prc-466-e-motorista-fica-ferido-em-guarapuava\\\/#respond\"]}]},{\"@type\":\"WebPage\",\"@id\":\"https:\\\/\\\/mznoticia.com.br\\\/piraidosul\\\/caminhao-tomba-na-prc-466-e-motorista-fica-ferido-em-guarapuava\\\/\",\"url\":\"https:\\\/\\\/mznoticia.com.br\\\/piraidosul\\\/caminhao-tomba-na-prc-466-e-motorista-fica-ferido-em-guarapuava\\\/\",\"name\":\"Caminh\u00e3o tomba na PRC-466 e motorista fica ferido em Guarapuava - Mz Not\u00edcias\",\"isPartOf\":{\"@id\":\"https:\\\/\\\/mznoticia.com.br\\\/piraidosul\\\/#website\"},\"primaryImageOfPage\":{\"@id\":\"https:\\\/\\\/mznoticia.com.br\\\/piraidosul\\\/caminhao-tomba-na-prc-466-e-motorista-fica-ferido-em-guarapuava\\\/#primaryimage\"},\"image\":{\"@id\":\"https:\\\/\\\/mznoticia.com.br\\\/piraidosul\\\/caminhao-tomba-na-prc-466-e-motorista-fica-ferido-em-guarapuava\\\/#primaryimage\"},\"thumbnailUrl\":\"https:\\\/\\\/mznoticia.com.br\\\/piraidosul\\\/wp-content\\\/uploads\\\/2026\\\/07\\\/caminhao-2.jpg\",\"datePublished\":\"2026-07-31T21:14:35+00:00\",\"description\":\"Caminh\u00e3o Volvo FH 440 tombou na PRC-466, em Guarapuava. Motorista de 21 anos sofreu ferimentos leves e foi encaminhado para uma UPA.\",\"breadcrumb\":{\"@id\":\"https:\\\/\\\/mznoticia.com.br\\\/piraidosul\\\/caminhao-tomba-na-prc-466-e-motorista-fica-ferido-em-guarapuava\\\/#breadcrumb\"},\"inLanguage\":\"pt-BR\",\"potentialAction\":[{\"@type\":\"ReadAction\",\"target\":[\"https:\\\/\\\/mznoticia.com.br\\\/piraidosul\\\/caminhao-tomba-na-prc-466-e-motorista-fica-ferido-em-guarapuava\\\/\"]}]},{\"@type\":\"ImageObject\",\"inLanguage\":\"pt-BR\",\"@id\":\"https:\\\/\\\/mznoticia.com.br\\\/piraidosul\\\/caminhao-tomba-na-prc-466-e-motorista-fica-ferido-em-guarapuava\\\/#primaryimage\",\"url\":\"https:\\\/\\\/mznoticia.com.br\\\/piraidosul\\\/wp-content\\\/uploads\\\/2026\\\/07\\\/caminhao-2.jpg\",\"contentUrl\":\"https:\\\/\\\/mznoticia.com.br\\\/piraidosul\\\/wp-content\\\/uploads\\\/2026\\\/07\\\/caminhao-2.jpg\",\"width\":289,\"height\":174},{\"@type\":\"BreadcrumbList\",\"@id\":\"https:\\\/\\\/mznoticia.com.br\\\/piraidosul\\\/caminhao-tomba-na-prc-466-e-motorista-fica-ferido-em-guarapuava\\\/#breadcrumb\",\"itemListElement\":[{\"@type\":\"ListItem\",\"position\":1,\"name\":\"Home\",\"item\":\"https:\\\/\\\/mznoticia.com.br\\\/piraidosul\\\/\"},{\"@type\":\"ListItem\",\"position\":2,\"name\":\"Caminh\u00e3o tomba na PRC-466 e motorista fica ferido em Guarapuava\"}]},{\"@type\":\"WebSite\",\"@id\":\"https:\\\/\\\/mznoticia.com.br\\\/piraidosul\\\/#website\",\"url\":\"https:\\\/\\\/mznoticia.com.br\\\/piraidosul\\\/\",\"name\":\"Mz Not\u00edcia\",\"description\":\"A informa\u00e7\u00e3o que voc\u00ea precisa na hora certa!\",\"publisher\":{\"@id\":\"https:\\\/\\\/mznoticia.com.br\\\/piraidosul\\\/#organization\"},\"potentialAction\":[{\"@type\":\"SearchAction\",\"target\":{\"@type\":\"EntryPoint\",\"urlTemplate\":\"https:\\\/\\\/mznoticia.com.br\\\/piraidosul\\\/?s={search_term_string}\"},\"query-input\":{\"@type\":\"PropertyValueSpecification\",\"valueRequired\":true,\"valueName\":\"search_term_string\"}}],\"inLanguage\":\"pt-BR\"},{\"@type\":\"Organization\",\"@id\":\"https:\\\/\\\/mznoticia.com.br\\\/piraidosul\\\/#organization\",\"name\":\"Mz Not\u00edcia\",\"url\":\"https:\\\/\\\/mznoticia.com.br\\\/piraidosul\\\/\",\"logo\":{\"@type\":\"ImageObject\",\"inLanguage\":\"pt-BR\",\"@id\":\"https:\\\/\\\/mznoticia.com.br\\\/piraidosul\\\/#\\\/schema\\\/logo\\\/image\\\/\",\"url\":\"https:\\\/\\\/mznoticia.com.br\\\/jaguariaiva\\\/wp-content\\\/uploads\\\/2025\\\/03\\\/Design-sem-nome-4-e1741200616392.png\",\"contentUrl\":\"https:\\\/\\\/mznoticia.com.br\\\/jaguariaiva\\\/wp-content\\\/uploads\\\/2025\\\/03\\\/Design-sem-nome-4-e1741200616392.png\",\"width\":750,\"height\":563,\"caption\":\"Mz Not\u00edcia\"},\"image\":{\"@id\":\"https:\\\/\\\/mznoticia.com.br\\\/piraidosul\\\/#\\\/schema\\\/logo\\\/image\\\/\"},\"sameAs\":[\"https:\\\/\\\/www.facebook.com\\\/profile.php?id=61573479951222\",\"https:\\\/\\\/www.instagram.com\\\/mz.jaguariaiva\\\/\"]},{\"@type\":\"Person\",\"@id\":\"https:\\\/\\\/mznoticia.com.br\\\/piraidosul\\\/#\\\/schema\\\/person\\\/84012d827247b3f42f37b550da79cd03\",\"name\":\"Redacao mz\",\"image\":{\"@type\":\"ImageObject\",\"inLanguage\":\"pt-BR\",\"@id\":\"https:\\\/\\\/secure.gravatar.com\\\/avatar\\\/3835c58a73b55edb97de944593845d3f29acb93b7a088f3bf63afde947ab86ba?s=96&d=simple_local_avatar&r=g\",\"url\":\"https:\\\/\\\/secure.gravatar.com\\\/avatar\\\/3835c58a73b55edb97de944593845d3f29acb93b7a088f3bf63afde947ab86ba?s=96&d=simple_local_avatar&r=g\",\"contentUrl\":\"https:\\\/\\\/secure.gravatar.com\\\/avatar\\\/3835c58a73b55edb97de944593845d3f29acb93b7a088f3bf63afde947ab86ba?s=96&d=simple_local_avatar&r=g\",\"caption\":\"Redacao mz\"},\"sameAs\":[\"http:\\\/\\\/mznoticia.com.br\"],\"url\":\"https:\\\/\\\/mznoticia.com.br\\\/piraidosul\\\/author\\\/lucimara\\\/\"}]}<\/script>\n<!-- \/ Yoast SEO plugin. -->","yoast_head_json":{"title":"Caminh\u00e3o tomba na PRC-466 e motorista fica ferido em Guarapuava - Mz Not\u00edcias","description":"Caminh\u00e3o Volvo FH 440 tombou na PRC-466, em Guarapuava. Motorista de 21 anos sofreu ferimentos leves e foi encaminhado para uma UPA.","robots":{"index":"index","follow":"follow","max-snippet":"max-snippet:-1","max-image-preview":"max-image-preview:large","max-video-preview":"max-video-preview:-1"},"canonical":"https:\/\/mznoticia.com.br\/piraidosul\/caminhao-tomba-na-prc-466-e-motorista-fica-ferido-em-guarapuava\/","og_locale":"pt_BR","og_type":"article","og_title":"Caminh\u00e3o tomba na PRC-466 e motorista fica ferido em Guarapuava - Mz Not\u00edcias","og_description":"Caminh\u00e3o Volvo FH 440 tombou na PRC-466, em Guarapuava. Motorista de 21 anos sofreu ferimentos leves e foi encaminhado para uma UPA.","og_url":"https:\/\/mznoticia.com.br\/piraidosul\/caminhao-tomba-na-prc-466-e-motorista-fica-ferido-em-guarapuava\/","og_site_name":"Mz Not\u00edcias","article_publisher":"https:\/\/www.facebook.com\/profile.php?id=61573479951222","article_published_time":"2026-07-31T21:14:35+00:00","og_image":[{"width":289,"height":174,"url":"https:\/\/mznoticia.com.br\/piraidosul\/wp-content\/uploads\/2026\/07\/caminhao-2.jpg","type":"image\/jpeg"}],"author":"Redacao mz","twitter_card":"summary_large_image","twitter_misc":{"Escrito por":"Redacao mz","Est. tempo de leitura":"2 minutos"},"schema":{"@context":"https:\/\/schema.org","@graph":[{"@type":"Article","@id":"https:\/\/mznoticia.com.br\/piraidosul\/caminhao-tomba-na-prc-466-e-motorista-fica-ferido-em-guarapuava\/#article","isPartOf":{"@id":"https:\/\/mznoticia.com.br\/piraidosul\/caminhao-tomba-na-prc-466-e-motorista-fica-ferido-em-guarapuava\/"},"author":{"name":"Redacao mz","@id":"https:\/\/mznoticia.com.br\/piraidosul\/#\/schema\/person\/84012d827247b3f42f37b550da79cd03"},"headline":"Caminh\u00e3o tomba na PRC-466 e motorista fica ferido em Guarapuava","datePublished":"2026-07-31T21:14:35+00:00","mainEntityOfPage":{"@id":"https:\/\/mznoticia.com.br\/piraidosul\/caminhao-tomba-na-prc-466-e-motorista-fica-ferido-em-guarapuava\/"},"wordCount":185,"commentCount":0,"publisher":{"@id":"https:\/\/mznoticia.com.br\/piraidosul\/#organization"},"image":{"@id":"https:\/\/mznoticia.com.br\/piraidosul\/caminhao-tomba-na-prc-466-e-motorista-fica-ferido-em-guarapuava\/#primaryimage"},"thumbnailUrl":"https:\/\/mznoticia.com.br\/piraidosul\/wp-content\/uploads\/2026\/07\/caminhao-2.jpg","keywords":["#Guarapuava #PRC466 #Acidente #Caminh\u00e3o #Pol\u00edciaRodovi\u00e1riaEstadual #SIATE #Tr\u00e2nsito #Paran\u00e1 #Semirreboque #Seguran\u00e7aVi\u00e1ria"],"articleSection":["Acidente","Paran\u00e1"],"inLanguage":"pt-BR","potentialAction":[{"@type":"CommentAction","name":"Comment","target":["https:\/\/mznoticia.com.br\/piraidosul\/caminhao-tomba-na-prc-466-e-motorista-fica-ferido-em-guarapuava\/#respond"]}]},{"@type":"WebPage","@id":"https:\/\/mznoticia.com.br\/piraidosul\/caminhao-tomba-na-prc-466-e-motorista-fica-ferido-em-guarapuava\/","url":"https:\/\/mznoticia.com.br\/piraidosul\/caminhao-tomba-na-prc-466-e-motorista-fica-ferido-em-guarapuava\/","name":"Caminh\u00e3o tomba na PRC-466 e motorista fica ferido em Guarapuava - Mz Not\u00edcias","isPartOf":{"@id":"https:\/\/mznoticia.com.br\/piraidosul\/#website"},"primaryImageOfPage":{"@id":"https:\/\/mznoticia.com.br\/piraidosul\/caminhao-tomba-na-prc-466-e-motorista-fica-ferido-em-guarapuava\/#primaryimage"},"image":{"@id":"https:\/\/mznoticia.com.br\/piraidosul\/caminhao-tomba-na-prc-466-e-motorista-fica-ferido-em-guarapuava\/#primaryimage"},"thumbnailUrl":"https:\/\/mznoticia.com.br\/piraidosul\/wp-content\/uploads\/2026\/07\/caminhao-2.jpg","datePublished":"2026-07-31T21:14:35+00:00","description":"Caminh\u00e3o Volvo FH 440 tombou na PRC-466, em Guarapuava. Motorista de 21 anos sofreu ferimentos leves e foi encaminhado para uma UPA.","breadcrumb":{"@id":"https:\/\/mznoticia.com.br\/piraidosul\/caminhao-tomba-na-prc-466-e-motorista-fica-ferido-em-guarapuava\/#breadcrumb"},"inLanguage":"pt-BR","potentialAction":[{"@type":"ReadAction","target":["https:\/\/mznoticia.com.br\/piraidosul\/caminhao-tomba-na-prc-466-e-motorista-fica-ferido-em-guarapuava\/"]}]},{"@type":"ImageObject","inLanguage":"pt-BR","@id":"https:\/\/mznoticia.com.br\/piraidosul\/caminhao-tomba-na-prc-466-e-motorista-fica-ferido-em-guarapuava\/#primaryimage","url":"https:\/\/mznoticia.com.br\/piraidosul\/wp-content\/uploads\/2026\/07\/caminhao-2.jpg","contentUrl":"https:\/\/mznoticia.com.br\/piraidosul\/wp-content\/uploads\/2026\/07\/caminhao-2.jpg","width":289,"height":174},{"@type":"BreadcrumbList","@id":"https:\/\/mznoticia.com.br\/piraidosul\/caminhao-tomba-na-prc-466-e-motorista-fica-ferido-em-guarapuava\/#breadcrumb","itemListElement":[{"@type":"ListItem","position":1,"name":"Home","item":"https:\/\/mznoticia.com.br\/piraidosul\/"},{"@type":"ListItem","position":2,"name":"Caminh\u00e3o tomba na PRC-466 e motorista fica ferido em Guarapuava"}]},{"@type":"WebSite","@id":"https:\/\/mznoticia.com.br\/piraidosul\/#website","url":"https:\/\/mznoticia.com.br\/piraidosul\/","name":"Mz Not\u00edcia","description":"A informa\u00e7\u00e3o que voc\u00ea precisa na hora certa!","publisher":{"@id":"https:\/\/mznoticia.com.br\/piraidosul\/#organization"},"potentialAction":[{"@type":"SearchAction","target":{"@type":"EntryPoint","urlTemplate":"https:\/\/mznoticia.com.br\/piraidosul\/?s={search_term_string}"},"query-input":{"@type":"PropertyValueSpecification","valueRequired":true,"valueName":"search_term_string"}}],"inLanguage":"pt-BR"},{"@type":"Organization","@id":"https:\/\/mznoticia.com.br\/piraidosul\/#organization","name":"Mz Not\u00edcia","url":"https:\/\/mznoticia.com.br\/piraidosul\/","logo":{"@type":"ImageObject","inLanguage":"pt-BR","@id":"https:\/\/mznoticia.com.br\/piraidosul\/#\/schema\/logo\/image\/","url":"https:\/\/mznoticia.com.br\/jaguariaiva\/wp-content\/uploads\/2025\/03\/Design-sem-nome-4-e1741200616392.png","contentUrl":"https:\/\/mznoticia.com.br\/jaguariaiva\/wp-content\/uploads\/2025\/03\/Design-sem-nome-4-e1741200616392.png","width":750,"height":563,"caption":"Mz Not\u00edcia"},"image":{"@id":"https:\/\/mznoticia.com.br\/piraidosul\/#\/schema\/logo\/image\/"},"sameAs":["https:\/\/www.facebook.com\/profile.php?id=61573479951222","https:\/\/www.instagram.com\/mz.jaguariaiva\/"]},{"@type":"Person","@id":"https:\/\/mznoticia.com.br\/piraidosul\/#\/schema\/person\/84012d827247b3f42f37b550da79cd03","name":"Redacao mz","image":{"@type":"ImageObject","inLanguage":"pt-BR","@id":"https:\/\/secure.gravatar.com\/avatar\/3835c58a73b55edb97de944593845d3f29acb93b7a088f3bf63afde947ab86ba?s=96&d=simple_local_avatar&r=g","url":"https:\/\/secure.gravatar.com\/avatar\/3835c58a73b55edb97de944593845d3f29acb93b7a088f3bf63afde947ab86ba?s=96&d=simple_local_avatar&r=g","contentUrl":"https:\/\/secure.gravatar.com\/avatar\/3835c58a73b55edb97de944593845d3f29acb93b7a088f3bf63afde947ab86ba?s=96&d=simple_local_avatar&r=g","caption":"Redacao mz"},"sameAs":["http:\/\/mznoticia.com.br"],"url":"https:\/\/mznoticia.com.br\/piraidosul\/author\/lucimara\/"}]}},"_links":{"self":[{"href":"https:\/\/mznoticia.com.br\/piraidosul\/wp-json\/wp\/v2\/posts\/6051","targetHints":{"allow":["GET"]}}],"collection":[{"href":"https:\/\/mznoticia.com.br\/piraidosul\/wp-json\/wp\/v2\/posts"}],"about":[{"href":"https:\/\/mznoticia.com.br\/piraidosul\/wp-json\/wp\/v2\/types\/post"}],"author":[{"embeddable":true,"href":"https:\/\/mznoticia.com.br\/piraidosul\/wp-json\/wp\/v2\/users\/16"}],"replies":[{"embeddable":true,"href":"https:\/\/mznoticia.com.br\/piraidosul\/wp-json\/wp\/v2\/comments?post=6051"}],"version-history":[{"count":1,"href":"https:\/\/mznoticia.com.br\/piraidosul\/wp-json\/wp\/v2\/posts\/6051\/revisions"}],"predecessor-version":[{"id":6053,"href":"https:\/\/mznoticia.com.br\/piraidosul\/wp-json\/wp\/v2\/posts\/6051\/revisions\/6053"}],"wp:featuredmedia":[{"embeddable":true,"href":"https:\/\/mznoticia.com.br\/piraidosul\/wp-json\/wp\/v2\/media\/6052"}],"wp:attachment":[{"href":"https:\/\/mznoticia.com.br\/piraidosul\/wp-json\/wp\/v2\/media?parent=6051"}],"wp:term":[{"taxonomy":"category","embeddable":true,"href":"https:\/\/mznoticia.com.br\/piraidosul\/wp-json\/wp\/v2\/categories?post=6051"},{"taxonomy":"post_tag","embeddable":true,"href":"https:\/\/mznoticia.com.br\/piraidosul\/wp-json\/wp\/v2\/tags?post=6051"}],"curies":[{"name":"wp","href":"https:\/\/api.w.org\/{rel}","templated":true}]}}