{"id":6060,"date":"2026-07-31T22:40:49","date_gmt":"2026-07-31T22:40:49","guid":{"rendered":"https:\/\/mznoticia.com.br\/piraidosul\/?p=6060"},"modified":"2026-07-31T22:40:49","modified_gmt":"2026-07-31T22:40:49","slug":"laudo-confirma-afogamento-como-causa-da-morte-de-fotografa-em-cachoeira-no-parana","status":"publish","type":"post","link":"https:\/\/mznoticia.com.br\/piraidosul\/laudo-confirma-afogamento-como-causa-da-morte-de-fotografa-em-cachoeira-no-parana\/","title":{"rendered":"Laudo confirma afogamento como causa da morte de fot\u00f3grafa em cachoeira no Paran\u00e1"},"content":{"rendered":"<p class=\"isSelectedEnd\">Corpo de Ana Paula Silveira Cardoso, de 29 anos, foi encontrado cinco dias ap\u00f3s o desaparecimento durante buscas realizadas em Sapopema.<\/p>\n<h2>Pol\u00edcia confirma causa da morte<\/h2>\n<p class=\"isSelectedEnd\">O laudo preliminar da Pol\u00edcia Cient\u00edfica apontou que a fot\u00f3grafa <strong>Ana Paula Silveira Cardoso<\/strong>, de 29 anos, morreu por <strong>asfixia mec\u00e2nica decorrente de afogamento<\/strong> ap\u00f3s cair no <strong>Salto das Orqu\u00eddeas<\/strong>, em Sapopema, no Norte do Paran\u00e1.<\/p>\n<p class=\"isSelectedEnd\">A informa\u00e7\u00e3o foi confirmada nesta sexta-feira (31) pelo delegado <strong>Thiago Luiz dos Santos<\/strong>, respons\u00e1vel pelas investiga\u00e7\u00f5es.<\/p>\n<p class=\"isSelectedEnd\">Segundo a autoridade policial, o exame pericial n\u00e3o identificou nenhuma outra causa para o \u00f3bito, refor\u00e7ando a principal linha de investiga\u00e7\u00e3o de que o caso foi um acidente.<\/p>\n<h2>Corpo foi localizado ap\u00f3s cinco dias de buscas<\/h2>\n<p class=\"isSelectedEnd\">Ana Paula estava desaparecida desde o \u00faltimo s\u00e1bado (25). O corpo foi encontrado na manh\u00e3 de quinta-feira (30), encerrando cinco dias de buscas realizadas por equipes de resgate.<\/p>\n<p class=\"isSelectedEnd\">A localiza\u00e7\u00e3o foi poss\u00edvel com o aux\u00edlio de um drone operado pelo Corpo de Bombeiros, que identificou a v\u00edtima em uma \u00e1rea de mata fechada, a aproximadamente <strong>123 metros<\/strong> da queda da principal cachoeira do complexo.<\/p>\n<p class=\"isSelectedEnd\">De acordo com os bombeiros, a din\u00e2mica da ocorr\u00eancia indica que a fot\u00f3grafa foi arrastada pela for\u00e7a da correnteza antes de despencar da forma\u00e7\u00e3o rochosa.<\/p>\n<h2>Acidente ocorreu durante travessia do rio<\/h2>\n<p class=\"isSelectedEnd\">A fot\u00f3grafa estava acompanhada da amiga <strong>Ana Carolyne Camilo<\/strong> quando ambas tentavam atravessar o <strong>Rio Lajeado Liso<\/strong> utilizando cordas para chegar a um mirante.<\/p>\n<p class=\"isSelectedEnd\">Na ocasi\u00e3o, o n\u00edvel da \u00e1gua estava cerca de <strong>40 cent\u00edmetros acima do normal<\/strong>, aumentando a for\u00e7a da correnteza.<\/p>\n<p class=\"isSelectedEnd\">Segundo as investiga\u00e7\u00f5es, Ana Paula escorregou e foi arrastada pela \u00e1gua. A amiga tentou ajud\u00e1-la, mas tamb\u00e9m acabou sendo levada pela correnteza.<\/p>\n<p class=\"isSelectedEnd\">O delegado informou que funcion\u00e1rios do complexo ecol\u00f3gico haviam alertado os visitantes sobre os riscos existentes no local naquele dia.<\/p>\n<h2>Amiga sobreviveu ap\u00f3s passar horas isolada<\/h2>\n<p class=\"isSelectedEnd\">Ana Carolyne conseguiu sobreviver ao acidente ap\u00f3s se agarrar a uma pedra parcialmente submersa, localizada cerca de <strong>500 metros<\/strong> do ponto onde ocorreu a queda.<\/p>\n<p class=\"isSelectedEnd\">Ela permaneceu isolada na mata, com ferimentos, desde a tarde de s\u00e1bado at\u00e9 a manh\u00e3 de domingo, quando foi localizada por um funcion\u00e1rio do parque durante uma inspe\u00e7\u00e3o de rotina.<\/p>\n<p class=\"isSelectedEnd\">A jovem foi resgatada com apoio da Pol\u00edcia Militar, encaminhada para atendimento hospitalar com uma fratura na coluna e recebeu alta m\u00e9dica na \u00faltima quarta-feira (29).<\/p>\n<h2>Investiga\u00e7\u00e3o continua<\/h2>\n<p class=\"isSelectedEnd\">Apesar da confirma\u00e7\u00e3o da causa da morte, a Pol\u00edcia Civil informou que o inqu\u00e9rito ainda ser\u00e1 conclu\u00eddo ap\u00f3s a realiza\u00e7\u00e3o de exames complementares e a coleta de novos depoimentos.<\/p>\n<p>Entre as pessoas que dever\u00e3o ser ouvidas est\u00e3o o propriet\u00e1rio de uma pousada da regi\u00e3o e turistas que estavam no complexo ecol\u00f3gico no dia do acidente.<\/p>\n","protected":false},"excerpt":{"rendered":"<p>Corpo de Ana Paula Silveira Cardoso, de 29 anos, foi encontrado cinco dias ap\u00f3s o desaparecimento durante buscas realizadas em Sapopema. Pol\u00edcia confirma causa da morte O laudo preliminar da Pol\u00edcia Cient\u00edfica apontou que a fot\u00f3grafa Ana Paula Silveira Cardoso, de 29 anos, morreu por asfixia mec\u00e2nica decorrente de afogamento ap\u00f3s cair no Salto das [&hellip;]<\/p>\n","protected":false},"author":16,"featured_media":6061,"comment_status":"open","ping_status":"open","sticky":false,"template":"","format":"standard","meta":{"footnotes":""},"categories":[12,303],"tags":[1414],"class_list":["post-6060","post","type-post","status-publish","format-standard","has-post-thumbnail","hentry","category-geral","category-parana","tag-sapopema-parana-fotografa-afogamento-corpodebombeiros-policiacivil-policiacientifica-saltodasorquideas-acidente-mznoticias"],"yoast_head":"<!-- This site is optimized with the Yoast SEO plugin v28.1 - https:\/\/yoast.com\/product\/yoast-seo-wordpress\/ -->\n<title>Laudo confirma afogamento como causa da morte de fot\u00f3grafa em cachoeira no Paran\u00e1 - Mz Not\u00edcias<\/title>\n<meta name=\"description\" content=\"Pol\u00edcia Cient\u00edfica confirmou que a fot\u00f3grafa Ana Paula Silveira Cardoso, de 29 anos, morreu por afogamento ap\u00f3s cair em cachoeira em Sapopema, no Norte do Paran\u00e1.\" \/>\n<meta name=\"robots\" content=\"index, follow, max-snippet:-1, max-image-preview:large, max-video-preview:-1\" \/>\n<link rel=\"canonical\" href=\"https:\/\/mznoticia.com.br\/piraidosul\/laudo-confirma-afogamento-como-causa-da-morte-de-fotografa-em-cachoeira-no-parana\/\" \/>\n<meta property=\"og:locale\" content=\"pt_BR\" \/>\n<meta property=\"og:type\" content=\"article\" \/>\n<meta property=\"og:title\" content=\"Laudo confirma afogamento como causa da morte de fot\u00f3grafa em cachoeira no Paran\u00e1 - Mz Not\u00edcias\" \/>\n<meta property=\"og:description\" content=\"Pol\u00edcia Cient\u00edfica confirmou que a fot\u00f3grafa Ana Paula Silveira Cardoso, de 29 anos, morreu por afogamento ap\u00f3s cair em cachoeira em Sapopema, no Norte do Paran\u00e1.\" \/>\n<meta property=\"og:url\" content=\"https:\/\/mznoticia.com.br\/piraidosul\/laudo-confirma-afogamento-como-causa-da-morte-de-fotografa-em-cachoeira-no-parana\/\" \/>\n<meta property=\"og:site_name\" content=\"Mz Not\u00edcias\" \/>\n<meta property=\"article:publisher\" content=\"https:\/\/www.facebook.com\/profile.php?id=61573479951222\" \/>\n<meta property=\"article:published_time\" content=\"2026-07-31T22:40:49+00:00\" \/>\n<meta name=\"author\" content=\"Redacao mz\" \/>\n<meta name=\"twitter:card\" content=\"summary_large_image\" \/>\n<meta name=\"twitter:label1\" content=\"Escrito por\" \/>\n\t<meta name=\"twitter:data1\" content=\"Redacao mz\" \/>\n\t<meta name=\"twitter:label2\" content=\"Est. tempo de leitura\" \/>\n\t<meta name=\"twitter:data2\" content=\"3 minutos\" \/>\n<script type=\"application\/ld+json\" class=\"yoast-schema-graph\">{\"@context\":\"https:\\\/\\\/schema.org\",\"@graph\":[{\"@type\":\"Article\",\"@id\":\"https:\\\/\\\/mznoticia.com.br\\\/piraidosul\\\/laudo-confirma-afogamento-como-causa-da-morte-de-fotografa-em-cachoeira-no-parana\\\/#article\",\"isPartOf\":{\"@id\":\"https:\\\/\\\/mznoticia.com.br\\\/piraidosul\\\/laudo-confirma-afogamento-como-causa-da-morte-de-fotografa-em-cachoeira-no-parana\\\/\"},\"author\":{\"name\":\"Redacao mz\",\"@id\":\"https:\\\/\\\/mznoticia.com.br\\\/piraidosul\\\/#\\\/schema\\\/person\\\/84012d827247b3f42f37b550da79cd03\"},\"headline\":\"Laudo confirma afogamento como causa da morte de fot\u00f3grafa em cachoeira no Paran\u00e1\",\"datePublished\":\"2026-07-31T22:40:49+00:00\",\"mainEntityOfPage\":{\"@id\":\"https:\\\/\\\/mznoticia.com.br\\\/piraidosul\\\/laudo-confirma-afogamento-como-causa-da-morte-de-fotografa-em-cachoeira-no-parana\\\/\"},\"wordCount\":497,\"commentCount\":0,\"publisher\":{\"@id\":\"https:\\\/\\\/mznoticia.com.br\\\/piraidosul\\\/#organization\"},\"image\":{\"@id\":\"https:\\\/\\\/mznoticia.com.br\\\/piraidosul\\\/laudo-confirma-afogamento-como-causa-da-morte-de-fotografa-em-cachoeira-no-parana\\\/#primaryimage\"},\"thumbnailUrl\":\"https:\\\/\\\/mznoticia.com.br\\\/piraidosul\\\/wp-content\\\/uploads\\\/2026\\\/07\\\/ana.avif\",\"keywords\":[\"#Sapopema #Paran\u00e1 #Fot\u00f3grafa #Afogamento #CorpoDeBombeiros #Pol\u00edciaCivil #Pol\u00edciaCient\u00edfica #SaltoDasOrqu\u00eddeas #Acidente #MZNot\u00edcias\"],\"articleSection\":[\"Geral\",\"Paran\u00e1\"],\"inLanguage\":\"pt-BR\",\"potentialAction\":[{\"@type\":\"CommentAction\",\"name\":\"Comment\",\"target\":[\"https:\\\/\\\/mznoticia.com.br\\\/piraidosul\\\/laudo-confirma-afogamento-como-causa-da-morte-de-fotografa-em-cachoeira-no-parana\\\/#respond\"]}]},{\"@type\":\"WebPage\",\"@id\":\"https:\\\/\\\/mznoticia.com.br\\\/piraidosul\\\/laudo-confirma-afogamento-como-causa-da-morte-de-fotografa-em-cachoeira-no-parana\\\/\",\"url\":\"https:\\\/\\\/mznoticia.com.br\\\/piraidosul\\\/laudo-confirma-afogamento-como-causa-da-morte-de-fotografa-em-cachoeira-no-parana\\\/\",\"name\":\"Laudo confirma afogamento como causa da morte de fot\u00f3grafa em cachoeira no Paran\u00e1 - Mz Not\u00edcias\",\"isPartOf\":{\"@id\":\"https:\\\/\\\/mznoticia.com.br\\\/piraidosul\\\/#website\"},\"primaryImageOfPage\":{\"@id\":\"https:\\\/\\\/mznoticia.com.br\\\/piraidosul\\\/laudo-confirma-afogamento-como-causa-da-morte-de-fotografa-em-cachoeira-no-parana\\\/#primaryimage\"},\"image\":{\"@id\":\"https:\\\/\\\/mznoticia.com.br\\\/piraidosul\\\/laudo-confirma-afogamento-como-causa-da-morte-de-fotografa-em-cachoeira-no-parana\\\/#primaryimage\"},\"thumbnailUrl\":\"https:\\\/\\\/mznoticia.com.br\\\/piraidosul\\\/wp-content\\\/uploads\\\/2026\\\/07\\\/ana.avif\",\"datePublished\":\"2026-07-31T22:40:49+00:00\",\"description\":\"Pol\u00edcia Cient\u00edfica confirmou que a fot\u00f3grafa Ana Paula Silveira Cardoso, de 29 anos, morreu por afogamento ap\u00f3s cair em cachoeira em Sapopema, no Norte do Paran\u00e1.\",\"breadcrumb\":{\"@id\":\"https:\\\/\\\/mznoticia.com.br\\\/piraidosul\\\/laudo-confirma-afogamento-como-causa-da-morte-de-fotografa-em-cachoeira-no-parana\\\/#breadcrumb\"},\"inLanguage\":\"pt-BR\",\"potentialAction\":[{\"@type\":\"ReadAction\",\"target\":[\"https:\\\/\\\/mznoticia.com.br\\\/piraidosul\\\/laudo-confirma-afogamento-como-causa-da-morte-de-fotografa-em-cachoeira-no-parana\\\/\"]}]},{\"@type\":\"ImageObject\",\"inLanguage\":\"pt-BR\",\"@id\":\"https:\\\/\\\/mznoticia.com.br\\\/piraidosul\\\/laudo-confirma-afogamento-como-causa-da-morte-de-fotografa-em-cachoeira-no-parana\\\/#primaryimage\",\"url\":\"https:\\\/\\\/mznoticia.com.br\\\/piraidosul\\\/wp-content\\\/uploads\\\/2026\\\/07\\\/ana.avif\",\"contentUrl\":\"https:\\\/\\\/mznoticia.com.br\\\/piraidosul\\\/wp-content\\\/uploads\\\/2026\\\/07\\\/ana.avif\",\"width\":984,\"height\":554},{\"@type\":\"BreadcrumbList\",\"@id\":\"https:\\\/\\\/mznoticia.com.br\\\/piraidosul\\\/laudo-confirma-afogamento-como-causa-da-morte-de-fotografa-em-cachoeira-no-parana\\\/#breadcrumb\",\"itemListElement\":[{\"@type\":\"ListItem\",\"position\":1,\"name\":\"Home\",\"item\":\"https:\\\/\\\/mznoticia.com.br\\\/piraidosul\\\/\"},{\"@type\":\"ListItem\",\"position\":2,\"name\":\"Laudo confirma afogamento como causa da morte de fot\u00f3grafa em cachoeira no Paran\u00e1\"}]},{\"@type\":\"WebSite\",\"@id\":\"https:\\\/\\\/mznoticia.com.br\\\/piraidosul\\\/#website\",\"url\":\"https:\\\/\\\/mznoticia.com.br\\\/piraidosul\\\/\",\"name\":\"Mz Not\u00edcia\",\"description\":\"A informa\u00e7\u00e3o que voc\u00ea precisa na hora certa!\",\"publisher\":{\"@id\":\"https:\\\/\\\/mznoticia.com.br\\\/piraidosul\\\/#organization\"},\"potentialAction\":[{\"@type\":\"SearchAction\",\"target\":{\"@type\":\"EntryPoint\",\"urlTemplate\":\"https:\\\/\\\/mznoticia.com.br\\\/piraidosul\\\/?s={search_term_string}\"},\"query-input\":{\"@type\":\"PropertyValueSpecification\",\"valueRequired\":true,\"valueName\":\"search_term_string\"}}],\"inLanguage\":\"pt-BR\"},{\"@type\":\"Organization\",\"@id\":\"https:\\\/\\\/mznoticia.com.br\\\/piraidosul\\\/#organization\",\"name\":\"Mz Not\u00edcia\",\"url\":\"https:\\\/\\\/mznoticia.com.br\\\/piraidosul\\\/\",\"logo\":{\"@type\":\"ImageObject\",\"inLanguage\":\"pt-BR\",\"@id\":\"https:\\\/\\\/mznoticia.com.br\\\/piraidosul\\\/#\\\/schema\\\/logo\\\/image\\\/\",\"url\":\"https:\\\/\\\/mznoticia.com.br\\\/jaguariaiva\\\/wp-content\\\/uploads\\\/2025\\\/03\\\/Design-sem-nome-4-e1741200616392.png\",\"contentUrl\":\"https:\\\/\\\/mznoticia.com.br\\\/jaguariaiva\\\/wp-content\\\/uploads\\\/2025\\\/03\\\/Design-sem-nome-4-e1741200616392.png\",\"width\":750,\"height\":563,\"caption\":\"Mz Not\u00edcia\"},\"image\":{\"@id\":\"https:\\\/\\\/mznoticia.com.br\\\/piraidosul\\\/#\\\/schema\\\/logo\\\/image\\\/\"},\"sameAs\":[\"https:\\\/\\\/www.facebook.com\\\/profile.php?id=61573479951222\",\"https:\\\/\\\/www.instagram.com\\\/mz.jaguariaiva\\\/\"]},{\"@type\":\"Person\",\"@id\":\"https:\\\/\\\/mznoticia.com.br\\\/piraidosul\\\/#\\\/schema\\\/person\\\/84012d827247b3f42f37b550da79cd03\",\"name\":\"Redacao mz\",\"image\":{\"@type\":\"ImageObject\",\"inLanguage\":\"pt-BR\",\"@id\":\"https:\\\/\\\/secure.gravatar.com\\\/avatar\\\/3835c58a73b55edb97de944593845d3f29acb93b7a088f3bf63afde947ab86ba?s=96&d=simple_local_avatar&r=g\",\"url\":\"https:\\\/\\\/secure.gravatar.com\\\/avatar\\\/3835c58a73b55edb97de944593845d3f29acb93b7a088f3bf63afde947ab86ba?s=96&d=simple_local_avatar&r=g\",\"contentUrl\":\"https:\\\/\\\/secure.gravatar.com\\\/avatar\\\/3835c58a73b55edb97de944593845d3f29acb93b7a088f3bf63afde947ab86ba?s=96&d=simple_local_avatar&r=g\",\"caption\":\"Redacao mz\"},\"sameAs\":[\"http:\\\/\\\/mznoticia.com.br\"],\"url\":\"https:\\\/\\\/mznoticia.com.br\\\/piraidosul\\\/author\\\/lucimara\\\/\"}]}<\/script>\n<!-- \/ Yoast SEO plugin. -->","yoast_head_json":{"title":"Laudo confirma afogamento como causa da morte de fot\u00f3grafa em cachoeira no Paran\u00e1 - Mz Not\u00edcias","description":"Pol\u00edcia Cient\u00edfica confirmou que a fot\u00f3grafa Ana Paula Silveira Cardoso, de 29 anos, morreu por afogamento ap\u00f3s cair em cachoeira em Sapopema, no Norte do Paran\u00e1.","robots":{"index":"index","follow":"follow","max-snippet":"max-snippet:-1","max-image-preview":"max-image-preview:large","max-video-preview":"max-video-preview:-1"},"canonical":"https:\/\/mznoticia.com.br\/piraidosul\/laudo-confirma-afogamento-como-causa-da-morte-de-fotografa-em-cachoeira-no-parana\/","og_locale":"pt_BR","og_type":"article","og_title":"Laudo confirma afogamento como causa da morte de fot\u00f3grafa em cachoeira no Paran\u00e1 - Mz Not\u00edcias","og_description":"Pol\u00edcia Cient\u00edfica confirmou que a fot\u00f3grafa Ana Paula Silveira Cardoso, de 29 anos, morreu por afogamento ap\u00f3s cair em cachoeira em Sapopema, no Norte do Paran\u00e1.","og_url":"https:\/\/mznoticia.com.br\/piraidosul\/laudo-confirma-afogamento-como-causa-da-morte-de-fotografa-em-cachoeira-no-parana\/","og_site_name":"Mz Not\u00edcias","article_publisher":"https:\/\/www.facebook.com\/profile.php?id=61573479951222","article_published_time":"2026-07-31T22:40:49+00:00","author":"Redacao mz","twitter_card":"summary_large_image","twitter_misc":{"Escrito por":"Redacao mz","Est. tempo de leitura":"3 minutos"},"schema":{"@context":"https:\/\/schema.org","@graph":[{"@type":"Article","@id":"https:\/\/mznoticia.com.br\/piraidosul\/laudo-confirma-afogamento-como-causa-da-morte-de-fotografa-em-cachoeira-no-parana\/#article","isPartOf":{"@id":"https:\/\/mznoticia.com.br\/piraidosul\/laudo-confirma-afogamento-como-causa-da-morte-de-fotografa-em-cachoeira-no-parana\/"},"author":{"name":"Redacao mz","@id":"https:\/\/mznoticia.com.br\/piraidosul\/#\/schema\/person\/84012d827247b3f42f37b550da79cd03"},"headline":"Laudo confirma afogamento como causa da morte de fot\u00f3grafa em cachoeira no Paran\u00e1","datePublished":"2026-07-31T22:40:49+00:00","mainEntityOfPage":{"@id":"https:\/\/mznoticia.com.br\/piraidosul\/laudo-confirma-afogamento-como-causa-da-morte-de-fotografa-em-cachoeira-no-parana\/"},"wordCount":497,"commentCount":0,"publisher":{"@id":"https:\/\/mznoticia.com.br\/piraidosul\/#organization"},"image":{"@id":"https:\/\/mznoticia.com.br\/piraidosul\/laudo-confirma-afogamento-como-causa-da-morte-de-fotografa-em-cachoeira-no-parana\/#primaryimage"},"thumbnailUrl":"https:\/\/mznoticia.com.br\/piraidosul\/wp-content\/uploads\/2026\/07\/ana.avif","keywords":["#Sapopema #Paran\u00e1 #Fot\u00f3grafa #Afogamento #CorpoDeBombeiros #Pol\u00edciaCivil #Pol\u00edciaCient\u00edfica #SaltoDasOrqu\u00eddeas #Acidente #MZNot\u00edcias"],"articleSection":["Geral","Paran\u00e1"],"inLanguage":"pt-BR","potentialAction":[{"@type":"CommentAction","name":"Comment","target":["https:\/\/mznoticia.com.br\/piraidosul\/laudo-confirma-afogamento-como-causa-da-morte-de-fotografa-em-cachoeira-no-parana\/#respond"]}]},{"@type":"WebPage","@id":"https:\/\/mznoticia.com.br\/piraidosul\/laudo-confirma-afogamento-como-causa-da-morte-de-fotografa-em-cachoeira-no-parana\/","url":"https:\/\/mznoticia.com.br\/piraidosul\/laudo-confirma-afogamento-como-causa-da-morte-de-fotografa-em-cachoeira-no-parana\/","name":"Laudo confirma afogamento como causa da morte de fot\u00f3grafa em cachoeira no Paran\u00e1 - Mz Not\u00edcias","isPartOf":{"@id":"https:\/\/mznoticia.com.br\/piraidosul\/#website"},"primaryImageOfPage":{"@id":"https:\/\/mznoticia.com.br\/piraidosul\/laudo-confirma-afogamento-como-causa-da-morte-de-fotografa-em-cachoeira-no-parana\/#primaryimage"},"image":{"@id":"https:\/\/mznoticia.com.br\/piraidosul\/laudo-confirma-afogamento-como-causa-da-morte-de-fotografa-em-cachoeira-no-parana\/#primaryimage"},"thumbnailUrl":"https:\/\/mznoticia.com.br\/piraidosul\/wp-content\/uploads\/2026\/07\/ana.avif","datePublished":"2026-07-31T22:40:49+00:00","description":"Pol\u00edcia Cient\u00edfica confirmou que a fot\u00f3grafa Ana Paula Silveira Cardoso, de 29 anos, morreu por afogamento ap\u00f3s cair em cachoeira em Sapopema, no Norte do Paran\u00e1.","breadcrumb":{"@id":"https:\/\/mznoticia.com.br\/piraidosul\/laudo-confirma-afogamento-como-causa-da-morte-de-fotografa-em-cachoeira-no-parana\/#breadcrumb"},"inLanguage":"pt-BR","potentialAction":[{"@type":"ReadAction","target":["https:\/\/mznoticia.com.br\/piraidosul\/laudo-confirma-afogamento-como-causa-da-morte-de-fotografa-em-cachoeira-no-parana\/"]}]},{"@type":"ImageObject","inLanguage":"pt-BR","@id":"https:\/\/mznoticia.com.br\/piraidosul\/laudo-confirma-afogamento-como-causa-da-morte-de-fotografa-em-cachoeira-no-parana\/#primaryimage","url":"https:\/\/mznoticia.com.br\/piraidosul\/wp-content\/uploads\/2026\/07\/ana.avif","contentUrl":"https:\/\/mznoticia.com.br\/piraidosul\/wp-content\/uploads\/2026\/07\/ana.avif","width":984,"height":554},{"@type":"BreadcrumbList","@id":"https:\/\/mznoticia.com.br\/piraidosul\/laudo-confirma-afogamento-como-causa-da-morte-de-fotografa-em-cachoeira-no-parana\/#breadcrumb","itemListElement":[{"@type":"ListItem","position":1,"name":"Home","item":"https:\/\/mznoticia.com.br\/piraidosul\/"},{"@type":"ListItem","position":2,"name":"Laudo confirma afogamento como causa da morte de fot\u00f3grafa em cachoeira no Paran\u00e1"}]},{"@type":"WebSite","@id":"https:\/\/mznoticia.com.br\/piraidosul\/#website","url":"https:\/\/mznoticia.com.br\/piraidosul\/","name":"Mz Not\u00edcia","description":"A informa\u00e7\u00e3o que voc\u00ea precisa na hora certa!","publisher":{"@id":"https:\/\/mznoticia.com.br\/piraidosul\/#organization"},"potentialAction":[{"@type":"SearchAction","target":{"@type":"EntryPoint","urlTemplate":"https:\/\/mznoticia.com.br\/piraidosul\/?s={search_term_string}"},"query-input":{"@type":"PropertyValueSpecification","valueRequired":true,"valueName":"search_term_string"}}],"inLanguage":"pt-BR"},{"@type":"Organization","@id":"https:\/\/mznoticia.com.br\/piraidosul\/#organization","name":"Mz Not\u00edcia","url":"https:\/\/mznoticia.com.br\/piraidosul\/","logo":{"@type":"ImageObject","inLanguage":"pt-BR","@id":"https:\/\/mznoticia.com.br\/piraidosul\/#\/schema\/logo\/image\/","url":"https:\/\/mznoticia.com.br\/jaguariaiva\/wp-content\/uploads\/2025\/03\/Design-sem-nome-4-e1741200616392.png","contentUrl":"https:\/\/mznoticia.com.br\/jaguariaiva\/wp-content\/uploads\/2025\/03\/Design-sem-nome-4-e1741200616392.png","width":750,"height":563,"caption":"Mz Not\u00edcia"},"image":{"@id":"https:\/\/mznoticia.com.br\/piraidosul\/#\/schema\/logo\/image\/"},"sameAs":["https:\/\/www.facebook.com\/profile.php?id=61573479951222","https:\/\/www.instagram.com\/mz.jaguariaiva\/"]},{"@type":"Person","@id":"https:\/\/mznoticia.com.br\/piraidosul\/#\/schema\/person\/84012d827247b3f42f37b550da79cd03","name":"Redacao mz","image":{"@type":"ImageObject","inLanguage":"pt-BR","@id":"https:\/\/secure.gravatar.com\/avatar\/3835c58a73b55edb97de944593845d3f29acb93b7a088f3bf63afde947ab86ba?s=96&d=simple_local_avatar&r=g","url":"https:\/\/secure.gravatar.com\/avatar\/3835c58a73b55edb97de944593845d3f29acb93b7a088f3bf63afde947ab86ba?s=96&d=simple_local_avatar&r=g","contentUrl":"https:\/\/secure.gravatar.com\/avatar\/3835c58a73b55edb97de944593845d3f29acb93b7a088f3bf63afde947ab86ba?s=96&d=simple_local_avatar&r=g","caption":"Redacao mz"},"sameAs":["http:\/\/mznoticia.com.br"],"url":"https:\/\/mznoticia.com.br\/piraidosul\/author\/lucimara\/"}]}},"_links":{"self":[{"href":"https:\/\/mznoticia.com.br\/piraidosul\/wp-json\/wp\/v2\/posts\/6060","targetHints":{"allow":["GET"]}}],"collection":[{"href":"https:\/\/mznoticia.com.br\/piraidosul\/wp-json\/wp\/v2\/posts"}],"about":[{"href":"https:\/\/mznoticia.com.br\/piraidosul\/wp-json\/wp\/v2\/types\/post"}],"author":[{"embeddable":true,"href":"https:\/\/mznoticia.com.br\/piraidosul\/wp-json\/wp\/v2\/users\/16"}],"replies":[{"embeddable":true,"href":"https:\/\/mznoticia.com.br\/piraidosul\/wp-json\/wp\/v2\/comments?post=6060"}],"version-history":[{"count":1,"href":"https:\/\/mznoticia.com.br\/piraidosul\/wp-json\/wp\/v2\/posts\/6060\/revisions"}],"predecessor-version":[{"id":6062,"href":"https:\/\/mznoticia.com.br\/piraidosul\/wp-json\/wp\/v2\/posts\/6060\/revisions\/6062"}],"wp:featuredmedia":[{"embeddable":true,"href":"https:\/\/mznoticia.com.br\/piraidosul\/wp-json\/wp\/v2\/media\/6061"}],"wp:attachment":[{"href":"https:\/\/mznoticia.com.br\/piraidosul\/wp-json\/wp\/v2\/media?parent=6060"}],"wp:term":[{"taxonomy":"category","embeddable":true,"href":"https:\/\/mznoticia.com.br\/piraidosul\/wp-json\/wp\/v2\/categories?post=6060"},{"taxonomy":"post_tag","embeddable":true,"href":"https:\/\/mznoticia.com.br\/piraidosul\/wp-json\/wp\/v2\/tags?post=6060"}],"curies":[{"name":"wp","href":"https:\/\/api.w.org\/{rel}","templated":true}]}}