{"id":6249,"date":"2026-08-04T22:16:15","date_gmt":"2026-08-04T22:16:15","guid":{"rendered":"https:\/\/mznoticia.com.br\/piraidosul\/?p=6249"},"modified":"2026-08-04T22:19:31","modified_gmt":"2026-08-04T22:19:31","slug":"ciclone-e-frente-fria-elevam-risco-de-temporais-e-chuvas-intensas-no-parana","status":"publish","type":"post","link":"https:\/\/mznoticia.com.br\/piraidosul\/ciclone-e-frente-fria-elevam-risco-de-temporais-e-chuvas-intensas-no-parana\/","title":{"rendered":"Ciclone e frente fria elevam risco de temporais e chuvas intensas no Paran\u00e1"},"content":{"rendered":"<p class=\"PDq2pG_selectionAnchorContainer\" data-start=\"91\" data-end=\"285\">Forma\u00e7\u00e3o de um ciclone extratropical entre Argentina e Uruguai deve provocar tempestades, ventos fortes e acumulados elevados de chuva na Regi\u00e3o Sul a partir de quinta-feira (6).<\/p>\n<h2 data-section-id=\"kue53f\" data-start=\"287\" data-end=\"336\">Ciclone deve intensificar instabilidade no Sul<\/h2>\n<p data-start=\"338\" data-end=\"523\">A forma\u00e7\u00e3o de um ciclone extratropical entre a Argentina e o Uruguai, prevista para esta quinta-feira (6), deve aumentar significativamente o risco de temporais na Regi\u00e3o Sul do Brasil.<\/p>\n<p data-start=\"525\" data-end=\"814\">De acordo com as previs\u00f5es meteorol\u00f3gicas, uma \u00e1rea de baixa press\u00e3o come\u00e7a a atuar sobre a regi\u00e3o j\u00e1 nesta quarta-feira (5), favorecendo pancadas isoladas de chuva. Na quinta-feira, o sistema ganhar\u00e1 for\u00e7a e dar\u00e1 origem ao ciclone, impulsionando uma frente fria em dire\u00e7\u00e3o ao Sul do pa\u00eds.<\/p>\n<h2 data-section-id=\"1ph6y7k\" data-start=\"816\" data-end=\"857\">Paran\u00e1 pode registrar chuvas volumosas<\/h2>\n<p data-start=\"859\" data-end=\"1086\">Alimentado por um intenso rio atmosf\u00e9rico, que transporta umidade da Amaz\u00f4nia para o Sul do Brasil, o sistema dever\u00e1 provocar tempestades entre a tarde e a noite de quinta-feira e durante a madrugada e manh\u00e3 de sexta-feira (7).<\/p>\n<p data-start=\"1088\" data-end=\"1186\">Os estados do <strong data-start=\"1102\" data-end=\"1112\">Paran\u00e1<\/strong>, <strong data-start=\"1114\" data-end=\"1132\">Santa Catarina<\/strong> e <strong data-start=\"1135\" data-end=\"1156\">Rio Grande do Sul<\/strong> est\u00e3o entre os mais afetados.<\/p>\n<p data-start=\"1188\" data-end=\"1362\">No Paran\u00e1 e em Santa Catarina, a frente fria dever\u00e1 permanecer quase estacion\u00e1ria entre s\u00e1bado (8) e domingo (9), favorecendo a ocorr\u00eancia de chuvas persistentes e volumosas.<\/p>\n<p data-start=\"1364\" data-end=\"1448\">As previs\u00f5es apontam acumulados entre <strong data-start=\"1402\" data-end=\"1426\">100 e 150 mil\u00edmetros<\/strong> at\u00e9 o fim de domingo.<\/p>\n<h2 data-section-id=\"jy6x9k\" data-start=\"1450\" data-end=\"1489\">Ventos fortes e risco de transtornos<\/h2>\n<p data-start=\"1491\" data-end=\"1609\">Al\u00e9m da chuva intensa, h\u00e1 previs\u00e3o de rajadas de vento que podem alcan\u00e7ar <strong data-start=\"1565\" data-end=\"1577\">100 km\/h<\/strong> em alguns pontos da Regi\u00e3o Sul.<\/p>\n<p data-start=\"1611\" data-end=\"1774\">As condi\u00e7\u00f5es aumentam o risco de queda de \u00e1rvores, interrup\u00e7\u00f5es no fornecimento de energia el\u00e9trica, alagamentos, deslizamentos de terra e transbordamento de rios.<\/p>\n<p data-start=\"1776\" data-end=\"1950\">O sistema tamb\u00e9m poder\u00e1 provocar temporais no sul do Mato Grosso do Sul e no extremo sul e oeste de S\u00e3o Paulo, embora com volumes de chuva menores, pr\u00f3ximos de 50 mil\u00edmetros.<\/p>\n<h2 data-section-id=\"w74q6c\" data-start=\"1952\" data-end=\"2001\">Rio Grande do Sul tem risco elevado de granizo<\/h2>\n<p data-start=\"2003\" data-end=\"2267\">Apesar de os volumes de chuva previstos para o Rio Grande do Sul serem menores do que os esperados para Paran\u00e1 e Santa Catarina, os meteorologistas alertam para um potencial elevado de tempestades severas entre a noite de quinta-feira e a madrugada de sexta-feira.<\/p>\n<p data-start=\"2269\" data-end=\"2387\">H\u00e1 risco muito alto para ocorr\u00eancia de granizo, al\u00e9m de ventos intensos e outros fen\u00f4menos associados ao tempo severo.<\/p>\n<p data-start=\"2389\" data-end=\"2537\">Diante da previs\u00e3o, a recomenda\u00e7\u00e3o \u00e9 que a popula\u00e7\u00e3o acompanhe os avisos meteorol\u00f3gicos e evite \u00e1reas de risco durante a ocorr\u00eancia das tempestades.<\/p>\n","protected":false},"excerpt":{"rendered":"<p>Forma\u00e7\u00e3o de um ciclone extratropical entre Argentina e Uruguai deve provocar tempestades, ventos fortes e acumulados elevados de chuva na Regi\u00e3o Sul a partir de quinta-feira (6). Ciclone deve intensificar instabilidade no Sul A forma\u00e7\u00e3o de um ciclone extratropical entre a Argentina e o Uruguai, prevista para esta quinta-feira (6), deve aumentar significativamente o risco [&hellip;]<\/p>\n","protected":false},"author":16,"featured_media":6250,"comment_status":"open","ping_status":"open","sticky":false,"template":"","format":"standard","meta":{"footnotes":""},"categories":[5,12,303,1185],"tags":[1568],"class_list":["post-6249","post","type-post","status-publish","format-standard","has-post-thumbnail","hentry","category-brasil","category-geral","category-parana","category-previsao-do-tempo","tag-parana-ciclone-frentefria-temporal-chuva-tempo-meteorologia-santacatarina-riograndedosul-mznoticias"],"yoast_head":"<!-- This site is optimized with the Yoast SEO plugin v28.1 - https:\/\/yoast.com\/product\/yoast-seo-wordpress\/ -->\n<title>Ciclone e frente fria elevam risco de temporais e chuvas intensas no Paran\u00e1 - Mz Not\u00edcias<\/title>\n<meta name=\"description\" content=\"Ciclone extratropical e frente fria aumentam o risco de temporais, ventos fortes e chuvas intensas no Paran\u00e1 e na Regi\u00e3o Sul a partir desta quinta-feira.\" \/>\n<meta name=\"robots\" content=\"index, follow, max-snippet:-1, max-image-preview:large, max-video-preview:-1\" \/>\n<link rel=\"canonical\" href=\"https:\/\/mznoticia.com.br\/piraidosul\/ciclone-e-frente-fria-elevam-risco-de-temporais-e-chuvas-intensas-no-parana\/\" \/>\n<meta property=\"og:locale\" content=\"pt_BR\" \/>\n<meta property=\"og:type\" content=\"article\" \/>\n<meta property=\"og:title\" content=\"Ciclone e frente fria elevam risco de temporais e chuvas intensas no Paran\u00e1 - Mz Not\u00edcias\" \/>\n<meta property=\"og:description\" content=\"Ciclone extratropical e frente fria aumentam o risco de temporais, ventos fortes e chuvas intensas no Paran\u00e1 e na Regi\u00e3o Sul a partir desta quinta-feira.\" \/>\n<meta property=\"og:url\" content=\"https:\/\/mznoticia.com.br\/piraidosul\/ciclone-e-frente-fria-elevam-risco-de-temporais-e-chuvas-intensas-no-parana\/\" \/>\n<meta property=\"og:site_name\" content=\"Mz Not\u00edcias\" \/>\n<meta property=\"article:publisher\" content=\"https:\/\/www.facebook.com\/profile.php?id=61573479951222\" \/>\n<meta property=\"article:published_time\" content=\"2026-08-04T22:16:15+00:00\" \/>\n<meta property=\"article:modified_time\" content=\"2026-08-04T22:19:31+00:00\" \/>\n<meta property=\"og:image\" content=\"https:\/\/mznoticia.com.br\/piraidosul\/wp-content\/uploads\/2026\/08\/chuva.webp\" \/>\n\t<meta property=\"og:image:width\" content=\"298\" \/>\n\t<meta property=\"og:image:height\" content=\"210\" \/>\n\t<meta property=\"og:image:type\" content=\"image\/webp\" \/>\n<meta name=\"author\" content=\"Redacao mz\" \/>\n<meta name=\"twitter:card\" content=\"summary_large_image\" \/>\n<meta name=\"twitter:label1\" content=\"Escrito por\" \/>\n\t<meta name=\"twitter:data1\" content=\"Redacao mz\" \/>\n\t<meta name=\"twitter:label2\" content=\"Est. tempo de leitura\" \/>\n\t<meta name=\"twitter:data2\" content=\"3 minutos\" \/>\n<script type=\"application\/ld+json\" class=\"yoast-schema-graph\">{\"@context\":\"https:\\\/\\\/schema.org\",\"@graph\":[{\"@type\":\"Article\",\"@id\":\"https:\\\/\\\/mznoticia.com.br\\\/piraidosul\\\/ciclone-e-frente-fria-elevam-risco-de-temporais-e-chuvas-intensas-no-parana\\\/#article\",\"isPartOf\":{\"@id\":\"https:\\\/\\\/mznoticia.com.br\\\/piraidosul\\\/ciclone-e-frente-fria-elevam-risco-de-temporais-e-chuvas-intensas-no-parana\\\/\"},\"author\":{\"name\":\"Redacao mz\",\"@id\":\"https:\\\/\\\/mznoticia.com.br\\\/piraidosul\\\/#\\\/schema\\\/person\\\/84012d827247b3f42f37b550da79cd03\"},\"headline\":\"Ciclone e frente fria elevam risco de temporais e chuvas intensas no Paran\u00e1\",\"datePublished\":\"2026-08-04T22:16:15+00:00\",\"dateModified\":\"2026-08-04T22:19:31+00:00\",\"mainEntityOfPage\":{\"@id\":\"https:\\\/\\\/mznoticia.com.br\\\/piraidosul\\\/ciclone-e-frente-fria-elevam-risco-de-temporais-e-chuvas-intensas-no-parana\\\/\"},\"wordCount\":428,\"commentCount\":0,\"publisher\":{\"@id\":\"https:\\\/\\\/mznoticia.com.br\\\/piraidosul\\\/#organization\"},\"image\":{\"@id\":\"https:\\\/\\\/mznoticia.com.br\\\/piraidosul\\\/ciclone-e-frente-fria-elevam-risco-de-temporais-e-chuvas-intensas-no-parana\\\/#primaryimage\"},\"thumbnailUrl\":\"https:\\\/\\\/mznoticia.com.br\\\/piraidosul\\\/wp-content\\\/uploads\\\/2026\\\/08\\\/chuva.webp\",\"keywords\":[\"#Paran\u00e1 #Ciclone #FrenteFria #Temporal #Chuva #Tempo #Meteorologia #SantaCatarina #RioGrandeDoSul #MZNot\u00edcias\"],\"articleSection\":[\"Brasil\",\"Geral\",\"Paran\u00e1\",\"Previs\u00e3o do Tempo\"],\"inLanguage\":\"pt-BR\",\"potentialAction\":[{\"@type\":\"CommentAction\",\"name\":\"Comment\",\"target\":[\"https:\\\/\\\/mznoticia.com.br\\\/piraidosul\\\/ciclone-e-frente-fria-elevam-risco-de-temporais-e-chuvas-intensas-no-parana\\\/#respond\"]}]},{\"@type\":\"WebPage\",\"@id\":\"https:\\\/\\\/mznoticia.com.br\\\/piraidosul\\\/ciclone-e-frente-fria-elevam-risco-de-temporais-e-chuvas-intensas-no-parana\\\/\",\"url\":\"https:\\\/\\\/mznoticia.com.br\\\/piraidosul\\\/ciclone-e-frente-fria-elevam-risco-de-temporais-e-chuvas-intensas-no-parana\\\/\",\"name\":\"Ciclone e frente fria elevam risco de temporais e chuvas intensas no Paran\u00e1 - Mz Not\u00edcias\",\"isPartOf\":{\"@id\":\"https:\\\/\\\/mznoticia.com.br\\\/piraidosul\\\/#website\"},\"primaryImageOfPage\":{\"@id\":\"https:\\\/\\\/mznoticia.com.br\\\/piraidosul\\\/ciclone-e-frente-fria-elevam-risco-de-temporais-e-chuvas-intensas-no-parana\\\/#primaryimage\"},\"image\":{\"@id\":\"https:\\\/\\\/mznoticia.com.br\\\/piraidosul\\\/ciclone-e-frente-fria-elevam-risco-de-temporais-e-chuvas-intensas-no-parana\\\/#primaryimage\"},\"thumbnailUrl\":\"https:\\\/\\\/mznoticia.com.br\\\/piraidosul\\\/wp-content\\\/uploads\\\/2026\\\/08\\\/chuva.webp\",\"datePublished\":\"2026-08-04T22:16:15+00:00\",\"dateModified\":\"2026-08-04T22:19:31+00:00\",\"description\":\"Ciclone extratropical e frente fria aumentam o risco de temporais, ventos fortes e chuvas intensas no Paran\u00e1 e na Regi\u00e3o Sul a partir desta quinta-feira.\",\"breadcrumb\":{\"@id\":\"https:\\\/\\\/mznoticia.com.br\\\/piraidosul\\\/ciclone-e-frente-fria-elevam-risco-de-temporais-e-chuvas-intensas-no-parana\\\/#breadcrumb\"},\"inLanguage\":\"pt-BR\",\"potentialAction\":[{\"@type\":\"ReadAction\",\"target\":[\"https:\\\/\\\/mznoticia.com.br\\\/piraidosul\\\/ciclone-e-frente-fria-elevam-risco-de-temporais-e-chuvas-intensas-no-parana\\\/\"]}]},{\"@type\":\"ImageObject\",\"inLanguage\":\"pt-BR\",\"@id\":\"https:\\\/\\\/mznoticia.com.br\\\/piraidosul\\\/ciclone-e-frente-fria-elevam-risco-de-temporais-e-chuvas-intensas-no-parana\\\/#primaryimage\",\"url\":\"https:\\\/\\\/mznoticia.com.br\\\/piraidosul\\\/wp-content\\\/uploads\\\/2026\\\/08\\\/chuva.webp\",\"contentUrl\":\"https:\\\/\\\/mznoticia.com.br\\\/piraidosul\\\/wp-content\\\/uploads\\\/2026\\\/08\\\/chuva.webp\",\"width\":298,\"height\":210},{\"@type\":\"BreadcrumbList\",\"@id\":\"https:\\\/\\\/mznoticia.com.br\\\/piraidosul\\\/ciclone-e-frente-fria-elevam-risco-de-temporais-e-chuvas-intensas-no-parana\\\/#breadcrumb\",\"itemListElement\":[{\"@type\":\"ListItem\",\"position\":1,\"name\":\"Home\",\"item\":\"https:\\\/\\\/mznoticia.com.br\\\/piraidosul\\\/\"},{\"@type\":\"ListItem\",\"position\":2,\"name\":\"Ciclone e frente fria elevam risco de temporais e chuvas intensas no Paran\u00e1\"}]},{\"@type\":\"WebSite\",\"@id\":\"https:\\\/\\\/mznoticia.com.br\\\/piraidosul\\\/#website\",\"url\":\"https:\\\/\\\/mznoticia.com.br\\\/piraidosul\\\/\",\"name\":\"Mz Not\u00edcia\",\"description\":\"A informa\u00e7\u00e3o que voc\u00ea precisa na hora certa!\",\"publisher\":{\"@id\":\"https:\\\/\\\/mznoticia.com.br\\\/piraidosul\\\/#organization\"},\"potentialAction\":[{\"@type\":\"SearchAction\",\"target\":{\"@type\":\"EntryPoint\",\"urlTemplate\":\"https:\\\/\\\/mznoticia.com.br\\\/piraidosul\\\/?s={search_term_string}\"},\"query-input\":{\"@type\":\"PropertyValueSpecification\",\"valueRequired\":true,\"valueName\":\"search_term_string\"}}],\"inLanguage\":\"pt-BR\"},{\"@type\":\"Organization\",\"@id\":\"https:\\\/\\\/mznoticia.com.br\\\/piraidosul\\\/#organization\",\"name\":\"Mz Not\u00edcia\",\"url\":\"https:\\\/\\\/mznoticia.com.br\\\/piraidosul\\\/\",\"logo\":{\"@type\":\"ImageObject\",\"inLanguage\":\"pt-BR\",\"@id\":\"https:\\\/\\\/mznoticia.com.br\\\/piraidosul\\\/#\\\/schema\\\/logo\\\/image\\\/\",\"url\":\"https:\\\/\\\/mznoticia.com.br\\\/jaguariaiva\\\/wp-content\\\/uploads\\\/2025\\\/03\\\/Design-sem-nome-4-e1741200616392.png\",\"contentUrl\":\"https:\\\/\\\/mznoticia.com.br\\\/jaguariaiva\\\/wp-content\\\/uploads\\\/2025\\\/03\\\/Design-sem-nome-4-e1741200616392.png\",\"width\":750,\"height\":563,\"caption\":\"Mz Not\u00edcia\"},\"image\":{\"@id\":\"https:\\\/\\\/mznoticia.com.br\\\/piraidosul\\\/#\\\/schema\\\/logo\\\/image\\\/\"},\"sameAs\":[\"https:\\\/\\\/www.facebook.com\\\/profile.php?id=61573479951222\",\"https:\\\/\\\/www.instagram.com\\\/mz.jaguariaiva\\\/\"]},{\"@type\":\"Person\",\"@id\":\"https:\\\/\\\/mznoticia.com.br\\\/piraidosul\\\/#\\\/schema\\\/person\\\/84012d827247b3f42f37b550da79cd03\",\"name\":\"Redacao mz\",\"image\":{\"@type\":\"ImageObject\",\"inLanguage\":\"pt-BR\",\"@id\":\"https:\\\/\\\/secure.gravatar.com\\\/avatar\\\/3835c58a73b55edb97de944593845d3f29acb93b7a088f3bf63afde947ab86ba?s=96&d=simple_local_avatar&r=g\",\"url\":\"https:\\\/\\\/secure.gravatar.com\\\/avatar\\\/3835c58a73b55edb97de944593845d3f29acb93b7a088f3bf63afde947ab86ba?s=96&d=simple_local_avatar&r=g\",\"contentUrl\":\"https:\\\/\\\/secure.gravatar.com\\\/avatar\\\/3835c58a73b55edb97de944593845d3f29acb93b7a088f3bf63afde947ab86ba?s=96&d=simple_local_avatar&r=g\",\"caption\":\"Redacao mz\"},\"sameAs\":[\"http:\\\/\\\/mznoticia.com.br\"],\"url\":\"https:\\\/\\\/mznoticia.com.br\\\/piraidosul\\\/author\\\/lucimara\\\/\"}]}<\/script>\n<!-- \/ Yoast SEO plugin. -->","yoast_head_json":{"title":"Ciclone e frente fria elevam risco de temporais e chuvas intensas no Paran\u00e1 - Mz Not\u00edcias","description":"Ciclone extratropical e frente fria aumentam o risco de temporais, ventos fortes e chuvas intensas no Paran\u00e1 e na Regi\u00e3o Sul a partir desta quinta-feira.","robots":{"index":"index","follow":"follow","max-snippet":"max-snippet:-1","max-image-preview":"max-image-preview:large","max-video-preview":"max-video-preview:-1"},"canonical":"https:\/\/mznoticia.com.br\/piraidosul\/ciclone-e-frente-fria-elevam-risco-de-temporais-e-chuvas-intensas-no-parana\/","og_locale":"pt_BR","og_type":"article","og_title":"Ciclone e frente fria elevam risco de temporais e chuvas intensas no Paran\u00e1 - Mz Not\u00edcias","og_description":"Ciclone extratropical e frente fria aumentam o risco de temporais, ventos fortes e chuvas intensas no Paran\u00e1 e na Regi\u00e3o Sul a partir desta quinta-feira.","og_url":"https:\/\/mznoticia.com.br\/piraidosul\/ciclone-e-frente-fria-elevam-risco-de-temporais-e-chuvas-intensas-no-parana\/","og_site_name":"Mz Not\u00edcias","article_publisher":"https:\/\/www.facebook.com\/profile.php?id=61573479951222","article_published_time":"2026-08-04T22:16:15+00:00","article_modified_time":"2026-08-04T22:19:31+00:00","og_image":[{"width":298,"height":210,"url":"https:\/\/mznoticia.com.br\/piraidosul\/wp-content\/uploads\/2026\/08\/chuva.webp","type":"image\/webp"}],"author":"Redacao mz","twitter_card":"summary_large_image","twitter_misc":{"Escrito por":"Redacao mz","Est. tempo de leitura":"3 minutos"},"schema":{"@context":"https:\/\/schema.org","@graph":[{"@type":"Article","@id":"https:\/\/mznoticia.com.br\/piraidosul\/ciclone-e-frente-fria-elevam-risco-de-temporais-e-chuvas-intensas-no-parana\/#article","isPartOf":{"@id":"https:\/\/mznoticia.com.br\/piraidosul\/ciclone-e-frente-fria-elevam-risco-de-temporais-e-chuvas-intensas-no-parana\/"},"author":{"name":"Redacao mz","@id":"https:\/\/mznoticia.com.br\/piraidosul\/#\/schema\/person\/84012d827247b3f42f37b550da79cd03"},"headline":"Ciclone e frente fria elevam risco de temporais e chuvas intensas no Paran\u00e1","datePublished":"2026-08-04T22:16:15+00:00","dateModified":"2026-08-04T22:19:31+00:00","mainEntityOfPage":{"@id":"https:\/\/mznoticia.com.br\/piraidosul\/ciclone-e-frente-fria-elevam-risco-de-temporais-e-chuvas-intensas-no-parana\/"},"wordCount":428,"commentCount":0,"publisher":{"@id":"https:\/\/mznoticia.com.br\/piraidosul\/#organization"},"image":{"@id":"https:\/\/mznoticia.com.br\/piraidosul\/ciclone-e-frente-fria-elevam-risco-de-temporais-e-chuvas-intensas-no-parana\/#primaryimage"},"thumbnailUrl":"https:\/\/mznoticia.com.br\/piraidosul\/wp-content\/uploads\/2026\/08\/chuva.webp","keywords":["#Paran\u00e1 #Ciclone #FrenteFria #Temporal #Chuva #Tempo #Meteorologia #SantaCatarina #RioGrandeDoSul #MZNot\u00edcias"],"articleSection":["Brasil","Geral","Paran\u00e1","Previs\u00e3o do Tempo"],"inLanguage":"pt-BR","potentialAction":[{"@type":"CommentAction","name":"Comment","target":["https:\/\/mznoticia.com.br\/piraidosul\/ciclone-e-frente-fria-elevam-risco-de-temporais-e-chuvas-intensas-no-parana\/#respond"]}]},{"@type":"WebPage","@id":"https:\/\/mznoticia.com.br\/piraidosul\/ciclone-e-frente-fria-elevam-risco-de-temporais-e-chuvas-intensas-no-parana\/","url":"https:\/\/mznoticia.com.br\/piraidosul\/ciclone-e-frente-fria-elevam-risco-de-temporais-e-chuvas-intensas-no-parana\/","name":"Ciclone e frente fria elevam risco de temporais e chuvas intensas no Paran\u00e1 - Mz Not\u00edcias","isPartOf":{"@id":"https:\/\/mznoticia.com.br\/piraidosul\/#website"},"primaryImageOfPage":{"@id":"https:\/\/mznoticia.com.br\/piraidosul\/ciclone-e-frente-fria-elevam-risco-de-temporais-e-chuvas-intensas-no-parana\/#primaryimage"},"image":{"@id":"https:\/\/mznoticia.com.br\/piraidosul\/ciclone-e-frente-fria-elevam-risco-de-temporais-e-chuvas-intensas-no-parana\/#primaryimage"},"thumbnailUrl":"https:\/\/mznoticia.com.br\/piraidosul\/wp-content\/uploads\/2026\/08\/chuva.webp","datePublished":"2026-08-04T22:16:15+00:00","dateModified":"2026-08-04T22:19:31+00:00","description":"Ciclone extratropical e frente fria aumentam o risco de temporais, ventos fortes e chuvas intensas no Paran\u00e1 e na Regi\u00e3o Sul a partir desta quinta-feira.","breadcrumb":{"@id":"https:\/\/mznoticia.com.br\/piraidosul\/ciclone-e-frente-fria-elevam-risco-de-temporais-e-chuvas-intensas-no-parana\/#breadcrumb"},"inLanguage":"pt-BR","potentialAction":[{"@type":"ReadAction","target":["https:\/\/mznoticia.com.br\/piraidosul\/ciclone-e-frente-fria-elevam-risco-de-temporais-e-chuvas-intensas-no-parana\/"]}]},{"@type":"ImageObject","inLanguage":"pt-BR","@id":"https:\/\/mznoticia.com.br\/piraidosul\/ciclone-e-frente-fria-elevam-risco-de-temporais-e-chuvas-intensas-no-parana\/#primaryimage","url":"https:\/\/mznoticia.com.br\/piraidosul\/wp-content\/uploads\/2026\/08\/chuva.webp","contentUrl":"https:\/\/mznoticia.com.br\/piraidosul\/wp-content\/uploads\/2026\/08\/chuva.webp","width":298,"height":210},{"@type":"BreadcrumbList","@id":"https:\/\/mznoticia.com.br\/piraidosul\/ciclone-e-frente-fria-elevam-risco-de-temporais-e-chuvas-intensas-no-parana\/#breadcrumb","itemListElement":[{"@type":"ListItem","position":1,"name":"Home","item":"https:\/\/mznoticia.com.br\/piraidosul\/"},{"@type":"ListItem","position":2,"name":"Ciclone e frente fria elevam risco de temporais e chuvas intensas no Paran\u00e1"}]},{"@type":"WebSite","@id":"https:\/\/mznoticia.com.br\/piraidosul\/#website","url":"https:\/\/mznoticia.com.br\/piraidosul\/","name":"Mz Not\u00edcia","description":"A informa\u00e7\u00e3o que voc\u00ea precisa na hora certa!","publisher":{"@id":"https:\/\/mznoticia.com.br\/piraidosul\/#organization"},"potentialAction":[{"@type":"SearchAction","target":{"@type":"EntryPoint","urlTemplate":"https:\/\/mznoticia.com.br\/piraidosul\/?s={search_term_string}"},"query-input":{"@type":"PropertyValueSpecification","valueRequired":true,"valueName":"search_term_string"}}],"inLanguage":"pt-BR"},{"@type":"Organization","@id":"https:\/\/mznoticia.com.br\/piraidosul\/#organization","name":"Mz Not\u00edcia","url":"https:\/\/mznoticia.com.br\/piraidosul\/","logo":{"@type":"ImageObject","inLanguage":"pt-BR","@id":"https:\/\/mznoticia.com.br\/piraidosul\/#\/schema\/logo\/image\/","url":"https:\/\/mznoticia.com.br\/jaguariaiva\/wp-content\/uploads\/2025\/03\/Design-sem-nome-4-e1741200616392.png","contentUrl":"https:\/\/mznoticia.com.br\/jaguariaiva\/wp-content\/uploads\/2025\/03\/Design-sem-nome-4-e1741200616392.png","width":750,"height":563,"caption":"Mz Not\u00edcia"},"image":{"@id":"https:\/\/mznoticia.com.br\/piraidosul\/#\/schema\/logo\/image\/"},"sameAs":["https:\/\/www.facebook.com\/profile.php?id=61573479951222","https:\/\/www.instagram.com\/mz.jaguariaiva\/"]},{"@type":"Person","@id":"https:\/\/mznoticia.com.br\/piraidosul\/#\/schema\/person\/84012d827247b3f42f37b550da79cd03","name":"Redacao mz","image":{"@type":"ImageObject","inLanguage":"pt-BR","@id":"https:\/\/secure.gravatar.com\/avatar\/3835c58a73b55edb97de944593845d3f29acb93b7a088f3bf63afde947ab86ba?s=96&d=simple_local_avatar&r=g","url":"https:\/\/secure.gravatar.com\/avatar\/3835c58a73b55edb97de944593845d3f29acb93b7a088f3bf63afde947ab86ba?s=96&d=simple_local_avatar&r=g","contentUrl":"https:\/\/secure.gravatar.com\/avatar\/3835c58a73b55edb97de944593845d3f29acb93b7a088f3bf63afde947ab86ba?s=96&d=simple_local_avatar&r=g","caption":"Redacao mz"},"sameAs":["http:\/\/mznoticia.com.br"],"url":"https:\/\/mznoticia.com.br\/piraidosul\/author\/lucimara\/"}]}},"_links":{"self":[{"href":"https:\/\/mznoticia.com.br\/piraidosul\/wp-json\/wp\/v2\/posts\/6249","targetHints":{"allow":["GET"]}}],"collection":[{"href":"https:\/\/mznoticia.com.br\/piraidosul\/wp-json\/wp\/v2\/posts"}],"about":[{"href":"https:\/\/mznoticia.com.br\/piraidosul\/wp-json\/wp\/v2\/types\/post"}],"author":[{"embeddable":true,"href":"https:\/\/mznoticia.com.br\/piraidosul\/wp-json\/wp\/v2\/users\/16"}],"replies":[{"embeddable":true,"href":"https:\/\/mznoticia.com.br\/piraidosul\/wp-json\/wp\/v2\/comments?post=6249"}],"version-history":[{"count":1,"href":"https:\/\/mznoticia.com.br\/piraidosul\/wp-json\/wp\/v2\/posts\/6249\/revisions"}],"predecessor-version":[{"id":6251,"href":"https:\/\/mznoticia.com.br\/piraidosul\/wp-json\/wp\/v2\/posts\/6249\/revisions\/6251"}],"wp:featuredmedia":[{"embeddable":true,"href":"https:\/\/mznoticia.com.br\/piraidosul\/wp-json\/wp\/v2\/media\/6250"}],"wp:attachment":[{"href":"https:\/\/mznoticia.com.br\/piraidosul\/wp-json\/wp\/v2\/media?parent=6249"}],"wp:term":[{"taxonomy":"category","embeddable":true,"href":"https:\/\/mznoticia.com.br\/piraidosul\/wp-json\/wp\/v2\/categories?post=6249"},{"taxonomy":"post_tag","embeddable":true,"href":"https:\/\/mznoticia.com.br\/piraidosul\/wp-json\/wp\/v2\/tags?post=6249"}],"curies":[{"name":"wp","href":"https:\/\/api.w.org\/{rel}","templated":true}]}}