{"id":6252,"date":"2026-08-04T22:27:08","date_gmt":"2026-08-04T22:27:08","guid":{"rendered":"https:\/\/mznoticia.com.br\/piraidosul\/?p=6252"},"modified":"2026-08-04T22:29:14","modified_gmt":"2026-08-04T22:29:14","slug":"irmaos-morrem-atropelados-enquanto-iam-para-o-transporte-escolar-em-santa-catarina","status":"publish","type":"post","link":"https:\/\/mznoticia.com.br\/piraidosul\/irmaos-morrem-atropelados-enquanto-iam-para-o-transporte-escolar-em-santa-catarina\/","title":{"rendered":"Irm\u00e3os morrem atropelados enquanto iam para o transporte escolar em Santa Catarina"},"content":{"rendered":"<p class=\"PDq2pG_selectionAnchorContainer\" data-start=\"98\" data-end=\"252\">Crian\u00e7as de 7 e 14 anos foram atingidas por um ve\u00edculo na BR-470, em Pouso Redondo, na manh\u00e3 desta ter\u00e7a-feira (4); caso ser\u00e1 investigado.<\/p>\n<h2 data-section-id=\"1cqyfn4\" data-start=\"254\" data-end=\"285\">Acidente aconteceu na BR-470<\/h2>\n<p data-start=\"287\" data-end=\"442\">Dois irm\u00e3os morreram ap\u00f3s serem atropelados na manh\u00e3 desta ter\u00e7a-feira (4), na <strong data-start=\"366\" data-end=\"376\">BR-470<\/strong>, em <strong data-start=\"381\" data-end=\"398\">Pouso Redondo<\/strong>, no Alto Vale do Itaja\u00ed, em Santa Catarina.<\/p>\n<p data-start=\"444\" data-end=\"709\">As v\u00edtimas foram identificadas como <strong data-start=\"480\" data-end=\"504\">Arthur Joos Schssler<\/strong>, de 7 anos, e <strong data-start=\"519\" data-end=\"544\">Beatriz Joos de Souza<\/strong>, de 14 anos. Eles caminhavam em dire\u00e7\u00e3o ao ponto onde embarcariam no transporte escolar quando foram atingidos por um ve\u00edculo <strong data-start=\"671\" data-end=\"679\">Jeep<\/strong>, no quil\u00f4metro 16 da rodovia.<\/p>\n<h2 data-section-id=\"1g8nstx\" data-start=\"711\" data-end=\"764\">Forte neblina pode ter contribu\u00eddo para o acidente<\/h2>\n<p data-start=\"766\" data-end=\"932\">De acordo com as informa\u00e7\u00f5es iniciais, o atropelamento ocorreu em um trecho com intensa neblina, condi\u00e7\u00e3o que pode ter reduzido a visibilidade no momento do acidente.<\/p>\n<p data-start=\"934\" data-end=\"1043\">Com a for\u00e7a do impacto, os dois irm\u00e3os foram arremessados para as margens da pista e morreram ainda no local.<\/p>\n<h2 data-section-id=\"1tcic0a\" data-start=\"1045\" data-end=\"1085\">M\u00e3e das v\u00edtimas presenciou a trag\u00e9dia<\/h2>\n<p data-start=\"1087\" data-end=\"1185\">A m\u00e3e das crian\u00e7as acompanhava os filhos quando o acidente aconteceu e presenciou o atropelamento.<\/p>\n<p data-start=\"1187\" data-end=\"1281\">Em estado de choque, ela recebeu atendimento das equipes de socorro que atuaram na ocorr\u00eancia.<\/p>\n<h2 data-section-id=\"teveno\" data-start=\"1283\" data-end=\"1319\">Circunst\u00e2ncias ser\u00e3o investigadas<\/h2>\n<p data-start=\"1321\" data-end=\"1459\">Equipes da <strong data-start=\"1332\" data-end=\"1368\">Pol\u00edcia Rodovi\u00e1ria Federal (PRF)<\/strong> e da <strong data-start=\"1374\" data-end=\"1396\">Pol\u00edcia Cient\u00edfica<\/strong> estiveram no local para realizar os procedimentos necess\u00e1rios.<\/p>\n<p data-start=\"1461\" data-end=\"1612\">As circunst\u00e2ncias do acidente ser\u00e3o apuradas, incluindo a influ\u00eancia das condi\u00e7\u00f5es de visibilidade provocadas pela neblina no momento do atropelamento.<\/p>\n","protected":false},"excerpt":{"rendered":"<p>Crian\u00e7as de 7 e 14 anos foram atingidas por um ve\u00edculo na BR-470, em Pouso Redondo, na manh\u00e3 desta ter\u00e7a-feira (4); caso ser\u00e1 investigado. Acidente aconteceu na BR-470 Dois irm\u00e3os morreram ap\u00f3s serem atropelados na manh\u00e3 desta ter\u00e7a-feira (4), na BR-470, em Pouso Redondo, no Alto Vale do Itaja\u00ed, em Santa Catarina. As v\u00edtimas foram [&hellip;]<\/p>\n","protected":false},"author":16,"featured_media":6253,"comment_status":"open","ping_status":"open","sticky":false,"template":"","format":"standard","meta":{"footnotes":""},"categories":[149,5,12],"tags":[1569],"class_list":["post-6252","post","type-post","status-publish","format-standard","has-post-thumbnail","hentry","category-acidente","category-brasil","category-geral","tag-santacatarina-pousoredondo-br470-atropelamento-prf-acidente-tragedia-segurancanotransito-valedoitajai-mznoticias"],"yoast_head":"<!-- This site is optimized with the Yoast SEO plugin v28.1 - https:\/\/yoast.com\/product\/yoast-seo-wordpress\/ -->\n<title>Irm\u00e3os morrem atropelados enquanto iam para o transporte escolar em Santa Catarina - Mz Not\u00edcias<\/title>\n<meta name=\"description\" content=\"Irm\u00e3os de 7 e 14 anos morreram atropelados na BR-470, em Pouso Redondo (SC), enquanto seguiam para o transporte escolar. Caso ser\u00e1 investigado.\" \/>\n<meta name=\"robots\" content=\"index, follow, max-snippet:-1, max-image-preview:large, max-video-preview:-1\" \/>\n<link rel=\"canonical\" href=\"https:\/\/mznoticia.com.br\/piraidosul\/irmaos-morrem-atropelados-enquanto-iam-para-o-transporte-escolar-em-santa-catarina\/\" \/>\n<meta property=\"og:locale\" content=\"pt_BR\" \/>\n<meta property=\"og:type\" content=\"article\" \/>\n<meta property=\"og:title\" content=\"Irm\u00e3os morrem atropelados enquanto iam para o transporte escolar em Santa Catarina - Mz Not\u00edcias\" \/>\n<meta property=\"og:description\" content=\"Irm\u00e3os de 7 e 14 anos morreram atropelados na BR-470, em Pouso Redondo (SC), enquanto seguiam para o transporte escolar. Caso ser\u00e1 investigado.\" \/>\n<meta property=\"og:url\" content=\"https:\/\/mznoticia.com.br\/piraidosul\/irmaos-morrem-atropelados-enquanto-iam-para-o-transporte-escolar-em-santa-catarina\/\" \/>\n<meta property=\"og:site_name\" content=\"Mz Not\u00edcias\" \/>\n<meta property=\"article:publisher\" content=\"https:\/\/www.facebook.com\/profile.php?id=61573479951222\" \/>\n<meta property=\"article:published_time\" content=\"2026-08-04T22:27:08+00:00\" \/>\n<meta property=\"article:modified_time\" content=\"2026-08-04T22:29:14+00:00\" \/>\n<meta property=\"og:image\" content=\"https:\/\/mznoticia.com.br\/piraidosul\/wp-content\/uploads\/2026\/08\/irmaos.jpg\" \/>\n\t<meta property=\"og:image:width\" content=\"273\" \/>\n\t<meta property=\"og:image:height\" content=\"184\" \/>\n\t<meta property=\"og:image:type\" content=\"image\/jpeg\" \/>\n<meta name=\"author\" content=\"Redacao mz\" \/>\n<meta name=\"twitter:card\" content=\"summary_large_image\" \/>\n<meta name=\"twitter:label1\" content=\"Escrito por\" \/>\n\t<meta name=\"twitter:data1\" content=\"Redacao mz\" \/>\n\t<meta name=\"twitter:label2\" content=\"Est. tempo de leitura\" \/>\n\t<meta name=\"twitter:data2\" content=\"2 minutos\" \/>\n<script type=\"application\/ld+json\" class=\"yoast-schema-graph\">{\"@context\":\"https:\\\/\\\/schema.org\",\"@graph\":[{\"@type\":\"Article\",\"@id\":\"https:\\\/\\\/mznoticia.com.br\\\/piraidosul\\\/irmaos-morrem-atropelados-enquanto-iam-para-o-transporte-escolar-em-santa-catarina\\\/#article\",\"isPartOf\":{\"@id\":\"https:\\\/\\\/mznoticia.com.br\\\/piraidosul\\\/irmaos-morrem-atropelados-enquanto-iam-para-o-transporte-escolar-em-santa-catarina\\\/\"},\"author\":{\"name\":\"Redacao mz\",\"@id\":\"https:\\\/\\\/mznoticia.com.br\\\/piraidosul\\\/#\\\/schema\\\/person\\\/84012d827247b3f42f37b550da79cd03\"},\"headline\":\"Irm\u00e3os morrem atropelados enquanto iam para o transporte escolar em Santa Catarina\",\"datePublished\":\"2026-08-04T22:27:08+00:00\",\"dateModified\":\"2026-08-04T22:29:14+00:00\",\"mainEntityOfPage\":{\"@id\":\"https:\\\/\\\/mznoticia.com.br\\\/piraidosul\\\/irmaos-morrem-atropelados-enquanto-iam-para-o-transporte-escolar-em-santa-catarina\\\/\"},\"wordCount\":263,\"commentCount\":0,\"publisher\":{\"@id\":\"https:\\\/\\\/mznoticia.com.br\\\/piraidosul\\\/#organization\"},\"image\":{\"@id\":\"https:\\\/\\\/mznoticia.com.br\\\/piraidosul\\\/irmaos-morrem-atropelados-enquanto-iam-para-o-transporte-escolar-em-santa-catarina\\\/#primaryimage\"},\"thumbnailUrl\":\"https:\\\/\\\/mznoticia.com.br\\\/piraidosul\\\/wp-content\\\/uploads\\\/2026\\\/08\\\/irmaos.jpg\",\"keywords\":[\"#SantaCatarina #PousoRedondo #BR470 #Atropelamento #PRF #Acidente #Trag\u00e9dia #Seguran\u00e7aNoTr\u00e2nsito #ValeDoItaja\u00ed #MZNot\u00edcias\"],\"articleSection\":[\"Acidente\",\"Brasil\",\"Geral\"],\"inLanguage\":\"pt-BR\",\"potentialAction\":[{\"@type\":\"CommentAction\",\"name\":\"Comment\",\"target\":[\"https:\\\/\\\/mznoticia.com.br\\\/piraidosul\\\/irmaos-morrem-atropelados-enquanto-iam-para-o-transporte-escolar-em-santa-catarina\\\/#respond\"]}]},{\"@type\":\"WebPage\",\"@id\":\"https:\\\/\\\/mznoticia.com.br\\\/piraidosul\\\/irmaos-morrem-atropelados-enquanto-iam-para-o-transporte-escolar-em-santa-catarina\\\/\",\"url\":\"https:\\\/\\\/mznoticia.com.br\\\/piraidosul\\\/irmaos-morrem-atropelados-enquanto-iam-para-o-transporte-escolar-em-santa-catarina\\\/\",\"name\":\"Irm\u00e3os morrem atropelados enquanto iam para o transporte escolar em Santa Catarina - Mz Not\u00edcias\",\"isPartOf\":{\"@id\":\"https:\\\/\\\/mznoticia.com.br\\\/piraidosul\\\/#website\"},\"primaryImageOfPage\":{\"@id\":\"https:\\\/\\\/mznoticia.com.br\\\/piraidosul\\\/irmaos-morrem-atropelados-enquanto-iam-para-o-transporte-escolar-em-santa-catarina\\\/#primaryimage\"},\"image\":{\"@id\":\"https:\\\/\\\/mznoticia.com.br\\\/piraidosul\\\/irmaos-morrem-atropelados-enquanto-iam-para-o-transporte-escolar-em-santa-catarina\\\/#primaryimage\"},\"thumbnailUrl\":\"https:\\\/\\\/mznoticia.com.br\\\/piraidosul\\\/wp-content\\\/uploads\\\/2026\\\/08\\\/irmaos.jpg\",\"datePublished\":\"2026-08-04T22:27:08+00:00\",\"dateModified\":\"2026-08-04T22:29:14+00:00\",\"description\":\"Irm\u00e3os de 7 e 14 anos morreram atropelados na BR-470, em Pouso Redondo (SC), enquanto seguiam para o transporte escolar. Caso ser\u00e1 investigado.\",\"breadcrumb\":{\"@id\":\"https:\\\/\\\/mznoticia.com.br\\\/piraidosul\\\/irmaos-morrem-atropelados-enquanto-iam-para-o-transporte-escolar-em-santa-catarina\\\/#breadcrumb\"},\"inLanguage\":\"pt-BR\",\"potentialAction\":[{\"@type\":\"ReadAction\",\"target\":[\"https:\\\/\\\/mznoticia.com.br\\\/piraidosul\\\/irmaos-morrem-atropelados-enquanto-iam-para-o-transporte-escolar-em-santa-catarina\\\/\"]}]},{\"@type\":\"ImageObject\",\"inLanguage\":\"pt-BR\",\"@id\":\"https:\\\/\\\/mznoticia.com.br\\\/piraidosul\\\/irmaos-morrem-atropelados-enquanto-iam-para-o-transporte-escolar-em-santa-catarina\\\/#primaryimage\",\"url\":\"https:\\\/\\\/mznoticia.com.br\\\/piraidosul\\\/wp-content\\\/uploads\\\/2026\\\/08\\\/irmaos.jpg\",\"contentUrl\":\"https:\\\/\\\/mznoticia.com.br\\\/piraidosul\\\/wp-content\\\/uploads\\\/2026\\\/08\\\/irmaos.jpg\",\"width\":273,\"height\":184},{\"@type\":\"BreadcrumbList\",\"@id\":\"https:\\\/\\\/mznoticia.com.br\\\/piraidosul\\\/irmaos-morrem-atropelados-enquanto-iam-para-o-transporte-escolar-em-santa-catarina\\\/#breadcrumb\",\"itemListElement\":[{\"@type\":\"ListItem\",\"position\":1,\"name\":\"Home\",\"item\":\"https:\\\/\\\/mznoticia.com.br\\\/piraidosul\\\/\"},{\"@type\":\"ListItem\",\"position\":2,\"name\":\"Irm\u00e3os morrem atropelados enquanto iam para o transporte escolar em Santa Catarina\"}]},{\"@type\":\"WebSite\",\"@id\":\"https:\\\/\\\/mznoticia.com.br\\\/piraidosul\\\/#website\",\"url\":\"https:\\\/\\\/mznoticia.com.br\\\/piraidosul\\\/\",\"name\":\"Mz Not\u00edcia\",\"description\":\"A informa\u00e7\u00e3o que voc\u00ea precisa na hora certa!\",\"publisher\":{\"@id\":\"https:\\\/\\\/mznoticia.com.br\\\/piraidosul\\\/#organization\"},\"potentialAction\":[{\"@type\":\"SearchAction\",\"target\":{\"@type\":\"EntryPoint\",\"urlTemplate\":\"https:\\\/\\\/mznoticia.com.br\\\/piraidosul\\\/?s={search_term_string}\"},\"query-input\":{\"@type\":\"PropertyValueSpecification\",\"valueRequired\":true,\"valueName\":\"search_term_string\"}}],\"inLanguage\":\"pt-BR\"},{\"@type\":\"Organization\",\"@id\":\"https:\\\/\\\/mznoticia.com.br\\\/piraidosul\\\/#organization\",\"name\":\"Mz Not\u00edcia\",\"url\":\"https:\\\/\\\/mznoticia.com.br\\\/piraidosul\\\/\",\"logo\":{\"@type\":\"ImageObject\",\"inLanguage\":\"pt-BR\",\"@id\":\"https:\\\/\\\/mznoticia.com.br\\\/piraidosul\\\/#\\\/schema\\\/logo\\\/image\\\/\",\"url\":\"https:\\\/\\\/mznoticia.com.br\\\/jaguariaiva\\\/wp-content\\\/uploads\\\/2025\\\/03\\\/Design-sem-nome-4-e1741200616392.png\",\"contentUrl\":\"https:\\\/\\\/mznoticia.com.br\\\/jaguariaiva\\\/wp-content\\\/uploads\\\/2025\\\/03\\\/Design-sem-nome-4-e1741200616392.png\",\"width\":750,\"height\":563,\"caption\":\"Mz Not\u00edcia\"},\"image\":{\"@id\":\"https:\\\/\\\/mznoticia.com.br\\\/piraidosul\\\/#\\\/schema\\\/logo\\\/image\\\/\"},\"sameAs\":[\"https:\\\/\\\/www.facebook.com\\\/profile.php?id=61573479951222\",\"https:\\\/\\\/www.instagram.com\\\/mz.jaguariaiva\\\/\"]},{\"@type\":\"Person\",\"@id\":\"https:\\\/\\\/mznoticia.com.br\\\/piraidosul\\\/#\\\/schema\\\/person\\\/84012d827247b3f42f37b550da79cd03\",\"name\":\"Redacao mz\",\"image\":{\"@type\":\"ImageObject\",\"inLanguage\":\"pt-BR\",\"@id\":\"https:\\\/\\\/secure.gravatar.com\\\/avatar\\\/3835c58a73b55edb97de944593845d3f29acb93b7a088f3bf63afde947ab86ba?s=96&d=simple_local_avatar&r=g\",\"url\":\"https:\\\/\\\/secure.gravatar.com\\\/avatar\\\/3835c58a73b55edb97de944593845d3f29acb93b7a088f3bf63afde947ab86ba?s=96&d=simple_local_avatar&r=g\",\"contentUrl\":\"https:\\\/\\\/secure.gravatar.com\\\/avatar\\\/3835c58a73b55edb97de944593845d3f29acb93b7a088f3bf63afde947ab86ba?s=96&d=simple_local_avatar&r=g\",\"caption\":\"Redacao mz\"},\"sameAs\":[\"http:\\\/\\\/mznoticia.com.br\"],\"url\":\"https:\\\/\\\/mznoticia.com.br\\\/piraidosul\\\/author\\\/lucimara\\\/\"}]}<\/script>\n<!-- \/ Yoast SEO plugin. -->","yoast_head_json":{"title":"Irm\u00e3os morrem atropelados enquanto iam para o transporte escolar em Santa Catarina - Mz Not\u00edcias","description":"Irm\u00e3os de 7 e 14 anos morreram atropelados na BR-470, em Pouso Redondo (SC), enquanto seguiam para o transporte escolar. Caso ser\u00e1 investigado.","robots":{"index":"index","follow":"follow","max-snippet":"max-snippet:-1","max-image-preview":"max-image-preview:large","max-video-preview":"max-video-preview:-1"},"canonical":"https:\/\/mznoticia.com.br\/piraidosul\/irmaos-morrem-atropelados-enquanto-iam-para-o-transporte-escolar-em-santa-catarina\/","og_locale":"pt_BR","og_type":"article","og_title":"Irm\u00e3os morrem atropelados enquanto iam para o transporte escolar em Santa Catarina - Mz Not\u00edcias","og_description":"Irm\u00e3os de 7 e 14 anos morreram atropelados na BR-470, em Pouso Redondo (SC), enquanto seguiam para o transporte escolar. Caso ser\u00e1 investigado.","og_url":"https:\/\/mznoticia.com.br\/piraidosul\/irmaos-morrem-atropelados-enquanto-iam-para-o-transporte-escolar-em-santa-catarina\/","og_site_name":"Mz Not\u00edcias","article_publisher":"https:\/\/www.facebook.com\/profile.php?id=61573479951222","article_published_time":"2026-08-04T22:27:08+00:00","article_modified_time":"2026-08-04T22:29:14+00:00","og_image":[{"width":273,"height":184,"url":"https:\/\/mznoticia.com.br\/piraidosul\/wp-content\/uploads\/2026\/08\/irmaos.jpg","type":"image\/jpeg"}],"author":"Redacao mz","twitter_card":"summary_large_image","twitter_misc":{"Escrito por":"Redacao mz","Est. tempo de leitura":"2 minutos"},"schema":{"@context":"https:\/\/schema.org","@graph":[{"@type":"Article","@id":"https:\/\/mznoticia.com.br\/piraidosul\/irmaos-morrem-atropelados-enquanto-iam-para-o-transporte-escolar-em-santa-catarina\/#article","isPartOf":{"@id":"https:\/\/mznoticia.com.br\/piraidosul\/irmaos-morrem-atropelados-enquanto-iam-para-o-transporte-escolar-em-santa-catarina\/"},"author":{"name":"Redacao mz","@id":"https:\/\/mznoticia.com.br\/piraidosul\/#\/schema\/person\/84012d827247b3f42f37b550da79cd03"},"headline":"Irm\u00e3os morrem atropelados enquanto iam para o transporte escolar em Santa Catarina","datePublished":"2026-08-04T22:27:08+00:00","dateModified":"2026-08-04T22:29:14+00:00","mainEntityOfPage":{"@id":"https:\/\/mznoticia.com.br\/piraidosul\/irmaos-morrem-atropelados-enquanto-iam-para-o-transporte-escolar-em-santa-catarina\/"},"wordCount":263,"commentCount":0,"publisher":{"@id":"https:\/\/mznoticia.com.br\/piraidosul\/#organization"},"image":{"@id":"https:\/\/mznoticia.com.br\/piraidosul\/irmaos-morrem-atropelados-enquanto-iam-para-o-transporte-escolar-em-santa-catarina\/#primaryimage"},"thumbnailUrl":"https:\/\/mznoticia.com.br\/piraidosul\/wp-content\/uploads\/2026\/08\/irmaos.jpg","keywords":["#SantaCatarina #PousoRedondo #BR470 #Atropelamento #PRF #Acidente #Trag\u00e9dia #Seguran\u00e7aNoTr\u00e2nsito #ValeDoItaja\u00ed #MZNot\u00edcias"],"articleSection":["Acidente","Brasil","Geral"],"inLanguage":"pt-BR","potentialAction":[{"@type":"CommentAction","name":"Comment","target":["https:\/\/mznoticia.com.br\/piraidosul\/irmaos-morrem-atropelados-enquanto-iam-para-o-transporte-escolar-em-santa-catarina\/#respond"]}]},{"@type":"WebPage","@id":"https:\/\/mznoticia.com.br\/piraidosul\/irmaos-morrem-atropelados-enquanto-iam-para-o-transporte-escolar-em-santa-catarina\/","url":"https:\/\/mznoticia.com.br\/piraidosul\/irmaos-morrem-atropelados-enquanto-iam-para-o-transporte-escolar-em-santa-catarina\/","name":"Irm\u00e3os morrem atropelados enquanto iam para o transporte escolar em Santa Catarina - Mz Not\u00edcias","isPartOf":{"@id":"https:\/\/mznoticia.com.br\/piraidosul\/#website"},"primaryImageOfPage":{"@id":"https:\/\/mznoticia.com.br\/piraidosul\/irmaos-morrem-atropelados-enquanto-iam-para-o-transporte-escolar-em-santa-catarina\/#primaryimage"},"image":{"@id":"https:\/\/mznoticia.com.br\/piraidosul\/irmaos-morrem-atropelados-enquanto-iam-para-o-transporte-escolar-em-santa-catarina\/#primaryimage"},"thumbnailUrl":"https:\/\/mznoticia.com.br\/piraidosul\/wp-content\/uploads\/2026\/08\/irmaos.jpg","datePublished":"2026-08-04T22:27:08+00:00","dateModified":"2026-08-04T22:29:14+00:00","description":"Irm\u00e3os de 7 e 14 anos morreram atropelados na BR-470, em Pouso Redondo (SC), enquanto seguiam para o transporte escolar. Caso ser\u00e1 investigado.","breadcrumb":{"@id":"https:\/\/mznoticia.com.br\/piraidosul\/irmaos-morrem-atropelados-enquanto-iam-para-o-transporte-escolar-em-santa-catarina\/#breadcrumb"},"inLanguage":"pt-BR","potentialAction":[{"@type":"ReadAction","target":["https:\/\/mznoticia.com.br\/piraidosul\/irmaos-morrem-atropelados-enquanto-iam-para-o-transporte-escolar-em-santa-catarina\/"]}]},{"@type":"ImageObject","inLanguage":"pt-BR","@id":"https:\/\/mznoticia.com.br\/piraidosul\/irmaos-morrem-atropelados-enquanto-iam-para-o-transporte-escolar-em-santa-catarina\/#primaryimage","url":"https:\/\/mznoticia.com.br\/piraidosul\/wp-content\/uploads\/2026\/08\/irmaos.jpg","contentUrl":"https:\/\/mznoticia.com.br\/piraidosul\/wp-content\/uploads\/2026\/08\/irmaos.jpg","width":273,"height":184},{"@type":"BreadcrumbList","@id":"https:\/\/mznoticia.com.br\/piraidosul\/irmaos-morrem-atropelados-enquanto-iam-para-o-transporte-escolar-em-santa-catarina\/#breadcrumb","itemListElement":[{"@type":"ListItem","position":1,"name":"Home","item":"https:\/\/mznoticia.com.br\/piraidosul\/"},{"@type":"ListItem","position":2,"name":"Irm\u00e3os morrem atropelados enquanto iam para o transporte escolar em Santa Catarina"}]},{"@type":"WebSite","@id":"https:\/\/mznoticia.com.br\/piraidosul\/#website","url":"https:\/\/mznoticia.com.br\/piraidosul\/","name":"Mz Not\u00edcia","description":"A informa\u00e7\u00e3o que voc\u00ea precisa na hora certa!","publisher":{"@id":"https:\/\/mznoticia.com.br\/piraidosul\/#organization"},"potentialAction":[{"@type":"SearchAction","target":{"@type":"EntryPoint","urlTemplate":"https:\/\/mznoticia.com.br\/piraidosul\/?s={search_term_string}"},"query-input":{"@type":"PropertyValueSpecification","valueRequired":true,"valueName":"search_term_string"}}],"inLanguage":"pt-BR"},{"@type":"Organization","@id":"https:\/\/mznoticia.com.br\/piraidosul\/#organization","name":"Mz Not\u00edcia","url":"https:\/\/mznoticia.com.br\/piraidosul\/","logo":{"@type":"ImageObject","inLanguage":"pt-BR","@id":"https:\/\/mznoticia.com.br\/piraidosul\/#\/schema\/logo\/image\/","url":"https:\/\/mznoticia.com.br\/jaguariaiva\/wp-content\/uploads\/2025\/03\/Design-sem-nome-4-e1741200616392.png","contentUrl":"https:\/\/mznoticia.com.br\/jaguariaiva\/wp-content\/uploads\/2025\/03\/Design-sem-nome-4-e1741200616392.png","width":750,"height":563,"caption":"Mz Not\u00edcia"},"image":{"@id":"https:\/\/mznoticia.com.br\/piraidosul\/#\/schema\/logo\/image\/"},"sameAs":["https:\/\/www.facebook.com\/profile.php?id=61573479951222","https:\/\/www.instagram.com\/mz.jaguariaiva\/"]},{"@type":"Person","@id":"https:\/\/mznoticia.com.br\/piraidosul\/#\/schema\/person\/84012d827247b3f42f37b550da79cd03","name":"Redacao mz","image":{"@type":"ImageObject","inLanguage":"pt-BR","@id":"https:\/\/secure.gravatar.com\/avatar\/3835c58a73b55edb97de944593845d3f29acb93b7a088f3bf63afde947ab86ba?s=96&d=simple_local_avatar&r=g","url":"https:\/\/secure.gravatar.com\/avatar\/3835c58a73b55edb97de944593845d3f29acb93b7a088f3bf63afde947ab86ba?s=96&d=simple_local_avatar&r=g","contentUrl":"https:\/\/secure.gravatar.com\/avatar\/3835c58a73b55edb97de944593845d3f29acb93b7a088f3bf63afde947ab86ba?s=96&d=simple_local_avatar&r=g","caption":"Redacao mz"},"sameAs":["http:\/\/mznoticia.com.br"],"url":"https:\/\/mznoticia.com.br\/piraidosul\/author\/lucimara\/"}]}},"_links":{"self":[{"href":"https:\/\/mznoticia.com.br\/piraidosul\/wp-json\/wp\/v2\/posts\/6252","targetHints":{"allow":["GET"]}}],"collection":[{"href":"https:\/\/mznoticia.com.br\/piraidosul\/wp-json\/wp\/v2\/posts"}],"about":[{"href":"https:\/\/mznoticia.com.br\/piraidosul\/wp-json\/wp\/v2\/types\/post"}],"author":[{"embeddable":true,"href":"https:\/\/mznoticia.com.br\/piraidosul\/wp-json\/wp\/v2\/users\/16"}],"replies":[{"embeddable":true,"href":"https:\/\/mznoticia.com.br\/piraidosul\/wp-json\/wp\/v2\/comments?post=6252"}],"version-history":[{"count":1,"href":"https:\/\/mznoticia.com.br\/piraidosul\/wp-json\/wp\/v2\/posts\/6252\/revisions"}],"predecessor-version":[{"id":6254,"href":"https:\/\/mznoticia.com.br\/piraidosul\/wp-json\/wp\/v2\/posts\/6252\/revisions\/6254"}],"wp:featuredmedia":[{"embeddable":true,"href":"https:\/\/mznoticia.com.br\/piraidosul\/wp-json\/wp\/v2\/media\/6253"}],"wp:attachment":[{"href":"https:\/\/mznoticia.com.br\/piraidosul\/wp-json\/wp\/v2\/media?parent=6252"}],"wp:term":[{"taxonomy":"category","embeddable":true,"href":"https:\/\/mznoticia.com.br\/piraidosul\/wp-json\/wp\/v2\/categories?post=6252"},{"taxonomy":"post_tag","embeddable":true,"href":"https:\/\/mznoticia.com.br\/piraidosul\/wp-json\/wp\/v2\/tags?post=6252"}],"curies":[{"name":"wp","href":"https:\/\/api.w.org\/{rel}","templated":true}]}}