{"id":6373,"date":"2026-08-06T12:35:35","date_gmt":"2026-08-06T12:35:35","guid":{"rendered":"https:\/\/mznoticia.com.br\/piraidosul\/?p=6373"},"modified":"2026-08-06T12:35:46","modified_gmt":"2026-08-06T12:35:46","slug":"suspeito-de-furto-de-veiculo-morre-em-confronto-com-a-policia-militar-em-pirai-do-sul","status":"publish","type":"post","link":"https:\/\/mznoticia.com.br\/piraidosul\/suspeito-de-furto-de-veiculo-morre-em-confronto-com-a-policia-militar-em-pirai-do-sul\/","title":{"rendered":"Suspeito de furto de ve\u00edculo morre em confronto com a Pol\u00edcia Militar em Pira\u00ed do Sul"},"content":{"rendered":"<p class=\"PDq2pG_selectionAnchorContainer\" data-start=\"105\" data-end=\"270\">Homem de 22 anos morreu ap\u00f3s troca de tiros durante tentativa de abordagem. Um policial militar foi baleado na m\u00e3o e precisar\u00e1 passar por cirurgia.<\/p>\n<h2 data-section-id=\"mhg2z7\" data-start=\"272\" data-end=\"310\">Confronto ocorreu durante abordagem<\/h2>\n<p data-start=\"312\" data-end=\"460\">Um homem de 22 anos morreu ap\u00f3s entrar em confronto com equipes da Pol\u00edcia Militar na tarde de quarta-feira (5), em Pira\u00ed do Sul, nos Campos Gerais.<\/p>\n<p data-start=\"462\" data-end=\"670\">Segundo a PM, a troca de tiros aconteceu durante uma tentativa de abordagem. O suspeito, identificado como Victor Gabriel Camargo Didres, teria reagido \u00e0 a\u00e7\u00e3o policial e efetuado disparos contra os militares.<\/p>\n<h2 data-section-id=\"13swykd\" data-start=\"672\" data-end=\"696\">Policial ficou ferido<\/h2>\n<p data-start=\"698\" data-end=\"808\">Durante o confronto, um cabo da Pol\u00edcia Militar foi atingido por um tiro na m\u00e3o, sofrendo uma fratura exposta.<\/p>\n<p data-start=\"810\" data-end=\"1041\">O policial recebeu os primeiros atendimentos ainda no local e, posteriormente, foi encaminhado para atendimento m\u00e9dico. Na sequ\u00eancia, seria transferido ao Hospital Regional de Ponta Grossa, onde passaria por procedimento cir\u00fargico.<\/p>\n<h2 data-section-id=\"13tdt7t\" data-start=\"1043\" data-end=\"1070\">Suspeito morreu no local<\/h2>\n<p data-start=\"1072\" data-end=\"1164\">Conforme a Pol\u00edcia Militar, diante da agress\u00e3o, os agentes revidaram e atingiram o suspeito.<\/p>\n<p data-start=\"1166\" data-end=\"1293\">Equipes do Servi\u00e7o de Atendimento M\u00f3vel de Urg\u00eancia (Samu) foram acionadas, por\u00e9m apenas constataram a morte do homem no local.<\/p>\n<p data-start=\"1295\" data-end=\"1475\">De acordo com a corpora\u00e7\u00e3o, Victor Gabriel Camargo Didres era investigado por envolvimento no furto de um ve\u00edculo ocorrido no \u00faltimo domingo (2), na regi\u00e3o central de Pira\u00ed do Sul.<\/p>\n<h2 data-section-id=\"b9iw9w\" data-start=\"1477\" data-end=\"1487\">Per\u00edcia<\/h2>\n<p data-start=\"1489\" data-end=\"1697\">A \u00e1rea do confronto foi isolada para os trabalhos da Pol\u00edcia Cient\u00edfica. Equipes da Pol\u00edcia Civil e do Instituto M\u00e9dico-Legal (IML) tamb\u00e9m estiveram no local para realizar a per\u00edcia e o recolhimento do corpo.<\/p>\n<p data-start=\"1489\" data-end=\"1697\">\u00a0<label class=\"mw-image-author\">Foto: Divulga\u00e7\u00e3o<\/label><\/p>\n","protected":false},"excerpt":{"rendered":"<p>Homem de 22 anos morreu ap\u00f3s troca de tiros durante tentativa de abordagem. Um policial militar foi baleado na m\u00e3o e precisar\u00e1 passar por cirurgia. Confronto ocorreu durante abordagem Um homem de 22 anos morreu ap\u00f3s entrar em confronto com equipes da Pol\u00edcia Militar na tarde de quarta-feira (5), em Pira\u00ed do Sul, nos Campos [&hellip;]<\/p>\n","protected":false},"author":16,"featured_media":6374,"comment_status":"open","ping_status":"open","sticky":false,"template":"","format":"standard","meta":{"footnotes":""},"categories":[4],"tags":[196,759,47,1684,1420,135,622,205,140,935,240],"class_list":["post-6373","post","type-post","status-publish","format-standard","has-post-thumbnail","hentry","category-policial","tag-campos-gerais","tag-confronto","tag-destaque","tag-furto-de-veiculo","tag-iml","tag-pirai-do-sul","tag-policia-cientifica","tag-policia-civil","tag-policia-militar","tag-samu","tag-seguranca-publica"],"yoast_head":"<!-- This site is optimized with the Yoast SEO plugin v28.1 - https:\/\/yoast.com\/product\/yoast-seo-wordpress\/ -->\n<title>Suspeito de furto de ve\u00edculo morre em confronto com a Pol\u00edcia Militar em Pira\u00ed do Sul - Mz Not\u00edcias<\/title>\n<meta name=\"description\" content=\"Suspeito de 22 anos morre em confronto com a Pol\u00edcia Militar durante tentativa de abordagem em Pira\u00ed do Sul. Policial ficou ferido e ser\u00e1 submetido \u00e0 cirurgia.\" \/>\n<meta name=\"robots\" content=\"index, follow, max-snippet:-1, max-image-preview:large, max-video-preview:-1\" \/>\n<link rel=\"canonical\" href=\"https:\/\/mznoticia.com.br\/piraidosul\/suspeito-de-furto-de-veiculo-morre-em-confronto-com-a-policia-militar-em-pirai-do-sul\/\" \/>\n<meta property=\"og:locale\" content=\"pt_BR\" \/>\n<meta property=\"og:type\" content=\"article\" \/>\n<meta property=\"og:title\" content=\"Suspeito de furto de ve\u00edculo morre em confronto com a Pol\u00edcia Militar em Pira\u00ed do Sul - Mz Not\u00edcias\" \/>\n<meta property=\"og:description\" content=\"Suspeito de 22 anos morre em confronto com a Pol\u00edcia Militar durante tentativa de abordagem em Pira\u00ed do Sul. Policial ficou ferido e ser\u00e1 submetido \u00e0 cirurgia.\" \/>\n<meta property=\"og:url\" content=\"https:\/\/mznoticia.com.br\/piraidosul\/suspeito-de-furto-de-veiculo-morre-em-confronto-com-a-policia-militar-em-pirai-do-sul\/\" \/>\n<meta property=\"og:site_name\" content=\"Mz Not\u00edcias\" \/>\n<meta property=\"article:publisher\" content=\"https:\/\/www.facebook.com\/profile.php?id=61573479951222\" \/>\n<meta property=\"article:published_time\" content=\"2026-08-06T12:35:35+00:00\" \/>\n<meta property=\"article:modified_time\" content=\"2026-08-06T12:35:46+00:00\" \/>\n<meta property=\"og:image\" content=\"https:\/\/mznoticia.com.br\/piraidosul\/wp-content\/uploads\/2026\/08\/15.webp\" \/>\n\t<meta property=\"og:image:width\" content=\"1000\" \/>\n\t<meta property=\"og:image:height\" content=\"500\" \/>\n\t<meta property=\"og:image:type\" content=\"image\/webp\" \/>\n<meta name=\"author\" content=\"Redacao mz\" \/>\n<meta name=\"twitter:card\" content=\"summary_large_image\" \/>\n<meta name=\"twitter:label1\" content=\"Escrito por\" \/>\n\t<meta name=\"twitter:data1\" content=\"Redacao mz\" \/>\n\t<meta name=\"twitter:label2\" content=\"Est. tempo de leitura\" \/>\n\t<meta name=\"twitter:data2\" content=\"2 minutos\" \/>\n<script type=\"application\/ld+json\" class=\"yoast-schema-graph\">{\"@context\":\"https:\\\/\\\/schema.org\",\"@graph\":[{\"@type\":\"Article\",\"@id\":\"https:\\\/\\\/mznoticia.com.br\\\/piraidosul\\\/suspeito-de-furto-de-veiculo-morre-em-confronto-com-a-policia-militar-em-pirai-do-sul\\\/#article\",\"isPartOf\":{\"@id\":\"https:\\\/\\\/mznoticia.com.br\\\/piraidosul\\\/suspeito-de-furto-de-veiculo-morre-em-confronto-com-a-policia-militar-em-pirai-do-sul\\\/\"},\"author\":{\"name\":\"Redacao mz\",\"@id\":\"https:\\\/\\\/mznoticia.com.br\\\/piraidosul\\\/#\\\/schema\\\/person\\\/84012d827247b3f42f37b550da79cd03\"},\"headline\":\"Suspeito de furto de ve\u00edculo morre em confronto com a Pol\u00edcia Militar em Pira\u00ed do Sul\",\"datePublished\":\"2026-08-06T12:35:35+00:00\",\"dateModified\":\"2026-08-06T12:35:46+00:00\",\"mainEntityOfPage\":{\"@id\":\"https:\\\/\\\/mznoticia.com.br\\\/piraidosul\\\/suspeito-de-furto-de-veiculo-morre-em-confronto-com-a-policia-militar-em-pirai-do-sul\\\/\"},\"wordCount\":286,\"commentCount\":0,\"publisher\":{\"@id\":\"https:\\\/\\\/mznoticia.com.br\\\/piraidosul\\\/#organization\"},\"image\":{\"@id\":\"https:\\\/\\\/mznoticia.com.br\\\/piraidosul\\\/suspeito-de-furto-de-veiculo-morre-em-confronto-com-a-policia-militar-em-pirai-do-sul\\\/#primaryimage\"},\"thumbnailUrl\":\"https:\\\/\\\/mznoticia.com.br\\\/piraidosul\\\/wp-content\\\/uploads\\\/2026\\\/08\\\/15.webp\",\"keywords\":[\"campos gerais\",\"Confronto\",\"destaque\",\"Furto de Ve\u00edculo\",\"IML\",\"Pira\u00ed do Sul\",\"Pol\u00edcia Cient\u00edfica\",\"policia civil\",\"Policia Militar\",\"SAMU\",\"Seguran\u00e7a P\u00fablica\"],\"articleSection\":[\"Policial\"],\"inLanguage\":\"pt-BR\",\"potentialAction\":[{\"@type\":\"CommentAction\",\"name\":\"Comment\",\"target\":[\"https:\\\/\\\/mznoticia.com.br\\\/piraidosul\\\/suspeito-de-furto-de-veiculo-morre-em-confronto-com-a-policia-militar-em-pirai-do-sul\\\/#respond\"]}]},{\"@type\":\"WebPage\",\"@id\":\"https:\\\/\\\/mznoticia.com.br\\\/piraidosul\\\/suspeito-de-furto-de-veiculo-morre-em-confronto-com-a-policia-militar-em-pirai-do-sul\\\/\",\"url\":\"https:\\\/\\\/mznoticia.com.br\\\/piraidosul\\\/suspeito-de-furto-de-veiculo-morre-em-confronto-com-a-policia-militar-em-pirai-do-sul\\\/\",\"name\":\"Suspeito de furto de ve\u00edculo morre em confronto com a Pol\u00edcia Militar em Pira\u00ed do Sul - Mz Not\u00edcias\",\"isPartOf\":{\"@id\":\"https:\\\/\\\/mznoticia.com.br\\\/piraidosul\\\/#website\"},\"primaryImageOfPage\":{\"@id\":\"https:\\\/\\\/mznoticia.com.br\\\/piraidosul\\\/suspeito-de-furto-de-veiculo-morre-em-confronto-com-a-policia-militar-em-pirai-do-sul\\\/#primaryimage\"},\"image\":{\"@id\":\"https:\\\/\\\/mznoticia.com.br\\\/piraidosul\\\/suspeito-de-furto-de-veiculo-morre-em-confronto-com-a-policia-militar-em-pirai-do-sul\\\/#primaryimage\"},\"thumbnailUrl\":\"https:\\\/\\\/mznoticia.com.br\\\/piraidosul\\\/wp-content\\\/uploads\\\/2026\\\/08\\\/15.webp\",\"datePublished\":\"2026-08-06T12:35:35+00:00\",\"dateModified\":\"2026-08-06T12:35:46+00:00\",\"description\":\"Suspeito de 22 anos morre em confronto com a Pol\u00edcia Militar durante tentativa de abordagem em Pira\u00ed do Sul. Policial ficou ferido e ser\u00e1 submetido \u00e0 cirurgia.\",\"breadcrumb\":{\"@id\":\"https:\\\/\\\/mznoticia.com.br\\\/piraidosul\\\/suspeito-de-furto-de-veiculo-morre-em-confronto-com-a-policia-militar-em-pirai-do-sul\\\/#breadcrumb\"},\"inLanguage\":\"pt-BR\",\"potentialAction\":[{\"@type\":\"ReadAction\",\"target\":[\"https:\\\/\\\/mznoticia.com.br\\\/piraidosul\\\/suspeito-de-furto-de-veiculo-morre-em-confronto-com-a-policia-militar-em-pirai-do-sul\\\/\"]}]},{\"@type\":\"ImageObject\",\"inLanguage\":\"pt-BR\",\"@id\":\"https:\\\/\\\/mznoticia.com.br\\\/piraidosul\\\/suspeito-de-furto-de-veiculo-morre-em-confronto-com-a-policia-militar-em-pirai-do-sul\\\/#primaryimage\",\"url\":\"https:\\\/\\\/mznoticia.com.br\\\/piraidosul\\\/wp-content\\\/uploads\\\/2026\\\/08\\\/15.webp\",\"contentUrl\":\"https:\\\/\\\/mznoticia.com.br\\\/piraidosul\\\/wp-content\\\/uploads\\\/2026\\\/08\\\/15.webp\",\"width\":1000,\"height\":500},{\"@type\":\"BreadcrumbList\",\"@id\":\"https:\\\/\\\/mznoticia.com.br\\\/piraidosul\\\/suspeito-de-furto-de-veiculo-morre-em-confronto-com-a-policia-militar-em-pirai-do-sul\\\/#breadcrumb\",\"itemListElement\":[{\"@type\":\"ListItem\",\"position\":1,\"name\":\"Home\",\"item\":\"https:\\\/\\\/mznoticia.com.br\\\/piraidosul\\\/\"},{\"@type\":\"ListItem\",\"position\":2,\"name\":\"Suspeito de furto de ve\u00edculo morre em confronto com a Pol\u00edcia Militar em Pira\u00ed do Sul\"}]},{\"@type\":\"WebSite\",\"@id\":\"https:\\\/\\\/mznoticia.com.br\\\/piraidosul\\\/#website\",\"url\":\"https:\\\/\\\/mznoticia.com.br\\\/piraidosul\\\/\",\"name\":\"Mz Not\u00edcia\",\"description\":\"A informa\u00e7\u00e3o que voc\u00ea precisa na hora certa!\",\"publisher\":{\"@id\":\"https:\\\/\\\/mznoticia.com.br\\\/piraidosul\\\/#organization\"},\"potentialAction\":[{\"@type\":\"SearchAction\",\"target\":{\"@type\":\"EntryPoint\",\"urlTemplate\":\"https:\\\/\\\/mznoticia.com.br\\\/piraidosul\\\/?s={search_term_string}\"},\"query-input\":{\"@type\":\"PropertyValueSpecification\",\"valueRequired\":true,\"valueName\":\"search_term_string\"}}],\"inLanguage\":\"pt-BR\"},{\"@type\":\"Organization\",\"@id\":\"https:\\\/\\\/mznoticia.com.br\\\/piraidosul\\\/#organization\",\"name\":\"Mz Not\u00edcia\",\"url\":\"https:\\\/\\\/mznoticia.com.br\\\/piraidosul\\\/\",\"logo\":{\"@type\":\"ImageObject\",\"inLanguage\":\"pt-BR\",\"@id\":\"https:\\\/\\\/mznoticia.com.br\\\/piraidosul\\\/#\\\/schema\\\/logo\\\/image\\\/\",\"url\":\"https:\\\/\\\/mznoticia.com.br\\\/jaguariaiva\\\/wp-content\\\/uploads\\\/2025\\\/03\\\/Design-sem-nome-4-e1741200616392.png\",\"contentUrl\":\"https:\\\/\\\/mznoticia.com.br\\\/jaguariaiva\\\/wp-content\\\/uploads\\\/2025\\\/03\\\/Design-sem-nome-4-e1741200616392.png\",\"width\":750,\"height\":563,\"caption\":\"Mz Not\u00edcia\"},\"image\":{\"@id\":\"https:\\\/\\\/mznoticia.com.br\\\/piraidosul\\\/#\\\/schema\\\/logo\\\/image\\\/\"},\"sameAs\":[\"https:\\\/\\\/www.facebook.com\\\/profile.php?id=61573479951222\",\"https:\\\/\\\/www.instagram.com\\\/mz.jaguariaiva\\\/\"]},{\"@type\":\"Person\",\"@id\":\"https:\\\/\\\/mznoticia.com.br\\\/piraidosul\\\/#\\\/schema\\\/person\\\/84012d827247b3f42f37b550da79cd03\",\"name\":\"Redacao mz\",\"image\":{\"@type\":\"ImageObject\",\"inLanguage\":\"pt-BR\",\"@id\":\"https:\\\/\\\/secure.gravatar.com\\\/avatar\\\/3835c58a73b55edb97de944593845d3f29acb93b7a088f3bf63afde947ab86ba?s=96&d=simple_local_avatar&r=g\",\"url\":\"https:\\\/\\\/secure.gravatar.com\\\/avatar\\\/3835c58a73b55edb97de944593845d3f29acb93b7a088f3bf63afde947ab86ba?s=96&d=simple_local_avatar&r=g\",\"contentUrl\":\"https:\\\/\\\/secure.gravatar.com\\\/avatar\\\/3835c58a73b55edb97de944593845d3f29acb93b7a088f3bf63afde947ab86ba?s=96&d=simple_local_avatar&r=g\",\"caption\":\"Redacao mz\"},\"sameAs\":[\"http:\\\/\\\/mznoticia.com.br\"],\"url\":\"https:\\\/\\\/mznoticia.com.br\\\/piraidosul\\\/author\\\/lucimara\\\/\"}]}<\/script>\n<!-- \/ Yoast SEO plugin. -->","yoast_head_json":{"title":"Suspeito de furto de ve\u00edculo morre em confronto com a Pol\u00edcia Militar em Pira\u00ed do Sul - Mz Not\u00edcias","description":"Suspeito de 22 anos morre em confronto com a Pol\u00edcia Militar durante tentativa de abordagem em Pira\u00ed do Sul. Policial ficou ferido e ser\u00e1 submetido \u00e0 cirurgia.","robots":{"index":"index","follow":"follow","max-snippet":"max-snippet:-1","max-image-preview":"max-image-preview:large","max-video-preview":"max-video-preview:-1"},"canonical":"https:\/\/mznoticia.com.br\/piraidosul\/suspeito-de-furto-de-veiculo-morre-em-confronto-com-a-policia-militar-em-pirai-do-sul\/","og_locale":"pt_BR","og_type":"article","og_title":"Suspeito de furto de ve\u00edculo morre em confronto com a Pol\u00edcia Militar em Pira\u00ed do Sul - Mz Not\u00edcias","og_description":"Suspeito de 22 anos morre em confronto com a Pol\u00edcia Militar durante tentativa de abordagem em Pira\u00ed do Sul. Policial ficou ferido e ser\u00e1 submetido \u00e0 cirurgia.","og_url":"https:\/\/mznoticia.com.br\/piraidosul\/suspeito-de-furto-de-veiculo-morre-em-confronto-com-a-policia-militar-em-pirai-do-sul\/","og_site_name":"Mz Not\u00edcias","article_publisher":"https:\/\/www.facebook.com\/profile.php?id=61573479951222","article_published_time":"2026-08-06T12:35:35+00:00","article_modified_time":"2026-08-06T12:35:46+00:00","og_image":[{"width":1000,"height":500,"url":"https:\/\/mznoticia.com.br\/piraidosul\/wp-content\/uploads\/2026\/08\/15.webp","type":"image\/webp"}],"author":"Redacao mz","twitter_card":"summary_large_image","twitter_misc":{"Escrito por":"Redacao mz","Est. tempo de leitura":"2 minutos"},"schema":{"@context":"https:\/\/schema.org","@graph":[{"@type":"Article","@id":"https:\/\/mznoticia.com.br\/piraidosul\/suspeito-de-furto-de-veiculo-morre-em-confronto-com-a-policia-militar-em-pirai-do-sul\/#article","isPartOf":{"@id":"https:\/\/mznoticia.com.br\/piraidosul\/suspeito-de-furto-de-veiculo-morre-em-confronto-com-a-policia-militar-em-pirai-do-sul\/"},"author":{"name":"Redacao mz","@id":"https:\/\/mznoticia.com.br\/piraidosul\/#\/schema\/person\/84012d827247b3f42f37b550da79cd03"},"headline":"Suspeito de furto de ve\u00edculo morre em confronto com a Pol\u00edcia Militar em Pira\u00ed do Sul","datePublished":"2026-08-06T12:35:35+00:00","dateModified":"2026-08-06T12:35:46+00:00","mainEntityOfPage":{"@id":"https:\/\/mznoticia.com.br\/piraidosul\/suspeito-de-furto-de-veiculo-morre-em-confronto-com-a-policia-militar-em-pirai-do-sul\/"},"wordCount":286,"commentCount":0,"publisher":{"@id":"https:\/\/mznoticia.com.br\/piraidosul\/#organization"},"image":{"@id":"https:\/\/mznoticia.com.br\/piraidosul\/suspeito-de-furto-de-veiculo-morre-em-confronto-com-a-policia-militar-em-pirai-do-sul\/#primaryimage"},"thumbnailUrl":"https:\/\/mznoticia.com.br\/piraidosul\/wp-content\/uploads\/2026\/08\/15.webp","keywords":["campos gerais","Confronto","destaque","Furto de Ve\u00edculo","IML","Pira\u00ed do Sul","Pol\u00edcia Cient\u00edfica","policia civil","Policia Militar","SAMU","Seguran\u00e7a P\u00fablica"],"articleSection":["Policial"],"inLanguage":"pt-BR","potentialAction":[{"@type":"CommentAction","name":"Comment","target":["https:\/\/mznoticia.com.br\/piraidosul\/suspeito-de-furto-de-veiculo-morre-em-confronto-com-a-policia-militar-em-pirai-do-sul\/#respond"]}]},{"@type":"WebPage","@id":"https:\/\/mznoticia.com.br\/piraidosul\/suspeito-de-furto-de-veiculo-morre-em-confronto-com-a-policia-militar-em-pirai-do-sul\/","url":"https:\/\/mznoticia.com.br\/piraidosul\/suspeito-de-furto-de-veiculo-morre-em-confronto-com-a-policia-militar-em-pirai-do-sul\/","name":"Suspeito de furto de ve\u00edculo morre em confronto com a Pol\u00edcia Militar em Pira\u00ed do Sul - Mz Not\u00edcias","isPartOf":{"@id":"https:\/\/mznoticia.com.br\/piraidosul\/#website"},"primaryImageOfPage":{"@id":"https:\/\/mznoticia.com.br\/piraidosul\/suspeito-de-furto-de-veiculo-morre-em-confronto-com-a-policia-militar-em-pirai-do-sul\/#primaryimage"},"image":{"@id":"https:\/\/mznoticia.com.br\/piraidosul\/suspeito-de-furto-de-veiculo-morre-em-confronto-com-a-policia-militar-em-pirai-do-sul\/#primaryimage"},"thumbnailUrl":"https:\/\/mznoticia.com.br\/piraidosul\/wp-content\/uploads\/2026\/08\/15.webp","datePublished":"2026-08-06T12:35:35+00:00","dateModified":"2026-08-06T12:35:46+00:00","description":"Suspeito de 22 anos morre em confronto com a Pol\u00edcia Militar durante tentativa de abordagem em Pira\u00ed do Sul. Policial ficou ferido e ser\u00e1 submetido \u00e0 cirurgia.","breadcrumb":{"@id":"https:\/\/mznoticia.com.br\/piraidosul\/suspeito-de-furto-de-veiculo-morre-em-confronto-com-a-policia-militar-em-pirai-do-sul\/#breadcrumb"},"inLanguage":"pt-BR","potentialAction":[{"@type":"ReadAction","target":["https:\/\/mznoticia.com.br\/piraidosul\/suspeito-de-furto-de-veiculo-morre-em-confronto-com-a-policia-militar-em-pirai-do-sul\/"]}]},{"@type":"ImageObject","inLanguage":"pt-BR","@id":"https:\/\/mznoticia.com.br\/piraidosul\/suspeito-de-furto-de-veiculo-morre-em-confronto-com-a-policia-militar-em-pirai-do-sul\/#primaryimage","url":"https:\/\/mznoticia.com.br\/piraidosul\/wp-content\/uploads\/2026\/08\/15.webp","contentUrl":"https:\/\/mznoticia.com.br\/piraidosul\/wp-content\/uploads\/2026\/08\/15.webp","width":1000,"height":500},{"@type":"BreadcrumbList","@id":"https:\/\/mznoticia.com.br\/piraidosul\/suspeito-de-furto-de-veiculo-morre-em-confronto-com-a-policia-militar-em-pirai-do-sul\/#breadcrumb","itemListElement":[{"@type":"ListItem","position":1,"name":"Home","item":"https:\/\/mznoticia.com.br\/piraidosul\/"},{"@type":"ListItem","position":2,"name":"Suspeito de furto de ve\u00edculo morre em confronto com a Pol\u00edcia Militar em Pira\u00ed do Sul"}]},{"@type":"WebSite","@id":"https:\/\/mznoticia.com.br\/piraidosul\/#website","url":"https:\/\/mznoticia.com.br\/piraidosul\/","name":"Mz Not\u00edcia","description":"A informa\u00e7\u00e3o que voc\u00ea precisa na hora certa!","publisher":{"@id":"https:\/\/mznoticia.com.br\/piraidosul\/#organization"},"potentialAction":[{"@type":"SearchAction","target":{"@type":"EntryPoint","urlTemplate":"https:\/\/mznoticia.com.br\/piraidosul\/?s={search_term_string}"},"query-input":{"@type":"PropertyValueSpecification","valueRequired":true,"valueName":"search_term_string"}}],"inLanguage":"pt-BR"},{"@type":"Organization","@id":"https:\/\/mznoticia.com.br\/piraidosul\/#organization","name":"Mz Not\u00edcia","url":"https:\/\/mznoticia.com.br\/piraidosul\/","logo":{"@type":"ImageObject","inLanguage":"pt-BR","@id":"https:\/\/mznoticia.com.br\/piraidosul\/#\/schema\/logo\/image\/","url":"https:\/\/mznoticia.com.br\/jaguariaiva\/wp-content\/uploads\/2025\/03\/Design-sem-nome-4-e1741200616392.png","contentUrl":"https:\/\/mznoticia.com.br\/jaguariaiva\/wp-content\/uploads\/2025\/03\/Design-sem-nome-4-e1741200616392.png","width":750,"height":563,"caption":"Mz Not\u00edcia"},"image":{"@id":"https:\/\/mznoticia.com.br\/piraidosul\/#\/schema\/logo\/image\/"},"sameAs":["https:\/\/www.facebook.com\/profile.php?id=61573479951222","https:\/\/www.instagram.com\/mz.jaguariaiva\/"]},{"@type":"Person","@id":"https:\/\/mznoticia.com.br\/piraidosul\/#\/schema\/person\/84012d827247b3f42f37b550da79cd03","name":"Redacao mz","image":{"@type":"ImageObject","inLanguage":"pt-BR","@id":"https:\/\/secure.gravatar.com\/avatar\/3835c58a73b55edb97de944593845d3f29acb93b7a088f3bf63afde947ab86ba?s=96&d=simple_local_avatar&r=g","url":"https:\/\/secure.gravatar.com\/avatar\/3835c58a73b55edb97de944593845d3f29acb93b7a088f3bf63afde947ab86ba?s=96&d=simple_local_avatar&r=g","contentUrl":"https:\/\/secure.gravatar.com\/avatar\/3835c58a73b55edb97de944593845d3f29acb93b7a088f3bf63afde947ab86ba?s=96&d=simple_local_avatar&r=g","caption":"Redacao mz"},"sameAs":["http:\/\/mznoticia.com.br"],"url":"https:\/\/mznoticia.com.br\/piraidosul\/author\/lucimara\/"}]}},"_links":{"self":[{"href":"https:\/\/mznoticia.com.br\/piraidosul\/wp-json\/wp\/v2\/posts\/6373","targetHints":{"allow":["GET"]}}],"collection":[{"href":"https:\/\/mznoticia.com.br\/piraidosul\/wp-json\/wp\/v2\/posts"}],"about":[{"href":"https:\/\/mznoticia.com.br\/piraidosul\/wp-json\/wp\/v2\/types\/post"}],"author":[{"embeddable":true,"href":"https:\/\/mznoticia.com.br\/piraidosul\/wp-json\/wp\/v2\/users\/16"}],"replies":[{"embeddable":true,"href":"https:\/\/mznoticia.com.br\/piraidosul\/wp-json\/wp\/v2\/comments?post=6373"}],"version-history":[{"count":1,"href":"https:\/\/mznoticia.com.br\/piraidosul\/wp-json\/wp\/v2\/posts\/6373\/revisions"}],"predecessor-version":[{"id":6375,"href":"https:\/\/mznoticia.com.br\/piraidosul\/wp-json\/wp\/v2\/posts\/6373\/revisions\/6375"}],"wp:featuredmedia":[{"embeddable":true,"href":"https:\/\/mznoticia.com.br\/piraidosul\/wp-json\/wp\/v2\/media\/6374"}],"wp:attachment":[{"href":"https:\/\/mznoticia.com.br\/piraidosul\/wp-json\/wp\/v2\/media?parent=6373"}],"wp:term":[{"taxonomy":"category","embeddable":true,"href":"https:\/\/mznoticia.com.br\/piraidosul\/wp-json\/wp\/v2\/categories?post=6373"},{"taxonomy":"post_tag","embeddable":true,"href":"https:\/\/mznoticia.com.br\/piraidosul\/wp-json\/wp\/v2\/tags?post=6373"}],"curies":[{"name":"wp","href":"https:\/\/api.w.org\/{rel}","templated":true}]}}