{"id":6439,"date":"2026-08-06T19:28:15","date_gmt":"2026-08-06T19:28:15","guid":{"rendered":"https:\/\/mznoticia.com.br\/piraidosul\/?p=6439"},"modified":"2026-08-06T19:28:15","modified_gmt":"2026-08-06T19:28:15","slug":"pcpr-prende-investigado-por-estupro-de-vulneravel-apos-descumprimento-de-medidas-judiciais-em-teixeira-soares","status":"publish","type":"post","link":"https:\/\/mznoticia.com.br\/piraidosul\/pcpr-prende-investigado-por-estupro-de-vulneravel-apos-descumprimento-de-medidas-judiciais-em-teixeira-soares\/","title":{"rendered":"PCPR prende investigado por estupro de vulner\u00e1vel ap\u00f3s descumprimento de medidas judiciais em Teixeira Soares"},"content":{"rendered":"<p class=\"PDq2pG_selectionAnchorContainer\" data-start=\"129\" data-end=\"293\">Homem teve a pris\u00e3o preventiva decretada pela Justi\u00e7a ap\u00f3s descumprir medidas cautelares e foi localizado em casa na manh\u00e3 desta quinta-feira (6).<\/p>\n<p data-start=\"295\" data-end=\"511\"><strong data-start=\"295\" data-end=\"331\">A Pol\u00edcia Civil do Paran\u00e1 (PCPR)<\/strong>, por meio da Delegacia de Teixeira Soares, cumpriu na manh\u00e3 desta quinta-feira (6) um mandado de pris\u00e3o preventiva contra um homem investigado pelo crime de estupro de vulner\u00e1vel.<\/p>\n<p data-start=\"513\" data-end=\"724\">A ordem judicial foi expedida pelo Ju\u00edzo \u00danico da Comarca de Teixeira Soares ap\u00f3s o investigado descumprir as medidas cautelares impostas pela Justi\u00e7a, que permitiam que ele respondesse ao processo em liberdade.<\/p>\n<h2 data-section-id=\"1907rkr\" data-start=\"726\" data-end=\"760\">Suspeito foi localizado em casa<\/h2>\n<p data-start=\"762\" data-end=\"920\">De posse do mandado, equipes da Pol\u00edcia Civil realizaram dilig\u00eancias e localizaram o investigado em sua resid\u00eancia, situada na \u00e1rea urbana de Teixeira Soares.<\/p>\n<p data-start=\"922\" data-end=\"960\">A pris\u00e3o foi efetuada sem resist\u00eancia.<\/p>\n<h2 data-section-id=\"18pn6t3\" data-start=\"962\" data-end=\"991\">Encaminhamento \u00e0 delegacia<\/h2>\n<p data-start=\"993\" data-end=\"1126\">Ap\u00f3s a captura, o homem foi conduzido \u00e0 Delegacia de Pol\u00edcia Civil de Teixeira Soares, onde foram realizados os procedimentos legais.<\/p>\n<p data-start=\"1128\" data-end=\"1238\">Na sequ\u00eancia, ele foi colocado \u00e0 disposi\u00e7\u00e3o do Poder Judici\u00e1rio para os encaminhamentos previstos no processo.<\/p>\n","protected":false},"excerpt":{"rendered":"<p>Homem teve a pris\u00e3o preventiva decretada pela Justi\u00e7a ap\u00f3s descumprir medidas cautelares e foi localizado em casa na manh\u00e3 desta quinta-feira (6). A Pol\u00edcia Civil do Paran\u00e1 (PCPR), por meio da Delegacia de Teixeira Soares, cumpriu na manh\u00e3 desta quinta-feira (6) um mandado de pris\u00e3o preventiva contra um homem investigado pelo crime de estupro de [&hellip;]<\/p>\n","protected":false},"author":16,"featured_media":6440,"comment_status":"open","ping_status":"open","sticky":false,"template":"","format":"standard","meta":{"footnotes":""},"categories":[8,4],"tags":[1744],"class_list":["post-6439","post","type-post","status-publish","format-standard","has-post-thumbnail","hentry","category-campos-gerais","category-policial","tag-pcpr-policiacivil-teixeirasoares-estuprodevulneravel-prisaopreventiva-segurancapublica-parana-justica-mznoticias"],"yoast_head":"<!-- This site is optimized with the Yoast SEO plugin v28.1 - https:\/\/yoast.com\/product\/yoast-seo-wordpress\/ -->\n<title>PCPR prende investigado por estupro de vulner\u00e1vel ap\u00f3s descumprimento de medidas judiciais em Teixeira Soares - Mz Not\u00edcias<\/title>\n<meta name=\"description\" content=\"Pol\u00edcia Civil do Paran\u00e1 prende investigado por estupro de vulner\u00e1vel em Teixeira Soares ap\u00f3s descumprimento de medidas cautelares impostas pela Justi\u00e7a.\" \/>\n<meta name=\"robots\" content=\"index, follow, max-snippet:-1, max-image-preview:large, max-video-preview:-1\" \/>\n<link rel=\"canonical\" href=\"https:\/\/mznoticia.com.br\/piraidosul\/pcpr-prende-investigado-por-estupro-de-vulneravel-apos-descumprimento-de-medidas-judiciais-em-teixeira-soares\/\" \/>\n<meta property=\"og:locale\" content=\"pt_BR\" \/>\n<meta property=\"og:type\" content=\"article\" \/>\n<meta property=\"og:title\" content=\"PCPR prende investigado por estupro de vulner\u00e1vel ap\u00f3s descumprimento de medidas judiciais em Teixeira Soares - Mz Not\u00edcias\" \/>\n<meta property=\"og:description\" content=\"Pol\u00edcia Civil do Paran\u00e1 prende investigado por estupro de vulner\u00e1vel em Teixeira Soares ap\u00f3s descumprimento de medidas cautelares impostas pela Justi\u00e7a.\" \/>\n<meta property=\"og:url\" content=\"https:\/\/mznoticia.com.br\/piraidosul\/pcpr-prende-investigado-por-estupro-de-vulneravel-apos-descumprimento-de-medidas-judiciais-em-teixeira-soares\/\" \/>\n<meta property=\"og:site_name\" content=\"Mz Not\u00edcias\" \/>\n<meta property=\"article:publisher\" content=\"https:\/\/www.facebook.com\/profile.php?id=61573479951222\" \/>\n<meta property=\"article:published_time\" content=\"2026-08-06T19:28:15+00:00\" \/>\n<meta property=\"og:image\" content=\"https:\/\/mznoticia.com.br\/piraidosul\/wp-content\/uploads\/2026\/08\/pcpr.jpg\" \/>\n\t<meta property=\"og:image:width\" content=\"680\" \/>\n\t<meta property=\"og:image:height\" content=\"451\" \/>\n\t<meta property=\"og:image:type\" content=\"image\/jpeg\" \/>\n<meta name=\"author\" content=\"Redacao mz\" \/>\n<meta name=\"twitter:card\" content=\"summary_large_image\" \/>\n<meta name=\"twitter:label1\" content=\"Escrito por\" \/>\n\t<meta name=\"twitter:data1\" content=\"Redacao mz\" \/>\n\t<meta name=\"twitter:label2\" content=\"Est. tempo de leitura\" \/>\n\t<meta name=\"twitter:data2\" content=\"2 minutos\" \/>\n<script type=\"application\/ld+json\" class=\"yoast-schema-graph\">{\"@context\":\"https:\\\/\\\/schema.org\",\"@graph\":[{\"@type\":\"Article\",\"@id\":\"https:\\\/\\\/mznoticia.com.br\\\/piraidosul\\\/pcpr-prende-investigado-por-estupro-de-vulneravel-apos-descumprimento-de-medidas-judiciais-em-teixeira-soares\\\/#article\",\"isPartOf\":{\"@id\":\"https:\\\/\\\/mznoticia.com.br\\\/piraidosul\\\/pcpr-prende-investigado-por-estupro-de-vulneravel-apos-descumprimento-de-medidas-judiciais-em-teixeira-soares\\\/\"},\"author\":{\"name\":\"Redacao mz\",\"@id\":\"https:\\\/\\\/mznoticia.com.br\\\/piraidosul\\\/#\\\/schema\\\/person\\\/84012d827247b3f42f37b550da79cd03\"},\"headline\":\"PCPR prende investigado por estupro de vulner\u00e1vel ap\u00f3s descumprimento de medidas judiciais em Teixeira Soares\",\"datePublished\":\"2026-08-06T19:28:15+00:00\",\"mainEntityOfPage\":{\"@id\":\"https:\\\/\\\/mznoticia.com.br\\\/piraidosul\\\/pcpr-prende-investigado-por-estupro-de-vulneravel-apos-descumprimento-de-medidas-judiciais-em-teixeira-soares\\\/\"},\"wordCount\":194,\"commentCount\":0,\"publisher\":{\"@id\":\"https:\\\/\\\/mznoticia.com.br\\\/piraidosul\\\/#organization\"},\"image\":{\"@id\":\"https:\\\/\\\/mznoticia.com.br\\\/piraidosul\\\/pcpr-prende-investigado-por-estupro-de-vulneravel-apos-descumprimento-de-medidas-judiciais-em-teixeira-soares\\\/#primaryimage\"},\"thumbnailUrl\":\"https:\\\/\\\/mznoticia.com.br\\\/piraidosul\\\/wp-content\\\/uploads\\\/2026\\\/08\\\/pcpr.jpg\",\"keywords\":[\"#PCPR #Pol\u00edciaCivil #TeixeiraSoares #EstuproDeVulner\u00e1vel #Pris\u00e3oPreventiva #Seguran\u00e7aP\u00fablica #Paran\u00e1 #Justi\u00e7a #MZNot\u00edcias\"],\"articleSection\":[\"Campos Gerais\",\"Policial\"],\"inLanguage\":\"pt-BR\",\"potentialAction\":[{\"@type\":\"CommentAction\",\"name\":\"Comment\",\"target\":[\"https:\\\/\\\/mznoticia.com.br\\\/piraidosul\\\/pcpr-prende-investigado-por-estupro-de-vulneravel-apos-descumprimento-de-medidas-judiciais-em-teixeira-soares\\\/#respond\"]}]},{\"@type\":\"WebPage\",\"@id\":\"https:\\\/\\\/mznoticia.com.br\\\/piraidosul\\\/pcpr-prende-investigado-por-estupro-de-vulneravel-apos-descumprimento-de-medidas-judiciais-em-teixeira-soares\\\/\",\"url\":\"https:\\\/\\\/mznoticia.com.br\\\/piraidosul\\\/pcpr-prende-investigado-por-estupro-de-vulneravel-apos-descumprimento-de-medidas-judiciais-em-teixeira-soares\\\/\",\"name\":\"PCPR prende investigado por estupro de vulner\u00e1vel ap\u00f3s descumprimento de medidas judiciais em Teixeira Soares - Mz Not\u00edcias\",\"isPartOf\":{\"@id\":\"https:\\\/\\\/mznoticia.com.br\\\/piraidosul\\\/#website\"},\"primaryImageOfPage\":{\"@id\":\"https:\\\/\\\/mznoticia.com.br\\\/piraidosul\\\/pcpr-prende-investigado-por-estupro-de-vulneravel-apos-descumprimento-de-medidas-judiciais-em-teixeira-soares\\\/#primaryimage\"},\"image\":{\"@id\":\"https:\\\/\\\/mznoticia.com.br\\\/piraidosul\\\/pcpr-prende-investigado-por-estupro-de-vulneravel-apos-descumprimento-de-medidas-judiciais-em-teixeira-soares\\\/#primaryimage\"},\"thumbnailUrl\":\"https:\\\/\\\/mznoticia.com.br\\\/piraidosul\\\/wp-content\\\/uploads\\\/2026\\\/08\\\/pcpr.jpg\",\"datePublished\":\"2026-08-06T19:28:15+00:00\",\"description\":\"Pol\u00edcia Civil do Paran\u00e1 prende investigado por estupro de vulner\u00e1vel em Teixeira Soares ap\u00f3s descumprimento de medidas cautelares impostas pela Justi\u00e7a.\",\"breadcrumb\":{\"@id\":\"https:\\\/\\\/mznoticia.com.br\\\/piraidosul\\\/pcpr-prende-investigado-por-estupro-de-vulneravel-apos-descumprimento-de-medidas-judiciais-em-teixeira-soares\\\/#breadcrumb\"},\"inLanguage\":\"pt-BR\",\"potentialAction\":[{\"@type\":\"ReadAction\",\"target\":[\"https:\\\/\\\/mznoticia.com.br\\\/piraidosul\\\/pcpr-prende-investigado-por-estupro-de-vulneravel-apos-descumprimento-de-medidas-judiciais-em-teixeira-soares\\\/\"]}]},{\"@type\":\"ImageObject\",\"inLanguage\":\"pt-BR\",\"@id\":\"https:\\\/\\\/mznoticia.com.br\\\/piraidosul\\\/pcpr-prende-investigado-por-estupro-de-vulneravel-apos-descumprimento-de-medidas-judiciais-em-teixeira-soares\\\/#primaryimage\",\"url\":\"https:\\\/\\\/mznoticia.com.br\\\/piraidosul\\\/wp-content\\\/uploads\\\/2026\\\/08\\\/pcpr.jpg\",\"contentUrl\":\"https:\\\/\\\/mznoticia.com.br\\\/piraidosul\\\/wp-content\\\/uploads\\\/2026\\\/08\\\/pcpr.jpg\",\"width\":680,\"height\":451},{\"@type\":\"BreadcrumbList\",\"@id\":\"https:\\\/\\\/mznoticia.com.br\\\/piraidosul\\\/pcpr-prende-investigado-por-estupro-de-vulneravel-apos-descumprimento-de-medidas-judiciais-em-teixeira-soares\\\/#breadcrumb\",\"itemListElement\":[{\"@type\":\"ListItem\",\"position\":1,\"name\":\"Home\",\"item\":\"https:\\\/\\\/mznoticia.com.br\\\/piraidosul\\\/\"},{\"@type\":\"ListItem\",\"position\":2,\"name\":\"PCPR prende investigado por estupro de vulner\u00e1vel ap\u00f3s descumprimento de medidas judiciais em Teixeira Soares\"}]},{\"@type\":\"WebSite\",\"@id\":\"https:\\\/\\\/mznoticia.com.br\\\/piraidosul\\\/#website\",\"url\":\"https:\\\/\\\/mznoticia.com.br\\\/piraidosul\\\/\",\"name\":\"Mz Not\u00edcia\",\"description\":\"A informa\u00e7\u00e3o que voc\u00ea precisa na hora certa!\",\"publisher\":{\"@id\":\"https:\\\/\\\/mznoticia.com.br\\\/piraidosul\\\/#organization\"},\"potentialAction\":[{\"@type\":\"SearchAction\",\"target\":{\"@type\":\"EntryPoint\",\"urlTemplate\":\"https:\\\/\\\/mznoticia.com.br\\\/piraidosul\\\/?s={search_term_string}\"},\"query-input\":{\"@type\":\"PropertyValueSpecification\",\"valueRequired\":true,\"valueName\":\"search_term_string\"}}],\"inLanguage\":\"pt-BR\"},{\"@type\":\"Organization\",\"@id\":\"https:\\\/\\\/mznoticia.com.br\\\/piraidosul\\\/#organization\",\"name\":\"Mz Not\u00edcia\",\"url\":\"https:\\\/\\\/mznoticia.com.br\\\/piraidosul\\\/\",\"logo\":{\"@type\":\"ImageObject\",\"inLanguage\":\"pt-BR\",\"@id\":\"https:\\\/\\\/mznoticia.com.br\\\/piraidosul\\\/#\\\/schema\\\/logo\\\/image\\\/\",\"url\":\"https:\\\/\\\/mznoticia.com.br\\\/jaguariaiva\\\/wp-content\\\/uploads\\\/2025\\\/03\\\/Design-sem-nome-4-e1741200616392.png\",\"contentUrl\":\"https:\\\/\\\/mznoticia.com.br\\\/jaguariaiva\\\/wp-content\\\/uploads\\\/2025\\\/03\\\/Design-sem-nome-4-e1741200616392.png\",\"width\":750,\"height\":563,\"caption\":\"Mz Not\u00edcia\"},\"image\":{\"@id\":\"https:\\\/\\\/mznoticia.com.br\\\/piraidosul\\\/#\\\/schema\\\/logo\\\/image\\\/\"},\"sameAs\":[\"https:\\\/\\\/www.facebook.com\\\/profile.php?id=61573479951222\",\"https:\\\/\\\/www.instagram.com\\\/mz.jaguariaiva\\\/\"]},{\"@type\":\"Person\",\"@id\":\"https:\\\/\\\/mznoticia.com.br\\\/piraidosul\\\/#\\\/schema\\\/person\\\/84012d827247b3f42f37b550da79cd03\",\"name\":\"Redacao mz\",\"image\":{\"@type\":\"ImageObject\",\"inLanguage\":\"pt-BR\",\"@id\":\"https:\\\/\\\/secure.gravatar.com\\\/avatar\\\/3835c58a73b55edb97de944593845d3f29acb93b7a088f3bf63afde947ab86ba?s=96&d=simple_local_avatar&r=g\",\"url\":\"https:\\\/\\\/secure.gravatar.com\\\/avatar\\\/3835c58a73b55edb97de944593845d3f29acb93b7a088f3bf63afde947ab86ba?s=96&d=simple_local_avatar&r=g\",\"contentUrl\":\"https:\\\/\\\/secure.gravatar.com\\\/avatar\\\/3835c58a73b55edb97de944593845d3f29acb93b7a088f3bf63afde947ab86ba?s=96&d=simple_local_avatar&r=g\",\"caption\":\"Redacao mz\"},\"sameAs\":[\"http:\\\/\\\/mznoticia.com.br\"],\"url\":\"https:\\\/\\\/mznoticia.com.br\\\/piraidosul\\\/author\\\/lucimara\\\/\"}]}<\/script>\n<!-- \/ Yoast SEO plugin. -->","yoast_head_json":{"title":"PCPR prende investigado por estupro de vulner\u00e1vel ap\u00f3s descumprimento de medidas judiciais em Teixeira Soares - Mz Not\u00edcias","description":"Pol\u00edcia Civil do Paran\u00e1 prende investigado por estupro de vulner\u00e1vel em Teixeira Soares ap\u00f3s descumprimento de medidas cautelares impostas pela Justi\u00e7a.","robots":{"index":"index","follow":"follow","max-snippet":"max-snippet:-1","max-image-preview":"max-image-preview:large","max-video-preview":"max-video-preview:-1"},"canonical":"https:\/\/mznoticia.com.br\/piraidosul\/pcpr-prende-investigado-por-estupro-de-vulneravel-apos-descumprimento-de-medidas-judiciais-em-teixeira-soares\/","og_locale":"pt_BR","og_type":"article","og_title":"PCPR prende investigado por estupro de vulner\u00e1vel ap\u00f3s descumprimento de medidas judiciais em Teixeira Soares - Mz Not\u00edcias","og_description":"Pol\u00edcia Civil do Paran\u00e1 prende investigado por estupro de vulner\u00e1vel em Teixeira Soares ap\u00f3s descumprimento de medidas cautelares impostas pela Justi\u00e7a.","og_url":"https:\/\/mznoticia.com.br\/piraidosul\/pcpr-prende-investigado-por-estupro-de-vulneravel-apos-descumprimento-de-medidas-judiciais-em-teixeira-soares\/","og_site_name":"Mz Not\u00edcias","article_publisher":"https:\/\/www.facebook.com\/profile.php?id=61573479951222","article_published_time":"2026-08-06T19:28:15+00:00","og_image":[{"width":680,"height":451,"url":"https:\/\/mznoticia.com.br\/piraidosul\/wp-content\/uploads\/2026\/08\/pcpr.jpg","type":"image\/jpeg"}],"author":"Redacao mz","twitter_card":"summary_large_image","twitter_misc":{"Escrito por":"Redacao mz","Est. tempo de leitura":"2 minutos"},"schema":{"@context":"https:\/\/schema.org","@graph":[{"@type":"Article","@id":"https:\/\/mznoticia.com.br\/piraidosul\/pcpr-prende-investigado-por-estupro-de-vulneravel-apos-descumprimento-de-medidas-judiciais-em-teixeira-soares\/#article","isPartOf":{"@id":"https:\/\/mznoticia.com.br\/piraidosul\/pcpr-prende-investigado-por-estupro-de-vulneravel-apos-descumprimento-de-medidas-judiciais-em-teixeira-soares\/"},"author":{"name":"Redacao mz","@id":"https:\/\/mznoticia.com.br\/piraidosul\/#\/schema\/person\/84012d827247b3f42f37b550da79cd03"},"headline":"PCPR prende investigado por estupro de vulner\u00e1vel ap\u00f3s descumprimento de medidas judiciais em Teixeira Soares","datePublished":"2026-08-06T19:28:15+00:00","mainEntityOfPage":{"@id":"https:\/\/mznoticia.com.br\/piraidosul\/pcpr-prende-investigado-por-estupro-de-vulneravel-apos-descumprimento-de-medidas-judiciais-em-teixeira-soares\/"},"wordCount":194,"commentCount":0,"publisher":{"@id":"https:\/\/mznoticia.com.br\/piraidosul\/#organization"},"image":{"@id":"https:\/\/mznoticia.com.br\/piraidosul\/pcpr-prende-investigado-por-estupro-de-vulneravel-apos-descumprimento-de-medidas-judiciais-em-teixeira-soares\/#primaryimage"},"thumbnailUrl":"https:\/\/mznoticia.com.br\/piraidosul\/wp-content\/uploads\/2026\/08\/pcpr.jpg","keywords":["#PCPR #Pol\u00edciaCivil #TeixeiraSoares #EstuproDeVulner\u00e1vel #Pris\u00e3oPreventiva #Seguran\u00e7aP\u00fablica #Paran\u00e1 #Justi\u00e7a #MZNot\u00edcias"],"articleSection":["Campos Gerais","Policial"],"inLanguage":"pt-BR","potentialAction":[{"@type":"CommentAction","name":"Comment","target":["https:\/\/mznoticia.com.br\/piraidosul\/pcpr-prende-investigado-por-estupro-de-vulneravel-apos-descumprimento-de-medidas-judiciais-em-teixeira-soares\/#respond"]}]},{"@type":"WebPage","@id":"https:\/\/mznoticia.com.br\/piraidosul\/pcpr-prende-investigado-por-estupro-de-vulneravel-apos-descumprimento-de-medidas-judiciais-em-teixeira-soares\/","url":"https:\/\/mznoticia.com.br\/piraidosul\/pcpr-prende-investigado-por-estupro-de-vulneravel-apos-descumprimento-de-medidas-judiciais-em-teixeira-soares\/","name":"PCPR prende investigado por estupro de vulner\u00e1vel ap\u00f3s descumprimento de medidas judiciais em Teixeira Soares - Mz Not\u00edcias","isPartOf":{"@id":"https:\/\/mznoticia.com.br\/piraidosul\/#website"},"primaryImageOfPage":{"@id":"https:\/\/mznoticia.com.br\/piraidosul\/pcpr-prende-investigado-por-estupro-de-vulneravel-apos-descumprimento-de-medidas-judiciais-em-teixeira-soares\/#primaryimage"},"image":{"@id":"https:\/\/mznoticia.com.br\/piraidosul\/pcpr-prende-investigado-por-estupro-de-vulneravel-apos-descumprimento-de-medidas-judiciais-em-teixeira-soares\/#primaryimage"},"thumbnailUrl":"https:\/\/mznoticia.com.br\/piraidosul\/wp-content\/uploads\/2026\/08\/pcpr.jpg","datePublished":"2026-08-06T19:28:15+00:00","description":"Pol\u00edcia Civil do Paran\u00e1 prende investigado por estupro de vulner\u00e1vel em Teixeira Soares ap\u00f3s descumprimento de medidas cautelares impostas pela Justi\u00e7a.","breadcrumb":{"@id":"https:\/\/mznoticia.com.br\/piraidosul\/pcpr-prende-investigado-por-estupro-de-vulneravel-apos-descumprimento-de-medidas-judiciais-em-teixeira-soares\/#breadcrumb"},"inLanguage":"pt-BR","potentialAction":[{"@type":"ReadAction","target":["https:\/\/mznoticia.com.br\/piraidosul\/pcpr-prende-investigado-por-estupro-de-vulneravel-apos-descumprimento-de-medidas-judiciais-em-teixeira-soares\/"]}]},{"@type":"ImageObject","inLanguage":"pt-BR","@id":"https:\/\/mznoticia.com.br\/piraidosul\/pcpr-prende-investigado-por-estupro-de-vulneravel-apos-descumprimento-de-medidas-judiciais-em-teixeira-soares\/#primaryimage","url":"https:\/\/mznoticia.com.br\/piraidosul\/wp-content\/uploads\/2026\/08\/pcpr.jpg","contentUrl":"https:\/\/mznoticia.com.br\/piraidosul\/wp-content\/uploads\/2026\/08\/pcpr.jpg","width":680,"height":451},{"@type":"BreadcrumbList","@id":"https:\/\/mznoticia.com.br\/piraidosul\/pcpr-prende-investigado-por-estupro-de-vulneravel-apos-descumprimento-de-medidas-judiciais-em-teixeira-soares\/#breadcrumb","itemListElement":[{"@type":"ListItem","position":1,"name":"Home","item":"https:\/\/mznoticia.com.br\/piraidosul\/"},{"@type":"ListItem","position":2,"name":"PCPR prende investigado por estupro de vulner\u00e1vel ap\u00f3s descumprimento de medidas judiciais em Teixeira Soares"}]},{"@type":"WebSite","@id":"https:\/\/mznoticia.com.br\/piraidosul\/#website","url":"https:\/\/mznoticia.com.br\/piraidosul\/","name":"Mz Not\u00edcia","description":"A informa\u00e7\u00e3o que voc\u00ea precisa na hora certa!","publisher":{"@id":"https:\/\/mznoticia.com.br\/piraidosul\/#organization"},"potentialAction":[{"@type":"SearchAction","target":{"@type":"EntryPoint","urlTemplate":"https:\/\/mznoticia.com.br\/piraidosul\/?s={search_term_string}"},"query-input":{"@type":"PropertyValueSpecification","valueRequired":true,"valueName":"search_term_string"}}],"inLanguage":"pt-BR"},{"@type":"Organization","@id":"https:\/\/mznoticia.com.br\/piraidosul\/#organization","name":"Mz Not\u00edcia","url":"https:\/\/mznoticia.com.br\/piraidosul\/","logo":{"@type":"ImageObject","inLanguage":"pt-BR","@id":"https:\/\/mznoticia.com.br\/piraidosul\/#\/schema\/logo\/image\/","url":"https:\/\/mznoticia.com.br\/jaguariaiva\/wp-content\/uploads\/2025\/03\/Design-sem-nome-4-e1741200616392.png","contentUrl":"https:\/\/mznoticia.com.br\/jaguariaiva\/wp-content\/uploads\/2025\/03\/Design-sem-nome-4-e1741200616392.png","width":750,"height":563,"caption":"Mz Not\u00edcia"},"image":{"@id":"https:\/\/mznoticia.com.br\/piraidosul\/#\/schema\/logo\/image\/"},"sameAs":["https:\/\/www.facebook.com\/profile.php?id=61573479951222","https:\/\/www.instagram.com\/mz.jaguariaiva\/"]},{"@type":"Person","@id":"https:\/\/mznoticia.com.br\/piraidosul\/#\/schema\/person\/84012d827247b3f42f37b550da79cd03","name":"Redacao mz","image":{"@type":"ImageObject","inLanguage":"pt-BR","@id":"https:\/\/secure.gravatar.com\/avatar\/3835c58a73b55edb97de944593845d3f29acb93b7a088f3bf63afde947ab86ba?s=96&d=simple_local_avatar&r=g","url":"https:\/\/secure.gravatar.com\/avatar\/3835c58a73b55edb97de944593845d3f29acb93b7a088f3bf63afde947ab86ba?s=96&d=simple_local_avatar&r=g","contentUrl":"https:\/\/secure.gravatar.com\/avatar\/3835c58a73b55edb97de944593845d3f29acb93b7a088f3bf63afde947ab86ba?s=96&d=simple_local_avatar&r=g","caption":"Redacao mz"},"sameAs":["http:\/\/mznoticia.com.br"],"url":"https:\/\/mznoticia.com.br\/piraidosul\/author\/lucimara\/"}]}},"_links":{"self":[{"href":"https:\/\/mznoticia.com.br\/piraidosul\/wp-json\/wp\/v2\/posts\/6439","targetHints":{"allow":["GET"]}}],"collection":[{"href":"https:\/\/mznoticia.com.br\/piraidosul\/wp-json\/wp\/v2\/posts"}],"about":[{"href":"https:\/\/mznoticia.com.br\/piraidosul\/wp-json\/wp\/v2\/types\/post"}],"author":[{"embeddable":true,"href":"https:\/\/mznoticia.com.br\/piraidosul\/wp-json\/wp\/v2\/users\/16"}],"replies":[{"embeddable":true,"href":"https:\/\/mznoticia.com.br\/piraidosul\/wp-json\/wp\/v2\/comments?post=6439"}],"version-history":[{"count":1,"href":"https:\/\/mznoticia.com.br\/piraidosul\/wp-json\/wp\/v2\/posts\/6439\/revisions"}],"predecessor-version":[{"id":6441,"href":"https:\/\/mznoticia.com.br\/piraidosul\/wp-json\/wp\/v2\/posts\/6439\/revisions\/6441"}],"wp:featuredmedia":[{"embeddable":true,"href":"https:\/\/mznoticia.com.br\/piraidosul\/wp-json\/wp\/v2\/media\/6440"}],"wp:attachment":[{"href":"https:\/\/mznoticia.com.br\/piraidosul\/wp-json\/wp\/v2\/media?parent=6439"}],"wp:term":[{"taxonomy":"category","embeddable":true,"href":"https:\/\/mznoticia.com.br\/piraidosul\/wp-json\/wp\/v2\/categories?post=6439"},{"taxonomy":"post_tag","embeddable":true,"href":"https:\/\/mznoticia.com.br\/piraidosul\/wp-json\/wp\/v2\/tags?post=6439"}],"curies":[{"name":"wp","href":"https:\/\/api.w.org\/{rel}","templated":true}]}}