{"id":6495,"date":"2026-08-10T14:11:34","date_gmt":"2026-08-10T14:11:34","guid":{"rendered":"https:\/\/mznoticia.com.br\/piraidosul\/?p=6495"},"modified":"2026-08-10T14:11:53","modified_gmt":"2026-08-10T14:11:53","slug":"tragedia-no-dia-dos-pais-dois-pais-e-dois-filhos-morrem-em-grave-acidente-na-prc-280-em-palmas","status":"publish","type":"post","link":"https:\/\/mznoticia.com.br\/piraidosul\/tragedia-no-dia-dos-pais-dois-pais-e-dois-filhos-morrem-em-grave-acidente-na-prc-280-em-palmas\/","title":{"rendered":"Trag\u00e9dia no Dia dos Pais: dois pais e dois filhos morrem em grave acidente na PRC-280, em Palmas"},"content":{"rendered":"<h2>Colis\u00e3o frontal entre um GM Astra e um Fiat Linea deixou quatro mortos e dois feridos; entre as v\u00edtimas est\u00e3o tr\u00eas pessoas da mesma fam\u00edlia<\/h2>\n<p class=\"isSelectedEnd\">Quatro pessoas morreram em um grave acidente registrado na madrugada deste domingo (9), na <strong>PRC-280, em Palmas<\/strong>, no Sul do Paran\u00e1. A colis\u00e3o frontal envolveu um <strong>GM Astra Sedan<\/strong> e um <strong>Fiat Linea<\/strong>.<\/p>\n<p class=\"isSelectedEnd\">Entre as v\u00edtimas fatais est\u00e3o dois pais e dois filhos, pertencentes \u00e0s duas fam\u00edlias que estavam nos ve\u00edculos.<\/p>\n<h2>Tr\u00eas pessoas da mesma fam\u00edlia estavam no Astra<\/h2>\n<p class=\"isSelectedEnd\">No GM Astra estavam <strong>Jardel Locatelli, de 43 anos<\/strong>, e os filhos <strong>Rafael Locatelli, de 21 anos<\/strong>, e <strong>Gabriel Locatelli, de 16 anos<\/strong>.<\/p>\n<p class=\"isSelectedEnd\">Jardel e Rafael morreram ainda no local do acidente. Gabriel sofreu ferimentos graves e permanece internado em um hospital de Palmas.<\/p>\n<p class=\"isSelectedEnd\">Segundo as informa\u00e7\u00f5es repassadas, Gabriel mora com a m\u00e3e, em Francisco Beltr\u00e3o, e teria viajado at\u00e9 Palmas para passar o <strong>Dia dos Pais<\/strong> com o pai.<\/p>\n<h2>Pai e filho tamb\u00e9m morreram no segundo ve\u00edculo<\/h2>\n<p class=\"isSelectedEnd\">No Fiat Linea estavam <strong>Radames Paris, de 48 anos<\/strong>, o filho <strong>Dieikoby Radames Paris, de 13 anos<\/strong>, e <strong>Andreia Fernandes, de 43 anos<\/strong>.<\/p>\n<p class=\"isSelectedEnd\">Radames e Dieikoby morreram no local da colis\u00e3o. Andreia sofreu ferimentos graves e foi encaminhada para atendimento m\u00e9dico.<\/p>\n<h2>Corpos foram encaminhados ao Servi\u00e7o M\u00e9dico Legal<\/h2>\n<p class=\"isSelectedEnd\">As v\u00edtimas que morreram foram encaminhadas ao <strong>Servi\u00e7o M\u00e9dico Legal de Pato Branco<\/strong>, onde passaram pelos procedimentos de identifica\u00e7\u00e3o e necropsia antes da libera\u00e7\u00e3o aos familiares.<\/p>\n<p class=\"isSelectedEnd\">Posteriormente, os corpos foram encaminhados para as cidades de origem dos familiares, onde ser\u00e3o realizados os atos f\u00fanebres.<\/p>\n<h2>Acidente causa como\u00e7\u00e3o<\/h2>\n<p class=\"isSelectedEnd\">A trag\u00e9dia provocou forte como\u00e7\u00e3o entre familiares e amigos, especialmente por ocorrer durante um fim de semana marcado pela celebra\u00e7\u00e3o do <strong>Dia dos Pais<\/strong>.<\/p>\n<p class=\"isSelectedEnd\">Tr\u00eas das v\u00edtimas fatais do acidente j\u00e1 haviam sido identificadas por familiares.<\/p>\n<p>As circunst\u00e2ncias e a din\u00e2mica da colis\u00e3o frontal ainda est\u00e3o sendo investigadas pela <strong>Pol\u00edcia Rodovi\u00e1ria Estadual<\/strong>.<\/p>\n<p>Foto Rep\u00f3rter Sass\u00e1<\/p>\n","protected":false},"excerpt":{"rendered":"<p>Colis\u00e3o frontal entre um GM Astra e um Fiat Linea deixou quatro mortos e dois feridos; entre as v\u00edtimas est\u00e3o tr\u00eas pessoas da mesma fam\u00edlia Quatro pessoas morreram em um grave acidente registrado na madrugada deste domingo (9), na PRC-280, em Palmas, no Sul do Paran\u00e1. A colis\u00e3o frontal envolveu um GM Astra Sedan e [&hellip;]<\/p>\n","protected":false},"author":16,"featured_media":6497,"comment_status":"open","ping_status":"open","sticky":false,"template":"","format":"standard","meta":{"footnotes":""},"categories":[149],"tags":[31,1771,1654,47,1772,1642,1769,77,1492,1770,1773,568],"class_list":["post-6495","post","type-post","status-publish","format-standard","has-post-thumbnail","hentry","category-acidente","tag-acidente","tag-acidente-grave","tag-colisao-frontal","tag-destaque","tag-dia-dos-pais","tag-mortes","tag-palmas","tag-parana","tag-policia-rodoviaria","tag-prc-280","tag-servico-medico-legal","tag-transito"],"yoast_head":"<!-- This site is optimized with the Yoast SEO plugin v28.1 - https:\/\/yoast.com\/product\/yoast-seo-wordpress\/ -->\n<title>Trag\u00e9dia no Dia dos Pais: dois pais e dois filhos morrem em grave acidente na PRC-280, em Palmas - Mz Not\u00edcias<\/title>\n<meta name=\"description\" content=\"Quatro pessoas morreram em uma colis\u00e3o frontal entre dois carros na PRC-280, em Palmas. Entre as v\u00edtimas est\u00e3o dois pais e dois filhos.\" \/>\n<meta name=\"robots\" content=\"index, follow, max-snippet:-1, max-image-preview:large, max-video-preview:-1\" \/>\n<link rel=\"canonical\" href=\"https:\/\/mznoticia.com.br\/piraidosul\/tragedia-no-dia-dos-pais-dois-pais-e-dois-filhos-morrem-em-grave-acidente-na-prc-280-em-palmas\/\" \/>\n<meta property=\"og:locale\" content=\"pt_BR\" \/>\n<meta property=\"og:type\" content=\"article\" \/>\n<meta property=\"og:title\" content=\"Trag\u00e9dia no Dia dos Pais: dois pais e dois filhos morrem em grave acidente na PRC-280, em Palmas - Mz Not\u00edcias\" \/>\n<meta property=\"og:description\" content=\"Quatro pessoas morreram em uma colis\u00e3o frontal entre dois carros na PRC-280, em Palmas. Entre as v\u00edtimas est\u00e3o dois pais e dois filhos.\" \/>\n<meta property=\"og:url\" content=\"https:\/\/mznoticia.com.br\/piraidosul\/tragedia-no-dia-dos-pais-dois-pais-e-dois-filhos-morrem-em-grave-acidente-na-prc-280-em-palmas\/\" \/>\n<meta property=\"og:site_name\" content=\"Mz Not\u00edcias\" \/>\n<meta property=\"article:publisher\" content=\"https:\/\/www.facebook.com\/profile.php?id=61573479951222\" \/>\n<meta property=\"article:published_time\" content=\"2026-08-10T14:11:34+00:00\" \/>\n<meta property=\"article:modified_time\" content=\"2026-08-10T14:11:53+00:00\" \/>\n<meta property=\"og:image\" content=\"https:\/\/mznoticia.com.br\/piraidosul\/wp-content\/uploads\/2026\/08\/20.jpg\" \/>\n\t<meta property=\"og:image:width\" content=\"512\" \/>\n\t<meta property=\"og:image:height\" content=\"640\" \/>\n\t<meta property=\"og:image:type\" content=\"image\/jpeg\" \/>\n<meta name=\"author\" content=\"Redacao mz\" \/>\n<meta name=\"twitter:card\" content=\"summary_large_image\" \/>\n<meta name=\"twitter:label1\" content=\"Escrito por\" \/>\n\t<meta name=\"twitter:data1\" content=\"Redacao mz\" \/>\n\t<meta name=\"twitter:label2\" content=\"Est. tempo de leitura\" \/>\n\t<meta name=\"twitter:data2\" content=\"2 minutos\" \/>\n<script type=\"application\/ld+json\" class=\"yoast-schema-graph\">{\"@context\":\"https:\\\/\\\/schema.org\",\"@graph\":[{\"@type\":\"Article\",\"@id\":\"https:\\\/\\\/mznoticia.com.br\\\/piraidosul\\\/tragedia-no-dia-dos-pais-dois-pais-e-dois-filhos-morrem-em-grave-acidente-na-prc-280-em-palmas\\\/#article\",\"isPartOf\":{\"@id\":\"https:\\\/\\\/mznoticia.com.br\\\/piraidosul\\\/tragedia-no-dia-dos-pais-dois-pais-e-dois-filhos-morrem-em-grave-acidente-na-prc-280-em-palmas\\\/\"},\"author\":{\"name\":\"Redacao mz\",\"@id\":\"https:\\\/\\\/mznoticia.com.br\\\/piraidosul\\\/#\\\/schema\\\/person\\\/84012d827247b3f42f37b550da79cd03\"},\"headline\":\"Trag\u00e9dia no Dia dos Pais: dois pais e dois filhos morrem em grave acidente na PRC-280, em Palmas\",\"datePublished\":\"2026-08-10T14:11:34+00:00\",\"dateModified\":\"2026-08-10T14:11:53+00:00\",\"mainEntityOfPage\":{\"@id\":\"https:\\\/\\\/mznoticia.com.br\\\/piraidosul\\\/tragedia-no-dia-dos-pais-dois-pais-e-dois-filhos-morrem-em-grave-acidente-na-prc-280-em-palmas\\\/\"},\"wordCount\":365,\"commentCount\":0,\"publisher\":{\"@id\":\"https:\\\/\\\/mznoticia.com.br\\\/piraidosul\\\/#organization\"},\"image\":{\"@id\":\"https:\\\/\\\/mznoticia.com.br\\\/piraidosul\\\/tragedia-no-dia-dos-pais-dois-pais-e-dois-filhos-morrem-em-grave-acidente-na-prc-280-em-palmas\\\/#primaryimage\"},\"thumbnailUrl\":\"https:\\\/\\\/mznoticia.com.br\\\/piraidosul\\\/wp-content\\\/uploads\\\/2026\\\/08\\\/20.jpg\",\"keywords\":[\"acidente\",\"Acidente grave\",\"Colis\u00e3o Frontal\",\"destaque\",\"Dia dos Pais\",\"Mortes\",\"Palmas\",\"parana\",\"Pol\u00edcia Rodovi\u00e1ria\",\"PRC-280\",\"Servi\u00e7o M\u00e9dico Legal\",\"tr\u00e2nsito\"],\"articleSection\":[\"Acidente\"],\"inLanguage\":\"pt-BR\",\"potentialAction\":[{\"@type\":\"CommentAction\",\"name\":\"Comment\",\"target\":[\"https:\\\/\\\/mznoticia.com.br\\\/piraidosul\\\/tragedia-no-dia-dos-pais-dois-pais-e-dois-filhos-morrem-em-grave-acidente-na-prc-280-em-palmas\\\/#respond\"]}]},{\"@type\":\"WebPage\",\"@id\":\"https:\\\/\\\/mznoticia.com.br\\\/piraidosul\\\/tragedia-no-dia-dos-pais-dois-pais-e-dois-filhos-morrem-em-grave-acidente-na-prc-280-em-palmas\\\/\",\"url\":\"https:\\\/\\\/mznoticia.com.br\\\/piraidosul\\\/tragedia-no-dia-dos-pais-dois-pais-e-dois-filhos-morrem-em-grave-acidente-na-prc-280-em-palmas\\\/\",\"name\":\"Trag\u00e9dia no Dia dos Pais: dois pais e dois filhos morrem em grave acidente na PRC-280, em Palmas - Mz Not\u00edcias\",\"isPartOf\":{\"@id\":\"https:\\\/\\\/mznoticia.com.br\\\/piraidosul\\\/#website\"},\"primaryImageOfPage\":{\"@id\":\"https:\\\/\\\/mznoticia.com.br\\\/piraidosul\\\/tragedia-no-dia-dos-pais-dois-pais-e-dois-filhos-morrem-em-grave-acidente-na-prc-280-em-palmas\\\/#primaryimage\"},\"image\":{\"@id\":\"https:\\\/\\\/mznoticia.com.br\\\/piraidosul\\\/tragedia-no-dia-dos-pais-dois-pais-e-dois-filhos-morrem-em-grave-acidente-na-prc-280-em-palmas\\\/#primaryimage\"},\"thumbnailUrl\":\"https:\\\/\\\/mznoticia.com.br\\\/piraidosul\\\/wp-content\\\/uploads\\\/2026\\\/08\\\/20.jpg\",\"datePublished\":\"2026-08-10T14:11:34+00:00\",\"dateModified\":\"2026-08-10T14:11:53+00:00\",\"description\":\"Quatro pessoas morreram em uma colis\u00e3o frontal entre dois carros na PRC-280, em Palmas. Entre as v\u00edtimas est\u00e3o dois pais e dois filhos.\",\"breadcrumb\":{\"@id\":\"https:\\\/\\\/mznoticia.com.br\\\/piraidosul\\\/tragedia-no-dia-dos-pais-dois-pais-e-dois-filhos-morrem-em-grave-acidente-na-prc-280-em-palmas\\\/#breadcrumb\"},\"inLanguage\":\"pt-BR\",\"potentialAction\":[{\"@type\":\"ReadAction\",\"target\":[\"https:\\\/\\\/mznoticia.com.br\\\/piraidosul\\\/tragedia-no-dia-dos-pais-dois-pais-e-dois-filhos-morrem-em-grave-acidente-na-prc-280-em-palmas\\\/\"]}]},{\"@type\":\"ImageObject\",\"inLanguage\":\"pt-BR\",\"@id\":\"https:\\\/\\\/mznoticia.com.br\\\/piraidosul\\\/tragedia-no-dia-dos-pais-dois-pais-e-dois-filhos-morrem-em-grave-acidente-na-prc-280-em-palmas\\\/#primaryimage\",\"url\":\"https:\\\/\\\/mznoticia.com.br\\\/piraidosul\\\/wp-content\\\/uploads\\\/2026\\\/08\\\/20.jpg\",\"contentUrl\":\"https:\\\/\\\/mznoticia.com.br\\\/piraidosul\\\/wp-content\\\/uploads\\\/2026\\\/08\\\/20.jpg\",\"width\":512,\"height\":640},{\"@type\":\"BreadcrumbList\",\"@id\":\"https:\\\/\\\/mznoticia.com.br\\\/piraidosul\\\/tragedia-no-dia-dos-pais-dois-pais-e-dois-filhos-morrem-em-grave-acidente-na-prc-280-em-palmas\\\/#breadcrumb\",\"itemListElement\":[{\"@type\":\"ListItem\",\"position\":1,\"name\":\"Home\",\"item\":\"https:\\\/\\\/mznoticia.com.br\\\/piraidosul\\\/\"},{\"@type\":\"ListItem\",\"position\":2,\"name\":\"Trag\u00e9dia no Dia dos Pais: dois pais e dois filhos morrem em grave acidente na PRC-280, em Palmas\"}]},{\"@type\":\"WebSite\",\"@id\":\"https:\\\/\\\/mznoticia.com.br\\\/piraidosul\\\/#website\",\"url\":\"https:\\\/\\\/mznoticia.com.br\\\/piraidosul\\\/\",\"name\":\"Mz Not\u00edcia\",\"description\":\"A informa\u00e7\u00e3o que voc\u00ea precisa na hora certa!\",\"publisher\":{\"@id\":\"https:\\\/\\\/mznoticia.com.br\\\/piraidosul\\\/#organization\"},\"potentialAction\":[{\"@type\":\"SearchAction\",\"target\":{\"@type\":\"EntryPoint\",\"urlTemplate\":\"https:\\\/\\\/mznoticia.com.br\\\/piraidosul\\\/?s={search_term_string}\"},\"query-input\":{\"@type\":\"PropertyValueSpecification\",\"valueRequired\":true,\"valueName\":\"search_term_string\"}}],\"inLanguage\":\"pt-BR\"},{\"@type\":\"Organization\",\"@id\":\"https:\\\/\\\/mznoticia.com.br\\\/piraidosul\\\/#organization\",\"name\":\"Mz Not\u00edcia\",\"url\":\"https:\\\/\\\/mznoticia.com.br\\\/piraidosul\\\/\",\"logo\":{\"@type\":\"ImageObject\",\"inLanguage\":\"pt-BR\",\"@id\":\"https:\\\/\\\/mznoticia.com.br\\\/piraidosul\\\/#\\\/schema\\\/logo\\\/image\\\/\",\"url\":\"https:\\\/\\\/mznoticia.com.br\\\/jaguariaiva\\\/wp-content\\\/uploads\\\/2025\\\/03\\\/Design-sem-nome-4-e1741200616392.png\",\"contentUrl\":\"https:\\\/\\\/mznoticia.com.br\\\/jaguariaiva\\\/wp-content\\\/uploads\\\/2025\\\/03\\\/Design-sem-nome-4-e1741200616392.png\",\"width\":750,\"height\":563,\"caption\":\"Mz Not\u00edcia\"},\"image\":{\"@id\":\"https:\\\/\\\/mznoticia.com.br\\\/piraidosul\\\/#\\\/schema\\\/logo\\\/image\\\/\"},\"sameAs\":[\"https:\\\/\\\/www.facebook.com\\\/profile.php?id=61573479951222\",\"https:\\\/\\\/www.instagram.com\\\/mz.jaguariaiva\\\/\"]},{\"@type\":\"Person\",\"@id\":\"https:\\\/\\\/mznoticia.com.br\\\/piraidosul\\\/#\\\/schema\\\/person\\\/84012d827247b3f42f37b550da79cd03\",\"name\":\"Redacao mz\",\"image\":{\"@type\":\"ImageObject\",\"inLanguage\":\"pt-BR\",\"@id\":\"https:\\\/\\\/secure.gravatar.com\\\/avatar\\\/3835c58a73b55edb97de944593845d3f29acb93b7a088f3bf63afde947ab86ba?s=96&d=simple_local_avatar&r=g\",\"url\":\"https:\\\/\\\/secure.gravatar.com\\\/avatar\\\/3835c58a73b55edb97de944593845d3f29acb93b7a088f3bf63afde947ab86ba?s=96&d=simple_local_avatar&r=g\",\"contentUrl\":\"https:\\\/\\\/secure.gravatar.com\\\/avatar\\\/3835c58a73b55edb97de944593845d3f29acb93b7a088f3bf63afde947ab86ba?s=96&d=simple_local_avatar&r=g\",\"caption\":\"Redacao mz\"},\"sameAs\":[\"http:\\\/\\\/mznoticia.com.br\"],\"url\":\"https:\\\/\\\/mznoticia.com.br\\\/piraidosul\\\/author\\\/lucimara\\\/\"}]}<\/script>\n<!-- \/ Yoast SEO plugin. -->","yoast_head_json":{"title":"Trag\u00e9dia no Dia dos Pais: dois pais e dois filhos morrem em grave acidente na PRC-280, em Palmas - Mz Not\u00edcias","description":"Quatro pessoas morreram em uma colis\u00e3o frontal entre dois carros na PRC-280, em Palmas. Entre as v\u00edtimas est\u00e3o dois pais e dois filhos.","robots":{"index":"index","follow":"follow","max-snippet":"max-snippet:-1","max-image-preview":"max-image-preview:large","max-video-preview":"max-video-preview:-1"},"canonical":"https:\/\/mznoticia.com.br\/piraidosul\/tragedia-no-dia-dos-pais-dois-pais-e-dois-filhos-morrem-em-grave-acidente-na-prc-280-em-palmas\/","og_locale":"pt_BR","og_type":"article","og_title":"Trag\u00e9dia no Dia dos Pais: dois pais e dois filhos morrem em grave acidente na PRC-280, em Palmas - Mz Not\u00edcias","og_description":"Quatro pessoas morreram em uma colis\u00e3o frontal entre dois carros na PRC-280, em Palmas. Entre as v\u00edtimas est\u00e3o dois pais e dois filhos.","og_url":"https:\/\/mznoticia.com.br\/piraidosul\/tragedia-no-dia-dos-pais-dois-pais-e-dois-filhos-morrem-em-grave-acidente-na-prc-280-em-palmas\/","og_site_name":"Mz Not\u00edcias","article_publisher":"https:\/\/www.facebook.com\/profile.php?id=61573479951222","article_published_time":"2026-08-10T14:11:34+00:00","article_modified_time":"2026-08-10T14:11:53+00:00","og_image":[{"width":512,"height":640,"url":"https:\/\/mznoticia.com.br\/piraidosul\/wp-content\/uploads\/2026\/08\/20.jpg","type":"image\/jpeg"}],"author":"Redacao mz","twitter_card":"summary_large_image","twitter_misc":{"Escrito por":"Redacao mz","Est. tempo de leitura":"2 minutos"},"schema":{"@context":"https:\/\/schema.org","@graph":[{"@type":"Article","@id":"https:\/\/mznoticia.com.br\/piraidosul\/tragedia-no-dia-dos-pais-dois-pais-e-dois-filhos-morrem-em-grave-acidente-na-prc-280-em-palmas\/#article","isPartOf":{"@id":"https:\/\/mznoticia.com.br\/piraidosul\/tragedia-no-dia-dos-pais-dois-pais-e-dois-filhos-morrem-em-grave-acidente-na-prc-280-em-palmas\/"},"author":{"name":"Redacao mz","@id":"https:\/\/mznoticia.com.br\/piraidosul\/#\/schema\/person\/84012d827247b3f42f37b550da79cd03"},"headline":"Trag\u00e9dia no Dia dos Pais: dois pais e dois filhos morrem em grave acidente na PRC-280, em Palmas","datePublished":"2026-08-10T14:11:34+00:00","dateModified":"2026-08-10T14:11:53+00:00","mainEntityOfPage":{"@id":"https:\/\/mznoticia.com.br\/piraidosul\/tragedia-no-dia-dos-pais-dois-pais-e-dois-filhos-morrem-em-grave-acidente-na-prc-280-em-palmas\/"},"wordCount":365,"commentCount":0,"publisher":{"@id":"https:\/\/mznoticia.com.br\/piraidosul\/#organization"},"image":{"@id":"https:\/\/mznoticia.com.br\/piraidosul\/tragedia-no-dia-dos-pais-dois-pais-e-dois-filhos-morrem-em-grave-acidente-na-prc-280-em-palmas\/#primaryimage"},"thumbnailUrl":"https:\/\/mznoticia.com.br\/piraidosul\/wp-content\/uploads\/2026\/08\/20.jpg","keywords":["acidente","Acidente grave","Colis\u00e3o Frontal","destaque","Dia dos Pais","Mortes","Palmas","parana","Pol\u00edcia Rodovi\u00e1ria","PRC-280","Servi\u00e7o M\u00e9dico Legal","tr\u00e2nsito"],"articleSection":["Acidente"],"inLanguage":"pt-BR","potentialAction":[{"@type":"CommentAction","name":"Comment","target":["https:\/\/mznoticia.com.br\/piraidosul\/tragedia-no-dia-dos-pais-dois-pais-e-dois-filhos-morrem-em-grave-acidente-na-prc-280-em-palmas\/#respond"]}]},{"@type":"WebPage","@id":"https:\/\/mznoticia.com.br\/piraidosul\/tragedia-no-dia-dos-pais-dois-pais-e-dois-filhos-morrem-em-grave-acidente-na-prc-280-em-palmas\/","url":"https:\/\/mznoticia.com.br\/piraidosul\/tragedia-no-dia-dos-pais-dois-pais-e-dois-filhos-morrem-em-grave-acidente-na-prc-280-em-palmas\/","name":"Trag\u00e9dia no Dia dos Pais: dois pais e dois filhos morrem em grave acidente na PRC-280, em Palmas - Mz Not\u00edcias","isPartOf":{"@id":"https:\/\/mznoticia.com.br\/piraidosul\/#website"},"primaryImageOfPage":{"@id":"https:\/\/mznoticia.com.br\/piraidosul\/tragedia-no-dia-dos-pais-dois-pais-e-dois-filhos-morrem-em-grave-acidente-na-prc-280-em-palmas\/#primaryimage"},"image":{"@id":"https:\/\/mznoticia.com.br\/piraidosul\/tragedia-no-dia-dos-pais-dois-pais-e-dois-filhos-morrem-em-grave-acidente-na-prc-280-em-palmas\/#primaryimage"},"thumbnailUrl":"https:\/\/mznoticia.com.br\/piraidosul\/wp-content\/uploads\/2026\/08\/20.jpg","datePublished":"2026-08-10T14:11:34+00:00","dateModified":"2026-08-10T14:11:53+00:00","description":"Quatro pessoas morreram em uma colis\u00e3o frontal entre dois carros na PRC-280, em Palmas. Entre as v\u00edtimas est\u00e3o dois pais e dois filhos.","breadcrumb":{"@id":"https:\/\/mznoticia.com.br\/piraidosul\/tragedia-no-dia-dos-pais-dois-pais-e-dois-filhos-morrem-em-grave-acidente-na-prc-280-em-palmas\/#breadcrumb"},"inLanguage":"pt-BR","potentialAction":[{"@type":"ReadAction","target":["https:\/\/mznoticia.com.br\/piraidosul\/tragedia-no-dia-dos-pais-dois-pais-e-dois-filhos-morrem-em-grave-acidente-na-prc-280-em-palmas\/"]}]},{"@type":"ImageObject","inLanguage":"pt-BR","@id":"https:\/\/mznoticia.com.br\/piraidosul\/tragedia-no-dia-dos-pais-dois-pais-e-dois-filhos-morrem-em-grave-acidente-na-prc-280-em-palmas\/#primaryimage","url":"https:\/\/mznoticia.com.br\/piraidosul\/wp-content\/uploads\/2026\/08\/20.jpg","contentUrl":"https:\/\/mznoticia.com.br\/piraidosul\/wp-content\/uploads\/2026\/08\/20.jpg","width":512,"height":640},{"@type":"BreadcrumbList","@id":"https:\/\/mznoticia.com.br\/piraidosul\/tragedia-no-dia-dos-pais-dois-pais-e-dois-filhos-morrem-em-grave-acidente-na-prc-280-em-palmas\/#breadcrumb","itemListElement":[{"@type":"ListItem","position":1,"name":"Home","item":"https:\/\/mznoticia.com.br\/piraidosul\/"},{"@type":"ListItem","position":2,"name":"Trag\u00e9dia no Dia dos Pais: dois pais e dois filhos morrem em grave acidente na PRC-280, em Palmas"}]},{"@type":"WebSite","@id":"https:\/\/mznoticia.com.br\/piraidosul\/#website","url":"https:\/\/mznoticia.com.br\/piraidosul\/","name":"Mz Not\u00edcia","description":"A informa\u00e7\u00e3o que voc\u00ea precisa na hora certa!","publisher":{"@id":"https:\/\/mznoticia.com.br\/piraidosul\/#organization"},"potentialAction":[{"@type":"SearchAction","target":{"@type":"EntryPoint","urlTemplate":"https:\/\/mznoticia.com.br\/piraidosul\/?s={search_term_string}"},"query-input":{"@type":"PropertyValueSpecification","valueRequired":true,"valueName":"search_term_string"}}],"inLanguage":"pt-BR"},{"@type":"Organization","@id":"https:\/\/mznoticia.com.br\/piraidosul\/#organization","name":"Mz Not\u00edcia","url":"https:\/\/mznoticia.com.br\/piraidosul\/","logo":{"@type":"ImageObject","inLanguage":"pt-BR","@id":"https:\/\/mznoticia.com.br\/piraidosul\/#\/schema\/logo\/image\/","url":"https:\/\/mznoticia.com.br\/jaguariaiva\/wp-content\/uploads\/2025\/03\/Design-sem-nome-4-e1741200616392.png","contentUrl":"https:\/\/mznoticia.com.br\/jaguariaiva\/wp-content\/uploads\/2025\/03\/Design-sem-nome-4-e1741200616392.png","width":750,"height":563,"caption":"Mz Not\u00edcia"},"image":{"@id":"https:\/\/mznoticia.com.br\/piraidosul\/#\/schema\/logo\/image\/"},"sameAs":["https:\/\/www.facebook.com\/profile.php?id=61573479951222","https:\/\/www.instagram.com\/mz.jaguariaiva\/"]},{"@type":"Person","@id":"https:\/\/mznoticia.com.br\/piraidosul\/#\/schema\/person\/84012d827247b3f42f37b550da79cd03","name":"Redacao mz","image":{"@type":"ImageObject","inLanguage":"pt-BR","@id":"https:\/\/secure.gravatar.com\/avatar\/3835c58a73b55edb97de944593845d3f29acb93b7a088f3bf63afde947ab86ba?s=96&d=simple_local_avatar&r=g","url":"https:\/\/secure.gravatar.com\/avatar\/3835c58a73b55edb97de944593845d3f29acb93b7a088f3bf63afde947ab86ba?s=96&d=simple_local_avatar&r=g","contentUrl":"https:\/\/secure.gravatar.com\/avatar\/3835c58a73b55edb97de944593845d3f29acb93b7a088f3bf63afde947ab86ba?s=96&d=simple_local_avatar&r=g","caption":"Redacao mz"},"sameAs":["http:\/\/mznoticia.com.br"],"url":"https:\/\/mznoticia.com.br\/piraidosul\/author\/lucimara\/"}]}},"_links":{"self":[{"href":"https:\/\/mznoticia.com.br\/piraidosul\/wp-json\/wp\/v2\/posts\/6495","targetHints":{"allow":["GET"]}}],"collection":[{"href":"https:\/\/mznoticia.com.br\/piraidosul\/wp-json\/wp\/v2\/posts"}],"about":[{"href":"https:\/\/mznoticia.com.br\/piraidosul\/wp-json\/wp\/v2\/types\/post"}],"author":[{"embeddable":true,"href":"https:\/\/mznoticia.com.br\/piraidosul\/wp-json\/wp\/v2\/users\/16"}],"replies":[{"embeddable":true,"href":"https:\/\/mznoticia.com.br\/piraidosul\/wp-json\/wp\/v2\/comments?post=6495"}],"version-history":[{"count":1,"href":"https:\/\/mznoticia.com.br\/piraidosul\/wp-json\/wp\/v2\/posts\/6495\/revisions"}],"predecessor-version":[{"id":6496,"href":"https:\/\/mznoticia.com.br\/piraidosul\/wp-json\/wp\/v2\/posts\/6495\/revisions\/6496"}],"wp:featuredmedia":[{"embeddable":true,"href":"https:\/\/mznoticia.com.br\/piraidosul\/wp-json\/wp\/v2\/media\/6497"}],"wp:attachment":[{"href":"https:\/\/mznoticia.com.br\/piraidosul\/wp-json\/wp\/v2\/media?parent=6495"}],"wp:term":[{"taxonomy":"category","embeddable":true,"href":"https:\/\/mznoticia.com.br\/piraidosul\/wp-json\/wp\/v2\/categories?post=6495"},{"taxonomy":"post_tag","embeddable":true,"href":"https:\/\/mznoticia.com.br\/piraidosul\/wp-json\/wp\/v2\/tags?post=6495"}],"curies":[{"name":"wp","href":"https:\/\/api.w.org\/{rel}","templated":true}]}}