{"id":6523,"date":"2026-08-10T16:46:38","date_gmt":"2026-08-10T16:46:38","guid":{"rendered":"https:\/\/mznoticia.com.br\/piraidosul\/?p=6523"},"modified":"2026-08-10T16:46:38","modified_gmt":"2026-08-10T16:46:38","slug":"briga-entre-irmaos-termina-em-morte-e-suspeito-e-preso-no-parana","status":"publish","type":"post","link":"https:\/\/mznoticia.com.br\/piraidosul\/briga-entre-irmaos-termina-em-morte-e-suspeito-e-preso-no-parana\/","title":{"rendered":"Briga entre irm\u00e3os termina em morte e suspeito \u00e9 preso no Paran\u00e1"},"content":{"rendered":"<h2>Homem de 29 anos foi atingido por uma faca artesanal durante uma discuss\u00e3o com o irm\u00e3o, em Nova Londrina<\/h2>\n<p class=\"isSelectedEnd\">Uma briga entre irm\u00e3os terminou em morte na tarde desta sexta-feira (7), em Nova Londrina, no Noroeste do Paran\u00e1.<\/p>\n<p class=\"isSelectedEnd\">Um homem de 29 anos foi atingido por uma faca artesanal durante a discuss\u00e3o e morreu ainda no local. O irm\u00e3o mais novo, de 28 anos, foi preso em flagrante pela Pol\u00edcia Militar.<\/p>\n<h3>Faca artesanal foi usada no crime<\/h3>\n<p class=\"isSelectedEnd\">Segundo informa\u00e7\u00f5es preliminares, os dois irm\u00e3os discutiram antes da agress\u00e3o. Durante a briga, o homem de 28 anos teria utilizado uma faca artesanal para atingir o irm\u00e3o.<\/p>\n<p class=\"isSelectedEnd\">O objeto apreendido tinha cabo de madeira retangular, revestido com fita isolante preta, al\u00e9m de uma l\u00e2mina fina de metal, curvada e pontiaguda.<\/p>\n<p class=\"isSelectedEnd\">Uma equipe do Servi\u00e7o de Atendimento M\u00f3vel de Urg\u00eancia (Samu) foi acionada, mas os socorristas constataram a morte da v\u00edtima no local.<\/p>\n<h3>Suspeito foi preso em flagrante<\/h3>\n<p class=\"isSelectedEnd\">A Pol\u00edcia Militar esteve no endere\u00e7o e prendeu o irm\u00e3o da v\u00edtima em flagrante. Ele foi encaminhado para os procedimentos legais.<\/p>\n<p class=\"isSelectedEnd\">Ap\u00f3s a pris\u00e3o, policiais civis da 21\u00aa Delegacia Regional de Pol\u00edcia de Nova Londrina estiveram no local para realizar os procedimentos iniciais e levantar informa\u00e7\u00f5es que possam esclarecer a din\u00e2mica do homic\u00eddio.<\/p>\n<p>As circunst\u00e2ncias da briga e da morte ser\u00e3o investigadas pela Pol\u00edcia Civil.<\/p>\n","protected":false},"excerpt":{"rendered":"<p>Homem de 29 anos foi atingido por uma faca artesanal durante uma discuss\u00e3o com o irm\u00e3o, em Nova Londrina Uma briga entre irm\u00e3os terminou em morte na tarde desta sexta-feira (7), em Nova Londrina, no Noroeste do Paran\u00e1. Um homem de 29 anos foi atingido por uma faca artesanal durante a discuss\u00e3o e morreu ainda [&hellip;]<\/p>\n","protected":false},"author":16,"featured_media":6524,"comment_status":"open","ping_status":"open","sticky":false,"template":"","format":"standard","meta":{"footnotes":""},"categories":[4],"tags":[1787,1155,178,837,77,205,140,626,377],"class_list":["post-6523","post","type-post","status-publish","format-standard","has-post-thumbnail","hentry","category-policial","tag-briga-entre-irmaos","tag-crime","tag-homicidio","tag-nova-londrina","tag-parana","tag-policia-civil","tag-policia-militar","tag-prisao","tag-seguranca"],"yoast_head":"<!-- This site is optimized with the Yoast SEO plugin v28.1 - https:\/\/yoast.com\/product\/yoast-seo-wordpress\/ -->\n<title>Briga entre irm\u00e3os termina em morte e suspeito \u00e9 preso no Paran\u00e1 - Mz Not\u00edcias<\/title>\n<meta name=\"description\" content=\"Briga entre irm\u00e3os termina em morte em Nova Londrina. Homem de 29 anos foi morto com uma faca artesanal e irm\u00e3o de 28 anos foi preso.\" \/>\n<meta name=\"robots\" content=\"index, follow, max-snippet:-1, max-image-preview:large, max-video-preview:-1\" \/>\n<link rel=\"canonical\" href=\"https:\/\/mznoticia.com.br\/piraidosul\/briga-entre-irmaos-termina-em-morte-e-suspeito-e-preso-no-parana\/\" \/>\n<meta property=\"og:locale\" content=\"pt_BR\" \/>\n<meta property=\"og:type\" content=\"article\" \/>\n<meta property=\"og:title\" content=\"Briga entre irm\u00e3os termina em morte e suspeito \u00e9 preso no Paran\u00e1 - Mz Not\u00edcias\" \/>\n<meta property=\"og:description\" content=\"Briga entre irm\u00e3os termina em morte em Nova Londrina. Homem de 29 anos foi morto com uma faca artesanal e irm\u00e3o de 28 anos foi preso.\" \/>\n<meta property=\"og:url\" content=\"https:\/\/mznoticia.com.br\/piraidosul\/briga-entre-irmaos-termina-em-morte-e-suspeito-e-preso-no-parana\/\" \/>\n<meta property=\"og:site_name\" content=\"Mz Not\u00edcias\" \/>\n<meta property=\"article:publisher\" content=\"https:\/\/www.facebook.com\/profile.php?id=61573479951222\" \/>\n<meta property=\"article:published_time\" content=\"2026-08-10T16:46:38+00:00\" \/>\n<meta property=\"og:image\" content=\"https:\/\/mznoticia.com.br\/piraidosul\/wp-content\/uploads\/2026\/08\/30-1.webp\" \/>\n\t<meta property=\"og:image:width\" content=\"960\" \/>\n\t<meta property=\"og:image:height\" content=\"592\" \/>\n\t<meta property=\"og:image:type\" content=\"image\/webp\" \/>\n<meta name=\"author\" content=\"Redacao mz\" \/>\n<meta name=\"twitter:card\" content=\"summary_large_image\" \/>\n<meta name=\"twitter:label1\" content=\"Escrito por\" \/>\n\t<meta name=\"twitter:data1\" content=\"Redacao mz\" \/>\n\t<meta name=\"twitter:label2\" content=\"Est. tempo de leitura\" \/>\n\t<meta name=\"twitter:data2\" content=\"2 minutos\" \/>\n<script type=\"application\/ld+json\" class=\"yoast-schema-graph\">{\"@context\":\"https:\\\/\\\/schema.org\",\"@graph\":[{\"@type\":\"Article\",\"@id\":\"https:\\\/\\\/mznoticia.com.br\\\/piraidosul\\\/briga-entre-irmaos-termina-em-morte-e-suspeito-e-preso-no-parana\\\/#article\",\"isPartOf\":{\"@id\":\"https:\\\/\\\/mznoticia.com.br\\\/piraidosul\\\/briga-entre-irmaos-termina-em-morte-e-suspeito-e-preso-no-parana\\\/\"},\"author\":{\"name\":\"Redacao mz\",\"@id\":\"https:\\\/\\\/mznoticia.com.br\\\/piraidosul\\\/#\\\/schema\\\/person\\\/84012d827247b3f42f37b550da79cd03\"},\"headline\":\"Briga entre irm\u00e3os termina em morte e suspeito \u00e9 preso no Paran\u00e1\",\"datePublished\":\"2026-08-10T16:46:38+00:00\",\"mainEntityOfPage\":{\"@id\":\"https:\\\/\\\/mznoticia.com.br\\\/piraidosul\\\/briga-entre-irmaos-termina-em-morte-e-suspeito-e-preso-no-parana\\\/\"},\"wordCount\":254,\"commentCount\":0,\"publisher\":{\"@id\":\"https:\\\/\\\/mznoticia.com.br\\\/piraidosul\\\/#organization\"},\"image\":{\"@id\":\"https:\\\/\\\/mznoticia.com.br\\\/piraidosul\\\/briga-entre-irmaos-termina-em-morte-e-suspeito-e-preso-no-parana\\\/#primaryimage\"},\"thumbnailUrl\":\"https:\\\/\\\/mznoticia.com.br\\\/piraidosul\\\/wp-content\\\/uploads\\\/2026\\\/08\\\/30-1.webp\",\"keywords\":[\"briga entre irm\u00e3os\",\"Crime\",\"homicidio\",\"Nova Londrina\",\"parana\",\"policia civil\",\"Policia Militar\",\"Pris\u00e3o\",\"Seguran\u00e7a\"],\"articleSection\":[\"Policial\"],\"inLanguage\":\"pt-BR\",\"potentialAction\":[{\"@type\":\"CommentAction\",\"name\":\"Comment\",\"target\":[\"https:\\\/\\\/mznoticia.com.br\\\/piraidosul\\\/briga-entre-irmaos-termina-em-morte-e-suspeito-e-preso-no-parana\\\/#respond\"]}]},{\"@type\":\"WebPage\",\"@id\":\"https:\\\/\\\/mznoticia.com.br\\\/piraidosul\\\/briga-entre-irmaos-termina-em-morte-e-suspeito-e-preso-no-parana\\\/\",\"url\":\"https:\\\/\\\/mznoticia.com.br\\\/piraidosul\\\/briga-entre-irmaos-termina-em-morte-e-suspeito-e-preso-no-parana\\\/\",\"name\":\"Briga entre irm\u00e3os termina em morte e suspeito \u00e9 preso no Paran\u00e1 - Mz Not\u00edcias\",\"isPartOf\":{\"@id\":\"https:\\\/\\\/mznoticia.com.br\\\/piraidosul\\\/#website\"},\"primaryImageOfPage\":{\"@id\":\"https:\\\/\\\/mznoticia.com.br\\\/piraidosul\\\/briga-entre-irmaos-termina-em-morte-e-suspeito-e-preso-no-parana\\\/#primaryimage\"},\"image\":{\"@id\":\"https:\\\/\\\/mznoticia.com.br\\\/piraidosul\\\/briga-entre-irmaos-termina-em-morte-e-suspeito-e-preso-no-parana\\\/#primaryimage\"},\"thumbnailUrl\":\"https:\\\/\\\/mznoticia.com.br\\\/piraidosul\\\/wp-content\\\/uploads\\\/2026\\\/08\\\/30-1.webp\",\"datePublished\":\"2026-08-10T16:46:38+00:00\",\"description\":\"Briga entre irm\u00e3os termina em morte em Nova Londrina. Homem de 29 anos foi morto com uma faca artesanal e irm\u00e3o de 28 anos foi preso.\",\"breadcrumb\":{\"@id\":\"https:\\\/\\\/mznoticia.com.br\\\/piraidosul\\\/briga-entre-irmaos-termina-em-morte-e-suspeito-e-preso-no-parana\\\/#breadcrumb\"},\"inLanguage\":\"pt-BR\",\"potentialAction\":[{\"@type\":\"ReadAction\",\"target\":[\"https:\\\/\\\/mznoticia.com.br\\\/piraidosul\\\/briga-entre-irmaos-termina-em-morte-e-suspeito-e-preso-no-parana\\\/\"]}]},{\"@type\":\"ImageObject\",\"inLanguage\":\"pt-BR\",\"@id\":\"https:\\\/\\\/mznoticia.com.br\\\/piraidosul\\\/briga-entre-irmaos-termina-em-morte-e-suspeito-e-preso-no-parana\\\/#primaryimage\",\"url\":\"https:\\\/\\\/mznoticia.com.br\\\/piraidosul\\\/wp-content\\\/uploads\\\/2026\\\/08\\\/30-1.webp\",\"contentUrl\":\"https:\\\/\\\/mznoticia.com.br\\\/piraidosul\\\/wp-content\\\/uploads\\\/2026\\\/08\\\/30-1.webp\",\"width\":960,\"height\":592},{\"@type\":\"BreadcrumbList\",\"@id\":\"https:\\\/\\\/mznoticia.com.br\\\/piraidosul\\\/briga-entre-irmaos-termina-em-morte-e-suspeito-e-preso-no-parana\\\/#breadcrumb\",\"itemListElement\":[{\"@type\":\"ListItem\",\"position\":1,\"name\":\"Home\",\"item\":\"https:\\\/\\\/mznoticia.com.br\\\/piraidosul\\\/\"},{\"@type\":\"ListItem\",\"position\":2,\"name\":\"Briga entre irm\u00e3os termina em morte e suspeito \u00e9 preso no Paran\u00e1\"}]},{\"@type\":\"WebSite\",\"@id\":\"https:\\\/\\\/mznoticia.com.br\\\/piraidosul\\\/#website\",\"url\":\"https:\\\/\\\/mznoticia.com.br\\\/piraidosul\\\/\",\"name\":\"Mz Not\u00edcia\",\"description\":\"A informa\u00e7\u00e3o que voc\u00ea precisa na hora certa!\",\"publisher\":{\"@id\":\"https:\\\/\\\/mznoticia.com.br\\\/piraidosul\\\/#organization\"},\"potentialAction\":[{\"@type\":\"SearchAction\",\"target\":{\"@type\":\"EntryPoint\",\"urlTemplate\":\"https:\\\/\\\/mznoticia.com.br\\\/piraidosul\\\/?s={search_term_string}\"},\"query-input\":{\"@type\":\"PropertyValueSpecification\",\"valueRequired\":true,\"valueName\":\"search_term_string\"}}],\"inLanguage\":\"pt-BR\"},{\"@type\":\"Organization\",\"@id\":\"https:\\\/\\\/mznoticia.com.br\\\/piraidosul\\\/#organization\",\"name\":\"Mz Not\u00edcia\",\"url\":\"https:\\\/\\\/mznoticia.com.br\\\/piraidosul\\\/\",\"logo\":{\"@type\":\"ImageObject\",\"inLanguage\":\"pt-BR\",\"@id\":\"https:\\\/\\\/mznoticia.com.br\\\/piraidosul\\\/#\\\/schema\\\/logo\\\/image\\\/\",\"url\":\"https:\\\/\\\/mznoticia.com.br\\\/jaguariaiva\\\/wp-content\\\/uploads\\\/2025\\\/03\\\/Design-sem-nome-4-e1741200616392.png\",\"contentUrl\":\"https:\\\/\\\/mznoticia.com.br\\\/jaguariaiva\\\/wp-content\\\/uploads\\\/2025\\\/03\\\/Design-sem-nome-4-e1741200616392.png\",\"width\":750,\"height\":563,\"caption\":\"Mz Not\u00edcia\"},\"image\":{\"@id\":\"https:\\\/\\\/mznoticia.com.br\\\/piraidosul\\\/#\\\/schema\\\/logo\\\/image\\\/\"},\"sameAs\":[\"https:\\\/\\\/www.facebook.com\\\/profile.php?id=61573479951222\",\"https:\\\/\\\/www.instagram.com\\\/mz.jaguariaiva\\\/\"]},{\"@type\":\"Person\",\"@id\":\"https:\\\/\\\/mznoticia.com.br\\\/piraidosul\\\/#\\\/schema\\\/person\\\/84012d827247b3f42f37b550da79cd03\",\"name\":\"Redacao mz\",\"image\":{\"@type\":\"ImageObject\",\"inLanguage\":\"pt-BR\",\"@id\":\"https:\\\/\\\/secure.gravatar.com\\\/avatar\\\/3835c58a73b55edb97de944593845d3f29acb93b7a088f3bf63afde947ab86ba?s=96&d=simple_local_avatar&r=g\",\"url\":\"https:\\\/\\\/secure.gravatar.com\\\/avatar\\\/3835c58a73b55edb97de944593845d3f29acb93b7a088f3bf63afde947ab86ba?s=96&d=simple_local_avatar&r=g\",\"contentUrl\":\"https:\\\/\\\/secure.gravatar.com\\\/avatar\\\/3835c58a73b55edb97de944593845d3f29acb93b7a088f3bf63afde947ab86ba?s=96&d=simple_local_avatar&r=g\",\"caption\":\"Redacao mz\"},\"sameAs\":[\"http:\\\/\\\/mznoticia.com.br\"],\"url\":\"https:\\\/\\\/mznoticia.com.br\\\/piraidosul\\\/author\\\/lucimara\\\/\"}]}<\/script>\n<!-- \/ Yoast SEO plugin. -->","yoast_head_json":{"title":"Briga entre irm\u00e3os termina em morte e suspeito \u00e9 preso no Paran\u00e1 - Mz Not\u00edcias","description":"Briga entre irm\u00e3os termina em morte em Nova Londrina. Homem de 29 anos foi morto com uma faca artesanal e irm\u00e3o de 28 anos foi preso.","robots":{"index":"index","follow":"follow","max-snippet":"max-snippet:-1","max-image-preview":"max-image-preview:large","max-video-preview":"max-video-preview:-1"},"canonical":"https:\/\/mznoticia.com.br\/piraidosul\/briga-entre-irmaos-termina-em-morte-e-suspeito-e-preso-no-parana\/","og_locale":"pt_BR","og_type":"article","og_title":"Briga entre irm\u00e3os termina em morte e suspeito \u00e9 preso no Paran\u00e1 - Mz Not\u00edcias","og_description":"Briga entre irm\u00e3os termina em morte em Nova Londrina. Homem de 29 anos foi morto com uma faca artesanal e irm\u00e3o de 28 anos foi preso.","og_url":"https:\/\/mznoticia.com.br\/piraidosul\/briga-entre-irmaos-termina-em-morte-e-suspeito-e-preso-no-parana\/","og_site_name":"Mz Not\u00edcias","article_publisher":"https:\/\/www.facebook.com\/profile.php?id=61573479951222","article_published_time":"2026-08-10T16:46:38+00:00","og_image":[{"width":960,"height":592,"url":"https:\/\/mznoticia.com.br\/piraidosul\/wp-content\/uploads\/2026\/08\/30-1.webp","type":"image\/webp"}],"author":"Redacao mz","twitter_card":"summary_large_image","twitter_misc":{"Escrito por":"Redacao mz","Est. tempo de leitura":"2 minutos"},"schema":{"@context":"https:\/\/schema.org","@graph":[{"@type":"Article","@id":"https:\/\/mznoticia.com.br\/piraidosul\/briga-entre-irmaos-termina-em-morte-e-suspeito-e-preso-no-parana\/#article","isPartOf":{"@id":"https:\/\/mznoticia.com.br\/piraidosul\/briga-entre-irmaos-termina-em-morte-e-suspeito-e-preso-no-parana\/"},"author":{"name":"Redacao mz","@id":"https:\/\/mznoticia.com.br\/piraidosul\/#\/schema\/person\/84012d827247b3f42f37b550da79cd03"},"headline":"Briga entre irm\u00e3os termina em morte e suspeito \u00e9 preso no Paran\u00e1","datePublished":"2026-08-10T16:46:38+00:00","mainEntityOfPage":{"@id":"https:\/\/mznoticia.com.br\/piraidosul\/briga-entre-irmaos-termina-em-morte-e-suspeito-e-preso-no-parana\/"},"wordCount":254,"commentCount":0,"publisher":{"@id":"https:\/\/mznoticia.com.br\/piraidosul\/#organization"},"image":{"@id":"https:\/\/mznoticia.com.br\/piraidosul\/briga-entre-irmaos-termina-em-morte-e-suspeito-e-preso-no-parana\/#primaryimage"},"thumbnailUrl":"https:\/\/mznoticia.com.br\/piraidosul\/wp-content\/uploads\/2026\/08\/30-1.webp","keywords":["briga entre irm\u00e3os","Crime","homicidio","Nova Londrina","parana","policia civil","Policia Militar","Pris\u00e3o","Seguran\u00e7a"],"articleSection":["Policial"],"inLanguage":"pt-BR","potentialAction":[{"@type":"CommentAction","name":"Comment","target":["https:\/\/mznoticia.com.br\/piraidosul\/briga-entre-irmaos-termina-em-morte-e-suspeito-e-preso-no-parana\/#respond"]}]},{"@type":"WebPage","@id":"https:\/\/mznoticia.com.br\/piraidosul\/briga-entre-irmaos-termina-em-morte-e-suspeito-e-preso-no-parana\/","url":"https:\/\/mznoticia.com.br\/piraidosul\/briga-entre-irmaos-termina-em-morte-e-suspeito-e-preso-no-parana\/","name":"Briga entre irm\u00e3os termina em morte e suspeito \u00e9 preso no Paran\u00e1 - Mz Not\u00edcias","isPartOf":{"@id":"https:\/\/mznoticia.com.br\/piraidosul\/#website"},"primaryImageOfPage":{"@id":"https:\/\/mznoticia.com.br\/piraidosul\/briga-entre-irmaos-termina-em-morte-e-suspeito-e-preso-no-parana\/#primaryimage"},"image":{"@id":"https:\/\/mznoticia.com.br\/piraidosul\/briga-entre-irmaos-termina-em-morte-e-suspeito-e-preso-no-parana\/#primaryimage"},"thumbnailUrl":"https:\/\/mznoticia.com.br\/piraidosul\/wp-content\/uploads\/2026\/08\/30-1.webp","datePublished":"2026-08-10T16:46:38+00:00","description":"Briga entre irm\u00e3os termina em morte em Nova Londrina. Homem de 29 anos foi morto com uma faca artesanal e irm\u00e3o de 28 anos foi preso.","breadcrumb":{"@id":"https:\/\/mznoticia.com.br\/piraidosul\/briga-entre-irmaos-termina-em-morte-e-suspeito-e-preso-no-parana\/#breadcrumb"},"inLanguage":"pt-BR","potentialAction":[{"@type":"ReadAction","target":["https:\/\/mznoticia.com.br\/piraidosul\/briga-entre-irmaos-termina-em-morte-e-suspeito-e-preso-no-parana\/"]}]},{"@type":"ImageObject","inLanguage":"pt-BR","@id":"https:\/\/mznoticia.com.br\/piraidosul\/briga-entre-irmaos-termina-em-morte-e-suspeito-e-preso-no-parana\/#primaryimage","url":"https:\/\/mznoticia.com.br\/piraidosul\/wp-content\/uploads\/2026\/08\/30-1.webp","contentUrl":"https:\/\/mznoticia.com.br\/piraidosul\/wp-content\/uploads\/2026\/08\/30-1.webp","width":960,"height":592},{"@type":"BreadcrumbList","@id":"https:\/\/mznoticia.com.br\/piraidosul\/briga-entre-irmaos-termina-em-morte-e-suspeito-e-preso-no-parana\/#breadcrumb","itemListElement":[{"@type":"ListItem","position":1,"name":"Home","item":"https:\/\/mznoticia.com.br\/piraidosul\/"},{"@type":"ListItem","position":2,"name":"Briga entre irm\u00e3os termina em morte e suspeito \u00e9 preso no Paran\u00e1"}]},{"@type":"WebSite","@id":"https:\/\/mznoticia.com.br\/piraidosul\/#website","url":"https:\/\/mznoticia.com.br\/piraidosul\/","name":"Mz Not\u00edcia","description":"A informa\u00e7\u00e3o que voc\u00ea precisa na hora certa!","publisher":{"@id":"https:\/\/mznoticia.com.br\/piraidosul\/#organization"},"potentialAction":[{"@type":"SearchAction","target":{"@type":"EntryPoint","urlTemplate":"https:\/\/mznoticia.com.br\/piraidosul\/?s={search_term_string}"},"query-input":{"@type":"PropertyValueSpecification","valueRequired":true,"valueName":"search_term_string"}}],"inLanguage":"pt-BR"},{"@type":"Organization","@id":"https:\/\/mznoticia.com.br\/piraidosul\/#organization","name":"Mz Not\u00edcia","url":"https:\/\/mznoticia.com.br\/piraidosul\/","logo":{"@type":"ImageObject","inLanguage":"pt-BR","@id":"https:\/\/mznoticia.com.br\/piraidosul\/#\/schema\/logo\/image\/","url":"https:\/\/mznoticia.com.br\/jaguariaiva\/wp-content\/uploads\/2025\/03\/Design-sem-nome-4-e1741200616392.png","contentUrl":"https:\/\/mznoticia.com.br\/jaguariaiva\/wp-content\/uploads\/2025\/03\/Design-sem-nome-4-e1741200616392.png","width":750,"height":563,"caption":"Mz Not\u00edcia"},"image":{"@id":"https:\/\/mznoticia.com.br\/piraidosul\/#\/schema\/logo\/image\/"},"sameAs":["https:\/\/www.facebook.com\/profile.php?id=61573479951222","https:\/\/www.instagram.com\/mz.jaguariaiva\/"]},{"@type":"Person","@id":"https:\/\/mznoticia.com.br\/piraidosul\/#\/schema\/person\/84012d827247b3f42f37b550da79cd03","name":"Redacao mz","image":{"@type":"ImageObject","inLanguage":"pt-BR","@id":"https:\/\/secure.gravatar.com\/avatar\/3835c58a73b55edb97de944593845d3f29acb93b7a088f3bf63afde947ab86ba?s=96&d=simple_local_avatar&r=g","url":"https:\/\/secure.gravatar.com\/avatar\/3835c58a73b55edb97de944593845d3f29acb93b7a088f3bf63afde947ab86ba?s=96&d=simple_local_avatar&r=g","contentUrl":"https:\/\/secure.gravatar.com\/avatar\/3835c58a73b55edb97de944593845d3f29acb93b7a088f3bf63afde947ab86ba?s=96&d=simple_local_avatar&r=g","caption":"Redacao mz"},"sameAs":["http:\/\/mznoticia.com.br"],"url":"https:\/\/mznoticia.com.br\/piraidosul\/author\/lucimara\/"}]}},"_links":{"self":[{"href":"https:\/\/mznoticia.com.br\/piraidosul\/wp-json\/wp\/v2\/posts\/6523","targetHints":{"allow":["GET"]}}],"collection":[{"href":"https:\/\/mznoticia.com.br\/piraidosul\/wp-json\/wp\/v2\/posts"}],"about":[{"href":"https:\/\/mznoticia.com.br\/piraidosul\/wp-json\/wp\/v2\/types\/post"}],"author":[{"embeddable":true,"href":"https:\/\/mznoticia.com.br\/piraidosul\/wp-json\/wp\/v2\/users\/16"}],"replies":[{"embeddable":true,"href":"https:\/\/mznoticia.com.br\/piraidosul\/wp-json\/wp\/v2\/comments?post=6523"}],"version-history":[{"count":1,"href":"https:\/\/mznoticia.com.br\/piraidosul\/wp-json\/wp\/v2\/posts\/6523\/revisions"}],"predecessor-version":[{"id":6525,"href":"https:\/\/mznoticia.com.br\/piraidosul\/wp-json\/wp\/v2\/posts\/6523\/revisions\/6525"}],"wp:featuredmedia":[{"embeddable":true,"href":"https:\/\/mznoticia.com.br\/piraidosul\/wp-json\/wp\/v2\/media\/6524"}],"wp:attachment":[{"href":"https:\/\/mznoticia.com.br\/piraidosul\/wp-json\/wp\/v2\/media?parent=6523"}],"wp:term":[{"taxonomy":"category","embeddable":true,"href":"https:\/\/mznoticia.com.br\/piraidosul\/wp-json\/wp\/v2\/categories?post=6523"},{"taxonomy":"post_tag","embeddable":true,"href":"https:\/\/mznoticia.com.br\/piraidosul\/wp-json\/wp\/v2\/tags?post=6523"}],"curies":[{"name":"wp","href":"https:\/\/api.w.org\/{rel}","templated":true}]}}