{"id":6579,"date":"2026-08-11T13:21:43","date_gmt":"2026-08-11T13:21:43","guid":{"rendered":"https:\/\/mznoticia.com.br\/piraidosul\/?p=6579"},"modified":"2026-08-11T13:21:43","modified_gmt":"2026-08-11T13:21:43","slug":"policia-civil-prende-dois-suspeitos-de-quatro-furtos-a-residencias-em-pirai-do-sul","status":"publish","type":"post","link":"https:\/\/mznoticia.com.br\/piraidosul\/policia-civil-prende-dois-suspeitos-de-quatro-furtos-a-residencias-em-pirai-do-sul\/","title":{"rendered":"Pol\u00edcia Civil prende dois suspeitos de quatro furtos a resid\u00eancias em Pira\u00ed do Sul"},"content":{"rendered":"<h2>Mulher de 37 anos e homem de 46 foram localizados em endere\u00e7os diferentes ap\u00f3s investiga\u00e7\u00e3o sobre crimes registrados durante o fim de semana<\/h2>\n<p class=\"isSelectedEnd\">A <strong>Pol\u00edcia Civil<\/strong> prendeu dois suspeitos investigados por quatro furtos a resid\u00eancias registrados durante o fim de semana em <strong>Pira\u00ed do Sul<\/strong>, nos Campos Gerais.<\/p>\n<p class=\"isSelectedEnd\">Uma mulher, de <strong>37 anos<\/strong>, e um homem, de <strong>46<\/strong>, foram localizados em endere\u00e7os diferentes nesta segunda-feira (10) e autuados em flagrante por <strong>furto qualificado<\/strong>.<\/p>\n<h2>Investiga\u00e7\u00e3o levou \u00e0 localiza\u00e7\u00e3o dos suspeitos<\/h2>\n<p class=\"isSelectedEnd\">A investiga\u00e7\u00e3o come\u00e7ou a partir do levantamento de informa\u00e7\u00f5es sobre os im\u00f3veis que foram alvo dos furtos.<\/p>\n<p class=\"isSelectedEnd\">Ap\u00f3s a identifica\u00e7\u00e3o dos poss\u00edveis envolvidos, os policiais realizaram dilig\u00eancias para localizar cada um deles.<\/p>\n<p class=\"isSelectedEnd\">Os dois suspeitos foram encontrados separadamente e receberam voz de pris\u00e3o. Segundo as informa\u00e7\u00f5es da investiga\u00e7\u00e3o, parte dos furtos teria ocorrido no pr\u00f3prio dia das pris\u00f5es, enquanto outros crimes foram registrados ao longo do fim de semana.<\/p>\n<h2>Suspeitos ficam \u00e0 disposi\u00e7\u00e3o da Justi\u00e7a<\/h2>\n<p class=\"isSelectedEnd\">Ap\u00f3s as pris\u00f5es, os dois foram encaminhados para os procedimentos legais e autuados por <strong>furto qualificado<\/strong>.<\/p>\n<p class=\"isSelectedEnd\">O caso ser\u00e1 analisado pelo Poder Judici\u00e1rio, que dever\u00e1 definir as medidas cab\u00edveis.<\/p>\n<p class=\"isSelectedEnd\">At\u00e9 o momento, a Pol\u00edcia Civil n\u00e3o divulgou detalhes sobre os objetos levados das resid\u00eancias e tamb\u00e9m n\u00e3o informou se todo o material subtra\u00eddo nos quatro crimes foi recuperado.<\/p>\n<p class=\"isSelectedEnd\">As pris\u00f5es s\u00e3o resultado das apura\u00e7\u00f5es realizadas ap\u00f3s a sequ\u00eancia de ocorr\u00eancias registrada nos \u00faltimos dias em Pira\u00ed do Sul.<\/p>\n<h3><\/h3>\n","protected":false},"excerpt":{"rendered":"<p>Mulher de 37 anos e homem de 46 foram localizados em endere\u00e7os diferentes ap\u00f3s investiga\u00e7\u00e3o sobre crimes registrados durante o fim de semana A Pol\u00edcia Civil prendeu dois suspeitos investigados por quatro furtos a resid\u00eancias registrados durante o fim de semana em Pira\u00ed do Sul, nos Campos Gerais. Uma mulher, de 37 anos, e um [&hellip;]<\/p>\n","protected":false},"author":16,"featured_media":6580,"comment_status":"open","ping_status":"open","sticky":false,"template":"","format":"standard","meta":{"footnotes":""},"categories":[4],"tags":[196,47,173,1823,241,135,266,205,377],"class_list":["post-6579","post","type-post","status-publish","format-standard","has-post-thumbnail","hentry","category-policial","tag-campos-gerais","tag-destaque","tag-furto","tag-furto-qualificado","tag-investigacao","tag-pirai-do-sul","tag-policia","tag-policia-civil","tag-seguranca"],"yoast_head":"<!-- This site is optimized with the Yoast SEO plugin v28.1 - https:\/\/yoast.com\/product\/yoast-seo-wordpress\/ -->\n<title>Pol\u00edcia Civil prende dois suspeitos de quatro furtos a resid\u00eancias em Pira\u00ed do Sul - Mz Not\u00edcias<\/title>\n<meta name=\"description\" content=\"Pol\u00edcia Civil prende dois suspeitos investigados por quatro furtos a resid\u00eancias registrados durante o fim de semana em Pira\u00ed do Sul.\" \/>\n<meta name=\"robots\" content=\"index, follow, max-snippet:-1, max-image-preview:large, max-video-preview:-1\" \/>\n<link rel=\"canonical\" href=\"https:\/\/mznoticia.com.br\/piraidosul\/policia-civil-prende-dois-suspeitos-de-quatro-furtos-a-residencias-em-pirai-do-sul\/\" \/>\n<meta property=\"og:locale\" content=\"pt_BR\" \/>\n<meta property=\"og:type\" content=\"article\" \/>\n<meta property=\"og:title\" content=\"Pol\u00edcia Civil prende dois suspeitos de quatro furtos a resid\u00eancias em Pira\u00ed do Sul - Mz Not\u00edcias\" \/>\n<meta property=\"og:description\" content=\"Pol\u00edcia Civil prende dois suspeitos investigados por quatro furtos a resid\u00eancias registrados durante o fim de semana em Pira\u00ed do Sul.\" \/>\n<meta property=\"og:url\" content=\"https:\/\/mznoticia.com.br\/piraidosul\/policia-civil-prende-dois-suspeitos-de-quatro-furtos-a-residencias-em-pirai-do-sul\/\" \/>\n<meta property=\"og:site_name\" content=\"Mz Not\u00edcias\" \/>\n<meta property=\"article:publisher\" content=\"https:\/\/www.facebook.com\/profile.php?id=61573479951222\" \/>\n<meta property=\"article:published_time\" content=\"2026-08-11T13:21:43+00:00\" \/>\n<meta property=\"og:image\" content=\"https:\/\/mznoticia.com.br\/piraidosul\/wp-content\/uploads\/2026\/08\/pm-mil.webp\" \/>\n\t<meta property=\"og:image:width\" content=\"1000\" \/>\n\t<meta property=\"og:image:height\" content=\"667\" \/>\n\t<meta property=\"og:image:type\" content=\"image\/webp\" \/>\n<meta name=\"author\" content=\"Redacao mz\" \/>\n<meta name=\"twitter:card\" content=\"summary_large_image\" \/>\n<meta name=\"twitter:label1\" content=\"Escrito por\" \/>\n\t<meta name=\"twitter:data1\" content=\"Redacao mz\" \/>\n\t<meta name=\"twitter:label2\" content=\"Est. tempo de leitura\" \/>\n\t<meta name=\"twitter:data2\" content=\"2 minutos\" \/>\n<script type=\"application\/ld+json\" class=\"yoast-schema-graph\">{\"@context\":\"https:\\\/\\\/schema.org\",\"@graph\":[{\"@type\":\"Article\",\"@id\":\"https:\\\/\\\/mznoticia.com.br\\\/piraidosul\\\/policia-civil-prende-dois-suspeitos-de-quatro-furtos-a-residencias-em-pirai-do-sul\\\/#article\",\"isPartOf\":{\"@id\":\"https:\\\/\\\/mznoticia.com.br\\\/piraidosul\\\/policia-civil-prende-dois-suspeitos-de-quatro-furtos-a-residencias-em-pirai-do-sul\\\/\"},\"author\":{\"name\":\"Redacao mz\",\"@id\":\"https:\\\/\\\/mznoticia.com.br\\\/piraidosul\\\/#\\\/schema\\\/person\\\/84012d827247b3f42f37b550da79cd03\"},\"headline\":\"Pol\u00edcia Civil prende dois suspeitos de quatro furtos a resid\u00eancias em Pira\u00ed do Sul\",\"datePublished\":\"2026-08-11T13:21:43+00:00\",\"mainEntityOfPage\":{\"@id\":\"https:\\\/\\\/mznoticia.com.br\\\/piraidosul\\\/policia-civil-prende-dois-suspeitos-de-quatro-furtos-a-residencias-em-pirai-do-sul\\\/\"},\"wordCount\":280,\"commentCount\":0,\"publisher\":{\"@id\":\"https:\\\/\\\/mznoticia.com.br\\\/piraidosul\\\/#organization\"},\"image\":{\"@id\":\"https:\\\/\\\/mznoticia.com.br\\\/piraidosul\\\/policia-civil-prende-dois-suspeitos-de-quatro-furtos-a-residencias-em-pirai-do-sul\\\/#primaryimage\"},\"thumbnailUrl\":\"https:\\\/\\\/mznoticia.com.br\\\/piraidosul\\\/wp-content\\\/uploads\\\/2026\\\/08\\\/pm-mil.webp\",\"keywords\":[\"campos gerais\",\"destaque\",\"furto\",\"Furto Qualificado\",\"Investiga\u00e7\u00e3o\",\"Pira\u00ed do Sul\",\"POLICIA\",\"policia civil\",\"Seguran\u00e7a\"],\"articleSection\":[\"Policial\"],\"inLanguage\":\"pt-BR\",\"potentialAction\":[{\"@type\":\"CommentAction\",\"name\":\"Comment\",\"target\":[\"https:\\\/\\\/mznoticia.com.br\\\/piraidosul\\\/policia-civil-prende-dois-suspeitos-de-quatro-furtos-a-residencias-em-pirai-do-sul\\\/#respond\"]}]},{\"@type\":\"WebPage\",\"@id\":\"https:\\\/\\\/mznoticia.com.br\\\/piraidosul\\\/policia-civil-prende-dois-suspeitos-de-quatro-furtos-a-residencias-em-pirai-do-sul\\\/\",\"url\":\"https:\\\/\\\/mznoticia.com.br\\\/piraidosul\\\/policia-civil-prende-dois-suspeitos-de-quatro-furtos-a-residencias-em-pirai-do-sul\\\/\",\"name\":\"Pol\u00edcia Civil prende dois suspeitos de quatro furtos a resid\u00eancias em Pira\u00ed do Sul - Mz Not\u00edcias\",\"isPartOf\":{\"@id\":\"https:\\\/\\\/mznoticia.com.br\\\/piraidosul\\\/#website\"},\"primaryImageOfPage\":{\"@id\":\"https:\\\/\\\/mznoticia.com.br\\\/piraidosul\\\/policia-civil-prende-dois-suspeitos-de-quatro-furtos-a-residencias-em-pirai-do-sul\\\/#primaryimage\"},\"image\":{\"@id\":\"https:\\\/\\\/mznoticia.com.br\\\/piraidosul\\\/policia-civil-prende-dois-suspeitos-de-quatro-furtos-a-residencias-em-pirai-do-sul\\\/#primaryimage\"},\"thumbnailUrl\":\"https:\\\/\\\/mznoticia.com.br\\\/piraidosul\\\/wp-content\\\/uploads\\\/2026\\\/08\\\/pm-mil.webp\",\"datePublished\":\"2026-08-11T13:21:43+00:00\",\"description\":\"Pol\u00edcia Civil prende dois suspeitos investigados por quatro furtos a resid\u00eancias registrados durante o fim de semana em Pira\u00ed do Sul.\",\"breadcrumb\":{\"@id\":\"https:\\\/\\\/mznoticia.com.br\\\/piraidosul\\\/policia-civil-prende-dois-suspeitos-de-quatro-furtos-a-residencias-em-pirai-do-sul\\\/#breadcrumb\"},\"inLanguage\":\"pt-BR\",\"potentialAction\":[{\"@type\":\"ReadAction\",\"target\":[\"https:\\\/\\\/mznoticia.com.br\\\/piraidosul\\\/policia-civil-prende-dois-suspeitos-de-quatro-furtos-a-residencias-em-pirai-do-sul\\\/\"]}]},{\"@type\":\"ImageObject\",\"inLanguage\":\"pt-BR\",\"@id\":\"https:\\\/\\\/mznoticia.com.br\\\/piraidosul\\\/policia-civil-prende-dois-suspeitos-de-quatro-furtos-a-residencias-em-pirai-do-sul\\\/#primaryimage\",\"url\":\"https:\\\/\\\/mznoticia.com.br\\\/piraidosul\\\/wp-content\\\/uploads\\\/2026\\\/08\\\/pm-mil.webp\",\"contentUrl\":\"https:\\\/\\\/mznoticia.com.br\\\/piraidosul\\\/wp-content\\\/uploads\\\/2026\\\/08\\\/pm-mil.webp\",\"width\":1000,\"height\":667},{\"@type\":\"BreadcrumbList\",\"@id\":\"https:\\\/\\\/mznoticia.com.br\\\/piraidosul\\\/policia-civil-prende-dois-suspeitos-de-quatro-furtos-a-residencias-em-pirai-do-sul\\\/#breadcrumb\",\"itemListElement\":[{\"@type\":\"ListItem\",\"position\":1,\"name\":\"Home\",\"item\":\"https:\\\/\\\/mznoticia.com.br\\\/piraidosul\\\/\"},{\"@type\":\"ListItem\",\"position\":2,\"name\":\"Pol\u00edcia Civil prende dois suspeitos de quatro furtos a resid\u00eancias em Pira\u00ed do Sul\"}]},{\"@type\":\"WebSite\",\"@id\":\"https:\\\/\\\/mznoticia.com.br\\\/piraidosul\\\/#website\",\"url\":\"https:\\\/\\\/mznoticia.com.br\\\/piraidosul\\\/\",\"name\":\"Mz Not\u00edcia\",\"description\":\"A informa\u00e7\u00e3o que voc\u00ea precisa na hora certa!\",\"publisher\":{\"@id\":\"https:\\\/\\\/mznoticia.com.br\\\/piraidosul\\\/#organization\"},\"potentialAction\":[{\"@type\":\"SearchAction\",\"target\":{\"@type\":\"EntryPoint\",\"urlTemplate\":\"https:\\\/\\\/mznoticia.com.br\\\/piraidosul\\\/?s={search_term_string}\"},\"query-input\":{\"@type\":\"PropertyValueSpecification\",\"valueRequired\":true,\"valueName\":\"search_term_string\"}}],\"inLanguage\":\"pt-BR\"},{\"@type\":\"Organization\",\"@id\":\"https:\\\/\\\/mznoticia.com.br\\\/piraidosul\\\/#organization\",\"name\":\"Mz Not\u00edcia\",\"url\":\"https:\\\/\\\/mznoticia.com.br\\\/piraidosul\\\/\",\"logo\":{\"@type\":\"ImageObject\",\"inLanguage\":\"pt-BR\",\"@id\":\"https:\\\/\\\/mznoticia.com.br\\\/piraidosul\\\/#\\\/schema\\\/logo\\\/image\\\/\",\"url\":\"https:\\\/\\\/mznoticia.com.br\\\/jaguariaiva\\\/wp-content\\\/uploads\\\/2025\\\/03\\\/Design-sem-nome-4-e1741200616392.png\",\"contentUrl\":\"https:\\\/\\\/mznoticia.com.br\\\/jaguariaiva\\\/wp-content\\\/uploads\\\/2025\\\/03\\\/Design-sem-nome-4-e1741200616392.png\",\"width\":750,\"height\":563,\"caption\":\"Mz Not\u00edcia\"},\"image\":{\"@id\":\"https:\\\/\\\/mznoticia.com.br\\\/piraidosul\\\/#\\\/schema\\\/logo\\\/image\\\/\"},\"sameAs\":[\"https:\\\/\\\/www.facebook.com\\\/profile.php?id=61573479951222\",\"https:\\\/\\\/www.instagram.com\\\/mz.jaguariaiva\\\/\"]},{\"@type\":\"Person\",\"@id\":\"https:\\\/\\\/mznoticia.com.br\\\/piraidosul\\\/#\\\/schema\\\/person\\\/84012d827247b3f42f37b550da79cd03\",\"name\":\"Redacao mz\",\"image\":{\"@type\":\"ImageObject\",\"inLanguage\":\"pt-BR\",\"@id\":\"https:\\\/\\\/secure.gravatar.com\\\/avatar\\\/3835c58a73b55edb97de944593845d3f29acb93b7a088f3bf63afde947ab86ba?s=96&d=simple_local_avatar&r=g\",\"url\":\"https:\\\/\\\/secure.gravatar.com\\\/avatar\\\/3835c58a73b55edb97de944593845d3f29acb93b7a088f3bf63afde947ab86ba?s=96&d=simple_local_avatar&r=g\",\"contentUrl\":\"https:\\\/\\\/secure.gravatar.com\\\/avatar\\\/3835c58a73b55edb97de944593845d3f29acb93b7a088f3bf63afde947ab86ba?s=96&d=simple_local_avatar&r=g\",\"caption\":\"Redacao mz\"},\"sameAs\":[\"http:\\\/\\\/mznoticia.com.br\"],\"url\":\"https:\\\/\\\/mznoticia.com.br\\\/piraidosul\\\/author\\\/lucimara\\\/\"}]}<\/script>\n<!-- \/ Yoast SEO plugin. -->","yoast_head_json":{"title":"Pol\u00edcia Civil prende dois suspeitos de quatro furtos a resid\u00eancias em Pira\u00ed do Sul - Mz Not\u00edcias","description":"Pol\u00edcia Civil prende dois suspeitos investigados por quatro furtos a resid\u00eancias registrados durante o fim de semana em Pira\u00ed do Sul.","robots":{"index":"index","follow":"follow","max-snippet":"max-snippet:-1","max-image-preview":"max-image-preview:large","max-video-preview":"max-video-preview:-1"},"canonical":"https:\/\/mznoticia.com.br\/piraidosul\/policia-civil-prende-dois-suspeitos-de-quatro-furtos-a-residencias-em-pirai-do-sul\/","og_locale":"pt_BR","og_type":"article","og_title":"Pol\u00edcia Civil prende dois suspeitos de quatro furtos a resid\u00eancias em Pira\u00ed do Sul - Mz Not\u00edcias","og_description":"Pol\u00edcia Civil prende dois suspeitos investigados por quatro furtos a resid\u00eancias registrados durante o fim de semana em Pira\u00ed do Sul.","og_url":"https:\/\/mznoticia.com.br\/piraidosul\/policia-civil-prende-dois-suspeitos-de-quatro-furtos-a-residencias-em-pirai-do-sul\/","og_site_name":"Mz Not\u00edcias","article_publisher":"https:\/\/www.facebook.com\/profile.php?id=61573479951222","article_published_time":"2026-08-11T13:21:43+00:00","og_image":[{"width":1000,"height":667,"url":"https:\/\/mznoticia.com.br\/piraidosul\/wp-content\/uploads\/2026\/08\/pm-mil.webp","type":"image\/webp"}],"author":"Redacao mz","twitter_card":"summary_large_image","twitter_misc":{"Escrito por":"Redacao mz","Est. tempo de leitura":"2 minutos"},"schema":{"@context":"https:\/\/schema.org","@graph":[{"@type":"Article","@id":"https:\/\/mznoticia.com.br\/piraidosul\/policia-civil-prende-dois-suspeitos-de-quatro-furtos-a-residencias-em-pirai-do-sul\/#article","isPartOf":{"@id":"https:\/\/mznoticia.com.br\/piraidosul\/policia-civil-prende-dois-suspeitos-de-quatro-furtos-a-residencias-em-pirai-do-sul\/"},"author":{"name":"Redacao mz","@id":"https:\/\/mznoticia.com.br\/piraidosul\/#\/schema\/person\/84012d827247b3f42f37b550da79cd03"},"headline":"Pol\u00edcia Civil prende dois suspeitos de quatro furtos a resid\u00eancias em Pira\u00ed do Sul","datePublished":"2026-08-11T13:21:43+00:00","mainEntityOfPage":{"@id":"https:\/\/mznoticia.com.br\/piraidosul\/policia-civil-prende-dois-suspeitos-de-quatro-furtos-a-residencias-em-pirai-do-sul\/"},"wordCount":280,"commentCount":0,"publisher":{"@id":"https:\/\/mznoticia.com.br\/piraidosul\/#organization"},"image":{"@id":"https:\/\/mznoticia.com.br\/piraidosul\/policia-civil-prende-dois-suspeitos-de-quatro-furtos-a-residencias-em-pirai-do-sul\/#primaryimage"},"thumbnailUrl":"https:\/\/mznoticia.com.br\/piraidosul\/wp-content\/uploads\/2026\/08\/pm-mil.webp","keywords":["campos gerais","destaque","furto","Furto Qualificado","Investiga\u00e7\u00e3o","Pira\u00ed do Sul","POLICIA","policia civil","Seguran\u00e7a"],"articleSection":["Policial"],"inLanguage":"pt-BR","potentialAction":[{"@type":"CommentAction","name":"Comment","target":["https:\/\/mznoticia.com.br\/piraidosul\/policia-civil-prende-dois-suspeitos-de-quatro-furtos-a-residencias-em-pirai-do-sul\/#respond"]}]},{"@type":"WebPage","@id":"https:\/\/mznoticia.com.br\/piraidosul\/policia-civil-prende-dois-suspeitos-de-quatro-furtos-a-residencias-em-pirai-do-sul\/","url":"https:\/\/mznoticia.com.br\/piraidosul\/policia-civil-prende-dois-suspeitos-de-quatro-furtos-a-residencias-em-pirai-do-sul\/","name":"Pol\u00edcia Civil prende dois suspeitos de quatro furtos a resid\u00eancias em Pira\u00ed do Sul - Mz Not\u00edcias","isPartOf":{"@id":"https:\/\/mznoticia.com.br\/piraidosul\/#website"},"primaryImageOfPage":{"@id":"https:\/\/mznoticia.com.br\/piraidosul\/policia-civil-prende-dois-suspeitos-de-quatro-furtos-a-residencias-em-pirai-do-sul\/#primaryimage"},"image":{"@id":"https:\/\/mznoticia.com.br\/piraidosul\/policia-civil-prende-dois-suspeitos-de-quatro-furtos-a-residencias-em-pirai-do-sul\/#primaryimage"},"thumbnailUrl":"https:\/\/mznoticia.com.br\/piraidosul\/wp-content\/uploads\/2026\/08\/pm-mil.webp","datePublished":"2026-08-11T13:21:43+00:00","description":"Pol\u00edcia Civil prende dois suspeitos investigados por quatro furtos a resid\u00eancias registrados durante o fim de semana em Pira\u00ed do Sul.","breadcrumb":{"@id":"https:\/\/mznoticia.com.br\/piraidosul\/policia-civil-prende-dois-suspeitos-de-quatro-furtos-a-residencias-em-pirai-do-sul\/#breadcrumb"},"inLanguage":"pt-BR","potentialAction":[{"@type":"ReadAction","target":["https:\/\/mznoticia.com.br\/piraidosul\/policia-civil-prende-dois-suspeitos-de-quatro-furtos-a-residencias-em-pirai-do-sul\/"]}]},{"@type":"ImageObject","inLanguage":"pt-BR","@id":"https:\/\/mznoticia.com.br\/piraidosul\/policia-civil-prende-dois-suspeitos-de-quatro-furtos-a-residencias-em-pirai-do-sul\/#primaryimage","url":"https:\/\/mznoticia.com.br\/piraidosul\/wp-content\/uploads\/2026\/08\/pm-mil.webp","contentUrl":"https:\/\/mznoticia.com.br\/piraidosul\/wp-content\/uploads\/2026\/08\/pm-mil.webp","width":1000,"height":667},{"@type":"BreadcrumbList","@id":"https:\/\/mznoticia.com.br\/piraidosul\/policia-civil-prende-dois-suspeitos-de-quatro-furtos-a-residencias-em-pirai-do-sul\/#breadcrumb","itemListElement":[{"@type":"ListItem","position":1,"name":"Home","item":"https:\/\/mznoticia.com.br\/piraidosul\/"},{"@type":"ListItem","position":2,"name":"Pol\u00edcia Civil prende dois suspeitos de quatro furtos a resid\u00eancias em Pira\u00ed do Sul"}]},{"@type":"WebSite","@id":"https:\/\/mznoticia.com.br\/piraidosul\/#website","url":"https:\/\/mznoticia.com.br\/piraidosul\/","name":"Mz Not\u00edcia","description":"A informa\u00e7\u00e3o que voc\u00ea precisa na hora certa!","publisher":{"@id":"https:\/\/mznoticia.com.br\/piraidosul\/#organization"},"potentialAction":[{"@type":"SearchAction","target":{"@type":"EntryPoint","urlTemplate":"https:\/\/mznoticia.com.br\/piraidosul\/?s={search_term_string}"},"query-input":{"@type":"PropertyValueSpecification","valueRequired":true,"valueName":"search_term_string"}}],"inLanguage":"pt-BR"},{"@type":"Organization","@id":"https:\/\/mznoticia.com.br\/piraidosul\/#organization","name":"Mz Not\u00edcia","url":"https:\/\/mznoticia.com.br\/piraidosul\/","logo":{"@type":"ImageObject","inLanguage":"pt-BR","@id":"https:\/\/mznoticia.com.br\/piraidosul\/#\/schema\/logo\/image\/","url":"https:\/\/mznoticia.com.br\/jaguariaiva\/wp-content\/uploads\/2025\/03\/Design-sem-nome-4-e1741200616392.png","contentUrl":"https:\/\/mznoticia.com.br\/jaguariaiva\/wp-content\/uploads\/2025\/03\/Design-sem-nome-4-e1741200616392.png","width":750,"height":563,"caption":"Mz Not\u00edcia"},"image":{"@id":"https:\/\/mznoticia.com.br\/piraidosul\/#\/schema\/logo\/image\/"},"sameAs":["https:\/\/www.facebook.com\/profile.php?id=61573479951222","https:\/\/www.instagram.com\/mz.jaguariaiva\/"]},{"@type":"Person","@id":"https:\/\/mznoticia.com.br\/piraidosul\/#\/schema\/person\/84012d827247b3f42f37b550da79cd03","name":"Redacao mz","image":{"@type":"ImageObject","inLanguage":"pt-BR","@id":"https:\/\/secure.gravatar.com\/avatar\/3835c58a73b55edb97de944593845d3f29acb93b7a088f3bf63afde947ab86ba?s=96&d=simple_local_avatar&r=g","url":"https:\/\/secure.gravatar.com\/avatar\/3835c58a73b55edb97de944593845d3f29acb93b7a088f3bf63afde947ab86ba?s=96&d=simple_local_avatar&r=g","contentUrl":"https:\/\/secure.gravatar.com\/avatar\/3835c58a73b55edb97de944593845d3f29acb93b7a088f3bf63afde947ab86ba?s=96&d=simple_local_avatar&r=g","caption":"Redacao mz"},"sameAs":["http:\/\/mznoticia.com.br"],"url":"https:\/\/mznoticia.com.br\/piraidosul\/author\/lucimara\/"}]}},"_links":{"self":[{"href":"https:\/\/mznoticia.com.br\/piraidosul\/wp-json\/wp\/v2\/posts\/6579","targetHints":{"allow":["GET"]}}],"collection":[{"href":"https:\/\/mznoticia.com.br\/piraidosul\/wp-json\/wp\/v2\/posts"}],"about":[{"href":"https:\/\/mznoticia.com.br\/piraidosul\/wp-json\/wp\/v2\/types\/post"}],"author":[{"embeddable":true,"href":"https:\/\/mznoticia.com.br\/piraidosul\/wp-json\/wp\/v2\/users\/16"}],"replies":[{"embeddable":true,"href":"https:\/\/mznoticia.com.br\/piraidosul\/wp-json\/wp\/v2\/comments?post=6579"}],"version-history":[{"count":1,"href":"https:\/\/mznoticia.com.br\/piraidosul\/wp-json\/wp\/v2\/posts\/6579\/revisions"}],"predecessor-version":[{"id":6581,"href":"https:\/\/mznoticia.com.br\/piraidosul\/wp-json\/wp\/v2\/posts\/6579\/revisions\/6581"}],"wp:featuredmedia":[{"embeddable":true,"href":"https:\/\/mznoticia.com.br\/piraidosul\/wp-json\/wp\/v2\/media\/6580"}],"wp:attachment":[{"href":"https:\/\/mznoticia.com.br\/piraidosul\/wp-json\/wp\/v2\/media?parent=6579"}],"wp:term":[{"taxonomy":"category","embeddable":true,"href":"https:\/\/mznoticia.com.br\/piraidosul\/wp-json\/wp\/v2\/categories?post=6579"},{"taxonomy":"post_tag","embeddable":true,"href":"https:\/\/mznoticia.com.br\/piraidosul\/wp-json\/wp\/v2\/tags?post=6579"}],"curies":[{"name":"wp","href":"https:\/\/api.w.org\/{rel}","templated":true}]}}